{"id":85117,"date":"2025-07-24T20:01:04","date_gmt":"2025-07-24T18:01:04","guid":{"rendered":"https:\/\/centcols.org\/?p=85117"},"modified":"2025-08-26T14:31:52","modified_gmt":"2025-08-26T12:31:52","slug":"blue-line-challenge","status":"publish","type":"post","link":"https:\/\/centcols.org\/en\/challenge-de-la-ligne-bleue\/","title":{"rendered":"Blue Line Challenge"},"content":{"rendered":"<blockquote class=\"wp-block-quote is-layout-flow wp-block-quote-is-layout-flow\">\n<p>Bernard Pommel (CC N\u00b03094) is proposing this challenge.<\/p>\n<\/blockquote>\n\n\n\n<p>This Challenge consists of crossing all 41 passes (surfaced and unsurfaced) on the Franco-German border as it was drawn between 1871 and 1918, following the tragic war of 1870.<\/p>\n\n\n\n<h2 class=\"wp-block-heading\">History of the Franco-German border (1871-1918)<\/h2>\n\n\n\n<p>The Franco-German War of 1870-1871 had its origins in national and dynastic rivalries between the France of Napoleon III and Prussia led by Otto von Bismarck. Bismarck sought to unify the German states under Prussian leadership, thereby consolidating German power in Europe. The opportunity came with the candidacy of a Prussian prince to the Spanish throne, perceived by France as a threat to its influence. The Ems dispatch, skilfully modified by Bismarck to appear offensive, exacerbated tensions and prompted Napoleon III to declare war in July 1870.<br>Ill-prepared and poorly commanded, the French army suffered heavy defeats, notably at Sedan in September 1870, where Napoleon III was captured. The Prussians laid siege to Paris, which capitulated in January 1871 after months of hardship. The conflict ended with the proclamation of the German Empire in the Hall of Mirrors at Versailles, a symbolic act that humiliated France. The Treaty of Frankfurt signed on 10 May 1871 imposed heavy financial reparations on France and the loss of Alsace-Lorraine, exacerbating lasting hostility between the two nations. This war marked a geopolitical turning point in Europe, laying the foundations for the tensions that would lead to the First World War (notion of \"revanchism\", \"Always think about it, never talk about it\").<br>On the French side, Aim\u00e9 Laussedat, a polytechnic engineer, was largely responsible for the precise design of this new boundary. This process, which was sometimes conflictual, required negotiations to adapt the line to geographical realities and local interests.<br>The new border imposed by the Treaty of Frankfurt, some 500 km long, sharply demarcated France from Germany. Stretching from the Vosges mountains in the north to the Rhine, it crossed a variety of landscapes: plains, forests and mountains. This line, marked by 4056 numbered milestones (some of which still exist) and geographical markers (posts), isolated the annexed territories, including Strasbourg, Metz and Mulhouse, from the German Empire. The border sometimes followed natural features, such as watercourses, to make it easier to identify. From the Donon to the Alsace balloon, it followed the ridge line of the Vosges (the \"blue line of the Vosges\", Jules Ferry; the expression \"blue line of the Vosges\" later took on the meaning of \"the Franco-German border\").<br>However, it also cut off villages and communities, breaking existing cultural and economic links. This demarcation, perceived as an open wound by France, symbolised a loss not only of territory but also of identity.<br>This border disappeared \"de facto in 1918 with the entry of French troops, and de jure with the Treaty of Versailles in 1919. But in reality, the border as such disappeared as early as 1914, in the fighting of the First World War\". (Benoit Vaillot)<\/p>\n\n\n\n<h2 class=\"wp-block-heading\">Bibliography<\/h2>\n\n\n\n<ul class=\"wp-block-list\">\n<li>Benoit Vaillot, \"L'invention d'une fronti\u00e8re. Entre France et Allemagne, 1871-1914\", Paris, \u00c9ditions du CNRS, 2023.<br>Benoit Vaillot has developed a website dedicated to the Franco-German border 1871-1918, an inexhaustible mine of information: <a href=\"https:\/\/www.border1871.eu\/\" target=\"_blank\" rel=\"noreferrer noopener\">https:\/\/www.border1871.eu\/<\/a><\/li>\n\n\n\n<li>Laurence Turetti, \"Quand la France pleurait l'Alsace-Lorraine. Les 'provinces perdues' aux sources du patriotisme r\u00e9publicain 1870-1914\", Strasbourg, La Nu\u00e9e bleue, 2008.<\/li>\n\n\n\n<li>K\u00e9vin G\u0152URIOT, \"Le Semeur de larmes. Roman historique autour de la fronti\u00e8re de 1871\", Metz, Paraiges, 2019. (Novelised version of Aim\u00e9 Laussedat's memoirs)<\/li>\n<\/ul>\n\n\n\n<h2 class=\"wp-block-heading\">Route of the Franco-German border from 1871 to 1918, with the 41 passes located on this border<\/h2>\n\n\n\n<p><a href=\"https:\/\/www.google.com\/maps\/d\/u\/0\/edit?mid=1E8IaL-jMO9SRh2Ya71K40vlUcCKG1xU&amp;usp=sharing\" target=\"_blank\" rel=\"noreferrer noopener\">See Google map<\/a><br><br>Comment on the border line in this Google map: this is a rough line to fix things, except on the Haut-Rhin - Territoire de Belfort border, where we benefit from the extraordinary work carried out by Roland Guillaume to identify the border markers that still exist, enabling us to trace the border very precisely. <a href=\"https:\/\/www.google.com\/maps\/d\/u\/0\/viewer?mid=1WVoH-LwO6EIR4DGJTNY-M0mH6Po&amp;hl=fr&amp;ll=47.780971084174%2C6.869042219266199&amp;z=16\" target=\"_blank\" rel=\"noreferrer noopener\">See this link<\/a>&nbsp;<\/p>\n\n\n\n<h2 class=\"wp-block-heading\">Rules and operation<\/h2>\n\n\n\n<p>To register for this Challenge, you need to fill in the registration form, accepting the rules of the Club des Cent Cols.<\/p>\n\n\n\n<p><a href=\"https:\/\/centcols.org\/wp-content\/uploads\/2025\/08\/Ligne_Bleue_-Bulletin_inscription.doc\" target=\"_blank\" rel=\"noreferrer noopener\">Registration form<\/a><\/p>\n\n\n\n<ul class=\"wp-block-list\">\n<li>The passes must be climbed in accordance with the rules of the Cent Cols Club.<\/li>\n\n\n\n<li>Passes climbed before registering for the Challenge can be counted. <\/li>\n\n\n\n<li>The passes included in the Challenge are those listed in the catalogue on the date the Challenge was created. If passes are subsequently added in the zone concerned by the various additions, they will not be taken into account for the Challenge.<br><\/li>\n\n\n\n<li>The \"Ligne Bleue\" gold challenge is awarded after completing all 41 passes on the list drawn up in December 2024.<\/li>\n\n\n\n<li>The Silver Challenge is awarded after completing 75% of the list of passes (i.e. 31 passes).<\/li>\n\n\n\n<li>The bronze challenge is awarded after completing 50% of the list of passes (i.e. 21 passes).<\/li>\n<\/ul>\n\n\n\n<p>There's no deadline, so if you love the mountains and history, treat yourself.<\/p>\n\n\n\n<ul class=\"wp-block-list\">\n<li>A gold, silver or bronze certificate is awarded when the required number of passes has been climbed. Participants have the option of printing out the details of the Challenge themselves, or having them sent to them by the person in charge of the challenge for the sum of six euros to be paid to the Club des Cent Cols (6\u20ac This sum includes the cost of the special paper, printing and postage). The Gold Challenge, and only this one, can be delivered in person at Club des Cent Cols events. Please make a request.<\/li>\n\n\n\n<li>A Roll of Honour of the holders of each Challenge and of the registered participants (with their degree of progression) will be drawn up. This Roll of Honour will be published on the Mailing List, the Forum, possibly on the website and in the Club Magazine.<\/li>\n\n\n\n<li>A number will be assigned in the order of registration.<\/li>\n\n\n\n<li>The annual declaration is made by sending the <a href=\"https:\/\/centcols.org\/wp-content\/uploads\/2025\/08\/Ligne_Bleue_Bulletin_reponse.xls\" target=\"_blank\" rel=\"noreferrer noopener\">excel file<\/a> to the person responsible for the Challenge : <a href=\"\/en\/&\/#x6d;&#x61;&#x69;&#x6c;&#x74;&#x6f;&#x3a;&#x62;&#x2e;&#x62;&#x2e;&#98;&#105;&#107;&#101;&#114;&#64;&#119;anadoo&#x2e;&#x66;&#x72;\"><a href=\"\/en\/mail&\/#116;&#111;&#58;&#98;&#46;&#98;&#46;&#x62;&#x69;&#x6b;&#x65;&#x72;&#x40;&#x77;&#x61;&#x6e;adoo&#46;&#102;&#114;\">Bernard Pommel<\/a><\/a>The person in charge analyses the results and draws up the Roll of Honour.<\/li>\n\n\n\n<li>Participants are asked not to hesitate to send their photos of passes or border crossings to : <a href=\"\/en\/&\/#109;&#x61;&#105;&#x6c;&#116;&#x6f;&#58;&#x62;&#46;&#x62;&#46;&#x62;&#105;&#x6b;&#101;&#x72;&#64;&#x77;&#97;&#x6e;&#97;&#x64;&#111;&#x6f;&#46;&#x66;r\">Bernard<\/a> to publish their photos in the \"thread\" dedicated to the Challenge in the Forum, or to publish their photos themselves in this thread.<\/li>\n<\/ul>\n\n\n\n<h2 class=\"wp-block-heading\">List of passes<\/h2>\n\n\n\n<p>There are 41 passes as defined by the Club des Cent Cols on the 1871 Franco-German border between Switzerland and Luxembourg. However, 40 of these passes are located on the \"blue line of the Vosges*\", the name chosen for this Challenge.<\/p>\n\n\n\n<p class=\"has-small-font-size\"><br>*From north to south from FR-54-0250 Col du Rudemont to FR-68-0758 Col du Montori<\/p>\n\n\n\n<p>17 passes are surfaced, 24 are not. For the latter, there are 11 gradings 1 (generally cycleable with a road bike), 8 gradings 2 (not cycleable with a road bike, but where the bike is easy to push), and 5 gradings 3 (narrow, rocky or very steep path, difficult to push).<br><em>Contrary to what was announced in Revue n\u00b053, the Charaille and Calvaire passes were not on the border but close by; the author, Bernard Biki Pommel, apologises for these errors. The Challenge now includes only 41 passes<\/em><\/p>\n\n\n\n<figure class=\"wp-block-table aligncenter is-style-regular\"><table class=\"has-fixed-layout\"><tbody><tr><td class=\"has-text-align-left\" data-align=\"left\"><strong>Code<\/strong><\/td><td><strong>Name of pass<\/strong><\/td><td><strong>Access<\/strong><\/td><\/tr><tr><td class=\"has-text-align-left\" data-align=\"left\">FR-54-0250<\/td><td>Rudemont pass <\/td><td> CV, GR5<\/td><\/tr><tr><td class=\"has-text-align-left\" data-align=\"left\">FR-54-0622<\/td><td>Col de Martimont<\/td><td>R1-2<\/td><\/tr><tr><td class=\"has-text-align-left\" data-align=\"left\">FR-67-0556<\/td><td>Saales pass<\/td><td>D420\/D1420<\/td><\/tr><tr><td class=\"has-text-align-left\" data-align=\"left\">FR-67-0589a<\/td><td>Col de Voyemont<\/td><td>R1<\/td><\/tr><tr><td class=\"has-text-align-left\" data-align=\"left\">FR-67-0602<\/td><td>Urbeis pass<\/td><td>D39\/D23, GR531<\/td><\/tr><tr><td class=\"has-text-align-left\" data-align=\"left\">FR-67-0636<\/td><td>Col du Hantz<\/td><td>D424, GR532<\/td><\/tr><tr><td class=\"has-text-align-left\" data-align=\"left\">FR-67-0718<\/td><td>Pourrio pass<\/td><td>R1<\/td><\/tr><tr><td class=\"has-text-align-left\" data-align=\"left\">FR-67-0724<\/td><td>Col de la Croix Brignon<\/td><td>R1<\/td><\/tr><tr><td class=\"has-text-align-left\" data-align=\"left\">FR-67-0783<\/td><td>Col des Broques<\/td><td>R1(S)<\/td><\/tr><tr><td class=\"has-text-align-left\" data-align=\"left\">FR-67-0785<\/td><td>Col de Pray\u00e9<\/td><td>RF<\/td><\/tr><tr><td class=\"has-text-align-left\" data-align=\"left\">FR-68-0727<\/td><td>Col de Bussang<\/td><td>N66, GR531<\/td><\/tr><tr><td class=\"has-text-align-left\" data-align=\"left\">FR-68-0748a<\/td><td>Col de la Hingrie<\/td><td>R1, GR531<\/td><\/tr><tr><td class=\"has-text-align-left\" data-align=\"left\">FR-68-0758<\/td><td>Col du Montori<\/td><td>R1-2, GR532<\/td><\/tr><tr><td class=\"has-text-align-left\" data-align=\"left\">FR-68-0772<\/td><td>Col de Sainte Marie<\/td><td>D459, GR531<\/td><\/tr><tr><td class=\"has-text-align-left\" data-align=\"left\">FR-68-0806b<\/td><td>Col de Ralaine<\/td><td>R1, GR531<\/td><\/tr><tr><td class=\"has-text-align-left\" data-align=\"left\">FR-68-0884<\/td><td>Col d'Oderen<\/td><td>D43\/D13b1, GR531<\/td><\/tr><tr><td class=\"has-text-align-left\" data-align=\"left\">FR-68-0915<\/td><td>Col des Allemands<\/td><td>R1 S2<\/td><\/tr><tr><td class=\"has-text-align-left\" data-align=\"left\">FR-68-0930<\/td><td>Hirtzelach Pass<\/td><td>RF(N)<\/td><\/tr><tr><td class=\"has-text-align-left\" data-align=\"left\">FR-68-0945<\/td><td>No Name Pass<\/td><td>R1<\/td><\/tr><tr><td class=\"has-text-align-left\" data-align=\"left\">FR-68-0949<\/td><td>Col du Bonhomme<\/td><td>D415\/D148, GR531, GRP de la D\u00e9odatie<\/td><\/tr><tr><td class=\"has-text-align-left\" data-align=\"left\">FR-68-0956<\/td><td>Col de Bramont<\/td><td>D13b, GR531<\/td><\/tr><tr><td class=\"has-text-align-left\" data-align=\"left\">FR-68-0977<\/td><td>Louschbach Pass<\/td><td>D148, GR531<\/td><\/tr><tr><td class=\"has-text-align-left\" data-align=\"left\">FR-68-0978<\/td><td>Lochberg Pass<\/td><td>R1<\/td><\/tr><tr><td class=\"has-text-align-left\" data-align=\"left\">FR-68-1007<\/td><td>Col du Pr\u00e9 de Rave<\/td><td>D148, GR531<\/td><\/tr><tr><td class=\"has-text-align-left\" data-align=\"left\">FR-68-1015<\/td><td>Bockloch Pass<\/td><td>CV<\/td><\/tr><tr><td class=\"has-text-align-left\" data-align=\"left\">FR-68-1018<\/td><td>Col de l'Etang<\/td><td>R1-2, GR531<\/td><\/tr><tr><td class=\"has-text-align-left\" data-align=\"left\">FR-68-1035<\/td><td>Col de Morteville<\/td><td>S1-3, GR5<\/td><\/tr><tr><td class=\"has-text-align-left\" data-align=\"left\">FR-68-1048<\/td><td>Winterge Pass<\/td><td>S2, GR531<\/td><\/tr><tr><td class=\"has-text-align-left\" data-align=\"left\">FR-68-1085<\/td><td>Col du Moinechamp<\/td><td>S3<\/td><\/tr><tr><td class=\"has-text-align-left\" data-align=\"left\">FR-68-1086<\/td><td>Col du Rouge Gazon<\/td><td>D90, GR531<\/td><\/tr><tr><td class=\"has-text-align-left\" data-align=\"left\">FR-68-1087<\/td><td>Col de la Petite Chaume<\/td><td>S1-3, GR5<\/td><\/tr><tr><td class=\"has-text-align-left\" data-align=\"left\">FR-68-1091<\/td><td>Col de Ronde head<\/td><td>S4(O), S2-3(E), GR5<\/td><\/tr><tr><td class=\"has-text-align-left\" data-align=\"left\">FR-68-1095<\/td><td>Pourri-Faing pass<\/td><td>S1-2, GR531<\/td><\/tr><tr><td class=\"has-text-align-left\" data-align=\"left\">FR-68-1095a<\/td><td>Der Sattel<\/td><td>S1-2(O), S3(N)(S), GR531<\/td><\/tr><tr><td class=\"has-text-align-left\" data-align=\"left\">FR-68-1105<\/td><td>Col des Charbonniers<\/td><td>R1, GR5<\/td><\/tr><tr><td class=\"has-text-align-left\" data-align=\"left\">FR-68-1139<\/td><td>Col de la Schlucht<\/td><td>D417, GR5-531<\/td><\/tr><tr><td class=\"has-text-align-left\" data-align=\"left\">FR-68-1192b<\/td><td>Collet du Rainkopf<\/td><td>R1, GR531, GR5 var<\/td><\/tr><tr><td class=\"has-text-align-left\" data-align=\"left\">FR-68-1225<\/td><td>Collet du Lac Vert<\/td><td>D61\/GR5<\/td><\/tr><tr><td class=\"has-text-align-left\" data-align=\"left\">FR-68-1260<\/td><td>Seesattel<\/td><td>S2-3, GR5<\/td><\/tr><tr><td class=\"has-text-align-left\" data-align=\"left\">FR-68-1280<\/td><td>Collet du Hohneck<\/td><td>S1-2, GR5 var<\/td><\/tr><tr><td class=\"has-text-align-left\" data-align=\"left\">FR-68-1298<\/td><td>Falimont pass<\/td><td>R1, GR5<\/td><\/tr><\/tbody><\/table><\/figure>\n\n\n<div class=\"wp-block-image\">\n<figure class=\"aligncenter size-full is-resized\"><img loading=\"lazy\" decoding=\"async\" width=\"1151\" height=\"840\" src=\"https:\/\/centcols.org\/wp-content\/uploads\/2025\/07\/La-tache-noire-ou-la-lecon-de-geographie-_-.jpg\" alt=\"\u00a0The Black Spot or Geography Lesson is a painting by Albert Bettannier, produced in 1887.\" class=\"wp-image-85133\" style=\"width:800px\" srcset=\"https:\/\/centcols.org\/wp-content\/uploads\/2025\/07\/La-tache-noire-ou-la-lecon-de-geographie-_-.jpg 1151w, https:\/\/centcols.org\/wp-content\/uploads\/2025\/07\/La-tache-noire-ou-la-lecon-de-geographie-_--768x560.jpg 768w\" sizes=\"auto, (max-width: 1151px) 100vw, 1151px\" \/><figcaption class=\"wp-element-caption\">&nbsp;La Tache noire or The Geography Lesson is a painting by Albert Bettannier produced in 1887 see : <br><a href=\"https:\/\/fr.wikipedia.org\/wiki\/La_Tache_noire\">https:\/\/fr.wikipedia.org\/wiki\/La_Tache_noire<\/a><\/figcaption><\/figure>\n<\/div>\n\n<div class=\"wp-block-image\">\n<figure class=\"aligncenter size-full is-resized\"><img loading=\"lazy\" decoding=\"async\" width=\"760\" height=\"846\" src=\"https:\/\/centcols.org\/wp-content\/uploads\/2025\/07\/carte-moderne.jpg\" alt=\"\" class=\"wp-image-85137\" style=\"width:auto;height:600px\"\/><figcaption class=\"wp-element-caption\">Modern map with current departments<\/figcaption><\/figure>\n<\/div>\n\n\n<figure class=\"wp-block-gallery has-nested-images columns-default is-cropped wp-block-gallery-1 is-layout-flex wp-block-gallery-is-layout-flex\">\n<figure class=\"wp-block-image size-large\"><a href=\"https:\/\/centcols.org\/wp-content\/uploads\/2025\/07\/Bonhomme-velos-_.jpg\"><img loading=\"lazy\" decoding=\"async\" width=\"1600\" height=\"1023\" data-id=\"85132\" src=\"https:\/\/centcols.org\/wp-content\/uploads\/2025\/07\/Bonhomme-velos-_.jpg\" alt=\"\" class=\"wp-image-85132\" srcset=\"https:\/\/centcols.org\/wp-content\/uploads\/2025\/07\/Bonhomme-velos-_.jpg 1600w, https:\/\/centcols.org\/wp-content\/uploads\/2025\/07\/Bonhomme-velos-_-1200x767.jpg 1200w, https:\/\/centcols.org\/wp-content\/uploads\/2025\/07\/Bonhomme-velos-_-768x491.jpg 768w, https:\/\/centcols.org\/wp-content\/uploads\/2025\/07\/Bonhomme-velos-_-1536x982.jpg 1536w\" sizes=\"auto, (max-width: 1600px) 100vw, 1600px\" \/><\/a><figcaption class=\"wp-element-caption\">Bonhomme pass<\/figcaption><\/figure>\n\n\n\n<figure class=\"wp-block-image size-large\"><a href=\"https:\/\/centcols.org\/wp-content\/uploads\/2025\/07\/Bramont-_.jpg\"><img loading=\"lazy\" decoding=\"async\" width=\"1565\" height=\"967\" data-id=\"85136\" src=\"https:\/\/centcols.org\/wp-content\/uploads\/2025\/07\/Bramont-_.jpg\" alt=\"\" class=\"wp-image-85136\" srcset=\"https:\/\/centcols.org\/wp-content\/uploads\/2025\/07\/Bramont-_.jpg 1565w, https:\/\/centcols.org\/wp-content\/uploads\/2025\/07\/Bramont-_-1200x741.jpg 1200w, https:\/\/centcols.org\/wp-content\/uploads\/2025\/07\/Bramont-_-768x475.jpg 768w, https:\/\/centcols.org\/wp-content\/uploads\/2025\/07\/Bramont-_-1536x949.jpg 1536w\" sizes=\"auto, (max-width: 1565px) 100vw, 1565px\" \/><\/a><figcaption class=\"wp-element-caption\">Bramont pass<\/figcaption><\/figure>\n\n\n\n<figure class=\"wp-block-image size-large\"><a href=\"https:\/\/centcols.org\/wp-content\/uploads\/2025\/07\/Louschbach-CP-01_.jpg\"><img loading=\"lazy\" decoding=\"async\" width=\"830\" height=\"529\" data-id=\"85135\" src=\"https:\/\/centcols.org\/wp-content\/uploads\/2025\/07\/Louschbach-CP-01_.jpg\" alt=\"\" class=\"wp-image-85135\" srcset=\"https:\/\/centcols.org\/wp-content\/uploads\/2025\/07\/Louschbach-CP-01_.jpg 830w, https:\/\/centcols.org\/wp-content\/uploads\/2025\/07\/Louschbach-CP-01_-768x489.jpg 768w\" sizes=\"auto, (max-width: 830px) 100vw, 830px\" \/><\/a><figcaption class=\"wp-element-caption\">Louschbach pass<\/figcaption><\/figure>\n\n\n\n<figure class=\"wp-block-image size-large\"><a href=\"https:\/\/centcols.org\/wp-content\/uploads\/2025\/07\/Bonhomme-velos.jpg\"><img loading=\"lazy\" decoding=\"async\" width=\"1024\" height=\"636\" data-id=\"85134\" src=\"https:\/\/centcols.org\/wp-content\/uploads\/2025\/07\/Bonhomme-velos.jpg\" alt=\"\" class=\"wp-image-85134\" srcset=\"https:\/\/centcols.org\/wp-content\/uploads\/2025\/07\/Bonhomme-velos.jpg 1024w, https:\/\/centcols.org\/wp-content\/uploads\/2025\/07\/Bonhomme-velos-768x477.jpg 768w\" sizes=\"auto, (max-width: 1024px) 100vw, 1024px\" \/><\/a><figcaption class=\"wp-element-caption\">Bonhomme pass<\/figcaption><\/figure>\n\n\n\n<figure class=\"wp-block-image size-large\"><a href=\"https:\/\/centcols.org\/wp-content\/uploads\/2025\/07\/Saales-CP01_.jpg\"><img loading=\"lazy\" decoding=\"async\" width=\"826\" height=\"539\" data-id=\"85130\" src=\"https:\/\/centcols.org\/wp-content\/uploads\/2025\/07\/Saales-CP01_.jpg\" alt=\"\" class=\"wp-image-85130\" srcset=\"https:\/\/centcols.org\/wp-content\/uploads\/2025\/07\/Saales-CP01_.jpg 826w, https:\/\/centcols.org\/wp-content\/uploads\/2025\/07\/Saales-CP01_-768x501.jpg 768w\" sizes=\"auto, (max-width: 826px) 100vw, 826px\" \/><\/a><figcaption class=\"wp-element-caption\">Saales pass<\/figcaption><\/figure>\n\n\n\n<figure class=\"wp-block-image size-large\"><a href=\"https:\/\/centcols.org\/wp-content\/uploads\/2025\/07\/Sainte-Marie-aux-Mines-velos.jpg\"><img loading=\"lazy\" decoding=\"async\" width=\"1023\" height=\"649\" data-id=\"85129\" src=\"https:\/\/centcols.org\/wp-content\/uploads\/2025\/07\/Sainte-Marie-aux-Mines-velos.jpg\" alt=\"Col de Sainte-Marie\" class=\"wp-image-85129\" srcset=\"https:\/\/centcols.org\/wp-content\/uploads\/2025\/07\/Sainte-Marie-aux-Mines-velos.jpg 1023w, https:\/\/centcols.org\/wp-content\/uploads\/2025\/07\/Sainte-Marie-aux-Mines-velos-768x487.jpg 768w\" sizes=\"auto, (max-width: 1023px) 100vw, 1023px\" \/><\/a><figcaption class=\"wp-element-caption\">Col de Sainte-Marie<\/figcaption><\/figure>\n<figcaption class=\"blocks-gallery-caption wp-element-caption\"><br>Old postcards with or without bicycles<\/figcaption><\/figure>\n\n\n<div class=\"wp-block-image\">\n<figure class=\"aligncenter size-full is-resized\"><img loading=\"lazy\" decoding=\"async\" width=\"1317\" height=\"1054\" src=\"https:\/\/centcols.org\/wp-content\/uploads\/2025\/07\/La-Prochaine-Guerre-1891.jpeg\" alt=\"\" class=\"wp-image-85131\" style=\"width:800px\" srcset=\"https:\/\/centcols.org\/wp-content\/uploads\/2025\/07\/La-Prochaine-Guerre-1891.jpeg 1317w, https:\/\/centcols.org\/wp-content\/uploads\/2025\/07\/La-Prochaine-Guerre-1891-1200x960.jpeg 1200w, https:\/\/centcols.org\/wp-content\/uploads\/2025\/07\/La-Prochaine-Guerre-1891-768x615.jpeg 768w\" sizes=\"auto, (max-width: 1317px) 100vw, 1317px\" \/><figcaption class=\"wp-element-caption\">The Next War, 1891<\/figcaption><\/figure>\n<\/div>\n\n\n<h2 class=\"wp-block-heading\">Documentary links to find out more<\/h2>\n\n\n\n<p><a href=\"https:\/\/fr.wikipedia.org\/wiki\/Guerre_franco-allemande_de_1870\" target=\"_blank\" rel=\"noreferrer noopener\">War of 1870<\/a>&nbsp;<br><a href=\"https:\/\/fr.wikipedia.org\/wiki\/D%C3%A9p%C3%AAche_d%27Ems\" target=\"_blank\" rel=\"noreferrer noopener\">Ems dispatch<\/a><br><a href=\"https:\/\/fr.wikipedia.org\/wiki\/Bataille_de_Sedan\" target=\"_blank\" rel=\"noreferrer noopener\">Sedan in September 1870<\/a><br><a href=\"https:\/\/fr.wikipedia.org\/wiki\/Trait%C3%A9_de_Francfort\" target=\"_blank\" rel=\"noreferrer noopener\">Treaty of Frankfurt<\/a><br><a href=\"https:\/\/fr.wikipedia.org\/wiki\/Alsace-Lorraine\" target=\"_blank\" rel=\"noreferrer noopener\">Alsace - Lorraine<\/a><br><a href=\"https:\/\/fr.wikipedia.org\/wiki\/Revanchisme\" target=\"_blank\" rel=\"noreferrer noopener\">Revanchism<\/a><br><a href=\"https:\/\/www.histoire-en-citations.fr\/citations\/gambetta-pensons-y-toujours-n-en-parlons-jamais\" target=\"_blank\" rel=\"noreferrer noopener\">Always think about it, never talk about it<\/a><br><a href=\"https:\/\/fr.wikipedia.org\/wiki\/Aim%C3%A9_Laussedat\" target=\"_blank\" rel=\"noreferrer noopener\">Aim\u00e9 Laussedat<\/a><br><a href=\"https:\/\/fr.wikipedia.org\/wiki\/Ligne_bleue_des_Vosges\">Vosges Blue Line<\/a><\/p>","protected":false},"excerpt":{"rendered":"<p>Bernard Pommel (CC N\u00b03094) nous propose ce challenge. Ce Challenge consiste \u00e0 franchir l\u2019int\u00e9gralit\u00e9 des 41 cols (rev\u00eatus et non rev\u00eatus) situ\u00e9s sur la fronti\u00e8re franco-allemande telle que trac\u00e9e de 1871 \u00e0 1918, \u00e0 la suite de la funeste guerre de 1870. Histoire de la fronti\u00e8re franco-allemande (1871-1918) La guerre franco-allemande de 1870-1871 trouve ses [&hellip;]<\/p>\n","protected":false},"author":3,"featured_media":85134,"comment_status":"closed","ping_status":"open","sticky":false,"template":"","format":"standard","meta":{"_acf_changed":false,"footnotes":""},"categories":[219],"tags":[],"class_list":["post-85117","post","type-post","status-publish","format-standard","has-post-thumbnail","hentry","category-challenges"],"acf":[],"yoast_head":"<!-- This site is optimized with the Yoast SEO plugin v27.2 - https:\/\/yoast.com\/product\/yoast-seo-wordpress\/ -->\n<title>Challenge de la Ligne Bleue - Club des Cent Cols<\/title>\n<meta name=\"robots\" content=\"index, follow, max-snippet:-1, max-image-preview:large, max-video-preview:-1\" \/>\n<link rel=\"canonical\" href=\"https:\/\/centcols.org\/en\/blue-line-challenge\/\" \/>\n<meta property=\"og:locale\" content=\"en_GB\" \/>\n<meta property=\"og:type\" content=\"article\" \/>\n<meta property=\"og:title\" content=\"Challenge de la Ligne Bleue - Club des Cent Cols\" \/>\n<meta property=\"og:description\" content=\"Bernard Pommel (CC N\u00b03094) nous propose ce challenge. Ce Challenge consiste \u00e0 franchir l\u2019int\u00e9gralit\u00e9 des 41 cols (rev\u00eatus et non rev\u00eatus) situ\u00e9s sur la fronti\u00e8re franco-allemande telle que trac\u00e9e de 1871 \u00e0 1918, \u00e0 la suite de la funeste guerre de 1870. Histoire de la fronti\u00e8re franco-allemande (1871-1918) La guerre franco-allemande de 1870-1871 trouve ses [&hellip;]\" \/>\n<meta property=\"og:url\" content=\"https:\/\/centcols.org\/en\/blue-line-challenge\/\" \/>\n<meta property=\"og:site_name\" content=\"Club des Cent Cols\" \/>\n<meta property=\"article:publisher\" content=\"https:\/\/www.facebook.com\/groups\/5261880558\/?locale=fr_FR\" \/>\n<meta property=\"article:published_time\" content=\"2025-07-24T18:01:04+00:00\" \/>\n<meta property=\"article:modified_time\" content=\"2025-08-26T12:31:52+00:00\" \/>\n<meta property=\"og:image\" content=\"https:\/\/centcols.org\/wp-content\/uploads\/2025\/07\/Bonhomme-velos.jpg\" \/>\n\t<meta property=\"og:image:width\" content=\"1024\" \/>\n\t<meta property=\"og:image:height\" content=\"636\" \/>\n\t<meta property=\"og:image:type\" content=\"image\/jpeg\" \/>\n<meta name=\"author\" content=\"Webmestre\" \/>\n<meta name=\"twitter:card\" content=\"summary_large_image\" \/>\n<meta name=\"twitter:label1\" content=\"Written by\" \/>\n\t<meta name=\"twitter:data1\" content=\"Webmestre\" \/>\n\t<meta name=\"twitter:label2\" content=\"Estimated reading time\" \/>\n\t<meta name=\"twitter:data2\" content=\"10 minutes\" \/>\n<script type=\"application\/ld+json\" class=\"yoast-schema-graph\">{\"@context\":\"https:\/\/schema.org\",\"@graph\":[{\"@type\":\"Article\",\"@id\":\"https:\/\/centcols.org\/challenge-de-la-ligne-bleue\/#article\",\"isPartOf\":{\"@id\":\"https:\/\/centcols.org\/challenge-de-la-ligne-bleue\/\"},\"author\":{\"name\":\"Webmestre\",\"@id\":\"https:\/\/centcols.org\/#\/schema\/person\/911b404fb133d8c913dd27cdcf71c8e5\"},\"headline\":\"Challenge de la Ligne Bleue\",\"datePublished\":\"2025-07-24T18:01:04+00:00\",\"dateModified\":\"2025-08-26T12:31:52+00:00\",\"mainEntityOfPage\":{\"@id\":\"https:\/\/centcols.org\/challenge-de-la-ligne-bleue\/\"},\"wordCount\":1776,\"publisher\":{\"@id\":\"https:\/\/centcols.org\/#organization\"},\"image\":{\"@id\":\"https:\/\/centcols.org\/challenge-de-la-ligne-bleue\/#primaryimage\"},\"thumbnailUrl\":\"https:\/\/centcols.org\/wp-content\/uploads\/2025\/07\/Bonhomme-velos.jpg\",\"articleSection\":[\"Challenges\"],\"inLanguage\":\"en-GB\"},{\"@type\":\"WebPage\",\"@id\":\"https:\/\/centcols.org\/challenge-de-la-ligne-bleue\/\",\"url\":\"https:\/\/centcols.org\/challenge-de-la-ligne-bleue\/\",\"name\":\"Challenge de la Ligne Bleue - Club des Cent Cols\",\"isPartOf\":{\"@id\":\"https:\/\/centcols.org\/#website\"},\"primaryImageOfPage\":{\"@id\":\"https:\/\/centcols.org\/challenge-de-la-ligne-bleue\/#primaryimage\"},\"image\":{\"@id\":\"https:\/\/centcols.org\/challenge-de-la-ligne-bleue\/#primaryimage\"},\"thumbnailUrl\":\"https:\/\/centcols.org\/wp-content\/uploads\/2025\/07\/Bonhomme-velos.jpg\",\"datePublished\":\"2025-07-24T18:01:04+00:00\",\"dateModified\":\"2025-08-26T12:31:52+00:00\",\"breadcrumb\":{\"@id\":\"https:\/\/centcols.org\/challenge-de-la-ligne-bleue\/#breadcrumb\"},\"inLanguage\":\"en-GB\",\"potentialAction\":[{\"@type\":\"ReadAction\",\"target\":[\"https:\/\/centcols.org\/challenge-de-la-ligne-bleue\/\"]}]},{\"@type\":\"ImageObject\",\"inLanguage\":\"en-GB\",\"@id\":\"https:\/\/centcols.org\/challenge-de-la-ligne-bleue\/#primaryimage\",\"url\":\"https:\/\/centcols.org\/wp-content\/uploads\/2025\/07\/Bonhomme-velos.jpg\",\"contentUrl\":\"https:\/\/centcols.org\/wp-content\/uploads\/2025\/07\/Bonhomme-velos.jpg\",\"width\":1024,\"height\":636,\"caption\":\"col du Bonhomme\"},{\"@type\":\"BreadcrumbList\",\"@id\":\"https:\/\/centcols.org\/challenge-de-la-ligne-bleue\/#breadcrumb\",\"itemListElement\":[{\"@type\":\"ListItem\",\"position\":1,\"name\":\"Accueil\",\"item\":\"https:\/\/centcols.org\/\"},{\"@type\":\"ListItem\",\"position\":2,\"name\":\"Challenges\",\"item\":\"https:\/\/centcols.org\/rubrique\/challenges\/\"},{\"@type\":\"ListItem\",\"position\":3,\"name\":\"Challenge de la Ligne Bleue\"}]},{\"@type\":\"WebSite\",\"@id\":\"https:\/\/centcols.org\/#website\",\"url\":\"https:\/\/centcols.org\/\",\"name\":\"Club des Cent Cols\",\"description\":\"\",\"publisher\":{\"@id\":\"https:\/\/centcols.org\/#organization\"},\"potentialAction\":[{\"@type\":\"SearchAction\",\"target\":{\"@type\":\"EntryPoint\",\"urlTemplate\":\"https:\/\/centcols.org\/?s={search_term_string}\"},\"query-input\":{\"@type\":\"PropertyValueSpecification\",\"valueRequired\":true,\"valueName\":\"search_term_string\"}}],\"inLanguage\":\"en-GB\"},{\"@type\":\"Organization\",\"@id\":\"https:\/\/centcols.org\/#organization\",\"name\":\"Club des Cent Cols\",\"url\":\"https:\/\/centcols.org\/\",\"logo\":{\"@type\":\"ImageObject\",\"inLanguage\":\"en-GB\",\"@id\":\"https:\/\/centcols.org\/#\/schema\/logo\/image\/\",\"url\":\"https:\/\/centcols.org\/wp-content\/uploads\/2025\/01\/carte-icone.png\",\"contentUrl\":\"https:\/\/centcols.org\/wp-content\/uploads\/2025\/01\/carte-icone.png\",\"width\":250,\"height\":250,\"caption\":\"Club des Cent Cols\"},\"image\":{\"@id\":\"https:\/\/centcols.org\/#\/schema\/logo\/image\/\"},\"sameAs\":[\"https:\/\/www.facebook.com\/groups\/5261880558\/?locale=fr_FR\"]},{\"@type\":\"Person\",\"@id\":\"https:\/\/centcols.org\/#\/schema\/person\/911b404fb133d8c913dd27cdcf71c8e5\",\"name\":\"Webmestre\",\"image\":{\"@type\":\"ImageObject\",\"inLanguage\":\"en-GB\",\"@id\":\"https:\/\/centcols.org\/wp-content\/litespeed\/avatar\/2d246e4b6b4f773e08515e1ffc53690b.jpg?ver=1777222892\",\"url\":\"https:\/\/centcols.org\/wp-content\/litespeed\/avatar\/2d246e4b6b4f773e08515e1ffc53690b.jpg?ver=1777222892\",\"contentUrl\":\"https:\/\/centcols.org\/wp-content\/litespeed\/avatar\/2d246e4b6b4f773e08515e1ffc53690b.jpg?ver=1777222892\",\"caption\":\"Webmestre\"},\"url\":\"https:\/\/centcols.org\/en\/author\/webmestre\/\"}]}<\/script>\n<!-- \/ Yoast SEO plugin. -->","yoast_head_json":{"title":"Blue Line Challenge - Club des Cent Cols","robots":{"index":"index","follow":"follow","max-snippet":"max-snippet:-1","max-image-preview":"max-image-preview:large","max-video-preview":"max-video-preview:-1"},"canonical":"https:\/\/centcols.org\/en\/blue-line-challenge\/","og_locale":"en_GB","og_type":"article","og_title":"Challenge de la Ligne Bleue - Club des Cent Cols","og_description":"Bernard Pommel (CC N\u00b03094) nous propose ce challenge. Ce Challenge consiste \u00e0 franchir l\u2019int\u00e9gralit\u00e9 des 41 cols (rev\u00eatus et non rev\u00eatus) situ\u00e9s sur la fronti\u00e8re franco-allemande telle que trac\u00e9e de 1871 \u00e0 1918, \u00e0 la suite de la funeste guerre de 1870. Histoire de la fronti\u00e8re franco-allemande (1871-1918) La guerre franco-allemande de 1870-1871 trouve ses [&hellip;]","og_url":"https:\/\/centcols.org\/en\/blue-line-challenge\/","og_site_name":"Club des Cent Cols","article_publisher":"https:\/\/www.facebook.com\/groups\/5261880558\/?locale=fr_FR","article_published_time":"2025-07-24T18:01:04+00:00","article_modified_time":"2025-08-26T12:31:52+00:00","og_image":[{"width":1024,"height":636,"url":"https:\/\/centcols.org\/wp-content\/uploads\/2025\/07\/Bonhomme-velos.jpg","type":"image\/jpeg"}],"author":"Webmestre","twitter_card":"summary_large_image","twitter_misc":{"Written by":"Webmestre","Estimated reading time":"10 minutes"},"schema":{"@context":"https:\/\/schema.org","@graph":[{"@type":"Article","@id":"https:\/\/centcols.org\/challenge-de-la-ligne-bleue\/#article","isPartOf":{"@id":"https:\/\/centcols.org\/challenge-de-la-ligne-bleue\/"},"author":{"name":"Webmestre","@id":"https:\/\/centcols.org\/#\/schema\/person\/911b404fb133d8c913dd27cdcf71c8e5"},"headline":"Challenge de la Ligne Bleue","datePublished":"2025-07-24T18:01:04+00:00","dateModified":"2025-08-26T12:31:52+00:00","mainEntityOfPage":{"@id":"https:\/\/centcols.org\/challenge-de-la-ligne-bleue\/"},"wordCount":1776,"publisher":{"@id":"https:\/\/centcols.org\/#organization"},"image":{"@id":"https:\/\/centcols.org\/challenge-de-la-ligne-bleue\/#primaryimage"},"thumbnailUrl":"https:\/\/centcols.org\/wp-content\/uploads\/2025\/07\/Bonhomme-velos.jpg","articleSection":["Challenges"],"inLanguage":"en-GB"},{"@type":"WebPage","@id":"https:\/\/centcols.org\/challenge-de-la-ligne-bleue\/","url":"https:\/\/centcols.org\/challenge-de-la-ligne-bleue\/","name":"Blue Line Challenge - Club des Cent Cols","isPartOf":{"@id":"https:\/\/centcols.org\/#website"},"primaryImageOfPage":{"@id":"https:\/\/centcols.org\/challenge-de-la-ligne-bleue\/#primaryimage"},"image":{"@id":"https:\/\/centcols.org\/challenge-de-la-ligne-bleue\/#primaryimage"},"thumbnailUrl":"https:\/\/centcols.org\/wp-content\/uploads\/2025\/07\/Bonhomme-velos.jpg","datePublished":"2025-07-24T18:01:04+00:00","dateModified":"2025-08-26T12:31:52+00:00","breadcrumb":{"@id":"https:\/\/centcols.org\/challenge-de-la-ligne-bleue\/#breadcrumb"},"inLanguage":"en-GB","potentialAction":[{"@type":"ReadAction","target":["https:\/\/centcols.org\/challenge-de-la-ligne-bleue\/"]}]},{"@type":"ImageObject","inLanguage":"en-GB","@id":"https:\/\/centcols.org\/challenge-de-la-ligne-bleue\/#primaryimage","url":"https:\/\/centcols.org\/wp-content\/uploads\/2025\/07\/Bonhomme-velos.jpg","contentUrl":"https:\/\/centcols.org\/wp-content\/uploads\/2025\/07\/Bonhomme-velos.jpg","width":1024,"height":636,"caption":"col du Bonhomme"},{"@type":"BreadcrumbList","@id":"https:\/\/centcols.org\/challenge-de-la-ligne-bleue\/#breadcrumb","itemListElement":[{"@type":"ListItem","position":1,"name":"Accueil","item":"https:\/\/centcols.org\/"},{"@type":"ListItem","position":2,"name":"Challenges","item":"https:\/\/centcols.org\/rubrique\/challenges\/"},{"@type":"ListItem","position":3,"name":"Challenge de la Ligne Bleue"}]},{"@type":"WebSite","@id":"https:\/\/centcols.org\/#website","url":"https:\/\/centcols.org\/","name":"Club des Cent Cols","description":"","publisher":{"@id":"https:\/\/centcols.org\/#organization"},"potentialAction":[{"@type":"SearchAction","target":{"@type":"EntryPoint","urlTemplate":"https:\/\/centcols.org\/?s={search_term_string}"},"query-input":{"@type":"PropertyValueSpecification","valueRequired":true,"valueName":"search_term_string"}}],"inLanguage":"en-GB"},{"@type":"Organization","@id":"https:\/\/centcols.org\/#organization","name":"Club des Cent Cols","url":"https:\/\/centcols.org\/","logo":{"@type":"ImageObject","inLanguage":"en-GB","@id":"https:\/\/centcols.org\/#\/schema\/logo\/image\/","url":"https:\/\/centcols.org\/wp-content\/uploads\/2025\/01\/carte-icone.png","contentUrl":"https:\/\/centcols.org\/wp-content\/uploads\/2025\/01\/carte-icone.png","width":250,"height":250,"caption":"Club des Cent Cols"},"image":{"@id":"https:\/\/centcols.org\/#\/schema\/logo\/image\/"},"sameAs":["https:\/\/www.facebook.com\/groups\/5261880558\/?locale=fr_FR"]},{"@type":"Person","@id":"https:\/\/centcols.org\/#\/schema\/person\/911b404fb133d8c913dd27cdcf71c8e5","name":"Webmaster","image":{"@type":"ImageObject","inLanguage":"en-GB","@id":"https:\/\/centcols.org\/wp-content\/litespeed\/avatar\/2d246e4b6b4f773e08515e1ffc53690b.jpg?ver=1777222892","url":"https:\/\/centcols.org\/wp-content\/litespeed\/avatar\/2d246e4b6b4f773e08515e1ffc53690b.jpg?ver=1777222892","contentUrl":"https:\/\/centcols.org\/wp-content\/litespeed\/avatar\/2d246e4b6b4f773e08515e1ffc53690b.jpg?ver=1777222892","caption":"Webmestre"},"url":"https:\/\/centcols.org\/en\/author\/webmestre\/"}]}},"_links":{"self":[{"href":"https:\/\/centcols.org\/en\/wp-json\/wp\/v2\/posts\/85117","targetHints":{"allow":["GET"]}}],"collection":[{"href":"https:\/\/centcols.org\/en\/wp-json\/wp\/v2\/posts"}],"about":[{"href":"https:\/\/centcols.org\/en\/wp-json\/wp\/v2\/types\/post"}],"author":[{"embeddable":true,"href":"https:\/\/centcols.org\/en\/wp-json\/wp\/v2\/users\/3"}],"replies":[{"embeddable":true,"href":"https:\/\/centcols.org\/en\/wp-json\/wp\/v2\/comments?post=85117"}],"version-history":[{"count":0,"href":"https:\/\/centcols.org\/en\/wp-json\/wp\/v2\/posts\/85117\/revisions"}],"wp:featuredmedia":[{"embeddable":true,"href":"https:\/\/centcols.org\/en\/wp-json\/wp\/v2\/media\/85134"}],"wp:attachment":[{"href":"https:\/\/centcols.org\/en\/wp-json\/wp\/v2\/media?parent=85117"}],"wp:term":[{"taxonomy":"category","embeddable":true,"href":"https:\/\/centcols.org\/en\/wp-json\/wp\/v2\/categories?post=85117"},{"taxonomy":"post_tag","embeddable":true,"href":"https:\/\/centcols.org\/en\/wp-json\/wp\/v2\/tags?post=85117"}],"curies":[{"name":"wp","href":"https:\/\/api.w.org\/{rel}","templated":true}]}}