{"id":91889,"date":"2025-11-07T23:55:36","date_gmt":"2025-11-07T21:55:36","guid":{"rendered":"https:\/\/centcols.org\/?p=91889"},"modified":"2026-03-14T17:07:17","modified_gmt":"2026-03-14T15:07:17","slug":"fr-69-col-des-echarmeaux-road","status":"publish","type":"post","link":"https:\/\/centcols.org\/en\/fr-69-col-des-echarmeaux-route\/","title":{"rendered":"FR-69 Col des Echarmeaux - Route 96 km, D+ 2087 m, 20 passes"},"content":{"rendered":"<iframe width=\"100%\" height=\"650\" loading=\"lazy\" src=\"https:\/\/www.openrunner.com\/embed\/47596566696d4246557a4f486c66572b424a547036664a69315155327948753864623073444a48367474673d3a3ad51add9910245a38a0a1e40b0a6fe46c?unit=metric\" style=\"border: none;\"><\/iframe>\n\n\n\n<div style=\"height:30px\" aria-hidden=\"true\" class=\"wp-block-spacer\"><\/div>\n\n\n\n<h2 class=\"wp-block-heading\">Author description<\/h2>\n\n\n\n<p><strong>Author&nbsp;<\/strong>Luc Rioland<br><strong>Course&nbsp;<\/strong>carried out in September 2018<br><strong>Departure&nbsp;<\/strong>Large car park and departure from the Col des Echarmeaux<\/p>\n\n\n\n<div style=\"height:30px\" aria-hidden=\"true\" class=\"wp-block-spacer\"><\/div>\n\n\n\n<h2 class=\"wp-block-heading\">Tourist information<\/h2>\n\n\n\n<p>A route through the heart of the Beaujolais region and its vineyards, with 20 passes on the menu. To be enjoyed without moderation.<\/p>\n\n\n\n<div style=\"height:30px\" aria-hidden=\"true\" class=\"wp-block-spacer\"><\/div>\n\n\n\n<h2 class=\"wp-block-heading\">Technical specifications<\/h2>\n\n\n\n<p>Road route at 98% in the version presented at 96 km, 2 km of unpaved R1 track to reach the second Labourons pass and rejoin the D26 avoids having to make a fairly long round trip.<br>Road route at 99.50 % with a round trip after the second Labourons pass accessible by R1 for 500 m (long version 104 km)<br>The best time to visit is from mid-September to mid-October, when autumn arrives and the colours come out beautifully. Alternating forests, vineyards and meadows<br>Some steep but fairly short roads.<br>Food, bakery, caf\u00e9 only in Beaujeu.<\/p>\n\n\n\n<div style=\"height:30px\" aria-hidden=\"true\" class=\"wp-block-spacer\"><\/div>\n\n\n\n<p><strong>20 bottles<\/strong><\/p>\n\n\n\n<figure class=\"wp-block-table\"><table class=\"has-background\" style=\"background-color:#f0f0f0\"><tbody><tr><td>1 - Col des Aillets<\/td><td class=\"has-text-align-center\" data-align=\"center\">715 m<\/td><td><a href=\"https:\/\/centcols.org\/en\/util\/geo\/visu.php\/?code=FR-69-0715\" target=\"_blank\" rel=\"noreferrer noopener\">FR-69-0715<\/a><\/td><\/tr><tr><td>2 - Col des Escorbans<\/td><td class=\"has-text-align-center\" data-align=\"center\">825 m<\/td><td><a href=\"https:\/\/centcols.org\/en\/util\/geo\/visu.php\/?code=FR-42-0825\" target=\"_blank\" rel=\"noreferrer noopener\">FR-42-0825<\/a><\/td><\/tr><tr><td>3 - Col de Favardy<\/td><td class=\"has-text-align-center\" data-align=\"center\">856 m<\/td><td><a href=\"https:\/\/centcols.org\/en\/util\/geo\/visu.php\/?code=FR-69-0856\" target=\"_blank\" rel=\"noreferrer noopener\">FR-69-0856<\/a><\/td><\/tr><tr><td>4 - Col de la Croix Nicelle<\/td><td class=\"has-text-align-center\" data-align=\"center\">782 m<\/td><td><a href=\"https:\/\/centcols.org\/en\/util\/geo\/visu.php\/?code=FR-69-0782\" target=\"_blank\" rel=\"noreferrer noopener\">FR-69-0782<\/a><\/td><\/tr><tr><td>5 - Col de la Croix Montmain<\/td><td class=\"has-text-align-center\" data-align=\"center\">737 m<\/td><td><a href=\"https:\/\/centcols.org\/en\/util\/geo\/visu.php\/?code=FR-69-0737\" target=\"_blank\" rel=\"noreferrer noopener\">FR-69-0737<\/a><\/td><\/tr><tr><td>6 - Pierre Plate pass<\/td><td class=\"has-text-align-center\" data-align=\"center\">593 m<\/td><td><a href=\"https:\/\/centcols.org\/en\/util\/geo\/visu.php\/?code=FR-69-0593\" target=\"_blank\" rel=\"noreferrer noopener\">FR-69-0593<\/a><\/td><\/tr><tr><td>7 - Col de la Croix Rosier<\/td><td class=\"has-text-align-center\" data-align=\"center\">721 m<\/td><td><a href=\"https:\/\/centcols.org\/en\/util\/geo\/visu.php\/?code=FR-69-0721\" target=\"_blank\" rel=\"noreferrer noopener\">FR-69-0721<\/a><\/td><\/tr><tr><td>8 - Col de la Croix Marchampt<\/td><td class=\"has-text-align-center\" data-align=\"center\">687 m<\/td><td><a href=\"https:\/\/centcols.org\/en\/util\/geo\/visu.php\/?code=FR-69-0687\" target=\"_blank\" rel=\"noreferrer noopener\">FR-69-0687<\/a><\/td><\/tr><tr><td>9 - Col de la Casse Froide<\/td><td class=\"has-text-align-center\" data-align=\"center\">739 m<\/td><td><a href=\"https:\/\/centcols.org\/en\/util\/geo\/visu.php\/?code=FR-69-0739\" target=\"_blank\" rel=\"noreferrer noopener\">FR-69-0739<\/a><\/td><\/tr><tr><td>10 - Col du Truges<\/td><td class=\"has-text-align-center\" data-align=\"center\">480 m<\/td><td><a href=\"https:\/\/centcols.org\/en\/util\/geo\/visu.php\/?code=FR-69-0445\" target=\"_blank\" rel=\"noreferrer noopener\">FR-69-0445<\/a><\/td><\/tr><tr><td>11 - Col de Durbize<\/td><td class=\"has-text-align-center\" data-align=\"center\">543 m<\/td><td><a href=\"https:\/\/centcols.org\/en\/util\/geo\/visu.php\/?code=FR-69-0541\" target=\"_blank\" rel=\"noreferrer noopener\">FR-69-0541<\/a><\/td><\/tr><tr><td>12 - Labourons pass<\/td><td class=\"has-text-align-center\" data-align=\"center\">436 m<\/td><td><a href=\"https:\/\/centcols.org\/en\/util\/geo\/visu.php\/?code=FR-69-0431\" target=\"_blank\" rel=\"noreferrer noopener\">FR-69-0431<\/a><\/td><\/tr><tr><td>13 - Col des Labourons<\/td><td class=\"has-text-align-center\" data-align=\"center\">471 m<\/td><td><a href=\"https:\/\/centcols.org\/en\/util\/geo\/visu.php\/?code=FR-69-0473\" target=\"_blank\" rel=\"noreferrer noopener\">FR-69-0473<\/a><\/td><\/tr><tr><td>14 - Col du Fut d'Avenas<\/td><td class=\"has-text-align-center\" data-align=\"center\">743 m<\/td><td><a href=\"https:\/\/centcols.org\/en\/util\/geo\/visu.php\/?code=FR-69-0740\" target=\"_blank\" rel=\"noreferrer noopener\">FR-69-0740<\/a><\/td><\/tr><tr><td>15 - Col de la Serve<\/td><td class=\"has-text-align-center\" data-align=\"center\">708 m<\/td><td><a href=\"https:\/\/centcols.org\/en\/util\/geo\/visu.php\/?code=FR-69-0643\" target=\"_blank\" rel=\"noreferrer noopener\">FR-69-0643<\/a><\/td><\/tr><tr><td>16 - Col de Crie<\/td><td class=\"has-text-align-center\" data-align=\"center\">624 m<\/td><td><a href=\"https:\/\/centcols.org\/en\/util\/geo\/visu.php\/?code=FR-69-0622\" target=\"_blank\" rel=\"noreferrer noopener\">FR-69-0622<\/a><\/td><\/tr><tr><td>17 - Col des Oncins<\/td><td class=\"has-text-align-center\" data-align=\"center\">702 m<\/td><td><a href=\"https:\/\/centcols.org\/en\/util\/geo\/visu.php\/?code=FR-69-0702\" target=\"_blank\" rel=\"noreferrer noopener\">FR-69-0702<\/a><\/td><\/tr><tr><td>18 - Col de Patoux<\/td><td class=\"has-text-align-center\" data-align=\"center\">910 m<\/td><td><a href=\"https:\/\/centcols.org\/en\/util\/geo\/visu.php\/?code=FR-69-0915\" target=\"_blank\" rel=\"noreferrer noopener\">FR-69-0915<\/a><\/td><\/tr><tr><td>19 - Col de la Croix d'Ajoux<\/td><td class=\"has-text-align-center\" data-align=\"center\">853 m<\/td><td><a href=\"https:\/\/centcols.org\/en\/util\/geo\/visu.php\/?code=FR-69-0855\" target=\"_blank\" rel=\"noreferrer noopener\">FR-69-0855<\/a><\/td><\/tr><tr><td>20 - Col des Echarmeaux<\/td><td class=\"has-text-align-center\" data-align=\"center\">712 m<\/td><td><a href=\"https:\/\/centcols.org\/en\/util\/geo\/visu.php\/?code=FR-69-0712\" target=\"_blank\" rel=\"noreferrer noopener\">FR-69-0712<\/a><\/td><\/tr><\/tbody><\/table><\/figure>\n\n\n\n<p><strong>Keywords<\/strong>&nbsp;Beaujolais, Beaujeu, Echarmeaux, centcols<\/p>\n\n\n\n<p>Openrunner link, interactive map, profile, track : <a href=\"https:\/\/www.openrunner.com\/route-details\/22832709\" target=\"_blank\" rel=\"noreferrer noopener\">https:\/\/www.openrunner.com\/route-details\/22785004<\/a><\/p>\n\n\n\n<p>This itinerary is provided for information only. The author accepts no liability, nor that of the Club des Cent Cols, for any imponderables due to the cyclist himself, the equipment used or anything to do with the road, tracks and paths, their surroundings or other users.<\/p>\n\n\n\n<div style=\"height:30px\" aria-hidden=\"true\" class=\"wp-block-spacer\"><\/div>\n\n\n\n<h2 class=\"wp-block-heading\">Photos<\/h2>\n\n\n\n<figure class=\"wp-block-gallery has-nested-images columns-default is-cropped wp-block-gallery-1 is-layout-flex wp-block-gallery-is-layout-flex\">\n<figure class=\"wp-block-image size-large\"><a href=\"https:\/\/centcols.org\/wp-content\/uploads\/2025\/11\/Le-vignoble-Beaujolais-en-septembre.jpg\"><img loading=\"lazy\" decoding=\"async\" width=\"1000\" height=\"750\" data-id=\"91891\" src=\"https:\/\/centcols.org\/wp-content\/uploads\/2025\/11\/Le-vignoble-Beaujolais-en-septembre.jpg\" alt=\"\" class=\"wp-image-91891\" srcset=\"https:\/\/centcols.org\/wp-content\/uploads\/2025\/11\/Le-vignoble-Beaujolais-en-septembre.jpg 1000w, https:\/\/centcols.org\/wp-content\/uploads\/2025\/11\/Le-vignoble-Beaujolais-en-septembre-768x576.jpg 768w, https:\/\/centcols.org\/wp-content\/uploads\/2025\/11\/Le-vignoble-Beaujolais-en-septembre-16x12.jpg 16w\" sizes=\"auto, (max-width: 1000px) 100vw, 1000px\" \/><\/a><figcaption class=\"wp-element-caption\">The Beaujolais vineyards in September<\/figcaption><\/figure>\n\n\n\n<figure class=\"wp-block-image size-large\"><a href=\"https:\/\/centcols.org\/wp-content\/uploads\/2025\/11\/Alternance-de-couleurs-et-de-vegetation.jpg\"><img loading=\"lazy\" decoding=\"async\" width=\"1000\" height=\"750\" data-id=\"91890\" src=\"https:\/\/centcols.org\/wp-content\/uploads\/2025\/11\/Alternance-de-couleurs-et-de-vegetation.jpg\" alt=\"\" class=\"wp-image-91890\" srcset=\"https:\/\/centcols.org\/wp-content\/uploads\/2025\/11\/Alternance-de-couleurs-et-de-vegetation.jpg 1000w, https:\/\/centcols.org\/wp-content\/uploads\/2025\/11\/Alternance-de-couleurs-et-de-vegetation-768x576.jpg 768w, https:\/\/centcols.org\/wp-content\/uploads\/2025\/11\/Alternance-de-couleurs-et-de-vegetation-16x12.jpg 16w\" sizes=\"auto, (max-width: 1000px) 100vw, 1000px\" \/><\/a><figcaption class=\"wp-element-caption\">Alternating colours and vegetation<\/figcaption><\/figure>\n\n\n\n<figure class=\"wp-block-image size-large\"><a href=\"https:\/\/centcols.org\/wp-content\/uploads\/2025\/11\/Vue-matinale-en-montant-au-col-de-la-Croix-de-Montmain.jpg\"><img loading=\"lazy\" decoding=\"async\" width=\"1000\" height=\"750\" data-id=\"91892\" src=\"https:\/\/centcols.org\/wp-content\/uploads\/2025\/11\/Vue-matinale-en-montant-au-col-de-la-Croix-de-Montmain.jpg\" alt=\"\" class=\"wp-image-91892\" srcset=\"https:\/\/centcols.org\/wp-content\/uploads\/2025\/11\/Vue-matinale-en-montant-au-col-de-la-Croix-de-Montmain.jpg 1000w, https:\/\/centcols.org\/wp-content\/uploads\/2025\/11\/Vue-matinale-en-montant-au-col-de-la-Croix-de-Montmain-768x576.jpg 768w, https:\/\/centcols.org\/wp-content\/uploads\/2025\/11\/Vue-matinale-en-montant-au-col-de-la-Croix-de-Montmain-16x12.jpg 16w\" sizes=\"auto, (max-width: 1000px) 100vw, 1000px\" \/><\/a><figcaption class=\"wp-element-caption\">Morning view from the top of the Croix de Montmain pass<\/figcaption><\/figure>\n<\/figure>","protected":false},"excerpt":{"rendered":"<p>Description de l\u2019auteur Auteur&nbsp;: Luc RiolandParcours&nbsp;: effectu\u00e9 en septembre 2018D\u00e9part&nbsp;: Vaste parking et d\u00e9part du col des Echarmeaux Descriptif touristique Parcours r\u00e9alis\u00e9 au coeur du Beaujolais et de ses vignobles avec 20 cols au menu. A d\u00e9guster sans mod\u00e9ration. Descriptif technique Parcours routier \u00e0 98% en version pr\u00e9sent\u00e9e \u00e0 96 km, 2 km de piste [&hellip;]<\/p>\n","protected":false},"author":64,"featured_media":91890,"comment_status":"open","ping_status":"open","sticky":false,"template":"","format":"standard","meta":{"_acf_changed":false,"footnotes":""},"categories":[330,303,318,341,453,220],"tags":[],"class_list":["post-91889","post","type-post","status-publish","format-standard","has-post-thumbnail","hentry","category-auvergne-rhone-alpes-region-parcours-membres","category-parcours-france","category-route-type-parcours","category-massif-central-massif-parcours-membres","category-69-rhone-2","category-parcours-membres"],"acf":[],"yoast_head":"<!-- This site is optimized with the Yoast SEO plugin v27.2 - https:\/\/yoast.com\/product\/yoast-seo-wordpress\/ -->\n<title>FR-69 Col des Echarmeaux - Route 96 km, D+ 2087 m, 20 cols - Club des Cent Cols<\/title>\n<meta name=\"robots\" content=\"index, follow, max-snippet:-1, max-image-preview:large, max-video-preview:-1\" \/>\n<link rel=\"canonical\" href=\"https:\/\/centcols.org\/en\/fr-69-col-des-echarmeaux-road\/\" \/>\n<meta property=\"og:locale\" content=\"en_GB\" \/>\n<meta property=\"og:type\" content=\"article\" \/>\n<meta property=\"og:title\" content=\"FR-69 Col des Echarmeaux - Route 96 km, D+ 2087 m, 20 cols - Club des Cent Cols\" \/>\n<meta property=\"og:description\" content=\"Description de l\u2019auteur Auteur&nbsp;: Luc RiolandParcours&nbsp;: effectu\u00e9 en septembre 2018D\u00e9part&nbsp;: Vaste parking et d\u00e9part du col des Echarmeaux Descriptif touristique Parcours r\u00e9alis\u00e9 au coeur du Beaujolais et de ses vignobles avec 20 cols au menu. A d\u00e9guster sans mod\u00e9ration. Descriptif technique Parcours routier \u00e0 98% en version pr\u00e9sent\u00e9e \u00e0 96 km, 2 km de piste [&hellip;]\" \/>\n<meta property=\"og:url\" content=\"https:\/\/centcols.org\/en\/fr-69-col-des-echarmeaux-road\/\" \/>\n<meta property=\"og:site_name\" content=\"Club des Cent Cols\" \/>\n<meta property=\"article:publisher\" content=\"https:\/\/www.facebook.com\/groups\/5261880558\/?locale=fr_FR\" \/>\n<meta property=\"article:published_time\" content=\"2025-11-07T21:55:36+00:00\" \/>\n<meta property=\"article:modified_time\" content=\"2026-03-14T15:07:17+00:00\" \/>\n<meta property=\"og:image\" content=\"https:\/\/centcols.org\/wp-content\/uploads\/2025\/11\/Alternance-de-couleurs-et-de-vegetation.jpg\" \/>\n\t<meta property=\"og:image:width\" content=\"1000\" \/>\n\t<meta property=\"og:image:height\" content=\"750\" \/>\n\t<meta property=\"og:image:type\" content=\"image\/jpeg\" \/>\n<meta name=\"author\" content=\"Christophe Badonnel\" \/>\n<meta name=\"twitter:card\" content=\"summary_large_image\" \/>\n<meta name=\"twitter:label1\" content=\"Written by\" \/>\n\t<meta name=\"twitter:data1\" content=\"Christophe Badonnel\" \/>\n\t<meta name=\"twitter:label2\" content=\"Estimated reading time\" \/>\n\t<meta name=\"twitter:data2\" content=\"3 minutes\" \/>\n<script type=\"application\/ld+json\" class=\"yoast-schema-graph\">{\"@context\":\"https:\/\/schema.org\",\"@graph\":[{\"@type\":\"Article\",\"@id\":\"https:\/\/centcols.org\/fr-69-col-des-echarmeaux-route\/#article\",\"isPartOf\":{\"@id\":\"https:\/\/centcols.org\/fr-69-col-des-echarmeaux-route\/\"},\"author\":{\"name\":\"Christophe Badonnel\",\"@id\":\"https:\/\/centcols.org\/#\/schema\/person\/5c1a9d61132fb33ccec149272abff6e1\"},\"headline\":\"FR-69 Col des Echarmeaux &#8211; Route 96 km, D+ 2087 m, 20 cols\",\"datePublished\":\"2025-11-07T21:55:36+00:00\",\"dateModified\":\"2026-03-14T15:07:17+00:00\",\"mainEntityOfPage\":{\"@id\":\"https:\/\/centcols.org\/fr-69-col-des-echarmeaux-route\/\"},\"wordCount\":410,\"commentCount\":0,\"publisher\":{\"@id\":\"https:\/\/centcols.org\/#organization\"},\"image\":{\"@id\":\"https:\/\/centcols.org\/fr-69-col-des-echarmeaux-route\/#primaryimage\"},\"thumbnailUrl\":\"https:\/\/centcols.org\/wp-content\/uploads\/2025\/11\/Alternance-de-couleurs-et-de-vegetation.jpg\",\"articleSection\":[\"Auvergne-Rh\u00f4ne-Alpes\",\"Parcours France\",\"Route\",\"Massif-Central\",\"69 - Rh\u00f4ne\",\"Parcours membres\"],\"inLanguage\":\"en-GB\",\"potentialAction\":[{\"@type\":\"CommentAction\",\"name\":\"Comment\",\"target\":[\"https:\/\/centcols.org\/fr-69-col-des-echarmeaux-route\/#respond\"]}]},{\"@type\":\"WebPage\",\"@id\":\"https:\/\/centcols.org\/fr-69-col-des-echarmeaux-route\/\",\"url\":\"https:\/\/centcols.org\/fr-69-col-des-echarmeaux-route\/\",\"name\":\"FR-69 Col des Echarmeaux - Route 96 km, D+ 2087 m, 20 cols - Club des Cent Cols\",\"isPartOf\":{\"@id\":\"https:\/\/centcols.org\/#website\"},\"primaryImageOfPage\":{\"@id\":\"https:\/\/centcols.org\/fr-69-col-des-echarmeaux-route\/#primaryimage\"},\"image\":{\"@id\":\"https:\/\/centcols.org\/fr-69-col-des-echarmeaux-route\/#primaryimage\"},\"thumbnailUrl\":\"https:\/\/centcols.org\/wp-content\/uploads\/2025\/11\/Alternance-de-couleurs-et-de-vegetation.jpg\",\"datePublished\":\"2025-11-07T21:55:36+00:00\",\"dateModified\":\"2026-03-14T15:07:17+00:00\",\"breadcrumb\":{\"@id\":\"https:\/\/centcols.org\/fr-69-col-des-echarmeaux-route\/#breadcrumb\"},\"inLanguage\":\"en-GB\",\"potentialAction\":[{\"@type\":\"ReadAction\",\"target\":[\"https:\/\/centcols.org\/fr-69-col-des-echarmeaux-route\/\"]}]},{\"@type\":\"ImageObject\",\"inLanguage\":\"en-GB\",\"@id\":\"https:\/\/centcols.org\/fr-69-col-des-echarmeaux-route\/#primaryimage\",\"url\":\"https:\/\/centcols.org\/wp-content\/uploads\/2025\/11\/Alternance-de-couleurs-et-de-vegetation.jpg\",\"contentUrl\":\"https:\/\/centcols.org\/wp-content\/uploads\/2025\/11\/Alternance-de-couleurs-et-de-vegetation.jpg\",\"width\":1000,\"height\":750,\"caption\":\"Alternance de couleurs et de v\u00e9g\u00e9tation\"},{\"@type\":\"BreadcrumbList\",\"@id\":\"https:\/\/centcols.org\/fr-69-col-des-echarmeaux-route\/#breadcrumb\",\"itemListElement\":[{\"@type\":\"ListItem\",\"position\":1,\"name\":\"Accueil\",\"item\":\"https:\/\/centcols.org\/\"},{\"@type\":\"ListItem\",\"position\":2,\"name\":\"Parcours membres\",\"item\":\"https:\/\/centcols.org\/rubrique\/parcours-membres\/\"},{\"@type\":\"ListItem\",\"position\":3,\"name\":\"Pays\",\"item\":\"https:\/\/centcols.org\/rubrique\/parcours-membres\/pays-parcours-membres\/\"},{\"@type\":\"ListItem\",\"position\":4,\"name\":\"Parcours France\",\"item\":\"https:\/\/centcols.org\/rubrique\/parcours-membres\/pays-parcours-membres\/parcours-france\/\"},{\"@type\":\"ListItem\",\"position\":5,\"name\":\"FR-69 Col des Echarmeaux &#8211; Route 96 km, D+ 2087 m, 20 cols\"}]},{\"@type\":\"WebSite\",\"@id\":\"https:\/\/centcols.org\/#website\",\"url\":\"https:\/\/centcols.org\/\",\"name\":\"Club des Cent Cols\",\"description\":\"\",\"publisher\":{\"@id\":\"https:\/\/centcols.org\/#organization\"},\"potentialAction\":[{\"@type\":\"SearchAction\",\"target\":{\"@type\":\"EntryPoint\",\"urlTemplate\":\"https:\/\/centcols.org\/?s={search_term_string}\"},\"query-input\":{\"@type\":\"PropertyValueSpecification\",\"valueRequired\":true,\"valueName\":\"search_term_string\"}}],\"inLanguage\":\"en-GB\"},{\"@type\":\"Organization\",\"@id\":\"https:\/\/centcols.org\/#organization\",\"name\":\"Club des Cent Cols\",\"url\":\"https:\/\/centcols.org\/\",\"logo\":{\"@type\":\"ImageObject\",\"inLanguage\":\"en-GB\",\"@id\":\"https:\/\/centcols.org\/#\/schema\/logo\/image\/\",\"url\":\"https:\/\/centcols.org\/wp-content\/uploads\/2025\/01\/carte-icone.png\",\"contentUrl\":\"https:\/\/centcols.org\/wp-content\/uploads\/2025\/01\/carte-icone.png\",\"width\":250,\"height\":250,\"caption\":\"Club des Cent Cols\"},\"image\":{\"@id\":\"https:\/\/centcols.org\/#\/schema\/logo\/image\/\"},\"sameAs\":[\"https:\/\/www.facebook.com\/groups\/5261880558\/?locale=fr_FR\"]},{\"@type\":\"Person\",\"@id\":\"https:\/\/centcols.org\/#\/schema\/person\/5c1a9d61132fb33ccec149272abff6e1\",\"name\":\"Christophe Badonnel\",\"image\":{\"@type\":\"ImageObject\",\"inLanguage\":\"en-GB\",\"@id\":\"https:\/\/centcols.org\/wp-content\/litespeed\/avatar\/9f363966b51271bd99ebbb6ebd632889.jpg?ver=1777238111\",\"url\":\"https:\/\/centcols.org\/wp-content\/litespeed\/avatar\/9f363966b51271bd99ebbb6ebd632889.jpg?ver=1777238111\",\"contentUrl\":\"https:\/\/centcols.org\/wp-content\/litespeed\/avatar\/9f363966b51271bd99ebbb6ebd632889.jpg?ver=1777238111\",\"caption\":\"Christophe Badonnel\"},\"url\":\"https:\/\/centcols.org\/en\/author\/5799\/\"}]}<\/script>\n<!-- \/ Yoast SEO plugin. -->","yoast_head_json":{"title":"FR-69 Col des Echarmeaux - Route 96 km, D+ 2087 m, 20 cols - Club des Cent Cols","robots":{"index":"index","follow":"follow","max-snippet":"max-snippet:-1","max-image-preview":"max-image-preview:large","max-video-preview":"max-video-preview:-1"},"canonical":"https:\/\/centcols.org\/en\/fr-69-col-des-echarmeaux-road\/","og_locale":"en_GB","og_type":"article","og_title":"FR-69 Col des Echarmeaux - Route 96 km, D+ 2087 m, 20 cols - Club des Cent Cols","og_description":"Description de l\u2019auteur Auteur&nbsp;: Luc RiolandParcours&nbsp;: effectu\u00e9 en septembre 2018D\u00e9part&nbsp;: Vaste parking et d\u00e9part du col des Echarmeaux Descriptif touristique Parcours r\u00e9alis\u00e9 au coeur du Beaujolais et de ses vignobles avec 20 cols au menu. A d\u00e9guster sans mod\u00e9ration. Descriptif technique Parcours routier \u00e0 98% en version pr\u00e9sent\u00e9e \u00e0 96 km, 2 km de piste [&hellip;]","og_url":"https:\/\/centcols.org\/en\/fr-69-col-des-echarmeaux-road\/","og_site_name":"Club des Cent Cols","article_publisher":"https:\/\/www.facebook.com\/groups\/5261880558\/?locale=fr_FR","article_published_time":"2025-11-07T21:55:36+00:00","article_modified_time":"2026-03-14T15:07:17+00:00","og_image":[{"width":1000,"height":750,"url":"https:\/\/centcols.org\/wp-content\/uploads\/2025\/11\/Alternance-de-couleurs-et-de-vegetation.jpg","type":"image\/jpeg"}],"author":"Christophe Badonnel","twitter_card":"summary_large_image","twitter_misc":{"Written by":"Christophe Badonnel","Estimated reading time":"3 minutes"},"schema":{"@context":"https:\/\/schema.org","@graph":[{"@type":"Article","@id":"https:\/\/centcols.org\/fr-69-col-des-echarmeaux-route\/#article","isPartOf":{"@id":"https:\/\/centcols.org\/fr-69-col-des-echarmeaux-route\/"},"author":{"name":"Christophe Badonnel","@id":"https:\/\/centcols.org\/#\/schema\/person\/5c1a9d61132fb33ccec149272abff6e1"},"headline":"FR-69 Col des Echarmeaux &#8211; Route 96 km, D+ 2087 m, 20 cols","datePublished":"2025-11-07T21:55:36+00:00","dateModified":"2026-03-14T15:07:17+00:00","mainEntityOfPage":{"@id":"https:\/\/centcols.org\/fr-69-col-des-echarmeaux-route\/"},"wordCount":410,"commentCount":0,"publisher":{"@id":"https:\/\/centcols.org\/#organization"},"image":{"@id":"https:\/\/centcols.org\/fr-69-col-des-echarmeaux-route\/#primaryimage"},"thumbnailUrl":"https:\/\/centcols.org\/wp-content\/uploads\/2025\/11\/Alternance-de-couleurs-et-de-vegetation.jpg","articleSection":["Auvergne-Rh\u00f4ne-Alpes","Parcours France","Route","Massif-Central","69 - Rh\u00f4ne","Parcours membres"],"inLanguage":"en-GB","potentialAction":[{"@type":"CommentAction","name":"Comment","target":["https:\/\/centcols.org\/fr-69-col-des-echarmeaux-route\/#respond"]}]},{"@type":"WebPage","@id":"https:\/\/centcols.org\/fr-69-col-des-echarmeaux-route\/","url":"https:\/\/centcols.org\/fr-69-col-des-echarmeaux-route\/","name":"FR-69 Col des Echarmeaux - Route 96 km, D+ 2087 m, 20 cols - Club des Cent Cols","isPartOf":{"@id":"https:\/\/centcols.org\/#website"},"primaryImageOfPage":{"@id":"https:\/\/centcols.org\/fr-69-col-des-echarmeaux-route\/#primaryimage"},"image":{"@id":"https:\/\/centcols.org\/fr-69-col-des-echarmeaux-route\/#primaryimage"},"thumbnailUrl":"https:\/\/centcols.org\/wp-content\/uploads\/2025\/11\/Alternance-de-couleurs-et-de-vegetation.jpg","datePublished":"2025-11-07T21:55:36+00:00","dateModified":"2026-03-14T15:07:17+00:00","breadcrumb":{"@id":"https:\/\/centcols.org\/fr-69-col-des-echarmeaux-route\/#breadcrumb"},"inLanguage":"en-GB","potentialAction":[{"@type":"ReadAction","target":["https:\/\/centcols.org\/fr-69-col-des-echarmeaux-route\/"]}]},{"@type":"ImageObject","inLanguage":"en-GB","@id":"https:\/\/centcols.org\/fr-69-col-des-echarmeaux-route\/#primaryimage","url":"https:\/\/centcols.org\/wp-content\/uploads\/2025\/11\/Alternance-de-couleurs-et-de-vegetation.jpg","contentUrl":"https:\/\/centcols.org\/wp-content\/uploads\/2025\/11\/Alternance-de-couleurs-et-de-vegetation.jpg","width":1000,"height":750,"caption":"Alternance de couleurs et de v\u00e9g\u00e9tation"},{"@type":"BreadcrumbList","@id":"https:\/\/centcols.org\/fr-69-col-des-echarmeaux-route\/#breadcrumb","itemListElement":[{"@type":"ListItem","position":1,"name":"Accueil","item":"https:\/\/centcols.org\/"},{"@type":"ListItem","position":2,"name":"Parcours membres","item":"https:\/\/centcols.org\/rubrique\/parcours-membres\/"},{"@type":"ListItem","position":3,"name":"Pays","item":"https:\/\/centcols.org\/rubrique\/parcours-membres\/pays-parcours-membres\/"},{"@type":"ListItem","position":4,"name":"Parcours France","item":"https:\/\/centcols.org\/rubrique\/parcours-membres\/pays-parcours-membres\/parcours-france\/"},{"@type":"ListItem","position":5,"name":"FR-69 Col des Echarmeaux &#8211; Route 96 km, D+ 2087 m, 20 cols"}]},{"@type":"WebSite","@id":"https:\/\/centcols.org\/#website","url":"https:\/\/centcols.org\/","name":"Club des Cent Cols","description":"","publisher":{"@id":"https:\/\/centcols.org\/#organization"},"potentialAction":[{"@type":"SearchAction","target":{"@type":"EntryPoint","urlTemplate":"https:\/\/centcols.org\/?s={search_term_string}"},"query-input":{"@type":"PropertyValueSpecification","valueRequired":true,"valueName":"search_term_string"}}],"inLanguage":"en-GB"},{"@type":"Organization","@id":"https:\/\/centcols.org\/#organization","name":"Club des Cent Cols","url":"https:\/\/centcols.org\/","logo":{"@type":"ImageObject","inLanguage":"en-GB","@id":"https:\/\/centcols.org\/#\/schema\/logo\/image\/","url":"https:\/\/centcols.org\/wp-content\/uploads\/2025\/01\/carte-icone.png","contentUrl":"https:\/\/centcols.org\/wp-content\/uploads\/2025\/01\/carte-icone.png","width":250,"height":250,"caption":"Club des Cent Cols"},"image":{"@id":"https:\/\/centcols.org\/#\/schema\/logo\/image\/"},"sameAs":["https:\/\/www.facebook.com\/groups\/5261880558\/?locale=fr_FR"]},{"@type":"Person","@id":"https:\/\/centcols.org\/#\/schema\/person\/5c1a9d61132fb33ccec149272abff6e1","name":"Christophe Badonnel","image":{"@type":"ImageObject","inLanguage":"en-GB","@id":"https:\/\/centcols.org\/wp-content\/litespeed\/avatar\/9f363966b51271bd99ebbb6ebd632889.jpg?ver=1777238111","url":"https:\/\/centcols.org\/wp-content\/litespeed\/avatar\/9f363966b51271bd99ebbb6ebd632889.jpg?ver=1777238111","contentUrl":"https:\/\/centcols.org\/wp-content\/litespeed\/avatar\/9f363966b51271bd99ebbb6ebd632889.jpg?ver=1777238111","caption":"Christophe Badonnel"},"url":"https:\/\/centcols.org\/en\/author\/5799\/"}]}},"_links":{"self":[{"href":"https:\/\/centcols.org\/en\/wp-json\/wp\/v2\/posts\/91889","targetHints":{"allow":["GET"]}}],"collection":[{"href":"https:\/\/centcols.org\/en\/wp-json\/wp\/v2\/posts"}],"about":[{"href":"https:\/\/centcols.org\/en\/wp-json\/wp\/v2\/types\/post"}],"author":[{"embeddable":true,"href":"https:\/\/centcols.org\/en\/wp-json\/wp\/v2\/users\/64"}],"replies":[{"embeddable":true,"href":"https:\/\/centcols.org\/en\/wp-json\/wp\/v2\/comments?post=91889"}],"version-history":[{"count":0,"href":"https:\/\/centcols.org\/en\/wp-json\/wp\/v2\/posts\/91889\/revisions"}],"wp:featuredmedia":[{"embeddable":true,"href":"https:\/\/centcols.org\/en\/wp-json\/wp\/v2\/media\/91890"}],"wp:attachment":[{"href":"https:\/\/centcols.org\/en\/wp-json\/wp\/v2\/media?parent=91889"}],"wp:term":[{"taxonomy":"category","embeddable":true,"href":"https:\/\/centcols.org\/en\/wp-json\/wp\/v2\/categories?post=91889"},{"taxonomy":"post_tag","embeddable":true,"href":"https:\/\/centcols.org\/en\/wp-json\/wp\/v2\/tags?post=91889"}],"curies":[{"name":"wp","href":"https:\/\/api.w.org\/{rel}","templated":true}]}}