{"id":91961,"date":"2025-11-12T18:19:04","date_gmt":"2025-11-12T16:19:04","guid":{"rendered":"https:\/\/centcols.org\/?p=91961"},"modified":"2025-12-07T13:00:07","modified_gmt":"2025-12-07T11:00:07","slug":"meeting-of-cent-cols-swiss-2025","status":"publish","type":"post","link":"https:\/\/centcols.org\/en\/reunion-cent-cols-suisses-2025\/","title":{"rendered":"Meeting One Hundred Swiss Passes 2025"},"content":{"rendered":"<h2 class=\"wp-block-heading\"><br>22nd Swiss CC meeting<\/h2>\n\n\n<div class=\"wp-block-image\">\n<figure class=\"aligncenter size-full is-resized\"><a href=\"https:\/\/centcols.org\/wp-content\/uploads\/2025\/11\/reunion-ccsuisse-2025-02.png\"><img loading=\"lazy\" decoding=\"async\" width=\"1000\" height=\"1498\" src=\"https:\/\/centcols.org\/wp-content\/uploads\/2025\/11\/reunion-ccsuisse-2025-02.png\" alt=\"\" class=\"wp-image-92064\" style=\"width:auto;height:600px\" srcset=\"https:\/\/centcols.org\/wp-content\/uploads\/2025\/11\/reunion-ccsuisse-2025-02.png 1000w, https:\/\/centcols.org\/wp-content\/uploads\/2025\/11\/reunion-ccsuisse-2025-02-801x1200.png 801w, https:\/\/centcols.org\/wp-content\/uploads\/2025\/11\/reunion-ccsuisse-2025-02-768x1150.png 768w, https:\/\/centcols.org\/wp-content\/uploads\/2025\/11\/reunion-ccsuisse-2025-02-8x12.png 8w\" sizes=\"auto, (max-width: 1000px) 100vw, 1000px\" \/><\/a><figcaption class=\"wp-element-caption\">Ballens church<\/figcaption><\/figure>\n<\/div>\n\n\n<h2 class=\"wp-block-heading\">Report<\/h2>\n\n\n\n<p>On Saturday 08 November, 41 members met in the foyer of Ballens' main hall. A review of activities in 2025, followed by a programme of events in 2026, accompanied by a slide show. The Blue Line challenge diplomas were awarded to Michel and Jacques, followed by diplomas for 1000 passes to Ursula, Ang\u00e9lika, Pascale and Martin, and for 4000 passes to Pierre. Finally, Patrick told us about the new website that went live this year.<\/p>\n\n\n<div class=\"wp-block-image\">\n<figure class=\"aligncenter size-full is-resized\"><a href=\"https:\/\/centcols.org\/wp-content\/uploads\/2025\/11\/reunion-ccsuiise-2025-36.jpg\"><img loading=\"lazy\" decoding=\"async\" width=\"1000\" height=\"667\" src=\"https:\/\/centcols.org\/wp-content\/uploads\/2025\/11\/reunion-ccsuiise-2025-36.jpg\" alt=\"\" class=\"wp-image-92350\" style=\"width:800px\" srcset=\"https:\/\/centcols.org\/wp-content\/uploads\/2025\/11\/reunion-ccsuiise-2025-36.jpg 1000w, https:\/\/centcols.org\/wp-content\/uploads\/2025\/11\/reunion-ccsuiise-2025-36-768x512.jpg 768w, https:\/\/centcols.org\/wp-content\/uploads\/2025\/11\/reunion-ccsuiise-2025-36-18x12.jpg 18w\" sizes=\"auto, (max-width: 1000px) 100vw, 1000px\" \/><\/a><figcaption class=\"wp-element-caption\">(C)2023 C.Binggeli<\/figcaption><\/figure>\n<\/div>\n\n\n<p>followed by an aperitif ....<\/p>\n\n\n\n<h2 class=\"wp-block-heading\">Photos by Christian, Michel and Pierre<\/h2>\n\n\n\n<blockquote class=\"wp-block-quote is-layout-flow wp-block-quote-is-layout-flow\">\n<p class=\"has-text-align-center\">click to enlarge photos<\/p>\n<\/blockquote>\n\n\n\n<figure class=\"wp-block-gallery has-nested-images columns-default is-cropped wp-block-gallery-1 is-layout-flex wp-block-gallery-is-layout-flex\">\n<figure class=\"wp-block-image size-full\"><a href=\"https:\/\/centcols.org\/wp-content\/uploads\/2025\/11\/reunion-ccsuisse-2025-03.jpg\"><img loading=\"lazy\" decoding=\"async\" width=\"1000\" height=\"750\" data-id=\"92065\" src=\"https:\/\/centcols.org\/wp-content\/uploads\/2025\/11\/reunion-ccsuisse-2025-03.jpg\" alt=\"\" class=\"wp-image-92065\" srcset=\"https:\/\/centcols.org\/wp-content\/uploads\/2025\/11\/reunion-ccsuisse-2025-03.jpg 1000w, https:\/\/centcols.org\/wp-content\/uploads\/2025\/11\/reunion-ccsuisse-2025-03-768x576.jpg 768w, https:\/\/centcols.org\/wp-content\/uploads\/2025\/11\/reunion-ccsuisse-2025-03-16x12.jpg 16w\" sizes=\"auto, (max-width: 1000px) 100vw, 1000px\" \/><\/a><figcaption class=\"wp-element-caption\">The room is ready<\/figcaption><\/figure>\n\n\n\n<figure class=\"wp-block-image size-large\"><a href=\"https:\/\/centcols.org\/wp-content\/uploads\/2025\/11\/reunion-ccsuisse-2025-05.jpg\"><img loading=\"lazy\" decoding=\"async\" width=\"1204\" height=\"800\" data-id=\"92067\" src=\"https:\/\/centcols.org\/wp-content\/uploads\/2025\/11\/reunion-ccsuisse-2025-05.jpg\" alt=\"\" class=\"wp-image-92067\" srcset=\"https:\/\/centcols.org\/wp-content\/uploads\/2025\/11\/reunion-ccsuisse-2025-05.jpg 1204w, https:\/\/centcols.org\/wp-content\/uploads\/2025\/11\/reunion-ccsuisse-2025-05-1200x797.jpg 1200w, https:\/\/centcols.org\/wp-content\/uploads\/2025\/11\/reunion-ccsuisse-2025-05-768x510.jpg 768w, https:\/\/centcols.org\/wp-content\/uploads\/2025\/11\/reunion-ccsuisse-2025-05-18x12.jpg 18w\" sizes=\"auto, (max-width: 1204px) 100vw, 1204px\" \/><\/a><figcaption class=\"wp-element-caption\">Fatiha<\/figcaption><\/figure>\n\n\n\n<figure class=\"wp-block-image size-large\"><a href=\"https:\/\/centcols.org\/wp-content\/uploads\/2025\/11\/reunion-ccsuisse-2025-07.jpg\"><img loading=\"lazy\" decoding=\"async\" width=\"1204\" height=\"800\" data-id=\"92069\" src=\"https:\/\/centcols.org\/wp-content\/uploads\/2025\/11\/reunion-ccsuisse-2025-07.jpg\" alt=\"\" class=\"wp-image-92069\" srcset=\"https:\/\/centcols.org\/wp-content\/uploads\/2025\/11\/reunion-ccsuisse-2025-07.jpg 1204w, https:\/\/centcols.org\/wp-content\/uploads\/2025\/11\/reunion-ccsuisse-2025-07-1200x797.jpg 1200w, https:\/\/centcols.org\/wp-content\/uploads\/2025\/11\/reunion-ccsuisse-2025-07-768x510.jpg 768w, https:\/\/centcols.org\/wp-content\/uploads\/2025\/11\/reunion-ccsuisse-2025-07-18x12.jpg 18w\" sizes=\"auto, (max-width: 1204px) 100vw, 1204px\" \/><\/a><figcaption class=\"wp-element-caption\">Claude, Robin and Pierre<\/figcaption><\/figure>\n<\/figure>\n\n\n\n<figure class=\"wp-block-gallery has-nested-images columns-default is-cropped wp-block-gallery-2 is-layout-flex wp-block-gallery-is-layout-flex\">\n<figure class=\"wp-block-image size-large\"><a href=\"https:\/\/centcols.org\/wp-content\/uploads\/2025\/11\/reunion-ccsuisse-2025-04.jpg\"><img loading=\"lazy\" decoding=\"async\" width=\"1000\" height=\"1333\" data-id=\"92066\" src=\"https:\/\/centcols.org\/wp-content\/uploads\/2025\/11\/reunion-ccsuisse-2025-04.jpg\" alt=\"\" class=\"wp-image-92066\" srcset=\"https:\/\/centcols.org\/wp-content\/uploads\/2025\/11\/reunion-ccsuisse-2025-04.jpg 1000w, https:\/\/centcols.org\/wp-content\/uploads\/2025\/11\/reunion-ccsuisse-2025-04-900x1200.jpg 900w, https:\/\/centcols.org\/wp-content\/uploads\/2025\/11\/reunion-ccsuisse-2025-04-768x1024.jpg 768w, https:\/\/centcols.org\/wp-content\/uploads\/2025\/11\/reunion-ccsuisse-2025-04-9x12.jpg 9w\" sizes=\"auto, (max-width: 1000px) 100vw, 1000px\" \/><\/a><figcaption class=\"wp-element-caption\">Bernard and Pierre<\/figcaption><\/figure>\n\n\n\n<figure class=\"wp-block-image size-large\"><a href=\"https:\/\/centcols.org\/wp-content\/uploads\/2025\/11\/reunion-ccsuisse-2025-06.jpg\"><img loading=\"lazy\" decoding=\"async\" width=\"601\" height=\"800\" data-id=\"92068\" src=\"https:\/\/centcols.org\/wp-content\/uploads\/2025\/11\/reunion-ccsuisse-2025-06.jpg\" alt=\"\" class=\"wp-image-92068\" srcset=\"https:\/\/centcols.org\/wp-content\/uploads\/2025\/11\/reunion-ccsuisse-2025-06.jpg 601w, https:\/\/centcols.org\/wp-content\/uploads\/2025\/11\/reunion-ccsuisse-2025-06-9x12.jpg 9w\" sizes=\"auto, (max-width: 601px) 100vw, 601px\" \/><\/a><figcaption class=\"wp-element-caption\">Jean-Daniel and Pascal<\/figcaption><\/figure>\n\n\n\n<figure class=\"wp-block-image size-large\"><a href=\"https:\/\/centcols.org\/wp-content\/uploads\/2025\/11\/reunion-ccsuisse-2025-08.jpg\"><img loading=\"lazy\" decoding=\"async\" width=\"1200\" height=\"1600\" data-id=\"92070\" src=\"https:\/\/centcols.org\/wp-content\/uploads\/2025\/11\/reunion-ccsuisse-2025-08.jpg\" alt=\"\" class=\"wp-image-92070\" srcset=\"https:\/\/centcols.org\/wp-content\/uploads\/2025\/11\/reunion-ccsuisse-2025-08.jpg 1200w, https:\/\/centcols.org\/wp-content\/uploads\/2025\/11\/reunion-ccsuisse-2025-08-900x1200.jpg 900w, https:\/\/centcols.org\/wp-content\/uploads\/2025\/11\/reunion-ccsuisse-2025-08-768x1024.jpg 768w, https:\/\/centcols.org\/wp-content\/uploads\/2025\/11\/reunion-ccsuisse-2025-08-1152x1536.jpg 1152w, https:\/\/centcols.org\/wp-content\/uploads\/2025\/11\/reunion-ccsuisse-2025-08-9x12.jpg 9w\" sizes=\"auto, (max-width: 1200px) 100vw, 1200px\" \/><\/a><figcaption class=\"wp-element-caption\">S\u00e9bastien, Martin and Pascale<\/figcaption><\/figure>\n\n\n\n<figure class=\"wp-block-image size-large\"><a href=\"https:\/\/centcols.org\/wp-content\/uploads\/2025\/11\/reunion-ccsuisse-2025-09.png\"><img loading=\"lazy\" decoding=\"async\" width=\"1000\" height=\"1498\" data-id=\"92071\" src=\"https:\/\/centcols.org\/wp-content\/uploads\/2025\/11\/reunion-ccsuisse-2025-09.png\" alt=\"\" class=\"wp-image-92071\" srcset=\"https:\/\/centcols.org\/wp-content\/uploads\/2025\/11\/reunion-ccsuisse-2025-09.png 1000w, https:\/\/centcols.org\/wp-content\/uploads\/2025\/11\/reunion-ccsuisse-2025-09-801x1200.png 801w, https:\/\/centcols.org\/wp-content\/uploads\/2025\/11\/reunion-ccsuisse-2025-09-768x1150.png 768w, https:\/\/centcols.org\/wp-content\/uploads\/2025\/11\/reunion-ccsuisse-2025-09-8x12.png 8w\" sizes=\"auto, (max-width: 1000px) 100vw, 1000px\" \/><\/a><figcaption class=\"wp-element-caption\">Nicole (new to the club) and Pierre<\/figcaption><\/figure>\n\n\n\n<figure class=\"wp-block-image size-large\"><a href=\"https:\/\/centcols.org\/wp-content\/uploads\/2025\/11\/reunion-ccsuisse-2025-10.jpg\"><img loading=\"lazy\" decoding=\"async\" width=\"1199\" height=\"800\" data-id=\"92072\" src=\"https:\/\/centcols.org\/wp-content\/uploads\/2025\/11\/reunion-ccsuisse-2025-10.jpg\" alt=\"\" class=\"wp-image-92072\" srcset=\"https:\/\/centcols.org\/wp-content\/uploads\/2025\/11\/reunion-ccsuisse-2025-10.jpg 1199w, https:\/\/centcols.org\/wp-content\/uploads\/2025\/11\/reunion-ccsuisse-2025-10-768x512.jpg 768w, https:\/\/centcols.org\/wp-content\/uploads\/2025\/11\/reunion-ccsuisse-2025-10-18x12.jpg 18w\" sizes=\"auto, (max-width: 1199px) 100vw, 1199px\" \/><\/a><figcaption class=\"wp-element-caption\">start of meeting<\/figcaption><\/figure>\n<\/figure>\n\n\n\n<figure class=\"wp-block-gallery has-nested-images columns-default is-cropped wp-block-gallery-3 is-layout-flex wp-block-gallery-is-layout-flex\">\n<figure class=\"wp-block-image size-large\"><a href=\"https:\/\/centcols.org\/wp-content\/uploads\/2025\/11\/reunion-ccsuisse-2025-11.png\"><img loading=\"lazy\" decoding=\"async\" width=\"1000\" height=\"1498\" data-id=\"92073\" src=\"https:\/\/centcols.org\/wp-content\/uploads\/2025\/11\/reunion-ccsuisse-2025-11.png\" alt=\"\" class=\"wp-image-92073\" srcset=\"https:\/\/centcols.org\/wp-content\/uploads\/2025\/11\/reunion-ccsuisse-2025-11.png 1000w, https:\/\/centcols.org\/wp-content\/uploads\/2025\/11\/reunion-ccsuisse-2025-11-801x1200.png 801w, https:\/\/centcols.org\/wp-content\/uploads\/2025\/11\/reunion-ccsuisse-2025-11-768x1150.png 768w, https:\/\/centcols.org\/wp-content\/uploads\/2025\/11\/reunion-ccsuisse-2025-11-8x12.png 8w\" sizes=\"auto, (max-width: 1000px) 100vw, 1000px\" \/><\/a><figcaption class=\"wp-element-caption\">Guy and Marie-No\u00eblle<\/figcaption><\/figure>\n\n\n\n<figure class=\"wp-block-image size-large\"><a href=\"https:\/\/centcols.org\/wp-content\/uploads\/2025\/11\/reunion-ccsuisse-2025-12.jpg\"><img loading=\"lazy\" decoding=\"async\" width=\"1000\" height=\"1333\" data-id=\"92074\" src=\"https:\/\/centcols.org\/wp-content\/uploads\/2025\/11\/reunion-ccsuisse-2025-12.jpg\" alt=\"\" class=\"wp-image-92074\" srcset=\"https:\/\/centcols.org\/wp-content\/uploads\/2025\/11\/reunion-ccsuisse-2025-12.jpg 1000w, https:\/\/centcols.org\/wp-content\/uploads\/2025\/11\/reunion-ccsuisse-2025-12-900x1200.jpg 900w, https:\/\/centcols.org\/wp-content\/uploads\/2025\/11\/reunion-ccsuisse-2025-12-768x1024.jpg 768w, https:\/\/centcols.org\/wp-content\/uploads\/2025\/11\/reunion-ccsuisse-2025-12-9x12.jpg 9w\" sizes=\"auto, (max-width: 1000px) 100vw, 1000px\" \/><\/a><figcaption class=\"wp-element-caption\">Activity report presented by Pierre<\/figcaption><\/figure>\n<\/figure>\n\n\n\n<hr class=\"wp-block-separator has-alpha-channel-opacity is-style-wide\"\/>\n\n\n\n<div style=\"height:40px\" aria-hidden=\"true\" class=\"wp-block-spacer\"><\/div>\n\n\n\n<figure class=\"wp-block-gallery has-nested-images columns-default is-cropped wp-block-gallery-4 is-layout-flex wp-block-gallery-is-layout-flex\">\n<figure class=\"wp-block-image size-large\"><a href=\"https:\/\/centcols.org\/wp-content\/uploads\/2025\/11\/reunion-ccsuisse-2025-13.jpg\"><img loading=\"lazy\" decoding=\"async\" width=\"493\" height=\"800\" data-id=\"92075\" src=\"https:\/\/centcols.org\/wp-content\/uploads\/2025\/11\/reunion-ccsuisse-2025-13.jpg\" alt=\"\" class=\"wp-image-92075\" srcset=\"https:\/\/centcols.org\/wp-content\/uploads\/2025\/11\/reunion-ccsuisse-2025-13.jpg 493w, https:\/\/centcols.org\/wp-content\/uploads\/2025\/11\/reunion-ccsuisse-2025-13-7x12.jpg 7w\" sizes=\"auto, (max-width: 493px) 100vw, 493px\" \/><\/a><figcaption class=\"wp-element-caption\">Blue Line\u00ab diploma for Jacques and Michel<\/figcaption><\/figure>\n\n\n\n<figure class=\"wp-block-image size-large\"><a href=\"https:\/\/centcols.org\/wp-content\/uploads\/2025\/11\/reunion-ccsuisse-2025-14.jpg\"><img loading=\"lazy\" decoding=\"async\" width=\"594\" height=\"800\" data-id=\"92076\" src=\"https:\/\/centcols.org\/wp-content\/uploads\/2025\/11\/reunion-ccsuisse-2025-14.jpg\" alt=\"\" class=\"wp-image-92076\" srcset=\"https:\/\/centcols.org\/wp-content\/uploads\/2025\/11\/reunion-ccsuisse-2025-14.jpg 594w, https:\/\/centcols.org\/wp-content\/uploads\/2025\/11\/reunion-ccsuisse-2025-14-9x12.jpg 9w\" sizes=\"auto, (max-width: 594px) 100vw, 594px\" \/><\/a><figcaption class=\"wp-element-caption\">Ursula received her diploma for completing 1000 mountain passes<\/figcaption><\/figure>\n\n\n\n<figure class=\"wp-block-image size-large\"><a href=\"https:\/\/centcols.org\/wp-content\/uploads\/2025\/11\/reunion-ccsuisse-2025-15.jpg\"><img loading=\"lazy\" decoding=\"async\" width=\"556\" height=\"800\" data-id=\"92077\" src=\"https:\/\/centcols.org\/wp-content\/uploads\/2025\/11\/reunion-ccsuisse-2025-15.jpg\" alt=\"\" class=\"wp-image-92077\" srcset=\"https:\/\/centcols.org\/wp-content\/uploads\/2025\/11\/reunion-ccsuisse-2025-15.jpg 556w, https:\/\/centcols.org\/wp-content\/uploads\/2025\/11\/reunion-ccsuisse-2025-15-8x12.jpg 8w\" sizes=\"auto, (max-width: 556px) 100vw, 556px\" \/><\/a><figcaption class=\"wp-element-caption\">Ang\u00e9lika received her diploma for completing 1,000 mountain passes<\/figcaption><\/figure>\n\n\n\n<figure class=\"wp-block-image size-large\"><a href=\"https:\/\/centcols.org\/wp-content\/uploads\/2025\/11\/reunion-ccsuisse-2025-16.jpg\"><img loading=\"lazy\" decoding=\"async\" width=\"534\" height=\"800\" data-id=\"92078\" src=\"https:\/\/centcols.org\/wp-content\/uploads\/2025\/11\/reunion-ccsuisse-2025-16.jpg\" alt=\"\" class=\"wp-image-92078\" srcset=\"https:\/\/centcols.org\/wp-content\/uploads\/2025\/11\/reunion-ccsuisse-2025-16.jpg 534w, https:\/\/centcols.org\/wp-content\/uploads\/2025\/11\/reunion-ccsuisse-2025-16-8x12.jpg 8w\" sizes=\"auto, (max-width: 534px) 100vw, 534px\" \/><\/a><figcaption class=\"wp-element-caption\">Pascale received her diploma for completing 1000 mountain passes<\/figcaption><\/figure>\n\n\n\n<figure class=\"wp-block-image size-large\"><a href=\"https:\/\/centcols.org\/wp-content\/uploads\/2025\/11\/reunion-ccsuisse-2025-17.jpg\"><img loading=\"lazy\" decoding=\"async\" width=\"539\" height=\"800\" data-id=\"92079\" src=\"https:\/\/centcols.org\/wp-content\/uploads\/2025\/11\/reunion-ccsuisse-2025-17.jpg\" alt=\"\" class=\"wp-image-92079\" srcset=\"https:\/\/centcols.org\/wp-content\/uploads\/2025\/11\/reunion-ccsuisse-2025-17.jpg 539w, https:\/\/centcols.org\/wp-content\/uploads\/2025\/11\/reunion-ccsuisse-2025-17-8x12.jpg 8w\" sizes=\"auto, (max-width: 539px) 100vw, 539px\" \/><\/a><figcaption class=\"wp-element-caption\">Martin received his diploma for completing 1000 passes and Pierre for completing 4000 passes.<\/figcaption><\/figure>\n<figcaption class=\"blocks-gallery-caption wp-element-caption\">Graduation ceremonies<\/figcaption><\/figure>\n\n\n\n<hr class=\"wp-block-separator has-alpha-channel-opacity is-style-wide\"\/>\n\n\n\n<div style=\"height:50px\" aria-hidden=\"true\" class=\"wp-block-spacer\"><\/div>\n\n\n\n<figure class=\"wp-block-gallery has-nested-images columns-4 is-cropped wp-block-gallery-5 is-layout-flex wp-block-gallery-is-layout-flex\">\n<figure class=\"wp-block-image size-full\"><a href=\"https:\/\/centcols.org\/wp-content\/uploads\/2025\/11\/reunion-ccsuisse-2025-19.jpg\"><img loading=\"lazy\" decoding=\"async\" width=\"1000\" height=\"667\" data-id=\"92081\" src=\"https:\/\/centcols.org\/wp-content\/uploads\/2025\/11\/reunion-ccsuisse-2025-19.jpg\" alt=\"\" class=\"wp-image-92081\" srcset=\"https:\/\/centcols.org\/wp-content\/uploads\/2025\/11\/reunion-ccsuisse-2025-19.jpg 1000w, https:\/\/centcols.org\/wp-content\/uploads\/2025\/11\/reunion-ccsuisse-2025-19-768x512.jpg 768w, https:\/\/centcols.org\/wp-content\/uploads\/2025\/11\/reunion-ccsuisse-2025-19-18x12.jpg 18w\" sizes=\"auto, (max-width: 1000px) 100vw, 1000px\" \/><\/a><figcaption class=\"wp-element-caption\">Nicole and Eric<\/figcaption><\/figure>\n\n\n\n<figure class=\"wp-block-image size-large\"><a href=\"https:\/\/centcols.org\/wp-content\/uploads\/2025\/11\/reunion-ccsuisse-2025-20.jpg\"><img loading=\"lazy\" decoding=\"async\" width=\"1199\" height=\"800\" data-id=\"92082\" src=\"https:\/\/centcols.org\/wp-content\/uploads\/2025\/11\/reunion-ccsuisse-2025-20.jpg\" alt=\"\" class=\"wp-image-92082\" srcset=\"https:\/\/centcols.org\/wp-content\/uploads\/2025\/11\/reunion-ccsuisse-2025-20.jpg 1199w, https:\/\/centcols.org\/wp-content\/uploads\/2025\/11\/reunion-ccsuisse-2025-20-768x512.jpg 768w, https:\/\/centcols.org\/wp-content\/uploads\/2025\/11\/reunion-ccsuisse-2025-20-18x12.jpg 18w\" sizes=\"auto, (max-width: 1199px) 100vw, 1199px\" \/><\/a><figcaption class=\"wp-element-caption\">aperitif<\/figcaption><\/figure>\n\n\n\n<figure class=\"wp-block-image size-large\"><a href=\"https:\/\/centcols.org\/wp-content\/uploads\/2025\/11\/reunion-ccsuisse-2025-21.jpg\"><img loading=\"lazy\" decoding=\"async\" width=\"1000\" height=\"667\" data-id=\"92083\" src=\"https:\/\/centcols.org\/wp-content\/uploads\/2025\/11\/reunion-ccsuisse-2025-21.jpg\" alt=\"\" class=\"wp-image-92083\" srcset=\"https:\/\/centcols.org\/wp-content\/uploads\/2025\/11\/reunion-ccsuisse-2025-21.jpg 1000w, https:\/\/centcols.org\/wp-content\/uploads\/2025\/11\/reunion-ccsuisse-2025-21-768x512.jpg 768w, https:\/\/centcols.org\/wp-content\/uploads\/2025\/11\/reunion-ccsuisse-2025-21-18x12.jpg 18w\" sizes=\"auto, (max-width: 1000px) 100vw, 1000px\" \/><\/a><\/figure>\n\n\n\n<figure class=\"wp-block-image size-large\"><a href=\"https:\/\/centcols.org\/wp-content\/uploads\/2025\/11\/reunion-ccsuisse-2025-22.jpg\"><img loading=\"lazy\" decoding=\"async\" width=\"1270\" height=\"800\" data-id=\"92084\" src=\"https:\/\/centcols.org\/wp-content\/uploads\/2025\/11\/reunion-ccsuisse-2025-22.jpg\" alt=\"\" class=\"wp-image-92084\" srcset=\"https:\/\/centcols.org\/wp-content\/uploads\/2025\/11\/reunion-ccsuisse-2025-22.jpg 1270w, https:\/\/centcols.org\/wp-content\/uploads\/2025\/11\/reunion-ccsuisse-2025-22-1200x756.jpg 1200w, https:\/\/centcols.org\/wp-content\/uploads\/2025\/11\/reunion-ccsuisse-2025-22-768x484.jpg 768w, https:\/\/centcols.org\/wp-content\/uploads\/2025\/11\/reunion-ccsuisse-2025-22-18x12.jpg 18w\" sizes=\"auto, (max-width: 1270px) 100vw, 1270px\" \/><\/a><\/figure>\n\n\n\n<figure class=\"wp-block-image size-large\"><a href=\"https:\/\/centcols.org\/wp-content\/uploads\/2025\/11\/reunion-ccsuisse-2025-18.jpg\"><img loading=\"lazy\" decoding=\"async\" width=\"1200\" height=\"1600\" data-id=\"92080\" src=\"https:\/\/centcols.org\/wp-content\/uploads\/2025\/11\/reunion-ccsuisse-2025-18.jpg\" alt=\"\" class=\"wp-image-92080\" srcset=\"https:\/\/centcols.org\/wp-content\/uploads\/2025\/11\/reunion-ccsuisse-2025-18.jpg 1200w, https:\/\/centcols.org\/wp-content\/uploads\/2025\/11\/reunion-ccsuisse-2025-18-900x1200.jpg 900w, https:\/\/centcols.org\/wp-content\/uploads\/2025\/11\/reunion-ccsuisse-2025-18-768x1024.jpg 768w, https:\/\/centcols.org\/wp-content\/uploads\/2025\/11\/reunion-ccsuisse-2025-18-1152x1536.jpg 1152w, https:\/\/centcols.org\/wp-content\/uploads\/2025\/11\/reunion-ccsuisse-2025-18-9x12.jpg 9w\" sizes=\"auto, (max-width: 1200px) 100vw, 1200px\" \/><\/a><figcaption class=\"wp-element-caption\">Christian, one of the photographers<\/figcaption><\/figure>\n\n\n\n<figure class=\"wp-block-image size-large\"><a href=\"https:\/\/centcols.org\/wp-content\/uploads\/2025\/11\/reunion-ccsuisse-2025-23.png\"><img loading=\"lazy\" decoding=\"async\" width=\"534\" height=\"800\" data-id=\"92085\" src=\"https:\/\/centcols.org\/wp-content\/uploads\/2025\/11\/reunion-ccsuisse-2025-23.png\" alt=\"\" class=\"wp-image-92085\" srcset=\"https:\/\/centcols.org\/wp-content\/uploads\/2025\/11\/reunion-ccsuisse-2025-23.png 534w, https:\/\/centcols.org\/wp-content\/uploads\/2025\/11\/reunion-ccsuisse-2025-23-8x12.png 8w\" sizes=\"auto, (max-width: 534px) 100vw, 534px\" \/><\/a><figcaption class=\"wp-element-caption\">Marc and Pascal<\/figcaption><\/figure>\n\n\n\n<figure class=\"wp-block-image size-large\"><a href=\"https:\/\/centcols.org\/wp-content\/uploads\/2025\/11\/reunion-ccsuisse-2025-24.png\"><img loading=\"lazy\" decoding=\"async\" width=\"534\" height=\"800\" data-id=\"92086\" src=\"https:\/\/centcols.org\/wp-content\/uploads\/2025\/11\/reunion-ccsuisse-2025-24.png\" alt=\"\" class=\"wp-image-92086\" srcset=\"https:\/\/centcols.org\/wp-content\/uploads\/2025\/11\/reunion-ccsuisse-2025-24.png 534w, https:\/\/centcols.org\/wp-content\/uploads\/2025\/11\/reunion-ccsuisse-2025-24-8x12.png 8w\" sizes=\"auto, (max-width: 534px) 100vw, 534px\" \/><\/a><figcaption class=\"wp-element-caption\">Gisela, Alex and Jean-Claude<\/figcaption><\/figure>\n\n\n\n<figure class=\"wp-block-image size-large\"><a href=\"https:\/\/centcols.org\/wp-content\/uploads\/2025\/11\/reunion-ccsuisse-2025-25.png\"><img loading=\"lazy\" decoding=\"async\" width=\"534\" height=\"800\" data-id=\"92087\" src=\"https:\/\/centcols.org\/wp-content\/uploads\/2025\/11\/reunion-ccsuisse-2025-25.png\" alt=\"\" class=\"wp-image-92087\" srcset=\"https:\/\/centcols.org\/wp-content\/uploads\/2025\/11\/reunion-ccsuisse-2025-25.png 534w, https:\/\/centcols.org\/wp-content\/uploads\/2025\/11\/reunion-ccsuisse-2025-25-8x12.png 8w\" sizes=\"auto, (max-width: 534px) 100vw, 534px\" \/><\/a><figcaption class=\"wp-element-caption\">Catherine and Christine<\/figcaption><\/figure>\n\n\n\n<figure class=\"wp-block-image size-large\"><a href=\"https:\/\/centcols.org\/wp-content\/uploads\/2025\/11\/reunion-ccsuisse-2025-26.png\"><img loading=\"lazy\" decoding=\"async\" width=\"534\" height=\"800\" data-id=\"92088\" src=\"https:\/\/centcols.org\/wp-content\/uploads\/2025\/11\/reunion-ccsuisse-2025-26.png\" alt=\"\" class=\"wp-image-92088\" srcset=\"https:\/\/centcols.org\/wp-content\/uploads\/2025\/11\/reunion-ccsuisse-2025-26.png 534w, https:\/\/centcols.org\/wp-content\/uploads\/2025\/11\/reunion-ccsuisse-2025-26-8x12.png 8w\" sizes=\"auto, (max-width: 534px) 100vw, 534px\" \/><\/a><figcaption class=\"wp-element-caption\">Jacques dit Boussole and S\u00e9bastien the \u00abcashier\u00bb.\u00bb<\/figcaption><\/figure>\n<figcaption class=\"blocks-gallery-caption wp-element-caption\">Aperitif<\/figcaption><\/figure>\n\n\n\n<p>and finally Jean-Yves and Pierre get cooking for the raclette.<\/p>\n\n\n<div class=\"wp-block-image\">\n<figure class=\"aligncenter size-full is-resized\"><a href=\"https:\/\/centcols.org\/wp-content\/uploads\/2025\/11\/reunion-ccsuisse-2025-01.jpg\"><img loading=\"lazy\" decoding=\"async\" width=\"1029\" height=\"800\" src=\"https:\/\/centcols.org\/wp-content\/uploads\/2025\/11\/reunion-ccsuisse-2025-01.jpg\" alt=\"\" class=\"wp-image-92063\" style=\"width:600px\" srcset=\"https:\/\/centcols.org\/wp-content\/uploads\/2025\/11\/reunion-ccsuisse-2025-01.jpg 1029w, https:\/\/centcols.org\/wp-content\/uploads\/2025\/11\/reunion-ccsuisse-2025-01-768x597.jpg 768w, https:\/\/centcols.org\/wp-content\/uploads\/2025\/11\/reunion-ccsuisse-2025-01-15x12.jpg 15w\" sizes=\"auto, (max-width: 1029px) 100vw, 1029px\" \/><\/a><figcaption class=\"wp-element-caption\">the beautifully decorated table<\/figcaption><\/figure>\n<\/div>\n\n\n<figure class=\"wp-block-gallery has-nested-images columns-default is-cropped wp-block-gallery-6 is-layout-flex wp-block-gallery-is-layout-flex\">\n<figure class=\"wp-block-image size-large\"><a href=\"https:\/\/centcols.org\/wp-content\/uploads\/2025\/11\/reunion-ccsuisse-2025-27.jpg\"><img loading=\"lazy\" decoding=\"async\" width=\"1199\" height=\"800\" data-id=\"92089\" src=\"https:\/\/centcols.org\/wp-content\/uploads\/2025\/11\/reunion-ccsuisse-2025-27.jpg\" alt=\"\" class=\"wp-image-92089\" srcset=\"https:\/\/centcols.org\/wp-content\/uploads\/2025\/11\/reunion-ccsuisse-2025-27.jpg 1199w, https:\/\/centcols.org\/wp-content\/uploads\/2025\/11\/reunion-ccsuisse-2025-27-768x512.jpg 768w, https:\/\/centcols.org\/wp-content\/uploads\/2025\/11\/reunion-ccsuisse-2025-27-18x12.jpg 18w\" sizes=\"auto, (max-width: 1199px) 100vw, 1199px\" \/><\/a><figcaption class=\"wp-element-caption\">Busy in the kitchen<\/figcaption><\/figure>\n\n\n\n<figure class=\"wp-block-image size-large\"><a href=\"https:\/\/centcols.org\/wp-content\/uploads\/2025\/11\/reunion-ccsuisse-2025-28.jpg\"><img loading=\"lazy\" decoding=\"async\" width=\"1000\" height=\"750\" data-id=\"92090\" src=\"https:\/\/centcols.org\/wp-content\/uploads\/2025\/11\/reunion-ccsuisse-2025-28.jpg\" alt=\"\" class=\"wp-image-92090\" srcset=\"https:\/\/centcols.org\/wp-content\/uploads\/2025\/11\/reunion-ccsuisse-2025-28.jpg 1000w, https:\/\/centcols.org\/wp-content\/uploads\/2025\/11\/reunion-ccsuisse-2025-28-768x576.jpg 768w, https:\/\/centcols.org\/wp-content\/uploads\/2025\/11\/reunion-ccsuisse-2025-28-16x12.jpg 16w\" sizes=\"auto, (max-width: 1000px) 100vw, 1000px\" \/><\/a><figcaption class=\"wp-element-caption\">Patrick and Pierre<\/figcaption><\/figure>\n\n\n\n<figure class=\"wp-block-image size-large\"><a href=\"https:\/\/centcols.org\/wp-content\/uploads\/2025\/11\/reunion-ccsuisse-2025-30.jpg\"><img loading=\"lazy\" decoding=\"async\" width=\"1000\" height=\"667\" data-id=\"92092\" src=\"https:\/\/centcols.org\/wp-content\/uploads\/2025\/11\/reunion-ccsuisse-2025-30.jpg\" alt=\"\" class=\"wp-image-92092\" srcset=\"https:\/\/centcols.org\/wp-content\/uploads\/2025\/11\/reunion-ccsuisse-2025-30.jpg 1000w, https:\/\/centcols.org\/wp-content\/uploads\/2025\/11\/reunion-ccsuisse-2025-30-768x512.jpg 768w, https:\/\/centcols.org\/wp-content\/uploads\/2025\/11\/reunion-ccsuisse-2025-30-18x12.jpg 18w\" sizes=\"auto, (max-width: 1000px) 100vw, 1000px\" \/><\/a><figcaption class=\"wp-element-caption\">Christian, Ursula and Alvaro<\/figcaption><\/figure>\n\n\n\n<figure class=\"wp-block-image size-large\"><a href=\"https:\/\/centcols.org\/wp-content\/uploads\/2025\/11\/reunion-ccsuisse-2025-31.png\"><img loading=\"lazy\" decoding=\"async\" width=\"534\" height=\"800\" data-id=\"92093\" src=\"https:\/\/centcols.org\/wp-content\/uploads\/2025\/11\/reunion-ccsuisse-2025-31.png\" alt=\"\" class=\"wp-image-92093\" srcset=\"https:\/\/centcols.org\/wp-content\/uploads\/2025\/11\/reunion-ccsuisse-2025-31.png 534w, https:\/\/centcols.org\/wp-content\/uploads\/2025\/11\/reunion-ccsuisse-2025-31-8x12.png 8w\" sizes=\"auto, (max-width: 534px) 100vw, 534px\" \/><\/a><figcaption class=\"wp-element-caption\">Heather and Nicole<\/figcaption><\/figure>\n\n\n\n<figure class=\"wp-block-image size-large\"><a href=\"https:\/\/centcols.org\/wp-content\/uploads\/2025\/11\/reunion-ccsuisse-2025-29.png\"><img loading=\"lazy\" decoding=\"async\" width=\"534\" height=\"800\" data-id=\"92091\" src=\"https:\/\/centcols.org\/wp-content\/uploads\/2025\/11\/reunion-ccsuisse-2025-29.png\" alt=\"\" class=\"wp-image-92091\" srcset=\"https:\/\/centcols.org\/wp-content\/uploads\/2025\/11\/reunion-ccsuisse-2025-29.png 534w, https:\/\/centcols.org\/wp-content\/uploads\/2025\/11\/reunion-ccsuisse-2025-29-8x12.png 8w\" sizes=\"auto, (max-width: 534px) 100vw, 534px\" \/><\/a><figcaption class=\"wp-element-caption\">Martin and Pascal<\/figcaption><\/figure>\n\n\n\n<figure class=\"wp-block-image size-large\"><a href=\"https:\/\/centcols.org\/wp-content\/uploads\/2025\/11\/reunion-ccsuisse-2025-32.jpg\"><img loading=\"lazy\" decoding=\"async\" width=\"1200\" height=\"1600\" data-id=\"92094\" src=\"https:\/\/centcols.org\/wp-content\/uploads\/2025\/11\/reunion-ccsuisse-2025-32.jpg\" alt=\"\" class=\"wp-image-92094\" srcset=\"https:\/\/centcols.org\/wp-content\/uploads\/2025\/11\/reunion-ccsuisse-2025-32.jpg 1200w, https:\/\/centcols.org\/wp-content\/uploads\/2025\/11\/reunion-ccsuisse-2025-32-900x1200.jpg 900w, https:\/\/centcols.org\/wp-content\/uploads\/2025\/11\/reunion-ccsuisse-2025-32-768x1024.jpg 768w, https:\/\/centcols.org\/wp-content\/uploads\/2025\/11\/reunion-ccsuisse-2025-32-1152x1536.jpg 1152w, https:\/\/centcols.org\/wp-content\/uploads\/2025\/11\/reunion-ccsuisse-2025-32-9x12.jpg 9w\" sizes=\"auto, (max-width: 1200px) 100vw, 1200px\" \/><\/a><figcaption class=\"wp-element-caption\">Claude, Robin and Pierre ready to taste the Linz pie and amarettis<\/figcaption><\/figure>\n<\/figure>\n\n\n<div class=\"wp-block-image\">\n<figure class=\"aligncenter size-large is-resized\"><a href=\"https:\/\/centcols.org\/wp-content\/uploads\/2025\/11\/reunion-ccsuisse-2025-33.jpg\"><img loading=\"lazy\" decoding=\"async\" width=\"1423\" height=\"800\" src=\"https:\/\/centcols.org\/wp-content\/uploads\/2025\/11\/reunion-ccsuisse-2025-33.jpg\" alt=\"\" class=\"wp-image-92095\" style=\"width:800px\" srcset=\"https:\/\/centcols.org\/wp-content\/uploads\/2025\/11\/reunion-ccsuisse-2025-33.jpg 1423w, https:\/\/centcols.org\/wp-content\/uploads\/2025\/11\/reunion-ccsuisse-2025-33-1200x675.jpg 1200w, https:\/\/centcols.org\/wp-content\/uploads\/2025\/11\/reunion-ccsuisse-2025-33-768x432.jpg 768w, https:\/\/centcols.org\/wp-content\/uploads\/2025\/11\/reunion-ccsuisse-2025-33-18x10.jpg 18w\" sizes=\"auto, (max-width: 1423px) 100vw, 1423px\" \/><\/a><figcaption class=\"wp-element-caption\">Magnificent mille-feuille in the club's colours<\/figcaption><\/figure>\n<\/div>\n\n<div class=\"wp-block-image\">\n<figure class=\"aligncenter size-large is-resized\"><a href=\"https:\/\/centcols.org\/wp-content\/uploads\/2025\/11\/reunion-ccsuisse-2025-34.jpg\"><img loading=\"lazy\" decoding=\"async\" width=\"600\" height=\"800\" src=\"https:\/\/centcols.org\/wp-content\/uploads\/2025\/11\/reunion-ccsuisse-2025-34.jpg\" alt=\"\" class=\"wp-image-92096\" style=\"width:auto;height:600px\" srcset=\"https:\/\/centcols.org\/wp-content\/uploads\/2025\/11\/reunion-ccsuisse-2025-34.jpg 600w, https:\/\/centcols.org\/wp-content\/uploads\/2025\/11\/reunion-ccsuisse-2025-34-9x12.jpg 9w\" sizes=\"auto, (max-width: 600px) 100vw, 600px\" \/><\/a><figcaption class=\"wp-element-caption\">Pascale tries to make the shares equal<\/figcaption><\/figure>\n<\/div>","protected":false},"excerpt":{"rendered":"<p>22e r\u00e9union des CC Suisse Compte-rendu C\u2019est le samedi 08 novembre que 41 membres se sont retrouv\u00e9s au foyer de la grande salle de Ballens. R\u00e9trospective des activit\u00e9s 2025, suivie du programme des rendez-vous 2026 accompagn\u00e9 par un diaporama. Une remise des dipl\u00f4mes du challenge de la Ligne Bleu \u00e0 Michel et Jacques puis des [&hellip;]<\/p>\n","protected":false},"author":5112,"featured_media":92350,"comment_status":"open","ping_status":"closed","sticky":false,"template":"","format":"standard","meta":{"_acf_changed":false,"footnotes":""},"categories":[135,216],"tags":[],"class_list":["post-91961","post","type-post","status-publish","format-standard","has-post-thumbnail","hentry","category-calendrier","category-rencontres-regionales"],"acf":[],"yoast_head":"<!-- This site is optimized with the Yoast SEO plugin v27.2 - https:\/\/yoast.com\/product\/yoast-seo-wordpress\/ -->\n<title>R\u00e9union Cent Cols suisses 2025 - Club des Cent Cols<\/title>\n<meta name=\"robots\" content=\"index, follow, max-snippet:-1, max-image-preview:large, max-video-preview:-1\" \/>\n<link rel=\"canonical\" href=\"https:\/\/centcols.org\/en\/meeting-of-cent-cols-swiss-2025\/\" \/>\n<meta property=\"og:locale\" content=\"en_GB\" \/>\n<meta property=\"og:type\" content=\"article\" \/>\n<meta property=\"og:title\" content=\"R\u00e9union Cent Cols suisses 2025 - Club des Cent Cols\" \/>\n<meta property=\"og:description\" content=\"22e r\u00e9union des CC Suisse Compte-rendu C\u2019est le samedi 08 novembre que 41 membres se sont retrouv\u00e9s au foyer de la grande salle de Ballens. R\u00e9trospective des activit\u00e9s 2025, suivie du programme des rendez-vous 2026 accompagn\u00e9 par un diaporama. Une remise des dipl\u00f4mes du challenge de la Ligne Bleu \u00e0 Michel et Jacques puis des [&hellip;]\" \/>\n<meta property=\"og:url\" content=\"https:\/\/centcols.org\/en\/meeting-of-cent-cols-swiss-2025\/\" \/>\n<meta property=\"og:site_name\" content=\"Club des Cent Cols\" \/>\n<meta property=\"article:publisher\" content=\"https:\/\/www.facebook.com\/groups\/5261880558\/?locale=fr_FR\" \/>\n<meta property=\"article:published_time\" content=\"2025-11-12T16:19:04+00:00\" \/>\n<meta property=\"article:modified_time\" content=\"2025-12-07T11:00:07+00:00\" \/>\n<meta property=\"og:image\" content=\"https:\/\/centcols.org\/wp-content\/uploads\/2025\/11\/reunion-ccsuiise-2025-36.jpg\" \/>\n\t<meta property=\"og:image:width\" content=\"1000\" \/>\n\t<meta property=\"og:image:height\" content=\"667\" \/>\n\t<meta property=\"og:image:type\" content=\"image\/jpeg\" \/>\n<meta name=\"author\" content=\"R\u00e9gis Paraz\" \/>\n<meta name=\"twitter:card\" content=\"summary_large_image\" \/>\n<meta name=\"twitter:label1\" content=\"Written by\" \/>\n\t<meta name=\"twitter:data1\" content=\"R\u00e9gis Paraz\" \/>\n\t<meta name=\"twitter:label2\" content=\"Estimated reading time\" \/>\n\t<meta name=\"twitter:data2\" content=\"9 minutes\" \/>\n<script type=\"application\/ld+json\" class=\"yoast-schema-graph\">{\"@context\":\"https:\/\/schema.org\",\"@graph\":[{\"@type\":\"Article\",\"@id\":\"https:\/\/centcols.org\/reunion-cent-cols-suisses-2025\/#article\",\"isPartOf\":{\"@id\":\"https:\/\/centcols.org\/reunion-cent-cols-suisses-2025\/\"},\"author\":{\"name\":\"R\u00e9gis Paraz\",\"@id\":\"https:\/\/centcols.org\/#\/schema\/person\/6733615a03fdc98c0aef104567c81e13\"},\"headline\":\"R\u00e9union Cent Cols suisses 2025\",\"datePublished\":\"2025-11-12T16:19:04+00:00\",\"dateModified\":\"2025-12-07T11:00:07+00:00\",\"mainEntityOfPage\":{\"@id\":\"https:\/\/centcols.org\/reunion-cent-cols-suisses-2025\/\"},\"wordCount\":312,\"commentCount\":0,\"publisher\":{\"@id\":\"https:\/\/centcols.org\/#organization\"},\"image\":{\"@id\":\"https:\/\/centcols.org\/reunion-cent-cols-suisses-2025\/#primaryimage\"},\"thumbnailUrl\":\"https:\/\/centcols.org\/wp-content\/uploads\/2025\/11\/reunion-ccsuiise-2025-36.jpg\",\"articleSection\":[\"Calendrier\",\"Rencontres r\u00e9gionales\"],\"inLanguage\":\"en-GB\",\"potentialAction\":[{\"@type\":\"CommentAction\",\"name\":\"Comment\",\"target\":[\"https:\/\/centcols.org\/reunion-cent-cols-suisses-2025\/#respond\"]}]},{\"@type\":\"WebPage\",\"@id\":\"https:\/\/centcols.org\/reunion-cent-cols-suisses-2025\/\",\"url\":\"https:\/\/centcols.org\/reunion-cent-cols-suisses-2025\/\",\"name\":\"R\u00e9union Cent Cols suisses 2025 - Club des Cent Cols\",\"isPartOf\":{\"@id\":\"https:\/\/centcols.org\/#website\"},\"primaryImageOfPage\":{\"@id\":\"https:\/\/centcols.org\/reunion-cent-cols-suisses-2025\/#primaryimage\"},\"image\":{\"@id\":\"https:\/\/centcols.org\/reunion-cent-cols-suisses-2025\/#primaryimage\"},\"thumbnailUrl\":\"https:\/\/centcols.org\/wp-content\/uploads\/2025\/11\/reunion-ccsuiise-2025-36.jpg\",\"datePublished\":\"2025-11-12T16:19:04+00:00\",\"dateModified\":\"2025-12-07T11:00:07+00:00\",\"breadcrumb\":{\"@id\":\"https:\/\/centcols.org\/reunion-cent-cols-suisses-2025\/#breadcrumb\"},\"inLanguage\":\"en-GB\",\"potentialAction\":[{\"@type\":\"ReadAction\",\"target\":[\"https:\/\/centcols.org\/reunion-cent-cols-suisses-2025\/\"]}]},{\"@type\":\"ImageObject\",\"inLanguage\":\"en-GB\",\"@id\":\"https:\/\/centcols.org\/reunion-cent-cols-suisses-2025\/#primaryimage\",\"url\":\"https:\/\/centcols.org\/wp-content\/uploads\/2025\/11\/reunion-ccsuiise-2025-36.jpg\",\"contentUrl\":\"https:\/\/centcols.org\/wp-content\/uploads\/2025\/11\/reunion-ccsuiise-2025-36.jpg\",\"width\":1000,\"height\":667,\"caption\":\"(C)2023 C.Binggeli\"},{\"@type\":\"BreadcrumbList\",\"@id\":\"https:\/\/centcols.org\/reunion-cent-cols-suisses-2025\/#breadcrumb\",\"itemListElement\":[{\"@type\":\"ListItem\",\"position\":1,\"name\":\"Accueil\",\"item\":\"https:\/\/centcols.org\/\"},{\"@type\":\"ListItem\",\"position\":2,\"name\":\"Calendrier\",\"item\":\"https:\/\/centcols.org\/rubrique\/calendrier\/\"},{\"@type\":\"ListItem\",\"position\":3,\"name\":\"R\u00e9union Cent Cols suisses 2025\"}]},{\"@type\":\"WebSite\",\"@id\":\"https:\/\/centcols.org\/#website\",\"url\":\"https:\/\/centcols.org\/\",\"name\":\"Club des Cent Cols\",\"description\":\"\",\"publisher\":{\"@id\":\"https:\/\/centcols.org\/#organization\"},\"potentialAction\":[{\"@type\":\"SearchAction\",\"target\":{\"@type\":\"EntryPoint\",\"urlTemplate\":\"https:\/\/centcols.org\/?s={search_term_string}\"},\"query-input\":{\"@type\":\"PropertyValueSpecification\",\"valueRequired\":true,\"valueName\":\"search_term_string\"}}],\"inLanguage\":\"en-GB\"},{\"@type\":\"Organization\",\"@id\":\"https:\/\/centcols.org\/#organization\",\"name\":\"Club des Cent Cols\",\"url\":\"https:\/\/centcols.org\/\",\"logo\":{\"@type\":\"ImageObject\",\"inLanguage\":\"en-GB\",\"@id\":\"https:\/\/centcols.org\/#\/schema\/logo\/image\/\",\"url\":\"https:\/\/centcols.org\/wp-content\/uploads\/2025\/01\/carte-icone.png\",\"contentUrl\":\"https:\/\/centcols.org\/wp-content\/uploads\/2025\/01\/carte-icone.png\",\"width\":250,\"height\":250,\"caption\":\"Club des Cent Cols\"},\"image\":{\"@id\":\"https:\/\/centcols.org\/#\/schema\/logo\/image\/\"},\"sameAs\":[\"https:\/\/www.facebook.com\/groups\/5261880558\/?locale=fr_FR\"]},{\"@type\":\"Person\",\"@id\":\"https:\/\/centcols.org\/#\/schema\/person\/6733615a03fdc98c0aef104567c81e13\",\"name\":\"R\u00e9gis Paraz\",\"image\":{\"@type\":\"ImageObject\",\"inLanguage\":\"en-GB\",\"@id\":\"https:\/\/centcols.org\/wp-content\/litespeed\/avatar\/e5679bd124a28f7319d109cd5c2c0dd7.jpg?ver=1777239746\",\"url\":\"https:\/\/centcols.org\/wp-content\/litespeed\/avatar\/e5679bd124a28f7319d109cd5c2c0dd7.jpg?ver=1777239746\",\"contentUrl\":\"https:\/\/centcols.org\/wp-content\/litespeed\/avatar\/e5679bd124a28f7319d109cd5c2c0dd7.jpg?ver=1777239746\",\"caption\":\"R\u00e9gis Paraz\"},\"url\":\"https:\/\/centcols.org\/en\/author\/3225\/\"}]}<\/script>\n<!-- \/ Yoast SEO plugin. -->","yoast_head_json":{"title":"Meeting Cent Cols suisses 2025 - Club des Cent Cols","robots":{"index":"index","follow":"follow","max-snippet":"max-snippet:-1","max-image-preview":"max-image-preview:large","max-video-preview":"max-video-preview:-1"},"canonical":"https:\/\/centcols.org\/en\/meeting-of-cent-cols-swiss-2025\/","og_locale":"en_GB","og_type":"article","og_title":"R\u00e9union Cent Cols suisses 2025 - Club des Cent Cols","og_description":"22e r\u00e9union des CC Suisse Compte-rendu C\u2019est le samedi 08 novembre que 41 membres se sont retrouv\u00e9s au foyer de la grande salle de Ballens. R\u00e9trospective des activit\u00e9s 2025, suivie du programme des rendez-vous 2026 accompagn\u00e9 par un diaporama. Une remise des dipl\u00f4mes du challenge de la Ligne Bleu \u00e0 Michel et Jacques puis des [&hellip;]","og_url":"https:\/\/centcols.org\/en\/meeting-of-cent-cols-swiss-2025\/","og_site_name":"Club des Cent Cols","article_publisher":"https:\/\/www.facebook.com\/groups\/5261880558\/?locale=fr_FR","article_published_time":"2025-11-12T16:19:04+00:00","article_modified_time":"2025-12-07T11:00:07+00:00","og_image":[{"width":1000,"height":667,"url":"https:\/\/centcols.org\/wp-content\/uploads\/2025\/11\/reunion-ccsuiise-2025-36.jpg","type":"image\/jpeg"}],"author":"R\u00e9gis Paraz","twitter_card":"summary_large_image","twitter_misc":{"Written by":"R\u00e9gis Paraz","Estimated reading time":"9 minutes"},"schema":{"@context":"https:\/\/schema.org","@graph":[{"@type":"Article","@id":"https:\/\/centcols.org\/reunion-cent-cols-suisses-2025\/#article","isPartOf":{"@id":"https:\/\/centcols.org\/reunion-cent-cols-suisses-2025\/"},"author":{"name":"R\u00e9gis Paraz","@id":"https:\/\/centcols.org\/#\/schema\/person\/6733615a03fdc98c0aef104567c81e13"},"headline":"R\u00e9union Cent Cols suisses 2025","datePublished":"2025-11-12T16:19:04+00:00","dateModified":"2025-12-07T11:00:07+00:00","mainEntityOfPage":{"@id":"https:\/\/centcols.org\/reunion-cent-cols-suisses-2025\/"},"wordCount":312,"commentCount":0,"publisher":{"@id":"https:\/\/centcols.org\/#organization"},"image":{"@id":"https:\/\/centcols.org\/reunion-cent-cols-suisses-2025\/#primaryimage"},"thumbnailUrl":"https:\/\/centcols.org\/wp-content\/uploads\/2025\/11\/reunion-ccsuiise-2025-36.jpg","articleSection":["Calendrier","Rencontres r\u00e9gionales"],"inLanguage":"en-GB","potentialAction":[{"@type":"CommentAction","name":"Comment","target":["https:\/\/centcols.org\/reunion-cent-cols-suisses-2025\/#respond"]}]},{"@type":"WebPage","@id":"https:\/\/centcols.org\/reunion-cent-cols-suisses-2025\/","url":"https:\/\/centcols.org\/reunion-cent-cols-suisses-2025\/","name":"Meeting Cent Cols suisses 2025 - Club des Cent Cols","isPartOf":{"@id":"https:\/\/centcols.org\/#website"},"primaryImageOfPage":{"@id":"https:\/\/centcols.org\/reunion-cent-cols-suisses-2025\/#primaryimage"},"image":{"@id":"https:\/\/centcols.org\/reunion-cent-cols-suisses-2025\/#primaryimage"},"thumbnailUrl":"https:\/\/centcols.org\/wp-content\/uploads\/2025\/11\/reunion-ccsuiise-2025-36.jpg","datePublished":"2025-11-12T16:19:04+00:00","dateModified":"2025-12-07T11:00:07+00:00","breadcrumb":{"@id":"https:\/\/centcols.org\/reunion-cent-cols-suisses-2025\/#breadcrumb"},"inLanguage":"en-GB","potentialAction":[{"@type":"ReadAction","target":["https:\/\/centcols.org\/reunion-cent-cols-suisses-2025\/"]}]},{"@type":"ImageObject","inLanguage":"en-GB","@id":"https:\/\/centcols.org\/reunion-cent-cols-suisses-2025\/#primaryimage","url":"https:\/\/centcols.org\/wp-content\/uploads\/2025\/11\/reunion-ccsuiise-2025-36.jpg","contentUrl":"https:\/\/centcols.org\/wp-content\/uploads\/2025\/11\/reunion-ccsuiise-2025-36.jpg","width":1000,"height":667,"caption":"(C)2023 C.Binggeli"},{"@type":"BreadcrumbList","@id":"https:\/\/centcols.org\/reunion-cent-cols-suisses-2025\/#breadcrumb","itemListElement":[{"@type":"ListItem","position":1,"name":"Accueil","item":"https:\/\/centcols.org\/"},{"@type":"ListItem","position":2,"name":"Calendrier","item":"https:\/\/centcols.org\/rubrique\/calendrier\/"},{"@type":"ListItem","position":3,"name":"R\u00e9union Cent Cols suisses 2025"}]},{"@type":"WebSite","@id":"https:\/\/centcols.org\/#website","url":"https:\/\/centcols.org\/","name":"Club des Cent Cols","description":"","publisher":{"@id":"https:\/\/centcols.org\/#organization"},"potentialAction":[{"@type":"SearchAction","target":{"@type":"EntryPoint","urlTemplate":"https:\/\/centcols.org\/?s={search_term_string}"},"query-input":{"@type":"PropertyValueSpecification","valueRequired":true,"valueName":"search_term_string"}}],"inLanguage":"en-GB"},{"@type":"Organization","@id":"https:\/\/centcols.org\/#organization","name":"Club des Cent Cols","url":"https:\/\/centcols.org\/","logo":{"@type":"ImageObject","inLanguage":"en-GB","@id":"https:\/\/centcols.org\/#\/schema\/logo\/image\/","url":"https:\/\/centcols.org\/wp-content\/uploads\/2025\/01\/carte-icone.png","contentUrl":"https:\/\/centcols.org\/wp-content\/uploads\/2025\/01\/carte-icone.png","width":250,"height":250,"caption":"Club des Cent Cols"},"image":{"@id":"https:\/\/centcols.org\/#\/schema\/logo\/image\/"},"sameAs":["https:\/\/www.facebook.com\/groups\/5261880558\/?locale=fr_FR"]},{"@type":"Person","@id":"https:\/\/centcols.org\/#\/schema\/person\/6733615a03fdc98c0aef104567c81e13","name":"R\u00e9gis Paraz","image":{"@type":"ImageObject","inLanguage":"en-GB","@id":"https:\/\/centcols.org\/wp-content\/litespeed\/avatar\/e5679bd124a28f7319d109cd5c2c0dd7.jpg?ver=1777239746","url":"https:\/\/centcols.org\/wp-content\/litespeed\/avatar\/e5679bd124a28f7319d109cd5c2c0dd7.jpg?ver=1777239746","contentUrl":"https:\/\/centcols.org\/wp-content\/litespeed\/avatar\/e5679bd124a28f7319d109cd5c2c0dd7.jpg?ver=1777239746","caption":"R\u00e9gis Paraz"},"url":"https:\/\/centcols.org\/en\/author\/3225\/"}]}},"_links":{"self":[{"href":"https:\/\/centcols.org\/en\/wp-json\/wp\/v2\/posts\/91961","targetHints":{"allow":["GET"]}}],"collection":[{"href":"https:\/\/centcols.org\/en\/wp-json\/wp\/v2\/posts"}],"about":[{"href":"https:\/\/centcols.org\/en\/wp-json\/wp\/v2\/types\/post"}],"author":[{"embeddable":true,"href":"https:\/\/centcols.org\/en\/wp-json\/wp\/v2\/users\/5112"}],"replies":[{"embeddable":true,"href":"https:\/\/centcols.org\/en\/wp-json\/wp\/v2\/comments?post=91961"}],"version-history":[{"count":0,"href":"https:\/\/centcols.org\/en\/wp-json\/wp\/v2\/posts\/91961\/revisions"}],"wp:featuredmedia":[{"embeddable":true,"href":"https:\/\/centcols.org\/en\/wp-json\/wp\/v2\/media\/92350"}],"wp:attachment":[{"href":"https:\/\/centcols.org\/en\/wp-json\/wp\/v2\/media?parent=91961"}],"wp:term":[{"taxonomy":"category","embeddable":true,"href":"https:\/\/centcols.org\/en\/wp-json\/wp\/v2\/categories?post=91961"},{"taxonomy":"post_tag","embeddable":true,"href":"https:\/\/centcols.org\/en\/wp-json\/wp\/v2\/tags?post=91961"}],"curies":[{"name":"wp","href":"https:\/\/api.w.org\/{rel}","templated":true}]}}