{"id":92267,"date":"2025-11-26T18:36:51","date_gmt":"2025-11-26T16:36:51","guid":{"rendered":"https:\/\/centcols.org\/?p=92267"},"modified":"2026-03-14T16:22:39","modified_gmt":"2026-03-14T14:22:39","slug":"es-b-avia-mountain-bike","status":"publish","type":"post","link":"https:\/\/centcols.org\/en\/es-b-avia-vtt\/","title":{"rendered":"ES-B Avia \u2013 Mountain biking 70 km, elevation gain 1,390 m, 10 mountain passes"},"content":{"rendered":"<iframe width=\"100%\" height=\"650\" loading=\"lazy\" src=\"https:\/\/www.openrunner.com\/embed\/74664a6d572f6846764f6a695377355368383773364e6e676e3748633935625a4a4a3851446a38397059513d3a3ab2e918087b3b8ef8c04f4891707dbb1a?unit=metric\" style=\"border: none;\"><\/iframe>\n\n\n\n<div style=\"height:30px\" aria-hidden=\"true\" class=\"wp-block-spacer\"><\/div>\n\n\n\n<h2 class=\"wp-block-heading\">Author description<\/h2>\n\n\n\n<p><strong>Author<\/strong>s: Patrick Mandard and Philippe Chazottier<br><strong>Course<\/strong> : carried out in November 2025<br><strong>Departure<\/strong> : Avia (province of Barcelona), from the hotel \u00abLa Rodia\u00bb (<a href=\"https:\/\/www.hostallaroda.com\/\" target=\"_blank\" rel=\"noreferrer noopener\">https:\/\/www.hostallaroda.com\/<\/a>), Sobresatrada district, 1 km from the town centre. Departure possible from the town centre car park opposite the town hall (in Catalan: ajuntament).<\/p>\n\n\n\n<div style=\"height:30px\" aria-hidden=\"true\" class=\"wp-block-spacer\"><\/div>\n\n\n\n<h2 class=\"wp-block-heading\">Tourist information<\/h2>\n\n\n\n<p>The route follows roads and tracks south of Berga through gentle countryside. Beautiful views of the town.<\/p>\n\n\n\n<div style=\"height:30px\" aria-hidden=\"true\" class=\"wp-block-spacer\"><\/div>\n\n\n\n<h2 class=\"wp-block-heading\">Technical specifications<\/h2>\n\n\n\n<p>Cycling route at 100%. Suitable for gravel bikes. Smooth, wide tracks in good condition. Few trails, many paved sections. Be careful 300 metres after the La Creu Vermella pass, there is a right turn that you must not miss: follow the arrow sign.<\/p>\n\n\n\n<div style=\"height:30px\" aria-hidden=\"true\" class=\"wp-block-spacer\"><\/div>\n\n\n\n<p><strong>10 collars<\/strong><\/p>\n\n\n\n<figure class=\"wp-block-table\"><table class=\"has-fixed-layout\"><tbody><tr><td>1 \u2013 El Collet\u00f3<\/td><td class=\"has-text-align-center\" data-align=\"center\">556 metres<\/td><td><a href=\"https:\/\/centcols.org\/en\/util\/geo\/visu.php\/?code=ES-B-0560\" target=\"_blank\" rel=\"noreferrer noopener\">ES-B-0560<\/a><\/td><\/tr><tr><td>2 \u2013 Coll Bernat<\/td><td class=\"has-text-align-center\" data-align=\"center\">558 metres<\/td><td><a href=\"https:\/\/centcols.org\/en\/util\/geo\/visu.php\/?code=ES-B-0550a\" target=\"_blank\" rel=\"noreferrer noopener\">ES-B-0550a<\/a><\/td><\/tr><tr><td>3 \u2013 Coll de la Perutxa<\/td><td class=\"has-text-align-center\" data-align=\"center\">547 metres<\/td><td><a href=\"https:\/\/centcols.org\/en\/util\/geo\/visu.php\/?code=ES-B-0550f\" target=\"_blank\" rel=\"noreferrer noopener\">ES-B-0550e<\/a><\/td><\/tr><tr><td>4 \u2013 Coll de Biure<\/td><td class=\"has-text-align-center\" data-align=\"center\">560 metres<\/td><td><a href=\"https:\/\/centcols.org\/en\/util\/geo\/visu.php\/?code=ES-B-0560a\" target=\"_blank\" rel=\"noreferrer noopener\">ES-B-0560a<\/a><\/td><\/tr><tr><td>5 \u2013 The Red Cross<\/td><td class=\"has-text-align-center\" data-align=\"center\">650 metres<\/td><td><a href=\"https:\/\/centcols.org\/en\/util\/geo\/visu.php\/?code=ES-B-0650j\" target=\"_blank\" rel=\"noreferrer noopener\">ES-B-0650j<\/a><\/td><\/tr><tr><td>6 \u2013 Coll de Cabra<\/td><td class=\"has-text-align-center\" data-align=\"center\">634 metres<\/td><td><a href=\"https:\/\/centcols.org\/en\/util\/geo\/visu.php\/?code=ES-B-0630c\" target=\"_blank\" rel=\"noreferrer noopener\">ES-B-0630c<\/a><\/td><\/tr><tr><td>7 \u2013 Senyera Pass<\/td><td class=\"has-text-align-center\" data-align=\"center\">570 metres<\/td><td><a href=\"https:\/\/centcols.org\/en\/util\/geo\/visu.php\/?code=ES-B-0570f\" target=\"_blank\" rel=\"noreferrer noopener\">ES-B-0570e<\/a><\/td><\/tr><tr><td>8 \u2013 El Coll de Ralic<\/td><td class=\"has-text-align-center\" data-align=\"center\">630 metres<\/td><td><a href=\"https:\/\/centcols.org\/en\/util\/geo\/visu.php\/?code=ES-B-0630k\" target=\"_blank\" rel=\"noreferrer noopener\">ES-B-0630k<\/a><\/td><\/tr><tr><td>9 \u2013 El Collet<\/td><td class=\"has-text-align-center\" data-align=\"center\">610 metres<\/td><td><a href=\"https:\/\/centcols.org\/en\/util\/geo\/visu.php\/?code=ES-B-0610i\" target=\"_blank\" rel=\"noreferrer noopener\">ES-B-0610i<\/a><\/td><\/tr><tr><td>10 \u2013 El Collet<\/td><td class=\"has-text-align-center\" data-align=\"center\">594 metres<\/td><td><a href=\"https:\/\/centcols.org\/en\/util\/geo\/visu.php\/?code=ES-B-0594a\" target=\"_blank\" rel=\"noreferrer noopener\">ES-B-0594a<\/a><\/td><\/tr><\/tbody><\/table><\/figure>\n\n\n\n<p><strong>Keywords<\/strong> : Avia, Barcelona, Berga, Centcols<\/p>\n\n\n\n<p>Openrunner link, interactive map, profile, track : <a href=\"https:\/\/www.openrunner.com\/route-details\/22939033\" target=\"_blank\" rel=\"noreferrer noopener\">https:\/\/www.openrunner.com\/route-details\/22939033<\/a><\/p>\n\n\n\n<p>This itinerary is provided for information only. The author accepts no liability, nor that of the Club des Cent Cols, for any imponderables due to the cyclist himself, the equipment used or anything to do with the road, tracks and paths, their surroundings or other users.<\/p>\n\n\n\n<div style=\"height:30px\" aria-hidden=\"true\" class=\"wp-block-spacer\"><\/div>\n\n\n\n<h2 class=\"wp-block-heading\">Photos<\/h2>\n\n\n\n<figure class=\"wp-block-gallery has-nested-images columns-default is-cropped wp-block-gallery-1 is-layout-flex wp-block-gallery-is-layout-flex\">\n<figure class=\"wp-block-image size-full\"><a href=\"https:\/\/centcols.org\/wp-content\/uploads\/2025\/11\/AVIA-HOTEL.jpg\" target=\"_blank\" rel=\" noreferrer noopener\"><img loading=\"lazy\" decoding=\"async\" width=\"900\" height=\"1200\" data-id=\"92266\" src=\"https:\/\/centcols.org\/wp-content\/uploads\/2025\/11\/AVIA-HOTEL.jpg\" alt=\"\" class=\"wp-image-92266\" srcset=\"https:\/\/centcols.org\/wp-content\/uploads\/2025\/11\/AVIA-HOTEL.jpg 900w, https:\/\/centcols.org\/wp-content\/uploads\/2025\/11\/AVIA-HOTEL-768x1024.jpg 768w, https:\/\/centcols.org\/wp-content\/uploads\/2025\/11\/AVIA-HOTEL-9x12.jpg 9w\" sizes=\"auto, (max-width: 900px) 100vw, 900px\" \/><\/a><figcaption class=\"wp-element-caption\">Departure from the hotel<\/figcaption><\/figure>\n\n\n\n<figure class=\"wp-block-image size-full\"><a href=\"https:\/\/centcols.org\/wp-content\/uploads\/2025\/11\/AVIA-6.jpg\"><img loading=\"lazy\" decoding=\"async\" width=\"900\" height=\"1200\" data-id=\"92265\" src=\"https:\/\/centcols.org\/wp-content\/uploads\/2025\/11\/AVIA-6.jpg\" alt=\"\" class=\"wp-image-92265\" srcset=\"https:\/\/centcols.org\/wp-content\/uploads\/2025\/11\/AVIA-6.jpg 900w, https:\/\/centcols.org\/wp-content\/uploads\/2025\/11\/AVIA-6-768x1024.jpg 768w, https:\/\/centcols.org\/wp-content\/uploads\/2025\/11\/AVIA-6-9x12.jpg 9w\" sizes=\"auto, (max-width: 900px) 100vw, 900px\" \/><\/a><\/figure>\n\n\n\n<figure class=\"wp-block-image size-full\"><a href=\"https:\/\/centcols.org\/wp-content\/uploads\/2025\/11\/AVIA-5.jpg\"><img loading=\"lazy\" decoding=\"async\" width=\"1200\" height=\"838\" data-id=\"92264\" src=\"https:\/\/centcols.org\/wp-content\/uploads\/2025\/11\/AVIA-5.jpg\" alt=\"\" class=\"wp-image-92264\" srcset=\"https:\/\/centcols.org\/wp-content\/uploads\/2025\/11\/AVIA-5.jpg 1200w, https:\/\/centcols.org\/wp-content\/uploads\/2025\/11\/AVIA-5-768x536.jpg 768w, https:\/\/centcols.org\/wp-content\/uploads\/2025\/11\/AVIA-5-18x12.jpg 18w\" sizes=\"auto, (max-width: 1200px) 100vw, 1200px\" \/><\/a><\/figure>\n\n\n\n<figure class=\"wp-block-image size-large\"><a href=\"https:\/\/centcols.org\/wp-content\/uploads\/2025\/11\/AVIA-4.jpg\"><img loading=\"lazy\" decoding=\"async\" width=\"1200\" height=\"673\" data-id=\"92263\" src=\"https:\/\/centcols.org\/wp-content\/uploads\/2025\/11\/AVIA-4.jpg\" alt=\"\" class=\"wp-image-92263\" srcset=\"https:\/\/centcols.org\/wp-content\/uploads\/2025\/11\/AVIA-4.jpg 1200w, https:\/\/centcols.org\/wp-content\/uploads\/2025\/11\/AVIA-4-768x431.jpg 768w, https:\/\/centcols.org\/wp-content\/uploads\/2025\/11\/AVIA-4-18x10.jpg 18w\" sizes=\"auto, (max-width: 1200px) 100vw, 1200px\" \/><\/a><\/figure>\n\n\n\n<figure class=\"wp-block-image size-large\"><a href=\"https:\/\/centcols.org\/wp-content\/uploads\/2025\/11\/AVIA-3.jpg\"><img loading=\"lazy\" decoding=\"async\" width=\"1200\" height=\"900\" data-id=\"92262\" src=\"https:\/\/centcols.org\/wp-content\/uploads\/2025\/11\/AVIA-3.jpg\" alt=\"\" class=\"wp-image-92262\" srcset=\"https:\/\/centcols.org\/wp-content\/uploads\/2025\/11\/AVIA-3.jpg 1200w, https:\/\/centcols.org\/wp-content\/uploads\/2025\/11\/AVIA-3-768x576.jpg 768w, https:\/\/centcols.org\/wp-content\/uploads\/2025\/11\/AVIA-3-16x12.jpg 16w\" sizes=\"auto, (max-width: 1200px) 100vw, 1200px\" \/><\/a><\/figure>\n\n\n\n<figure class=\"wp-block-image size-large\"><a href=\"https:\/\/centcols.org\/wp-content\/uploads\/2025\/11\/AVIA-2.jpg\"><img loading=\"lazy\" decoding=\"async\" width=\"1200\" height=\"612\" data-id=\"92261\" src=\"https:\/\/centcols.org\/wp-content\/uploads\/2025\/11\/AVIA-2.jpg\" alt=\"\" class=\"wp-image-92261\" srcset=\"https:\/\/centcols.org\/wp-content\/uploads\/2025\/11\/AVIA-2.jpg 1200w, https:\/\/centcols.org\/wp-content\/uploads\/2025\/11\/AVIA-2-768x392.jpg 768w, https:\/\/centcols.org\/wp-content\/uploads\/2025\/11\/AVIA-2-18x9.jpg 18w\" sizes=\"auto, (max-width: 1200px) 100vw, 1200px\" \/><\/a><\/figure>\n<\/figure>","protected":false},"excerpt":{"rendered":"<p>Description de l\u2019auteur Auteurs : Patrick Mandard et Philippe ChazottierParcours : effectu\u00e9 en novembre 2025D\u00e9part : Avia (province de Barcelone), depuis l&rsquo;h\u00f4tel \u00ab\u00a0La Rodia\u00a0\u00bb (https:\/\/www.hostallaroda.com\/), quartier Sobresatrada \u00e0 1 km du centre ville. Possibilit\u00e9 de d\u00e9part depuis le parking du centre ville face \u00e0 la mairie (en catalan : ajuntament) Descriptif touristique Le circuit emprunte [&hellip;]<\/p>\n","protected":false},"author":1726,"featured_media":92262,"comment_status":"open","ping_status":"open","sticky":false,"template":"","format":"standard","meta":{"_acf_changed":false,"footnotes":""},"categories":[305,319,345,220],"tags":[],"class_list":["post-92267","post","type-post","status-publish","format-standard","has-post-thumbnail","hentry","category-parcours-espagne","category-vtt-type-parcours","category-barcelone","category-parcours-membres"],"acf":[],"yoast_head":"<!-- This site is optimized with the Yoast SEO plugin v27.2 - https:\/\/yoast.com\/product\/yoast-seo-wordpress\/ -->\n<title>ES-B Avia \u2013 VTT 70 km, D+ 1390 m, 10 cols - Club des Cent Cols<\/title>\n<meta name=\"robots\" content=\"index, follow, max-snippet:-1, max-image-preview:large, max-video-preview:-1\" \/>\n<link rel=\"canonical\" href=\"https:\/\/centcols.org\/en\/es-b-avia-mountain-bike\/\" \/>\n<meta property=\"og:locale\" content=\"en_GB\" \/>\n<meta property=\"og:type\" content=\"article\" \/>\n<meta property=\"og:title\" content=\"ES-B Avia \u2013 VTT 70 km, D+ 1390 m, 10 cols - Club des Cent Cols\" \/>\n<meta property=\"og:description\" content=\"Description de l\u2019auteur Auteurs : Patrick Mandard et Philippe ChazottierParcours : effectu\u00e9 en novembre 2025D\u00e9part : Avia (province de Barcelone), depuis l&rsquo;h\u00f4tel \u00ab\u00a0La Rodia\u00a0\u00bb (https:\/\/www.hostallaroda.com\/), quartier Sobresatrada \u00e0 1 km du centre ville. Possibilit\u00e9 de d\u00e9part depuis le parking du centre ville face \u00e0 la mairie (en catalan : ajuntament) Descriptif touristique Le circuit emprunte [&hellip;]\" \/>\n<meta property=\"og:url\" content=\"https:\/\/centcols.org\/en\/es-b-avia-mountain-bike\/\" \/>\n<meta property=\"og:site_name\" content=\"Club des Cent Cols\" \/>\n<meta property=\"article:publisher\" content=\"https:\/\/www.facebook.com\/groups\/5261880558\/?locale=fr_FR\" \/>\n<meta property=\"article:published_time\" content=\"2025-11-26T16:36:51+00:00\" \/>\n<meta property=\"article:modified_time\" content=\"2026-03-14T14:22:39+00:00\" \/>\n<meta property=\"og:image\" content=\"https:\/\/centcols.org\/wp-content\/uploads\/2025\/11\/AVIA-3.jpg\" \/>\n\t<meta property=\"og:image:width\" content=\"1200\" \/>\n\t<meta property=\"og:image:height\" content=\"900\" \/>\n\t<meta property=\"og:image:type\" content=\"image\/jpeg\" \/>\n<meta name=\"author\" content=\"Ren\u00e9 Mercier\" \/>\n<meta name=\"twitter:card\" content=\"summary_large_image\" \/>\n<meta name=\"twitter:label1\" content=\"Written by\" \/>\n\t<meta name=\"twitter:data1\" content=\"Ren\u00e9 Mercier\" \/>\n\t<meta name=\"twitter:label2\" content=\"Estimated reading time\" \/>\n\t<meta name=\"twitter:data2\" content=\"3 minutes\" \/>\n<script type=\"application\/ld+json\" class=\"yoast-schema-graph\">{\"@context\":\"https:\/\/schema.org\",\"@graph\":[{\"@type\":\"Article\",\"@id\":\"https:\/\/centcols.org\/es-b-avia-vtt\/#article\",\"isPartOf\":{\"@id\":\"https:\/\/centcols.org\/es-b-avia-vtt\/\"},\"author\":{\"name\":\"Ren\u00e9 Mercier\",\"@id\":\"https:\/\/centcols.org\/#\/schema\/person\/0cc8f723679c98f3fb7798df5a50c018\"},\"headline\":\"ES-B Avia \u2013 VTT 70 km, D+ 1390 m, 10 cols\",\"datePublished\":\"2025-11-26T16:36:51+00:00\",\"dateModified\":\"2026-03-14T14:22:39+00:00\",\"mainEntityOfPage\":{\"@id\":\"https:\/\/centcols.org\/es-b-avia-vtt\/\"},\"wordCount\":268,\"commentCount\":0,\"publisher\":{\"@id\":\"https:\/\/centcols.org\/#organization\"},\"image\":{\"@id\":\"https:\/\/centcols.org\/es-b-avia-vtt\/#primaryimage\"},\"thumbnailUrl\":\"https:\/\/centcols.org\/wp-content\/uploads\/2025\/11\/AVIA-3.jpg\",\"articleSection\":[\"Parcours Espagne\",\"VTT\",\"Barcelone\",\"Parcours membres\"],\"inLanguage\":\"en-GB\",\"potentialAction\":[{\"@type\":\"CommentAction\",\"name\":\"Comment\",\"target\":[\"https:\/\/centcols.org\/es-b-avia-vtt\/#respond\"]}]},{\"@type\":\"WebPage\",\"@id\":\"https:\/\/centcols.org\/es-b-avia-vtt\/\",\"url\":\"https:\/\/centcols.org\/es-b-avia-vtt\/\",\"name\":\"ES-B Avia \u2013 VTT 70 km, D+ 1390 m, 10 cols - Club des Cent Cols\",\"isPartOf\":{\"@id\":\"https:\/\/centcols.org\/#website\"},\"primaryImageOfPage\":{\"@id\":\"https:\/\/centcols.org\/es-b-avia-vtt\/#primaryimage\"},\"image\":{\"@id\":\"https:\/\/centcols.org\/es-b-avia-vtt\/#primaryimage\"},\"thumbnailUrl\":\"https:\/\/centcols.org\/wp-content\/uploads\/2025\/11\/AVIA-3.jpg\",\"datePublished\":\"2025-11-26T16:36:51+00:00\",\"dateModified\":\"2026-03-14T14:22:39+00:00\",\"breadcrumb\":{\"@id\":\"https:\/\/centcols.org\/es-b-avia-vtt\/#breadcrumb\"},\"inLanguage\":\"en-GB\",\"potentialAction\":[{\"@type\":\"ReadAction\",\"target\":[\"https:\/\/centcols.org\/es-b-avia-vtt\/\"]}]},{\"@type\":\"ImageObject\",\"inLanguage\":\"en-GB\",\"@id\":\"https:\/\/centcols.org\/es-b-avia-vtt\/#primaryimage\",\"url\":\"https:\/\/centcols.org\/wp-content\/uploads\/2025\/11\/AVIA-3.jpg\",\"contentUrl\":\"https:\/\/centcols.org\/wp-content\/uploads\/2025\/11\/AVIA-3.jpg\",\"width\":1200,\"height\":900},{\"@type\":\"BreadcrumbList\",\"@id\":\"https:\/\/centcols.org\/es-b-avia-vtt\/#breadcrumb\",\"itemListElement\":[{\"@type\":\"ListItem\",\"position\":1,\"name\":\"Accueil\",\"item\":\"https:\/\/centcols.org\/\"},{\"@type\":\"ListItem\",\"position\":2,\"name\":\"Parcours membres\",\"item\":\"https:\/\/centcols.org\/rubrique\/parcours-membres\/\"},{\"@type\":\"ListItem\",\"position\":3,\"name\":\"Pays\",\"item\":\"https:\/\/centcols.org\/rubrique\/parcours-membres\/pays-parcours-membres\/\"},{\"@type\":\"ListItem\",\"position\":4,\"name\":\"Parcours Espagne\",\"item\":\"https:\/\/centcols.org\/rubrique\/parcours-membres\/pays-parcours-membres\/parcours-espagne\/\"},{\"@type\":\"ListItem\",\"position\":5,\"name\":\"ES-B Avia \u2013 VTT 70 km, D+ 1390 m, 10 cols\"}]},{\"@type\":\"WebSite\",\"@id\":\"https:\/\/centcols.org\/#website\",\"url\":\"https:\/\/centcols.org\/\",\"name\":\"Club des Cent Cols\",\"description\":\"\",\"publisher\":{\"@id\":\"https:\/\/centcols.org\/#organization\"},\"potentialAction\":[{\"@type\":\"SearchAction\",\"target\":{\"@type\":\"EntryPoint\",\"urlTemplate\":\"https:\/\/centcols.org\/?s={search_term_string}\"},\"query-input\":{\"@type\":\"PropertyValueSpecification\",\"valueRequired\":true,\"valueName\":\"search_term_string\"}}],\"inLanguage\":\"en-GB\"},{\"@type\":\"Organization\",\"@id\":\"https:\/\/centcols.org\/#organization\",\"name\":\"Club des Cent Cols\",\"url\":\"https:\/\/centcols.org\/\",\"logo\":{\"@type\":\"ImageObject\",\"inLanguage\":\"en-GB\",\"@id\":\"https:\/\/centcols.org\/#\/schema\/logo\/image\/\",\"url\":\"https:\/\/centcols.org\/wp-content\/uploads\/2025\/01\/carte-icone.png\",\"contentUrl\":\"https:\/\/centcols.org\/wp-content\/uploads\/2025\/01\/carte-icone.png\",\"width\":250,\"height\":250,\"caption\":\"Club des Cent Cols\"},\"image\":{\"@id\":\"https:\/\/centcols.org\/#\/schema\/logo\/image\/\"},\"sameAs\":[\"https:\/\/www.facebook.com\/groups\/5261880558\/?locale=fr_FR\"]},{\"@type\":\"Person\",\"@id\":\"https:\/\/centcols.org\/#\/schema\/person\/0cc8f723679c98f3fb7798df5a50c018\",\"name\":\"Ren\u00e9 Mercier\",\"image\":{\"@type\":\"ImageObject\",\"inLanguage\":\"en-GB\",\"@id\":\"https:\/\/centcols.org\/wp-content\/litespeed\/avatar\/c2275eeaf79d4f7456274de381abeeab.jpg?ver=1777347562\",\"url\":\"https:\/\/centcols.org\/wp-content\/litespeed\/avatar\/c2275eeaf79d4f7456274de381abeeab.jpg?ver=1777347562\",\"contentUrl\":\"https:\/\/centcols.org\/wp-content\/litespeed\/avatar\/c2275eeaf79d4f7456274de381abeeab.jpg?ver=1777347562\",\"caption\":\"Ren\u00e9 Mercier\"},\"url\":\"https:\/\/centcols.org\/en\/author\/7552\/\"}]}<\/script>\n<!-- \/ Yoast SEO plugin. -->","yoast_head_json":{"title":"ES-B Avia \u2013 Mountain biking 70 km, elevation gain 1,390 m, 10 mountain passes - Club des Cent Cols","robots":{"index":"index","follow":"follow","max-snippet":"max-snippet:-1","max-image-preview":"max-image-preview:large","max-video-preview":"max-video-preview:-1"},"canonical":"https:\/\/centcols.org\/en\/es-b-avia-mountain-bike\/","og_locale":"en_GB","og_type":"article","og_title":"ES-B Avia \u2013 VTT 70 km, D+ 1390 m, 10 cols - Club des Cent Cols","og_description":"Description de l\u2019auteur Auteurs : Patrick Mandard et Philippe ChazottierParcours : effectu\u00e9 en novembre 2025D\u00e9part : Avia (province de Barcelone), depuis l&rsquo;h\u00f4tel \u00ab\u00a0La Rodia\u00a0\u00bb (https:\/\/www.hostallaroda.com\/), quartier Sobresatrada \u00e0 1 km du centre ville. Possibilit\u00e9 de d\u00e9part depuis le parking du centre ville face \u00e0 la mairie (en catalan : ajuntament) Descriptif touristique Le circuit emprunte [&hellip;]","og_url":"https:\/\/centcols.org\/en\/es-b-avia-mountain-bike\/","og_site_name":"Club des Cent Cols","article_publisher":"https:\/\/www.facebook.com\/groups\/5261880558\/?locale=fr_FR","article_published_time":"2025-11-26T16:36:51+00:00","article_modified_time":"2026-03-14T14:22:39+00:00","og_image":[{"width":1200,"height":900,"url":"https:\/\/centcols.org\/wp-content\/uploads\/2025\/11\/AVIA-3.jpg","type":"image\/jpeg"}],"author":"Ren\u00e9 Mercier","twitter_card":"summary_large_image","twitter_misc":{"Written by":"Ren\u00e9 Mercier","Estimated reading time":"3 minutes"},"schema":{"@context":"https:\/\/schema.org","@graph":[{"@type":"Article","@id":"https:\/\/centcols.org\/es-b-avia-vtt\/#article","isPartOf":{"@id":"https:\/\/centcols.org\/es-b-avia-vtt\/"},"author":{"name":"Ren\u00e9 Mercier","@id":"https:\/\/centcols.org\/#\/schema\/person\/0cc8f723679c98f3fb7798df5a50c018"},"headline":"ES-B Avia \u2013 VTT 70 km, D+ 1390 m, 10 cols","datePublished":"2025-11-26T16:36:51+00:00","dateModified":"2026-03-14T14:22:39+00:00","mainEntityOfPage":{"@id":"https:\/\/centcols.org\/es-b-avia-vtt\/"},"wordCount":268,"commentCount":0,"publisher":{"@id":"https:\/\/centcols.org\/#organization"},"image":{"@id":"https:\/\/centcols.org\/es-b-avia-vtt\/#primaryimage"},"thumbnailUrl":"https:\/\/centcols.org\/wp-content\/uploads\/2025\/11\/AVIA-3.jpg","articleSection":["Parcours Espagne","VTT","Barcelone","Parcours membres"],"inLanguage":"en-GB","potentialAction":[{"@type":"CommentAction","name":"Comment","target":["https:\/\/centcols.org\/es-b-avia-vtt\/#respond"]}]},{"@type":"WebPage","@id":"https:\/\/centcols.org\/es-b-avia-vtt\/","url":"https:\/\/centcols.org\/es-b-avia-vtt\/","name":"ES-B Avia \u2013 Mountain biking 70 km, elevation gain 1,390 m, 10 mountain passes - Club des Cent Cols","isPartOf":{"@id":"https:\/\/centcols.org\/#website"},"primaryImageOfPage":{"@id":"https:\/\/centcols.org\/es-b-avia-vtt\/#primaryimage"},"image":{"@id":"https:\/\/centcols.org\/es-b-avia-vtt\/#primaryimage"},"thumbnailUrl":"https:\/\/centcols.org\/wp-content\/uploads\/2025\/11\/AVIA-3.jpg","datePublished":"2025-11-26T16:36:51+00:00","dateModified":"2026-03-14T14:22:39+00:00","breadcrumb":{"@id":"https:\/\/centcols.org\/es-b-avia-vtt\/#breadcrumb"},"inLanguage":"en-GB","potentialAction":[{"@type":"ReadAction","target":["https:\/\/centcols.org\/es-b-avia-vtt\/"]}]},{"@type":"ImageObject","inLanguage":"en-GB","@id":"https:\/\/centcols.org\/es-b-avia-vtt\/#primaryimage","url":"https:\/\/centcols.org\/wp-content\/uploads\/2025\/11\/AVIA-3.jpg","contentUrl":"https:\/\/centcols.org\/wp-content\/uploads\/2025\/11\/AVIA-3.jpg","width":1200,"height":900},{"@type":"BreadcrumbList","@id":"https:\/\/centcols.org\/es-b-avia-vtt\/#breadcrumb","itemListElement":[{"@type":"ListItem","position":1,"name":"Accueil","item":"https:\/\/centcols.org\/"},{"@type":"ListItem","position":2,"name":"Parcours membres","item":"https:\/\/centcols.org\/rubrique\/parcours-membres\/"},{"@type":"ListItem","position":3,"name":"Pays","item":"https:\/\/centcols.org\/rubrique\/parcours-membres\/pays-parcours-membres\/"},{"@type":"ListItem","position":4,"name":"Parcours Espagne","item":"https:\/\/centcols.org\/rubrique\/parcours-membres\/pays-parcours-membres\/parcours-espagne\/"},{"@type":"ListItem","position":5,"name":"ES-B Avia \u2013 VTT 70 km, D+ 1390 m, 10 cols"}]},{"@type":"WebSite","@id":"https:\/\/centcols.org\/#website","url":"https:\/\/centcols.org\/","name":"Club des Cent Cols","description":"","publisher":{"@id":"https:\/\/centcols.org\/#organization"},"potentialAction":[{"@type":"SearchAction","target":{"@type":"EntryPoint","urlTemplate":"https:\/\/centcols.org\/?s={search_term_string}"},"query-input":{"@type":"PropertyValueSpecification","valueRequired":true,"valueName":"search_term_string"}}],"inLanguage":"en-GB"},{"@type":"Organization","@id":"https:\/\/centcols.org\/#organization","name":"Club des Cent Cols","url":"https:\/\/centcols.org\/","logo":{"@type":"ImageObject","inLanguage":"en-GB","@id":"https:\/\/centcols.org\/#\/schema\/logo\/image\/","url":"https:\/\/centcols.org\/wp-content\/uploads\/2025\/01\/carte-icone.png","contentUrl":"https:\/\/centcols.org\/wp-content\/uploads\/2025\/01\/carte-icone.png","width":250,"height":250,"caption":"Club des Cent Cols"},"image":{"@id":"https:\/\/centcols.org\/#\/schema\/logo\/image\/"},"sameAs":["https:\/\/www.facebook.com\/groups\/5261880558\/?locale=fr_FR"]},{"@type":"Person","@id":"https:\/\/centcols.org\/#\/schema\/person\/0cc8f723679c98f3fb7798df5a50c018","name":"Ren\u00e9 Mercier","image":{"@type":"ImageObject","inLanguage":"en-GB","@id":"https:\/\/centcols.org\/wp-content\/litespeed\/avatar\/c2275eeaf79d4f7456274de381abeeab.jpg?ver=1777347562","url":"https:\/\/centcols.org\/wp-content\/litespeed\/avatar\/c2275eeaf79d4f7456274de381abeeab.jpg?ver=1777347562","contentUrl":"https:\/\/centcols.org\/wp-content\/litespeed\/avatar\/c2275eeaf79d4f7456274de381abeeab.jpg?ver=1777347562","caption":"Ren\u00e9 Mercier"},"url":"https:\/\/centcols.org\/en\/author\/7552\/"}]}},"_links":{"self":[{"href":"https:\/\/centcols.org\/en\/wp-json\/wp\/v2\/posts\/92267","targetHints":{"allow":["GET"]}}],"collection":[{"href":"https:\/\/centcols.org\/en\/wp-json\/wp\/v2\/posts"}],"about":[{"href":"https:\/\/centcols.org\/en\/wp-json\/wp\/v2\/types\/post"}],"author":[{"embeddable":true,"href":"https:\/\/centcols.org\/en\/wp-json\/wp\/v2\/users\/1726"}],"replies":[{"embeddable":true,"href":"https:\/\/centcols.org\/en\/wp-json\/wp\/v2\/comments?post=92267"}],"version-history":[{"count":0,"href":"https:\/\/centcols.org\/en\/wp-json\/wp\/v2\/posts\/92267\/revisions"}],"wp:featuredmedia":[{"embeddable":true,"href":"https:\/\/centcols.org\/en\/wp-json\/wp\/v2\/media\/92262"}],"wp:attachment":[{"href":"https:\/\/centcols.org\/en\/wp-json\/wp\/v2\/media?parent=92267"}],"wp:term":[{"taxonomy":"category","embeddable":true,"href":"https:\/\/centcols.org\/en\/wp-json\/wp\/v2\/categories?post=92267"},{"taxonomy":"post_tag","embeddable":true,"href":"https:\/\/centcols.org\/en\/wp-json\/wp\/v2\/tags?post=92267"}],"curies":[{"name":"wp","href":"https:\/\/api.w.org\/{rel}","templated":true}]}}