{"id":92428,"date":"2025-12-16T16:40:39","date_gmt":"2025-12-16T14:40:39","guid":{"rendered":"https:\/\/centcols.org\/?p=92428"},"modified":"2026-03-10T20:02:22","modified_gmt":"2026-03-10T18:02:22","slug":"en-01-lochieu-mountain-biking","status":"publish","type":"post","link":"https:\/\/centcols.org\/en\/fr-01-lochieu-vtt\/","title":{"rendered":"FR-01 Lochieu \u2013 Bugey \u2013 Mountain biking 47 km, elevation gain 1,470 m, 9 passes"},"content":{"rendered":"<iframe width=\"100%\" height=\"650\" loading=\"lazy\" src=\"https:\/\/www.openrunner.com\/embed\/4a776779456f34732f4a6a374b4572526c6e476156546c2f395443467579693845424a774a7068367a42773d3a3ae8b1910299ff4bd3d0cb1a668de87e5e?unit=metric\" style=\"border: none;\"><\/iframe>\n\n\n\n<div style=\"height:30px\" aria-hidden=\"true\" class=\"wp-block-spacer\"><\/div>\n\n\n\n<h2 class=\"wp-block-heading\">Author description<\/h2>\n\n\n\n<p><strong>Author<\/strong> : Philippe Chazottier<br><strong>Course<\/strong> : completed on 8 August 2025<br><strong>Departure<\/strong> : Lochieu, Bugey-Valromey museum car park. The route starts at the hairpin bend after Bord\u00e8ze, on the D120 towards Grand Colombier (parking available).<\/p>\n\n\n\n<div style=\"height:30px\" aria-hidden=\"true\" class=\"wp-block-spacer\"><\/div>\n\n\n\n<h2 class=\"wp-block-heading\">Tourist information<\/h2>\n\n\n\n<div class=\"wp-block-group is-vertical is-layout-flex wp-container-core-group-is-layout-8cf370e7 wp-block-group-is-layout-flex\">\n<p>The route is mostly along ridges. On the Grand Colombier ridge, there is an orientation table with 360\u00b0 views of Valromey, the Jura, the Alps, and Lakes Bourget, L\u00e9man, and Annecy. There is a refreshment bar at the summit of Grand Colombier during the summer season. Another point of interest is the museum of <a href=\"https:\/\/www.bugeysud-tourisme.fr\/decouvrir\/les-incontournables\/le-musee-du-bugey-valromey\/\" target=\"_blank\" rel=\"noreferrer noopener\">Bugey-Valromey<\/a> of Lochieu.<\/p>\n\n\n\n<p>Brotherhood of the Grand Colombier enthusiasts: <a href=\"https:\/\/www.felesducolombier.fr\/\" target=\"_blank\" rel=\"noreferrer noopener\">https:\/\/www.felesducolombier.fr\/<\/a> <\/p>\n<\/div>\n\n\n\n<div style=\"height:30px\" aria-hidden=\"true\" class=\"wp-block-spacer\"><\/div>\n\n\n\n<h2 class=\"wp-block-heading\">Technical specifications<\/h2>\n\n\n\n<div class=\"wp-block-group is-vertical is-layout-flex wp-container-core-group-is-layout-8cf370e7 wp-block-group-is-layout-flex\">\n<p>Cycling route at approximately 95%: some descents may be tricky on gravel.<\/p>\n\n\n\n<p>Note: The route between the Charbem\u00e8nes Pass and the Grand Colombier Pass can be completed via the ridge trail, but this involves pushing and carrying your bike for 1.7 km with a 200 m elevation gain.<\/p>\n<\/div>\n\n\n\n<div style=\"height:30px\" aria-hidden=\"true\" class=\"wp-block-spacer\"><\/div>\n\n\n\n<p><strong>9 collars<\/strong><\/p>\n\n\n\n<figure class=\"wp-block-table\"><table class=\"has-fixed-layout\"><tbody><tr><td>1 \u2013 Golet des Org\u00e8res<\/td><td class=\"has-text-align-center\" data-align=\"center\">1,048 metres<\/td><td><a href=\"https:\/\/centcols.org\/en\/util\/geo\/visu.php\/?code=FR-01-1048\" target=\"_blank\" rel=\"noreferrer noopener\">EN-01-1048<\/a><\/td><\/tr><tr><td>2 \u2013 Golet Truffet<\/td><td class=\"has-text-align-center\" data-align=\"center\">1,146 metres<\/td><td><a href=\"https:\/\/centcols.org\/en\/util\/geo\/visu.php\/?code=FR-01-1146\" target=\"_blank\" rel=\"noreferrer noopener\">EN-01-1146<\/a><\/td><\/tr><tr><td>3 \u2013 Golet R\u00e9by<\/td><td class=\"has-text-align-center\" data-align=\"center\">1,075 metres<\/td><td><a href=\"https:\/\/centcols.org\/en\/util\/geo\/visu.php\/?code=FR-01-1075\" target=\"_blank\" rel=\"noreferrer noopener\">EN-01-1075<\/a><\/td><\/tr><tr><td>4 \u2013 Richemond Pass<\/td><td class=\"has-text-align-center\" data-align=\"center\">1,036 metres<\/td><td><a href=\"https:\/\/centcols.org\/en\/util\/geo\/visu.php\/?code=FR-01-1036\" target=\"_blank\" rel=\"noreferrer noopener\">FR-01-1036<\/a><\/td><\/tr><tr><td>5 \u2013 Golet de la Biche<\/td><td class=\"has-text-align-center\" data-align=\"center\">1,310 metres<\/td><td><a href=\"https:\/\/centcols.org\/en\/util\/geo\/visu.php\/?code=FR-01-1310\" target=\"_blank\" rel=\"noreferrer noopener\">EN-01-1310<\/a><\/td><\/tr><tr><td>6 \u2013 Golet des Faies<\/td><td class=\"has-text-align-center\" data-align=\"center\">1,330 metres<\/td><td><a href=\"https:\/\/centcols.org\/en\/util\/geo\/visu.php\/?code=FR-01-1330\" target=\"_blank\" rel=\"noreferrer noopener\">EN-01-1330<\/a><\/td><\/tr><tr><td>7 \u2013 Charbem\u00e8nes Pass<\/td><td class=\"has-text-align-center\" data-align=\"center\">1,317 metres<\/td><td><a href=\"https:\/\/centcols.org\/en\/util\/geo\/visu.php\/?code=FR-01-1298\" target=\"_blank\" rel=\"noreferrer noopener\">EN-01-1298<\/a><\/td><\/tr><tr><td>8 \u2013 Colombier Pass<\/td><td class=\"has-text-align-center\" data-align=\"center\">1,498 metres<\/td><td><a href=\"https:\/\/centcols.org\/en\/util\/geo\/visu.php\/?code=FR-01-1500\" target=\"_blank\" rel=\"noreferrer noopener\">FR-01-1500<\/a><\/td><\/tr><tr><td>9 \u2013 La Selle<\/td><td class=\"has-text-align-center\" data-align=\"center\">1175 m<\/td><td><a href=\"https:\/\/centcols.org\/en\/util\/geo\/visu.php\/?code=FR-01-1175\" target=\"_blank\" rel=\"noreferrer noopener\">EN-01-1175<\/a><\/td><\/tr><\/tbody><\/table><\/figure>\n\n\n\n<p><strong>Keywords<\/strong> Lochieu, Valromey, Colombier, Bugey, Centcols<\/p>\n\n\n\n<p>Openrunner link, interactive map, profile, track : <a href=\"https:\/\/www.openrunner.com\/route-details\/23035476\" target=\"_blank\" rel=\"noreferrer noopener\">https:\/\/www.openrunner.com\/route-details\/23035476<\/a><\/p>\n\n\n\n<p>This itinerary is provided for information only. The author accepts no liability, nor that of the Club des Cent Cols, for any imponderables due to the cyclist himself, the equipment used or anything to do with the road, tracks and paths, their surroundings or other users.<\/p>\n\n\n\n<div style=\"height:30px\" aria-hidden=\"true\" class=\"wp-block-spacer\"><\/div>\n\n\n\n<h2 class=\"wp-block-heading\">Photos<\/h2>\n\n\n\n<figure class=\"wp-block-gallery has-nested-images columns-default is-cropped wp-block-gallery-1 is-layout-flex wp-block-gallery-is-layout-flex\">\n<figure class=\"wp-block-image size-full\"><a href=\"https:\/\/centcols.org\/wp-content\/uploads\/2025\/12\/Belle-piste-en-direction-du-col-de-la-Biche.jpg\" target=\"_blank\" rel=\" noreferrer noopener\"><img loading=\"lazy\" decoding=\"async\" width=\"900\" height=\"1200\" data-id=\"92435\" src=\"https:\/\/centcols.org\/wp-content\/uploads\/2025\/12\/Belle-piste-en-direction-du-col-de-la-Biche.jpg\" alt=\"\" class=\"wp-image-92435\" srcset=\"https:\/\/centcols.org\/wp-content\/uploads\/2025\/12\/Belle-piste-en-direction-du-col-de-la-Biche.jpg 900w, https:\/\/centcols.org\/wp-content\/uploads\/2025\/12\/Belle-piste-en-direction-du-col-de-la-Biche-768x1024.jpg 768w, https:\/\/centcols.org\/wp-content\/uploads\/2025\/12\/Belle-piste-en-direction-du-col-de-la-Biche-9x12.jpg 9w\" sizes=\"auto, (max-width: 900px) 100vw, 900px\" \/><\/a><figcaption class=\"wp-element-caption\">Beautiful trail towards the Col de la Biche pass<\/figcaption><\/figure>\n\n\n\n<figure class=\"wp-block-image size-full\"><a href=\"https:\/\/centcols.org\/wp-content\/uploads\/2025\/12\/En-direction-du-Golet-Truffet.jpg\"><img loading=\"lazy\" decoding=\"async\" width=\"900\" height=\"1200\" data-id=\"92436\" src=\"https:\/\/centcols.org\/wp-content\/uploads\/2025\/12\/En-direction-du-Golet-Truffet.jpg\" alt=\"\" class=\"wp-image-92436\" srcset=\"https:\/\/centcols.org\/wp-content\/uploads\/2025\/12\/En-direction-du-Golet-Truffet.jpg 900w, https:\/\/centcols.org\/wp-content\/uploads\/2025\/12\/En-direction-du-Golet-Truffet-768x1024.jpg 768w, https:\/\/centcols.org\/wp-content\/uploads\/2025\/12\/En-direction-du-Golet-Truffet-9x12.jpg 9w\" sizes=\"auto, (max-width: 900px) 100vw, 900px\" \/><\/a><figcaption class=\"wp-element-caption\">Towards Golet Truffet<\/figcaption><\/figure>\n\n\n\n<figure class=\"wp-block-image size-full\"><a href=\"https:\/\/centcols.org\/wp-content\/uploads\/2025\/12\/Croix-du-Grand-Colombier.jpg\"><img loading=\"lazy\" decoding=\"async\" width=\"832\" height=\"1200\" data-id=\"92437\" src=\"https:\/\/centcols.org\/wp-content\/uploads\/2025\/12\/Croix-du-Grand-Colombier.jpg\" alt=\"\" class=\"wp-image-92437\" srcset=\"https:\/\/centcols.org\/wp-content\/uploads\/2025\/12\/Croix-du-Grand-Colombier.jpg 832w, https:\/\/centcols.org\/wp-content\/uploads\/2025\/12\/Croix-du-Grand-Colombier-768x1108.jpg 768w, https:\/\/centcols.org\/wp-content\/uploads\/2025\/12\/Croix-du-Grand-Colombier-8x12.jpg 8w\" sizes=\"auto, (max-width: 832px) 100vw, 832px\" \/><\/a><figcaption class=\"wp-element-caption\">Cross of the Grand Colombier<\/figcaption><\/figure>\n\n\n\n<figure class=\"wp-block-image size-full\"><a href=\"https:\/\/centcols.org\/wp-content\/uploads\/2025\/12\/Le-Grand-Colombier.jpg\"><img loading=\"lazy\" decoding=\"async\" width=\"865\" height=\"1200\" data-id=\"92438\" src=\"https:\/\/centcols.org\/wp-content\/uploads\/2025\/12\/Le-Grand-Colombier.jpg\" alt=\"\" class=\"wp-image-92438\" srcset=\"https:\/\/centcols.org\/wp-content\/uploads\/2025\/12\/Le-Grand-Colombier.jpg 865w, https:\/\/centcols.org\/wp-content\/uploads\/2025\/12\/Le-Grand-Colombier-768x1065.jpg 768w, https:\/\/centcols.org\/wp-content\/uploads\/2025\/12\/Le-Grand-Colombier-9x12.jpg 9w\" sizes=\"auto, (max-width: 865px) 100vw, 865px\" \/><\/a><figcaption class=\"wp-element-caption\">The Grand Colombier<\/figcaption><\/figure>\n<\/figure>","protected":false},"excerpt":{"rendered":"<p>Description de l\u2019auteur Auteur : Philippe ChazottierParcours : effectu\u00e9 le 8 ao\u00fbt 2025D\u00e9part : Lochieu, parking du mus\u00e9e du Bugey-Valromey. Le parcours d\u00e9marre de l&rsquo;\u00e9pingle apr\u00e8s Bord\u00e8ze, sur la D120 en direction du Grand Colombier (possibilit\u00e9 de stationner le v\u00e9hicule). Descriptif touristique Parcours en grande partie en cr\u00eates. Sur celle du Grand Colombier : table [&hellip;]<\/p>\n","protected":false},"author":1726,"featured_media":92437,"comment_status":"open","ping_status":"open","sticky":false,"template":"","format":"standard","meta":{"_acf_changed":false,"footnotes":""},"categories":[303,330,451,319,325,334,220],"tags":[],"class_list":["post-92428","post","type-post","status-publish","format-standard","has-post-thumbnail","hentry","category-parcours-france","category-auvergne-rhone-alpes-region-parcours-membres","category-01-ain","category-vtt-type-parcours","category-departement","category-jura-massif-parcours-membres","category-parcours-membres"],"acf":[],"yoast_head":"<!-- This site is optimized with the Yoast SEO plugin v27.2 - https:\/\/yoast.com\/product\/yoast-seo-wordpress\/ -->\n<title>FR-01 Lochieu - Bugey - VTT 47 km, D+ 1470 m, 9 cols - Club des Cent Cols<\/title>\n<meta name=\"robots\" content=\"index, follow, max-snippet:-1, max-image-preview:large, max-video-preview:-1\" \/>\n<link rel=\"canonical\" href=\"https:\/\/centcols.org\/en\/en-01-lochieu-mountain-biking\/\" \/>\n<meta property=\"og:locale\" content=\"en_GB\" \/>\n<meta property=\"og:type\" content=\"article\" \/>\n<meta property=\"og:title\" content=\"FR-01 Lochieu - Bugey - VTT 47 km, D+ 1470 m, 9 cols - Club des Cent Cols\" \/>\n<meta property=\"og:description\" content=\"Description de l\u2019auteur Auteur : Philippe ChazottierParcours : effectu\u00e9 le 8 ao\u00fbt 2025D\u00e9part : Lochieu, parking du mus\u00e9e du Bugey-Valromey. Le parcours d\u00e9marre de l&rsquo;\u00e9pingle apr\u00e8s Bord\u00e8ze, sur la D120 en direction du Grand Colombier (possibilit\u00e9 de stationner le v\u00e9hicule). Descriptif touristique Parcours en grande partie en cr\u00eates. Sur celle du Grand Colombier : table [&hellip;]\" \/>\n<meta property=\"og:url\" content=\"https:\/\/centcols.org\/en\/en-01-lochieu-mountain-biking\/\" \/>\n<meta property=\"og:site_name\" content=\"Club des Cent Cols\" \/>\n<meta property=\"article:publisher\" content=\"https:\/\/www.facebook.com\/groups\/5261880558\/?locale=fr_FR\" \/>\n<meta property=\"article:published_time\" content=\"2025-12-16T14:40:39+00:00\" \/>\n<meta property=\"article:modified_time\" content=\"2026-03-10T18:02:22+00:00\" \/>\n<meta property=\"og:image\" content=\"https:\/\/centcols.org\/wp-content\/uploads\/2025\/12\/Croix-du-Grand-Colombier.jpg\" \/>\n\t<meta property=\"og:image:width\" content=\"832\" \/>\n\t<meta property=\"og:image:height\" content=\"1200\" \/>\n\t<meta property=\"og:image:type\" content=\"image\/jpeg\" \/>\n<meta name=\"author\" content=\"Ren\u00e9 Mercier\" \/>\n<meta name=\"twitter:card\" content=\"summary_large_image\" \/>\n<meta name=\"twitter:label1\" content=\"Written by\" \/>\n\t<meta name=\"twitter:data1\" content=\"Ren\u00e9 Mercier\" \/>\n\t<meta name=\"twitter:label2\" content=\"Estimated reading time\" \/>\n\t<meta name=\"twitter:data2\" content=\"3 minutes\" \/>\n<script type=\"application\/ld+json\" class=\"yoast-schema-graph\">{\"@context\":\"https:\/\/schema.org\",\"@graph\":[{\"@type\":\"Article\",\"@id\":\"https:\/\/centcols.org\/en\/fr-01-lochieu-vtt\/#article\",\"isPartOf\":{\"@id\":\"https:\/\/centcols.org\/en\/fr-01-lochieu-vtt\/\"},\"author\":{\"name\":\"Ren\u00e9 Mercier\",\"@id\":\"https:\/\/centcols.org\/#\/schema\/person\/0cc8f723679c98f3fb7798df5a50c018\"},\"headline\":\"FR-01 Lochieu &#8211; Bugey &#8211; VTT 47 km, D+ 1470 m, 9 cols\",\"datePublished\":\"2025-12-16T14:40:39+00:00\",\"dateModified\":\"2026-03-10T18:02:22+00:00\",\"mainEntityOfPage\":{\"@id\":\"https:\/\/centcols.org\/en\/fr-01-lochieu-vtt\/\"},\"wordCount\":332,\"commentCount\":0,\"publisher\":{\"@id\":\"https:\/\/centcols.org\/#organization\"},\"image\":{\"@id\":\"https:\/\/centcols.org\/en\/fr-01-lochieu-vtt\/#primaryimage\"},\"thumbnailUrl\":\"https:\/\/centcols.org\/wp-content\/uploads\/2025\/12\/Croix-du-Grand-Colombier.jpg\",\"articleSection\":[\"Parcours France\",\"Auvergne-Rh\u00f4ne-Alpes\",\"01-Ain\",\"VTT\",\"D\u00e9partement\",\"Jura\",\"Parcours membres\"],\"inLanguage\":\"en-GB\",\"potentialAction\":[{\"@type\":\"CommentAction\",\"name\":\"Comment\",\"target\":[\"https:\/\/centcols.org\/en\/fr-01-lochieu-vtt\/#respond\"]}]},{\"@type\":\"WebPage\",\"@id\":\"https:\/\/centcols.org\/en\/fr-01-lochieu-vtt\/\",\"url\":\"https:\/\/centcols.org\/en\/fr-01-lochieu-vtt\/\",\"name\":\"FR-01 Lochieu - Bugey - VTT 47 km, D+ 1470 m, 9 cols - Club des Cent Cols\",\"isPartOf\":{\"@id\":\"https:\/\/centcols.org\/#website\"},\"primaryImageOfPage\":{\"@id\":\"https:\/\/centcols.org\/en\/fr-01-lochieu-vtt\/#primaryimage\"},\"image\":{\"@id\":\"https:\/\/centcols.org\/en\/fr-01-lochieu-vtt\/#primaryimage\"},\"thumbnailUrl\":\"https:\/\/centcols.org\/wp-content\/uploads\/2025\/12\/Croix-du-Grand-Colombier.jpg\",\"datePublished\":\"2025-12-16T14:40:39+00:00\",\"dateModified\":\"2026-03-10T18:02:22+00:00\",\"breadcrumb\":{\"@id\":\"https:\/\/centcols.org\/en\/fr-01-lochieu-vtt\/#breadcrumb\"},\"inLanguage\":\"en-GB\",\"potentialAction\":[{\"@type\":\"ReadAction\",\"target\":[\"https:\/\/centcols.org\/en\/fr-01-lochieu-vtt\/\"]}]},{\"@type\":\"ImageObject\",\"inLanguage\":\"en-GB\",\"@id\":\"https:\/\/centcols.org\/en\/fr-01-lochieu-vtt\/#primaryimage\",\"url\":\"https:\/\/centcols.org\/wp-content\/uploads\/2025\/12\/Croix-du-Grand-Colombier.jpg\",\"contentUrl\":\"https:\/\/centcols.org\/wp-content\/uploads\/2025\/12\/Croix-du-Grand-Colombier.jpg\",\"width\":832,\"height\":1200},{\"@type\":\"BreadcrumbList\",\"@id\":\"https:\/\/centcols.org\/en\/fr-01-lochieu-vtt\/#breadcrumb\",\"itemListElement\":[{\"@type\":\"ListItem\",\"position\":1,\"name\":\"Accueil\",\"item\":\"https:\/\/centcols.org\/\"},{\"@type\":\"ListItem\",\"position\":2,\"name\":\"Parcours membres\",\"item\":\"https:\/\/centcols.org\/rubrique\/parcours-membres\/\"},{\"@type\":\"ListItem\",\"position\":3,\"name\":\"Pays\",\"item\":\"https:\/\/centcols.org\/rubrique\/parcours-membres\/pays-parcours-membres\/\"},{\"@type\":\"ListItem\",\"position\":4,\"name\":\"Parcours France\",\"item\":\"https:\/\/centcols.org\/rubrique\/parcours-membres\/pays-parcours-membres\/parcours-france\/\"},{\"@type\":\"ListItem\",\"position\":5,\"name\":\"FR-01 Lochieu &#8211; Bugey &#8211; VTT 47 km, D+ 1470 m, 9 cols\"}]},{\"@type\":\"WebSite\",\"@id\":\"https:\/\/centcols.org\/#website\",\"url\":\"https:\/\/centcols.org\/\",\"name\":\"Club des Cent Cols\",\"description\":\"\",\"publisher\":{\"@id\":\"https:\/\/centcols.org\/#organization\"},\"potentialAction\":[{\"@type\":\"SearchAction\",\"target\":{\"@type\":\"EntryPoint\",\"urlTemplate\":\"https:\/\/centcols.org\/?s={search_term_string}\"},\"query-input\":{\"@type\":\"PropertyValueSpecification\",\"valueRequired\":true,\"valueName\":\"search_term_string\"}}],\"inLanguage\":\"en-GB\"},{\"@type\":\"Organization\",\"@id\":\"https:\/\/centcols.org\/#organization\",\"name\":\"Club des Cent Cols\",\"url\":\"https:\/\/centcols.org\/\",\"logo\":{\"@type\":\"ImageObject\",\"inLanguage\":\"en-GB\",\"@id\":\"https:\/\/centcols.org\/#\/schema\/logo\/image\/\",\"url\":\"https:\/\/centcols.org\/wp-content\/uploads\/2025\/01\/carte-icone.png\",\"contentUrl\":\"https:\/\/centcols.org\/wp-content\/uploads\/2025\/01\/carte-icone.png\",\"width\":250,\"height\":250,\"caption\":\"Club des Cent Cols\"},\"image\":{\"@id\":\"https:\/\/centcols.org\/#\/schema\/logo\/image\/\"},\"sameAs\":[\"https:\/\/www.facebook.com\/groups\/5261880558\/?locale=fr_FR\"]},{\"@type\":\"Person\",\"@id\":\"https:\/\/centcols.org\/#\/schema\/person\/0cc8f723679c98f3fb7798df5a50c018\",\"name\":\"Ren\u00e9 Mercier\",\"image\":{\"@type\":\"ImageObject\",\"inLanguage\":\"en-GB\",\"@id\":\"https:\/\/centcols.org\/wp-content\/litespeed\/avatar\/c2275eeaf79d4f7456274de381abeeab.jpg?ver=1777347562\",\"url\":\"https:\/\/centcols.org\/wp-content\/litespeed\/avatar\/c2275eeaf79d4f7456274de381abeeab.jpg?ver=1777347562\",\"contentUrl\":\"https:\/\/centcols.org\/wp-content\/litespeed\/avatar\/c2275eeaf79d4f7456274de381abeeab.jpg?ver=1777347562\",\"caption\":\"Ren\u00e9 Mercier\"},\"url\":\"https:\/\/centcols.org\/en\/author\/7552\/\"}]}<\/script>\n<!-- \/ Yoast SEO plugin. -->","yoast_head_json":{"title":"FR-01 Lochieu - Bugey - Mountain biking 47 km, elevation gain 1,470 m, 9 passes - Club des Cent Cols","robots":{"index":"index","follow":"follow","max-snippet":"max-snippet:-1","max-image-preview":"max-image-preview:large","max-video-preview":"max-video-preview:-1"},"canonical":"https:\/\/centcols.org\/en\/en-01-lochieu-mountain-biking\/","og_locale":"en_GB","og_type":"article","og_title":"FR-01 Lochieu - Bugey - VTT 47 km, D+ 1470 m, 9 cols - Club des Cent Cols","og_description":"Description de l\u2019auteur Auteur : Philippe ChazottierParcours : effectu\u00e9 le 8 ao\u00fbt 2025D\u00e9part : Lochieu, parking du mus\u00e9e du Bugey-Valromey. Le parcours d\u00e9marre de l&rsquo;\u00e9pingle apr\u00e8s Bord\u00e8ze, sur la D120 en direction du Grand Colombier (possibilit\u00e9 de stationner le v\u00e9hicule). Descriptif touristique Parcours en grande partie en cr\u00eates. Sur celle du Grand Colombier : table [&hellip;]","og_url":"https:\/\/centcols.org\/en\/en-01-lochieu-mountain-biking\/","og_site_name":"Club des Cent Cols","article_publisher":"https:\/\/www.facebook.com\/groups\/5261880558\/?locale=fr_FR","article_published_time":"2025-12-16T14:40:39+00:00","article_modified_time":"2026-03-10T18:02:22+00:00","og_image":[{"width":832,"height":1200,"url":"https:\/\/centcols.org\/wp-content\/uploads\/2025\/12\/Croix-du-Grand-Colombier.jpg","type":"image\/jpeg"}],"author":"Ren\u00e9 Mercier","twitter_card":"summary_large_image","twitter_misc":{"Written by":"Ren\u00e9 Mercier","Estimated reading time":"3 minutes"},"schema":{"@context":"https:\/\/schema.org","@graph":[{"@type":"Article","@id":"https:\/\/centcols.org\/en\/fr-01-lochieu-vtt\/#article","isPartOf":{"@id":"https:\/\/centcols.org\/en\/fr-01-lochieu-vtt\/"},"author":{"name":"Ren\u00e9 Mercier","@id":"https:\/\/centcols.org\/#\/schema\/person\/0cc8f723679c98f3fb7798df5a50c018"},"headline":"FR-01 Lochieu &#8211; Bugey &#8211; VTT 47 km, D+ 1470 m, 9 cols","datePublished":"2025-12-16T14:40:39+00:00","dateModified":"2026-03-10T18:02:22+00:00","mainEntityOfPage":{"@id":"https:\/\/centcols.org\/en\/fr-01-lochieu-vtt\/"},"wordCount":332,"commentCount":0,"publisher":{"@id":"https:\/\/centcols.org\/#organization"},"image":{"@id":"https:\/\/centcols.org\/en\/fr-01-lochieu-vtt\/#primaryimage"},"thumbnailUrl":"https:\/\/centcols.org\/wp-content\/uploads\/2025\/12\/Croix-du-Grand-Colombier.jpg","articleSection":["Parcours France","Auvergne-Rh\u00f4ne-Alpes","01-Ain","VTT","D\u00e9partement","Jura","Parcours membres"],"inLanguage":"en-GB","potentialAction":[{"@type":"CommentAction","name":"Comment","target":["https:\/\/centcols.org\/en\/fr-01-lochieu-vtt\/#respond"]}]},{"@type":"WebPage","@id":"https:\/\/centcols.org\/en\/fr-01-lochieu-vtt\/","url":"https:\/\/centcols.org\/en\/fr-01-lochieu-vtt\/","name":"FR-01 Lochieu - Bugey - Mountain biking 47 km, elevation gain 1,470 m, 9 passes - Club des Cent Cols","isPartOf":{"@id":"https:\/\/centcols.org\/#website"},"primaryImageOfPage":{"@id":"https:\/\/centcols.org\/en\/fr-01-lochieu-vtt\/#primaryimage"},"image":{"@id":"https:\/\/centcols.org\/en\/fr-01-lochieu-vtt\/#primaryimage"},"thumbnailUrl":"https:\/\/centcols.org\/wp-content\/uploads\/2025\/12\/Croix-du-Grand-Colombier.jpg","datePublished":"2025-12-16T14:40:39+00:00","dateModified":"2026-03-10T18:02:22+00:00","breadcrumb":{"@id":"https:\/\/centcols.org\/en\/fr-01-lochieu-vtt\/#breadcrumb"},"inLanguage":"en-GB","potentialAction":[{"@type":"ReadAction","target":["https:\/\/centcols.org\/en\/fr-01-lochieu-vtt\/"]}]},{"@type":"ImageObject","inLanguage":"en-GB","@id":"https:\/\/centcols.org\/en\/fr-01-lochieu-vtt\/#primaryimage","url":"https:\/\/centcols.org\/wp-content\/uploads\/2025\/12\/Croix-du-Grand-Colombier.jpg","contentUrl":"https:\/\/centcols.org\/wp-content\/uploads\/2025\/12\/Croix-du-Grand-Colombier.jpg","width":832,"height":1200},{"@type":"BreadcrumbList","@id":"https:\/\/centcols.org\/en\/fr-01-lochieu-vtt\/#breadcrumb","itemListElement":[{"@type":"ListItem","position":1,"name":"Accueil","item":"https:\/\/centcols.org\/"},{"@type":"ListItem","position":2,"name":"Parcours membres","item":"https:\/\/centcols.org\/rubrique\/parcours-membres\/"},{"@type":"ListItem","position":3,"name":"Pays","item":"https:\/\/centcols.org\/rubrique\/parcours-membres\/pays-parcours-membres\/"},{"@type":"ListItem","position":4,"name":"Parcours France","item":"https:\/\/centcols.org\/rubrique\/parcours-membres\/pays-parcours-membres\/parcours-france\/"},{"@type":"ListItem","position":5,"name":"FR-01 Lochieu &#8211; Bugey &#8211; VTT 47 km, D+ 1470 m, 9 cols"}]},{"@type":"WebSite","@id":"https:\/\/centcols.org\/#website","url":"https:\/\/centcols.org\/","name":"Club des Cent Cols","description":"","publisher":{"@id":"https:\/\/centcols.org\/#organization"},"potentialAction":[{"@type":"SearchAction","target":{"@type":"EntryPoint","urlTemplate":"https:\/\/centcols.org\/?s={search_term_string}"},"query-input":{"@type":"PropertyValueSpecification","valueRequired":true,"valueName":"search_term_string"}}],"inLanguage":"en-GB"},{"@type":"Organization","@id":"https:\/\/centcols.org\/#organization","name":"Club des Cent Cols","url":"https:\/\/centcols.org\/","logo":{"@type":"ImageObject","inLanguage":"en-GB","@id":"https:\/\/centcols.org\/#\/schema\/logo\/image\/","url":"https:\/\/centcols.org\/wp-content\/uploads\/2025\/01\/carte-icone.png","contentUrl":"https:\/\/centcols.org\/wp-content\/uploads\/2025\/01\/carte-icone.png","width":250,"height":250,"caption":"Club des Cent Cols"},"image":{"@id":"https:\/\/centcols.org\/#\/schema\/logo\/image\/"},"sameAs":["https:\/\/www.facebook.com\/groups\/5261880558\/?locale=fr_FR"]},{"@type":"Person","@id":"https:\/\/centcols.org\/#\/schema\/person\/0cc8f723679c98f3fb7798df5a50c018","name":"Ren\u00e9 Mercier","image":{"@type":"ImageObject","inLanguage":"en-GB","@id":"https:\/\/centcols.org\/wp-content\/litespeed\/avatar\/c2275eeaf79d4f7456274de381abeeab.jpg?ver=1777347562","url":"https:\/\/centcols.org\/wp-content\/litespeed\/avatar\/c2275eeaf79d4f7456274de381abeeab.jpg?ver=1777347562","contentUrl":"https:\/\/centcols.org\/wp-content\/litespeed\/avatar\/c2275eeaf79d4f7456274de381abeeab.jpg?ver=1777347562","caption":"Ren\u00e9 Mercier"},"url":"https:\/\/centcols.org\/en\/author\/7552\/"}]}},"_links":{"self":[{"href":"https:\/\/centcols.org\/en\/wp-json\/wp\/v2\/posts\/92428","targetHints":{"allow":["GET"]}}],"collection":[{"href":"https:\/\/centcols.org\/en\/wp-json\/wp\/v2\/posts"}],"about":[{"href":"https:\/\/centcols.org\/en\/wp-json\/wp\/v2\/types\/post"}],"author":[{"embeddable":true,"href":"https:\/\/centcols.org\/en\/wp-json\/wp\/v2\/users\/1726"}],"replies":[{"embeddable":true,"href":"https:\/\/centcols.org\/en\/wp-json\/wp\/v2\/comments?post=92428"}],"version-history":[{"count":0,"href":"https:\/\/centcols.org\/en\/wp-json\/wp\/v2\/posts\/92428\/revisions"}],"wp:featuredmedia":[{"embeddable":true,"href":"https:\/\/centcols.org\/en\/wp-json\/wp\/v2\/media\/92437"}],"wp:attachment":[{"href":"https:\/\/centcols.org\/en\/wp-json\/wp\/v2\/media?parent=92428"}],"wp:term":[{"taxonomy":"category","embeddable":true,"href":"https:\/\/centcols.org\/en\/wp-json\/wp\/v2\/categories?post=92428"},{"taxonomy":"post_tag","embeddable":true,"href":"https:\/\/centcols.org\/en\/wp-json\/wp\/v2\/tags?post=92428"}],"curies":[{"name":"wp","href":"https:\/\/api.w.org\/{rel}","templated":true}]}}