{"id":92916,"date":"2026-01-30T19:18:10","date_gmt":"2026-01-30T17:18:10","guid":{"rendered":"https:\/\/centcols.org\/?p=92916"},"modified":"2026-01-31T18:18:02","modified_gmt":"2026-01-31T16:18:02","slug":"colle-dei-morti","status":"publish","type":"post","link":"https:\/\/centcols.org\/en\/colle-dei-morti\/","title":{"rendered":"Colle dei Morti"},"content":{"rendered":"<p>Colle dei MORTI or Colle FAUNIERA (Piedmont) 2480m <a href=\"\/en\/util\/geo\/visu.php\/?code=IT-CN-2480a\" type=\"link\" id=\"https:\/\/www.centcols.org\/util\/geo\/visu.php?code=IT-CN-2480a\">IT-CN-2480a<\/a> <\/p>\n\n\n\n<p>EAST SLOPE :<br>Taken for the first time by the riders of the \u00ab99 Giro, under the name of \u00bbColle FAUNIERA\", the practically unknown Colle dei MORTI is nonetheless a very big pass, in terms of its considerable altitude difference and, above all, its steep, sustained gradients, spread over 15km. The pass has an average gradient of 9.2%! <br>Colle dei Morti seems cut off from the world in its austere setting of rocky outcrops, rocky bars and vast mountain pastures where a few sheep graze. It's a place of total isolation! When you climb this pass for the first time, you're amazed by the beauty of the landscape, which is constantly renewed as you progress, towards new horizons, higher and higher, and you have the feeling that you'll never see the end of the climb, that you're \u00absoaring to the sky\u00bb, as one of the Giro's organisers put it. <br>The climb begins peacefully at Monteroso Grana. On leaving Pradleves, you climb up steep gorges along the Grana torrent. After Campomolino, the slope steepens considerably to reach the San Magno sanctuary, worthy of a Himalayan temple! (Average gradient: 10% over 6 km, maximum 12 to 13%). After the sanctuary, the road becomes very narrow and, after a short level, the gradient steepens to 12%, while the landscape becomes increasingly wild and grandiose! The Trofarello refuge heralds the final two kilometres, where the gradient eases to 7.4% until you reach the junction on the right towards the Colle d'Esischie (2366m <a href=\"\/en\/util\/geo\/visu.php\/?code=IT-CN-2366b\" type=\"link\" id=\"https:\/\/www.centcols.org\/util\/geo\/visu.php?code=IT-CN-2366b\">IT-CN-2366b<\/a>), which takes you 20.3 km up the northern slope to Ponte Marmora. Colle Vallonetto (2439m <a href=\"\/en\/util\/geo\/visu.php\/?code=IT-CN-2438\" type=\"link\" id=\"https:\/\/www.centcols.org\/util\/geo\/visu.php?code=IT-CN-2438\">IT-CN-2438<\/a>) before arriving at the Col dei Morti, the end of the climb, at the foot of the Cima Fauniera (2515m) on the left, reached by a path.<br><br>SOUTH-EAST SLOPE :<br>Approached from the south-east, Colle dei Morti also offers a sumptuous climb, almost as hard as the Pradleves side, and with equally wild and beautiful scenery. Although the route starts at a slightly higher altitude, the gradient is very similar to that of the eastern slope due to a slight descent after Fedio. The average gradient for the 24.2 km ascent is 7.1%. <br>From Demonte, the climb starts straight away, and is fairly irregular (maximum 10.5% before Fedio). This is followed by a short descent to a bridge over a stream, and then the climb resumes, interspersed with numerous steep sections (maximum 14% before Trinit\u00e0). As far as San Giacomo, the road passes through a number of hamlets, and the landscape is restful and wooded. After San Giacomo, the road narrows as it climbs the upper part of the Arma valley. After the 12<sup>e<\/sup> kilometre begins the most difficult part, a 9.9km section at 9.2% with numerous passages at 11% and above. It takes you up to the Colle di Valcavera (2416m <a href=\"\/en\/util\/geo\/visu.php\/?code=IT-CN-2429\" type=\"link\" id=\"\/util\/geo\/visu.php?code=IT-CN-2429\">IT-CN-2429<\/a>), a few metres to the left of the road. <br>Here too, the austerity and beauty of the scenery are striking, especially after the Colle di Valcavera junction where you enter the Morti valley through a surprisingly mineral world! Initially flat, the road rises steeply (almost 14%) to cross a very narrow gorge carved into the rock that leads to the Colle dei Morti, dominated on the right by the Cima Fauniera topped by a cross.<br><br>Thierry PERRET<br><\/p>\n\n\n\n<figure class=\"wp-block-image size-full\"><img loading=\"lazy\" decoding=\"async\" width=\"651\" height=\"373\" src=\"https:\/\/centcols.org\/wp-content\/uploads\/2026\/01\/ColleMulo-1.jpg\" alt=\"\" class=\"wp-image-92931\" srcset=\"https:\/\/centcols.org\/wp-content\/uploads\/2026\/01\/ColleMulo-1.jpg 651w, https:\/\/centcols.org\/wp-content\/uploads\/2026\/01\/ColleMulo-1-18x10.jpg 18w\" sizes=\"auto, (max-width: 651px) 100vw, 651px\" \/><figcaption class=\"wp-element-caption\">Panorama from Colle del Mulo (2517m) <a href=\"\/en\/util\/geo\/visu.php\/?code=IT-CN-2517\">IT-CN-2517<\/a>)<br>On the left is the Valcavera colle, from where the track leads to the Gardetta refuge.<br>To the far right: Colle della Bandia (2403m <a href=\"\/en\/util\/geo\/visu.php\/?code=IT-CN-2408\">IT-CN-2408<\/a>)<br><\/figcaption><\/figure>\n\n\n\n<p><\/p>\n\n\n\n<figure class=\"wp-block-image size-full is-resized\"><img loading=\"lazy\" decoding=\"async\" width=\"1404\" height=\"871\" src=\"https:\/\/centcols.org\/wp-content\/uploads\/2026\/01\/Morti_profil1-2.jpg\" alt=\"\" class=\"wp-image-92932\" style=\"width:800px\" srcset=\"https:\/\/centcols.org\/wp-content\/uploads\/2026\/01\/Morti_profil1-2.jpg 1404w, https:\/\/centcols.org\/wp-content\/uploads\/2026\/01\/Morti_profil1-2-1200x744.jpg 1200w, https:\/\/centcols.org\/wp-content\/uploads\/2026\/01\/Morti_profil1-2-768x476.jpg 768w, https:\/\/centcols.org\/wp-content\/uploads\/2026\/01\/Morti_profil1-2-18x12.jpg 18w\" sizes=\"auto, (max-width: 1404px) 100vw, 1404px\" \/><figcaption class=\"wp-element-caption\">Eastern slope profile<\/figcaption><\/figure>\n\n\n\n<p><br><\/p>\n\n\n\n<figure class=\"wp-block-image size-large is-resized\"><img loading=\"lazy\" decoding=\"async\" width=\"1920\" height=\"1243\" src=\"https:\/\/centcols.org\/wp-content\/uploads\/2026\/01\/image-1-1920x1243.png\" alt=\"\" class=\"wp-image-92933\" style=\"width:800px\" srcset=\"https:\/\/centcols.org\/wp-content\/uploads\/2026\/01\/image-1-1920x1243.png 1920w, https:\/\/centcols.org\/wp-content\/uploads\/2026\/01\/image-1-1200x777.png 1200w, https:\/\/centcols.org\/wp-content\/uploads\/2026\/01\/image-1-768x497.png 768w, https:\/\/centcols.org\/wp-content\/uploads\/2026\/01\/image-1-1536x994.png 1536w, https:\/\/centcols.org\/wp-content\/uploads\/2026\/01\/image-1-2048x1326.png 2048w, https:\/\/centcols.org\/wp-content\/uploads\/2026\/01\/image-1-18x12.png 18w\" sizes=\"auto, (max-width: 1920px) 100vw, 1920px\" \/><figcaption class=\"wp-element-caption\">South-east slope profile<\/figcaption><\/figure>\n\n\n\n<p><br><\/p>\n\n\n\n<figure class=\"wp-block-image size-full\"><img loading=\"lazy\" decoding=\"async\" width=\"410\" height=\"280\" src=\"https:\/\/centcols.org\/wp-content\/uploads\/2026\/01\/image-2.png\" alt=\"\" class=\"wp-image-92934\" srcset=\"https:\/\/centcols.org\/wp-content\/uploads\/2026\/01\/image-2.png 410w, https:\/\/centcols.org\/wp-content\/uploads\/2026\/01\/image-2-18x12.png 18w\" sizes=\"auto, (max-width: 410px) 100vw, 410px\" \/><figcaption class=\"wp-element-caption\">Map Istituto Geografico Centrale-Torino no. 7 VALLI MAIRA-GRANA-STURA 1\/50,000\u00b0.<\/figcaption><\/figure>\n\n\n\n<p><br><\/p>","protected":false},"excerpt":{"rendered":"<p>Colle dei MORTI ou colle FAUNIERA (Pi\u00e9mont) 2480m IT-CN-2480a VERSANT EST :Emprunt\u00e9 pour la premi\u00e8re fois par les coureurs du Giro 99, sous l&rsquo;appellation \u00ab\u00a0colle FAUNIERA\u00a0\u00bb, le colle dei MORTI, pratiquement inconnu, est cependant un tr\u00e8s grand col, tant par sa d\u00e9nivellation importante, son altitude et surtout ses forts pourcentages soutenus, \u00e9tal\u00e9s sur 15 km. [&hellip;]<\/p>\n","protected":false},"author":682,"featured_media":93001,"comment_status":"closed","ping_status":"closed","sticky":false,"template":"","format":"standard","meta":{"_acf_changed":false,"footnotes":""},"categories":[308],"tags":[],"class_list":["post-92916","post","type-post","status-publish","format-standard","has-post-thumbnail","hentry","category-cols-en-vrac"],"acf":[],"yoast_head":"<!-- This site is optimized with the Yoast SEO plugin v27.2 - https:\/\/yoast.com\/product\/yoast-seo-wordpress\/ -->\n<title>Colle dei Morti - Club des Cent Cols<\/title>\n<meta name=\"robots\" content=\"index, follow, max-snippet:-1, max-image-preview:large, max-video-preview:-1\" \/>\n<link rel=\"canonical\" href=\"https:\/\/centcols.org\/en\/colle-dei-morti\/\" \/>\n<meta property=\"og:locale\" content=\"en_GB\" \/>\n<meta property=\"og:type\" content=\"article\" \/>\n<meta property=\"og:title\" content=\"Colle dei Morti - Club des Cent Cols\" \/>\n<meta property=\"og:description\" content=\"Colle dei MORTI ou colle FAUNIERA (Pi\u00e9mont) 2480m IT-CN-2480a VERSANT EST :Emprunt\u00e9 pour la premi\u00e8re fois par les coureurs du Giro 99, sous l&rsquo;appellation \u00ab\u00a0colle FAUNIERA\u00a0\u00bb, le colle dei MORTI, pratiquement inconnu, est cependant un tr\u00e8s grand col, tant par sa d\u00e9nivellation importante, son altitude et surtout ses forts pourcentages soutenus, \u00e9tal\u00e9s sur 15 km. [&hellip;]\" \/>\n<meta property=\"og:url\" content=\"https:\/\/centcols.org\/en\/colle-dei-morti\/\" \/>\n<meta property=\"og:site_name\" content=\"Club des Cent Cols\" \/>\n<meta property=\"article:publisher\" content=\"https:\/\/www.facebook.com\/groups\/5261880558\/?locale=fr_FR\" \/>\n<meta property=\"article:published_time\" content=\"2026-01-30T17:18:10+00:00\" \/>\n<meta property=\"article:modified_time\" content=\"2026-01-31T16:18:02+00:00\" \/>\n<meta property=\"og:image\" content=\"https:\/\/centcols.org\/wp-content\/uploads\/2026\/01\/Morti_miseen-avant.webp\" \/>\n\t<meta property=\"og:image:width\" content=\"474\" \/>\n\t<meta property=\"og:image:height\" content=\"266\" \/>\n\t<meta property=\"og:image:type\" content=\"image\/webp\" \/>\n<meta name=\"author\" content=\"Paul Levart\" \/>\n<meta name=\"twitter:card\" content=\"summary_large_image\" \/>\n<meta name=\"twitter:label1\" content=\"Written by\" \/>\n\t<meta name=\"twitter:data1\" content=\"Paul Levart\" \/>\n\t<meta name=\"twitter:label2\" content=\"Estimated reading time\" \/>\n\t<meta name=\"twitter:data2\" content=\"5 minutes\" \/>\n<script type=\"application\/ld+json\" class=\"yoast-schema-graph\">{\"@context\":\"https:\/\/schema.org\",\"@graph\":[{\"@type\":\"Article\",\"@id\":\"https:\/\/centcols.org\/it\/colle-dei-morti\/#article\",\"isPartOf\":{\"@id\":\"https:\/\/centcols.org\/it\/colle-dei-morti\/\"},\"author\":{\"name\":\"Paul Levart\",\"@id\":\"https:\/\/centcols.org\/#\/schema\/person\/f69e64d42a30af00fb46d8cf7a1d9945\"},\"headline\":\"Colle dei Morti\",\"datePublished\":\"2026-01-30T17:18:10+00:00\",\"dateModified\":\"2026-01-31T16:18:02+00:00\",\"mainEntityOfPage\":{\"@id\":\"https:\/\/centcols.org\/it\/colle-dei-morti\/\"},\"wordCount\":652,\"publisher\":{\"@id\":\"https:\/\/centcols.org\/#organization\"},\"image\":{\"@id\":\"https:\/\/centcols.org\/it\/colle-dei-morti\/#primaryimage\"},\"thumbnailUrl\":\"https:\/\/centcols.org\/wp-content\/uploads\/2026\/01\/Morti_miseen-avant.webp\",\"articleSection\":[\"Cols en vrac\"],\"inLanguage\":\"en-GB\"},{\"@type\":\"WebPage\",\"@id\":\"https:\/\/centcols.org\/it\/colle-dei-morti\/\",\"url\":\"https:\/\/centcols.org\/it\/colle-dei-morti\/\",\"name\":\"Colle dei Morti - Club des Cent Cols\",\"isPartOf\":{\"@id\":\"https:\/\/centcols.org\/#website\"},\"primaryImageOfPage\":{\"@id\":\"https:\/\/centcols.org\/it\/colle-dei-morti\/#primaryimage\"},\"image\":{\"@id\":\"https:\/\/centcols.org\/it\/colle-dei-morti\/#primaryimage\"},\"thumbnailUrl\":\"https:\/\/centcols.org\/wp-content\/uploads\/2026\/01\/Morti_miseen-avant.webp\",\"datePublished\":\"2026-01-30T17:18:10+00:00\",\"dateModified\":\"2026-01-31T16:18:02+00:00\",\"breadcrumb\":{\"@id\":\"https:\/\/centcols.org\/it\/colle-dei-morti\/#breadcrumb\"},\"inLanguage\":\"en-GB\",\"potentialAction\":[{\"@type\":\"ReadAction\",\"target\":[\"https:\/\/centcols.org\/it\/colle-dei-morti\/\"]}]},{\"@type\":\"ImageObject\",\"inLanguage\":\"en-GB\",\"@id\":\"https:\/\/centcols.org\/it\/colle-dei-morti\/#primaryimage\",\"url\":\"https:\/\/centcols.org\/wp-content\/uploads\/2026\/01\/Morti_miseen-avant.webp\",\"contentUrl\":\"https:\/\/centcols.org\/wp-content\/uploads\/2026\/01\/Morti_miseen-avant.webp\",\"width\":474,\"height\":266},{\"@type\":\"BreadcrumbList\",\"@id\":\"https:\/\/centcols.org\/it\/colle-dei-morti\/#breadcrumb\",\"itemListElement\":[{\"@type\":\"ListItem\",\"position\":1,\"name\":\"Accueil\",\"item\":\"https:\/\/centcols.org\/\"},{\"@type\":\"ListItem\",\"position\":2,\"name\":\"Cols en vrac\",\"item\":\"https:\/\/centcols.org\/rubrique\/cols-en-vrac\/\"},{\"@type\":\"ListItem\",\"position\":3,\"name\":\"Colle dei Morti\"}]},{\"@type\":\"WebSite\",\"@id\":\"https:\/\/centcols.org\/#website\",\"url\":\"https:\/\/centcols.org\/\",\"name\":\"Club des Cent Cols\",\"description\":\"\",\"publisher\":{\"@id\":\"https:\/\/centcols.org\/#organization\"},\"potentialAction\":[{\"@type\":\"SearchAction\",\"target\":{\"@type\":\"EntryPoint\",\"urlTemplate\":\"https:\/\/centcols.org\/?s={search_term_string}\"},\"query-input\":{\"@type\":\"PropertyValueSpecification\",\"valueRequired\":true,\"valueName\":\"search_term_string\"}}],\"inLanguage\":\"en-GB\"},{\"@type\":\"Organization\",\"@id\":\"https:\/\/centcols.org\/#organization\",\"name\":\"Club des Cent Cols\",\"url\":\"https:\/\/centcols.org\/\",\"logo\":{\"@type\":\"ImageObject\",\"inLanguage\":\"en-GB\",\"@id\":\"https:\/\/centcols.org\/#\/schema\/logo\/image\/\",\"url\":\"https:\/\/centcols.org\/wp-content\/uploads\/2025\/01\/carte-icone.png\",\"contentUrl\":\"https:\/\/centcols.org\/wp-content\/uploads\/2025\/01\/carte-icone.png\",\"width\":250,\"height\":250,\"caption\":\"Club des Cent Cols\"},\"image\":{\"@id\":\"https:\/\/centcols.org\/#\/schema\/logo\/image\/\"},\"sameAs\":[\"https:\/\/www.facebook.com\/groups\/5261880558\/?locale=fr_FR\"]},{\"@type\":\"Person\",\"@id\":\"https:\/\/centcols.org\/#\/schema\/person\/f69e64d42a30af00fb46d8cf7a1d9945\",\"name\":\"Paul Levart\",\"image\":{\"@type\":\"ImageObject\",\"inLanguage\":\"en-GB\",\"@id\":\"https:\/\/centcols.org\/wp-content\/litespeed\/avatar\/b81f27ef11f03e8b6b3b3019b1b2b4d7.jpg?ver=1777205446\",\"url\":\"https:\/\/centcols.org\/wp-content\/litespeed\/avatar\/b81f27ef11f03e8b6b3b3019b1b2b4d7.jpg?ver=1777205446\",\"contentUrl\":\"https:\/\/centcols.org\/wp-content\/litespeed\/avatar\/b81f27ef11f03e8b6b3b3019b1b2b4d7.jpg?ver=1777205446\",\"caption\":\"Paul Levart\"},\"url\":\"https:\/\/centcols.org\/en\/author\/4953\/\"}]}<\/script>\n<!-- \/ Yoast SEO plugin. -->","yoast_head_json":{"title":"Colle dei Morti - Club des Cent Cols","robots":{"index":"index","follow":"follow","max-snippet":"max-snippet:-1","max-image-preview":"max-image-preview:large","max-video-preview":"max-video-preview:-1"},"canonical":"https:\/\/centcols.org\/en\/colle-dei-morti\/","og_locale":"en_GB","og_type":"article","og_title":"Colle dei Morti - Club des Cent Cols","og_description":"Colle dei MORTI ou colle FAUNIERA (Pi\u00e9mont) 2480m IT-CN-2480a VERSANT EST :Emprunt\u00e9 pour la premi\u00e8re fois par les coureurs du Giro 99, sous l&rsquo;appellation \u00ab\u00a0colle FAUNIERA\u00a0\u00bb, le colle dei MORTI, pratiquement inconnu, est cependant un tr\u00e8s grand col, tant par sa d\u00e9nivellation importante, son altitude et surtout ses forts pourcentages soutenus, \u00e9tal\u00e9s sur 15 km. [&hellip;]","og_url":"https:\/\/centcols.org\/en\/colle-dei-morti\/","og_site_name":"Club des Cent Cols","article_publisher":"https:\/\/www.facebook.com\/groups\/5261880558\/?locale=fr_FR","article_published_time":"2026-01-30T17:18:10+00:00","article_modified_time":"2026-01-31T16:18:02+00:00","og_image":[{"width":474,"height":266,"url":"https:\/\/centcols.org\/wp-content\/uploads\/2026\/01\/Morti_miseen-avant.webp","type":"image\/webp"}],"author":"Paul Levart","twitter_card":"summary_large_image","twitter_misc":{"Written by":"Paul Levart","Estimated reading time":"5 minutes"},"schema":{"@context":"https:\/\/schema.org","@graph":[{"@type":"Article","@id":"https:\/\/centcols.org\/it\/colle-dei-morti\/#article","isPartOf":{"@id":"https:\/\/centcols.org\/it\/colle-dei-morti\/"},"author":{"name":"Paul Levart","@id":"https:\/\/centcols.org\/#\/schema\/person\/f69e64d42a30af00fb46d8cf7a1d9945"},"headline":"Colle dei Morti","datePublished":"2026-01-30T17:18:10+00:00","dateModified":"2026-01-31T16:18:02+00:00","mainEntityOfPage":{"@id":"https:\/\/centcols.org\/it\/colle-dei-morti\/"},"wordCount":652,"publisher":{"@id":"https:\/\/centcols.org\/#organization"},"image":{"@id":"https:\/\/centcols.org\/it\/colle-dei-morti\/#primaryimage"},"thumbnailUrl":"https:\/\/centcols.org\/wp-content\/uploads\/2026\/01\/Morti_miseen-avant.webp","articleSection":["Cols en vrac"],"inLanguage":"en-GB"},{"@type":"WebPage","@id":"https:\/\/centcols.org\/it\/colle-dei-morti\/","url":"https:\/\/centcols.org\/it\/colle-dei-morti\/","name":"Colle dei Morti - Club des Cent Cols","isPartOf":{"@id":"https:\/\/centcols.org\/#website"},"primaryImageOfPage":{"@id":"https:\/\/centcols.org\/it\/colle-dei-morti\/#primaryimage"},"image":{"@id":"https:\/\/centcols.org\/it\/colle-dei-morti\/#primaryimage"},"thumbnailUrl":"https:\/\/centcols.org\/wp-content\/uploads\/2026\/01\/Morti_miseen-avant.webp","datePublished":"2026-01-30T17:18:10+00:00","dateModified":"2026-01-31T16:18:02+00:00","breadcrumb":{"@id":"https:\/\/centcols.org\/it\/colle-dei-morti\/#breadcrumb"},"inLanguage":"en-GB","potentialAction":[{"@type":"ReadAction","target":["https:\/\/centcols.org\/it\/colle-dei-morti\/"]}]},{"@type":"ImageObject","inLanguage":"en-GB","@id":"https:\/\/centcols.org\/it\/colle-dei-morti\/#primaryimage","url":"https:\/\/centcols.org\/wp-content\/uploads\/2026\/01\/Morti_miseen-avant.webp","contentUrl":"https:\/\/centcols.org\/wp-content\/uploads\/2026\/01\/Morti_miseen-avant.webp","width":474,"height":266},{"@type":"BreadcrumbList","@id":"https:\/\/centcols.org\/it\/colle-dei-morti\/#breadcrumb","itemListElement":[{"@type":"ListItem","position":1,"name":"Accueil","item":"https:\/\/centcols.org\/"},{"@type":"ListItem","position":2,"name":"Cols en vrac","item":"https:\/\/centcols.org\/rubrique\/cols-en-vrac\/"},{"@type":"ListItem","position":3,"name":"Colle dei Morti"}]},{"@type":"WebSite","@id":"https:\/\/centcols.org\/#website","url":"https:\/\/centcols.org\/","name":"Club des Cent Cols","description":"","publisher":{"@id":"https:\/\/centcols.org\/#organization"},"potentialAction":[{"@type":"SearchAction","target":{"@type":"EntryPoint","urlTemplate":"https:\/\/centcols.org\/?s={search_term_string}"},"query-input":{"@type":"PropertyValueSpecification","valueRequired":true,"valueName":"search_term_string"}}],"inLanguage":"en-GB"},{"@type":"Organization","@id":"https:\/\/centcols.org\/#organization","name":"Club des Cent Cols","url":"https:\/\/centcols.org\/","logo":{"@type":"ImageObject","inLanguage":"en-GB","@id":"https:\/\/centcols.org\/#\/schema\/logo\/image\/","url":"https:\/\/centcols.org\/wp-content\/uploads\/2025\/01\/carte-icone.png","contentUrl":"https:\/\/centcols.org\/wp-content\/uploads\/2025\/01\/carte-icone.png","width":250,"height":250,"caption":"Club des Cent Cols"},"image":{"@id":"https:\/\/centcols.org\/#\/schema\/logo\/image\/"},"sameAs":["https:\/\/www.facebook.com\/groups\/5261880558\/?locale=fr_FR"]},{"@type":"Person","@id":"https:\/\/centcols.org\/#\/schema\/person\/f69e64d42a30af00fb46d8cf7a1d9945","name":"Paul Levart","image":{"@type":"ImageObject","inLanguage":"en-GB","@id":"https:\/\/centcols.org\/wp-content\/litespeed\/avatar\/b81f27ef11f03e8b6b3b3019b1b2b4d7.jpg?ver=1777205446","url":"https:\/\/centcols.org\/wp-content\/litespeed\/avatar\/b81f27ef11f03e8b6b3b3019b1b2b4d7.jpg?ver=1777205446","contentUrl":"https:\/\/centcols.org\/wp-content\/litespeed\/avatar\/b81f27ef11f03e8b6b3b3019b1b2b4d7.jpg?ver=1777205446","caption":"Paul Levart"},"url":"https:\/\/centcols.org\/en\/author\/4953\/"}]}},"_links":{"self":[{"href":"https:\/\/centcols.org\/en\/wp-json\/wp\/v2\/posts\/92916","targetHints":{"allow":["GET"]}}],"collection":[{"href":"https:\/\/centcols.org\/en\/wp-json\/wp\/v2\/posts"}],"about":[{"href":"https:\/\/centcols.org\/en\/wp-json\/wp\/v2\/types\/post"}],"author":[{"embeddable":true,"href":"https:\/\/centcols.org\/en\/wp-json\/wp\/v2\/users\/682"}],"replies":[{"embeddable":true,"href":"https:\/\/centcols.org\/en\/wp-json\/wp\/v2\/comments?post=92916"}],"version-history":[{"count":0,"href":"https:\/\/centcols.org\/en\/wp-json\/wp\/v2\/posts\/92916\/revisions"}],"wp:featuredmedia":[{"embeddable":true,"href":"https:\/\/centcols.org\/en\/wp-json\/wp\/v2\/media\/93001"}],"wp:attachment":[{"href":"https:\/\/centcols.org\/en\/wp-json\/wp\/v2\/media?parent=92916"}],"wp:term":[{"taxonomy":"category","embeddable":true,"href":"https:\/\/centcols.org\/en\/wp-json\/wp\/v2\/categories?post=92916"},{"taxonomy":"post_tag","embeddable":true,"href":"https:\/\/centcols.org\/en\/wp-json\/wp\/v2\/tags?post=92916"}],"curies":[{"name":"wp","href":"https:\/\/api.w.org\/{rel}","templated":true}]}}