{"id":92968,"date":"2026-01-30T17:01:04","date_gmt":"2026-01-30T15:01:04","guid":{"rendered":"https:\/\/centcols.org\/?p=92968"},"modified":"2026-02-03T18:30:12","modified_gmt":"2026-02-03T16:30:12","slug":"col-de-la-bonette","status":"publish","type":"post","link":"https:\/\/centcols.org\/en\/col-de-la-bonette\/","title":{"rendered":"Col de la Bonette"},"content":{"rendered":"<p><strong>Question: I dream of climbing the Col de la Bonette. What passes are accessible in the area of this legendary pass?<\/strong><\/p>\n\n\n\n<p>Response:<br>There are six passes, all over 2000m, which can be crossed in a day. If the above question comes up often, it's because a certain amount of confusion is fostered either by maps that aren't very accurate (because of their scale), or by signs that are enticing but bear no relation to reality. The sign posted just outside Jausiers, at the foot of the ascent to the Col de la Bonette, is a model of its kind.<\/p>\n\n\n<div class=\"wp-block-image is-style-rounded\">\n<figure class=\"aligncenter size-thumbnail\"><a href=\"https:\/\/centcols.org\/wp-content\/uploads\/2026\/01\/Bonette1_Jausiers.jpg\" target=\"_blank\" rel=\" noreferrer noopener\"><img loading=\"lazy\" decoding=\"async\" width=\"150\" height=\"150\" src=\"https:\/\/centcols.org\/wp-content\/uploads\/2026\/01\/Bonette1_Jausiers-150x150.jpg\" alt=\"\" class=\"wp-image-92971\"\/><\/a><\/figure>\n<\/div>\n\n\n<p>There are three errors:<br>- The Col de la Bonette should not be confused with the Col de Restefond, as they are two different passes.<br>- The Col de la Bonette does not rise to 2802m but to 2715m.<br>- It's not the highest road in Europe, because it's in the Sierra Nevada in Spain (editor's note: in 2026 the road will be closed to cars).<\/p>\n\n\n\n<p>What does the IGN TOP25 map n\u00b0 3639OT say?<\/p>\n\n\n<div class=\"wp-block-image is-style-rounded\">\n<figure class=\"aligncenter size-thumbnail\"><a href=\"https:\/\/centcols.org\/wp-content\/uploads\/2026\/01\/Bonette2_IGN-Top25.jpg\" target=\"_blank\" rel=\" noreferrer noopener\"><img loading=\"lazy\" decoding=\"async\" width=\"150\" height=\"150\" src=\"https:\/\/centcols.org\/wp-content\/uploads\/2026\/01\/Bonette2_IGN-Top25-150x150.jpg\" alt=\"\" class=\"wp-image-92973\"\/><\/a><\/figure>\n<\/div>\n\n\n<p>Leaving the Ubaye valley (Jausiers), the d\u00e9partementale 64 passes close to the \u00abFaux col de Restefond\u00bb (FR-04-2639). Nearby, because the pass is just below the tarmac road, on an R1 track that leads to the Col de la Mouti\u00e8re.<\/p>\n\n\n<div class=\"wp-block-image is-style-rounded\">\n<figure class=\"aligncenter size-thumbnail\"><a href=\"https:\/\/centcols.org\/wp-content\/uploads\/2026\/01\/Bonette3_FxCol_Restefond.jpg\" target=\"_blank\" rel=\" noreferrer noopener\"><img loading=\"lazy\" decoding=\"async\" width=\"150\" height=\"150\" src=\"https:\/\/centcols.org\/wp-content\/uploads\/2026\/01\/Bonette3_FxCol_Restefond-150x150.jpg\" alt=\"\" class=\"wp-image-92975\"\/><\/a><\/figure>\n<\/div>\n\n\n<p>300m beyond the junction of the track leading to the Col de la Mouti\u00e8re, a R1-2 track opens up on the left, this time leading to the Col de Restefond (FR-04-2692b) at an altitude of 2680m. This pass is slightly above the D64. The name of the pass is indicated by a sign at the top. Remnants of Second World War fighting can still be seen in the vicinity.<br>The trail continues along the northern slopes of the Cime des Trois Serri\u00e8res to the Col de Raspaillon. This is the old military road that existed before the opening of the Bonette \u00abloop\u00bb.<br>PLEASE NOTE: the Col de Restefond is only accessible by entering the Mercantour National Park (for 250m!). Access is strictly forbidden to bicycles...<\/p>\n\n\n<div class=\"wp-block-image is-style-rounded\">\n<figure class=\"aligncenter size-thumbnail\"><a href=\"https:\/\/centcols.org\/wp-content\/uploads\/2026\/01\/Bonette4_Restefond.jpg\" target=\"_blank\" rel=\" noreferrer noopener\"><img loading=\"lazy\" decoding=\"async\" width=\"150\" height=\"150\" src=\"https:\/\/centcols.org\/wp-content\/uploads\/2026\/01\/Bonette4_Restefond-150x150.jpg\" alt=\"\" class=\"wp-image-92976\"\/><\/a><\/figure>\n<\/div>\n\n\n<p>Back on the D64. The Col de la Bonette (FR-04-2715) opens up like a gap on the left. It takes you directly into the Tin\u00e9e valley.<\/p>\n\n\n<div class=\"wp-block-image is-style-rounded\">\n<figure class=\"aligncenter size-thumbnail\"><a href=\"https:\/\/centcols.org\/wp-content\/uploads\/2026\/01\/Bonette5_CentCols-1.jpg\" target=\"_blank\" rel=\" noreferrer noopener\"><img loading=\"lazy\" decoding=\"async\" width=\"150\" height=\"150\" src=\"https:\/\/centcols.org\/wp-content\/uploads\/2026\/01\/Bonette5_CentCols-1-150x150.jpg\" alt=\"\" class=\"wp-image-92987\"\/><\/a><\/figure>\n<\/div>\n\n<div class=\"wp-block-image is-style-rounded\">\n<figure class=\"aligncenter size-thumbnail\"><a href=\"https:\/\/centcols.org\/wp-content\/uploads\/2026\/01\/Bonette6_LaCime-1.jpg\" target=\"_blank\" rel=\" noreferrer noopener\"><img loading=\"lazy\" decoding=\"async\" width=\"150\" height=\"150\" src=\"https:\/\/centcols.org\/wp-content\/uploads\/2026\/01\/Bonette6_LaCime-1-150x150.jpg\" alt=\"\" class=\"wp-image-92988\"\/><\/a><\/figure>\n<\/div>\n\n\n<p>If you don't cross the Col de la Bonette, the road continues steeply uphill around the summit of the Bonette, passing the highest point: 2802m, which is often mistaken for the Col itself. A monument marks the top of the road and a short walk takes you to the orientation table at 2860m, where the view is breathtaking.<br>The D64 then approaches the southern slope.<\/p>\n\n\n<div class=\"wp-block-image is-style-rounded\">\n<figure class=\"aligncenter size-thumbnail\"><a href=\"https:\/\/centcols.org\/wp-content\/uploads\/2026\/01\/Bonette7_VersantSud.jpg\" target=\"_blank\" rel=\" noreferrer noopener\"><img loading=\"lazy\" decoding=\"async\" width=\"150\" height=\"150\" src=\"https:\/\/centcols.org\/wp-content\/uploads\/2026\/01\/Bonette7_VersantSud-150x150.jpg\" alt=\"\" class=\"wp-image-92979\"\/><\/a><\/figure>\n<\/div>\n\n\n<p>The Col de la Bonette opens up on the left this time, then, on the descent, you cross the Col de Raspaillon or des Granges Communes (FR-04-2513). Finally, four kilometres further on, just after the ruins of the Fourches camp, an R1 track leads off to the left to easily reach the Col des Fourches (FR-06-2261b), 200m from the tarmac.<br>WARNING: the Col des Fourches is in the Mercantour National Park!<\/p>\n\n\n<div class=\"wp-block-image is-style-rounded\">\n<figure class=\"aligncenter size-thumbnail\"><a href=\"https:\/\/centcols.org\/wp-content\/uploads\/2026\/01\/Bonette8_VersantSud-1.jpg\" target=\"_blank\" rel=\" noreferrer noopener\"><img loading=\"lazy\" decoding=\"async\" width=\"150\" height=\"150\" src=\"https:\/\/centcols.org\/wp-content\/uploads\/2026\/01\/Bonette8_VersantSud-1-150x150.jpg\" alt=\"\" class=\"wp-image-92982\"\/><\/a><\/figure>\n<\/div>\n\n\n<p>For a looping walk back to the Ubaye valley, you can return via the Col de la Mouti\u00e8re, where the road from Saint-Dalmas-le-Selvage is now tarmacked. The north side is not, and you have the choice of either joining the D64 at the Faux col de Restefond via R1 tracks, or descending to Bayasse (on the ascent to the col de la Cayolle) and returning to Barcelonnette via the D902.<\/p>\n\n\n\n<p>We wish you a safe journey.<\/p>\n\n\n\n<p>Ren\u00e9 Poty<\/p>\n\n\n\n<p><\/p>","protected":false},"excerpt":{"rendered":"<p>Question : je r\u00eave de gravir le col de la Bonette, quels sont les cols accessibles dans le secteur de ce col mythique ? R\u00e9ponse :On compte six cols, tous \u00e0 plus de 2000m, qui peuvent \u00eatre franchis dans une journ\u00e9e. Si la question ci-dessus revient souvent, c&rsquo;est qu&rsquo;une certaine confusion est entretenue soit par [&hellip;]<\/p>\n","protected":false},"author":1726,"featured_media":92971,"comment_status":"closed","ping_status":"closed","sticky":false,"template":"","format":"standard","meta":{"_acf_changed":false,"footnotes":""},"categories":[308],"tags":[],"class_list":["post-92968","post","type-post","status-publish","format-standard","has-post-thumbnail","hentry","category-cols-en-vrac"],"acf":[],"yoast_head":"<!-- This site is optimized with the Yoast SEO plugin v27.2 - https:\/\/yoast.com\/product\/yoast-seo-wordpress\/ -->\n<title>Col de la Bonette - Club des Cent Cols<\/title>\n<meta name=\"robots\" content=\"index, follow, max-snippet:-1, max-image-preview:large, max-video-preview:-1\" \/>\n<link rel=\"canonical\" href=\"https:\/\/centcols.org\/en\/col-de-la-bonette\/\" \/>\n<meta property=\"og:locale\" content=\"en_GB\" \/>\n<meta property=\"og:type\" content=\"article\" \/>\n<meta property=\"og:title\" content=\"Col de la Bonette - Club des Cent Cols\" \/>\n<meta property=\"og:description\" content=\"Question : je r\u00eave de gravir le col de la Bonette, quels sont les cols accessibles dans le secteur de ce col mythique ? R\u00e9ponse :On compte six cols, tous \u00e0 plus de 2000m, qui peuvent \u00eatre franchis dans une journ\u00e9e. Si la question ci-dessus revient souvent, c&rsquo;est qu&rsquo;une certaine confusion est entretenue soit par [&hellip;]\" \/>\n<meta property=\"og:url\" content=\"https:\/\/centcols.org\/en\/col-de-la-bonette\/\" \/>\n<meta property=\"og:site_name\" content=\"Club des Cent Cols\" \/>\n<meta property=\"article:publisher\" content=\"https:\/\/www.facebook.com\/groups\/5261880558\/?locale=fr_FR\" \/>\n<meta property=\"article:published_time\" content=\"2026-01-30T15:01:04+00:00\" \/>\n<meta property=\"article:modified_time\" content=\"2026-02-03T16:30:12+00:00\" \/>\n<meta property=\"og:image\" content=\"https:\/\/centcols.org\/wp-content\/uploads\/2026\/01\/Bonette1_Jausiers.jpg\" \/>\n\t<meta property=\"og:image:width\" content=\"380\" \/>\n\t<meta property=\"og:image:height\" content=\"580\" \/>\n\t<meta property=\"og:image:type\" content=\"image\/jpeg\" \/>\n<meta name=\"author\" content=\"Ren\u00e9 Mercier\" \/>\n<meta name=\"twitter:card\" content=\"summary_large_image\" \/>\n<meta name=\"twitter:label1\" content=\"Written by\" \/>\n\t<meta name=\"twitter:data1\" content=\"Ren\u00e9 Mercier\" \/>\n\t<meta name=\"twitter:label2\" content=\"Estimated reading time\" \/>\n\t<meta name=\"twitter:data2\" content=\"5 minutes\" \/>\n<script type=\"application\/ld+json\" class=\"yoast-schema-graph\">{\"@context\":\"https:\/\/schema.org\",\"@graph\":[{\"@type\":\"Article\",\"@id\":\"https:\/\/centcols.org\/es\/col-de-la-bonette\/#article\",\"isPartOf\":{\"@id\":\"https:\/\/centcols.org\/es\/col-de-la-bonette\/\"},\"author\":{\"name\":\"Ren\u00e9 Mercier\",\"@id\":\"https:\/\/centcols.org\/#\/schema\/person\/0cc8f723679c98f3fb7798df5a50c018\"},\"headline\":\"Col de la Bonette\",\"datePublished\":\"2026-01-30T15:01:04+00:00\",\"dateModified\":\"2026-02-03T16:30:12+00:00\",\"mainEntityOfPage\":{\"@id\":\"https:\/\/centcols.org\/es\/col-de-la-bonette\/\"},\"wordCount\":644,\"publisher\":{\"@id\":\"https:\/\/centcols.org\/#organization\"},\"image\":{\"@id\":\"https:\/\/centcols.org\/es\/col-de-la-bonette\/#primaryimage\"},\"thumbnailUrl\":\"https:\/\/centcols.org\/wp-content\/uploads\/2026\/01\/Bonette1_Jausiers.jpg\",\"articleSection\":[\"Cols en vrac\"],\"inLanguage\":\"en-GB\"},{\"@type\":\"WebPage\",\"@id\":\"https:\/\/centcols.org\/es\/col-de-la-bonette\/\",\"url\":\"https:\/\/centcols.org\/es\/col-de-la-bonette\/\",\"name\":\"Col de la Bonette - Club des Cent Cols\",\"isPartOf\":{\"@id\":\"https:\/\/centcols.org\/#website\"},\"primaryImageOfPage\":{\"@id\":\"https:\/\/centcols.org\/es\/col-de-la-bonette\/#primaryimage\"},\"image\":{\"@id\":\"https:\/\/centcols.org\/es\/col-de-la-bonette\/#primaryimage\"},\"thumbnailUrl\":\"https:\/\/centcols.org\/wp-content\/uploads\/2026\/01\/Bonette1_Jausiers.jpg\",\"datePublished\":\"2026-01-30T15:01:04+00:00\",\"dateModified\":\"2026-02-03T16:30:12+00:00\",\"breadcrumb\":{\"@id\":\"https:\/\/centcols.org\/es\/col-de-la-bonette\/#breadcrumb\"},\"inLanguage\":\"en-GB\",\"potentialAction\":[{\"@type\":\"ReadAction\",\"target\":[\"https:\/\/centcols.org\/es\/col-de-la-bonette\/\"]}]},{\"@type\":\"ImageObject\",\"inLanguage\":\"en-GB\",\"@id\":\"https:\/\/centcols.org\/es\/col-de-la-bonette\/#primaryimage\",\"url\":\"https:\/\/centcols.org\/wp-content\/uploads\/2026\/01\/Bonette1_Jausiers.jpg\",\"contentUrl\":\"https:\/\/centcols.org\/wp-content\/uploads\/2026\/01\/Bonette1_Jausiers.jpg\",\"width\":380,\"height\":580,\"caption\":\"Bonette Restefond Cent cols\"},{\"@type\":\"BreadcrumbList\",\"@id\":\"https:\/\/centcols.org\/es\/col-de-la-bonette\/#breadcrumb\",\"itemListElement\":[{\"@type\":\"ListItem\",\"position\":1,\"name\":\"Accueil\",\"item\":\"https:\/\/centcols.org\/\"},{\"@type\":\"ListItem\",\"position\":2,\"name\":\"Cols en vrac\",\"item\":\"https:\/\/centcols.org\/rubrique\/cols-en-vrac\/\"},{\"@type\":\"ListItem\",\"position\":3,\"name\":\"Col de la Bonette\"}]},{\"@type\":\"WebSite\",\"@id\":\"https:\/\/centcols.org\/#website\",\"url\":\"https:\/\/centcols.org\/\",\"name\":\"Club des Cent Cols\",\"description\":\"\",\"publisher\":{\"@id\":\"https:\/\/centcols.org\/#organization\"},\"potentialAction\":[{\"@type\":\"SearchAction\",\"target\":{\"@type\":\"EntryPoint\",\"urlTemplate\":\"https:\/\/centcols.org\/?s={search_term_string}\"},\"query-input\":{\"@type\":\"PropertyValueSpecification\",\"valueRequired\":true,\"valueName\":\"search_term_string\"}}],\"inLanguage\":\"en-GB\"},{\"@type\":\"Organization\",\"@id\":\"https:\/\/centcols.org\/#organization\",\"name\":\"Club des Cent Cols\",\"url\":\"https:\/\/centcols.org\/\",\"logo\":{\"@type\":\"ImageObject\",\"inLanguage\":\"en-GB\",\"@id\":\"https:\/\/centcols.org\/#\/schema\/logo\/image\/\",\"url\":\"https:\/\/centcols.org\/wp-content\/uploads\/2025\/01\/carte-icone.png\",\"contentUrl\":\"https:\/\/centcols.org\/wp-content\/uploads\/2025\/01\/carte-icone.png\",\"width\":250,\"height\":250,\"caption\":\"Club des Cent Cols\"},\"image\":{\"@id\":\"https:\/\/centcols.org\/#\/schema\/logo\/image\/\"},\"sameAs\":[\"https:\/\/www.facebook.com\/groups\/5261880558\/?locale=fr_FR\"]},{\"@type\":\"Person\",\"@id\":\"https:\/\/centcols.org\/#\/schema\/person\/0cc8f723679c98f3fb7798df5a50c018\",\"name\":\"Ren\u00e9 Mercier\",\"image\":{\"@type\":\"ImageObject\",\"inLanguage\":\"en-GB\",\"@id\":\"https:\/\/centcols.org\/wp-content\/litespeed\/avatar\/c2275eeaf79d4f7456274de381abeeab.jpg?ver=1777347562\",\"url\":\"https:\/\/centcols.org\/wp-content\/litespeed\/avatar\/c2275eeaf79d4f7456274de381abeeab.jpg?ver=1777347562\",\"contentUrl\":\"https:\/\/centcols.org\/wp-content\/litespeed\/avatar\/c2275eeaf79d4f7456274de381abeeab.jpg?ver=1777347562\",\"caption\":\"Ren\u00e9 Mercier\"},\"url\":\"https:\/\/centcols.org\/en\/author\/7552\/\"}]}<\/script>\n<!-- \/ Yoast SEO plugin. -->","yoast_head_json":{"title":"Col de la Bonette - Club des Cent Cols","robots":{"index":"index","follow":"follow","max-snippet":"max-snippet:-1","max-image-preview":"max-image-preview:large","max-video-preview":"max-video-preview:-1"},"canonical":"https:\/\/centcols.org\/en\/col-de-la-bonette\/","og_locale":"en_GB","og_type":"article","og_title":"Col de la Bonette - Club des Cent Cols","og_description":"Question : je r\u00eave de gravir le col de la Bonette, quels sont les cols accessibles dans le secteur de ce col mythique ? R\u00e9ponse :On compte six cols, tous \u00e0 plus de 2000m, qui peuvent \u00eatre franchis dans une journ\u00e9e. Si la question ci-dessus revient souvent, c&rsquo;est qu&rsquo;une certaine confusion est entretenue soit par [&hellip;]","og_url":"https:\/\/centcols.org\/en\/col-de-la-bonette\/","og_site_name":"Club des Cent Cols","article_publisher":"https:\/\/www.facebook.com\/groups\/5261880558\/?locale=fr_FR","article_published_time":"2026-01-30T15:01:04+00:00","article_modified_time":"2026-02-03T16:30:12+00:00","og_image":[{"width":380,"height":580,"url":"https:\/\/centcols.org\/wp-content\/uploads\/2026\/01\/Bonette1_Jausiers.jpg","type":"image\/jpeg"}],"author":"Ren\u00e9 Mercier","twitter_card":"summary_large_image","twitter_misc":{"Written by":"Ren\u00e9 Mercier","Estimated reading time":"5 minutes"},"schema":{"@context":"https:\/\/schema.org","@graph":[{"@type":"Article","@id":"https:\/\/centcols.org\/es\/col-de-la-bonette\/#article","isPartOf":{"@id":"https:\/\/centcols.org\/es\/col-de-la-bonette\/"},"author":{"name":"Ren\u00e9 Mercier","@id":"https:\/\/centcols.org\/#\/schema\/person\/0cc8f723679c98f3fb7798df5a50c018"},"headline":"Col de la Bonette","datePublished":"2026-01-30T15:01:04+00:00","dateModified":"2026-02-03T16:30:12+00:00","mainEntityOfPage":{"@id":"https:\/\/centcols.org\/es\/col-de-la-bonette\/"},"wordCount":644,"publisher":{"@id":"https:\/\/centcols.org\/#organization"},"image":{"@id":"https:\/\/centcols.org\/es\/col-de-la-bonette\/#primaryimage"},"thumbnailUrl":"https:\/\/centcols.org\/wp-content\/uploads\/2026\/01\/Bonette1_Jausiers.jpg","articleSection":["Cols en vrac"],"inLanguage":"en-GB"},{"@type":"WebPage","@id":"https:\/\/centcols.org\/es\/col-de-la-bonette\/","url":"https:\/\/centcols.org\/es\/col-de-la-bonette\/","name":"Col de la Bonette - Club des Cent Cols","isPartOf":{"@id":"https:\/\/centcols.org\/#website"},"primaryImageOfPage":{"@id":"https:\/\/centcols.org\/es\/col-de-la-bonette\/#primaryimage"},"image":{"@id":"https:\/\/centcols.org\/es\/col-de-la-bonette\/#primaryimage"},"thumbnailUrl":"https:\/\/centcols.org\/wp-content\/uploads\/2026\/01\/Bonette1_Jausiers.jpg","datePublished":"2026-01-30T15:01:04+00:00","dateModified":"2026-02-03T16:30:12+00:00","breadcrumb":{"@id":"https:\/\/centcols.org\/es\/col-de-la-bonette\/#breadcrumb"},"inLanguage":"en-GB","potentialAction":[{"@type":"ReadAction","target":["https:\/\/centcols.org\/es\/col-de-la-bonette\/"]}]},{"@type":"ImageObject","inLanguage":"en-GB","@id":"https:\/\/centcols.org\/es\/col-de-la-bonette\/#primaryimage","url":"https:\/\/centcols.org\/wp-content\/uploads\/2026\/01\/Bonette1_Jausiers.jpg","contentUrl":"https:\/\/centcols.org\/wp-content\/uploads\/2026\/01\/Bonette1_Jausiers.jpg","width":380,"height":580,"caption":"Bonette Restefond Cent cols"},{"@type":"BreadcrumbList","@id":"https:\/\/centcols.org\/es\/col-de-la-bonette\/#breadcrumb","itemListElement":[{"@type":"ListItem","position":1,"name":"Accueil","item":"https:\/\/centcols.org\/"},{"@type":"ListItem","position":2,"name":"Cols en vrac","item":"https:\/\/centcols.org\/rubrique\/cols-en-vrac\/"},{"@type":"ListItem","position":3,"name":"Col de la Bonette"}]},{"@type":"WebSite","@id":"https:\/\/centcols.org\/#website","url":"https:\/\/centcols.org\/","name":"Club des Cent Cols","description":"","publisher":{"@id":"https:\/\/centcols.org\/#organization"},"potentialAction":[{"@type":"SearchAction","target":{"@type":"EntryPoint","urlTemplate":"https:\/\/centcols.org\/?s={search_term_string}"},"query-input":{"@type":"PropertyValueSpecification","valueRequired":true,"valueName":"search_term_string"}}],"inLanguage":"en-GB"},{"@type":"Organization","@id":"https:\/\/centcols.org\/#organization","name":"Club des Cent Cols","url":"https:\/\/centcols.org\/","logo":{"@type":"ImageObject","inLanguage":"en-GB","@id":"https:\/\/centcols.org\/#\/schema\/logo\/image\/","url":"https:\/\/centcols.org\/wp-content\/uploads\/2025\/01\/carte-icone.png","contentUrl":"https:\/\/centcols.org\/wp-content\/uploads\/2025\/01\/carte-icone.png","width":250,"height":250,"caption":"Club des Cent Cols"},"image":{"@id":"https:\/\/centcols.org\/#\/schema\/logo\/image\/"},"sameAs":["https:\/\/www.facebook.com\/groups\/5261880558\/?locale=fr_FR"]},{"@type":"Person","@id":"https:\/\/centcols.org\/#\/schema\/person\/0cc8f723679c98f3fb7798df5a50c018","name":"Ren\u00e9 Mercier","image":{"@type":"ImageObject","inLanguage":"en-GB","@id":"https:\/\/centcols.org\/wp-content\/litespeed\/avatar\/c2275eeaf79d4f7456274de381abeeab.jpg?ver=1777347562","url":"https:\/\/centcols.org\/wp-content\/litespeed\/avatar\/c2275eeaf79d4f7456274de381abeeab.jpg?ver=1777347562","contentUrl":"https:\/\/centcols.org\/wp-content\/litespeed\/avatar\/c2275eeaf79d4f7456274de381abeeab.jpg?ver=1777347562","caption":"Ren\u00e9 Mercier"},"url":"https:\/\/centcols.org\/en\/author\/7552\/"}]}},"_links":{"self":[{"href":"https:\/\/centcols.org\/en\/wp-json\/wp\/v2\/posts\/92968","targetHints":{"allow":["GET"]}}],"collection":[{"href":"https:\/\/centcols.org\/en\/wp-json\/wp\/v2\/posts"}],"about":[{"href":"https:\/\/centcols.org\/en\/wp-json\/wp\/v2\/types\/post"}],"author":[{"embeddable":true,"href":"https:\/\/centcols.org\/en\/wp-json\/wp\/v2\/users\/1726"}],"replies":[{"embeddable":true,"href":"https:\/\/centcols.org\/en\/wp-json\/wp\/v2\/comments?post=92968"}],"version-history":[{"count":0,"href":"https:\/\/centcols.org\/en\/wp-json\/wp\/v2\/posts\/92968\/revisions"}],"wp:featuredmedia":[{"embeddable":true,"href":"https:\/\/centcols.org\/en\/wp-json\/wp\/v2\/media\/92971"}],"wp:attachment":[{"href":"https:\/\/centcols.org\/en\/wp-json\/wp\/v2\/media?parent=92968"}],"wp:term":[{"taxonomy":"category","embeddable":true,"href":"https:\/\/centcols.org\/en\/wp-json\/wp\/v2\/categories?post=92968"},{"taxonomy":"post_tag","embeddable":true,"href":"https:\/\/centcols.org\/en\/wp-json\/wp\/v2\/tags?post=92968"}],"curies":[{"name":"wp","href":"https:\/\/api.w.org\/{rel}","templated":true}]}}