{"id":93008,"date":"2026-01-29T16:50:29","date_gmt":"2026-01-29T14:50:29","guid":{"rendered":"https:\/\/centcols.org\/?p=93008"},"modified":"2026-04-19T08:56:07","modified_gmt":"2026-04-19T06:56:07","slug":"raduno-italiano-2026","status":"publish","type":"post","link":"https:\/\/centcols.org\/en\/raduno-italiano-2026\/","title":{"rendered":"Raduno Italiano - Saturday and Sunday 30 &amp; 31 May 2026"},"content":{"rendered":"<p>The Italian rally will take place in Albera Ligure in the Val Borbera (Alexandria) at the following address:<br>Albergo \u2018\u2019Da Bruno\u2019<br>Frazione San Nazzaro, 11<br>15060 ALBERA LIGURE (AL)<br>Mail : h&#111;&#116;&#x65;&#x6c;&#x5f;r&#105;&#115;&#x74;&#x6f;&#x72;an&#116;&#x65;&#x5f;&#x64;a_&#98;&#114;&#x75;&#x6e;&#x6f;&#64;&#104;&#111;&#x74;&#x6d;&#x61;i&#108;&#46;&#x63;&#x6f;&#x6d;<\/p>\n\n\n\n<p>Raduno participants will make reservations under the following conditions agreed with the Club des Cent Cols (to be mentioned at the time of booking):<br>- Half-board (room, evening meal, breakfast) \u20ac70.00<br>- Single room \u20ac50.00<br>- Double room \u20ac90.00<br>- Triple room \u20ac110.00<br>Rates are per night and per room and include breakfast.<br>Bicycle storage will be provided free of charge<\/p>\n\n\n\n<p>A convivial dinner is planned for Saturday 30 May, with two options on offer:<br>- A fixed-price menu from \u20ac15 per person, including a starter, main course, side dish, fruit and coffee (water and wine included)<br>- Or \u00e0 la carte. The latter offers a wide choice of traditional and local products, such as truffles and porcini mushrooms, and prices vary according to the dishes chosen.<\/p>\n\n\n\n<h2 class=\"wp-block-heading\">Gravel circuit, Saturday 30<\/h2>\n\n\n\n<p>66 km, 1670 m ascent, 8 passes: Sella di Avi (<a href=\"https:\/\/centcols.org\/en\/util\/geo\/visu.php\/?code=IT-AL-0732\" target=\"_blank\" rel=\"noreferrer noopener\">IT-AL-0732<\/a>), Selletta di M. Cravasana (<a href=\"https:\/\/centcols.org\/en\/util\/geo\/visu.php\/?code=IT-AL-0806\" target=\"_blank\" rel=\"noreferrer noopener\">IT-AL-0806<\/a>), Colle delle Forche (<a href=\"https:\/\/centcols.org\/en\/util\/geo\/visu.php\/?code=IT-AL-0790\" target=\"_blank\" rel=\"noreferrer noopener\">IT-AL-0790<\/a>), Colle della Guardia (<a href=\"https:\/\/centcols.org\/en\/util\/geo\/visu.php\/?code=IT-GE-0390\" target=\"_blank\" rel=\"noreferrer noopener\">IT-GE-0390<\/a>), Colle della Serra (<a href=\"https:\/\/centcols.org\/en\/util\/geo\/visu.php\/?code=IT-GE-0661a\" target=\"_blank\" rel=\"noreferrer noopener\">IT-GE-0661a<\/a>), Valico dell'Incisa (<a href=\"https:\/\/centcols.org\/en\/util\/geo\/visu.php\/?code=IT-GE-0753\" target=\"_blank\" rel=\"noreferrer noopener\">IT-GE-0753<\/a>), Sella di Monte Bossola (IT-AL-1096, validation in progress), Colle dell'Alpicella (<a href=\"https:\/\/centcols.org\/en\/util\/geo\/visu.php\/?code=IT-GE-0833\" target=\"_blank\" rel=\"noreferrer noopener\">IT-GE-0833<\/a>)<\/p>\n\n\n\n<figure class=\"wp-block-gallery has-nested-images columns-default is-cropped wp-block-gallery-1 is-layout-flex wp-block-gallery-is-layout-flex\">\n<figure class=\"wp-block-image size-large\"><img loading=\"lazy\" decoding=\"async\" width=\"800\" height=\"452\" data-id=\"94240\" src=\"https:\/\/centcols.org\/wp-content\/uploads\/2026\/01\/it-al-0795.jpg\" alt=\"\" class=\"wp-image-94240\" srcset=\"https:\/\/centcols.org\/wp-content\/uploads\/2026\/01\/it-al-0795.jpg 800w, https:\/\/centcols.org\/wp-content\/uploads\/2026\/01\/it-al-0795-768x434.jpg 768w, https:\/\/centcols.org\/wp-content\/uploads\/2026\/01\/it-al-0795-18x10.jpg 18w\" sizes=\"auto, (max-width: 800px) 100vw, 800px\" \/><figcaption class=\"wp-element-caption\">Passo di Costa Salata<\/figcaption><\/figure>\n\n\n\n<figure class=\"wp-block-image size-large\"><img loading=\"lazy\" decoding=\"async\" width=\"800\" height=\"468\" data-id=\"94239\" src=\"https:\/\/centcols.org\/wp-content\/uploads\/2026\/01\/it-al-1538.jpg\" alt=\"\" class=\"wp-image-94239\" srcset=\"https:\/\/centcols.org\/wp-content\/uploads\/2026\/01\/it-al-1538.jpg 800w, https:\/\/centcols.org\/wp-content\/uploads\/2026\/01\/it-al-1538-768x449.jpg 768w, https:\/\/centcols.org\/wp-content\/uploads\/2026\/01\/it-al-1538-18x12.jpg 18w\" sizes=\"auto, (max-width: 800px) 100vw, 800px\" \/><figcaption class=\"wp-element-caption\">Sella Monte Roncasso<\/figcaption><\/figure>\n<\/figure>\n\n\n\n<h2 class=\"wp-block-heading\">Road circuit, Sunday 31<\/h2>\n\n\n\n<p>91 km, 2130 m ascent, 9 passes: Colle della Serra (<a href=\"https:\/\/centcols.org\/en\/util\/geo\/visu.php\/?code=IT-GE-0661a\" target=\"_blank\" rel=\"noreferrer noopener\">IT-GE-0661a<\/a>), Passo Tanadorso (<a href=\"https:\/\/centcols.org\/en\/util\/geo\/visu.php\/?code=IT-GE-0758\" target=\"_blank\" rel=\"noreferrer noopener\">IT-GE-0758<\/a>), Gola della Castagnola (<a href=\"https:\/\/centcols.org\/en\/util\/geo\/visu.php\/?code=IT-AL-0575\" target=\"_blank\" rel=\"noreferrer noopener\">IT-AL-0575<\/a>), Passo dei Giovi (<a href=\"https:\/\/centcols.org\/en\/util\/geo\/visu.php\/?code=IT-GE-0472\" target=\"_blank\" rel=\"noreferrer noopener\">IT-GE-0472<\/a>), Passo del Pertuso (<a href=\"https:\/\/centcols.org\/en\/util\/geo\/visu.php\/?code=IT-GE-0577a\" target=\"_blank\" rel=\"noreferrer noopener\">IT-GE-0577a<\/a>), Passo del Cornaro (<a href=\"https:\/\/centcols.org\/en\/util\/geo\/visu.php\/?code=IT-GE-0565\" target=\"_blank\" rel=\"noreferrer noopener\">IT-GE-0565<\/a>), Passo Crocetta di Orero (<a href=\"https:\/\/centcols.org\/en\/util\/geo\/visu.php\/?code=IT-GE-0468\" target=\"_blank\" rel=\"noreferrer noopener\">IT-GE-0468<\/a>), Colle di Martellone (<a href=\"https:\/\/centcols.org\/en\/util\/geo\/visu.php\/?code=IT-GE-0768\" target=\"_blank\" rel=\"noreferrer noopener\">IT-GE-0768<\/a>), Passo di Costa Salata (<a href=\"https:\/\/centcols.org\/en\/util\/geo\/visu.php\/?code=IT-AL-0795\" target=\"_blank\" rel=\"noreferrer noopener\">IT-AL-0795<\/a>)<\/p>\n\n\n\n<figure class=\"wp-block-gallery has-nested-images columns-default is-cropped wp-block-gallery-2 is-layout-flex wp-block-gallery-is-layout-flex\">\n<figure class=\"wp-block-image size-large\"><img loading=\"lazy\" decoding=\"async\" width=\"800\" height=\"572\" data-id=\"94241\" src=\"https:\/\/centcols.org\/wp-content\/uploads\/2026\/01\/it-ge-0575.jpg\" alt=\"\" class=\"wp-image-94241\" srcset=\"https:\/\/centcols.org\/wp-content\/uploads\/2026\/01\/it-ge-0575.jpg 800w, https:\/\/centcols.org\/wp-content\/uploads\/2026\/01\/it-ge-0575-768x549.jpg 768w, https:\/\/centcols.org\/wp-content\/uploads\/2026\/01\/it-ge-0575-18x12.jpg 18w\" sizes=\"auto, (max-width: 800px) 100vw, 800px\" \/><figcaption class=\"wp-element-caption\">Gola della Castagnola<\/figcaption><\/figure>\n\n\n\n<figure class=\"wp-block-image size-large\"><img loading=\"lazy\" decoding=\"async\" width=\"800\" height=\"600\" data-id=\"94242\" src=\"https:\/\/centcols.org\/wp-content\/uploads\/2026\/01\/it-ge-0661a.jpg\" alt=\"\" class=\"wp-image-94242\" srcset=\"https:\/\/centcols.org\/wp-content\/uploads\/2026\/01\/it-ge-0661a.jpg 800w, https:\/\/centcols.org\/wp-content\/uploads\/2026\/01\/it-ge-0661a-768x576.jpg 768w, https:\/\/centcols.org\/wp-content\/uploads\/2026\/01\/it-ge-0661a-16x12.jpg 16w\" sizes=\"auto, (max-width: 800px) 100vw, 800px\" \/><figcaption class=\"wp-element-caption\">Colle della Serra<\/figcaption><\/figure>\n\n\n\n<figure class=\"wp-block-image size-large\"><img loading=\"lazy\" decoding=\"async\" width=\"800\" height=\"600\" data-id=\"94243\" src=\"https:\/\/centcols.org\/wp-content\/uploads\/2026\/01\/it-ge-0758.jpg\" alt=\"\" class=\"wp-image-94243\" srcset=\"https:\/\/centcols.org\/wp-content\/uploads\/2026\/01\/it-ge-0758.jpg 800w, https:\/\/centcols.org\/wp-content\/uploads\/2026\/01\/it-ge-0758-768x576.jpg 768w, https:\/\/centcols.org\/wp-content\/uploads\/2026\/01\/it-ge-0758-16x12.jpg 16w\" sizes=\"auto, (max-width: 800px) 100vw, 800px\" \/><figcaption class=\"wp-element-caption\">Passo Tanadorso<\/figcaption><\/figure>\n<\/figure>\n\n\n\n<h2 class=\"wp-block-heading\">Mountain bike option, Albera Ligure<\/h2>\n\n\n\n<p>36 km, 694 m ascent, 5 passes: Colle Trappola (IT-AL-1291), Sella Monte Roncasso (IT-AL-1538), Passo Pan\u00e0 (IT-AL-1546), Passo Bruciamonica (IT-AL-1394), Bocca del Giarolo (IT-AL-1399)<\/p>\n\n\n\n<h2 class=\"wp-block-heading\">Road option, Varzi<\/h2>\n\n\n\n<p>59 km, 1270 m ascent, 6 passes: Passo di Pietragavina (IT-PV-0729), Colle della Crocetta (IT-PV-0815), Tre Passi Passo delle Tre Strade (IT-PV-1103), Passo del Penice (IT-PC-1149), Passo Scaparina (IT-PC-1108), Passo del Brallo (IT-PV-0952)<\/p>\n\n\n\n<h2 class=\"wp-block-heading\">Gravel option, Albera Ligure<\/h2>\n\n\n\n<p>78 km, 1720 m ascent, 6 passes: Bocca del Lupo (IT-AL-0391), Bocchetta di Albarasca (IT-AL-0545), Passo dei Groppi (IT-AL-0461), Bocchetta di Barilaro (IT-AL-0628), Forcella del Barilaro (IT-AL-0765a), Passo dei Pratini (IT-AL-0721)<\/p>\n\n\n\n<p><a href=\"https:\/\/centcols.org\/en\/membres\/cctours\/tours.php\/?lieu=Albera&amp;an=2026\" target=\"_blank\" rel=\"noreferrer noopener\">Traces gp<\/a><a href=\"https:\/\/centcols.org\/en\/membres\/cctours\/tours.php\/?lieu=Albera&amp;an=2026\">x<\/a><\/p>\n\n\n\n<h2 class=\"wp-block-heading\">Contact<\/h2>\n\n\n\n<p class=\"has-medium-font-size\">Luigi Spina +39 349 416 31 74 <br><a href=\"\/en\/m&\/#97;&#x69;&#x6c;&#x74;o&#58;&#108;&#x75;&#x69;g&#105;&#46;&#x73;&#x70;in&#97;&#x40;&#x67;&#x6d;x&#46;&#x64;&#x65;\" rel=\"nofollow\">luigi.spina@gmx.de<\/a><\/p>\n\n\n\n<p><\/p>","protected":false},"excerpt":{"rendered":"<p>Le rassemblement italien aura lieu \u00e0 Albera Ligure dans le Val Borbera (Alexandrie) \u00e0 l&rsquo;adresse suivante :Albergo \u2018\u2019Da Bruno\u2019\u2019Frazione San Nazzaro, 1115060 ALBERA LIGURE (AL)Mail : ho&#116;&#101;&#108;&#95;&#x72;&#x69;&#x73;&#x74;&#x6f;ra&#110;&#116;&#101;&#95;&#x64;&#x61;&#x5f;&#x62;&#x72;un&#111;&#64;&#104;&#111;&#x74;&#x6d;&#x61;&#x69;&#x6c;&#46;co&#109; Les participants au Raduno effectueront les r\u00e9servations aux conditions suivantes convenues avec le Club des Cent Cols (\u00e0 mentionner lors de la r\u00e9servation) :&#8211; Demi-pension (chambre, d\u00eener du [&hellip;]<\/p>\n","protected":false},"author":136,"featured_media":94242,"comment_status":"open","ping_status":"open","sticky":false,"template":"","format":"standard","meta":{"_acf_changed":false,"footnotes":""},"categories":[465,135,216],"tags":[],"class_list":["post-93008","post","type-post","status-publish","format-standard","has-post-thumbnail","hentry","category-les-rassemblements-de-2026","category-calendrier","category-rencontres-regionales"],"acf":[],"yoast_head":"<!-- This site is optimized with the Yoast SEO plugin v27.2 - https:\/\/yoast.com\/product\/yoast-seo-wordpress\/ -->\n<title>Raduno Italiano - samedi et dimanche 30 &amp; 31 mai 2026 - Club des Cent Cols<\/title>\n<meta name=\"robots\" content=\"index, follow, max-snippet:-1, max-image-preview:large, max-video-preview:-1\" \/>\n<link rel=\"canonical\" href=\"https:\/\/centcols.org\/en\/raduno-italiano-2026\/\" \/>\n<meta property=\"og:locale\" content=\"en_GB\" \/>\n<meta property=\"og:type\" content=\"article\" \/>\n<meta property=\"og:title\" content=\"Raduno Italiano - samedi et dimanche 30 &amp; 31 mai 2026 - Club des Cent Cols\" \/>\n<meta property=\"og:description\" content=\"Le rassemblement italien aura lieu \u00e0 Albera Ligure dans le Val Borbera (Alexandrie) \u00e0 l&rsquo;adresse suivante :Albergo \u2018\u2019Da Bruno\u2019\u2019Frazione San Nazzaro, 1115060 ALBERA LIGURE (AL)Mail : &#x68;&#x6f;&#116;e&#x6c;&#x5f;&#x72;&#105;s&#x74;&#x6f;&#x72;&#097;n&#x74;&#x65;&#x5f;&#100;a&#x5f;&#x62;&#x72;&#117;n&#x6f;&#x40;&#x68;&#111;t&#x6d;&#x61;&#x69;&#108;&#046;&#x63;&#x6f;&#x6d; Les participants au Raduno effectueront les r\u00e9servations aux conditions suivantes convenues avec le Club des Cent Cols (\u00e0 mentionner lors de la r\u00e9servation) :&#8211; Demi-pension (chambre, d\u00eener du [&hellip;]\" \/>\n<meta property=\"og:url\" content=\"https:\/\/centcols.org\/en\/raduno-italiano-2026\/\" \/>\n<meta property=\"og:site_name\" content=\"Club des Cent Cols\" \/>\n<meta property=\"article:publisher\" content=\"https:\/\/www.facebook.com\/groups\/5261880558\/?locale=fr_FR\" \/>\n<meta property=\"article:published_time\" content=\"2026-01-29T14:50:29+00:00\" \/>\n<meta property=\"article:modified_time\" content=\"2026-04-19T06:56:07+00:00\" \/>\n<meta property=\"og:image\" content=\"https:\/\/centcols.org\/wp-content\/uploads\/2026\/01\/it-ge-0661a.jpg\" \/>\n\t<meta property=\"og:image:width\" content=\"800\" \/>\n\t<meta property=\"og:image:height\" content=\"600\" \/>\n\t<meta property=\"og:image:type\" content=\"image\/jpeg\" \/>\n<meta name=\"author\" content=\"Guy Harl\u00e9\" \/>\n<meta name=\"twitter:card\" content=\"summary_large_image\" \/>\n<meta name=\"twitter:label1\" content=\"Written by\" \/>\n\t<meta name=\"twitter:data1\" content=\"Guy Harl\u00e9\" \/>\n\t<meta name=\"twitter:label2\" content=\"Estimated reading time\" \/>\n\t<meta name=\"twitter:data2\" content=\"4 minutes\" \/>\n<script type=\"application\/ld+json\" class=\"yoast-schema-graph\">{\"@context\":\"https:\/\/schema.org\",\"@graph\":[{\"@type\":\"Article\",\"@id\":\"https:\/\/centcols.org\/en\/raduno-italiano-2026\/#article\",\"isPartOf\":{\"@id\":\"https:\/\/centcols.org\/en\/raduno-italiano-2026\/\"},\"author\":{\"name\":\"Guy Harl\u00e9\",\"@id\":\"https:\/\/centcols.org\/#\/schema\/person\/377f00da2793c0363246869bb3a344d0\"},\"headline\":\"Raduno Italiano &#8211; samedi et dimanche 30 &amp; 31 mai 2026\",\"datePublished\":\"2026-01-29T14:50:29+00:00\",\"dateModified\":\"2026-04-19T06:56:07+00:00\",\"mainEntityOfPage\":{\"@id\":\"https:\/\/centcols.org\/en\/raduno-italiano-2026\/\"},\"wordCount\":395,\"commentCount\":0,\"publisher\":{\"@id\":\"https:\/\/centcols.org\/#organization\"},\"image\":{\"@id\":\"https:\/\/centcols.org\/en\/raduno-italiano-2026\/#primaryimage\"},\"thumbnailUrl\":\"https:\/\/centcols.org\/wp-content\/uploads\/2026\/01\/it-ge-0661a.jpg\",\"articleSection\":[\"2026-rassemblements\",\"Calendrier\",\"Rencontres r\u00e9gionales\"],\"inLanguage\":\"en-GB\",\"potentialAction\":[{\"@type\":\"CommentAction\",\"name\":\"Comment\",\"target\":[\"https:\/\/centcols.org\/en\/raduno-italiano-2026\/#respond\"]}]},{\"@type\":\"WebPage\",\"@id\":\"https:\/\/centcols.org\/en\/raduno-italiano-2026\/\",\"url\":\"https:\/\/centcols.org\/en\/raduno-italiano-2026\/\",\"name\":\"Raduno Italiano - samedi et dimanche 30 &amp; 31 mai 2026 - Club des Cent Cols\",\"isPartOf\":{\"@id\":\"https:\/\/centcols.org\/#website\"},\"primaryImageOfPage\":{\"@id\":\"https:\/\/centcols.org\/en\/raduno-italiano-2026\/#primaryimage\"},\"image\":{\"@id\":\"https:\/\/centcols.org\/en\/raduno-italiano-2026\/#primaryimage\"},\"thumbnailUrl\":\"https:\/\/centcols.org\/wp-content\/uploads\/2026\/01\/it-ge-0661a.jpg\",\"datePublished\":\"2026-01-29T14:50:29+00:00\",\"dateModified\":\"2026-04-19T06:56:07+00:00\",\"breadcrumb\":{\"@id\":\"https:\/\/centcols.org\/en\/raduno-italiano-2026\/#breadcrumb\"},\"inLanguage\":\"en-GB\",\"potentialAction\":[{\"@type\":\"ReadAction\",\"target\":[\"https:\/\/centcols.org\/en\/raduno-italiano-2026\/\"]}]},{\"@type\":\"ImageObject\",\"inLanguage\":\"en-GB\",\"@id\":\"https:\/\/centcols.org\/en\/raduno-italiano-2026\/#primaryimage\",\"url\":\"https:\/\/centcols.org\/wp-content\/uploads\/2026\/01\/it-ge-0661a.jpg\",\"contentUrl\":\"https:\/\/centcols.org\/wp-content\/uploads\/2026\/01\/it-ge-0661a.jpg\",\"width\":800,\"height\":600,\"caption\":\"Colle della Serra\"},{\"@type\":\"BreadcrumbList\",\"@id\":\"https:\/\/centcols.org\/en\/raduno-italiano-2026\/#breadcrumb\",\"itemListElement\":[{\"@type\":\"ListItem\",\"position\":1,\"name\":\"Accueil\",\"item\":\"https:\/\/centcols.org\/\"},{\"@type\":\"ListItem\",\"position\":2,\"name\":\"Rencontres r\u00e9gionales\",\"item\":\"https:\/\/centcols.org\/rubrique\/rencontres-regionales\/\"},{\"@type\":\"ListItem\",\"position\":3,\"name\":\"Raduno Italiano &#8211; samedi et dimanche 30 &amp; 31 mai 2026\"}]},{\"@type\":\"WebSite\",\"@id\":\"https:\/\/centcols.org\/#website\",\"url\":\"https:\/\/centcols.org\/\",\"name\":\"Club des Cent Cols\",\"description\":\"\",\"publisher\":{\"@id\":\"https:\/\/centcols.org\/#organization\"},\"potentialAction\":[{\"@type\":\"SearchAction\",\"target\":{\"@type\":\"EntryPoint\",\"urlTemplate\":\"https:\/\/centcols.org\/?s={search_term_string}\"},\"query-input\":{\"@type\":\"PropertyValueSpecification\",\"valueRequired\":true,\"valueName\":\"search_term_string\"}}],\"inLanguage\":\"en-GB\"},{\"@type\":\"Organization\",\"@id\":\"https:\/\/centcols.org\/#organization\",\"name\":\"Club des Cent Cols\",\"url\":\"https:\/\/centcols.org\/\",\"logo\":{\"@type\":\"ImageObject\",\"inLanguage\":\"en-GB\",\"@id\":\"https:\/\/centcols.org\/#\/schema\/logo\/image\/\",\"url\":\"https:\/\/centcols.org\/wp-content\/uploads\/2025\/01\/carte-icone.png\",\"contentUrl\":\"https:\/\/centcols.org\/wp-content\/uploads\/2025\/01\/carte-icone.png\",\"width\":250,\"height\":250,\"caption\":\"Club des Cent Cols\"},\"image\":{\"@id\":\"https:\/\/centcols.org\/#\/schema\/logo\/image\/\"},\"sameAs\":[\"https:\/\/www.facebook.com\/groups\/5261880558\/?locale=fr_FR\"]},{\"@type\":\"Person\",\"@id\":\"https:\/\/centcols.org\/#\/schema\/person\/377f00da2793c0363246869bb3a344d0\",\"name\":\"Guy Harl\u00e9\",\"image\":{\"@type\":\"ImageObject\",\"inLanguage\":\"en-GB\",\"@id\":\"https:\/\/centcols.org\/wp-content\/litespeed\/avatar\/94c4de37e46cf090f296d42ab3e8d6a6.jpg?ver=1777238144\",\"url\":\"https:\/\/centcols.org\/wp-content\/litespeed\/avatar\/94c4de37e46cf090f296d42ab3e8d6a6.jpg?ver=1777238144\",\"contentUrl\":\"https:\/\/centcols.org\/wp-content\/litespeed\/avatar\/94c4de37e46cf090f296d42ab3e8d6a6.jpg?ver=1777238144\",\"caption\":\"Guy Harl\u00e9\"},\"url\":\"https:\/\/centcols.org\/en\/author\/5193\/\"}]}<\/script>\n<!-- \/ Yoast SEO plugin. -->","yoast_head_json":{"title":"Raduno Italiano - Saturday and Sunday 30 &amp; 31 May 2026 - Club des Cent Cols","robots":{"index":"index","follow":"follow","max-snippet":"max-snippet:-1","max-image-preview":"max-image-preview:large","max-video-preview":"max-video-preview:-1"},"canonical":"https:\/\/centcols.org\/en\/raduno-italiano-2026\/","og_locale":"en_GB","og_type":"article","og_title":"Raduno Italiano - samedi et dimanche 30 &amp; 31 mai 2026 - Club des Cent Cols","og_description":"Le rassemblement italien aura lieu \u00e0 Albera Ligure dans le Val Borbera (Alexandrie) \u00e0 l&rsquo;adresse suivante :Albergo \u2018\u2019Da Bruno\u2019\u2019Frazione San Nazzaro, 1115060 ALBERA LIGURE (AL)Mail : &#x68;&#x6f;&#116;e&#x6c;&#x5f;&#x72;&#105;s&#x74;&#x6f;&#x72;&#97;n&#x74;&#x65;&#x5f;&#100;a&#x5f;&#x62;&#x72;&#117;n&#x6f;&#x40;&#x68;&#111;t&#x6d;&#x61;&#x69;&#108;&#46;&#x63;&#x6f;&#x6d; Les participants au Raduno effectueront les r\u00e9servations aux conditions suivantes convenues avec le Club des Cent Cols (\u00e0 mentionner lors de la r\u00e9servation) :&#8211; Demi-pension (chambre, d\u00eener du [&hellip;]","og_url":"https:\/\/centcols.org\/en\/raduno-italiano-2026\/","og_site_name":"Club des Cent Cols","article_publisher":"https:\/\/www.facebook.com\/groups\/5261880558\/?locale=fr_FR","article_published_time":"2026-01-29T14:50:29+00:00","article_modified_time":"2026-04-19T06:56:07+00:00","og_image":[{"width":800,"height":600,"url":"https:\/\/centcols.org\/wp-content\/uploads\/2026\/01\/it-ge-0661a.jpg","type":"image\/jpeg"}],"author":"Guy Harl\u00e9","twitter_card":"summary_large_image","twitter_misc":{"Written by":"Guy Harl\u00e9","Estimated reading time":"4 minutes"},"schema":{"@context":"https:\/\/schema.org","@graph":[{"@type":"Article","@id":"https:\/\/centcols.org\/en\/raduno-italiano-2026\/#article","isPartOf":{"@id":"https:\/\/centcols.org\/en\/raduno-italiano-2026\/"},"author":{"name":"Guy Harl\u00e9","@id":"https:\/\/centcols.org\/#\/schema\/person\/377f00da2793c0363246869bb3a344d0"},"headline":"Raduno Italiano &#8211; samedi et dimanche 30 &amp; 31 mai 2026","datePublished":"2026-01-29T14:50:29+00:00","dateModified":"2026-04-19T06:56:07+00:00","mainEntityOfPage":{"@id":"https:\/\/centcols.org\/en\/raduno-italiano-2026\/"},"wordCount":395,"commentCount":0,"publisher":{"@id":"https:\/\/centcols.org\/#organization"},"image":{"@id":"https:\/\/centcols.org\/en\/raduno-italiano-2026\/#primaryimage"},"thumbnailUrl":"https:\/\/centcols.org\/wp-content\/uploads\/2026\/01\/it-ge-0661a.jpg","articleSection":["2026-rassemblements","Calendrier","Rencontres r\u00e9gionales"],"inLanguage":"en-GB","potentialAction":[{"@type":"CommentAction","name":"Comment","target":["https:\/\/centcols.org\/en\/raduno-italiano-2026\/#respond"]}]},{"@type":"WebPage","@id":"https:\/\/centcols.org\/en\/raduno-italiano-2026\/","url":"https:\/\/centcols.org\/en\/raduno-italiano-2026\/","name":"Raduno Italiano - Saturday and Sunday 30 &amp; 31 May 2026 - Club des Cent Cols","isPartOf":{"@id":"https:\/\/centcols.org\/#website"},"primaryImageOfPage":{"@id":"https:\/\/centcols.org\/en\/raduno-italiano-2026\/#primaryimage"},"image":{"@id":"https:\/\/centcols.org\/en\/raduno-italiano-2026\/#primaryimage"},"thumbnailUrl":"https:\/\/centcols.org\/wp-content\/uploads\/2026\/01\/it-ge-0661a.jpg","datePublished":"2026-01-29T14:50:29+00:00","dateModified":"2026-04-19T06:56:07+00:00","breadcrumb":{"@id":"https:\/\/centcols.org\/en\/raduno-italiano-2026\/#breadcrumb"},"inLanguage":"en-GB","potentialAction":[{"@type":"ReadAction","target":["https:\/\/centcols.org\/en\/raduno-italiano-2026\/"]}]},{"@type":"ImageObject","inLanguage":"en-GB","@id":"https:\/\/centcols.org\/en\/raduno-italiano-2026\/#primaryimage","url":"https:\/\/centcols.org\/wp-content\/uploads\/2026\/01\/it-ge-0661a.jpg","contentUrl":"https:\/\/centcols.org\/wp-content\/uploads\/2026\/01\/it-ge-0661a.jpg","width":800,"height":600,"caption":"Colle della Serra"},{"@type":"BreadcrumbList","@id":"https:\/\/centcols.org\/en\/raduno-italiano-2026\/#breadcrumb","itemListElement":[{"@type":"ListItem","position":1,"name":"Accueil","item":"https:\/\/centcols.org\/"},{"@type":"ListItem","position":2,"name":"Rencontres r\u00e9gionales","item":"https:\/\/centcols.org\/rubrique\/rencontres-regionales\/"},{"@type":"ListItem","position":3,"name":"Raduno Italiano &#8211; samedi et dimanche 30 &amp; 31 mai 2026"}]},{"@type":"WebSite","@id":"https:\/\/centcols.org\/#website","url":"https:\/\/centcols.org\/","name":"Club des Cent Cols","description":"","publisher":{"@id":"https:\/\/centcols.org\/#organization"},"potentialAction":[{"@type":"SearchAction","target":{"@type":"EntryPoint","urlTemplate":"https:\/\/centcols.org\/?s={search_term_string}"},"query-input":{"@type":"PropertyValueSpecification","valueRequired":true,"valueName":"search_term_string"}}],"inLanguage":"en-GB"},{"@type":"Organization","@id":"https:\/\/centcols.org\/#organization","name":"Club des Cent Cols","url":"https:\/\/centcols.org\/","logo":{"@type":"ImageObject","inLanguage":"en-GB","@id":"https:\/\/centcols.org\/#\/schema\/logo\/image\/","url":"https:\/\/centcols.org\/wp-content\/uploads\/2025\/01\/carte-icone.png","contentUrl":"https:\/\/centcols.org\/wp-content\/uploads\/2025\/01\/carte-icone.png","width":250,"height":250,"caption":"Club des Cent Cols"},"image":{"@id":"https:\/\/centcols.org\/#\/schema\/logo\/image\/"},"sameAs":["https:\/\/www.facebook.com\/groups\/5261880558\/?locale=fr_FR"]},{"@type":"Person","@id":"https:\/\/centcols.org\/#\/schema\/person\/377f00da2793c0363246869bb3a344d0","name":"Guy Harl\u00e9","image":{"@type":"ImageObject","inLanguage":"en-GB","@id":"https:\/\/centcols.org\/wp-content\/litespeed\/avatar\/94c4de37e46cf090f296d42ab3e8d6a6.jpg?ver=1777238144","url":"https:\/\/centcols.org\/wp-content\/litespeed\/avatar\/94c4de37e46cf090f296d42ab3e8d6a6.jpg?ver=1777238144","contentUrl":"https:\/\/centcols.org\/wp-content\/litespeed\/avatar\/94c4de37e46cf090f296d42ab3e8d6a6.jpg?ver=1777238144","caption":"Guy Harl\u00e9"},"url":"https:\/\/centcols.org\/en\/author\/5193\/"}]}},"_links":{"self":[{"href":"https:\/\/centcols.org\/en\/wp-json\/wp\/v2\/posts\/93008","targetHints":{"allow":["GET"]}}],"collection":[{"href":"https:\/\/centcols.org\/en\/wp-json\/wp\/v2\/posts"}],"about":[{"href":"https:\/\/centcols.org\/en\/wp-json\/wp\/v2\/types\/post"}],"author":[{"embeddable":true,"href":"https:\/\/centcols.org\/en\/wp-json\/wp\/v2\/users\/136"}],"replies":[{"embeddable":true,"href":"https:\/\/centcols.org\/en\/wp-json\/wp\/v2\/comments?post=93008"}],"version-history":[{"count":0,"href":"https:\/\/centcols.org\/en\/wp-json\/wp\/v2\/posts\/93008\/revisions"}],"wp:featuredmedia":[{"embeddable":true,"href":"https:\/\/centcols.org\/en\/wp-json\/wp\/v2\/media\/94242"}],"wp:attachment":[{"href":"https:\/\/centcols.org\/en\/wp-json\/wp\/v2\/media?parent=93008"}],"wp:term":[{"taxonomy":"category","embeddable":true,"href":"https:\/\/centcols.org\/en\/wp-json\/wp\/v2\/categories?post=93008"},{"taxonomy":"post_tag","embeddable":true,"href":"https:\/\/centcols.org\/en\/wp-json\/wp\/v2\/tags?post=93008"}],"curies":[{"name":"wp","href":"https:\/\/api.w.org\/{rel}","templated":true}]}}