{"id":93200,"date":"2026-01-31T16:54:09","date_gmt":"2026-01-31T14:54:09","guid":{"rendered":"https:\/\/centcols.org\/?p=93200"},"modified":"2026-03-15T14:31:54","modified_gmt":"2026-03-15T12:31:54","slug":"the-jandri-pass","status":"publish","type":"post","link":"https:\/\/centcols.org\/en\/le-col-du-jandri\/","title":{"rendered":"The Col du Jandri"},"content":{"rendered":"<p>Text and photo credits by Ren\u00e9 Poty<\/p>\n\n\n<div class=\"wp-block-image\">\n<figure class=\"aligncenter size-full\"><img loading=\"lazy\" decoding=\"async\" width=\"450\" height=\"413\" src=\"https:\/\/centcols.org\/wp-content\/uploads\/2026\/01\/col_du_jandri_carte_1.jpg\" alt=\"\" class=\"wp-image-93206\" srcset=\"https:\/\/centcols.org\/wp-content\/uploads\/2026\/01\/col_du_jandri_carte_1.jpg 450w, https:\/\/centcols.org\/wp-content\/uploads\/2026\/01\/col_du_jandri_carte_1-13x12.jpg 13w\" sizes=\"auto, (max-width: 450px) 100vw, 450px\" \/><\/figure>\n<\/div>\n\n<div class=\"wp-block-image\">\n<figure class=\"aligncenter size-full\"><img loading=\"lazy\" decoding=\"async\" width=\"641\" height=\"296\" src=\"https:\/\/centcols.org\/wp-content\/uploads\/2026\/01\/col_du_jandri_carte_2.jpg\" alt=\"\" class=\"wp-image-93207\" srcset=\"https:\/\/centcols.org\/wp-content\/uploads\/2026\/01\/col_du_jandri_carte_2.jpg 641w, https:\/\/centcols.org\/wp-content\/uploads\/2026\/01\/col_du_jandri_carte_2-18x8.jpg 18w\" sizes=\"auto, (max-width: 641px) 100vw, 641px\" \/><\/figure>\n<\/div>\n\n\n<p>The Jandri pass (3150 m <a href=\"\/en\/util\/geo\/visu.php\/?code=FR-38-3151\" type=\"link\" id=\"\/util\/geo\/visu.php?code=FR-38-3151\">FR-38-3151<\/a>) is one of the few passes in the Alps above 3000m that can be reached by bike via a wide R1-2 track. It is located in the Deux-Alpes ski area, so you have to make do with the many ski lifts that criss-cross the landscape and enjoy the superb views in the distance.<br>Finally, climbing to an altitude of 3150 m to rub shoulders with the Mont-de-Lans glacier is a pleasure not to be missed. Watch out for the difference in altitude!<\/p>\n\n\n\n<ul class=\"wp-block-list\">\n<li>From Le Bourg-d'Oisans: 2734 m (a record for an ascent in the Alps?)<\/li>\n\n\n\n<li>From Lac du Chambon: 2107 m<\/li>\n\n\n\n<li>From Les Deux-Alpes (Col de l'Alpe <a href=\"\/en\/util\/geo\/visu.php\/?code=FR-38-1652\" type=\"link\" id=\"\/util\/geo\/visu.php?code=FR-38-1652\">FR-38-1652<\/a>): 1500 m<\/li>\n<\/ul>\n\n\n\n<p>The ascent on a track (R1) begins at the Alpe du Mont-de-Lans (photo 1). Wide switchbacks lead up to a ridge at 2189 m altitude (restaurant and cable car station). Throughout the ascent, the view of the Deux-Alpes is magnificent, with the Oisans peaks and their sparkling glaciers in the background.<\/p>\n\n\n<div class=\"wp-block-image\">\n<figure class=\"aligncenter size-full\"><img loading=\"lazy\" decoding=\"async\" width=\"530\" height=\"340\" src=\"https:\/\/centcols.org\/wp-content\/uploads\/2026\/01\/Jandri-1.jpg\" alt=\"\" class=\"wp-image-93209\" srcset=\"https:\/\/centcols.org\/wp-content\/uploads\/2026\/01\/Jandri-1.jpg 530w, https:\/\/centcols.org\/wp-content\/uploads\/2026\/01\/Jandri-1-18x12.jpg 18w\" sizes=\"auto, (max-width: 530px) 100vw, 530px\" \/><\/figure>\n<\/div>\n\n\n<h6 class=\"wp-block-heading has-text-align-center\">Photo 1 : Les Deux-Alpes with the Oisans peaks in the background, seen from<br>the Jandri trail (you can see this trail in the bottom left-hand corner of the photo)<\/h6>\n\n\n\n<p>The slope becomes a little less steep in the Combe du Thuit. The trail runs alongside the small Lac du Plan, then seven switchbacks (photo 2) take you up to the 2578 m level of the Jandri Express station, the cable car that takes summer skiers to the top of the pass. A short round trip to the left takes you to the Col des Gourses (<a href=\"\/en\/util\/geo\/visu.php\/?code=FR-38-2550b\" type=\"link\" id=\"\/util\/geo\/visu.php?code=FR-38-2550b\">FR-38-2550b<\/a>).<\/p>\n\n\n<div class=\"wp-block-image\">\n<figure class=\"aligncenter size-full\"><img loading=\"lazy\" decoding=\"async\" width=\"498\" height=\"344\" src=\"https:\/\/centcols.org\/wp-content\/uploads\/2026\/01\/jandri-2.jpg\" alt=\"\" class=\"wp-image-93210\" srcset=\"https:\/\/centcols.org\/wp-content\/uploads\/2026\/01\/jandri-2.jpg 498w, https:\/\/centcols.org\/wp-content\/uploads\/2026\/01\/jandri-2-18x12.jpg 18w\" sizes=\"auto, (max-width: 498px) 100vw, 498px\" \/><\/figure>\n<\/div>\n\n\n<h6 class=\"wp-block-heading has-text-align-center\">Photo 2: The Jandri trail: twists and turns above the \u00abGrand Plan du Sautet\u00bb.<br>On the right, in the background, you can see the track that climbs up to the plateau.<br>d'Emparis from Besse. On the left, the Grandes Rousses glaciers.<\/h6>\n\n\n\n<p>The Jandri trail twists and turns upwards, often rocky, dusty and steep, sometimes requiring you to walk. This is a real high-mountain world, very mineral, with rocks battered by glacial erosion (photos 3-4). A few small lakes glisten in the sunlight before the final twists and turns, which leave you breathless (because of the altitude!). .<\/p>\n\n\n<div class=\"wp-block-image\">\n<figure class=\"aligncenter size-full\"><img loading=\"lazy\" decoding=\"async\" width=\"486\" height=\"356\" src=\"https:\/\/centcols.org\/wp-content\/uploads\/2026\/01\/jandri-3.jpg\" alt=\"\" class=\"wp-image-93213\" srcset=\"https:\/\/centcols.org\/wp-content\/uploads\/2026\/01\/jandri-3.jpg 486w, https:\/\/centcols.org\/wp-content\/uploads\/2026\/01\/jandri-3-16x12.jpg 16w\" sizes=\"auto, (max-width: 486px) 100vw, 486px\" \/><\/figure>\n<\/div>\n\n\n<h6 class=\"wp-block-heading has-text-align-center\">Photo 3: The last hairpin bends of the Jandri at around 3000m altitude.<br>In the background, the peaks of the Ecrins National Park.<\/h6>\n\n\n<div class=\"wp-block-image\">\n<figure class=\"aligncenter size-full\"><img loading=\"lazy\" decoding=\"async\" width=\"312\" height=\"368\" src=\"https:\/\/centcols.org\/wp-content\/uploads\/2026\/01\/jandri-4-1.jpg\" alt=\"\" class=\"wp-image-93215\" srcset=\"https:\/\/centcols.org\/wp-content\/uploads\/2026\/01\/jandri-4-1.jpg 312w, https:\/\/centcols.org\/wp-content\/uploads\/2026\/01\/jandri-4-1-10x12.jpg 10w\" sizes=\"auto, (max-width: 312px) 100vw, 312px\" \/><\/figure>\n<\/div>\n\n\n<h6 class=\"wp-block-heading has-text-align-center\">Photo 4: Altitude 3170m, the track is still suitable for cycling (R1-2)<br>whereas TOP25 3336ET indicates a path.<\/h6>\n\n\n\n<p>The track crosses the 3170 m mark (photo 5), two hundred metres further on. Below is the Jandri pass. It's not a deserted place! This is where the cable car unloads its skiers who have come to enjoy the snow on the Mont-de-Lans glacier in the middle of August, and a high-altitude restaurant churns out meal trays...<\/p>\n\n\n<div class=\"wp-block-image\">\n<figure class=\"aligncenter size-full\"><img loading=\"lazy\" decoding=\"async\" width=\"490\" height=\"360\" src=\"https:\/\/centcols.org\/wp-content\/uploads\/2026\/01\/jandri-5.jpg\" alt=\"\" class=\"wp-image-93219\" srcset=\"https:\/\/centcols.org\/wp-content\/uploads\/2026\/01\/jandri-5.jpg 490w, https:\/\/centcols.org\/wp-content\/uploads\/2026\/01\/jandri-5-16x12.jpg 16w\" sizes=\"auto, (max-width: 490px) 100vw, 490px\" \/><\/figure>\n<\/div>\n\n\n<h6 class=\"wp-block-heading has-text-align-center\">Photo 5: Beyond that, only one hope... the helicopter!<\/h6>\n\n\n\n<p>On the return journey (which is entirely cycleable), you can leave the track at the level of Lac de Serre-Palas, and cross a rocky area (HS 3) on sight to reach the Grand Creux gap (2804m). <a href=\"\/en\/util\/geo\/visu.php\/?code=FR-38-2810b\" type=\"link\" id=\"\/util\/geo\/visu.php?code=FR-38-2810b\">FR-38-2810b<\/a>) under a ski lift. Then descend below the ski lift (HS 2-3) to take a wide track on the left (R1-2) and reach the Entre les T\u00eates pass (2696 m <a href=\"\/en\/util\/geo\/visu.php\/?code=FR-38-2680\" type=\"link\" id=\"\/util\/geo\/visu.php?code=FR-38-2680\">FR-38-2680<\/a>). A total of four passes over 2000 m. This route is described in TOPO 1 page 28.<\/p>\n\n\n<div class=\"wp-block-image\">\n<figure class=\"aligncenter size-full\"><img loading=\"lazy\" decoding=\"async\" width=\"488\" height=\"303\" src=\"https:\/\/centcols.org\/wp-content\/uploads\/2026\/01\/col_du_jandri_profil.gif\" alt=\"\" class=\"wp-image-93220\"\/><\/figure>\n<\/div>","protected":false},"excerpt":{"rendered":"<p>Texte et cr\u00e9dit photos de Ren\u00e9 Poty Le col du Jandri (3150\u00a0m FR-38-3151) est un des rares cols des Alpes d\u00e9passant 3000\u00a0m d&rsquo;altitude qui peut \u00eatre atteint \u00e0 v\u00e9lo par une large piste R1-2. Il est situ\u00e9 dans le domaine skiable de la station des Deux-Alpes, il faut donc s&rsquo;accommoder des nombreuses remont\u00e9es m\u00e9caniques qui [&hellip;]<\/p>\n","protected":false},"author":1993,"featured_media":93219,"comment_status":"closed","ping_status":"closed","sticky":false,"template":"","format":"standard","meta":{"_acf_changed":false,"footnotes":""},"categories":[308],"tags":[],"class_list":["post-93200","post","type-post","status-publish","format-standard","has-post-thumbnail","hentry","category-cols-en-vrac"],"acf":[],"yoast_head":"<!-- This site is optimized with the Yoast SEO plugin v27.2 - https:\/\/yoast.com\/product\/yoast-seo-wordpress\/ -->\n<title>Le Col du Jandri - Club des Cent Cols<\/title>\n<meta name=\"robots\" content=\"index, follow, max-snippet:-1, max-image-preview:large, max-video-preview:-1\" \/>\n<link rel=\"canonical\" href=\"https:\/\/centcols.org\/en\/the-jandri-pass\/\" \/>\n<meta property=\"og:locale\" content=\"en_GB\" \/>\n<meta property=\"og:type\" content=\"article\" \/>\n<meta property=\"og:title\" content=\"Le Col du Jandri - Club des Cent Cols\" \/>\n<meta property=\"og:description\" content=\"Texte et cr\u00e9dit photos de Ren\u00e9 Poty Le col du Jandri (3150\u00a0m FR-38-3151) est un des rares cols des Alpes d\u00e9passant 3000\u00a0m d&rsquo;altitude qui peut \u00eatre atteint \u00e0 v\u00e9lo par une large piste R1-2. Il est situ\u00e9 dans le domaine skiable de la station des Deux-Alpes, il faut donc s&rsquo;accommoder des nombreuses remont\u00e9es m\u00e9caniques qui [&hellip;]\" \/>\n<meta property=\"og:url\" content=\"https:\/\/centcols.org\/en\/the-jandri-pass\/\" \/>\n<meta property=\"og:site_name\" content=\"Club des Cent Cols\" \/>\n<meta property=\"article:publisher\" content=\"https:\/\/www.facebook.com\/groups\/5261880558\/?locale=fr_FR\" \/>\n<meta property=\"article:published_time\" content=\"2026-01-31T14:54:09+00:00\" \/>\n<meta property=\"article:modified_time\" content=\"2026-03-15T12:31:54+00:00\" \/>\n<meta property=\"og:image\" content=\"https:\/\/centcols.org\/wp-content\/uploads\/2026\/01\/jandri-5.jpg\" \/>\n\t<meta property=\"og:image:width\" content=\"490\" \/>\n\t<meta property=\"og:image:height\" content=\"360\" \/>\n\t<meta property=\"og:image:type\" content=\"image\/jpeg\" \/>\n<meta name=\"author\" content=\"Jo\u00eblle Mingat\" \/>\n<meta name=\"twitter:card\" content=\"summary_large_image\" \/>\n<meta name=\"twitter:label1\" content=\"Written by\" \/>\n\t<meta name=\"twitter:data1\" content=\"Jo\u00eblle Mingat\" \/>\n\t<meta name=\"twitter:label2\" content=\"Estimated reading time\" \/>\n\t<meta name=\"twitter:data2\" content=\"5 minutes\" \/>\n<script type=\"application\/ld+json\" class=\"yoast-schema-graph\">{\"@context\":\"https:\/\/schema.org\",\"@graph\":[{\"@type\":\"Article\",\"@id\":\"https:\/\/centcols.org\/le-col-du-jandri\/#article\",\"isPartOf\":{\"@id\":\"https:\/\/centcols.org\/le-col-du-jandri\/\"},\"author\":{\"name\":\"Jo\u00eblle Mingat\",\"@id\":\"https:\/\/centcols.org\/#\/schema\/person\/0afae1c765c3b4675d37457765e3e383\"},\"headline\":\"Le Col du Jandri\",\"datePublished\":\"2026-01-31T14:54:09+00:00\",\"dateModified\":\"2026-03-15T12:31:54+00:00\",\"mainEntityOfPage\":{\"@id\":\"https:\/\/centcols.org\/le-col-du-jandri\/\"},\"wordCount\":607,\"publisher\":{\"@id\":\"https:\/\/centcols.org\/#organization\"},\"image\":{\"@id\":\"https:\/\/centcols.org\/le-col-du-jandri\/#primaryimage\"},\"thumbnailUrl\":\"https:\/\/centcols.org\/wp-content\/uploads\/2026\/01\/jandri-5.jpg\",\"articleSection\":[\"Cols en vrac\"],\"inLanguage\":\"en-GB\"},{\"@type\":\"WebPage\",\"@id\":\"https:\/\/centcols.org\/le-col-du-jandri\/\",\"url\":\"https:\/\/centcols.org\/le-col-du-jandri\/\",\"name\":\"Le Col du Jandri - Club des Cent Cols\",\"isPartOf\":{\"@id\":\"https:\/\/centcols.org\/#website\"},\"primaryImageOfPage\":{\"@id\":\"https:\/\/centcols.org\/le-col-du-jandri\/#primaryimage\"},\"image\":{\"@id\":\"https:\/\/centcols.org\/le-col-du-jandri\/#primaryimage\"},\"thumbnailUrl\":\"https:\/\/centcols.org\/wp-content\/uploads\/2026\/01\/jandri-5.jpg\",\"datePublished\":\"2026-01-31T14:54:09+00:00\",\"dateModified\":\"2026-03-15T12:31:54+00:00\",\"breadcrumb\":{\"@id\":\"https:\/\/centcols.org\/le-col-du-jandri\/#breadcrumb\"},\"inLanguage\":\"en-GB\",\"potentialAction\":[{\"@type\":\"ReadAction\",\"target\":[\"https:\/\/centcols.org\/le-col-du-jandri\/\"]}]},{\"@type\":\"ImageObject\",\"inLanguage\":\"en-GB\",\"@id\":\"https:\/\/centcols.org\/le-col-du-jandri\/#primaryimage\",\"url\":\"https:\/\/centcols.org\/wp-content\/uploads\/2026\/01\/jandri-5.jpg\",\"contentUrl\":\"https:\/\/centcols.org\/wp-content\/uploads\/2026\/01\/jandri-5.jpg\",\"width\":490,\"height\":360},{\"@type\":\"BreadcrumbList\",\"@id\":\"https:\/\/centcols.org\/le-col-du-jandri\/#breadcrumb\",\"itemListElement\":[{\"@type\":\"ListItem\",\"position\":1,\"name\":\"Accueil\",\"item\":\"https:\/\/centcols.org\/\"},{\"@type\":\"ListItem\",\"position\":2,\"name\":\"Cols en vrac\",\"item\":\"https:\/\/centcols.org\/rubrique\/cols-en-vrac\/\"},{\"@type\":\"ListItem\",\"position\":3,\"name\":\"Le Col du Jandri\"}]},{\"@type\":\"WebSite\",\"@id\":\"https:\/\/centcols.org\/#website\",\"url\":\"https:\/\/centcols.org\/\",\"name\":\"Club des Cent Cols\",\"description\":\"\",\"publisher\":{\"@id\":\"https:\/\/centcols.org\/#organization\"},\"potentialAction\":[{\"@type\":\"SearchAction\",\"target\":{\"@type\":\"EntryPoint\",\"urlTemplate\":\"https:\/\/centcols.org\/?s={search_term_string}\"},\"query-input\":{\"@type\":\"PropertyValueSpecification\",\"valueRequired\":true,\"valueName\":\"search_term_string\"}}],\"inLanguage\":\"en-GB\"},{\"@type\":\"Organization\",\"@id\":\"https:\/\/centcols.org\/#organization\",\"name\":\"Club des Cent Cols\",\"url\":\"https:\/\/centcols.org\/\",\"logo\":{\"@type\":\"ImageObject\",\"inLanguage\":\"en-GB\",\"@id\":\"https:\/\/centcols.org\/#\/schema\/logo\/image\/\",\"url\":\"https:\/\/centcols.org\/wp-content\/uploads\/2025\/01\/carte-icone.png\",\"contentUrl\":\"https:\/\/centcols.org\/wp-content\/uploads\/2025\/01\/carte-icone.png\",\"width\":250,\"height\":250,\"caption\":\"Club des Cent Cols\"},\"image\":{\"@id\":\"https:\/\/centcols.org\/#\/schema\/logo\/image\/\"},\"sameAs\":[\"https:\/\/www.facebook.com\/groups\/5261880558\/?locale=fr_FR\"]},{\"@type\":\"Person\",\"@id\":\"https:\/\/centcols.org\/#\/schema\/person\/0afae1c765c3b4675d37457765e3e383\",\"name\":\"Jo\u00eblle Mingat\",\"image\":{\"@type\":\"ImageObject\",\"inLanguage\":\"en-GB\",\"@id\":\"https:\/\/centcols.org\/wp-content\/litespeed\/avatar\/8ace1c0eaf9dcc23c49d76c12a17902f.jpg?ver=1777261681\",\"url\":\"https:\/\/centcols.org\/wp-content\/litespeed\/avatar\/8ace1c0eaf9dcc23c49d76c12a17902f.jpg?ver=1777261681\",\"contentUrl\":\"https:\/\/centcols.org\/wp-content\/litespeed\/avatar\/8ace1c0eaf9dcc23c49d76c12a17902f.jpg?ver=1777261681\",\"caption\":\"Jo\u00eblle Mingat\"},\"url\":\"https:\/\/centcols.org\/en\/author\/5345\/\"}]}<\/script>\n<!-- \/ Yoast SEO plugin. -->","yoast_head_json":{"title":"The Col du Jandri - Club des Cent Cols","robots":{"index":"index","follow":"follow","max-snippet":"max-snippet:-1","max-image-preview":"max-image-preview:large","max-video-preview":"max-video-preview:-1"},"canonical":"https:\/\/centcols.org\/en\/the-jandri-pass\/","og_locale":"en_GB","og_type":"article","og_title":"Le Col du Jandri - Club des Cent Cols","og_description":"Texte et cr\u00e9dit photos de Ren\u00e9 Poty Le col du Jandri (3150\u00a0m FR-38-3151) est un des rares cols des Alpes d\u00e9passant 3000\u00a0m d&rsquo;altitude qui peut \u00eatre atteint \u00e0 v\u00e9lo par une large piste R1-2. Il est situ\u00e9 dans le domaine skiable de la station des Deux-Alpes, il faut donc s&rsquo;accommoder des nombreuses remont\u00e9es m\u00e9caniques qui [&hellip;]","og_url":"https:\/\/centcols.org\/en\/the-jandri-pass\/","og_site_name":"Club des Cent Cols","article_publisher":"https:\/\/www.facebook.com\/groups\/5261880558\/?locale=fr_FR","article_published_time":"2026-01-31T14:54:09+00:00","article_modified_time":"2026-03-15T12:31:54+00:00","og_image":[{"width":490,"height":360,"url":"https:\/\/centcols.org\/wp-content\/uploads\/2026\/01\/jandri-5.jpg","type":"image\/jpeg"}],"author":"Jo\u00eblle Mingat","twitter_card":"summary_large_image","twitter_misc":{"Written by":"Jo\u00eblle Mingat","Estimated reading time":"5 minutes"},"schema":{"@context":"https:\/\/schema.org","@graph":[{"@type":"Article","@id":"https:\/\/centcols.org\/le-col-du-jandri\/#article","isPartOf":{"@id":"https:\/\/centcols.org\/le-col-du-jandri\/"},"author":{"name":"Jo\u00eblle Mingat","@id":"https:\/\/centcols.org\/#\/schema\/person\/0afae1c765c3b4675d37457765e3e383"},"headline":"Le Col du Jandri","datePublished":"2026-01-31T14:54:09+00:00","dateModified":"2026-03-15T12:31:54+00:00","mainEntityOfPage":{"@id":"https:\/\/centcols.org\/le-col-du-jandri\/"},"wordCount":607,"publisher":{"@id":"https:\/\/centcols.org\/#organization"},"image":{"@id":"https:\/\/centcols.org\/le-col-du-jandri\/#primaryimage"},"thumbnailUrl":"https:\/\/centcols.org\/wp-content\/uploads\/2026\/01\/jandri-5.jpg","articleSection":["Cols en vrac"],"inLanguage":"en-GB"},{"@type":"WebPage","@id":"https:\/\/centcols.org\/le-col-du-jandri\/","url":"https:\/\/centcols.org\/le-col-du-jandri\/","name":"The Col du Jandri - Club des Cent Cols","isPartOf":{"@id":"https:\/\/centcols.org\/#website"},"primaryImageOfPage":{"@id":"https:\/\/centcols.org\/le-col-du-jandri\/#primaryimage"},"image":{"@id":"https:\/\/centcols.org\/le-col-du-jandri\/#primaryimage"},"thumbnailUrl":"https:\/\/centcols.org\/wp-content\/uploads\/2026\/01\/jandri-5.jpg","datePublished":"2026-01-31T14:54:09+00:00","dateModified":"2026-03-15T12:31:54+00:00","breadcrumb":{"@id":"https:\/\/centcols.org\/le-col-du-jandri\/#breadcrumb"},"inLanguage":"en-GB","potentialAction":[{"@type":"ReadAction","target":["https:\/\/centcols.org\/le-col-du-jandri\/"]}]},{"@type":"ImageObject","inLanguage":"en-GB","@id":"https:\/\/centcols.org\/le-col-du-jandri\/#primaryimage","url":"https:\/\/centcols.org\/wp-content\/uploads\/2026\/01\/jandri-5.jpg","contentUrl":"https:\/\/centcols.org\/wp-content\/uploads\/2026\/01\/jandri-5.jpg","width":490,"height":360},{"@type":"BreadcrumbList","@id":"https:\/\/centcols.org\/le-col-du-jandri\/#breadcrumb","itemListElement":[{"@type":"ListItem","position":1,"name":"Accueil","item":"https:\/\/centcols.org\/"},{"@type":"ListItem","position":2,"name":"Cols en vrac","item":"https:\/\/centcols.org\/rubrique\/cols-en-vrac\/"},{"@type":"ListItem","position":3,"name":"Le Col du Jandri"}]},{"@type":"WebSite","@id":"https:\/\/centcols.org\/#website","url":"https:\/\/centcols.org\/","name":"Club des Cent Cols","description":"","publisher":{"@id":"https:\/\/centcols.org\/#organization"},"potentialAction":[{"@type":"SearchAction","target":{"@type":"EntryPoint","urlTemplate":"https:\/\/centcols.org\/?s={search_term_string}"},"query-input":{"@type":"PropertyValueSpecification","valueRequired":true,"valueName":"search_term_string"}}],"inLanguage":"en-GB"},{"@type":"Organization","@id":"https:\/\/centcols.org\/#organization","name":"Club des Cent Cols","url":"https:\/\/centcols.org\/","logo":{"@type":"ImageObject","inLanguage":"en-GB","@id":"https:\/\/centcols.org\/#\/schema\/logo\/image\/","url":"https:\/\/centcols.org\/wp-content\/uploads\/2025\/01\/carte-icone.png","contentUrl":"https:\/\/centcols.org\/wp-content\/uploads\/2025\/01\/carte-icone.png","width":250,"height":250,"caption":"Club des Cent Cols"},"image":{"@id":"https:\/\/centcols.org\/#\/schema\/logo\/image\/"},"sameAs":["https:\/\/www.facebook.com\/groups\/5261880558\/?locale=fr_FR"]},{"@type":"Person","@id":"https:\/\/centcols.org\/#\/schema\/person\/0afae1c765c3b4675d37457765e3e383","name":"Jo\u00eblle Mingat","image":{"@type":"ImageObject","inLanguage":"en-GB","@id":"https:\/\/centcols.org\/wp-content\/litespeed\/avatar\/8ace1c0eaf9dcc23c49d76c12a17902f.jpg?ver=1777261681","url":"https:\/\/centcols.org\/wp-content\/litespeed\/avatar\/8ace1c0eaf9dcc23c49d76c12a17902f.jpg?ver=1777261681","contentUrl":"https:\/\/centcols.org\/wp-content\/litespeed\/avatar\/8ace1c0eaf9dcc23c49d76c12a17902f.jpg?ver=1777261681","caption":"Jo\u00eblle Mingat"},"url":"https:\/\/centcols.org\/en\/author\/5345\/"}]}},"_links":{"self":[{"href":"https:\/\/centcols.org\/en\/wp-json\/wp\/v2\/posts\/93200","targetHints":{"allow":["GET"]}}],"collection":[{"href":"https:\/\/centcols.org\/en\/wp-json\/wp\/v2\/posts"}],"about":[{"href":"https:\/\/centcols.org\/en\/wp-json\/wp\/v2\/types\/post"}],"author":[{"embeddable":true,"href":"https:\/\/centcols.org\/en\/wp-json\/wp\/v2\/users\/1993"}],"replies":[{"embeddable":true,"href":"https:\/\/centcols.org\/en\/wp-json\/wp\/v2\/comments?post=93200"}],"version-history":[{"count":0,"href":"https:\/\/centcols.org\/en\/wp-json\/wp\/v2\/posts\/93200\/revisions"}],"wp:featuredmedia":[{"embeddable":true,"href":"https:\/\/centcols.org\/en\/wp-json\/wp\/v2\/media\/93219"}],"wp:attachment":[{"href":"https:\/\/centcols.org\/en\/wp-json\/wp\/v2\/media?parent=93200"}],"wp:term":[{"taxonomy":"category","embeddable":true,"href":"https:\/\/centcols.org\/en\/wp-json\/wp\/v2\/categories?post=93200"},{"taxonomy":"post_tag","embeddable":true,"href":"https:\/\/centcols.org\/en\/wp-json\/wp\/v2\/tags?post=93200"}],"curies":[{"name":"wp","href":"https:\/\/api.w.org\/{rel}","templated":true}]}}