{"id":93231,"date":"2026-01-31T18:01:05","date_gmt":"2026-01-31T16:01:05","guid":{"rendered":"https:\/\/centcols.org\/?p=93231"},"modified":"2026-02-03T20:11:55","modified_gmt":"2026-02-03T18:11:55","slug":"col-du-vallon","status":"publish","type":"post","link":"https:\/\/centcols.org\/en\/col-du-vallon\/","title":{"rendered":"The Col du Vallon"},"content":{"rendered":"<p>The Col du Vallon or Col des Tufs (2525m, <a href=\"\/en\/util\/geo\/visu.php\/?code=FR-73-2530\" type=\"link\" id=\"\/util\/geo\/visu.php?code=FR-73-2530\">FR-73-2530<\/a>, IGN Topo 53 3434-O 048-035) is a superb mule track which opens out to the south-west of the Col de la Croix de Fer (<a href=\"\/en\/util\/geo\/visu.php\/?code=FR-73-2064a\" type=\"link\" id=\"\/util\/geo\/visu.php?code=FR-73-2064a\">FR-73-2064a<\/a>) towards the Pic de l'\u00c9tendard. It offers magnificent views of the Sept-Laux massif to the west and, beyond the pass, the magnificent Aiguilles d'Arves to the east.<\/p>\n\n\n<div class=\"wp-block-image\">\n<figure class=\"aligncenter size-full\"><img loading=\"lazy\" decoding=\"async\" width=\"332\" height=\"550\" src=\"https:\/\/centcols.org\/wp-content\/uploads\/2026\/01\/col_du_vallon_1.jpg\" alt=\"\" class=\"wp-image-93239\" srcset=\"https:\/\/centcols.org\/wp-content\/uploads\/2026\/01\/col_du_vallon_1.jpg 332w, https:\/\/centcols.org\/wp-content\/uploads\/2026\/01\/col_du_vallon_1-7x12.jpg 7w\" sizes=\"auto, (max-width: 332px) 100vw, 332px\" \/><figcaption class=\"wp-element-caption\">Col du Vallon piste seen from the Col de Bellard, to the north<\/figcaption><\/figure>\n<\/div>\n\n\n<p><br>From the Col du Vallon, a loop of just 5km takes you over two more passes at over 2000m, while skirting the shores of two lakes fed by the melting Saint-Sorlin glacier.<br>Leave Saint-Sorlin d'Arves and climb the road to the Col de la Croix de Fer at 2064m. At the summit, turn left onto a wide track that runs along the side of the mountain almost flat (R1). <br><br>At 2069, the real climb begins: 3 km at an average of 15.4%. The track is in good condition, wide and rolling, but the gradient is very steep and often requires you to walk. At the summit, the Pic de l'\u00c9tendard (3464m) can be seen to the south, surrounded by sparkling glaciers. Descend (R1) for around 300m and turn left onto a narrow path (S2) that leads to the Col Nord des Lacs (2533m). <a href=\"\/en\/util\/geo\/visu.php\/?code=FR-73-2533a\" type=\"link\" id=\"\/util\/geo\/visu.php?code=FR-73-2533a\">FR-73-2533a<\/a>) nearby. The view to the east is magnificent, while below to the west nestles the deep blue Grand Lac.<\/p>\n\n\n<div class=\"wp-block-image\">\n<figure class=\"aligncenter size-full\"><img loading=\"lazy\" decoding=\"async\" width=\"595\" height=\"392\" src=\"https:\/\/centcols.org\/wp-content\/uploads\/2026\/01\/col_du_vallon_2.jpg\" alt=\"\" class=\"wp-image-93243\" srcset=\"https:\/\/centcols.org\/wp-content\/uploads\/2026\/01\/col_du_vallon_2.jpg 595w, https:\/\/centcols.org\/wp-content\/uploads\/2026\/01\/col_du_vallon_2-18x12.jpg 18w\" sizes=\"auto, (max-width: 595px) 100vw, 595px\" \/><figcaption class=\"wp-element-caption\">Meeting at the summit! In the background: the Saint-Sorlin glacier below the Pic de l'\u00c9tendard. Behind the mule, you can see the start of the S2 trail leading to the Col Sud des Lacs. Below, the Grand Lac and the track that runs along its western edge.<\/figcaption><\/figure>\n<\/div>\n\n\n<p>Descend the path (S2) that runs along the side of the mountain above the eastern lake. At the end of the path, turn left to easily reach the Col Sud des Lacs (2476m). <a href=\"\/en\/util\/geo\/visu.php\/?code=FR-73-2476b\" type=\"link\" id=\"\/util\/geo\/visu.php?code=FR-73-2476b\">FR-73-2476b<\/a>). Retrace your steps slightly, cross the dam at Lac Blanc and follow the R1 track along the west bank of the Grand Lac.<\/p>\n\n\n<div class=\"wp-block-image\">\n<figure class=\"aligncenter size-full\"><img loading=\"lazy\" decoding=\"async\" width=\"594\" height=\"396\" src=\"https:\/\/centcols.org\/wp-content\/uploads\/2026\/01\/col_du_vallon_3.jpg\" alt=\"\" class=\"wp-image-93244\" srcset=\"https:\/\/centcols.org\/wp-content\/uploads\/2026\/01\/col_du_vallon_3.jpg 594w, https:\/\/centcols.org\/wp-content\/uploads\/2026\/01\/col_du_vallon_3-18x12.jpg 18w\" sizes=\"auto, (max-width: 594px) 100vw, 594px\" \/><figcaption class=\"wp-element-caption\">Track R1 on the west bank of the Grand Lac towards the refuge de l'\u00c9tendard<\/figcaption><\/figure>\n<\/div>\n\n<div class=\"wp-block-image\">\n<figure class=\"aligncenter size-full\"><img loading=\"lazy\" decoding=\"async\" width=\"600\" height=\"344\" src=\"https:\/\/centcols.org\/wp-content\/uploads\/2026\/01\/col_du_vallon_4.jpg\" alt=\"\" class=\"wp-image-93245\" srcset=\"https:\/\/centcols.org\/wp-content\/uploads\/2026\/01\/col_du_vallon_4.jpg 600w, https:\/\/centcols.org\/wp-content\/uploads\/2026\/01\/col_du_vallon_4-18x10.jpg 18w\" sizes=\"auto, (max-width: 600px) 100vw, 600px\" \/><figcaption class=\"wp-element-caption\">The Argenti\u00e8re peaks as a backdrop to the Grand Lac<\/figcaption><\/figure>\n<\/div>\n\n\n<p>You arrive at the \u00c9tendard refuge, where you can order drinks and a meal. A short climb (R1) takes you back to the Col du Vallon. The return to the Col de la Croix de Fer is easy on the bike (R1).<\/p>\n\n\n\n<p>Four passes over 2000m in 17km, with some stunning scenery to boot. The Col du Vallon is well worth the diversions.<\/p>\n\n\n\n<p class=\"has-text-align-left\">Ren\u00e9 Poty<\/p>\n\n\n<div class=\"wp-block-image\">\n<figure class=\"aligncenter size-full\"><img loading=\"lazy\" decoding=\"async\" width=\"510\" height=\"291\" src=\"https:\/\/centcols.org\/wp-content\/uploads\/2026\/01\/col_du_vallon_profil.gif\" alt=\"\" class=\"wp-image-93246\"\/><\/figure>\n<\/div>\n\n<div class=\"wp-block-image\">\n<figure class=\"aligncenter size-full\"><img loading=\"lazy\" decoding=\"async\" width=\"413\" height=\"702\" src=\"https:\/\/centcols.org\/wp-content\/uploads\/2026\/01\/col_du_vallon_carte.jpg\" alt=\"\" class=\"wp-image-93247\" srcset=\"https:\/\/centcols.org\/wp-content\/uploads\/2026\/01\/col_du_vallon_carte.jpg 413w, https:\/\/centcols.org\/wp-content\/uploads\/2026\/01\/col_du_vallon_carte-7x12.jpg 7w\" sizes=\"auto, (max-width: 413px) 100vw, 413px\" \/><figcaption class=\"wp-element-caption\">IGN<\/figcaption><\/figure>\n<\/div>\n\n\n<p><\/p>","protected":false},"excerpt":{"rendered":"<p>Le col du Vallon ou col des Tufs (2525m, FR-73-2530, IGN Topo 53 3434-O 048-035) est un passage muletier superbe qui s&rsquo;ouvre au sud-ouest du col de la Croix de Fer (FR-73-2064a) en direction du Pic de l&rsquo;\u00c9tendard. Il offre des points de vue grandioses sur le massif des Sept-Laux \u00e0 l&rsquo;ouest et, au-del\u00e0 du [&hellip;]<\/p>\n","protected":false},"author":682,"featured_media":93261,"comment_status":"closed","ping_status":"closed","sticky":false,"template":"","format":"standard","meta":{"_acf_changed":false,"footnotes":""},"categories":[308],"tags":[],"class_list":["post-93231","post","type-post","status-publish","format-standard","has-post-thumbnail","hentry","category-cols-en-vrac"],"acf":[],"yoast_head":"<!-- This site is optimized with the Yoast SEO plugin v27.2 - https:\/\/yoast.com\/product\/yoast-seo-wordpress\/ -->\n<title>Le col du Vallon - Club des Cent Cols<\/title>\n<meta name=\"robots\" content=\"index, follow, max-snippet:-1, max-image-preview:large, max-video-preview:-1\" \/>\n<link rel=\"canonical\" href=\"https:\/\/centcols.org\/en\/col-du-vallon\/\" \/>\n<meta property=\"og:locale\" content=\"en_GB\" \/>\n<meta property=\"og:type\" content=\"article\" \/>\n<meta property=\"og:title\" content=\"Le col du Vallon - Club des Cent Cols\" \/>\n<meta property=\"og:description\" content=\"Le col du Vallon ou col des Tufs (2525m, FR-73-2530, IGN Topo 53 3434-O 048-035) est un passage muletier superbe qui s&rsquo;ouvre au sud-ouest du col de la Croix de Fer (FR-73-2064a) en direction du Pic de l&rsquo;\u00c9tendard. Il offre des points de vue grandioses sur le massif des Sept-Laux \u00e0 l&rsquo;ouest et, au-del\u00e0 du [&hellip;]\" \/>\n<meta property=\"og:url\" content=\"https:\/\/centcols.org\/en\/col-du-vallon\/\" \/>\n<meta property=\"og:site_name\" content=\"Club des Cent Cols\" \/>\n<meta property=\"article:publisher\" content=\"https:\/\/www.facebook.com\/groups\/5261880558\/?locale=fr_FR\" \/>\n<meta property=\"article:published_time\" content=\"2026-01-31T16:01:05+00:00\" \/>\n<meta property=\"article:modified_time\" content=\"2026-02-03T18:11:55+00:00\" \/>\n<meta property=\"og:image\" content=\"https:\/\/centcols.org\/wp-content\/uploads\/2026\/01\/Vallon_mise_en_avant-1.jpg\" \/>\n\t<meta property=\"og:image:width\" content=\"800\" \/>\n\t<meta property=\"og:image:height\" content=\"499\" \/>\n\t<meta property=\"og:image:type\" content=\"image\/jpeg\" \/>\n<meta name=\"author\" content=\"Paul Levart\" \/>\n<meta name=\"twitter:card\" content=\"summary_large_image\" \/>\n<meta name=\"twitter:label1\" content=\"Written by\" \/>\n\t<meta name=\"twitter:data1\" content=\"Paul Levart\" \/>\n\t<meta name=\"twitter:label2\" content=\"Estimated reading time\" \/>\n\t<meta name=\"twitter:data2\" content=\"4 minutes\" \/>\n<script type=\"application\/ld+json\" class=\"yoast-schema-graph\">{\"@context\":\"https:\/\/schema.org\",\"@graph\":[{\"@type\":\"Article\",\"@id\":\"https:\/\/centcols.org\/en\/col-du-vallon\/#article\",\"isPartOf\":{\"@id\":\"https:\/\/centcols.org\/en\/col-du-vallon\/\"},\"author\":{\"name\":\"Paul Levart\",\"@id\":\"https:\/\/centcols.org\/#\/schema\/person\/f69e64d42a30af00fb46d8cf7a1d9945\"},\"headline\":\"Le col du Vallon\",\"datePublished\":\"2026-01-31T16:01:05+00:00\",\"dateModified\":\"2026-02-03T18:11:55+00:00\",\"mainEntityOfPage\":{\"@id\":\"https:\/\/centcols.org\/en\/col-du-vallon\/\"},\"wordCount\":467,\"publisher\":{\"@id\":\"https:\/\/centcols.org\/#organization\"},\"image\":{\"@id\":\"https:\/\/centcols.org\/en\/col-du-vallon\/#primaryimage\"},\"thumbnailUrl\":\"https:\/\/centcols.org\/wp-content\/uploads\/2026\/01\/Vallon_mise_en_avant-1.jpg\",\"articleSection\":[\"Cols en vrac\"],\"inLanguage\":\"en-GB\"},{\"@type\":\"WebPage\",\"@id\":\"https:\/\/centcols.org\/en\/col-du-vallon\/\",\"url\":\"https:\/\/centcols.org\/en\/col-du-vallon\/\",\"name\":\"Le col du Vallon - Club des Cent Cols\",\"isPartOf\":{\"@id\":\"https:\/\/centcols.org\/#website\"},\"primaryImageOfPage\":{\"@id\":\"https:\/\/centcols.org\/en\/col-du-vallon\/#primaryimage\"},\"image\":{\"@id\":\"https:\/\/centcols.org\/en\/col-du-vallon\/#primaryimage\"},\"thumbnailUrl\":\"https:\/\/centcols.org\/wp-content\/uploads\/2026\/01\/Vallon_mise_en_avant-1.jpg\",\"datePublished\":\"2026-01-31T16:01:05+00:00\",\"dateModified\":\"2026-02-03T18:11:55+00:00\",\"breadcrumb\":{\"@id\":\"https:\/\/centcols.org\/en\/col-du-vallon\/#breadcrumb\"},\"inLanguage\":\"en-GB\",\"potentialAction\":[{\"@type\":\"ReadAction\",\"target\":[\"https:\/\/centcols.org\/en\/col-du-vallon\/\"]}]},{\"@type\":\"ImageObject\",\"inLanguage\":\"en-GB\",\"@id\":\"https:\/\/centcols.org\/en\/col-du-vallon\/#primaryimage\",\"url\":\"https:\/\/centcols.org\/wp-content\/uploads\/2026\/01\/Vallon_mise_en_avant-1.jpg\",\"contentUrl\":\"https:\/\/centcols.org\/wp-content\/uploads\/2026\/01\/Vallon_mise_en_avant-1.jpg\",\"width\":800,\"height\":499,\"caption\":\"photo F. Crinon\"},{\"@type\":\"BreadcrumbList\",\"@id\":\"https:\/\/centcols.org\/en\/col-du-vallon\/#breadcrumb\",\"itemListElement\":[{\"@type\":\"ListItem\",\"position\":1,\"name\":\"Accueil\",\"item\":\"https:\/\/centcols.org\/\"},{\"@type\":\"ListItem\",\"position\":2,\"name\":\"Cols en vrac\",\"item\":\"https:\/\/centcols.org\/rubrique\/cols-en-vrac\/\"},{\"@type\":\"ListItem\",\"position\":3,\"name\":\"Le col du Vallon\"}]},{\"@type\":\"WebSite\",\"@id\":\"https:\/\/centcols.org\/#website\",\"url\":\"https:\/\/centcols.org\/\",\"name\":\"Club des Cent Cols\",\"description\":\"\",\"publisher\":{\"@id\":\"https:\/\/centcols.org\/#organization\"},\"potentialAction\":[{\"@type\":\"SearchAction\",\"target\":{\"@type\":\"EntryPoint\",\"urlTemplate\":\"https:\/\/centcols.org\/?s={search_term_string}\"},\"query-input\":{\"@type\":\"PropertyValueSpecification\",\"valueRequired\":true,\"valueName\":\"search_term_string\"}}],\"inLanguage\":\"en-GB\"},{\"@type\":\"Organization\",\"@id\":\"https:\/\/centcols.org\/#organization\",\"name\":\"Club des Cent Cols\",\"url\":\"https:\/\/centcols.org\/\",\"logo\":{\"@type\":\"ImageObject\",\"inLanguage\":\"en-GB\",\"@id\":\"https:\/\/centcols.org\/#\/schema\/logo\/image\/\",\"url\":\"https:\/\/centcols.org\/wp-content\/uploads\/2025\/01\/carte-icone.png\",\"contentUrl\":\"https:\/\/centcols.org\/wp-content\/uploads\/2025\/01\/carte-icone.png\",\"width\":250,\"height\":250,\"caption\":\"Club des Cent Cols\"},\"image\":{\"@id\":\"https:\/\/centcols.org\/#\/schema\/logo\/image\/\"},\"sameAs\":[\"https:\/\/www.facebook.com\/groups\/5261880558\/?locale=fr_FR\"]},{\"@type\":\"Person\",\"@id\":\"https:\/\/centcols.org\/#\/schema\/person\/f69e64d42a30af00fb46d8cf7a1d9945\",\"name\":\"Paul Levart\",\"image\":{\"@type\":\"ImageObject\",\"inLanguage\":\"en-GB\",\"@id\":\"https:\/\/centcols.org\/wp-content\/litespeed\/avatar\/b81f27ef11f03e8b6b3b3019b1b2b4d7.jpg?ver=1777205446\",\"url\":\"https:\/\/centcols.org\/wp-content\/litespeed\/avatar\/b81f27ef11f03e8b6b3b3019b1b2b4d7.jpg?ver=1777205446\",\"contentUrl\":\"https:\/\/centcols.org\/wp-content\/litespeed\/avatar\/b81f27ef11f03e8b6b3b3019b1b2b4d7.jpg?ver=1777205446\",\"caption\":\"Paul Levart\"},\"url\":\"https:\/\/centcols.org\/en\/author\/4953\/\"}]}<\/script>\n<!-- \/ Yoast SEO plugin. -->","yoast_head_json":{"title":"The Vallon Pass - Club des Cent Cols","robots":{"index":"index","follow":"follow","max-snippet":"max-snippet:-1","max-image-preview":"max-image-preview:large","max-video-preview":"max-video-preview:-1"},"canonical":"https:\/\/centcols.org\/en\/col-du-vallon\/","og_locale":"en_GB","og_type":"article","og_title":"Le col du Vallon - Club des Cent Cols","og_description":"Le col du Vallon ou col des Tufs (2525m, FR-73-2530, IGN Topo 53 3434-O 048-035) est un passage muletier superbe qui s&rsquo;ouvre au sud-ouest du col de la Croix de Fer (FR-73-2064a) en direction du Pic de l&rsquo;\u00c9tendard. Il offre des points de vue grandioses sur le massif des Sept-Laux \u00e0 l&rsquo;ouest et, au-del\u00e0 du [&hellip;]","og_url":"https:\/\/centcols.org\/en\/col-du-vallon\/","og_site_name":"Club des Cent Cols","article_publisher":"https:\/\/www.facebook.com\/groups\/5261880558\/?locale=fr_FR","article_published_time":"2026-01-31T16:01:05+00:00","article_modified_time":"2026-02-03T18:11:55+00:00","og_image":[{"width":800,"height":499,"url":"https:\/\/centcols.org\/wp-content\/uploads\/2026\/01\/Vallon_mise_en_avant-1.jpg","type":"image\/jpeg"}],"author":"Paul Levart","twitter_card":"summary_large_image","twitter_misc":{"Written by":"Paul Levart","Estimated reading time":"4 minutes"},"schema":{"@context":"https:\/\/schema.org","@graph":[{"@type":"Article","@id":"https:\/\/centcols.org\/en\/col-du-vallon\/#article","isPartOf":{"@id":"https:\/\/centcols.org\/en\/col-du-vallon\/"},"author":{"name":"Paul Levart","@id":"https:\/\/centcols.org\/#\/schema\/person\/f69e64d42a30af00fb46d8cf7a1d9945"},"headline":"Le col du Vallon","datePublished":"2026-01-31T16:01:05+00:00","dateModified":"2026-02-03T18:11:55+00:00","mainEntityOfPage":{"@id":"https:\/\/centcols.org\/en\/col-du-vallon\/"},"wordCount":467,"publisher":{"@id":"https:\/\/centcols.org\/#organization"},"image":{"@id":"https:\/\/centcols.org\/en\/col-du-vallon\/#primaryimage"},"thumbnailUrl":"https:\/\/centcols.org\/wp-content\/uploads\/2026\/01\/Vallon_mise_en_avant-1.jpg","articleSection":["Cols en vrac"],"inLanguage":"en-GB"},{"@type":"WebPage","@id":"https:\/\/centcols.org\/en\/col-du-vallon\/","url":"https:\/\/centcols.org\/en\/col-du-vallon\/","name":"The Vallon Pass - Club des Cent Cols","isPartOf":{"@id":"https:\/\/centcols.org\/#website"},"primaryImageOfPage":{"@id":"https:\/\/centcols.org\/en\/col-du-vallon\/#primaryimage"},"image":{"@id":"https:\/\/centcols.org\/en\/col-du-vallon\/#primaryimage"},"thumbnailUrl":"https:\/\/centcols.org\/wp-content\/uploads\/2026\/01\/Vallon_mise_en_avant-1.jpg","datePublished":"2026-01-31T16:01:05+00:00","dateModified":"2026-02-03T18:11:55+00:00","breadcrumb":{"@id":"https:\/\/centcols.org\/en\/col-du-vallon\/#breadcrumb"},"inLanguage":"en-GB","potentialAction":[{"@type":"ReadAction","target":["https:\/\/centcols.org\/en\/col-du-vallon\/"]}]},{"@type":"ImageObject","inLanguage":"en-GB","@id":"https:\/\/centcols.org\/en\/col-du-vallon\/#primaryimage","url":"https:\/\/centcols.org\/wp-content\/uploads\/2026\/01\/Vallon_mise_en_avant-1.jpg","contentUrl":"https:\/\/centcols.org\/wp-content\/uploads\/2026\/01\/Vallon_mise_en_avant-1.jpg","width":800,"height":499,"caption":"photo F. Crinon"},{"@type":"BreadcrumbList","@id":"https:\/\/centcols.org\/en\/col-du-vallon\/#breadcrumb","itemListElement":[{"@type":"ListItem","position":1,"name":"Accueil","item":"https:\/\/centcols.org\/"},{"@type":"ListItem","position":2,"name":"Cols en vrac","item":"https:\/\/centcols.org\/rubrique\/cols-en-vrac\/"},{"@type":"ListItem","position":3,"name":"Le col du Vallon"}]},{"@type":"WebSite","@id":"https:\/\/centcols.org\/#website","url":"https:\/\/centcols.org\/","name":"Club des Cent Cols","description":"","publisher":{"@id":"https:\/\/centcols.org\/#organization"},"potentialAction":[{"@type":"SearchAction","target":{"@type":"EntryPoint","urlTemplate":"https:\/\/centcols.org\/?s={search_term_string}"},"query-input":{"@type":"PropertyValueSpecification","valueRequired":true,"valueName":"search_term_string"}}],"inLanguage":"en-GB"},{"@type":"Organization","@id":"https:\/\/centcols.org\/#organization","name":"Club des Cent Cols","url":"https:\/\/centcols.org\/","logo":{"@type":"ImageObject","inLanguage":"en-GB","@id":"https:\/\/centcols.org\/#\/schema\/logo\/image\/","url":"https:\/\/centcols.org\/wp-content\/uploads\/2025\/01\/carte-icone.png","contentUrl":"https:\/\/centcols.org\/wp-content\/uploads\/2025\/01\/carte-icone.png","width":250,"height":250,"caption":"Club des Cent Cols"},"image":{"@id":"https:\/\/centcols.org\/#\/schema\/logo\/image\/"},"sameAs":["https:\/\/www.facebook.com\/groups\/5261880558\/?locale=fr_FR"]},{"@type":"Person","@id":"https:\/\/centcols.org\/#\/schema\/person\/f69e64d42a30af00fb46d8cf7a1d9945","name":"Paul Levart","image":{"@type":"ImageObject","inLanguage":"en-GB","@id":"https:\/\/centcols.org\/wp-content\/litespeed\/avatar\/b81f27ef11f03e8b6b3b3019b1b2b4d7.jpg?ver=1777205446","url":"https:\/\/centcols.org\/wp-content\/litespeed\/avatar\/b81f27ef11f03e8b6b3b3019b1b2b4d7.jpg?ver=1777205446","contentUrl":"https:\/\/centcols.org\/wp-content\/litespeed\/avatar\/b81f27ef11f03e8b6b3b3019b1b2b4d7.jpg?ver=1777205446","caption":"Paul Levart"},"url":"https:\/\/centcols.org\/en\/author\/4953\/"}]}},"_links":{"self":[{"href":"https:\/\/centcols.org\/en\/wp-json\/wp\/v2\/posts\/93231","targetHints":{"allow":["GET"]}}],"collection":[{"href":"https:\/\/centcols.org\/en\/wp-json\/wp\/v2\/posts"}],"about":[{"href":"https:\/\/centcols.org\/en\/wp-json\/wp\/v2\/types\/post"}],"author":[{"embeddable":true,"href":"https:\/\/centcols.org\/en\/wp-json\/wp\/v2\/users\/682"}],"replies":[{"embeddable":true,"href":"https:\/\/centcols.org\/en\/wp-json\/wp\/v2\/comments?post=93231"}],"version-history":[{"count":0,"href":"https:\/\/centcols.org\/en\/wp-json\/wp\/v2\/posts\/93231\/revisions"}],"wp:featuredmedia":[{"embeddable":true,"href":"https:\/\/centcols.org\/en\/wp-json\/wp\/v2\/media\/93261"}],"wp:attachment":[{"href":"https:\/\/centcols.org\/en\/wp-json\/wp\/v2\/media?parent=93231"}],"wp:term":[{"taxonomy":"category","embeddable":true,"href":"https:\/\/centcols.org\/en\/wp-json\/wp\/v2\/categories?post=93231"},{"taxonomy":"post_tag","embeddable":true,"href":"https:\/\/centcols.org\/en\/wp-json\/wp\/v2\/tags?post=93231"}],"curies":[{"name":"wp","href":"https:\/\/api.w.org\/{rel}","templated":true}]}}