{"id":93274,"date":"2026-02-01T17:53:37","date_gmt":"2026-02-01T15:53:37","guid":{"rendered":"https:\/\/centcols.org\/?p=93274"},"modified":"2026-02-13T22:39:23","modified_gmt":"2026-02-13T20:39:23","slug":"col-du-souchet","status":"publish","type":"post","link":"https:\/\/centcols.org\/en\/col-du-souchet\/","title":{"rendered":"Col du Souchet"},"content":{"rendered":"<p>From an aesthetic point of view, the Col du Souchet (<a href=\"\/en\/util\/geo\/visu.php\/?code=FR-05-2365\">FR-05-2365)<\/a> is undoubtedly one of the most beautiful in the northern Alps. It nestles on the Emparis (or Paris) plateau and faces the Meije massif and its glaciers. It can be included in a loop circuit starting from Lac du Chambon or, even more spectacularly, in a traverse to Le Chazelet and La Grave.<\/p>\n\n\n<div class=\"wp-block-image\">\n<figure class=\"aligncenter size-full is-resized\"><img loading=\"lazy\" decoding=\"async\" width=\"1200\" height=\"640\" src=\"https:\/\/centcols.org\/wp-content\/uploads\/2026\/02\/col-du-souchet.jpg\" alt=\"\" class=\"wp-image-93312\" style=\"width:1000px\" srcset=\"https:\/\/centcols.org\/wp-content\/uploads\/2026\/02\/col-du-souchet.jpg 1200w, https:\/\/centcols.org\/wp-content\/uploads\/2026\/02\/col-du-souchet-768x410.jpg 768w, https:\/\/centcols.org\/wp-content\/uploads\/2026\/02\/col-du-souchet-18x10.jpg 18w\" sizes=\"auto, (max-width: 1200px) 100vw, 1200px\" \/><figcaption class=\"wp-element-caption\">Col du Souchet map from the Centscols \u00aeIGN catalogue<\/figcaption><\/figure>\n<\/div>\n\n<div class=\"wp-block-image\">\n<figure class=\"aligncenter size-full is-resized\"><img loading=\"lazy\" decoding=\"async\" width=\"1200\" height=\"713\" src=\"https:\/\/centcols.org\/wp-content\/uploads\/2026\/01\/souchet-3.jpg\" alt=\"\" class=\"wp-image-93294\" style=\"width:1000px\" srcset=\"https:\/\/centcols.org\/wp-content\/uploads\/2026\/01\/souchet-3.jpg 1200w, https:\/\/centcols.org\/wp-content\/uploads\/2026\/01\/souchet-3-768x456.jpg 768w, https:\/\/centcols.org\/wp-content\/uploads\/2026\/01\/souchet-3-18x12.jpg 18w\" sizes=\"auto, (max-width: 1200px) 100vw, 1200px\" \/><figcaption class=\"wp-element-caption\">Col du Souchet map from the Centscols \u00aeIGN catalogue<\/figcaption><\/figure>\n<\/div>\n\n\n<p>You can start the climb from Le Bourg-d'Oisans (34km, ascent: 1,641m) or from the Lac du Chambon dam (20km, ascent: 1,320m). After crossing the dam wall, take the road that climbs steeply to the village of Mizo\u00ebn and continues towards the Col de Sarenne (<a href=\"\/en\/util\/geo\/visu.php\/?code=FR-38-1999\">FR-38-1999<\/a>). On the right, the D25 joins Besse, one of the prettiest mountain villages, with its houses huddled together on a slope that was once an attractive feature.<\/p>\n\n\n<div class=\"wp-block-image\">\n<figure class=\"aligncenter size-full\"><img loading=\"lazy\" decoding=\"async\" width=\"526\" height=\"328\" src=\"https:\/\/centcols.org\/wp-content\/uploads\/2026\/01\/vue-du-village-de-Besse.jpg\" alt=\"\" class=\"wp-image-93295\" srcset=\"https:\/\/centcols.org\/wp-content\/uploads\/2026\/01\/vue-du-village-de-Besse.jpg 526w, https:\/\/centcols.org\/wp-content\/uploads\/2026\/01\/vue-du-village-de-Besse-18x12.jpg 18w\" sizes=\"auto, (max-width: 526px) 100vw, 526px\" \/><figcaption class=\"wp-element-caption\">The village of Besse seen from the bends in the track leading up to Les Collets.<\/figcaption><\/figure>\n<\/div>\n\n\n<p>At Besse, if you feel like it, you can win a round trip to Les Collets (<a href=\"\/en\/util\/geo\/visu.php\/?code=FR-38-2044\">FR-38-2044)<\/a> on an R1 track offering superb views of the winding Col de Sarenne <a href=\"\/en\/util\/geo\/visu.php\/?code=FR-38-1999\">(FR-38-1999<\/a>) to the west and the Mont-de-Lans glacier and La Meije to the south.<\/p>\n\n\n<div class=\"wp-block-image\">\n<figure class=\"aligncenter size-full\"><img loading=\"lazy\" decoding=\"async\" width=\"800\" height=\"512\" src=\"https:\/\/centcols.org\/wp-content\/uploads\/2026\/02\/col_du_souchet_1-1.jpg\" alt=\"\" class=\"wp-image-93301\" srcset=\"https:\/\/centcols.org\/wp-content\/uploads\/2026\/02\/col_du_souchet_1-1.jpg 800w, https:\/\/centcols.org\/wp-content\/uploads\/2026\/02\/col_du_souchet_1-1-768x492.jpg 768w, https:\/\/centcols.org\/wp-content\/uploads\/2026\/02\/col_du_souchet_1-1-18x12.jpg 18w\" sizes=\"auto, (max-width: 800px) 100vw, 800px\" \/><figcaption class=\"wp-element-caption\">Motherly tenderness at Les Collets (<a href=\"\/en\/util\/geo\/visu.php\/?code=FR-38-2044\">FR-38-2044<\/a>).<br>In the background, the dark mass of the Emparis plateau.<br>In the distance: the Mont-de-Lans glacier towards the Jandri pass (<a href=\"\/en\/util\/geo\/visu.php\/?code=FR-38-3151\">FR-38-3151<\/a>).<\/figcaption><\/figure>\n<\/div>\n\n\n<p>Back in Besse, continue on the tarmac road to Les Granges du Gay. Here a wide R1 track begins, winding upwards. A dip in the ridge indicates the Col Nazi\u00e9. <a href=\"\/en\/util\/geo\/visu.php\/?code=FR-38-1902b\">(FR-38-1902b<\/a>).<\/p>\n\n\n<div class=\"wp-block-image\">\n<figure class=\"aligncenter size-full\"><img loading=\"lazy\" decoding=\"async\" width=\"800\" height=\"463\" src=\"https:\/\/centcols.org\/wp-content\/uploads\/2026\/02\/col_du_souchet_3.jpg\" alt=\"\" class=\"wp-image-93302\" srcset=\"https:\/\/centcols.org\/wp-content\/uploads\/2026\/02\/col_du_souchet_3.jpg 800w, https:\/\/centcols.org\/wp-content\/uploads\/2026\/02\/col_du_souchet_3-768x444.jpg 768w, https:\/\/centcols.org\/wp-content\/uploads\/2026\/02\/col_du_souchet_3-18x10.jpg 18w\" sizes=\"auto, (max-width: 800px) 100vw, 800px\" \/><figcaption class=\"wp-element-caption\">On the left of the photo, the lower ridge line corresponds to the Col Nazi\u00e9 (<a href=\"\/en\/util\/geo\/visu.php\/?code=FR-38-1902b\">FR-38-1902b<\/a>), the track passes slightly below the pass. At the end of the winding track, you reach Chalet Josserand at 2245m, which marks the start of the Emparis plateau.<\/figcaption><\/figure>\n<\/div>\n\n\n<p>You have to push your bike through the pasture for 150m to reach the start of the plateau. The track continues to wind up to reach the Col de Saint-Georges (<a href=\"\/en\/util\/geo\/visu.php\/?code=FR-38-2245a\">FR-38-2245a<\/a>) close to Chalet Josserand. To the right, the R1 trail continues towards the Mouterres refuge (lunch). On the way back, you can take this route to Mizo\u00ebn after a superb balcony descent above the Lac du Chambon dam! To reach the Col du Souchet (<a href=\"\/en\/util\/geo\/visu.php\/?code=FR-05-2365\">FR-05-2365<\/a>), leave this track to the right and plunge down into the wide valley of the Rif Tort (S1-2), cross the torrent then climb the other side following the signposted path (S2). At the highest point, you come to the Col du Souchet (<a href=\"\/en\/util\/geo\/visu.php\/?code=FR-05-2365\">FR-05-2365<\/a>). There are magnificent views of the Meije, the R\u00e2teau and the glaciers...<\/p>\n\n\n<div class=\"wp-block-image\">\n<figure class=\"aligncenter size-full\"><img loading=\"lazy\" decoding=\"async\" width=\"800\" height=\"477\" src=\"https:\/\/centcols.org\/wp-content\/uploads\/2026\/02\/col_du_souchet_4.jpg\" alt=\"\" class=\"wp-image-93308\" srcset=\"https:\/\/centcols.org\/wp-content\/uploads\/2026\/02\/col_du_souchet_4.jpg 800w, https:\/\/centcols.org\/wp-content\/uploads\/2026\/02\/col_du_souchet_4-768x458.jpg 768w, https:\/\/centcols.org\/wp-content\/uploads\/2026\/02\/col_du_souchet_4-18x12.jpg 18w\" sizes=\"auto, (max-width: 800px) 100vw, 800px\" \/><figcaption class=\"wp-element-caption\">Summit of the Col du Souchet.<br>An incomparable balcony overlooking the Meije massif at 3982m (the pointed summit on the left).<br> Further right: R\u00e2teau 3809m.<\/figcaption><\/figure>\n<\/div>\n\n\n<p>If you opt to cross over to Le Chazelet, continue straight ahead. The path is partly cycleable (S1-2) but requires pushing (S3) for the final descent to the D33 leading to La Grave.<\/p>\n\n\n<div class=\"wp-block-image\">\n<figure class=\"aligncenter size-full\"><img loading=\"lazy\" decoding=\"async\" width=\"800\" height=\"458\" src=\"https:\/\/centcols.org\/wp-content\/uploads\/2026\/02\/col_du_souchet_profil.gif\" alt=\"\" class=\"wp-image-93309\"\/><figcaption class=\"wp-element-caption\">Profile of the Col du Souchet from the Lac du Chambon dam.<\/figcaption><\/figure>\n<\/div>\n\n\n<p>Text and photo credits by Ren\u00e9 POTY.<\/p>\n\n\n\n<p>Editor's note: in the member routes you will find a route that crosses the Col du Souchet. This is not the route suggested by Ren\u00e9 above. It turns in the other direction, offering splendid views of the Meije throughout the ascent.<\/p>\n\n\n\n<p class=\"has-text-align-center\"><a href=\"\/en\/le-plateau-demparis-mountain-bike\/\">See the tour<\/a><\/p>","protected":false},"excerpt":{"rendered":"<p>Sur le plan esth\u00e9tique, le col du Souchet (FR-05-2365) est, sans doute, un des plus beaux qui s&rsquo;offre \u00e0 nos app\u00e9tits dans les Alpes du nord. Il se niche sur le plateau d&rsquo; Emparis (ou de Paris) et fait face au massif de la Meije et ses glaciers. On peut l&rsquo;inclure dans un circuit en [&hellip;]<\/p>\n","protected":false},"author":485,"featured_media":93442,"comment_status":"closed","ping_status":"closed","sticky":false,"template":"","format":"standard","meta":{"_acf_changed":false,"footnotes":""},"categories":[308],"tags":[],"class_list":["post-93274","post","type-post","status-publish","format-standard","has-post-thumbnail","hentry","category-cols-en-vrac"],"acf":[],"yoast_head":"<!-- This site is optimized with the Yoast SEO plugin v27.2 - https:\/\/yoast.com\/product\/yoast-seo-wordpress\/ -->\n<title>Col du Souchet - Club des Cent Cols<\/title>\n<meta name=\"robots\" content=\"index, follow, max-snippet:-1, max-image-preview:large, max-video-preview:-1\" \/>\n<link rel=\"canonical\" href=\"https:\/\/centcols.org\/en\/col-du-souchet\/\" \/>\n<meta property=\"og:locale\" content=\"en_GB\" \/>\n<meta property=\"og:type\" content=\"article\" \/>\n<meta property=\"og:title\" content=\"Col du Souchet - Club des Cent Cols\" \/>\n<meta property=\"og:description\" content=\"Sur le plan esth\u00e9tique, le col du Souchet (FR-05-2365) est, sans doute, un des plus beaux qui s&rsquo;offre \u00e0 nos app\u00e9tits dans les Alpes du nord. Il se niche sur le plateau d&rsquo; Emparis (ou de Paris) et fait face au massif de la Meije et ses glaciers. On peut l&rsquo;inclure dans un circuit en [&hellip;]\" \/>\n<meta property=\"og:url\" content=\"https:\/\/centcols.org\/en\/col-du-souchet\/\" \/>\n<meta property=\"og:site_name\" content=\"Club des Cent Cols\" \/>\n<meta property=\"article:publisher\" content=\"https:\/\/www.facebook.com\/groups\/5261880558\/?locale=fr_FR\" \/>\n<meta property=\"article:published_time\" content=\"2026-02-01T15:53:37+00:00\" \/>\n<meta property=\"article:modified_time\" content=\"2026-02-13T20:39:23+00:00\" \/>\n<meta property=\"og:image\" content=\"https:\/\/centcols.org\/wp-content\/uploads\/2026\/02\/4301.jpg\" \/>\n\t<meta property=\"og:image:width\" content=\"800\" \/>\n\t<meta property=\"og:image:height\" content=\"600\" \/>\n\t<meta property=\"og:image:type\" content=\"image\/jpeg\" \/>\n<meta name=\"author\" content=\"Jean-No\u00ebl Jagoda\" \/>\n<meta name=\"twitter:card\" content=\"summary_large_image\" \/>\n<meta name=\"twitter:label1\" content=\"Written by\" \/>\n\t<meta name=\"twitter:data1\" content=\"Jean-No\u00ebl Jagoda\" \/>\n\t<meta name=\"twitter:label2\" content=\"Estimated reading time\" \/>\n\t<meta name=\"twitter:data2\" content=\"5 minutes\" \/>\n<script type=\"application\/ld+json\" class=\"yoast-schema-graph\">{\"@context\":\"https:\/\/schema.org\",\"@graph\":[{\"@type\":\"Article\",\"@id\":\"https:\/\/centcols.org\/col-du-souchet\/#article\",\"isPartOf\":{\"@id\":\"https:\/\/centcols.org\/col-du-souchet\/\"},\"author\":{\"name\":\"Jean-No\u00ebl Jagoda\",\"@id\":\"https:\/\/centcols.org\/#\/schema\/person\/30f4299f11521fed498f98ecf9d71664\"},\"headline\":\"Col du Souchet\",\"datePublished\":\"2026-02-01T15:53:37+00:00\",\"dateModified\":\"2026-02-13T20:39:23+00:00\",\"mainEntityOfPage\":{\"@id\":\"https:\/\/centcols.org\/col-du-souchet\/\"},\"wordCount\":669,\"publisher\":{\"@id\":\"https:\/\/centcols.org\/#organization\"},\"image\":{\"@id\":\"https:\/\/centcols.org\/col-du-souchet\/#primaryimage\"},\"thumbnailUrl\":\"https:\/\/centcols.org\/wp-content\/uploads\/2026\/02\/4301.jpg\",\"articleSection\":[\"Cols en vrac\"],\"inLanguage\":\"en-GB\"},{\"@type\":\"WebPage\",\"@id\":\"https:\/\/centcols.org\/col-du-souchet\/\",\"url\":\"https:\/\/centcols.org\/col-du-souchet\/\",\"name\":\"Col du Souchet - Club des Cent Cols\",\"isPartOf\":{\"@id\":\"https:\/\/centcols.org\/#website\"},\"primaryImageOfPage\":{\"@id\":\"https:\/\/centcols.org\/col-du-souchet\/#primaryimage\"},\"image\":{\"@id\":\"https:\/\/centcols.org\/col-du-souchet\/#primaryimage\"},\"thumbnailUrl\":\"https:\/\/centcols.org\/wp-content\/uploads\/2026\/02\/4301.jpg\",\"datePublished\":\"2026-02-01T15:53:37+00:00\",\"dateModified\":\"2026-02-13T20:39:23+00:00\",\"breadcrumb\":{\"@id\":\"https:\/\/centcols.org\/col-du-souchet\/#breadcrumb\"},\"inLanguage\":\"en-GB\",\"potentialAction\":[{\"@type\":\"ReadAction\",\"target\":[\"https:\/\/centcols.org\/col-du-souchet\/\"]}]},{\"@type\":\"ImageObject\",\"inLanguage\":\"en-GB\",\"@id\":\"https:\/\/centcols.org\/col-du-souchet\/#primaryimage\",\"url\":\"https:\/\/centcols.org\/wp-content\/uploads\/2026\/02\/4301.jpg\",\"contentUrl\":\"https:\/\/centcols.org\/wp-content\/uploads\/2026\/02\/4301.jpg\",\"width\":800,\"height\":600,\"caption\":\"La Meije et le R\u00e2teau vus du Col du souchet 2356m\"},{\"@type\":\"BreadcrumbList\",\"@id\":\"https:\/\/centcols.org\/col-du-souchet\/#breadcrumb\",\"itemListElement\":[{\"@type\":\"ListItem\",\"position\":1,\"name\":\"Accueil\",\"item\":\"https:\/\/centcols.org\/\"},{\"@type\":\"ListItem\",\"position\":2,\"name\":\"Cols en vrac\",\"item\":\"https:\/\/centcols.org\/rubrique\/cols-en-vrac\/\"},{\"@type\":\"ListItem\",\"position\":3,\"name\":\"Col du Souchet\"}]},{\"@type\":\"WebSite\",\"@id\":\"https:\/\/centcols.org\/#website\",\"url\":\"https:\/\/centcols.org\/\",\"name\":\"Club des Cent Cols\",\"description\":\"\",\"publisher\":{\"@id\":\"https:\/\/centcols.org\/#organization\"},\"potentialAction\":[{\"@type\":\"SearchAction\",\"target\":{\"@type\":\"EntryPoint\",\"urlTemplate\":\"https:\/\/centcols.org\/?s={search_term_string}\"},\"query-input\":{\"@type\":\"PropertyValueSpecification\",\"valueRequired\":true,\"valueName\":\"search_term_string\"}}],\"inLanguage\":\"en-GB\"},{\"@type\":\"Organization\",\"@id\":\"https:\/\/centcols.org\/#organization\",\"name\":\"Club des Cent Cols\",\"url\":\"https:\/\/centcols.org\/\",\"logo\":{\"@type\":\"ImageObject\",\"inLanguage\":\"en-GB\",\"@id\":\"https:\/\/centcols.org\/#\/schema\/logo\/image\/\",\"url\":\"https:\/\/centcols.org\/wp-content\/uploads\/2025\/01\/carte-icone.png\",\"contentUrl\":\"https:\/\/centcols.org\/wp-content\/uploads\/2025\/01\/carte-icone.png\",\"width\":250,\"height\":250,\"caption\":\"Club des Cent Cols\"},\"image\":{\"@id\":\"https:\/\/centcols.org\/#\/schema\/logo\/image\/\"},\"sameAs\":[\"https:\/\/www.facebook.com\/groups\/5261880558\/?locale=fr_FR\"]},{\"@type\":\"Person\",\"@id\":\"https:\/\/centcols.org\/#\/schema\/person\/30f4299f11521fed498f98ecf9d71664\",\"name\":\"Jean-No\u00ebl Jagoda\",\"image\":{\"@type\":\"ImageObject\",\"inLanguage\":\"en-GB\",\"@id\":\"https:\/\/centcols.org\/wp-content\/litespeed\/avatar\/4a9472068cd97156227754c35cd56ded.jpg?ver=1777248804\",\"url\":\"https:\/\/centcols.org\/wp-content\/litespeed\/avatar\/4a9472068cd97156227754c35cd56ded.jpg?ver=1777248804\",\"contentUrl\":\"https:\/\/centcols.org\/wp-content\/litespeed\/avatar\/4a9472068cd97156227754c35cd56ded.jpg?ver=1777248804\",\"caption\":\"Jean-No\u00ebl Jagoda\"},\"url\":\"https:\/\/centcols.org\/en\/author\/7270\/\"}]}<\/script>\n<!-- \/ Yoast SEO plugin. -->","yoast_head_json":{"title":"Col du Souchet - Club des Cent Cols","robots":{"index":"index","follow":"follow","max-snippet":"max-snippet:-1","max-image-preview":"max-image-preview:large","max-video-preview":"max-video-preview:-1"},"canonical":"https:\/\/centcols.org\/en\/col-du-souchet\/","og_locale":"en_GB","og_type":"article","og_title":"Col du Souchet - Club des Cent Cols","og_description":"Sur le plan esth\u00e9tique, le col du Souchet (FR-05-2365) est, sans doute, un des plus beaux qui s&rsquo;offre \u00e0 nos app\u00e9tits dans les Alpes du nord. Il se niche sur le plateau d&rsquo; Emparis (ou de Paris) et fait face au massif de la Meije et ses glaciers. On peut l&rsquo;inclure dans un circuit en [&hellip;]","og_url":"https:\/\/centcols.org\/en\/col-du-souchet\/","og_site_name":"Club des Cent Cols","article_publisher":"https:\/\/www.facebook.com\/groups\/5261880558\/?locale=fr_FR","article_published_time":"2026-02-01T15:53:37+00:00","article_modified_time":"2026-02-13T20:39:23+00:00","og_image":[{"width":800,"height":600,"url":"https:\/\/centcols.org\/wp-content\/uploads\/2026\/02\/4301.jpg","type":"image\/jpeg"}],"author":"Jean-No\u00ebl Jagoda","twitter_card":"summary_large_image","twitter_misc":{"Written by":"Jean-No\u00ebl Jagoda","Estimated reading time":"5 minutes"},"schema":{"@context":"https:\/\/schema.org","@graph":[{"@type":"Article","@id":"https:\/\/centcols.org\/col-du-souchet\/#article","isPartOf":{"@id":"https:\/\/centcols.org\/col-du-souchet\/"},"author":{"name":"Jean-No\u00ebl Jagoda","@id":"https:\/\/centcols.org\/#\/schema\/person\/30f4299f11521fed498f98ecf9d71664"},"headline":"Col du Souchet","datePublished":"2026-02-01T15:53:37+00:00","dateModified":"2026-02-13T20:39:23+00:00","mainEntityOfPage":{"@id":"https:\/\/centcols.org\/col-du-souchet\/"},"wordCount":669,"publisher":{"@id":"https:\/\/centcols.org\/#organization"},"image":{"@id":"https:\/\/centcols.org\/col-du-souchet\/#primaryimage"},"thumbnailUrl":"https:\/\/centcols.org\/wp-content\/uploads\/2026\/02\/4301.jpg","articleSection":["Cols en vrac"],"inLanguage":"en-GB"},{"@type":"WebPage","@id":"https:\/\/centcols.org\/col-du-souchet\/","url":"https:\/\/centcols.org\/col-du-souchet\/","name":"Col du Souchet - Club des Cent Cols","isPartOf":{"@id":"https:\/\/centcols.org\/#website"},"primaryImageOfPage":{"@id":"https:\/\/centcols.org\/col-du-souchet\/#primaryimage"},"image":{"@id":"https:\/\/centcols.org\/col-du-souchet\/#primaryimage"},"thumbnailUrl":"https:\/\/centcols.org\/wp-content\/uploads\/2026\/02\/4301.jpg","datePublished":"2026-02-01T15:53:37+00:00","dateModified":"2026-02-13T20:39:23+00:00","breadcrumb":{"@id":"https:\/\/centcols.org\/col-du-souchet\/#breadcrumb"},"inLanguage":"en-GB","potentialAction":[{"@type":"ReadAction","target":["https:\/\/centcols.org\/col-du-souchet\/"]}]},{"@type":"ImageObject","inLanguage":"en-GB","@id":"https:\/\/centcols.org\/col-du-souchet\/#primaryimage","url":"https:\/\/centcols.org\/wp-content\/uploads\/2026\/02\/4301.jpg","contentUrl":"https:\/\/centcols.org\/wp-content\/uploads\/2026\/02\/4301.jpg","width":800,"height":600,"caption":"La Meije et le R\u00e2teau vus du Col du souchet 2356m"},{"@type":"BreadcrumbList","@id":"https:\/\/centcols.org\/col-du-souchet\/#breadcrumb","itemListElement":[{"@type":"ListItem","position":1,"name":"Accueil","item":"https:\/\/centcols.org\/"},{"@type":"ListItem","position":2,"name":"Cols en vrac","item":"https:\/\/centcols.org\/rubrique\/cols-en-vrac\/"},{"@type":"ListItem","position":3,"name":"Col du Souchet"}]},{"@type":"WebSite","@id":"https:\/\/centcols.org\/#website","url":"https:\/\/centcols.org\/","name":"Club des Cent Cols","description":"","publisher":{"@id":"https:\/\/centcols.org\/#organization"},"potentialAction":[{"@type":"SearchAction","target":{"@type":"EntryPoint","urlTemplate":"https:\/\/centcols.org\/?s={search_term_string}"},"query-input":{"@type":"PropertyValueSpecification","valueRequired":true,"valueName":"search_term_string"}}],"inLanguage":"en-GB"},{"@type":"Organization","@id":"https:\/\/centcols.org\/#organization","name":"Club des Cent Cols","url":"https:\/\/centcols.org\/","logo":{"@type":"ImageObject","inLanguage":"en-GB","@id":"https:\/\/centcols.org\/#\/schema\/logo\/image\/","url":"https:\/\/centcols.org\/wp-content\/uploads\/2025\/01\/carte-icone.png","contentUrl":"https:\/\/centcols.org\/wp-content\/uploads\/2025\/01\/carte-icone.png","width":250,"height":250,"caption":"Club des Cent Cols"},"image":{"@id":"https:\/\/centcols.org\/#\/schema\/logo\/image\/"},"sameAs":["https:\/\/www.facebook.com\/groups\/5261880558\/?locale=fr_FR"]},{"@type":"Person","@id":"https:\/\/centcols.org\/#\/schema\/person\/30f4299f11521fed498f98ecf9d71664","name":"Jean-No\u00ebl Jagoda","image":{"@type":"ImageObject","inLanguage":"en-GB","@id":"https:\/\/centcols.org\/wp-content\/litespeed\/avatar\/4a9472068cd97156227754c35cd56ded.jpg?ver=1777248804","url":"https:\/\/centcols.org\/wp-content\/litespeed\/avatar\/4a9472068cd97156227754c35cd56ded.jpg?ver=1777248804","contentUrl":"https:\/\/centcols.org\/wp-content\/litespeed\/avatar\/4a9472068cd97156227754c35cd56ded.jpg?ver=1777248804","caption":"Jean-No\u00ebl Jagoda"},"url":"https:\/\/centcols.org\/en\/author\/7270\/"}]}},"_links":{"self":[{"href":"https:\/\/centcols.org\/en\/wp-json\/wp\/v2\/posts\/93274","targetHints":{"allow":["GET"]}}],"collection":[{"href":"https:\/\/centcols.org\/en\/wp-json\/wp\/v2\/posts"}],"about":[{"href":"https:\/\/centcols.org\/en\/wp-json\/wp\/v2\/types\/post"}],"author":[{"embeddable":true,"href":"https:\/\/centcols.org\/en\/wp-json\/wp\/v2\/users\/485"}],"replies":[{"embeddable":true,"href":"https:\/\/centcols.org\/en\/wp-json\/wp\/v2\/comments?post=93274"}],"version-history":[{"count":0,"href":"https:\/\/centcols.org\/en\/wp-json\/wp\/v2\/posts\/93274\/revisions"}],"wp:featuredmedia":[{"embeddable":true,"href":"https:\/\/centcols.org\/en\/wp-json\/wp\/v2\/media\/93442"}],"wp:attachment":[{"href":"https:\/\/centcols.org\/en\/wp-json\/wp\/v2\/media?parent=93274"}],"wp:term":[{"taxonomy":"category","embeddable":true,"href":"https:\/\/centcols.org\/en\/wp-json\/wp\/v2\/categories?post=93274"},{"taxonomy":"post_tag","embeddable":true,"href":"https:\/\/centcols.org\/en\/wp-json\/wp\/v2\/tags?post=93274"}],"curies":[{"name":"wp","href":"https:\/\/api.w.org\/{rel}","templated":true}]}}