{"id":93328,"date":"2026-02-01T16:20:15","date_gmt":"2026-02-01T14:20:15","guid":{"rendered":"https:\/\/centcols.org\/?p=93328"},"modified":"2026-02-01T22:15:21","modified_gmt":"2026-02-01T20:15:21","slug":"col-vallee-etroite","status":"publish","type":"post","link":"https:\/\/centcols.org\/en\/col-vallee-etroite\/","title":{"rendered":"The Vall\u00e9e \u00c9troite pass"},"content":{"rendered":"<p>The Vall\u00e9e \u00c9troite pass (<a href=\"\/en\/util\/geo\/visu.php\/?code=FR-05-2445c\" type=\"link\" id=\"\/util\/geo\/visu.php?code=FR-05-2445c\">FR-05-2445c<\/a>) is a discreet pass, overshadowed by its more famous neighbours: to the west, the Col des Rochilles (<a href=\"\/en\/util\/geo\/visu.php\/?code=FR-73-2496\" type=\"link\" id=\"\/util\/geo\/visu.php?code=FR-73-2496\">FR-05-2496<\/a>) and to the east, the Fr\u00e9jus pass (<a href=\"\/en\/util\/geo\/visu.php\/?code=FR-73-2540\" type=\"link\" id=\"\/util\/geo\/visu.php?code=FR-73-2540\">FR-73-2540<\/a> or <a href=\"\/en\/util\/geo\/visu.php\/?code=IT-TO-2540\" type=\"link\" id=\"\/util\/geo\/visu.php?code=IT-TO-2540\">IT-TO-2540<\/a>). Yet this pass is one of the oldest traditional crossings between the Maurienne (Modane) and the Piedmont (Bardon\u00e8che) at the foot of the magnificent Mont Thabor (3178m).<\/p>\n\n\n\n<p>The Vall\u00e9e \u00c9troite pass was included in the 30-40 years of the XX<sup>e<\/sup> At the time, it was a border pass and part of the \u00abMaginot Line\u00bb of the Alps. Since the Franco-Italian agreements of 1947, the border has been extended to just a few kilometres from Melezet, placing the Vall\u00e9e \u00c9troite in France's hands. Although there are no soldiers here, the pass is now used by many hikers on the GR5. The Vall\u00e9e \u00c9troite pass can be climbed on either side.<\/p>\n\n\n\n<p>Here's a glimpse of its southern face. Leave Melezet on a beautiful road that climbs a first ramp to reach the small plain of Pian de Colle. On the right, on the slope, the laces of the Col de l'\u00c9chelle (<a href=\"\/en\/util\/geo\/visu.php\/?code=FR-05-1762\" type=\"link\" id=\"\/util\/geo\/visu.php?code=FR-05-1762\">FR-05-1762<\/a>) that takes you into the Clar\u00e9e valley towards N\u00e9vache. After crossing the (symbolic) border, a second steep ramp runs alongside a small dam. Five hairpin bends higher, the tarmac gives way to a wide R1 track that eventually leads into the Plaine de Vauzenet. This will be the case throughout the ascent, which takes place in successive steps like a giant staircase.<\/p>\n\n\n\n<p>The valley is magnificent, and those in the know will see it as a typical glacial valley, with its vertical walls and feet cluttered with mighty scree. The larch trees are everywhere, reflecting the dry, sunny climate, and the clear waters of the torrent, which the trail mostly follows, add to the charm. After a sheepfold (elevation 1711m), the tarmac reappears and four hairpin bends later you reach the \u00abGranges de La vall\u00e9e \u00c9troite\u00bb, the starting point for many hikes. There are some welcoming refuges here and you can eat something to build up your strength for what's to come... Don't take the track that runs between the houses, instead go around the hamlet on the slope to the left (GR5 markings). The track is still very cycleable as far as the Pont de la Fonderie (at the foot of old mines). Be careful, this bridge is not the one that is clearly visible on the right (elevation 1697m), it is hidden under the larches, further upstream (follow the signs). This is where the most demanding part of the climb begins (see 1 on the attached map).<\/p>\n\n\n\n<figure class=\"wp-block-gallery has-nested-images columns-default is-cropped wp-block-gallery-1 is-layout-flex wp-block-gallery-is-layout-flex\">\n<figure class=\"wp-block-image size-full\"><img loading=\"lazy\" decoding=\"async\" width=\"244\" height=\"502\" data-id=\"93340\" src=\"https:\/\/centcols.org\/wp-content\/uploads\/2026\/02\/vallee_etroite_carte_debut.jpg\" alt=\"\" class=\"wp-image-93340\" srcset=\"https:\/\/centcols.org\/wp-content\/uploads\/2026\/02\/vallee_etroite_carte_debut.jpg 244w, https:\/\/centcols.org\/wp-content\/uploads\/2026\/02\/vallee_etroite_carte_debut-6x12.jpg 6w\" sizes=\"auto, (max-width: 244px) 100vw, 244px\" \/><figcaption class=\"wp-element-caption\"><br><br><br>IGN<\/figcaption><\/figure>\n\n\n\n<figure class=\"wp-block-image size-full\"><img loading=\"lazy\" decoding=\"async\" width=\"374\" height=\"420\" data-id=\"93341\" src=\"https:\/\/centcols.org\/wp-content\/uploads\/2026\/02\/vallee_etroite_carte_sommet.jpg\" alt=\"\" class=\"wp-image-93341\" srcset=\"https:\/\/centcols.org\/wp-content\/uploads\/2026\/02\/vallee_etroite_carte_sommet.jpg 374w, https:\/\/centcols.org\/wp-content\/uploads\/2026\/02\/vallee_etroite_carte_sommet-11x12.jpg 11w\" sizes=\"auto, (max-width: 374px) 100vw, 374px\" \/><figcaption class=\"wp-element-caption\">IGN<\/figcaption><\/figure>\n<\/figure>\n\n\n\n<p>From now on there is only one path. It starts with an S3 push for about 250m, then follows an S2 landing, before crossing a fairly steep glacial lock: S3-4 for 500m. But what a view from the top! Glacial erosion has left behind some beautiful, typical mottled rock. The path becomes partly cycleable again and gently slopes down into the Vallon and Plaine de Tavernette where the torrent meanders, while Mont Thabor keeps watch on the left. The countryside is wild and the scenery magnificent. But this bliss soon comes up against the second difficulty of the climb (see 2 on the attached map). We have to cross a final lock on a path strewn with boulders (S3-4 for around 500m), but phew! The main part is done and we reach the col (2445m) fairly quickly without too much difficulty (S1, S2). The scenery at the summit is magnificent, very wild. To the west, you can see the Mont Thabor refuge and, heading in that direction, it takes five minutes to reach the Passage Sainte-Marguerite, marked by a cross.<\/p>\n\n\n\n<figure class=\"wp-block-gallery has-nested-images columns-default is-cropped wp-block-gallery-2 is-layout-flex wp-block-gallery-is-layout-flex\">\n<figure class=\"wp-block-image size-full\"><img loading=\"lazy\" decoding=\"async\" width=\"348\" height=\"542\" data-id=\"93347\" src=\"https:\/\/centcols.org\/wp-content\/uploads\/2026\/02\/vallee_etroite_photo1.jpg\" alt=\"\" class=\"wp-image-93347\" srcset=\"https:\/\/centcols.org\/wp-content\/uploads\/2026\/02\/vallee_etroite_photo1.jpg 348w, https:\/\/centcols.org\/wp-content\/uploads\/2026\/02\/vallee_etroite_photo1-8x12.jpg 8w\" sizes=\"auto, (max-width: 348px) 100vw, 348px\" \/><figcaption class=\"wp-element-caption\">Fonderie bridge (1910m) over the Vall\u00e9e \u00c9troite stream<\/figcaption><\/figure>\n\n\n\n<figure class=\"wp-block-image size-full\"><img loading=\"lazy\" decoding=\"async\" width=\"352\" height=\"534\" data-id=\"93348\" src=\"https:\/\/centcols.org\/wp-content\/uploads\/2026\/02\/vallee_etroite_photo2.jpg\" alt=\"\" class=\"wp-image-93348\" srcset=\"https:\/\/centcols.org\/wp-content\/uploads\/2026\/02\/vallee_etroite_photo2.jpg 352w, https:\/\/centcols.org\/wp-content\/uploads\/2026\/02\/vallee_etroite_photo2-8x12.jpg 8w\" sizes=\"auto, (max-width: 352px) 100vw, 352px\" \/><figcaption class=\"wp-element-caption\">First tricky section (marked on the map: 1). S3-4 for around 500m<\/figcaption><\/figure>\n<\/figure>\n\n\n\n<figure class=\"wp-block-gallery has-nested-images columns-default is-cropped wp-block-gallery-3 is-layout-flex wp-block-gallery-is-layout-flex\">\n<figure class=\"wp-block-image size-full\"><img loading=\"lazy\" decoding=\"async\" width=\"356\" height=\"534\" data-id=\"93349\" src=\"https:\/\/centcols.org\/wp-content\/uploads\/2026\/02\/vallee_etroite_photo3.jpg\" alt=\"\" class=\"wp-image-93349\" srcset=\"https:\/\/centcols.org\/wp-content\/uploads\/2026\/02\/vallee_etroite_photo3.jpg 356w, https:\/\/centcols.org\/wp-content\/uploads\/2026\/02\/vallee_etroite_photo3-8x12.jpg 8w\" sizes=\"auto, (max-width: 356px) 100vw, 356px\" \/><figcaption class=\"wp-element-caption\">Back on the bike (S1-2) after the 2<sup>e<\/sup> delicate passage (S3-4)<br>over a distance of approximately 400m, located on the map in 2<\/figcaption><\/figure>\n\n\n\n<figure class=\"wp-block-image size-full\"><img loading=\"lazy\" decoding=\"async\" width=\"526\" height=\"360\" data-id=\"93351\" src=\"https:\/\/centcols.org\/wp-content\/uploads\/2026\/02\/vallee_etroite_photo4.jpg\" alt=\"\" class=\"wp-image-93351\" srcset=\"https:\/\/centcols.org\/wp-content\/uploads\/2026\/02\/vallee_etroite_photo4.jpg 526w, https:\/\/centcols.org\/wp-content\/uploads\/2026\/02\/vallee_etroite_photo4-18x12.jpg 18w\" sizes=\"auto, (max-width: 526px) 100vw, 526px\" \/><figcaption class=\"wp-element-caption\">Summit of the Vall\u00e9e \u00c9troite pass (2445m).<br> Access to the Passage on the right<br>Sainte Marguerite (2434m). Mont Thabor refuge about 20 minutes away<\/figcaption><\/figure>\n<\/figure>\n\n\n\n<p>The descent to the other side of the Col de la Vall\u00e9e \u00c9troite is made at 90% on the bike. Take a path S1-2 to the right and you will come out above the Col de la Replanette (<a href=\"\/en\/util\/geo\/visu.php\/?code=FR-73-2338\" type=\"link\" id=\"\/util\/geo\/visu.php?code=FR-73-2338\">FR-73-2338<\/a>) and from this pass, through the alpine pastures (HS1), we find a track R1-2 then R1 to the chalet de la Replanette. Then begins a sumptuous descent to the resort of Le Charmaix, where you return to tarmac and Modane at the bottom of the Maurienne valley (1400m ascent from the Col de la Vall\u00e9e \u00c9troite!).<\/p>\n\n\n\n<figure class=\"wp-block-image size-full\"><img loading=\"lazy\" decoding=\"async\" width=\"344\" height=\"518\" src=\"https:\/\/centcols.org\/wp-content\/uploads\/2026\/02\/vallee_etroite_photo5.jpg\" alt=\"\" class=\"wp-image-93357\" srcset=\"https:\/\/centcols.org\/wp-content\/uploads\/2026\/02\/vallee_etroite_photo5.jpg 344w, https:\/\/centcols.org\/wp-content\/uploads\/2026\/02\/vallee_etroite_photo5-8x12.jpg 8w\" sizes=\"auto, (max-width: 344px) 100vw, 344px\" \/><figcaption class=\"wp-element-caption\">Col de la Vall\u00e9e \u00c9troite: north side. The S2 path is clearly visible.<br>Photo taken from the S1-2 path leading to the Replanette pass<\/figcaption><\/figure>\n\n\n\n<figure class=\"wp-block-image size-full\"><img loading=\"lazy\" decoding=\"async\" width=\"526\" height=\"356\" src=\"https:\/\/centcols.org\/wp-content\/uploads\/2026\/02\/vallee_etroite_photo6.jpg\" alt=\"\" class=\"wp-image-93358\" srcset=\"https:\/\/centcols.org\/wp-content\/uploads\/2026\/02\/vallee_etroite_photo6.jpg 526w, https:\/\/centcols.org\/wp-content\/uploads\/2026\/02\/vallee_etroite_photo6-18x12.jpg 18w\" sizes=\"auto, (max-width: 526px) 100vw, 526px\" \/><figcaption class=\"wp-element-caption\">View looking north from the Col de la Replanette footpath.<br>The chalet at La Replanette can be seen<\/figcaption><\/figure>\n\n\n\n<figure class=\"wp-block-image size-full is-resized\"><img loading=\"lazy\" decoding=\"async\" width=\"450\" height=\"275\" src=\"https:\/\/centcols.org\/wp-content\/uploads\/2026\/02\/vallee_etroite_profil.jpg\" alt=\"\" class=\"wp-image-93359\" style=\"width:546px;height:auto\" srcset=\"https:\/\/centcols.org\/wp-content\/uploads\/2026\/02\/vallee_etroite_profil.jpg 450w, https:\/\/centcols.org\/wp-content\/uploads\/2026\/02\/vallee_etroite_profil-18x12.jpg 18w\" sizes=\"auto, (max-width: 450px) 100vw, 450px\" \/><\/figure>\n\n\n\n<p>Text and photos by Ren\u00e9 Poty<\/p>\n\n\n\n<p><\/p>","protected":false},"excerpt":{"rendered":"<p>Le col de la Vall\u00e9e \u00c9troite (FR-05-2445c) est un col discret, \u00e9clips\u00e9 par ses voisins plus c\u00e9l\u00e8bres : \u00e0 l&rsquo;ouest, le col des Rochilles (FR-05-2496) et \u00e0 l&rsquo;est, le col du Fr\u00e9jus (FR-73-2540 ou IT-TO-2540). Ce col est pourtant un des passages traditionnels les plus anciens entre la Maurienne (Modane) et le Pi\u00e9mont (Bardon\u00e8che) au [&hellip;]<\/p>\n","protected":false},"author":682,"featured_media":93361,"comment_status":"closed","ping_status":"closed","sticky":false,"template":"","format":"standard","meta":{"_acf_changed":false,"footnotes":""},"categories":[308],"tags":[],"class_list":["post-93328","post","type-post","status-publish","format-standard","has-post-thumbnail","hentry","category-cols-en-vrac"],"acf":[],"yoast_head":"<!-- This site is optimized with the Yoast SEO plugin v27.2 - https:\/\/yoast.com\/product\/yoast-seo-wordpress\/ -->\n<title>Le col de la Vall\u00e9e \u00c9troite - Club des Cent Cols<\/title>\n<meta name=\"robots\" content=\"index, follow, max-snippet:-1, max-image-preview:large, max-video-preview:-1\" \/>\n<link rel=\"canonical\" href=\"https:\/\/centcols.org\/en\/col-vallee-etroite\/\" \/>\n<meta property=\"og:locale\" content=\"en_GB\" \/>\n<meta property=\"og:type\" content=\"article\" \/>\n<meta property=\"og:title\" content=\"Le col de la Vall\u00e9e \u00c9troite - Club des Cent Cols\" \/>\n<meta property=\"og:description\" content=\"Le col de la Vall\u00e9e \u00c9troite (FR-05-2445c) est un col discret, \u00e9clips\u00e9 par ses voisins plus c\u00e9l\u00e8bres : \u00e0 l&rsquo;ouest, le col des Rochilles (FR-05-2496) et \u00e0 l&rsquo;est, le col du Fr\u00e9jus (FR-73-2540 ou IT-TO-2540). Ce col est pourtant un des passages traditionnels les plus anciens entre la Maurienne (Modane) et le Pi\u00e9mont (Bardon\u00e8che) au [&hellip;]\" \/>\n<meta property=\"og:url\" content=\"https:\/\/centcols.org\/en\/col-vallee-etroite\/\" \/>\n<meta property=\"og:site_name\" content=\"Club des Cent Cols\" \/>\n<meta property=\"article:publisher\" content=\"https:\/\/www.facebook.com\/groups\/5261880558\/?locale=fr_FR\" \/>\n<meta property=\"article:published_time\" content=\"2026-02-01T14:20:15+00:00\" \/>\n<meta property=\"article:modified_time\" content=\"2026-02-01T20:15:21+00:00\" \/>\n<meta property=\"og:image\" content=\"https:\/\/centcols.org\/wp-content\/uploads\/2026\/02\/vallee_etroite_mise_en_avant.jpg\" \/>\n\t<meta property=\"og:image:width\" content=\"799\" \/>\n\t<meta property=\"og:image:height\" content=\"599\" \/>\n\t<meta property=\"og:image:type\" content=\"image\/jpeg\" \/>\n<meta name=\"author\" content=\"Paul Levart\" \/>\n<meta name=\"twitter:card\" content=\"summary_large_image\" \/>\n<meta name=\"twitter:label1\" content=\"Written by\" \/>\n\t<meta name=\"twitter:data1\" content=\"Paul Levart\" \/>\n\t<meta name=\"twitter:label2\" content=\"Estimated reading time\" \/>\n\t<meta name=\"twitter:data2\" content=\"7 minutes\" \/>\n<script type=\"application\/ld+json\" class=\"yoast-schema-graph\">{\"@context\":\"https:\/\/schema.org\",\"@graph\":[{\"@type\":\"Article\",\"@id\":\"https:\/\/centcols.org\/col-vallee-etroite\/#article\",\"isPartOf\":{\"@id\":\"https:\/\/centcols.org\/col-vallee-etroite\/\"},\"author\":{\"name\":\"Paul Levart\",\"@id\":\"https:\/\/centcols.org\/#\/schema\/person\/f69e64d42a30af00fb46d8cf7a1d9945\"},\"headline\":\"Le col de la Vall\u00e9e \u00c9troite\",\"datePublished\":\"2026-02-01T14:20:15+00:00\",\"dateModified\":\"2026-02-01T20:15:21+00:00\",\"mainEntityOfPage\":{\"@id\":\"https:\/\/centcols.org\/col-vallee-etroite\/\"},\"wordCount\":916,\"publisher\":{\"@id\":\"https:\/\/centcols.org\/#organization\"},\"image\":{\"@id\":\"https:\/\/centcols.org\/col-vallee-etroite\/#primaryimage\"},\"thumbnailUrl\":\"https:\/\/centcols.org\/wp-content\/uploads\/2026\/02\/vallee_etroite_mise_en_avant.jpg\",\"articleSection\":[\"Cols en vrac\"],\"inLanguage\":\"en-GB\"},{\"@type\":\"WebPage\",\"@id\":\"https:\/\/centcols.org\/col-vallee-etroite\/\",\"url\":\"https:\/\/centcols.org\/col-vallee-etroite\/\",\"name\":\"Le col de la Vall\u00e9e \u00c9troite - Club des Cent Cols\",\"isPartOf\":{\"@id\":\"https:\/\/centcols.org\/#website\"},\"primaryImageOfPage\":{\"@id\":\"https:\/\/centcols.org\/col-vallee-etroite\/#primaryimage\"},\"image\":{\"@id\":\"https:\/\/centcols.org\/col-vallee-etroite\/#primaryimage\"},\"thumbnailUrl\":\"https:\/\/centcols.org\/wp-content\/uploads\/2026\/02\/vallee_etroite_mise_en_avant.jpg\",\"datePublished\":\"2026-02-01T14:20:15+00:00\",\"dateModified\":\"2026-02-01T20:15:21+00:00\",\"breadcrumb\":{\"@id\":\"https:\/\/centcols.org\/col-vallee-etroite\/#breadcrumb\"},\"inLanguage\":\"en-GB\",\"potentialAction\":[{\"@type\":\"ReadAction\",\"target\":[\"https:\/\/centcols.org\/col-vallee-etroite\/\"]}]},{\"@type\":\"ImageObject\",\"inLanguage\":\"en-GB\",\"@id\":\"https:\/\/centcols.org\/col-vallee-etroite\/#primaryimage\",\"url\":\"https:\/\/centcols.org\/wp-content\/uploads\/2026\/02\/vallee_etroite_mise_en_avant.jpg\",\"contentUrl\":\"https:\/\/centcols.org\/wp-content\/uploads\/2026\/02\/vallee_etroite_mise_en_avant.jpg\",\"width\":799,\"height\":599},{\"@type\":\"BreadcrumbList\",\"@id\":\"https:\/\/centcols.org\/col-vallee-etroite\/#breadcrumb\",\"itemListElement\":[{\"@type\":\"ListItem\",\"position\":1,\"name\":\"Accueil\",\"item\":\"https:\/\/centcols.org\/\"},{\"@type\":\"ListItem\",\"position\":2,\"name\":\"Cols en vrac\",\"item\":\"https:\/\/centcols.org\/rubrique\/cols-en-vrac\/\"},{\"@type\":\"ListItem\",\"position\":3,\"name\":\"Le col de la Vall\u00e9e \u00c9troite\"}]},{\"@type\":\"WebSite\",\"@id\":\"https:\/\/centcols.org\/#website\",\"url\":\"https:\/\/centcols.org\/\",\"name\":\"Club des Cent Cols\",\"description\":\"\",\"publisher\":{\"@id\":\"https:\/\/centcols.org\/#organization\"},\"potentialAction\":[{\"@type\":\"SearchAction\",\"target\":{\"@type\":\"EntryPoint\",\"urlTemplate\":\"https:\/\/centcols.org\/?s={search_term_string}\"},\"query-input\":{\"@type\":\"PropertyValueSpecification\",\"valueRequired\":true,\"valueName\":\"search_term_string\"}}],\"inLanguage\":\"en-GB\"},{\"@type\":\"Organization\",\"@id\":\"https:\/\/centcols.org\/#organization\",\"name\":\"Club des Cent Cols\",\"url\":\"https:\/\/centcols.org\/\",\"logo\":{\"@type\":\"ImageObject\",\"inLanguage\":\"en-GB\",\"@id\":\"https:\/\/centcols.org\/#\/schema\/logo\/image\/\",\"url\":\"https:\/\/centcols.org\/wp-content\/uploads\/2025\/01\/carte-icone.png\",\"contentUrl\":\"https:\/\/centcols.org\/wp-content\/uploads\/2025\/01\/carte-icone.png\",\"width\":250,\"height\":250,\"caption\":\"Club des Cent Cols\"},\"image\":{\"@id\":\"https:\/\/centcols.org\/#\/schema\/logo\/image\/\"},\"sameAs\":[\"https:\/\/www.facebook.com\/groups\/5261880558\/?locale=fr_FR\"]},{\"@type\":\"Person\",\"@id\":\"https:\/\/centcols.org\/#\/schema\/person\/f69e64d42a30af00fb46d8cf7a1d9945\",\"name\":\"Paul Levart\",\"image\":{\"@type\":\"ImageObject\",\"inLanguage\":\"en-GB\",\"@id\":\"https:\/\/centcols.org\/wp-content\/litespeed\/avatar\/b81f27ef11f03e8b6b3b3019b1b2b4d7.jpg?ver=1777205446\",\"url\":\"https:\/\/centcols.org\/wp-content\/litespeed\/avatar\/b81f27ef11f03e8b6b3b3019b1b2b4d7.jpg?ver=1777205446\",\"contentUrl\":\"https:\/\/centcols.org\/wp-content\/litespeed\/avatar\/b81f27ef11f03e8b6b3b3019b1b2b4d7.jpg?ver=1777205446\",\"caption\":\"Paul Levart\"},\"url\":\"https:\/\/centcols.org\/en\/author\/4953\/\"}]}<\/script>\n<!-- \/ Yoast SEO plugin. -->","yoast_head_json":{"title":"The Vall\u00e9e \u00c9troite Pass - Club des Cent Cols","robots":{"index":"index","follow":"follow","max-snippet":"max-snippet:-1","max-image-preview":"max-image-preview:large","max-video-preview":"max-video-preview:-1"},"canonical":"https:\/\/centcols.org\/en\/col-vallee-etroite\/","og_locale":"en_GB","og_type":"article","og_title":"Le col de la Vall\u00e9e \u00c9troite - Club des Cent Cols","og_description":"Le col de la Vall\u00e9e \u00c9troite (FR-05-2445c) est un col discret, \u00e9clips\u00e9 par ses voisins plus c\u00e9l\u00e8bres : \u00e0 l&rsquo;ouest, le col des Rochilles (FR-05-2496) et \u00e0 l&rsquo;est, le col du Fr\u00e9jus (FR-73-2540 ou IT-TO-2540). Ce col est pourtant un des passages traditionnels les plus anciens entre la Maurienne (Modane) et le Pi\u00e9mont (Bardon\u00e8che) au [&hellip;]","og_url":"https:\/\/centcols.org\/en\/col-vallee-etroite\/","og_site_name":"Club des Cent Cols","article_publisher":"https:\/\/www.facebook.com\/groups\/5261880558\/?locale=fr_FR","article_published_time":"2026-02-01T14:20:15+00:00","article_modified_time":"2026-02-01T20:15:21+00:00","og_image":[{"width":799,"height":599,"url":"https:\/\/centcols.org\/wp-content\/uploads\/2026\/02\/vallee_etroite_mise_en_avant.jpg","type":"image\/jpeg"}],"author":"Paul Levart","twitter_card":"summary_large_image","twitter_misc":{"Written by":"Paul Levart","Estimated reading time":"7 minutes"},"schema":{"@context":"https:\/\/schema.org","@graph":[{"@type":"Article","@id":"https:\/\/centcols.org\/col-vallee-etroite\/#article","isPartOf":{"@id":"https:\/\/centcols.org\/col-vallee-etroite\/"},"author":{"name":"Paul Levart","@id":"https:\/\/centcols.org\/#\/schema\/person\/f69e64d42a30af00fb46d8cf7a1d9945"},"headline":"Le col de la Vall\u00e9e \u00c9troite","datePublished":"2026-02-01T14:20:15+00:00","dateModified":"2026-02-01T20:15:21+00:00","mainEntityOfPage":{"@id":"https:\/\/centcols.org\/col-vallee-etroite\/"},"wordCount":916,"publisher":{"@id":"https:\/\/centcols.org\/#organization"},"image":{"@id":"https:\/\/centcols.org\/col-vallee-etroite\/#primaryimage"},"thumbnailUrl":"https:\/\/centcols.org\/wp-content\/uploads\/2026\/02\/vallee_etroite_mise_en_avant.jpg","articleSection":["Cols en vrac"],"inLanguage":"en-GB"},{"@type":"WebPage","@id":"https:\/\/centcols.org\/col-vallee-etroite\/","url":"https:\/\/centcols.org\/col-vallee-etroite\/","name":"The Vall\u00e9e \u00c9troite Pass - Club des Cent Cols","isPartOf":{"@id":"https:\/\/centcols.org\/#website"},"primaryImageOfPage":{"@id":"https:\/\/centcols.org\/col-vallee-etroite\/#primaryimage"},"image":{"@id":"https:\/\/centcols.org\/col-vallee-etroite\/#primaryimage"},"thumbnailUrl":"https:\/\/centcols.org\/wp-content\/uploads\/2026\/02\/vallee_etroite_mise_en_avant.jpg","datePublished":"2026-02-01T14:20:15+00:00","dateModified":"2026-02-01T20:15:21+00:00","breadcrumb":{"@id":"https:\/\/centcols.org\/col-vallee-etroite\/#breadcrumb"},"inLanguage":"en-GB","potentialAction":[{"@type":"ReadAction","target":["https:\/\/centcols.org\/col-vallee-etroite\/"]}]},{"@type":"ImageObject","inLanguage":"en-GB","@id":"https:\/\/centcols.org\/col-vallee-etroite\/#primaryimage","url":"https:\/\/centcols.org\/wp-content\/uploads\/2026\/02\/vallee_etroite_mise_en_avant.jpg","contentUrl":"https:\/\/centcols.org\/wp-content\/uploads\/2026\/02\/vallee_etroite_mise_en_avant.jpg","width":799,"height":599},{"@type":"BreadcrumbList","@id":"https:\/\/centcols.org\/col-vallee-etroite\/#breadcrumb","itemListElement":[{"@type":"ListItem","position":1,"name":"Accueil","item":"https:\/\/centcols.org\/"},{"@type":"ListItem","position":2,"name":"Cols en vrac","item":"https:\/\/centcols.org\/rubrique\/cols-en-vrac\/"},{"@type":"ListItem","position":3,"name":"Le col de la Vall\u00e9e \u00c9troite"}]},{"@type":"WebSite","@id":"https:\/\/centcols.org\/#website","url":"https:\/\/centcols.org\/","name":"Club des Cent Cols","description":"","publisher":{"@id":"https:\/\/centcols.org\/#organization"},"potentialAction":[{"@type":"SearchAction","target":{"@type":"EntryPoint","urlTemplate":"https:\/\/centcols.org\/?s={search_term_string}"},"query-input":{"@type":"PropertyValueSpecification","valueRequired":true,"valueName":"search_term_string"}}],"inLanguage":"en-GB"},{"@type":"Organization","@id":"https:\/\/centcols.org\/#organization","name":"Club des Cent Cols","url":"https:\/\/centcols.org\/","logo":{"@type":"ImageObject","inLanguage":"en-GB","@id":"https:\/\/centcols.org\/#\/schema\/logo\/image\/","url":"https:\/\/centcols.org\/wp-content\/uploads\/2025\/01\/carte-icone.png","contentUrl":"https:\/\/centcols.org\/wp-content\/uploads\/2025\/01\/carte-icone.png","width":250,"height":250,"caption":"Club des Cent Cols"},"image":{"@id":"https:\/\/centcols.org\/#\/schema\/logo\/image\/"},"sameAs":["https:\/\/www.facebook.com\/groups\/5261880558\/?locale=fr_FR"]},{"@type":"Person","@id":"https:\/\/centcols.org\/#\/schema\/person\/f69e64d42a30af00fb46d8cf7a1d9945","name":"Paul Levart","image":{"@type":"ImageObject","inLanguage":"en-GB","@id":"https:\/\/centcols.org\/wp-content\/litespeed\/avatar\/b81f27ef11f03e8b6b3b3019b1b2b4d7.jpg?ver=1777205446","url":"https:\/\/centcols.org\/wp-content\/litespeed\/avatar\/b81f27ef11f03e8b6b3b3019b1b2b4d7.jpg?ver=1777205446","contentUrl":"https:\/\/centcols.org\/wp-content\/litespeed\/avatar\/b81f27ef11f03e8b6b3b3019b1b2b4d7.jpg?ver=1777205446","caption":"Paul Levart"},"url":"https:\/\/centcols.org\/en\/author\/4953\/"}]}},"_links":{"self":[{"href":"https:\/\/centcols.org\/en\/wp-json\/wp\/v2\/posts\/93328","targetHints":{"allow":["GET"]}}],"collection":[{"href":"https:\/\/centcols.org\/en\/wp-json\/wp\/v2\/posts"}],"about":[{"href":"https:\/\/centcols.org\/en\/wp-json\/wp\/v2\/types\/post"}],"author":[{"embeddable":true,"href":"https:\/\/centcols.org\/en\/wp-json\/wp\/v2\/users\/682"}],"replies":[{"embeddable":true,"href":"https:\/\/centcols.org\/en\/wp-json\/wp\/v2\/comments?post=93328"}],"version-history":[{"count":0,"href":"https:\/\/centcols.org\/en\/wp-json\/wp\/v2\/posts\/93328\/revisions"}],"wp:featuredmedia":[{"embeddable":true,"href":"https:\/\/centcols.org\/en\/wp-json\/wp\/v2\/media\/93361"}],"wp:attachment":[{"href":"https:\/\/centcols.org\/en\/wp-json\/wp\/v2\/media?parent=93328"}],"wp:term":[{"taxonomy":"category","embeddable":true,"href":"https:\/\/centcols.org\/en\/wp-json\/wp\/v2\/categories?post=93328"},{"taxonomy":"post_tag","embeddable":true,"href":"https:\/\/centcols.org\/en\/wp-json\/wp\/v2\/tags?post=93328"}],"curies":[{"name":"wp","href":"https:\/\/api.w.org\/{rel}","templated":true}]}}