{"id":93373,"date":"2026-03-21T09:08:19","date_gmt":"2026-03-21T07:08:19","guid":{"rendered":"https:\/\/centcols.org\/?p=93373"},"modified":"2026-03-21T09:08:24","modified_gmt":"2026-03-21T07:08:24","slug":"mont-chaberton","status":"publish","type":"post","link":"https:\/\/centcols.org\/en\/le-mont-chaberton\/","title":{"rendered":"Mount Chaberton"},"content":{"rendered":"<p><em>Text and photo credits Philippe Girardin<\/em><\/p>\n\n\n\n<p>Mount Chaberton, which rises to 3131m, is a must for mountain bikers.<\/p>\n\n\n\n<p>Mount Chaberton and the Chaberton pass <a href=\"http:\/\/FR-05-2674\">(<\/a><a href=\"\/en\/util\/geo\/visu.php\/?code=FR-05-2674\">FR-05-2674<\/a><a href=\"http:\/\/FR-05-2674\">)<\/a> are reasonably accessible by mountain bike, despite the 1,900m vertical drop that prevents access from the Italian side. The track has been carefully resurfaced up to kilometre 10. The eleventh and final kilometre to the pass may soon be resurfaced. From the pass, there are three kilometres to the summit of Mont Chaberton, all of which can be covered on foot for the ascent. The descent can be done by bike, but is recommended only for experienced descenders. There are whispers in Montgen\u00e8vre that a ski lift could provide access in the future. So get out there before the charm of isolation and the sense of adventure that this route still exudes disappear for good. It's a shame to aim only for the pass at 2674m. Be open-minded and unselfish enough to climb to the summit at 3131 m - you won't regret it!<\/p>\n\n\n<div class=\"wp-block-image\">\n<figure class=\"aligncenter size-full\"><img loading=\"lazy\" decoding=\"async\" width=\"800\" height=\"475\" src=\"https:\/\/centcols.org\/wp-content\/uploads\/2026\/02\/col-et-mont-Chaberton-1.jpg\" alt=\"\" class=\"wp-image-93629\" srcset=\"https:\/\/centcols.org\/wp-content\/uploads\/2026\/02\/col-et-mont-Chaberton-1.jpg 800w, https:\/\/centcols.org\/wp-content\/uploads\/2026\/02\/col-et-mont-Chaberton-1-768x456.jpg 768w, https:\/\/centcols.org\/wp-content\/uploads\/2026\/02\/col-et-mont-Chaberton-1-18x12.jpg 18w\" sizes=\"auto, (max-width: 800px) 100vw, 800px\" \/><figcaption class=\"wp-element-caption\">The Chaberton pass and mount \u00a9IGN<\/figcaption><\/figure>\n<\/div>\n\n<div class=\"wp-block-image\">\n<figure class=\"aligncenter size-full\"><img loading=\"lazy\" decoding=\"async\" width=\"800\" height=\"542\" src=\"https:\/\/centcols.org\/wp-content\/uploads\/2026\/02\/Chaberton-plan-large-1.jpg\" alt=\"\" class=\"wp-image-93628\" srcset=\"https:\/\/centcols.org\/wp-content\/uploads\/2026\/02\/Chaberton-plan-large-1.jpg 800w, https:\/\/centcols.org\/wp-content\/uploads\/2026\/02\/Chaberton-plan-large-1-768x520.jpg 768w, https:\/\/centcols.org\/wp-content\/uploads\/2026\/02\/Chaberton-plan-large-1-18x12.jpg 18w\" sizes=\"auto, (max-width: 800px) 100vw, 800px\" \/><figcaption class=\"wp-element-caption\">General view of Mont Chaberton \u00a9IGN<\/figcaption><\/figure>\n<\/div>\n\n\n<h2 class=\"wp-block-heading\">A little history<\/h2>\n\n\n\n<p>Mont Chaberton is a remarkable summit. Close to the Italian border, it proudly dominates the towns of Montgen\u00e8vre on the French side and Cesana-Torinese on the Italian side, and can be seen from afar. Its south face seems inaccessible, as if in one fell swoop for 1500 metres. Before the Second World War, Mont Chaberton was Italian and its north face was relatively accessible on a gentle slope. This strategic situation gave the Italian army the idea of equipping the summit with a fort armed with powerful cannons.<\/p>\n\n\n<div class=\"wp-block-image\">\n<figure class=\"aligncenter size-full\"><img loading=\"lazy\" decoding=\"async\" width=\"800\" height=\"600\" src=\"https:\/\/centcols.org\/wp-content\/uploads\/2026\/02\/upscaled-modified-21.jpg\" alt=\"\" class=\"wp-image-94267\" srcset=\"https:\/\/centcols.org\/wp-content\/uploads\/2026\/02\/upscaled-modified-21.jpg 800w, https:\/\/centcols.org\/wp-content\/uploads\/2026\/02\/upscaled-modified-21-768x576.jpg 768w, https:\/\/centcols.org\/wp-content\/uploads\/2026\/02\/upscaled-modified-21-16x12.jpg 16w\" sizes=\"auto, (max-width: 800px) 100vw, 800px\" \/><figcaption class=\"wp-element-caption\">Montgen\u00e8vre, dominated by Mont Chaberton.<\/figcaption><\/figure>\n<\/div>\n\n<div class=\"wp-block-image\">\n<figure class=\"aligncenter size-full\"><img loading=\"lazy\" decoding=\"async\" width=\"1280\" height=\"960\" src=\"https:\/\/centcols.org\/wp-content\/uploads\/2026\/02\/upscaled-modified-20-1.jpg\" alt=\"\" class=\"wp-image-94268\" srcset=\"https:\/\/centcols.org\/wp-content\/uploads\/2026\/02\/upscaled-modified-20-1.jpg 1280w, https:\/\/centcols.org\/wp-content\/uploads\/2026\/02\/upscaled-modified-20-1-1200x900.jpg 1200w, https:\/\/centcols.org\/wp-content\/uploads\/2026\/02\/upscaled-modified-20-1-768x576.jpg 768w, https:\/\/centcols.org\/wp-content\/uploads\/2026\/02\/upscaled-modified-20-1-16x12.jpg 16w\" sizes=\"auto, (max-width: 1280px) 100vw, 1280px\" \/><figcaption class=\"wp-element-caption\">South-facing slope above Clavi\u00e8re.<\/figcaption><\/figure>\n<\/div>\n\n<div class=\"wp-block-image\">\n<figure class=\"aligncenter size-full is-resized\"><img loading=\"lazy\" decoding=\"async\" width=\"800\" height=\"600\" src=\"https:\/\/centcols.org\/wp-content\/uploads\/2026\/02\/upscaled-modified-19.jpg\" alt=\"\" class=\"wp-image-93965\" style=\"width:800px\" srcset=\"https:\/\/centcols.org\/wp-content\/uploads\/2026\/02\/upscaled-modified-19.jpg 800w, https:\/\/centcols.org\/wp-content\/uploads\/2026\/02\/upscaled-modified-19-768x576.jpg 768w, https:\/\/centcols.org\/wp-content\/uploads\/2026\/02\/upscaled-modified-19-16x12.jpg 16w\" sizes=\"auto, (max-width: 800px) 100vw, 800px\" \/><figcaption class=\"wp-element-caption\">View of the Col des Trois Fr\u00e8res Mineurs.<\/figcaption><\/figure>\n<\/div>\n\n\n<h3 class=\"wp-block-heading\">Wikipedia<\/h3>\n\n\n\n<blockquote class=\"wp-block-quote is-layout-flow wp-block-quote-is-layout-flow\">\n<blockquote class=\"wp-block-quote is-layout-flow wp-block-quote-is-layout-flow\">\n<p>Before the Second World War, Italian troops built a battery of eight turrets, topped with cannons, facing towards France and the town of <a href=\"https:\/\/fr.wikipedia.org\/wiki\/Brian%C3%A7on\">Brian\u00e7on<\/a>. They defended the Montgen\u00e8vre pass (<a href=\"\/en\/util\/geo\/visu.php\/?code=FR-05-1850\">FR-05-1850<\/a>). To achieve this, soldiers and engineers built a road from the village of Fenils (<a href=\"http:\/\/fr.wikipedia.org\/wiki\/Val_de_Suse\">Susa Valley<\/a>). They abraded the summit of Mount Chaberton to create a defensive glacis for the turrets. The fort, sometimes nicknamed the \u00abFort of Clouds\u00bb, was the pride of the Italian military. At the time, it was reputed to be the highest and one of the most powerful forts in the world. A few days after Italy's entry into the war in June 1940, guided by the <a href=\"https:\/\/fr.wikipedia.org\/wiki\/Ouvrage_du_Janus\">fort du Janus<\/a>, the Italian battery was destroyed by fire from the 154<sup>e<\/sup> Position Artillery Regiment of the French Army. At the end of the war, the Baisses valley, the summit of Mont Chaberton and the battery were annexed by France. As a result, the Franco-Italian border was moved to the entrance to the Italian village of <a href=\"https:\/\/fr.wikipedia.org\/wiki\/Clavi%C3%A8res_(Italie)\">Clavi\u00e8re<\/a>.<br>The fort was built from 1891 onwards thanks to a major labour effort. The current track was probably opened during this period. It was used to hoist men and equipment for the construction of a cable car. A total of 8 149 mm cannons, all perched on eight masonry turrets, overlooked a barracks 113 m high 18....<br>At the start of the Second World War, this enemy Italian fort was a major concern for the French command. It installed 280mm mortars hidden against the slope of the Italian observers under the Col des Gondrans (<a href=\"\/en\/util\/geo\/visu.php\/?code=FR-05-2347a\">FR-05-2347a<\/a>), and observatories (at Janus). When hostilities broke out, the French artillery succeeded in destroying the batteries on Mont Chaberton and its ammunition depot on 21 June 1940. This feat was made possible by perfectly developed ballistic science (parabolic fire from a distance of 10 km on a target just a few dozen metres away!) The assault lasted three and a half hours, with fifty-seven shots on target, instantly ruining years of effort. The batteries on Mont Chaberton were silenced forever. We can imagine that this feat of arms motivated the annexation of the mountain by France in 1945.<br>We understood from this story that the access road was on the Italian side. On the French side, there is only an \u00abS3-S4\u00bb path that leads up from 2177 after a good track that climbs up from Montgen\u00e8vre.<\/p>\n<\/blockquote>\n<\/blockquote>\n\n\n\n<h2 class=\"wp-block-heading\">The climb to the pass at 2674 m and the mountain at 3131 m<\/h2>\n\n\n\n<p>You leave the state road a few kilometres north of Cesana-Torinese to take the small surfaced road to Fenils. If you are coming from France, you will have to make the 8 km descent of the Montgen\u00e8vre pass, which is not only not very pleasant and dangerous because of the traffic, but also because of the many long tunnels.<br>The climb begins at a bridge just before Fenils, at an altitude of 1230m. From the outset, the slope is steep. There's no respite on the 11 km that lead to the pass (the average percentage of these 11 km is 13%, so don't expect to find any places with less than 8 or 9%). So you have to be determined.<br>On leaving Fenils, you reach an altitude of 1276 m. This is where the tarmac road gives way to a dirt track that is suitable for cycling. On this path you will find some stonier sections that will threaten the grip of the rear wheel. It is therefore advisable and safe to cross these tricky sections on foot.<br>After 2.5 km, you come to the hamlet of Pra Claud, perched at 1589m. At the entrance to this hamlet there is a large sign indicating that the trail is closed to all vehicles.<\/p>\n\n\n<div class=\"wp-block-image\">\n<figure class=\"aligncenter size-full\"><img loading=\"lazy\" decoding=\"async\" width=\"800\" height=\"600\" src=\"https:\/\/centcols.org\/wp-content\/uploads\/2026\/02\/upscaled-modified-1.jpg\" alt=\"\" class=\"wp-image-93966\" style=\"object-fit:cover\" srcset=\"https:\/\/centcols.org\/wp-content\/uploads\/2026\/02\/upscaled-modified-1.jpg 800w, https:\/\/centcols.org\/wp-content\/uploads\/2026\/02\/upscaled-modified-1-768x576.jpg 768w, https:\/\/centcols.org\/wp-content\/uploads\/2026\/02\/upscaled-modified-1-16x12.jpg 16w\" sizes=\"auto, (max-width: 800px) 100vw, 800px\" \/><figcaption class=\"wp-element-caption\">Pra Claud.<\/figcaption><\/figure>\n<\/div>\n\n\n<p>We then come to the first big pile of switchbacks still in the vegetation. There are regularly wooden benches by the side of the track where you can rest! This takes us towards 2000 m and the crossing of a torrent. The slope continues unabated and soon takes us to 2099m, where there is another series of switchbacks. On the left is the start of another track that runs along the side of the mountain and joins the Cresta Nera and the Colletto di Cresta Nera (<a href=\"\/en\/util\/geo\/visu.php\/?code=IT-TO-2201\">IT-TO-2201<\/a>).<\/p>\n\n\n<div class=\"wp-block-image\">\n<figure class=\"aligncenter size-full\"><img loading=\"lazy\" decoding=\"async\" width=\"800\" height=\"600\" src=\"https:\/\/centcols.org\/wp-content\/uploads\/2026\/02\/upscaled-modified-2-1.jpg\" alt=\"\" class=\"wp-image-94271\" srcset=\"https:\/\/centcols.org\/wp-content\/uploads\/2026\/02\/upscaled-modified-2-1.jpg 800w, https:\/\/centcols.org\/wp-content\/uploads\/2026\/02\/upscaled-modified-2-1-768x576.jpg 768w, https:\/\/centcols.org\/wp-content\/uploads\/2026\/02\/upscaled-modified-2-1-16x12.jpg 16w\" sizes=\"auto, (max-width: 800px) 100vw, 800px\" \/><figcaption class=\"wp-element-caption\">At an altitude of 2000m, the mountain faces north.<\/figcaption><\/figure>\n<\/div>\n\n<div class=\"wp-block-image\">\n<figure class=\"aligncenter size-full\"><img loading=\"lazy\" decoding=\"async\" width=\"800\" height=\"600\" src=\"https:\/\/centcols.org\/wp-content\/uploads\/2026\/02\/upscaled-modified-3.jpg\" alt=\"\" class=\"wp-image-94272\" srcset=\"https:\/\/centcols.org\/wp-content\/uploads\/2026\/02\/upscaled-modified-3.jpg 800w, https:\/\/centcols.org\/wp-content\/uploads\/2026\/02\/upscaled-modified-3-768x576.jpg 768w, https:\/\/centcols.org\/wp-content\/uploads\/2026\/02\/upscaled-modified-3-16x12.jpg 16w\" sizes=\"auto, (max-width: 800px) 100vw, 800px\" \/><figcaption class=\"wp-element-caption\">Altitude 2070 m.<\/figcaption><\/figure>\n<\/div>\n\n\n<p>From here on, the world becomes completely mineral. The slope and the pebbles on the track make progress difficult. We gradually climb upwards, making a sustained effort until we reach the entrance to the col's valley. Entering the valley offers an impressive view of the scree and rocky masses. We can also see that efforts are being made to rehabilitate the trail, with the addition of a few walls and retaining platforms. The slope eases somewhat but the presence of rocks on the track increases and makes progress tricky.<\/p>\n\n\n\n<p>The last kilometre under the pass, and it's hard to find the actual route of the track because it's so broken up at this point. Walking becomes compulsory. For the last few metres, the track has disappeared and been replaced by a path. At the top of the pass, a strong wind greets you. A sign points the way to the summit. There's already a fine view of the Oisans, with the dizzying descent of the French side of the path in the foreground.<\/p>\n\n\n<div class=\"wp-block-image\">\n<figure class=\"aligncenter size-full\"><img loading=\"lazy\" decoding=\"async\" width=\"800\" height=\"600\" src=\"https:\/\/centcols.org\/wp-content\/uploads\/2026\/02\/upscaled-modified-5.jpg\" alt=\"\" class=\"wp-image-94275\" srcset=\"https:\/\/centcols.org\/wp-content\/uploads\/2026\/02\/upscaled-modified-5.jpg 800w, https:\/\/centcols.org\/wp-content\/uploads\/2026\/02\/upscaled-modified-5-768x576.jpg 768w, https:\/\/centcols.org\/wp-content\/uploads\/2026\/02\/upscaled-modified-5-16x12.jpg 16w\" sizes=\"auto, (max-width: 800px) 100vw, 800px\" \/><figcaption class=\"wp-element-caption\">View from the pass, east-facing slope.<\/figcaption><\/figure>\n<\/div>\n\n<div class=\"wp-block-image\">\n<figure class=\"aligncenter size-full\"><img loading=\"lazy\" decoding=\"async\" width=\"800\" height=\"600\" src=\"https:\/\/centcols.org\/wp-content\/uploads\/2026\/02\/upscaled-modified-7.jpg\" alt=\"\" class=\"wp-image-94276\" srcset=\"https:\/\/centcols.org\/wp-content\/uploads\/2026\/02\/upscaled-modified-7.jpg 800w, https:\/\/centcols.org\/wp-content\/uploads\/2026\/02\/upscaled-modified-7-768x576.jpg 768w, https:\/\/centcols.org\/wp-content\/uploads\/2026\/02\/upscaled-modified-7-16x12.jpg 16w\" sizes=\"auto, (max-width: 800px) 100vw, 800px\" \/><figcaption class=\"wp-element-caption\">From the pass, views over the Val di Susa.<\/figcaption><\/figure>\n<\/div>\n\n<div class=\"wp-block-image\">\n<figure class=\"aligncenter size-full\"><img loading=\"lazy\" decoding=\"async\" width=\"800\" height=\"600\" src=\"https:\/\/centcols.org\/wp-content\/uploads\/2026\/02\/upscaled-modified-6.jpg\" alt=\"\" class=\"wp-image-94277\" srcset=\"https:\/\/centcols.org\/wp-content\/uploads\/2026\/02\/upscaled-modified-6.jpg 800w, https:\/\/centcols.org\/wp-content\/uploads\/2026\/02\/upscaled-modified-6-768x576.jpg 768w, https:\/\/centcols.org\/wp-content\/uploads\/2026\/02\/upscaled-modified-6-16x12.jpg 16w\" sizes=\"auto, (max-width: 800px) 100vw, 800px\" \/><figcaption class=\"wp-element-caption\">View of the col from the west. Oisans and the Col de la Lauze.<\/figcaption><\/figure>\n<\/div>\n\n\n<p>Take heart, there's only 450 metres of ascent over 3 kilometres, which means an average of 15% to finish. It looks like a huge bare slope that can be climbed (very) partially on a mountain bike, following the well-marked zigzags of the path. The landscape is entirely mineral. On the ground we find remnants of the fort areas, namely metal posts and barbed wire. A huge metal cable running for hundreds of metres on the ground may be evidence of the cable car? Breathtaking: the view, of course, but don't forget the wind too. It will be impossible to get off the bike for fear of being blown against the wall or down the slope.<\/p>\n\n\n<div class=\"wp-block-image\">\n<figure class=\"aligncenter size-full\"><img loading=\"lazy\" decoding=\"async\" width=\"800\" height=\"600\" src=\"https:\/\/centcols.org\/wp-content\/uploads\/2026\/02\/upscaled-modified-9.jpg\" alt=\"\" class=\"wp-image-94279\" srcset=\"https:\/\/centcols.org\/wp-content\/uploads\/2026\/02\/upscaled-modified-9.jpg 800w, https:\/\/centcols.org\/wp-content\/uploads\/2026\/02\/upscaled-modified-9-768x576.jpg 768w, https:\/\/centcols.org\/wp-content\/uploads\/2026\/02\/upscaled-modified-9-16x12.jpg 16w\" sizes=\"auto, (max-width: 800px) 100vw, 800px\" \/><figcaption class=\"wp-element-caption\">From the top of the mountain, the Col du Chaberton.<\/figcaption><\/figure>\n<\/div>\n\n<div class=\"wp-block-image\">\n<figure class=\"aligncenter size-full\"><img loading=\"lazy\" decoding=\"async\" width=\"800\" height=\"600\" src=\"https:\/\/centcols.org\/wp-content\/uploads\/2026\/02\/upscaled-modified-14.jpg\" alt=\"\" class=\"wp-image-94280\" srcset=\"https:\/\/centcols.org\/wp-content\/uploads\/2026\/02\/upscaled-modified-14.jpg 800w, https:\/\/centcols.org\/wp-content\/uploads\/2026\/02\/upscaled-modified-14-768x576.jpg 768w, https:\/\/centcols.org\/wp-content\/uploads\/2026\/02\/upscaled-modified-14-16x12.jpg 16w\" sizes=\"auto, (max-width: 800px) 100vw, 800px\" \/><figcaption class=\"wp-element-caption\">Altitude 3000 m, the last ramps.<\/figcaption><\/figure>\n<\/div>\n\n\n<p>In forty minutes, you arrive almost surprised on the final glacis and wonder if the climb is already over. The platform, surprisingly flat, horizontal and without a single blade of grass, is only a few dozen metres square. Around it, more than 1,500 metres of emptiness is impressive. Well hidden by the glacis on the French side, the eight masonry turrets that served as gun mountings can be seen.<\/p>\n\n\n\n<p>They appear almost intact. The fort itself shows vaulted galleries in good condition, and remnants of the last snows. A group of Italians picnic in the shelter. The living and sleeping quarters are much lower down, on a well-concealed platform to the north-east.<br>As the weather is threatening, there's no time to linger, and a storm on these bare slopes must be a rather unpleasant ordeal.<\/p>\n\n\n<div class=\"wp-block-image\">\n<figure class=\"aligncenter size-full\"><img loading=\"lazy\" decoding=\"async\" width=\"800\" height=\"600\" src=\"https:\/\/centcols.org\/wp-content\/uploads\/2026\/02\/upscaled-modified-11.jpg\" alt=\"\" class=\"wp-image-94281\" srcset=\"https:\/\/centcols.org\/wp-content\/uploads\/2026\/02\/upscaled-modified-11.jpg 800w, https:\/\/centcols.org\/wp-content\/uploads\/2026\/02\/upscaled-modified-11-768x576.jpg 768w, https:\/\/centcols.org\/wp-content\/uploads\/2026\/02\/upscaled-modified-11-16x12.jpg 16w\" sizes=\"auto, (max-width: 800px) 100vw, 800px\" \/><figcaption class=\"wp-element-caption\">The turrets and the glacis.<\/figcaption><\/figure>\n<\/div>\n\n<div class=\"wp-block-image\">\n<figure class=\"aligncenter size-full\"><img loading=\"lazy\" decoding=\"async\" width=\"800\" height=\"600\" src=\"https:\/\/centcols.org\/wp-content\/uploads\/2026\/02\/upscaled-modified-12.jpg\" alt=\"\" class=\"wp-image-94282\" srcset=\"https:\/\/centcols.org\/wp-content\/uploads\/2026\/02\/upscaled-modified-12.jpg 800w, https:\/\/centcols.org\/wp-content\/uploads\/2026\/02\/upscaled-modified-12-768x576.jpg 768w, https:\/\/centcols.org\/wp-content\/uploads\/2026\/02\/upscaled-modified-12-16x12.jpg 16w\" sizes=\"auto, (max-width: 800px) 100vw, 800px\" \/><figcaption class=\"wp-element-caption\">Mont Frait\u00e8ve and the Sestri\u00e8res ridges.<\/figcaption><\/figure>\n<\/div>\n\n<div class=\"wp-block-image\">\n<figure class=\"aligncenter size-full\"><img loading=\"lazy\" decoding=\"async\" width=\"800\" height=\"600\" src=\"https:\/\/centcols.org\/wp-content\/uploads\/2026\/02\/upscaled-modified-13.jpg\" alt=\"\" class=\"wp-image-94283\" srcset=\"https:\/\/centcols.org\/wp-content\/uploads\/2026\/02\/upscaled-modified-13.jpg 800w, https:\/\/centcols.org\/wp-content\/uploads\/2026\/02\/upscaled-modified-13-768x576.jpg 768w, https:\/\/centcols.org\/wp-content\/uploads\/2026\/02\/upscaled-modified-13-16x12.jpg 16w\" sizes=\"auto, (max-width: 800px) 100vw, 800px\" \/><figcaption class=\"wp-element-caption\">Inside the fort.<\/figcaption><\/figure>\n<\/div>\n\n\n<h2 class=\"wp-block-heading\">The descent<\/h2>\n\n\n\n<p>Caution and walking are the order of the day for the first few kilometres of the descent, although a good mountain biker in good weather would have no difficulty. The light rain, which is now falling horizontally, is colouring the pebbles in lovely shades of light and dark. The constant gusts of wind discouraged us from getting on the bike.<\/p>\n\n\n<div class=\"wp-block-image\">\n<figure class=\"aligncenter size-full\"><img loading=\"lazy\" decoding=\"async\" width=\"800\" height=\"600\" src=\"https:\/\/centcols.org\/wp-content\/uploads\/2026\/02\/upscaled-modified-10.jpg\" alt=\"\" class=\"wp-image-94284\" srcset=\"https:\/\/centcols.org\/wp-content\/uploads\/2026\/02\/upscaled-modified-10.jpg 800w, https:\/\/centcols.org\/wp-content\/uploads\/2026\/02\/upscaled-modified-10-768x576.jpg 768w, https:\/\/centcols.org\/wp-content\/uploads\/2026\/02\/upscaled-modified-10-16x12.jpg 16w\" sizes=\"auto, (max-width: 800px) 100vw, 800px\" \/><figcaption class=\"wp-element-caption\">The pass seen from the summit. On the left, the Col des Trois Fr\u00e8res Mineurs.<\/figcaption><\/figure>\n<\/div>\n\n<div class=\"wp-block-image\">\n<figure class=\"aligncenter size-full\"><img loading=\"lazy\" decoding=\"async\" width=\"448\" height=\"600\" src=\"https:\/\/centcols.org\/wp-content\/uploads\/2026\/02\/upscaled-modified-8.jpg\" alt=\"\" class=\"wp-image-94285\" srcset=\"https:\/\/centcols.org\/wp-content\/uploads\/2026\/02\/upscaled-modified-8.jpg 448w, https:\/\/centcols.org\/wp-content\/uploads\/2026\/02\/upscaled-modified-8-9x12.jpg 9w\" sizes=\"auto, (max-width: 448px) 100vw, 448px\" \/><figcaption class=\"wp-element-caption\">At the pass.<\/figcaption><\/figure>\n<\/div>\n\n\n<p>Relief as we reach the pass and dive into the sheltered Italian side. We pass a number of mountain bikers who are taking their turn to climb the pass. I counted a total of 18 on this August day. As I look at them, I realise that not all of them are equipped to reach the summit. There were Germans, Swiss and Italians, but no French that day. But what a success this Mont Chaberton was all the same!<br>We have no trouble finding the 2099 mark. At this point we take the forest track that heads south over woods and meadows. The aim is to find the Colletto di Cresta Nera (<a href=\"\/en\/util\/geo\/visu.php\/?code=IT-TO-2201\">IT-TO-2201<\/a>) following an easy S3 for 1.5 km. But something typical of this area of the Italian Piedmont happened, as we were alerted and quickly intrigued by barking which became louder and louder as dogs approached us. We saw two large patous appear in front of us from their guarding area below. All along the route we were alerted by signs indicating the presence of these guard dogs. Faced with these herdsmen we must not make any mistakes, we must not provoke them or show any bravery. I choose to make myself very small by protecting myself behind my bike. The patous come up and sniff me out. To give you an idea of their size, I can see that their heads are level with the seatpost. After sniffing me for a few seconds, the dogs decided to abandon me, probably judging that I was no real threat to their herd. Luckily they didn't know about my taste for leg of lamb. Before walking away, one of the dogs took care to piss on my rear wheel. Phew! they've gone and I can get back on the road. They're nice and beautiful little creatures, but they're \u00abnot delicate\u00bb, as the locals say. You have to be careful above all else, so you've been warned.<\/p>\n\n\n<div class=\"wp-block-image\">\n<figure class=\"aligncenter size-full\"><img loading=\"lazy\" decoding=\"async\" width=\"800\" height=\"600\" src=\"https:\/\/centcols.org\/wp-content\/uploads\/2026\/02\/upscaled-modified-15.jpg\" alt=\"\" class=\"wp-image-94286\" srcset=\"https:\/\/centcols.org\/wp-content\/uploads\/2026\/02\/upscaled-modified-15.jpg 800w, https:\/\/centcols.org\/wp-content\/uploads\/2026\/02\/upscaled-modified-15-768x576.jpg 768w, https:\/\/centcols.org\/wp-content\/uploads\/2026\/02\/upscaled-modified-15-16x12.jpg 16w\" sizes=\"auto, (max-width: 800px) 100vw, 800px\" \/><figcaption class=\"wp-element-caption\">A visit from the patous.<\/figcaption><\/figure>\n<\/div>\n\n<div class=\"wp-block-image\">\n<figure class=\"aligncenter size-full\"><img loading=\"lazy\" decoding=\"async\" width=\"800\" height=\"600\" src=\"https:\/\/centcols.org\/wp-content\/uploads\/2026\/02\/upscaled-modified-16.jpg\" alt=\"\" class=\"wp-image-94287\" srcset=\"https:\/\/centcols.org\/wp-content\/uploads\/2026\/02\/upscaled-modified-16.jpg 800w, https:\/\/centcols.org\/wp-content\/uploads\/2026\/02\/upscaled-modified-16-768x576.jpg 768w, https:\/\/centcols.org\/wp-content\/uploads\/2026\/02\/upscaled-modified-16-16x12.jpg 16w\" sizes=\"auto, (max-width: 800px) 100vw, 800px\" \/><figcaption class=\"wp-element-caption\">Towards the Colletto di Cresta Nera.<\/figcaption><\/figure>\n<\/div>\n\n\n<p>The return from the Colletto di Cresta Nera was uneventful, despite a few barks in the distance. The brakes were hard at work on this descent. Back on the road to Cesana, I found a bit of climbing to finish. A great experience for anyone who loves the mountains and their grandiose solitude.<\/p>\n\n\n<div class=\"wp-block-image\">\n<figure class=\"aligncenter size-full\"><img loading=\"lazy\" decoding=\"async\" width=\"800\" height=\"600\" src=\"https:\/\/centcols.org\/wp-content\/uploads\/2026\/02\/upscaled-modified-18.jpg\" alt=\"\" class=\"wp-image-94288\" srcset=\"https:\/\/centcols.org\/wp-content\/uploads\/2026\/02\/upscaled-modified-18.jpg 800w, https:\/\/centcols.org\/wp-content\/uploads\/2026\/02\/upscaled-modified-18-768x576.jpg 768w, https:\/\/centcols.org\/wp-content\/uploads\/2026\/02\/upscaled-modified-18-16x12.jpg 16w\" sizes=\"auto, (max-width: 800px) 100vw, 800px\" \/><figcaption class=\"wp-element-caption\">The east face of Mont Chaberton, seen from the Colletto di Cresta Nera.<\/figcaption><\/figure>\n<\/div>\n\n<div class=\"wp-block-image\">\n<figure class=\"aligncenter size-full\"><img loading=\"lazy\" decoding=\"async\" width=\"800\" height=\"600\" src=\"https:\/\/centcols.org\/wp-content\/uploads\/2026\/02\/upscaled-modified-17.jpg\" alt=\"\" class=\"wp-image-94289\" srcset=\"https:\/\/centcols.org\/wp-content\/uploads\/2026\/02\/upscaled-modified-17.jpg 800w, https:\/\/centcols.org\/wp-content\/uploads\/2026\/02\/upscaled-modified-17-768x576.jpg 768w, https:\/\/centcols.org\/wp-content\/uploads\/2026\/02\/upscaled-modified-17-16x12.jpg 16w\" sizes=\"auto, (max-width: 800px) 100vw, 800px\" \/><figcaption class=\"wp-element-caption\">Stacking the laces between 2000 and 2200 m.<\/figcaption><\/figure>\n<\/div>\n\n\n<p>It was 7 August 2008 for my pass numbers 2972 and 2973 and for me it represented my Olympic Games.<\/p>","protected":false},"excerpt":{"rendered":"<p>Texte et cr\u00e9dits photos Philippe Girardin Le mont Chaberton, qui culmine \u00e0 3131&nbsp;m, est un v\u00e9ritable \u00ab\u00a0must\u00a0\u00bb accessible \u00e0 VTT. Le mont Chaberton ainsi que le col du Chaberton (FR-05-2674) sont raisonnablement accessibles \u00e0 VTT en d\u00e9pit des 1900\u00a0m de d\u00e9nivel\u00e9 qui en d\u00e9fendent l\u2019acc\u00e8s du c\u00f4t\u00e9 italien. La piste a \u00e9t\u00e9 refaite avec soin [&hellip;]<\/p>\n","protected":false},"author":485,"featured_media":94294,"comment_status":"closed","ping_status":"closed","sticky":false,"template":"","format":"standard","meta":{"_acf_changed":false,"footnotes":""},"categories":[308],"tags":[],"class_list":["post-93373","post","type-post","status-publish","format-standard","has-post-thumbnail","hentry","category-cols-en-vrac"],"acf":[],"yoast_head":"<!-- This site is optimized with the Yoast SEO plugin v27.2 - https:\/\/yoast.com\/product\/yoast-seo-wordpress\/ -->\n<title>Le mont Chaberton - Club des Cent Cols<\/title>\n<meta name=\"robots\" content=\"index, follow, max-snippet:-1, max-image-preview:large, max-video-preview:-1\" \/>\n<link rel=\"canonical\" href=\"https:\/\/centcols.org\/en\/mont-chaberton\/\" \/>\n<meta property=\"og:locale\" content=\"en_GB\" \/>\n<meta property=\"og:type\" content=\"article\" \/>\n<meta property=\"og:title\" content=\"Le mont Chaberton - Club des Cent Cols\" \/>\n<meta property=\"og:description\" content=\"Texte et cr\u00e9dits photos Philippe Girardin Le mont Chaberton, qui culmine \u00e0 3131&nbsp;m, est un v\u00e9ritable \u00ab\u00a0must\u00a0\u00bb accessible \u00e0 VTT. Le mont Chaberton ainsi que le col du Chaberton (FR-05-2674) sont raisonnablement accessibles \u00e0 VTT en d\u00e9pit des 1900\u00a0m de d\u00e9nivel\u00e9 qui en d\u00e9fendent l\u2019acc\u00e8s du c\u00f4t\u00e9 italien. La piste a \u00e9t\u00e9 refaite avec soin [&hellip;]\" \/>\n<meta property=\"og:url\" content=\"https:\/\/centcols.org\/en\/mont-chaberton\/\" \/>\n<meta property=\"og:site_name\" content=\"Club des Cent Cols\" \/>\n<meta property=\"article:publisher\" content=\"https:\/\/www.facebook.com\/groups\/5261880558\/?locale=fr_FR\" \/>\n<meta property=\"article:published_time\" content=\"2026-03-21T07:08:19+00:00\" \/>\n<meta property=\"article:modified_time\" content=\"2026-03-21T07:08:24+00:00\" \/>\n<meta property=\"og:image\" content=\"https:\/\/centcols.org\/wp-content\/uploads\/2026\/02\/8908-3.jpg\" \/>\n\t<meta property=\"og:image:width\" content=\"800\" \/>\n\t<meta property=\"og:image:height\" content=\"600\" \/>\n\t<meta property=\"og:image:type\" content=\"image\/jpeg\" \/>\n<meta name=\"author\" content=\"Jean-No\u00ebl Jagoda\" \/>\n<meta name=\"twitter:card\" content=\"summary_large_image\" \/>\n<meta name=\"twitter:label1\" content=\"Written by\" \/>\n\t<meta name=\"twitter:data1\" content=\"Jean-No\u00ebl Jagoda\" \/>\n\t<meta name=\"twitter:label2\" content=\"Estimated reading time\" \/>\n\t<meta name=\"twitter:data2\" content=\"14 minutes\" \/>\n<script type=\"application\/ld+json\" class=\"yoast-schema-graph\">{\"@context\":\"https:\/\/schema.org\",\"@graph\":[{\"@type\":\"Article\",\"@id\":\"https:\/\/centcols.org\/en\/le-mont-chaberton\/#article\",\"isPartOf\":{\"@id\":\"https:\/\/centcols.org\/en\/le-mont-chaberton\/\"},\"author\":{\"name\":\"Jean-No\u00ebl Jagoda\",\"@id\":\"https:\/\/centcols.org\/#\/schema\/person\/30f4299f11521fed498f98ecf9d71664\"},\"headline\":\"Le mont Chaberton\",\"datePublished\":\"2026-03-21T07:08:19+00:00\",\"dateModified\":\"2026-03-21T07:08:24+00:00\",\"mainEntityOfPage\":{\"@id\":\"https:\/\/centcols.org\/en\/le-mont-chaberton\/\"},\"wordCount\":2308,\"publisher\":{\"@id\":\"https:\/\/centcols.org\/#organization\"},\"image\":{\"@id\":\"https:\/\/centcols.org\/en\/le-mont-chaberton\/#primaryimage\"},\"thumbnailUrl\":\"https:\/\/centcols.org\/wp-content\/uploads\/2026\/02\/8908-3.jpg\",\"articleSection\":[\"Cols en vrac\"],\"inLanguage\":\"en-GB\"},{\"@type\":\"WebPage\",\"@id\":\"https:\/\/centcols.org\/en\/le-mont-chaberton\/\",\"url\":\"https:\/\/centcols.org\/en\/le-mont-chaberton\/\",\"name\":\"Le mont Chaberton - Club des Cent Cols\",\"isPartOf\":{\"@id\":\"https:\/\/centcols.org\/#website\"},\"primaryImageOfPage\":{\"@id\":\"https:\/\/centcols.org\/en\/le-mont-chaberton\/#primaryimage\"},\"image\":{\"@id\":\"https:\/\/centcols.org\/en\/le-mont-chaberton\/#primaryimage\"},\"thumbnailUrl\":\"https:\/\/centcols.org\/wp-content\/uploads\/2026\/02\/8908-3.jpg\",\"datePublished\":\"2026-03-21T07:08:19+00:00\",\"dateModified\":\"2026-03-21T07:08:24+00:00\",\"breadcrumb\":{\"@id\":\"https:\/\/centcols.org\/en\/le-mont-chaberton\/#breadcrumb\"},\"inLanguage\":\"en-GB\",\"potentialAction\":[{\"@type\":\"ReadAction\",\"target\":[\"https:\/\/centcols.org\/en\/le-mont-chaberton\/\"]}]},{\"@type\":\"ImageObject\",\"inLanguage\":\"en-GB\",\"@id\":\"https:\/\/centcols.org\/en\/le-mont-chaberton\/#primaryimage\",\"url\":\"https:\/\/centcols.org\/wp-content\/uploads\/2026\/02\/8908-3.jpg\",\"contentUrl\":\"https:\/\/centcols.org\/wp-content\/uploads\/2026\/02\/8908-3.jpg\",\"width\":800,\"height\":600},{\"@type\":\"BreadcrumbList\",\"@id\":\"https:\/\/centcols.org\/en\/le-mont-chaberton\/#breadcrumb\",\"itemListElement\":[{\"@type\":\"ListItem\",\"position\":1,\"name\":\"Accueil\",\"item\":\"https:\/\/centcols.org\/\"},{\"@type\":\"ListItem\",\"position\":2,\"name\":\"Cols en vrac\",\"item\":\"https:\/\/centcols.org\/rubrique\/cols-en-vrac\/\"},{\"@type\":\"ListItem\",\"position\":3,\"name\":\"Le mont Chaberton\"}]},{\"@type\":\"WebSite\",\"@id\":\"https:\/\/centcols.org\/#website\",\"url\":\"https:\/\/centcols.org\/\",\"name\":\"Club des Cent Cols\",\"description\":\"\",\"publisher\":{\"@id\":\"https:\/\/centcols.org\/#organization\"},\"potentialAction\":[{\"@type\":\"SearchAction\",\"target\":{\"@type\":\"EntryPoint\",\"urlTemplate\":\"https:\/\/centcols.org\/?s={search_term_string}\"},\"query-input\":{\"@type\":\"PropertyValueSpecification\",\"valueRequired\":true,\"valueName\":\"search_term_string\"}}],\"inLanguage\":\"en-GB\"},{\"@type\":\"Organization\",\"@id\":\"https:\/\/centcols.org\/#organization\",\"name\":\"Club des Cent Cols\",\"url\":\"https:\/\/centcols.org\/\",\"logo\":{\"@type\":\"ImageObject\",\"inLanguage\":\"en-GB\",\"@id\":\"https:\/\/centcols.org\/#\/schema\/logo\/image\/\",\"url\":\"https:\/\/centcols.org\/wp-content\/uploads\/2025\/01\/carte-icone.png\",\"contentUrl\":\"https:\/\/centcols.org\/wp-content\/uploads\/2025\/01\/carte-icone.png\",\"width\":250,\"height\":250,\"caption\":\"Club des Cent Cols\"},\"image\":{\"@id\":\"https:\/\/centcols.org\/#\/schema\/logo\/image\/\"},\"sameAs\":[\"https:\/\/www.facebook.com\/groups\/5261880558\/?locale=fr_FR\"]},{\"@type\":\"Person\",\"@id\":\"https:\/\/centcols.org\/#\/schema\/person\/30f4299f11521fed498f98ecf9d71664\",\"name\":\"Jean-No\u00ebl Jagoda\",\"image\":{\"@type\":\"ImageObject\",\"inLanguage\":\"en-GB\",\"@id\":\"https:\/\/centcols.org\/wp-content\/litespeed\/avatar\/4a9472068cd97156227754c35cd56ded.jpg?ver=1777248804\",\"url\":\"https:\/\/centcols.org\/wp-content\/litespeed\/avatar\/4a9472068cd97156227754c35cd56ded.jpg?ver=1777248804\",\"contentUrl\":\"https:\/\/centcols.org\/wp-content\/litespeed\/avatar\/4a9472068cd97156227754c35cd56ded.jpg?ver=1777248804\",\"caption\":\"Jean-No\u00ebl Jagoda\"},\"url\":\"https:\/\/centcols.org\/en\/author\/7270\/\"}]}<\/script>\n<!-- \/ Yoast SEO plugin. -->","yoast_head_json":{"title":"Mount Chaberton - Club des Cent Cols","robots":{"index":"index","follow":"follow","max-snippet":"max-snippet:-1","max-image-preview":"max-image-preview:large","max-video-preview":"max-video-preview:-1"},"canonical":"https:\/\/centcols.org\/en\/mont-chaberton\/","og_locale":"en_GB","og_type":"article","og_title":"Le mont Chaberton - Club des Cent Cols","og_description":"Texte et cr\u00e9dits photos Philippe Girardin Le mont Chaberton, qui culmine \u00e0 3131&nbsp;m, est un v\u00e9ritable \u00ab\u00a0must\u00a0\u00bb accessible \u00e0 VTT. Le mont Chaberton ainsi que le col du Chaberton (FR-05-2674) sont raisonnablement accessibles \u00e0 VTT en d\u00e9pit des 1900\u00a0m de d\u00e9nivel\u00e9 qui en d\u00e9fendent l\u2019acc\u00e8s du c\u00f4t\u00e9 italien. La piste a \u00e9t\u00e9 refaite avec soin [&hellip;]","og_url":"https:\/\/centcols.org\/en\/mont-chaberton\/","og_site_name":"Club des Cent Cols","article_publisher":"https:\/\/www.facebook.com\/groups\/5261880558\/?locale=fr_FR","article_published_time":"2026-03-21T07:08:19+00:00","article_modified_time":"2026-03-21T07:08:24+00:00","og_image":[{"width":800,"height":600,"url":"https:\/\/centcols.org\/wp-content\/uploads\/2026\/02\/8908-3.jpg","type":"image\/jpeg"}],"author":"Jean-No\u00ebl Jagoda","twitter_card":"summary_large_image","twitter_misc":{"Written by":"Jean-No\u00ebl Jagoda","Estimated reading time":"14 minutes"},"schema":{"@context":"https:\/\/schema.org","@graph":[{"@type":"Article","@id":"https:\/\/centcols.org\/en\/le-mont-chaberton\/#article","isPartOf":{"@id":"https:\/\/centcols.org\/en\/le-mont-chaberton\/"},"author":{"name":"Jean-No\u00ebl Jagoda","@id":"https:\/\/centcols.org\/#\/schema\/person\/30f4299f11521fed498f98ecf9d71664"},"headline":"Le mont Chaberton","datePublished":"2026-03-21T07:08:19+00:00","dateModified":"2026-03-21T07:08:24+00:00","mainEntityOfPage":{"@id":"https:\/\/centcols.org\/en\/le-mont-chaberton\/"},"wordCount":2308,"publisher":{"@id":"https:\/\/centcols.org\/#organization"},"image":{"@id":"https:\/\/centcols.org\/en\/le-mont-chaberton\/#primaryimage"},"thumbnailUrl":"https:\/\/centcols.org\/wp-content\/uploads\/2026\/02\/8908-3.jpg","articleSection":["Cols en vrac"],"inLanguage":"en-GB"},{"@type":"WebPage","@id":"https:\/\/centcols.org\/en\/le-mont-chaberton\/","url":"https:\/\/centcols.org\/en\/le-mont-chaberton\/","name":"Mount Chaberton - Club des Cent Cols","isPartOf":{"@id":"https:\/\/centcols.org\/#website"},"primaryImageOfPage":{"@id":"https:\/\/centcols.org\/en\/le-mont-chaberton\/#primaryimage"},"image":{"@id":"https:\/\/centcols.org\/en\/le-mont-chaberton\/#primaryimage"},"thumbnailUrl":"https:\/\/centcols.org\/wp-content\/uploads\/2026\/02\/8908-3.jpg","datePublished":"2026-03-21T07:08:19+00:00","dateModified":"2026-03-21T07:08:24+00:00","breadcrumb":{"@id":"https:\/\/centcols.org\/en\/le-mont-chaberton\/#breadcrumb"},"inLanguage":"en-GB","potentialAction":[{"@type":"ReadAction","target":["https:\/\/centcols.org\/en\/le-mont-chaberton\/"]}]},{"@type":"ImageObject","inLanguage":"en-GB","@id":"https:\/\/centcols.org\/en\/le-mont-chaberton\/#primaryimage","url":"https:\/\/centcols.org\/wp-content\/uploads\/2026\/02\/8908-3.jpg","contentUrl":"https:\/\/centcols.org\/wp-content\/uploads\/2026\/02\/8908-3.jpg","width":800,"height":600},{"@type":"BreadcrumbList","@id":"https:\/\/centcols.org\/en\/le-mont-chaberton\/#breadcrumb","itemListElement":[{"@type":"ListItem","position":1,"name":"Accueil","item":"https:\/\/centcols.org\/"},{"@type":"ListItem","position":2,"name":"Cols en vrac","item":"https:\/\/centcols.org\/rubrique\/cols-en-vrac\/"},{"@type":"ListItem","position":3,"name":"Le mont Chaberton"}]},{"@type":"WebSite","@id":"https:\/\/centcols.org\/#website","url":"https:\/\/centcols.org\/","name":"Club des Cent Cols","description":"","publisher":{"@id":"https:\/\/centcols.org\/#organization"},"potentialAction":[{"@type":"SearchAction","target":{"@type":"EntryPoint","urlTemplate":"https:\/\/centcols.org\/?s={search_term_string}"},"query-input":{"@type":"PropertyValueSpecification","valueRequired":true,"valueName":"search_term_string"}}],"inLanguage":"en-GB"},{"@type":"Organization","@id":"https:\/\/centcols.org\/#organization","name":"Club des Cent Cols","url":"https:\/\/centcols.org\/","logo":{"@type":"ImageObject","inLanguage":"en-GB","@id":"https:\/\/centcols.org\/#\/schema\/logo\/image\/","url":"https:\/\/centcols.org\/wp-content\/uploads\/2025\/01\/carte-icone.png","contentUrl":"https:\/\/centcols.org\/wp-content\/uploads\/2025\/01\/carte-icone.png","width":250,"height":250,"caption":"Club des Cent Cols"},"image":{"@id":"https:\/\/centcols.org\/#\/schema\/logo\/image\/"},"sameAs":["https:\/\/www.facebook.com\/groups\/5261880558\/?locale=fr_FR"]},{"@type":"Person","@id":"https:\/\/centcols.org\/#\/schema\/person\/30f4299f11521fed498f98ecf9d71664","name":"Jean-No\u00ebl Jagoda","image":{"@type":"ImageObject","inLanguage":"en-GB","@id":"https:\/\/centcols.org\/wp-content\/litespeed\/avatar\/4a9472068cd97156227754c35cd56ded.jpg?ver=1777248804","url":"https:\/\/centcols.org\/wp-content\/litespeed\/avatar\/4a9472068cd97156227754c35cd56ded.jpg?ver=1777248804","contentUrl":"https:\/\/centcols.org\/wp-content\/litespeed\/avatar\/4a9472068cd97156227754c35cd56ded.jpg?ver=1777248804","caption":"Jean-No\u00ebl Jagoda"},"url":"https:\/\/centcols.org\/en\/author\/7270\/"}]}},"_links":{"self":[{"href":"https:\/\/centcols.org\/en\/wp-json\/wp\/v2\/posts\/93373","targetHints":{"allow":["GET"]}}],"collection":[{"href":"https:\/\/centcols.org\/en\/wp-json\/wp\/v2\/posts"}],"about":[{"href":"https:\/\/centcols.org\/en\/wp-json\/wp\/v2\/types\/post"}],"author":[{"embeddable":true,"href":"https:\/\/centcols.org\/en\/wp-json\/wp\/v2\/users\/485"}],"replies":[{"embeddable":true,"href":"https:\/\/centcols.org\/en\/wp-json\/wp\/v2\/comments?post=93373"}],"version-history":[{"count":0,"href":"https:\/\/centcols.org\/en\/wp-json\/wp\/v2\/posts\/93373\/revisions"}],"wp:featuredmedia":[{"embeddable":true,"href":"https:\/\/centcols.org\/en\/wp-json\/wp\/v2\/media\/94294"}],"wp:attachment":[{"href":"https:\/\/centcols.org\/en\/wp-json\/wp\/v2\/media?parent=93373"}],"wp:term":[{"taxonomy":"category","embeddable":true,"href":"https:\/\/centcols.org\/en\/wp-json\/wp\/v2\/categories?post=93373"},{"taxonomy":"post_tag","embeddable":true,"href":"https:\/\/centcols.org\/en\/wp-json\/wp\/v2\/tags?post=93373"}],"curies":[{"name":"wp","href":"https:\/\/api.w.org\/{rel}","templated":true}]}}