{"id":93429,"date":"2026-02-02T18:09:28","date_gmt":"2026-02-02T16:09:28","guid":{"rendered":"https:\/\/centcols.org\/?p=93429"},"modified":"2026-02-02T18:52:16","modified_gmt":"2026-02-02T16:52:16","slug":"pyrenees-ccc-cols-durs-2026","status":"publish","type":"post","link":"https:\/\/centcols.org\/en\/pyrenees-ccc-cols-durs-2026\/","title":{"rendered":"Pyrenees, Cent Cols \/ Cols Durs, Sunday 4 October 2026"},"content":{"rendered":"\n<p>Le traditionnel rassemblement commun Club des Cent Cols \/ Cols Durs se tiendra au <a href=\"https:\/\/centcols.org\/util\/geo\/visu.php?code=FR-65-0810\" target=\"_blank\" rel=\"noreferrer noopener\">col des Palomi\u00e8res<\/a> (FR-65-0810) en Bigorre<br>Rendez-vous au col de 10 h 00 \u00e0 13 h 00<\/p>\n\n\n\n<figure class=\"wp-block-image size-full\"><img loading=\"lazy\" decoding=\"async\" width=\"800\" height=\"398\" src=\"https:\/\/centcols.org\/wp-content\/uploads\/2026\/02\/fr-65-0810.jpg\" alt=\"\" class=\"wp-image-93432\" srcset=\"https:\/\/centcols.org\/wp-content\/uploads\/2026\/02\/fr-65-0810.jpg 800w, https:\/\/centcols.org\/wp-content\/uploads\/2026\/02\/fr-65-0810-768x382.jpg 768w, https:\/\/centcols.org\/wp-content\/uploads\/2026\/02\/fr-65-0810-18x9.jpg 18w\" sizes=\"auto, (max-width: 800px) 100vw, 800px\" \/><\/figure>\n\n\n\n<p>Infos compl\u00e9mentaires \u00e0 venir<\/p>\n\n\n\n<h2 class=\"wp-block-heading\">Contact :<\/h2>\n\n\n\n<p>Alain Gillodes<br>T\u00e9l : +33 6 78 67 83 62<br>[email]alai&#110;&#46;&#103;&#105;&#108;&#108;&#111;&#x64;&#x65;&#x73;&#x40;&#x6f;&#x72;&#x61;&#x6e;&#x67;e&#46;fr[\/email]<\/p>\n","protected":false},"excerpt":{"rendered":"<p>Le traditionnel rassemblement commun Club des Cent Cols \/ Cols Durs se tiendra au col des Palomi\u00e8res (FR-65-0810) en BigorreRendez-vous au col de 10 h 00 \u00e0 13 h 00 Infos compl\u00e9mentaires \u00e0 venir Contact : Alain GillodesT\u00e9l : +33 6 78 67 83 62[email]&#97;&#x6c;a&#105;&#x6e;&#46;&#103;&#x69;l&#108;&#x6f;d&#101;&#x73;&#64;&#x6f;&#x72;&#97;&#x6e;&#x67;&#101;&#x2e;f&#114;[\/email]<\/p>\n","protected":false},"author":136,"featured_media":93432,"comment_status":"open","ping_status":"closed","sticky":false,"template":"","format":"standard","meta":{"_acf_changed":false,"footnotes":""},"categories":[465,135,216],"tags":[],"class_list":["post-93429","post","type-post","status-publish","format-standard","has-post-thumbnail","hentry","category-les-rassemblements-de-2026","category-calendrier","category-rencontres-regionales"],"acf":[],"yoast_head":"<!-- This site is optimized with the Yoast SEO plugin v27.2 - https:\/\/yoast.com\/product\/yoast-seo-wordpress\/ -->\n<title>Pyr\u00e9n\u00e9es, Cent Cols \/ Cols Durs, dimanche 4 octobre 2026 - Club des Cent Cols<\/title>\n<meta name=\"robots\" content=\"index, follow, max-snippet:-1, max-image-preview:large, max-video-preview:-1\" \/>\n<link rel=\"canonical\" href=\"https:\/\/centcols.org\/en\/pyrenees-ccc-cols-durs-2026\/\" \/>\n<meta property=\"og:locale\" content=\"en_GB\" \/>\n<meta property=\"og:type\" content=\"article\" \/>\n<meta property=\"og:title\" content=\"Pyr\u00e9n\u00e9es, Cent Cols \/ Cols Durs, dimanche 4 octobre 2026 - Club des Cent Cols\" \/>\n<meta property=\"og:description\" content=\"Le traditionnel rassemblement commun Club des Cent Cols \/ Cols Durs se tiendra au col des Palomi\u00e8res (FR-65-0810) en BigorreRendez-vous au col de 10 h 00 \u00e0 13 h 00 Infos compl\u00e9mentaires \u00e0 venir Contact : Alain GillodesT\u00e9l : +33 6 78 67 83 62[email]&#x61;l&#x61;i&#x6e;&#046;&#x67;&#105;l&#x6c;o&#x64;&#101;&#x73;&#064;&#x6f;&#114;a&#x6e;g&#x65;&#046;&#x66;&#114;[\/email]\" \/>\n<meta property=\"og:url\" content=\"https:\/\/centcols.org\/en\/pyrenees-ccc-cols-durs-2026\/\" \/>\n<meta property=\"og:site_name\" content=\"Club des Cent Cols\" \/>\n<meta property=\"article:publisher\" content=\"https:\/\/www.facebook.com\/groups\/5261880558\/?locale=fr_FR\" \/>\n<meta property=\"article:published_time\" content=\"2026-02-02T16:09:28+00:00\" \/>\n<meta property=\"article:modified_time\" content=\"2026-02-02T16:52:16+00:00\" \/>\n<meta property=\"og:image\" content=\"https:\/\/centcols.org\/wp-content\/uploads\/2026\/02\/fr-65-0810.jpg\" \/>\n\t<meta property=\"og:image:width\" content=\"800\" \/>\n\t<meta property=\"og:image:height\" content=\"398\" \/>\n\t<meta property=\"og:image:type\" content=\"image\/jpeg\" \/>\n<meta name=\"author\" content=\"Guy Harl\u00e9\" \/>\n<meta name=\"twitter:card\" content=\"summary_large_image\" \/>\n<meta name=\"twitter:label1\" content=\"Written by\" \/>\n\t<meta name=\"twitter:data1\" content=\"Guy Harl\u00e9\" \/>\n\t<meta name=\"twitter:label2\" content=\"Estimated reading time\" \/>\n\t<meta name=\"twitter:data2\" content=\"1 minute\" \/>\n<script type=\"application\/ld+json\" class=\"yoast-schema-graph\">{\"@context\":\"https:\/\/schema.org\",\"@graph\":[{\"@type\":\"Article\",\"@id\":\"https:\/\/centcols.org\/nl\/pyreneeen-ccc-cols-durs-2026\/#article\",\"isPartOf\":{\"@id\":\"https:\/\/centcols.org\/nl\/pyreneeen-ccc-cols-durs-2026\/\"},\"author\":{\"name\":\"Guy Harl\u00e9\",\"@id\":\"https:\/\/centcols.org\/#\/schema\/person\/377f00da2793c0363246869bb3a344d0\"},\"headline\":\"Pyr\u00e9n\u00e9es, Cent Cols \/ Cols Durs, dimanche 4 octobre 2026\",\"datePublished\":\"2026-02-02T16:09:28+00:00\",\"dateModified\":\"2026-02-02T16:52:16+00:00\",\"mainEntityOfPage\":{\"@id\":\"https:\/\/centcols.org\/nl\/pyreneeen-ccc-cols-durs-2026\/\"},\"wordCount\":49,\"commentCount\":0,\"publisher\":{\"@id\":\"https:\/\/centcols.org\/#organization\"},\"image\":{\"@id\":\"https:\/\/centcols.org\/nl\/pyreneeen-ccc-cols-durs-2026\/#primaryimage\"},\"thumbnailUrl\":\"https:\/\/centcols.org\/wp-content\/uploads\/2026\/02\/fr-65-0810.jpg\",\"articleSection\":[\"2026-rassemblements\",\"Calendrier\",\"Rencontres r\u00e9gionales\"],\"inLanguage\":\"en-GB\",\"potentialAction\":[{\"@type\":\"CommentAction\",\"name\":\"Comment\",\"target\":[\"https:\/\/centcols.org\/nl\/pyreneeen-ccc-cols-durs-2026\/#respond\"]}]},{\"@type\":\"WebPage\",\"@id\":\"https:\/\/centcols.org\/nl\/pyreneeen-ccc-cols-durs-2026\/\",\"url\":\"https:\/\/centcols.org\/nl\/pyreneeen-ccc-cols-durs-2026\/\",\"name\":\"Pyr\u00e9n\u00e9es, Cent Cols \/ Cols Durs, dimanche 4 octobre 2026 - Club des Cent Cols\",\"isPartOf\":{\"@id\":\"https:\/\/centcols.org\/#website\"},\"primaryImageOfPage\":{\"@id\":\"https:\/\/centcols.org\/nl\/pyreneeen-ccc-cols-durs-2026\/#primaryimage\"},\"image\":{\"@id\":\"https:\/\/centcols.org\/nl\/pyreneeen-ccc-cols-durs-2026\/#primaryimage\"},\"thumbnailUrl\":\"https:\/\/centcols.org\/wp-content\/uploads\/2026\/02\/fr-65-0810.jpg\",\"datePublished\":\"2026-02-02T16:09:28+00:00\",\"dateModified\":\"2026-02-02T16:52:16+00:00\",\"breadcrumb\":{\"@id\":\"https:\/\/centcols.org\/nl\/pyreneeen-ccc-cols-durs-2026\/#breadcrumb\"},\"inLanguage\":\"en-GB\",\"potentialAction\":[{\"@type\":\"ReadAction\",\"target\":[\"https:\/\/centcols.org\/nl\/pyreneeen-ccc-cols-durs-2026\/\"]}]},{\"@type\":\"ImageObject\",\"inLanguage\":\"en-GB\",\"@id\":\"https:\/\/centcols.org\/nl\/pyreneeen-ccc-cols-durs-2026\/#primaryimage\",\"url\":\"https:\/\/centcols.org\/wp-content\/uploads\/2026\/02\/fr-65-0810.jpg\",\"contentUrl\":\"https:\/\/centcols.org\/wp-content\/uploads\/2026\/02\/fr-65-0810.jpg\",\"width\":800,\"height\":398},{\"@type\":\"BreadcrumbList\",\"@id\":\"https:\/\/centcols.org\/nl\/pyreneeen-ccc-cols-durs-2026\/#breadcrumb\",\"itemListElement\":[{\"@type\":\"ListItem\",\"position\":1,\"name\":\"Accueil\",\"item\":\"https:\/\/centcols.org\/\"},{\"@type\":\"ListItem\",\"position\":2,\"name\":\"Rencontres r\u00e9gionales\",\"item\":\"https:\/\/centcols.org\/rubrique\/rencontres-regionales\/\"},{\"@type\":\"ListItem\",\"position\":3,\"name\":\"Pyr\u00e9n\u00e9es, Cent Cols \/ Cols Durs, dimanche 4 octobre 2026\"}]},{\"@type\":\"WebSite\",\"@id\":\"https:\/\/centcols.org\/#website\",\"url\":\"https:\/\/centcols.org\/\",\"name\":\"Club des Cent Cols\",\"description\":\"\",\"publisher\":{\"@id\":\"https:\/\/centcols.org\/#organization\"},\"potentialAction\":[{\"@type\":\"SearchAction\",\"target\":{\"@type\":\"EntryPoint\",\"urlTemplate\":\"https:\/\/centcols.org\/?s={search_term_string}\"},\"query-input\":{\"@type\":\"PropertyValueSpecification\",\"valueRequired\":true,\"valueName\":\"search_term_string\"}}],\"inLanguage\":\"en-GB\"},{\"@type\":\"Organization\",\"@id\":\"https:\/\/centcols.org\/#organization\",\"name\":\"Club des Cent Cols\",\"url\":\"https:\/\/centcols.org\/\",\"logo\":{\"@type\":\"ImageObject\",\"inLanguage\":\"en-GB\",\"@id\":\"https:\/\/centcols.org\/#\/schema\/logo\/image\/\",\"url\":\"https:\/\/centcols.org\/wp-content\/uploads\/2025\/01\/carte-icone.png\",\"contentUrl\":\"https:\/\/centcols.org\/wp-content\/uploads\/2025\/01\/carte-icone.png\",\"width\":250,\"height\":250,\"caption\":\"Club des Cent Cols\"},\"image\":{\"@id\":\"https:\/\/centcols.org\/#\/schema\/logo\/image\/\"},\"sameAs\":[\"https:\/\/www.facebook.com\/groups\/5261880558\/?locale=fr_FR\"]},{\"@type\":\"Person\",\"@id\":\"https:\/\/centcols.org\/#\/schema\/person\/377f00da2793c0363246869bb3a344d0\",\"name\":\"Guy Harl\u00e9\",\"image\":{\"@type\":\"ImageObject\",\"inLanguage\":\"en-GB\",\"@id\":\"https:\/\/centcols.org\/wp-content\/litespeed\/avatar\/94c4de37e46cf090f296d42ab3e8d6a6.jpg?ver=1777238144\",\"url\":\"https:\/\/centcols.org\/wp-content\/litespeed\/avatar\/94c4de37e46cf090f296d42ab3e8d6a6.jpg?ver=1777238144\",\"contentUrl\":\"https:\/\/centcols.org\/wp-content\/litespeed\/avatar\/94c4de37e46cf090f296d42ab3e8d6a6.jpg?ver=1777238144\",\"caption\":\"Guy Harl\u00e9\"},\"url\":\"https:\/\/centcols.org\/en\/author\/5193\/\"}]}<\/script>\n<!-- \/ Yoast SEO plugin. -->","yoast_head_json":{"title":"Pyrenees, Cent Cols \/ Cols Durs, Sunday October 4th 2026 - Club des Cent Cols","robots":{"index":"index","follow":"follow","max-snippet":"max-snippet:-1","max-image-preview":"max-image-preview:large","max-video-preview":"max-video-preview:-1"},"canonical":"https:\/\/centcols.org\/en\/pyrenees-ccc-cols-durs-2026\/","og_locale":"en_GB","og_type":"article","og_title":"Pyr\u00e9n\u00e9es, Cent Cols \/ Cols Durs, dimanche 4 octobre 2026 - Club des Cent Cols","og_description":"Le traditionnel rassemblement commun Club des Cent Cols \/ Cols Durs se tiendra au col des Palomi\u00e8res (FR-65-0810) en BigorreRendez-vous au col de 10 h 00 \u00e0 13 h 00 Infos compl\u00e9mentaires \u00e0 venir Contact : Alain GillodesT\u00e9l : +33 6 78 67 83 62[email]&#x61;l&#x61;i&#x6e;&#46;&#x67;&#105;l&#x6c;o&#x64;&#101;&#x73;&#64;&#x6f;&#114;a&#x6e;g&#x65;&#46;&#x66;&#114;[\/email]","og_url":"https:\/\/centcols.org\/en\/pyrenees-ccc-cols-durs-2026\/","og_site_name":"Club des Cent Cols","article_publisher":"https:\/\/www.facebook.com\/groups\/5261880558\/?locale=fr_FR","article_published_time":"2026-02-02T16:09:28+00:00","article_modified_time":"2026-02-02T16:52:16+00:00","og_image":[{"width":800,"height":398,"url":"https:\/\/centcols.org\/wp-content\/uploads\/2026\/02\/fr-65-0810.jpg","type":"image\/jpeg"}],"author":"Guy Harl\u00e9","twitter_card":"summary_large_image","twitter_misc":{"Written by":"Guy Harl\u00e9","Estimated reading time":"1 minute"},"schema":{"@context":"https:\/\/schema.org","@graph":[{"@type":"Article","@id":"https:\/\/centcols.org\/nl\/pyreneeen-ccc-cols-durs-2026\/#article","isPartOf":{"@id":"https:\/\/centcols.org\/nl\/pyreneeen-ccc-cols-durs-2026\/"},"author":{"name":"Guy Harl\u00e9","@id":"https:\/\/centcols.org\/#\/schema\/person\/377f00da2793c0363246869bb3a344d0"},"headline":"Pyr\u00e9n\u00e9es, Cent Cols \/ Cols Durs, dimanche 4 octobre 2026","datePublished":"2026-02-02T16:09:28+00:00","dateModified":"2026-02-02T16:52:16+00:00","mainEntityOfPage":{"@id":"https:\/\/centcols.org\/nl\/pyreneeen-ccc-cols-durs-2026\/"},"wordCount":49,"commentCount":0,"publisher":{"@id":"https:\/\/centcols.org\/#organization"},"image":{"@id":"https:\/\/centcols.org\/nl\/pyreneeen-ccc-cols-durs-2026\/#primaryimage"},"thumbnailUrl":"https:\/\/centcols.org\/wp-content\/uploads\/2026\/02\/fr-65-0810.jpg","articleSection":["2026-rassemblements","Calendrier","Rencontres r\u00e9gionales"],"inLanguage":"en-GB","potentialAction":[{"@type":"CommentAction","name":"Comment","target":["https:\/\/centcols.org\/nl\/pyreneeen-ccc-cols-durs-2026\/#respond"]}]},{"@type":"WebPage","@id":"https:\/\/centcols.org\/nl\/pyreneeen-ccc-cols-durs-2026\/","url":"https:\/\/centcols.org\/nl\/pyreneeen-ccc-cols-durs-2026\/","name":"Pyrenees, Cent Cols \/ Cols Durs, Sunday October 4th 2026 - Club des Cent Cols","isPartOf":{"@id":"https:\/\/centcols.org\/#website"},"primaryImageOfPage":{"@id":"https:\/\/centcols.org\/nl\/pyreneeen-ccc-cols-durs-2026\/#primaryimage"},"image":{"@id":"https:\/\/centcols.org\/nl\/pyreneeen-ccc-cols-durs-2026\/#primaryimage"},"thumbnailUrl":"https:\/\/centcols.org\/wp-content\/uploads\/2026\/02\/fr-65-0810.jpg","datePublished":"2026-02-02T16:09:28+00:00","dateModified":"2026-02-02T16:52:16+00:00","breadcrumb":{"@id":"https:\/\/centcols.org\/nl\/pyreneeen-ccc-cols-durs-2026\/#breadcrumb"},"inLanguage":"en-GB","potentialAction":[{"@type":"ReadAction","target":["https:\/\/centcols.org\/nl\/pyreneeen-ccc-cols-durs-2026\/"]}]},{"@type":"ImageObject","inLanguage":"en-GB","@id":"https:\/\/centcols.org\/nl\/pyreneeen-ccc-cols-durs-2026\/#primaryimage","url":"https:\/\/centcols.org\/wp-content\/uploads\/2026\/02\/fr-65-0810.jpg","contentUrl":"https:\/\/centcols.org\/wp-content\/uploads\/2026\/02\/fr-65-0810.jpg","width":800,"height":398},{"@type":"BreadcrumbList","@id":"https:\/\/centcols.org\/nl\/pyreneeen-ccc-cols-durs-2026\/#breadcrumb","itemListElement":[{"@type":"ListItem","position":1,"name":"Accueil","item":"https:\/\/centcols.org\/"},{"@type":"ListItem","position":2,"name":"Rencontres r\u00e9gionales","item":"https:\/\/centcols.org\/rubrique\/rencontres-regionales\/"},{"@type":"ListItem","position":3,"name":"Pyr\u00e9n\u00e9es, Cent Cols \/ Cols Durs, dimanche 4 octobre 2026"}]},{"@type":"WebSite","@id":"https:\/\/centcols.org\/#website","url":"https:\/\/centcols.org\/","name":"Club des Cent Cols","description":"","publisher":{"@id":"https:\/\/centcols.org\/#organization"},"potentialAction":[{"@type":"SearchAction","target":{"@type":"EntryPoint","urlTemplate":"https:\/\/centcols.org\/?s={search_term_string}"},"query-input":{"@type":"PropertyValueSpecification","valueRequired":true,"valueName":"search_term_string"}}],"inLanguage":"en-GB"},{"@type":"Organization","@id":"https:\/\/centcols.org\/#organization","name":"Club des Cent Cols","url":"https:\/\/centcols.org\/","logo":{"@type":"ImageObject","inLanguage":"en-GB","@id":"https:\/\/centcols.org\/#\/schema\/logo\/image\/","url":"https:\/\/centcols.org\/wp-content\/uploads\/2025\/01\/carte-icone.png","contentUrl":"https:\/\/centcols.org\/wp-content\/uploads\/2025\/01\/carte-icone.png","width":250,"height":250,"caption":"Club des Cent Cols"},"image":{"@id":"https:\/\/centcols.org\/#\/schema\/logo\/image\/"},"sameAs":["https:\/\/www.facebook.com\/groups\/5261880558\/?locale=fr_FR"]},{"@type":"Person","@id":"https:\/\/centcols.org\/#\/schema\/person\/377f00da2793c0363246869bb3a344d0","name":"Guy Harl\u00e9","image":{"@type":"ImageObject","inLanguage":"en-GB","@id":"https:\/\/centcols.org\/wp-content\/litespeed\/avatar\/94c4de37e46cf090f296d42ab3e8d6a6.jpg?ver=1777238144","url":"https:\/\/centcols.org\/wp-content\/litespeed\/avatar\/94c4de37e46cf090f296d42ab3e8d6a6.jpg?ver=1777238144","contentUrl":"https:\/\/centcols.org\/wp-content\/litespeed\/avatar\/94c4de37e46cf090f296d42ab3e8d6a6.jpg?ver=1777238144","caption":"Guy Harl\u00e9"},"url":"https:\/\/centcols.org\/en\/author\/5193\/"}]}},"_links":{"self":[{"href":"https:\/\/centcols.org\/en\/wp-json\/wp\/v2\/posts\/93429","targetHints":{"allow":["GET"]}}],"collection":[{"href":"https:\/\/centcols.org\/en\/wp-json\/wp\/v2\/posts"}],"about":[{"href":"https:\/\/centcols.org\/en\/wp-json\/wp\/v2\/types\/post"}],"author":[{"embeddable":true,"href":"https:\/\/centcols.org\/en\/wp-json\/wp\/v2\/users\/136"}],"replies":[{"embeddable":true,"href":"https:\/\/centcols.org\/en\/wp-json\/wp\/v2\/comments?post=93429"}],"version-history":[{"count":0,"href":"https:\/\/centcols.org\/en\/wp-json\/wp\/v2\/posts\/93429\/revisions"}],"wp:featuredmedia":[{"embeddable":true,"href":"https:\/\/centcols.org\/en\/wp-json\/wp\/v2\/media\/93432"}],"wp:attachment":[{"href":"https:\/\/centcols.org\/en\/wp-json\/wp\/v2\/media?parent=93429"}],"wp:term":[{"taxonomy":"category","embeddable":true,"href":"https:\/\/centcols.org\/en\/wp-json\/wp\/v2\/categories?post=93429"},{"taxonomy":"post_tag","embeddable":true,"href":"https:\/\/centcols.org\/en\/wp-json\/wp\/v2\/tags?post=93429"}],"curies":[{"name":"wp","href":"https:\/\/api.w.org\/{rel}","templated":true}]}}