{"id":94232,"date":"2026-02-21T21:11:21","date_gmt":"2026-02-21T19:11:21","guid":{"rendered":"https:\/\/centcols.org\/?p=94232"},"modified":"2026-02-22T11:44:38","modified_gmt":"2026-02-22T09:44:38","slug":"the-hundred-passes-on-the-cycling-site-ch","status":"publish","type":"post","link":"https:\/\/centcols.org\/en\/les-cent-cols-sur-le-site-cycliste-ch\/","title":{"rendered":"The Confr\u00e9rie des Cent Cols on Cycliste.ch, the website for French-speaking cyclists"},"content":{"rendered":"<p>Martin Diener presents the Club des Cent Cols on the website <a href=\"https:\/\/www.cycliste.ch\/\" target=\"_blank\" rel=\"noreferrer noopener\">cycliste.ch<\/a>. Launched in 2017 by enthusiasts for enthusiasts, the site brings together all the information relating to road cycling in French-speaking Switzerland. News, the Cyclosportives Calendar, advice and lots of other information to help you enjoy your cycling.<\/p>\n\n\n\n<blockquote class=\"wp-block-quote is-layout-flow wp-block-quote-is-layout-flow\">\n<p>Before Strava, before segments, before KOMs and kudos, cyclists were already climbing passes for the simple pleasure of climbing... and, above all, sharing. Since 1972, the Confr\u00e9rie des Cent Cols has been bringing together those who like to collect passes, recount routes and compare experiences rather than watts. The same desire as today, sometimes the same obsession, but without app, kudos or leaderboards. In this article, Martin explains how this discreet, but still very much alive, fraternity continues to get cyclists from all over the world to ride one mountain pass after another....<\/p>\n<\/blockquote>\n\n\n\n<div class=\"wp-block-buttons is-layout-flex wp-block-buttons-is-layout-flex\">\n<div class=\"wp-block-button\"><a class=\"wp-block-button__link wp-element-button\" href=\"https:\/\/www.cycliste.ch\/martin-diener\/la-confrerie-des-cent-cols-comme-strava-depuis-1972\/\" target=\"_blank\" rel=\"noreferrer noopener\">Read the article <\/a><\/div>\n<\/div>\n\n\n\n<p><\/p>","protected":false},"excerpt":{"rendered":"<p>Martin Diener pr\u00e9sente le Club des Cent Cols sur le site cycliste.ch. Lanc\u00e9 en 2017 par des passionn\u00e9s pour des passionn\u00e9s, le site regroupe toutes les informations relatives \u00e0 la pratique du v\u00e9lo de route en Suisse romande. Les News, le Calendrier des Cyclosportives, des conseils et pleins d\u2019autres informations pour pratiquer tout en se [&hellip;]<\/p>\n","protected":false},"author":5112,"featured_media":94233,"comment_status":"open","ping_status":"open","sticky":false,"template":"","format":"standard","meta":{"_acf_changed":false,"footnotes":""},"categories":[133],"tags":[],"class_list":["post-94232","post","type-post","status-publish","format-standard","has-post-thumbnail","hentry","category-revue-de-presse"],"acf":[],"yoast_head":"<!-- This site is optimized with the Yoast SEO plugin v27.2 - https:\/\/yoast.com\/product\/yoast-seo-wordpress\/ -->\n<title>La Confr\u00e9rie des Cent Cols sur le site Cycliste.ch, le site des Cyclistes romands - Club des Cent Cols<\/title>\n<meta name=\"robots\" content=\"index, follow, max-snippet:-1, max-image-preview:large, max-video-preview:-1\" \/>\n<link rel=\"canonical\" href=\"https:\/\/centcols.org\/en\/the-hundred-passes-on-the-cycling-site-ch\/\" \/>\n<meta property=\"og:locale\" content=\"en_GB\" \/>\n<meta property=\"og:type\" content=\"article\" \/>\n<meta property=\"og:title\" content=\"La Confr\u00e9rie des Cent Cols sur le site Cycliste.ch, le site des Cyclistes romands - Club des Cent Cols\" \/>\n<meta property=\"og:description\" content=\"Martin Diener pr\u00e9sente le Club des Cent Cols sur le site cycliste.ch. Lanc\u00e9 en 2017 par des passionn\u00e9s pour des passionn\u00e9s, le site regroupe toutes les informations relatives \u00e0 la pratique du v\u00e9lo de route en Suisse romande. Les News, le Calendrier des Cyclosportives, des conseils et pleins d\u2019autres informations pour pratiquer tout en se [&hellip;]\" \/>\n<meta property=\"og:url\" content=\"https:\/\/centcols.org\/en\/the-hundred-passes-on-the-cycling-site-ch\/\" \/>\n<meta property=\"og:site_name\" content=\"Club des Cent Cols\" \/>\n<meta property=\"article:publisher\" content=\"https:\/\/www.facebook.com\/groups\/5261880558\/?locale=fr_FR\" \/>\n<meta property=\"article:published_time\" content=\"2026-02-21T19:11:21+00:00\" \/>\n<meta property=\"article:modified_time\" content=\"2026-02-22T09:44:38+00:00\" \/>\n<meta property=\"og:image\" content=\"https:\/\/centcols.org\/wp-content\/uploads\/2026\/02\/ccols-sitech.jpg\" \/>\n\t<meta property=\"og:image:width\" content=\"834\" \/>\n\t<meta property=\"og:image:height\" content=\"443\" \/>\n\t<meta property=\"og:image:type\" content=\"image\/jpeg\" \/>\n<meta name=\"author\" content=\"R\u00e9gis Paraz\" \/>\n<meta name=\"twitter:card\" content=\"summary_large_image\" \/>\n<meta name=\"twitter:label1\" content=\"Written by\" \/>\n\t<meta name=\"twitter:data1\" content=\"R\u00e9gis Paraz\" \/>\n\t<meta name=\"twitter:label2\" content=\"Estimated reading time\" \/>\n\t<meta name=\"twitter:data2\" content=\"1 minute\" \/>\n<script type=\"application\/ld+json\" class=\"yoast-schema-graph\">{\"@context\":\"https:\/\/schema.org\",\"@graph\":[{\"@type\":\"Article\",\"@id\":\"https:\/\/centcols.org\/les-cent-cols-sur-le-site-cycliste-ch\/#article\",\"isPartOf\":{\"@id\":\"https:\/\/centcols.org\/les-cent-cols-sur-le-site-cycliste-ch\/\"},\"author\":{\"name\":\"R\u00e9gis Paraz\",\"@id\":\"https:\/\/centcols.org\/#\/schema\/person\/6733615a03fdc98c0aef104567c81e13\"},\"headline\":\"La Confr\u00e9rie des Cent Cols sur le site Cycliste.ch, le site des Cyclistes romands\",\"datePublished\":\"2026-02-21T19:11:21+00:00\",\"dateModified\":\"2026-02-22T09:44:38+00:00\",\"mainEntityOfPage\":{\"@id\":\"https:\/\/centcols.org\/les-cent-cols-sur-le-site-cycliste-ch\/\"},\"wordCount\":182,\"commentCount\":2,\"publisher\":{\"@id\":\"https:\/\/centcols.org\/#organization\"},\"image\":{\"@id\":\"https:\/\/centcols.org\/les-cent-cols-sur-le-site-cycliste-ch\/#primaryimage\"},\"thumbnailUrl\":\"https:\/\/centcols.org\/wp-content\/uploads\/2026\/02\/ccols-sitech.jpg\",\"articleSection\":[\"Revue de presse\"],\"inLanguage\":\"en-GB\",\"potentialAction\":[{\"@type\":\"CommentAction\",\"name\":\"Comment\",\"target\":[\"https:\/\/centcols.org\/les-cent-cols-sur-le-site-cycliste-ch\/#respond\"]}]},{\"@type\":\"WebPage\",\"@id\":\"https:\/\/centcols.org\/les-cent-cols-sur-le-site-cycliste-ch\/\",\"url\":\"https:\/\/centcols.org\/les-cent-cols-sur-le-site-cycliste-ch\/\",\"name\":\"La Confr\u00e9rie des Cent Cols sur le site Cycliste.ch, le site des Cyclistes romands - Club des Cent Cols\",\"isPartOf\":{\"@id\":\"https:\/\/centcols.org\/#website\"},\"primaryImageOfPage\":{\"@id\":\"https:\/\/centcols.org\/les-cent-cols-sur-le-site-cycliste-ch\/#primaryimage\"},\"image\":{\"@id\":\"https:\/\/centcols.org\/les-cent-cols-sur-le-site-cycliste-ch\/#primaryimage\"},\"thumbnailUrl\":\"https:\/\/centcols.org\/wp-content\/uploads\/2026\/02\/ccols-sitech.jpg\",\"datePublished\":\"2026-02-21T19:11:21+00:00\",\"dateModified\":\"2026-02-22T09:44:38+00:00\",\"breadcrumb\":{\"@id\":\"https:\/\/centcols.org\/les-cent-cols-sur-le-site-cycliste-ch\/#breadcrumb\"},\"inLanguage\":\"en-GB\",\"potentialAction\":[{\"@type\":\"ReadAction\",\"target\":[\"https:\/\/centcols.org\/les-cent-cols-sur-le-site-cycliste-ch\/\"]}]},{\"@type\":\"ImageObject\",\"inLanguage\":\"en-GB\",\"@id\":\"https:\/\/centcols.org\/les-cent-cols-sur-le-site-cycliste-ch\/#primaryimage\",\"url\":\"https:\/\/centcols.org\/wp-content\/uploads\/2026\/02\/ccols-sitech.jpg\",\"contentUrl\":\"https:\/\/centcols.org\/wp-content\/uploads\/2026\/02\/ccols-sitech.jpg\",\"width\":834,\"height\":443},{\"@type\":\"BreadcrumbList\",\"@id\":\"https:\/\/centcols.org\/les-cent-cols-sur-le-site-cycliste-ch\/#breadcrumb\",\"itemListElement\":[{\"@type\":\"ListItem\",\"position\":1,\"name\":\"Accueil\",\"item\":\"https:\/\/centcols.org\/\"},{\"@type\":\"ListItem\",\"position\":2,\"name\":\"Gazette\",\"item\":\"https:\/\/centcols.org\/rubrique\/gazette\/\"},{\"@type\":\"ListItem\",\"position\":3,\"name\":\"Revue de presse\",\"item\":\"https:\/\/centcols.org\/rubrique\/gazette\/revue-de-presse\/\"},{\"@type\":\"ListItem\",\"position\":4,\"name\":\"La Confr\u00e9rie des Cent Cols sur le site Cycliste.ch, le site des Cyclistes romands\"}]},{\"@type\":\"WebSite\",\"@id\":\"https:\/\/centcols.org\/#website\",\"url\":\"https:\/\/centcols.org\/\",\"name\":\"Club des Cent Cols\",\"description\":\"\",\"publisher\":{\"@id\":\"https:\/\/centcols.org\/#organization\"},\"potentialAction\":[{\"@type\":\"SearchAction\",\"target\":{\"@type\":\"EntryPoint\",\"urlTemplate\":\"https:\/\/centcols.org\/?s={search_term_string}\"},\"query-input\":{\"@type\":\"PropertyValueSpecification\",\"valueRequired\":true,\"valueName\":\"search_term_string\"}}],\"inLanguage\":\"en-GB\"},{\"@type\":\"Organization\",\"@id\":\"https:\/\/centcols.org\/#organization\",\"name\":\"Club des Cent Cols\",\"url\":\"https:\/\/centcols.org\/\",\"logo\":{\"@type\":\"ImageObject\",\"inLanguage\":\"en-GB\",\"@id\":\"https:\/\/centcols.org\/#\/schema\/logo\/image\/\",\"url\":\"https:\/\/centcols.org\/wp-content\/uploads\/2025\/01\/carte-icone.png\",\"contentUrl\":\"https:\/\/centcols.org\/wp-content\/uploads\/2025\/01\/carte-icone.png\",\"width\":250,\"height\":250,\"caption\":\"Club des Cent Cols\"},\"image\":{\"@id\":\"https:\/\/centcols.org\/#\/schema\/logo\/image\/\"},\"sameAs\":[\"https:\/\/www.facebook.com\/groups\/5261880558\/?locale=fr_FR\"]},{\"@type\":\"Person\",\"@id\":\"https:\/\/centcols.org\/#\/schema\/person\/6733615a03fdc98c0aef104567c81e13\",\"name\":\"R\u00e9gis Paraz\",\"image\":{\"@type\":\"ImageObject\",\"inLanguage\":\"en-GB\",\"@id\":\"https:\/\/centcols.org\/wp-content\/litespeed\/avatar\/e5679bd124a28f7319d109cd5c2c0dd7.jpg?ver=1777239746\",\"url\":\"https:\/\/centcols.org\/wp-content\/litespeed\/avatar\/e5679bd124a28f7319d109cd5c2c0dd7.jpg?ver=1777239746\",\"contentUrl\":\"https:\/\/centcols.org\/wp-content\/litespeed\/avatar\/e5679bd124a28f7319d109cd5c2c0dd7.jpg?ver=1777239746\",\"caption\":\"R\u00e9gis Paraz\"},\"url\":\"https:\/\/centcols.org\/en\/author\/3225\/\"}]}<\/script>\n<!-- \/ Yoast SEO plugin. -->","yoast_head_json":{"title":"The Confr\u00e9rie des Cent Cols on Cycliste.ch, the official website of French-speaking cyclists - Club des Cent Cols","robots":{"index":"index","follow":"follow","max-snippet":"max-snippet:-1","max-image-preview":"max-image-preview:large","max-video-preview":"max-video-preview:-1"},"canonical":"https:\/\/centcols.org\/en\/the-hundred-passes-on-the-cycling-site-ch\/","og_locale":"en_GB","og_type":"article","og_title":"La Confr\u00e9rie des Cent Cols sur le site Cycliste.ch, le site des Cyclistes romands - Club des Cent Cols","og_description":"Martin Diener pr\u00e9sente le Club des Cent Cols sur le site cycliste.ch. Lanc\u00e9 en 2017 par des passionn\u00e9s pour des passionn\u00e9s, le site regroupe toutes les informations relatives \u00e0 la pratique du v\u00e9lo de route en Suisse romande. Les News, le Calendrier des Cyclosportives, des conseils et pleins d\u2019autres informations pour pratiquer tout en se [&hellip;]","og_url":"https:\/\/centcols.org\/en\/the-hundred-passes-on-the-cycling-site-ch\/","og_site_name":"Club des Cent Cols","article_publisher":"https:\/\/www.facebook.com\/groups\/5261880558\/?locale=fr_FR","article_published_time":"2026-02-21T19:11:21+00:00","article_modified_time":"2026-02-22T09:44:38+00:00","og_image":[{"width":834,"height":443,"url":"https:\/\/centcols.org\/wp-content\/uploads\/2026\/02\/ccols-sitech.jpg","type":"image\/jpeg"}],"author":"R\u00e9gis Paraz","twitter_card":"summary_large_image","twitter_misc":{"Written by":"R\u00e9gis Paraz","Estimated reading time":"1 minute"},"schema":{"@context":"https:\/\/schema.org","@graph":[{"@type":"Article","@id":"https:\/\/centcols.org\/les-cent-cols-sur-le-site-cycliste-ch\/#article","isPartOf":{"@id":"https:\/\/centcols.org\/les-cent-cols-sur-le-site-cycliste-ch\/"},"author":{"name":"R\u00e9gis Paraz","@id":"https:\/\/centcols.org\/#\/schema\/person\/6733615a03fdc98c0aef104567c81e13"},"headline":"La Confr\u00e9rie des Cent Cols sur le site Cycliste.ch, le site des Cyclistes romands","datePublished":"2026-02-21T19:11:21+00:00","dateModified":"2026-02-22T09:44:38+00:00","mainEntityOfPage":{"@id":"https:\/\/centcols.org\/les-cent-cols-sur-le-site-cycliste-ch\/"},"wordCount":182,"commentCount":2,"publisher":{"@id":"https:\/\/centcols.org\/#organization"},"image":{"@id":"https:\/\/centcols.org\/les-cent-cols-sur-le-site-cycliste-ch\/#primaryimage"},"thumbnailUrl":"https:\/\/centcols.org\/wp-content\/uploads\/2026\/02\/ccols-sitech.jpg","articleSection":["Revue de presse"],"inLanguage":"en-GB","potentialAction":[{"@type":"CommentAction","name":"Comment","target":["https:\/\/centcols.org\/les-cent-cols-sur-le-site-cycliste-ch\/#respond"]}]},{"@type":"WebPage","@id":"https:\/\/centcols.org\/les-cent-cols-sur-le-site-cycliste-ch\/","url":"https:\/\/centcols.org\/les-cent-cols-sur-le-site-cycliste-ch\/","name":"The Confr\u00e9rie des Cent Cols on Cycliste.ch, the official website of French-speaking cyclists - Club des Cent Cols","isPartOf":{"@id":"https:\/\/centcols.org\/#website"},"primaryImageOfPage":{"@id":"https:\/\/centcols.org\/les-cent-cols-sur-le-site-cycliste-ch\/#primaryimage"},"image":{"@id":"https:\/\/centcols.org\/les-cent-cols-sur-le-site-cycliste-ch\/#primaryimage"},"thumbnailUrl":"https:\/\/centcols.org\/wp-content\/uploads\/2026\/02\/ccols-sitech.jpg","datePublished":"2026-02-21T19:11:21+00:00","dateModified":"2026-02-22T09:44:38+00:00","breadcrumb":{"@id":"https:\/\/centcols.org\/les-cent-cols-sur-le-site-cycliste-ch\/#breadcrumb"},"inLanguage":"en-GB","potentialAction":[{"@type":"ReadAction","target":["https:\/\/centcols.org\/les-cent-cols-sur-le-site-cycliste-ch\/"]}]},{"@type":"ImageObject","inLanguage":"en-GB","@id":"https:\/\/centcols.org\/les-cent-cols-sur-le-site-cycliste-ch\/#primaryimage","url":"https:\/\/centcols.org\/wp-content\/uploads\/2026\/02\/ccols-sitech.jpg","contentUrl":"https:\/\/centcols.org\/wp-content\/uploads\/2026\/02\/ccols-sitech.jpg","width":834,"height":443},{"@type":"BreadcrumbList","@id":"https:\/\/centcols.org\/les-cent-cols-sur-le-site-cycliste-ch\/#breadcrumb","itemListElement":[{"@type":"ListItem","position":1,"name":"Accueil","item":"https:\/\/centcols.org\/"},{"@type":"ListItem","position":2,"name":"Gazette","item":"https:\/\/centcols.org\/rubrique\/gazette\/"},{"@type":"ListItem","position":3,"name":"Revue de presse","item":"https:\/\/centcols.org\/rubrique\/gazette\/revue-de-presse\/"},{"@type":"ListItem","position":4,"name":"La Confr\u00e9rie des Cent Cols sur le site Cycliste.ch, le site des Cyclistes romands"}]},{"@type":"WebSite","@id":"https:\/\/centcols.org\/#website","url":"https:\/\/centcols.org\/","name":"Club des Cent Cols","description":"","publisher":{"@id":"https:\/\/centcols.org\/#organization"},"potentialAction":[{"@type":"SearchAction","target":{"@type":"EntryPoint","urlTemplate":"https:\/\/centcols.org\/?s={search_term_string}"},"query-input":{"@type":"PropertyValueSpecification","valueRequired":true,"valueName":"search_term_string"}}],"inLanguage":"en-GB"},{"@type":"Organization","@id":"https:\/\/centcols.org\/#organization","name":"Club des Cent Cols","url":"https:\/\/centcols.org\/","logo":{"@type":"ImageObject","inLanguage":"en-GB","@id":"https:\/\/centcols.org\/#\/schema\/logo\/image\/","url":"https:\/\/centcols.org\/wp-content\/uploads\/2025\/01\/carte-icone.png","contentUrl":"https:\/\/centcols.org\/wp-content\/uploads\/2025\/01\/carte-icone.png","width":250,"height":250,"caption":"Club des Cent Cols"},"image":{"@id":"https:\/\/centcols.org\/#\/schema\/logo\/image\/"},"sameAs":["https:\/\/www.facebook.com\/groups\/5261880558\/?locale=fr_FR"]},{"@type":"Person","@id":"https:\/\/centcols.org\/#\/schema\/person\/6733615a03fdc98c0aef104567c81e13","name":"R\u00e9gis Paraz","image":{"@type":"ImageObject","inLanguage":"en-GB","@id":"https:\/\/centcols.org\/wp-content\/litespeed\/avatar\/e5679bd124a28f7319d109cd5c2c0dd7.jpg?ver=1777239746","url":"https:\/\/centcols.org\/wp-content\/litespeed\/avatar\/e5679bd124a28f7319d109cd5c2c0dd7.jpg?ver=1777239746","contentUrl":"https:\/\/centcols.org\/wp-content\/litespeed\/avatar\/e5679bd124a28f7319d109cd5c2c0dd7.jpg?ver=1777239746","caption":"R\u00e9gis Paraz"},"url":"https:\/\/centcols.org\/en\/author\/3225\/"}]}},"_links":{"self":[{"href":"https:\/\/centcols.org\/en\/wp-json\/wp\/v2\/posts\/94232","targetHints":{"allow":["GET"]}}],"collection":[{"href":"https:\/\/centcols.org\/en\/wp-json\/wp\/v2\/posts"}],"about":[{"href":"https:\/\/centcols.org\/en\/wp-json\/wp\/v2\/types\/post"}],"author":[{"embeddable":true,"href":"https:\/\/centcols.org\/en\/wp-json\/wp\/v2\/users\/5112"}],"replies":[{"embeddable":true,"href":"https:\/\/centcols.org\/en\/wp-json\/wp\/v2\/comments?post=94232"}],"version-history":[{"count":0,"href":"https:\/\/centcols.org\/en\/wp-json\/wp\/v2\/posts\/94232\/revisions"}],"wp:featuredmedia":[{"embeddable":true,"href":"https:\/\/centcols.org\/en\/wp-json\/wp\/v2\/media\/94233"}],"wp:attachment":[{"href":"https:\/\/centcols.org\/en\/wp-json\/wp\/v2\/media?parent=94232"}],"wp:term":[{"taxonomy":"category","embeddable":true,"href":"https:\/\/centcols.org\/en\/wp-json\/wp\/v2\/categories?post=94232"},{"taxonomy":"post_tag","embeddable":true,"href":"https:\/\/centcols.org\/en\/wp-json\/wp\/v2\/tags?post=94232"}],"curies":[{"name":"wp","href":"https:\/\/api.w.org\/{rel}","templated":true}]}}