{"id":95257,"date":"2026-04-18T06:26:58","date_gmt":"2026-04-18T04:26:58","guid":{"rendered":"https:\/\/centcols.org\/?p=95257"},"modified":"2026-04-18T06:56:09","modified_gmt":"2026-04-18T04:56:09","slug":"press-review-radio-videos-archives","status":"publish","type":"post","link":"https:\/\/centcols.org\/en\/revue-de-presse-radio-videos-archives\/","title":{"rendered":"Press, radio &amp; video review - Archives"},"content":{"rendered":"<p>Here you can find all the press articles, radio programmes and videos devoted to the Club des Cent Cols between 1990 and 2022.<\/p>\n\n\n\n<details class=\"wp-block-details has-medium-font-size is-layout-flow wp-block-details-is-layout-flow\"><summary>Before 2010<\/summary>\n<div style=\"height:20px\" aria-hidden=\"true\" class=\"wp-block-spacer\"><\/div>\n\n\n\n<div class=\"wp-block-query is-layout-flow wp-block-query-is-layout-flow\"><ul class=\"wp-block-post-template is-layout-flow wp-block-post-template-is-layout-flow\"><li class=\"wp-block-post post-79304 post type-post status-publish format-standard has-post-thumbnail hentry category-articles-de-presse-et-videos category-476\">\n\n<div style=\"height:15px\" aria-hidden=\"true\" class=\"wp-block-spacer\"><\/div>\n\n\n<h5 class=\"wp-block-post-title\"><a href=\"https:\/\/centcols.org\/en\/le-cycle-juin-1990\/\" target=\"_self\" >The June 1990 cycle<\/a><\/h5>\n<\/li><li class=\"wp-block-post post-95273 post type-post status-publish format-standard hentry category-476\">\n\n<div style=\"height:15px\" aria-hidden=\"true\" class=\"wp-block-spacer\"><\/div>\n\n\n<h5 class=\"wp-block-post-title\"><a href=\"https:\/\/centcols.org\/en\/disparition-de-louis-nucera-2\/\" target=\"_self\" >13\/08\/00 : Death of Louis Nucera. Michel de Br\u00e9bisson wished to reproduce the article in Le Monde written by one of Louis' friends<\/a><\/h5>\n<\/li><li class=\"wp-block-post post-95275 post type-post status-publish format-standard hentry category-476\">\n\n<div style=\"height:15px\" aria-hidden=\"true\" class=\"wp-block-spacer\"><\/div>\n\n\n<h5 class=\"wp-block-post-title\"><a href=\"https:\/\/centcols.org\/en\/louis-nucera-article-monde\/\" target=\"_self\" >23\/09\/00: Michel de Br\u00e9bisson sends us an article published in Le Monde on 13\/09\/2000<\/a><\/h5>\n<\/li><li class=\"wp-block-post post-95277 post type-post status-publish format-standard has-post-thumbnail hentry category-477\">\n\n<div style=\"height:15px\" aria-hidden=\"true\" class=\"wp-block-spacer\"><\/div>\n\n\n<h5 class=\"wp-block-post-title\"><a href=\"https:\/\/centcols.org\/en\/27-12-02-un-article-consacre-au-professeur-claude-got-n1861-paru-dans-le-panorama-du-medecin-du-10-10-02-2\/\" target=\"_self\" >27\/12\/02: An article devoted to Professor Claude Got (N\u00b01861) published in the \"Panorama du m\u00e9decin\" on 10\/10\/02.<\/a><\/h5>\n<\/li><li class=\"wp-block-post post-95280 post type-post status-publish format-standard hentry category-475\">\n\n<div style=\"height:15px\" aria-hidden=\"true\" class=\"wp-block-spacer\"><\/div>\n\n\n<h5 class=\"wp-block-post-title\"><a href=\"https:\/\/centcols.org\/en\/article-de-presse-cyclotourisme-juin-2004\/\" target=\"_self\" >21\/06\/04: Cyclotourisme press article, June 2004<\/a><\/h5>\n<\/li><li class=\"wp-block-post post-95282 post type-post status-publish format-standard has-post-thumbnail hentry category-475\">\n\n<div style=\"height:15px\" aria-hidden=\"true\" class=\"wp-block-spacer\"><\/div>\n\n\n<h5 class=\"wp-block-post-title\"><a href=\"https:\/\/centcols.org\/en\/sept-cols-en-24-heures\/\" target=\"_self\" >27\/08\/04: seven passes in 24 hours!<\/a><\/h5>\n<\/li><li class=\"wp-block-post post-95285 post type-post status-publish format-standard has-post-thumbnail hentry category-475\">\n\n<div style=\"height:15px\" aria-hidden=\"true\" class=\"wp-block-spacer\"><\/div>\n\n\n<h5 class=\"wp-block-post-title\"><a href=\"https:\/\/centcols.org\/en\/26-10-04-article-de-presse-paru-dans-cyclo-passion-de-juillet-2004-2\/\" target=\"_self\" >26\/10\/04: press article published in Cyclo-passion in July 2004<\/a><\/h5>\n<\/li><li class=\"wp-block-post post-95288 post type-post status-publish format-standard has-post-thumbnail hentry category-479\">\n\n<div style=\"height:15px\" aria-hidden=\"true\" class=\"wp-block-spacer\"><\/div>\n\n\n<h5 class=\"wp-block-post-title\"><a href=\"https:\/\/centcols.org\/en\/article-du-dauphine-libere-avril-2005\/\" target=\"_self\" >16\/05\/05: article from the Dauphin\u00e9 Lib\u00e9r\u00e9 dated 27 April 2005: passionate pass hunters<\/a><\/h5>\n<\/li><li class=\"wp-block-post post-95291 post type-post status-publish format-standard has-post-thumbnail hentry category-479\">\n\n<div style=\"height:15px\" aria-hidden=\"true\" class=\"wp-block-spacer\"><\/div>\n\n\n<h5 class=\"wp-block-post-title\"><a href=\"https:\/\/centcols.org\/en\/22-05-05-article-de-lhebdo-des-savoies-du-22-avril-2005-le-club-des-cent-cols-2\/\" target=\"_self\" >22\/05\/05 : article in the Hebdo des Savoies of 22 April 2005: the Club des Cent Cols<\/a><\/h5>\n<\/li><li class=\"wp-block-post post-95294 post type-post status-publish format-standard has-post-thumbnail hentry category-479\">\n\n<div style=\"height:15px\" aria-hidden=\"true\" class=\"wp-block-spacer\"><\/div>\n\n\n<h5 class=\"wp-block-post-title\"><a href=\"https:\/\/centcols.org\/en\/rticle-du-dauphine-libere-juin-2005\/\" target=\"_self\" >22\/06\/05: article in the Dauphin\u00e9-Lib\u00e9r\u00e9 of 18 June 2005: Jean Perdoux's 1000th mountain pass<\/a><\/h5>\n<\/li><li class=\"wp-block-post post-95297 post type-post status-publish format-standard has-post-thumbnail hentry category-479\">\n\n<div style=\"height:15px\" aria-hidden=\"true\" class=\"wp-block-spacer\"><\/div>\n\n\n<h5 class=\"wp-block-post-title\"><a href=\"https:\/\/centcols.org\/en\/article-du-midi-libre-juillet-2005\/\" target=\"_self\" >15\/07\/05: article from the Midi-Libre of 4 July 2005<\/a><\/h5>\n<\/li><li class=\"wp-block-post post-95300 post type-post status-publish format-standard hentry category-479\">\n\n<div style=\"height:15px\" aria-hidden=\"true\" class=\"wp-block-spacer\"><\/div>\n\n\n<h5 class=\"wp-block-post-title\"><a href=\"https:\/\/centcols.org\/en\/chronique-de-philippe-reltienr-france-inter\/\" target=\"_self\" >22\/07\/05: Find out more about Philippe Reltien's column on France-Inter on 19 July 2005<\/a><\/h5>\n<\/li><li class=\"wp-block-post post-95303 post type-post status-publish format-standard has-post-thumbnail hentry category-479\">\n\n<div style=\"height:15px\" aria-hidden=\"true\" class=\"wp-block-spacer\"><\/div>\n\n\n<h5 class=\"wp-block-post-title\"><a href=\"https:\/\/centcols.org\/en\/blif-bulletin-de-la-ligue-ile-de-france\/\" target=\"_self\" >28\/07\/05: Extract from BLIF (bulletin de la ligue Ile de France)<\/a><\/h5>\n<\/li><li class=\"wp-block-post post-95306 post type-post status-publish format-standard hentry category-479\">\n\n<div style=\"height:15px\" aria-hidden=\"true\" class=\"wp-block-spacer\"><\/div>\n\n\n<h5 class=\"wp-block-post-title\"><a href=\"https:\/\/centcols.org\/en\/extrait-de-lemission-de-radio-de-stephane-conchon\/\" target=\"_self\" >27\/08\/05: Listen to an extract from St\u00e9phane Conchon's radio programme \"Laissez-vous transporter\".<\/a><\/h5>\n<\/li><li class=\"wp-block-post post-95309 post type-post status-publish format-standard has-post-thumbnail hentry category-479\">\n\n<div style=\"height:15px\" aria-hidden=\"true\" class=\"wp-block-spacer\"><\/div>\n\n\n<h5 class=\"wp-block-post-title\"><a href=\"https:\/\/centcols.org\/en\/dominique-bonnemain-ardent-defenseur-du-cyclisme\/\" target=\"_self\" >12\/11\/05: Press article published in the autumn 2005 issue of \"V\u00e9lo Romand\" magazine: Dominique Bonnemain, ardent defender of cycling<\/a><\/h5>\n<\/li><li class=\"wp-block-post post-95312 post type-post status-publish format-standard has-post-thumbnail hentry category-479\">\n\n<div style=\"height:15px\" aria-hidden=\"true\" class=\"wp-block-spacer\"><\/div>\n\n\n<h5 class=\"wp-block-post-title\"><a href=\"https:\/\/centcols.org\/en\/tijd-du-2-juillet-2005\/\" target=\"_self\" >28\/12\/05: Press article published in De TIJD on 2 July 2005<\/a><\/h5>\n<\/li><li class=\"wp-block-post post-95320 post type-post status-publish format-standard has-post-thumbnail hentry category-480\">\n\n<div style=\"height:15px\" aria-hidden=\"true\" class=\"wp-block-spacer\"><\/div>\n\n\n<h5 class=\"wp-block-post-title\"><a href=\"https:\/\/centcols.org\/en\/depeche-du-midi-du-9-janvier-2006\/\" target=\"_self\" >11\/01\/06: Press article published in La D\u00e9p\u00eache du Midi on 9 January 2006<\/a><\/h5>\n<\/li><li class=\"wp-block-post post-95323 post type-post status-publish format-standard has-post-thumbnail hentry category-480\">\n\n<div style=\"height:15px\" aria-hidden=\"true\" class=\"wp-block-spacer\"><\/div>\n\n\n<h5 class=\"wp-block-post-title\"><a href=\"https:\/\/centcols.org\/en\/nord-eclair-du-3-novembre-2005\/\" target=\"_self\" >02\/02\/06: Press article published in Nord-Eclair on 3 November 2005<\/a><\/h5>\n<\/li><li class=\"wp-block-post post-95326 post type-post status-publish format-standard has-post-thumbnail hentry category-480\">\n\n<div style=\"height:15px\" aria-hidden=\"true\" class=\"wp-block-spacer\"><\/div>\n\n\n<h5 class=\"wp-block-post-title\"><a href=\"https:\/\/centcols.org\/en\/gazette-des-sports21\/\" target=\"_self\" >11\/02\/06: Press article published in Gazette des Sports No. 21<\/a><\/h5>\n<\/li><li class=\"wp-block-post post-95327 post type-post status-publish format-standard has-post-thumbnail hentry category-480\">\n\n<div style=\"height:15px\" aria-hidden=\"true\" class=\"wp-block-spacer\"><\/div>\n\n\n<h5 class=\"wp-block-post-title\"><a href=\"https:\/\/centcols.org\/en\/cycle-mag-fevrier-2006\/\" target=\"_self\" >02\/03\/06: Press article published in Cycle-mag in February 2006<\/a><\/h5>\n<\/li><li class=\"wp-block-post post-95328 post type-post status-publish format-standard has-post-thumbnail hentry category-480\">\n\n<div style=\"height:15px\" aria-hidden=\"true\" class=\"wp-block-spacer\"><\/div>\n\n\n<h5 class=\"wp-block-post-title\"><a href=\"https:\/\/centcols.org\/en\/republicain-lorrain-18-mars-2006\/\" target=\"_self\" >26\/03\/06: Press article published in the R\u00e9publicain Lorrain on 18 March 2006<\/a><\/h5>\n<\/li><li class=\"wp-block-post post-95330 post type-post status-publish format-standard has-post-thumbnail hentry category-480\">\n\n<div style=\"height:15px\" aria-hidden=\"true\" class=\"wp-block-spacer\"><\/div>\n\n\n<h5 class=\"wp-block-post-title\"><a href=\"https:\/\/centcols.org\/en\/le-cycle-de-juin-2006\/\" target=\"_self\" >30\/05\/06: Two press articles published in Le Cycle in June 2006<\/a><\/h5>\n<\/li><li class=\"wp-block-post post-95329 post type-post status-publish format-standard has-post-thumbnail hentry category-480\">\n\n<div style=\"height:15px\" aria-hidden=\"true\" class=\"wp-block-spacer\"><\/div>\n\n\n<h5 class=\"wp-block-post-title\"><a href=\"https:\/\/centcols.org\/en\/christophe-riviere\/\" target=\"_self\" >15\/05\/06: Press article published in the Dauphin\u00e9-Lib\u00e9r\u00e9 on 3 May 2006. Christophe Rivi\u00e8re is a priest and a member of the Club des Cent Cols.<\/a><\/h5>\n<\/li><li class=\"wp-block-post post-95331 post type-post status-publish format-standard has-post-thumbnail hentry category-480\">\n\n<div style=\"height:15px\" aria-hidden=\"true\" class=\"wp-block-spacer\"><\/div>\n\n\n<h5 class=\"wp-block-post-title\"><a href=\"https:\/\/centcols.org\/en\/nouveau-col-pyrenees\/\" target=\"_self\" >14\/09\/06 : Press article: A new pass in the Pyrenees<\/a><\/h5>\n<\/li><li class=\"wp-block-post post-81186 post type-post status-publish format-standard hentry category-250\">\n\n<div style=\"height:15px\" aria-hidden=\"true\" class=\"wp-block-spacer\"><\/div>\n\n\n<h5 class=\"wp-block-post-title\"><a href=\"https:\/\/centcols.org\/en\/extrait-du-bulletin-municipal-de-mollans\/\" target=\"_self\" >29\/03\/2007 Extract from the Mollans municipal bulletin.<\/a><\/h5>\n<\/li><li class=\"wp-block-post post-81182 post type-post status-publish format-standard has-post-thumbnail hentry category-250\">\n\n<div style=\"height:15px\" aria-hidden=\"true\" class=\"wp-block-spacer\"><\/div>\n\n\n<h5 class=\"wp-block-post-title\"><a href=\"https:\/\/centcols.org\/en\/extrait-magazine-entreprises-rhone-alpes-pierre-brivet\/\" target=\"_self\" >26\/04\/2007 Extract from Entreprises Rh\u00f4ne-Alpes magazine: Pierre Brivet, the man with 6,000 summits.<\/a><\/h5>\n<\/li><li class=\"wp-block-post post-95347 post type-post status-publish format-standard has-post-thumbnail hentry category-250\">\n\n<div style=\"height:15px\" aria-hidden=\"true\" class=\"wp-block-spacer\"><\/div>\n\n\n<h5 class=\"wp-block-post-title\"><a href=\"https:\/\/centcols.org\/en\/dauphine-libere-mai-2007\/\" target=\"_self\" >18\/04\/2007 Press article published in the Dauphin\u00e9-Lib\u00e9r\u00e9 on 15 May 2007. (Christophe Rivi\u00e8re is a priest and a member of the Club des Cent Cols).<\/a><\/h5>\n<\/li><li class=\"wp-block-post post-95348 post type-post status-publish format-standard hentry category-250\">\n\n<div style=\"height:15px\" aria-hidden=\"true\" class=\"wp-block-spacer\"><\/div>\n\n\n<h5 class=\"wp-block-post-title\"><a href=\"https:\/\/centcols.org\/en\/interview-jp-adam\/\" target=\"_self\" >29\/07\/2007 Interview with Jean-Pierre Adam during the legendary stage of the Tour de France<\/a><\/h5>\n<\/li><li class=\"wp-block-post post-95350 post type-post status-publish format-standard has-post-thumbnail hentry category-250\">\n\n<div style=\"height:15px\" aria-hidden=\"true\" class=\"wp-block-spacer\"><\/div>\n\n\n<h5 class=\"wp-block-post-title\"><a href=\"https:\/\/centcols.org\/en\/cyclotourisme-octobre-2007\/\" target=\"_self\" >21\/10\/2007 Article from the October 2007 issue of Cyclotourisme magazine<\/a><\/h5>\n<\/li><li class=\"wp-block-post post-95351 post type-post status-publish format-standard hentry category-250\">\n\n<div style=\"height:15px\" aria-hidden=\"true\" class=\"wp-block-spacer\"><\/div>\n\n\n<h5 class=\"wp-block-post-title\"><a href=\"https:\/\/centcols.org\/en\/voyage-gerard-gruffat-2007\/\" target=\"_self\" >19\/12\/2007 Two press articles on G\u00e9rard Gruffat's trip (N\u00b05987) to Northern Europe<\/a><\/h5>\n<\/li><li class=\"wp-block-post post-81230 post type-post status-publish format-standard has-post-thumbnail hentry category-249\">\n\n<div style=\"height:15px\" aria-hidden=\"true\" class=\"wp-block-spacer\"><\/div>\n\n\n<h5 class=\"wp-block-post-title\"><a href=\"https:\/\/centcols.org\/en\/articles-de-la-revue-cyclotourisme\/\" target=\"_self\" >14\/01\/2008 Articles from Cyclotourisme magazine<\/a><\/h5>\n<\/li><li class=\"wp-block-post post-81229 post type-post status-publish format-standard hentry category-249\">\n\n<div style=\"height:15px\" aria-hidden=\"true\" class=\"wp-block-spacer\"><\/div>\n\n\n<h5 class=\"wp-block-post-title\"><a href=\"https:\/\/centcols.org\/en\/article-de-presse-des-nouvelles-caledonniennes-du-30-janvier-2008\/\" target=\"_self\" >16\/02\/2008 Press article in Nouvelles Cal\u00e9donniennes dated 30 January 2008<\/a><\/h5>\n<\/li><li class=\"wp-block-post post-81227 post type-post status-publish format-standard has-post-thumbnail hentry category-249\">\n\n<div style=\"height:15px\" aria-hidden=\"true\" class=\"wp-block-spacer\"><\/div>\n\n\n<h5 class=\"wp-block-post-title\"><a href=\"https:\/\/centcols.org\/en\/article-de-presse-de-sud-ouest-du-08-mars-2008\/\" target=\"_self\" >08\/03\/2008 Press article from Sud-Ouest dated 08 March 2008<\/a><\/h5>\n<\/li><li class=\"wp-block-post post-95475 post type-post status-publish format-standard has-post-thumbnail hentry category-249\">\n\n<div style=\"height:15px\" aria-hidden=\"true\" class=\"wp-block-spacer\"><\/div>\n\n\n<h5 class=\"wp-block-post-title\"><a href=\"https:\/\/centcols.org\/en\/au-depart-du-paris-pekin\/\" target=\"_self\" >20\/03\/2008 The Cent-Cols at the start of the Paris-Beijing race<\/a><\/h5>\n<\/li><li class=\"wp-block-post post-81184 post type-post status-publish format-standard has-post-thumbnail hentry category-249\">\n\n<div style=\"height:15px\" aria-hidden=\"true\" class=\"wp-block-spacer\"><\/div>\n\n\n<h5 class=\"wp-block-post-title\"><a href=\"https:\/\/centcols.org\/en\/article-de-presse-de-cyclotourisme-de-mai-2008\/\" target=\"_self\" >13\/05\/2008 Cyclotourisme press article, May 2008<\/a><\/h5>\n<\/li><li class=\"wp-block-post post-81180 post type-post status-publish format-standard has-post-thumbnail hentry category-249\">\n\n<div style=\"height:15px\" aria-hidden=\"true\" class=\"wp-block-spacer\"><\/div>\n\n\n<h5 class=\"wp-block-post-title\"><a href=\"https:\/\/centcols.org\/en\/26-05-08-article-de-presse-de-la-provence-du-17-mai-2008\/\" target=\"_self\" >26\/05\/08 Press article from La Provence dated 17 May 2008<\/a><\/h5>\n<\/li><li class=\"wp-block-post post-81176 post type-post status-publish format-standard has-post-thumbnail hentry category-249\">\n\n<div style=\"height:15px\" aria-hidden=\"true\" class=\"wp-block-spacer\"><\/div>\n\n\n<h5 class=\"wp-block-post-title\"><a href=\"https:\/\/centcols.org\/en\/article-de-presse-du-dauphine-libere-de-mai-2008\/\" target=\"_self\" >02\/06\/2008 Press article from Le Dauphin\u00e9-Lib\u00e9r\u00e9<\/a><\/h5>\n<\/li><li class=\"wp-block-post post-81153 post type-post status-publish format-standard has-post-thumbnail hentry category-249\">\n\n<div style=\"height:15px\" aria-hidden=\"true\" class=\"wp-block-spacer\"><\/div>\n\n\n<h5 class=\"wp-block-post-title\"><a href=\"https:\/\/centcols.org\/en\/article-de-presse-de-lhebdo-des-savoie-de-sept-2008\/\" target=\"_self\" >12\/09\/2008 Press article from Hebdo des Savoie<\/a><\/h5>\n<\/li><li class=\"wp-block-post post-81137 post type-post status-publish format-standard has-post-thumbnail hentry category-249\">\n\n<div style=\"height:15px\" aria-hidden=\"true\" class=\"wp-block-spacer\"><\/div>\n\n\n<h5 class=\"wp-block-post-title\"><a href=\"https:\/\/centcols.org\/en\/article-de-presse-du-midi-libre-du-28-septembre-2008\/\" target=\"_self\" >30\/09\/2008 Press article from Midi-Libre<\/a><\/h5>\n<\/li><li class=\"wp-block-post post-81143 post type-post status-publish format-standard has-post-thumbnail hentry category-249\">\n\n<div style=\"height:15px\" aria-hidden=\"true\" class=\"wp-block-spacer\"><\/div>\n\n\n<h5 class=\"wp-block-post-title\"><a href=\"https:\/\/centcols.org\/en\/article-de-presse-de-cyclotourisme-doctobre-2008\/\" target=\"_self\" >13\/10\/2008 Cyclotourisme press article, October 2008<\/a><\/h5>\n<\/li><li class=\"wp-block-post post-81141 post type-post status-publish format-standard has-post-thumbnail hentry category-249\">\n\n<div style=\"height:15px\" aria-hidden=\"true\" class=\"wp-block-spacer\"><\/div>\n\n\n<h5 class=\"wp-block-post-title\"><a href=\"https:\/\/centcols.org\/en\/article-de-presse-de-la-provence-du-28-octobre-2008\/\" target=\"_self\" >29\/10\/2008 Press article from La Provence<\/a><\/h5>\n<\/li><li class=\"wp-block-post post-81129 post type-post status-publish format-standard has-post-thumbnail hentry category-249\">\n\n<div style=\"height:15px\" aria-hidden=\"true\" class=\"wp-block-spacer\"><\/div>\n\n\n<h5 class=\"wp-block-post-title\"><a href=\"https:\/\/centcols.org\/en\/article-de-presse-de-lhebdo-des-savoie-du-6-novembre-2008\/\" target=\"_self\" >06\/11\/2008 Press article from L'Hebdo des Savoie<\/a><\/h5>\n<\/li><li class=\"wp-block-post post-81133 post type-post status-publish format-standard has-post-thumbnail hentry category-249\">\n\n<div style=\"height:15px\" aria-hidden=\"true\" class=\"wp-block-spacer\"><\/div>\n\n\n<h5 class=\"wp-block-post-title\"><a href=\"https:\/\/centcols.org\/en\/trois-articles-de-presse-sur-jean-claude-hiram\/\" target=\"_self\" >20\/11\/2008 Three press articles on Jean-Claude Hiram<\/a><\/h5>\n<\/li><li class=\"wp-block-post post-81131 post type-post status-publish format-standard has-post-thumbnail hentry category-249\">\n\n<div style=\"height:15px\" aria-hidden=\"true\" class=\"wp-block-spacer\"><\/div>\n\n\n<h5 class=\"wp-block-post-title\"><a href=\"https:\/\/centcols.org\/en\/article-de-presse-de-la-provence-du-23-novembre-2008\/\" target=\"_self\" >24\/11\/2008 Press article from La Provence<\/a><\/h5>\n<\/li><li class=\"wp-block-post post-81127 post type-post status-publish format-standard has-post-thumbnail hentry category-249\">\n\n<div style=\"height:15px\" aria-hidden=\"true\" class=\"wp-block-spacer\"><\/div>\n\n\n<h5 class=\"wp-block-post-title\"><a href=\"https:\/\/centcols.org\/en\/le-club-des-cent-cols-honore\/\" target=\"_self\" >11\/12\/2008 The Cent Cols Club honoured<\/a><\/h5>\n<\/li><li class=\"wp-block-post post-81125 post type-post status-publish format-standard has-post-thumbnail hentry category-249\">\n\n<div style=\"height:15px\" aria-hidden=\"true\" class=\"wp-block-spacer\"><\/div>\n\n\n<h5 class=\"wp-block-post-title\"><a href=\"https:\/\/centcols.org\/en\/article-de-presse-de-cyclotourisme-de-decembre-2008\/\" target=\"_self\" >28\/12\/2008 Cyclotourisme press article, December 2008<\/a><\/h5>\n<\/li><li class=\"wp-block-post post-81149 post type-post status-publish format-standard has-post-thumbnail hentry category-247\">\n\n<div style=\"height:15px\" aria-hidden=\"true\" class=\"wp-block-spacer\"><\/div>\n\n\n<h5 class=\"wp-block-post-title\"><a href=\"https:\/\/centcols.org\/en\/article-de-presse-du-republicain-lorrain-du-03-janvier-2009\/\" target=\"_self\" >13\/01\/2009 Press article from the R\u00e9publicain-Lorrain dated 03 January 2009<\/a><\/h5>\n<\/li><li class=\"wp-block-post post-81151 post type-post status-publish format-standard has-post-thumbnail hentry category-247\">\n\n<div style=\"height:15px\" aria-hidden=\"true\" class=\"wp-block-spacer\"><\/div>\n\n\n<h5 class=\"wp-block-post-title\"><a href=\"https:\/\/centcols.org\/en\/article-de-presse-du-dauphine-libere-du-05-janvier-2009\/\" target=\"_self\" >14\/01\/2009 Press article from Le Dauphin\u00e9-Lib\u00e9r\u00e9<\/a><\/h5>\n<\/li><li class=\"wp-block-post post-81147 post type-post status-publish format-standard has-post-thumbnail hentry category-247\">\n\n<div style=\"height:15px\" aria-hidden=\"true\" class=\"wp-block-spacer\"><\/div>\n\n\n<h5 class=\"wp-block-post-title\"><a href=\"https:\/\/centcols.org\/en\/03-06-09-interview-du-professeur-got-parue-dans-la-revue-tandem-de-mai-2009\/\" target=\"_self\" >03\/06\/09: Interview with Professor Got published in the May 2009 issue of Tandem magazine<\/a><\/h5>\n<\/li><li class=\"wp-block-post post-81145 post type-post status-publish format-standard has-post-thumbnail hentry category-247\">\n\n<div style=\"height:15px\" aria-hidden=\"true\" class=\"wp-block-spacer\"><\/div>\n\n\n<h5 class=\"wp-block-post-title\"><a href=\"https:\/\/centcols.org\/en\/couverture-de-la-revue-cyclotourisme-de-juin-2009-photo-de-francis-touzeau\/\" target=\"_self\" >10\/06\/2009 Cover of the June 2009 issue of Cyclotourisme (photo by Francis Touzeau)<\/a><\/h5>\n<\/li><li class=\"wp-block-post post-81117 post type-post status-publish format-standard has-post-thumbnail hentry category-247\">\n\n<div style=\"height:15px\" aria-hidden=\"true\" class=\"wp-block-spacer\"><\/div>\n\n\n<h5 class=\"wp-block-post-title\"><a href=\"https:\/\/centcols.org\/en\/2000eme-col-de-luigi-spina-sella-cercevesa-m-1870\/\" target=\"_self\" >14\/07\/2009 Luigi Spina's 2000th mountain pass: Sella Cercevesa - m.1870<\/a><\/h5>\n<\/li><li class=\"wp-block-post post-81113 post type-post status-publish format-standard has-post-thumbnail hentry category-247\">\n\n<div style=\"height:15px\" aria-hidden=\"true\" class=\"wp-block-spacer\"><\/div>\n\n\n<h5 class=\"wp-block-post-title\"><a href=\"https:\/\/centcols.org\/en\/article-de-presse-du-dauphine-libere-du-20-aout-2009\/\" target=\"_self\" >20\/08\/2009 Press article from Le Dauphin\u00e9-Lib\u00e9r\u00e9<\/a><\/h5>\n<\/li><li class=\"wp-block-post post-81052 post type-post status-publish format-standard has-post-thumbnail hentry category-247\">\n\n<div style=\"height:15px\" aria-hidden=\"true\" class=\"wp-block-spacer\"><\/div>\n\n\n<h5 class=\"wp-block-post-title\"><a href=\"https:\/\/centcols.org\/en\/article-de-presse-du-dauphine-libere-du-28-septembre-2009\/\" target=\"_self\" >28\/09\/2009 Press article from Le Dauphin\u00e9-Lib\u00e9r\u00e9<\/a><\/h5>\n<\/li><li class=\"wp-block-post post-81051 post type-post status-publish format-standard hentry category-247\">\n\n<div style=\"height:15px\" aria-hidden=\"true\" class=\"wp-block-spacer\"><\/div>\n\n\n<h5 class=\"wp-block-post-title\"><a href=\"https:\/\/centcols.org\/en\/concentration-velocio-au-col-de-pavezin-le-27-septembre-2009\/\" target=\"_self\" >28\/09\/2009 V\u00e9locio concentration at the Col de Pavezin on 27 September 2009<\/a><\/h5>\n<\/li><li class=\"wp-block-post post-81049 post type-post status-publish format-standard has-post-thumbnail hentry category-247\">\n\n<div style=\"height:15px\" aria-hidden=\"true\" class=\"wp-block-spacer\"><\/div>\n\n\n<h5 class=\"wp-block-post-title\"><a href=\"https:\/\/centcols.org\/en\/article-de-presse-de-tour-magazine-doctobre-2009\/\" target=\"_self\" >13\/10\/2009 Press article from Tour magazine, October 2009<\/a><\/h5>\n<\/li><\/ul>\n\n<\/div>\n<\/details>\n\n\n\n<details class=\"wp-block-details has-medium-font-size is-layout-flow wp-block-details-is-layout-flow\"><summary>Year 2010<\/summary>\n<div style=\"height:20px\" aria-hidden=\"true\" class=\"wp-block-spacer\"><\/div>\n\n\n\n<div class=\"wp-block-query is-layout-flow wp-block-query-is-layout-flow\"><ul class=\"wp-block-post-template is-layout-flow wp-block-post-template-is-layout-flow\"><li class=\"wp-block-post post-81036 post type-post status-publish format-standard has-post-thumbnail hentry category-articles-de-presse-et-videos category-240\">\n\n<div style=\"height:15px\" aria-hidden=\"true\" class=\"wp-block-spacer\"><\/div>\n\n\n<h5 class=\"wp-block-post-title\"><a href=\"https:\/\/centcols.org\/en\/article-de-presse-du-republicain-lorrain-du-24-janvier-2010\/\" target=\"_self\" >Press article from R\u00e9publicain-Lorrain dated 24 January 2010<\/a><\/h5>\n<\/li><li class=\"wp-block-post post-81028 post type-post status-publish format-standard has-post-thumbnail hentry category-articles-de-presse-et-videos category-240\">\n\n<div style=\"height:15px\" aria-hidden=\"true\" class=\"wp-block-spacer\"><\/div>\n\n\n<h5 class=\"wp-block-post-title\"><a href=\"https:\/\/centcols.org\/en\/article-de-presse-de-cyclotourisme-de-mars-2010\/\" target=\"_self\" >Cyclotourisme press article, March 2010<\/a><\/h5>\n<\/li><li class=\"wp-block-post post-81019 post type-post status-publish format-standard hentry category-articles-de-presse-et-videos category-240\">\n\n<div style=\"height:15px\" aria-hidden=\"true\" class=\"wp-block-spacer\"><\/div>\n\n\n<h5 class=\"wp-block-post-title\"><a href=\"https:\/\/centcols.org\/en\/article-de-presse-de-tour-spezial-alpen-2010\/\" target=\"_self\" >Press release from TOUR Spezial Alpen 2010<\/a><\/h5>\n<\/li><li class=\"wp-block-post post-81015 post type-post status-publish format-standard has-post-thumbnail hentry category-articles-de-presse-et-videos category-240\">\n\n<div style=\"height:15px\" aria-hidden=\"true\" class=\"wp-block-spacer\"><\/div>\n\n\n<h5 class=\"wp-block-post-title\"><a href=\"https:\/\/centcols.org\/en\/article-de-presse-de-ouest-france-du-29-mai-2010\/\" target=\"_self\" >Press article from Ouest-France dated 29 May 2010<\/a><\/h5>\n<\/li><li class=\"wp-block-post post-80988 post type-post status-publish format-standard has-post-thumbnail hentry category-articles-de-presse-et-videos category-240\">\n\n<div style=\"height:15px\" aria-hidden=\"true\" class=\"wp-block-spacer\"><\/div>\n\n\n<h5 class=\"wp-block-post-title\"><a href=\"https:\/\/centcols.org\/en\/article-de-presse-de-haute-savoie-mag-magazine-du-conseil-general-n129-juillet-aout-2010\/\" target=\"_self\" >Press article from \"Haute-Savoie MAG\", Conseil G\u00e9n\u00e9ral magazine no. 129 July-August 2010<\/a><\/h5>\n<\/li><li class=\"wp-block-post post-80985 post type-post status-publish format-standard has-post-thumbnail hentry category-articles-de-presse-et-videos category-240\">\n\n<div style=\"height:15px\" aria-hidden=\"true\" class=\"wp-block-spacer\"><\/div>\n\n\n<h5 class=\"wp-block-post-title\"><a href=\"https:\/\/centcols.org\/en\/article-de-presse-de-mag-savoie-mont-blanc-n7-printemps-ete-2010\/\" target=\"_self\" >Press article from \"MAG Savoie-Mont-Blanc\" N\u00b07 Spring-Summer 2010<\/a><\/h5>\n<\/li><li class=\"wp-block-post post-80979 post type-post status-publish format-standard has-post-thumbnail hentry category-articles-de-presse-et-videos category-240\">\n\n<div style=\"height:15px\" aria-hidden=\"true\" class=\"wp-block-spacer\"><\/div>\n\n\n<h5 class=\"wp-block-post-title\"><a href=\"https:\/\/centcols.org\/en\/article-de-presse-du-parisien-du-28-aout-2010\/\" target=\"_self\" >Press article from Le Parisien, 28 August 2010<\/a><\/h5>\n<\/li><li class=\"wp-block-post post-80976 post type-post status-publish format-standard has-post-thumbnail hentry category-articles-de-presse-et-videos category-240\">\n\n<div style=\"height:15px\" aria-hidden=\"true\" class=\"wp-block-spacer\"><\/div>\n\n\n<h5 class=\"wp-block-post-title\"><a href=\"https:\/\/centcols.org\/en\/articles-de-presse-de-cyclotourisme-doctobre-2010\/\" target=\"_self\" >Cyclotourisme press articles from October 2010<\/a><\/h5>\n<\/li><li class=\"wp-block-post post-80952 post type-post status-publish format-standard has-post-thumbnail hentry category-articles-de-presse-et-videos category-240\">\n\n<div style=\"height:15px\" aria-hidden=\"true\" class=\"wp-block-spacer\"><\/div>\n\n\n<h5 class=\"wp-block-post-title\"><a href=\"https:\/\/centcols.org\/en\/article-de-presse-du-dauphine-libere-du-7-decembre-2010\/\" target=\"_self\" >Press article from the Dauphin\u00e9-Lib\u00e9r\u00e9 dated 7 December 2010<\/a><\/h5>\n<\/li><li class=\"wp-block-post post-80950 post type-post status-publish format-standard has-post-thumbnail hentry category-articles-de-presse-et-videos category-239\">\n\n<div style=\"height:15px\" aria-hidden=\"true\" class=\"wp-block-spacer\"><\/div>\n\n\n<h5 class=\"wp-block-post-title\"><a href=\"https:\/\/centcols.org\/en\/article-de-presse-de-lessor-savoyard-du-16-juin-2011\/\" target=\"_self\" >Press article from Essor Savoyard, 16 June 2011<\/a><\/h5>\n<\/li><li class=\"wp-block-post post-80946 post type-post status-publish format-standard has-post-thumbnail hentry category-articles-de-presse-et-videos category-239\">\n\n<div style=\"height:15px\" aria-hidden=\"true\" class=\"wp-block-spacer\"><\/div>\n\n\n<h5 class=\"wp-block-post-title\"><a href=\"https:\/\/centcols.org\/en\/article-de-presse-du-dauphine-libere-du-24-juillet-2011\/\" target=\"_self\" >Press article from the Dauphin\u00e9-Lib\u00e9r\u00e9 dated 24 July 2011<\/a><\/h5>\n<\/li><li class=\"wp-block-post post-80938 post type-post status-publish format-standard has-post-thumbnail hentry category-articles-de-presse-et-videos category-239\">\n\n<div style=\"height:15px\" aria-hidden=\"true\" class=\"wp-block-spacer\"><\/div>\n\n\n<h5 class=\"wp-block-post-title\"><a href=\"https:\/\/centcols.org\/en\/article-de-presse-du-dauphine-libere-du-24-aout-2011\/\" target=\"_self\" >Press article from the Dauphin\u00e9-Lib\u00e9r\u00e9 dated 24 August 2011<\/a><\/h5>\n<\/li><li class=\"wp-block-post post-80936 post type-post status-publish format-standard has-post-thumbnail hentry category-revue-de-presse category-articles-de-presse-et-videos category-239\">\n\n<div style=\"height:15px\" aria-hidden=\"true\" class=\"wp-block-spacer\"><\/div>\n\n\n<h5 class=\"wp-block-post-title\"><a href=\"https:\/\/centcols.org\/en\/renato-baccanelli-a-escalade-le-galibier-a-velo-et-tenue-depoque-1910\/\" target=\"_self\" >Renato Baccanelli climbed the Galibier on a bicycle in 1910 vintage clothing<\/a><\/h5>\n<\/li><li class=\"wp-block-post post-85109 post type-post status-publish format-standard has-post-thumbnail hentry category-revue-de-presse category-articles-de-presse-et-videos category-237\">\n\n<div style=\"height:15px\" aria-hidden=\"true\" class=\"wp-block-spacer\"><\/div>\n\n\n<h5 class=\"wp-block-post-title\"><a href=\"https:\/\/centcols.org\/en\/interview-de-regis-paraz-sur-france-bleu-pays-de-savoie\/\" target=\"_self\" >Interview with R\u00e9gis Paraz on France Bleu Pays de Savoie,<\/a><\/h5>\n<\/li><li class=\"wp-block-post post-80927 post type-post status-publish format-standard has-post-thumbnail hentry category-articles-de-presse-et-videos category-237\">\n\n<div style=\"height:15px\" aria-hidden=\"true\" class=\"wp-block-spacer\"><\/div>\n\n\n<h5 class=\"wp-block-post-title\"><a href=\"https:\/\/centcols.org\/en\/article-de-presse-de-lessor-savoyard-du-9-fevrier-2012\/\" target=\"_self\" >Press article from Essor Savoyard, 9 February 2012<\/a><\/h5>\n<\/li><li class=\"wp-block-post post-80925 post type-post status-publish format-standard has-post-thumbnail hentry category-articles-de-presse-et-videos category-237\">\n\n<div style=\"height:15px\" aria-hidden=\"true\" class=\"wp-block-spacer\"><\/div>\n\n\n<h5 class=\"wp-block-post-title\"><a href=\"https:\/\/centcols.org\/en\/article-de-presse-de-velo-magazine-de-mars-2012\/\" target=\"_self\" >Press article from V\u00e9lo Magazine, March 2012<\/a><\/h5>\n<\/li><li class=\"wp-block-post post-80918 post type-post status-publish format-standard has-post-thumbnail hentry category-articles-de-presse-et-videos category-237\">\n\n<div style=\"height:15px\" aria-hidden=\"true\" class=\"wp-block-spacer\"><\/div>\n\n\n<h5 class=\"wp-block-post-title\"><a href=\"https:\/\/centcols.org\/en\/article-de-presse-du-progres-fr-du-12-mai-2012\/\" target=\"_self\" >Press article from Le Progr\u00e8s.fr dated 12 May 2012<\/a><\/h5>\n<\/li><li class=\"wp-block-post post-80920 post type-post status-publish format-standard has-post-thumbnail hentry category-articles-de-presse-et-videos category-237\">\n\n<div style=\"height:15px\" aria-hidden=\"true\" class=\"wp-block-spacer\"><\/div>\n\n\n<h5 class=\"wp-block-post-title\"><a href=\"https:\/\/centcols.org\/en\/article-de-presse-de-alpes-magazine-de-juin-juillet-2012\/\" target=\"_self\" >Press article from Alpes Magazine, June\/July 2012<\/a><\/h5>\n<\/li><li class=\"wp-block-post post-80916 post type-post status-publish format-standard has-post-thumbnail hentry category-articles-de-presse-et-videos category-237\">\n\n<div style=\"height:15px\" aria-hidden=\"true\" class=\"wp-block-spacer\"><\/div>\n\n\n<h5 class=\"wp-block-post-title\"><a href=\"https:\/\/centcols.org\/en\/article-de-presse-du-dauphine-libere-du-2-juillet-2012\/\" target=\"_self\" >Press article from the Dauphin\u00e9-Lib\u00e9r\u00e9 dated 2 July 2012<\/a><\/h5>\n<\/li><li class=\"wp-block-post post-80914 post type-post status-publish format-standard has-post-thumbnail hentry category-articles-de-presse-et-videos category-237\">\n\n<div style=\"height:15px\" aria-hidden=\"true\" class=\"wp-block-spacer\"><\/div>\n\n\n<h5 class=\"wp-block-post-title\"><a href=\"https:\/\/centcols.org\/en\/article-de-presse-du-cycle-de-juillet-2012\/\" target=\"_self\" >Cycle press article, July 2012<\/a><\/h5>\n<\/li><li class=\"wp-block-post post-80908 post type-post status-publish format-standard has-post-thumbnail hentry category-articles-de-presse-et-videos category-237\">\n\n<div style=\"height:15px\" aria-hidden=\"true\" class=\"wp-block-spacer\"><\/div>\n\n\n<h5 class=\"wp-block-post-title\"><a href=\"https:\/\/centcols.org\/en\/article-de-presse-du-dauphine-libere-du-3-aout-2012\/\" target=\"_self\" >Press article from the Dauphin\u00e9-Lib\u00e9r\u00e9 dated 3 August 2012<\/a><\/h5>\n<\/li><li class=\"wp-block-post post-80895 post type-post status-publish format-standard has-post-thumbnail hentry category-articles-de-presse-et-videos category-237\">\n\n<div style=\"height:15px\" aria-hidden=\"true\" class=\"wp-block-spacer\"><\/div>\n\n\n<h5 class=\"wp-block-post-title\"><a href=\"https:\/\/centcols.org\/en\/article-de-presse-de-cyclo-passion-de-septembre-2012\/\" target=\"_self\" >Cyclo Passion press article, September 2012<\/a><\/h5>\n<\/li><li class=\"wp-block-post post-80893 post type-post status-publish format-standard has-post-thumbnail hentry category-articles-de-presse-et-videos category-237\">\n\n<div style=\"height:15px\" aria-hidden=\"true\" class=\"wp-block-spacer\"><\/div>\n\n\n<h5 class=\"wp-block-post-title\"><a href=\"https:\/\/centcols.org\/en\/article-de-presse-de-cyclotourisme-de-octobre-2012\/\" target=\"_self\" >Cyclotourisme press article, October 2012<\/a><\/h5>\n<\/li><li class=\"wp-block-post post-80891 post type-post status-publish format-standard has-post-thumbnail hentry category-articles-de-presse-et-videos category-237\">\n\n<div style=\"height:15px\" aria-hidden=\"true\" class=\"wp-block-spacer\"><\/div>\n\n\n<h5 class=\"wp-block-post-title\"><a href=\"https:\/\/centcols.org\/en\/article-de-presse-de-cyclotourisme-de-decembre-2012\/\" target=\"_self\" >Cyclotourisme press article from December 2012<\/a><\/h5>\n<\/li><li class=\"wp-block-post post-80848 post type-post status-publish format-standard has-post-thumbnail hentry category-articles-de-presse-et-videos category-236\">\n\n<div style=\"height:15px\" aria-hidden=\"true\" class=\"wp-block-spacer\"><\/div>\n\n\n<h5 class=\"wp-block-post-title\"><a href=\"https:\/\/centcols.org\/en\/henri-dusseau-fete-ses-80-ans-au-col-du-galibier-le-25-07-13\/\" target=\"_self\" >Henri Dusseau celebrates his 80th birthday at the Col du Galibier on 25\/07\/13<\/a><\/h5>\n<\/li><li class=\"wp-block-post post-80846 post type-post status-publish format-standard has-post-thumbnail hentry category-236\">\n\n<div style=\"height:15px\" aria-hidden=\"true\" class=\"wp-block-spacer\"><\/div>\n\n\n<h5 class=\"wp-block-post-title\"><a href=\"https:\/\/centcols.org\/en\/article-de-presse-de-cyclotourisme-de-septembre-2013\/\" target=\"_self\" >Cyclotourisme press article, September 2013<\/a><\/h5>\n<\/li><li class=\"wp-block-post post-80841 post type-post status-publish format-standard has-post-thumbnail hentry category-236\">\n\n<div style=\"height:15px\" aria-hidden=\"true\" class=\"wp-block-spacer\"><\/div>\n\n\n<h5 class=\"wp-block-post-title\"><a href=\"https:\/\/centcols.org\/en\/articles-dans-cyclotourisme-de-decembre-2013\/\" target=\"_self\" >Articles in the December 2013 issue of Cyclotourisme<\/a><\/h5>\n<\/li><li class=\"wp-block-post post-81378 post type-post status-publish format-standard has-post-thumbnail hentry category-articles-de-presse-et-videos category-258\">\n\n<div style=\"height:15px\" aria-hidden=\"true\" class=\"wp-block-spacer\"><\/div>\n\n\n<h5 class=\"wp-block-post-title\"><a href=\"https:\/\/centcols.org\/en\/article-de-presse-du-cycle-de-juin-2015\/\" target=\"_self\" >June 2015 Cycle press article<\/a><\/h5>\n<\/li><li class=\"wp-block-post post-81861 post type-post status-publish format-standard has-post-thumbnail hentry category-articles-de-presse-et-videos category-277\">\n\n<div style=\"height:15px\" aria-hidden=\"true\" class=\"wp-block-spacer\"><\/div>\n\n\n<h5 class=\"wp-block-post-title\"><a href=\"https:\/\/centcols.org\/en\/article-revue-cyclotourisme-doctobre-2016\/\" target=\"_self\" >Article in the October 2016 issue of Cyclotourisme magazine<\/a><\/h5>\n<\/li><li class=\"wp-block-post post-81870 post type-post status-publish format-standard has-post-thumbnail hentry category-articles-de-presse-et-videos category-277\">\n\n<div style=\"height:15px\" aria-hidden=\"true\" class=\"wp-block-spacer\"><\/div>\n\n\n<h5 class=\"wp-block-post-title\"><a href=\"https:\/\/centcols.org\/en\/article-paru-dans-la-gazette-du-vercors\/\" target=\"_self\" >Article published in the Gazette du Vercors<\/a><\/h5>\n<\/li><li class=\"wp-block-post post-81872 post type-post status-publish format-standard has-post-thumbnail hentry category-revue-de-presse category-articles-de-presse-et-videos category-277\">\n\n<div style=\"height:15px\" aria-hidden=\"true\" class=\"wp-block-spacer\"><\/div>\n\n\n<h5 class=\"wp-block-post-title\"><a href=\"https:\/\/centcols.org\/en\/henri-dusseau-recompense\/\" target=\"_self\" >Henri Dusseau rewarded<\/a><\/h5>\n<\/li><li class=\"wp-block-post post-81881 post type-post status-publish format-standard has-post-thumbnail hentry category-articles-de-presse-et-videos category-278\">\n\n<div style=\"height:15px\" aria-hidden=\"true\" class=\"wp-block-spacer\"><\/div>\n\n\n<h5 class=\"wp-block-post-title\"><a href=\"https:\/\/centcols.org\/en\/article-paru-dans-la-revue-cyclotourisme-de-janvier-2017\/\" target=\"_self\" >Article published in the January 2017 issue of Cyclotourisme magazine<\/a><\/h5>\n<\/li><li class=\"wp-block-post post-82028 post type-post status-publish format-standard has-post-thumbnail hentry category-283 category-articles-de-presse-et-videos\">\n\n<div style=\"height:15px\" aria-hidden=\"true\" class=\"wp-block-spacer\"><\/div>\n\n\n<h5 class=\"wp-block-post-title\"><a href=\"https:\/\/centcols.org\/en\/sejour-dargeles-article-de-lindependant-du-18-avril-2018\/\" target=\"_self\" >Argel\u00e8s stay: article in the Ind\u00e9pendant of 18 April 2018<\/a><\/h5>\n<\/li><li class=\"wp-block-post post-82166 post type-post status-publish format-standard hentry category-283 category-articles-de-presse-et-videos\">\n\n<div style=\"height:15px\" aria-hidden=\"true\" class=\"wp-block-spacer\"><\/div>\n\n\n<h5 class=\"wp-block-post-title\"><a href=\"https:\/\/centcols.org\/en\/sejour-de-st-maurice-video-de-la-rts-du-2-septembre-2018\/\" target=\"_self\" >St-Maurice stay: RTS video of 2 September 2018<\/a><\/h5>\n<\/li><li class=\"wp-block-post post-82164 post type-post status-publish format-standard hentry category-285 category-articles-de-presse-et-videos\">\n\n<div style=\"height:15px\" aria-hidden=\"true\" class=\"wp-block-spacer\"><\/div>\n\n\n<h5 class=\"wp-block-post-title\"><a href=\"https:\/\/centcols.org\/en\/sejour-de-st-die-video-de-viavosges-du-23-juillet-2019\/\" target=\"_self\" >St-Di\u00e9 stay: vi\u00e0Vosges video of 23 July 2019<\/a><\/h5>\n<\/li><\/ul>\n\n<\/div>\n\n\n\n<p><\/p>\n<\/details>\n\n\n\n<details class=\"wp-block-details has-medium-font-size is-layout-flow wp-block-details-is-layout-flow\"><summary>2020<\/summary>\n<div style=\"height:20px\" aria-hidden=\"true\" class=\"wp-block-spacer\"><\/div>\n\n\n\n<div class=\"wp-block-query is-layout-flow wp-block-query-is-layout-flow\"><ul class=\"wp-block-post-template is-layout-flow wp-block-post-template-is-layout-flow\"><li class=\"wp-block-post post-82222 post type-post status-publish format-standard has-post-thumbnail hentry category-revue-de-presse category-287 category-articles-de-presse-et-videos\">\n\n<div style=\"height:15px\" aria-hidden=\"true\" class=\"wp-block-spacer\"><\/div>\n\n\n<h5 class=\"wp-block-post-title\"><a href=\"https:\/\/centcols.org\/en\/felicien-missilier-cc-n-800-100-ans\/\" target=\"_self\" >F\u00e9licien Missilier CC N\u00b0 800 - 100 years old<\/a><\/h5>\n<\/li><li class=\"wp-block-post post-82204 post type-post status-publish format-standard hentry category-287 category-articles-de-presse-et-videos\">\n\n<div style=\"height:15px\" aria-hidden=\"true\" class=\"wp-block-spacer\"><\/div>\n\n\n<h5 class=\"wp-block-post-title\"><a href=\"https:\/\/centcols.org\/en\/revue-le-cycle-mars-2020\/\" target=\"_self\" >Le Cycle\" magazine March 2020<\/a><\/h5>\n<\/li><li class=\"wp-block-post post-82205 post type-post status-publish format-standard hentry category-287 category-articles-de-presse-et-videos\">\n\n<div style=\"height:15px\" aria-hidden=\"true\" class=\"wp-block-spacer\"><\/div>\n\n\n<h5 class=\"wp-block-post-title\"><a href=\"https:\/\/centcols.org\/en\/revue-anglaise-cycle-magazine-taster-avril-mai-2020\/\" target=\"_self\" >Cycle Magazine Taster - April \/ May 2020<\/a><\/h5>\n<\/li><li class=\"wp-block-post post-82221 post type-post status-publish format-standard hentry category-287 category-articles-de-presse-et-videos\">\n\n<div style=\"height:15px\" aria-hidden=\"true\" class=\"wp-block-spacer\"><\/div>\n\n\n<h5 class=\"wp-block-post-title\"><a href=\"https:\/\/centcols.org\/en\/magazine-velo-vert-avril-2020\/\" target=\"_self\" >V\u00e9lo Vert magazine - April 2020<\/a><\/h5>\n<\/li><li class=\"wp-block-post post-82236 post type-post status-publish format-standard hentry category-287 category-articles-de-presse-et-videos\">\n\n<div style=\"height:15px\" aria-hidden=\"true\" class=\"wp-block-spacer\"><\/div>\n\n\n<h5 class=\"wp-block-post-title\"><a href=\"https:\/\/centcols.org\/en\/cyclomag-aout-2020\/\" target=\"_self\" >Cyclomag - August 2020<\/a><\/h5>\n<\/li><li class=\"wp-block-post post-82237 post type-post status-publish format-standard has-post-thumbnail hentry category-287 category-articles-de-presse-et-videos\">\n\n<div style=\"height:15px\" aria-hidden=\"true\" class=\"wp-block-spacer\"><\/div>\n\n\n<h5 class=\"wp-block-post-title\"><a href=\"https:\/\/centcols.org\/en\/sejour-de-chessy-les-mines-article-du-pays-roannais\/\" target=\"_self\" >Stay in Chessy-les-Mines - Pays Roannais article<\/a><\/h5>\n<\/li><li class=\"wp-block-post post-82269 post type-post status-publish format-standard has-post-thumbnail hentry category-292 category-carnet-noir category-articles-de-presse-et-videos\">\n\n<div style=\"height:15px\" aria-hidden=\"true\" class=\"wp-block-spacer\"><\/div>\n\n\n<h5 class=\"wp-block-post-title\"><a href=\"https:\/\/centcols.org\/en\/jean-dejean-cc-n-1043\/\" target=\"_self\" >Jean D\u00e9jean CC No. 1043<\/a><\/h5>\n<\/li><li class=\"wp-block-post post-82288 post type-post status-publish format-standard has-post-thumbnail hentry category-292 category-articles-de-presse-et-videos\">\n\n<div style=\"height:15px\" aria-hidden=\"true\" class=\"wp-block-spacer\"><\/div>\n\n\n<h5 class=\"wp-block-post-title\"><a href=\"https:\/\/centcols.org\/en\/rassemblement-du-26-juin-2021-au-col-du-tra-article-du-dauphine-libere\/\" target=\"_self\" >Gathering on 26 June 2021 at the Col du Tra, article from the Dauphin\u00e9 Lib\u00e9r\u00e9<\/a><\/h5>\n<\/li><li class=\"wp-block-post post-82303 post type-post status-publish format-standard has-post-thumbnail hentry category-292 category-articles-de-presse-et-videos\">\n\n<div style=\"height:15px\" aria-hidden=\"true\" class=\"wp-block-spacer\"><\/div>\n\n\n<h5 class=\"wp-block-post-title\"><a href=\"https:\/\/centcols.org\/en\/dauphine-libere-article-du-9-aout-2021\/\" target=\"_self\" >Dauphin\u00e9 Lib\u00e9r\u00e9, article dated 9 August 2021<\/a><\/h5>\n<\/li><li class=\"wp-block-post post-82346 post type-post status-publish format-standard has-post-thumbnail hentry category-296 category-revue-de-presse category-articles-de-presse-et-videos\">\n\n<div style=\"height:15px\" aria-hidden=\"true\" class=\"wp-block-spacer\"><\/div>\n\n\n<h5 class=\"wp-block-post-title\"><a href=\"https:\/\/centcols.org\/en\/des-nouvelles-de-la-bretagne-et-de-michel-fouville-qui-fait-la-une-dans-ouest-france-dimanche-3-7-2022\/\" target=\"_self\" >News from Brittany and Michel Fouville on the front page of Ouest-France Sunday 3\/7\/2022<\/a><\/h5>\n<\/li><li class=\"wp-block-post post-82347 post type-post status-publish format-standard hentry category-296 category-articles-de-presse-et-videos\">\n\n<div style=\"height:15px\" aria-hidden=\"true\" class=\"wp-block-spacer\"><\/div>\n\n\n<h5 class=\"wp-block-post-title\"><a href=\"https:\/\/centcols.org\/en\/anniversaire-des-50-ans-article-sur-dauphine-libere-edition-grenoble-du-30-6-2022\/\" target=\"_self\" >50th anniversary, article in the Dauphin\u00e9 Lib\u00e9r\u00e9 (Grenoble edition) of 30\/6\/2022<\/a><\/h5>\n<\/li><li class=\"wp-block-post post-82348 post type-post status-publish format-standard hentry category-296 category-articles-de-presse-et-videos\">\n\n<div style=\"height:15px\" aria-hidden=\"true\" class=\"wp-block-spacer\"><\/div>\n\n\n<h5 class=\"wp-block-post-title\"><a href=\"https:\/\/centcols.org\/en\/les-cent-cols-ont-defie-ceux-du-pays-basque\/\" target=\"_self\" >The \"Cent cols\" challenged those of the Basque Country<\/a><\/h5>\n<\/li><li class=\"wp-block-post post-82401 post type-post status-publish format-standard hentry category-292 category-articles-de-presse-et-videos\">\n\n<div style=\"height:15px\" aria-hidden=\"true\" class=\"wp-block-spacer\"><\/div>\n\n\n<h5 class=\"wp-block-post-title\"><a href=\"https:\/\/centcols.org\/en\/article-paru-sur-la-gazzetta-dello-sport-du-08-11-2021\/\" target=\"_self\" >Article published in the Gazzetta dello Sport on 08\/11\/2021<\/a><\/h5>\n<\/li><li class=\"wp-block-post post-82402 post type-post status-publish format-standard hentry category-296 category-articles-de-presse-et-videos\">\n\n<div style=\"height:15px\" aria-hidden=\"true\" class=\"wp-block-spacer\"><\/div>\n\n\n<h5 class=\"wp-block-post-title\"><a href=\"https:\/\/centcols.org\/en\/article-paru-sur-le-dauphine-libere-du-08-11-2022\/\" target=\"_self\" >Article published in the Dauphin\u00e9 Liber\u00e9 on 08\/11\/2022<\/a><\/h5>\n<\/li><li class=\"wp-block-post post-82403 post type-post status-publish format-standard hentry category-296 category-articles-de-presse-et-videos\">\n\n<div style=\"height:15px\" aria-hidden=\"true\" class=\"wp-block-spacer\"><\/div>\n\n\n<h5 class=\"wp-block-post-title\"><a href=\"https:\/\/centcols.org\/en\/article-sur-cyclomag-du-09-11-2022\/\" target=\"_self\" >Cyclomag article dated 09\/11\/2022<\/a><\/h5>\n<\/li><\/ul>\n\n<\/div>\n\n\n\n<p><\/p>\n<\/details>","protected":false},"excerpt":{"rendered":"<p>Here you can find all the press articles, radio programmes and videos devoted to the Club des Cent Cols between 1990 and 2022.<\/p>","protected":false},"author":5112,"featured_media":95409,"comment_status":"closed","ping_status":"closed","sticky":false,"template":"","format":"standard","meta":{"_acf_changed":false,"footnotes":""},"categories":[133],"tags":[],"class_list":["post-95257","post","type-post","status-publish","format-standard","has-post-thumbnail","hentry","category-revue-de-presse"],"acf":[],"yoast_head":"<!-- This site is optimized with the Yoast SEO plugin v27.2 - https:\/\/yoast.com\/product\/yoast-seo-wordpress\/ -->\n<title>Revue de presse, radio &amp; vid\u00e9os \u2014 Archives - Club des Cent Cols<\/title>\n<meta name=\"robots\" content=\"index, follow, max-snippet:-1, max-image-preview:large, max-video-preview:-1\" \/>\n<link rel=\"canonical\" href=\"https:\/\/centcols.org\/en\/press-review-radio-videos-archives\/\" \/>\n<meta property=\"og:locale\" content=\"en_GB\" \/>\n<meta property=\"og:type\" content=\"article\" \/>\n<meta property=\"og:title\" content=\"Revue de presse, radio &amp; vid\u00e9os \u2014 Archives - Club des Cent Cols\" \/>\n<meta property=\"og:description\" content=\"Retrouvez ici l&rsquo;ensemble des articles de presse, \u00e9missions de radio et vid\u00e9os consacr\u00e9s au Club des Cent Cols entre 1990 et 2022.\" \/>\n<meta property=\"og:url\" content=\"https:\/\/centcols.org\/en\/press-review-radio-videos-archives\/\" \/>\n<meta property=\"og:site_name\" content=\"Club des Cent Cols\" \/>\n<meta property=\"article:publisher\" content=\"https:\/\/www.facebook.com\/groups\/5261880558\/?locale=fr_FR\" \/>\n<meta property=\"article:published_time\" content=\"2026-04-18T04:26:58+00:00\" \/>\n<meta property=\"article:modified_time\" content=\"2026-04-18T04:56:09+00:00\" \/>\n<meta property=\"og:image\" content=\"https:\/\/centcols.org\/wp-content\/uploads\/2026\/04\/media1.jpg\" \/>\n\t<meta property=\"og:image:width\" content=\"1000\" \/>\n\t<meta property=\"og:image:height\" content=\"667\" \/>\n\t<meta property=\"og:image:type\" content=\"image\/jpeg\" \/>\n<meta name=\"author\" content=\"R\u00e9gis Paraz\" \/>\n<meta name=\"twitter:card\" content=\"summary_large_image\" \/>\n<meta name=\"twitter:label1\" content=\"Written by\" \/>\n\t<meta name=\"twitter:data1\" content=\"R\u00e9gis Paraz\" \/>\n\t<meta name=\"twitter:label2\" content=\"Estimated reading time\" \/>\n\t<meta name=\"twitter:data2\" content=\"1 minute\" \/>\n<script type=\"application\/ld+json\" class=\"yoast-schema-graph\">{\"@context\":\"https:\/\/schema.org\",\"@graph\":[{\"@type\":\"Article\",\"@id\":\"https:\/\/centcols.org\/de\/revue-de-presse-radio-videos-archives\/#article\",\"isPartOf\":{\"@id\":\"https:\/\/centcols.org\/de\/revue-de-presse-radio-videos-archives\/\"},\"author\":{\"name\":\"R\u00e9gis Paraz\",\"@id\":\"https:\/\/centcols.org\/#\/schema\/person\/6733615a03fdc98c0aef104567c81e13\"},\"headline\":\"Revue de presse, radio &amp; vid\u00e9os \u2014 Archives\",\"datePublished\":\"2026-04-18T04:26:58+00:00\",\"dateModified\":\"2026-04-18T04:56:09+00:00\",\"mainEntityOfPage\":{\"@id\":\"https:\/\/centcols.org\/de\/revue-de-presse-radio-videos-archives\/\"},\"wordCount\":36,\"publisher\":{\"@id\":\"https:\/\/centcols.org\/#organization\"},\"image\":{\"@id\":\"https:\/\/centcols.org\/de\/revue-de-presse-radio-videos-archives\/#primaryimage\"},\"thumbnailUrl\":\"https:\/\/centcols.org\/wp-content\/uploads\/2026\/04\/media1.jpg\",\"articleSection\":[\"Revue de presse\"],\"inLanguage\":\"en-GB\"},{\"@type\":\"WebPage\",\"@id\":\"https:\/\/centcols.org\/de\/revue-de-presse-radio-videos-archives\/\",\"url\":\"https:\/\/centcols.org\/de\/revue-de-presse-radio-videos-archives\/\",\"name\":\"Revue de presse, radio &amp; vid\u00e9os \u2014 Archives - Club des Cent Cols\",\"isPartOf\":{\"@id\":\"https:\/\/centcols.org\/#website\"},\"primaryImageOfPage\":{\"@id\":\"https:\/\/centcols.org\/de\/revue-de-presse-radio-videos-archives\/#primaryimage\"},\"image\":{\"@id\":\"https:\/\/centcols.org\/de\/revue-de-presse-radio-videos-archives\/#primaryimage\"},\"thumbnailUrl\":\"https:\/\/centcols.org\/wp-content\/uploads\/2026\/04\/media1.jpg\",\"datePublished\":\"2026-04-18T04:26:58+00:00\",\"dateModified\":\"2026-04-18T04:56:09+00:00\",\"breadcrumb\":{\"@id\":\"https:\/\/centcols.org\/de\/revue-de-presse-radio-videos-archives\/#breadcrumb\"},\"inLanguage\":\"en-GB\",\"potentialAction\":[{\"@type\":\"ReadAction\",\"target\":[\"https:\/\/centcols.org\/de\/revue-de-presse-radio-videos-archives\/\"]}]},{\"@type\":\"ImageObject\",\"inLanguage\":\"en-GB\",\"@id\":\"https:\/\/centcols.org\/de\/revue-de-presse-radio-videos-archives\/#primaryimage\",\"url\":\"https:\/\/centcols.org\/wp-content\/uploads\/2026\/04\/media1.jpg\",\"contentUrl\":\"https:\/\/centcols.org\/wp-content\/uploads\/2026\/04\/media1.jpg\",\"width\":1000,\"height\":667},{\"@type\":\"BreadcrumbList\",\"@id\":\"https:\/\/centcols.org\/de\/revue-de-presse-radio-videos-archives\/#breadcrumb\",\"itemListElement\":[{\"@type\":\"ListItem\",\"position\":1,\"name\":\"Accueil\",\"item\":\"https:\/\/centcols.org\/\"},{\"@type\":\"ListItem\",\"position\":2,\"name\":\"Gazette\",\"item\":\"https:\/\/centcols.org\/rubrique\/gazette\/\"},{\"@type\":\"ListItem\",\"position\":3,\"name\":\"Revue de presse\",\"item\":\"https:\/\/centcols.org\/rubrique\/gazette\/revue-de-presse\/\"},{\"@type\":\"ListItem\",\"position\":4,\"name\":\"Revue de presse, radio &amp; vid\u00e9os \u2014 Archives\"}]},{\"@type\":\"WebSite\",\"@id\":\"https:\/\/centcols.org\/#website\",\"url\":\"https:\/\/centcols.org\/\",\"name\":\"Club des Cent Cols\",\"description\":\"\",\"publisher\":{\"@id\":\"https:\/\/centcols.org\/#organization\"},\"potentialAction\":[{\"@type\":\"SearchAction\",\"target\":{\"@type\":\"EntryPoint\",\"urlTemplate\":\"https:\/\/centcols.org\/?s={search_term_string}\"},\"query-input\":{\"@type\":\"PropertyValueSpecification\",\"valueRequired\":true,\"valueName\":\"search_term_string\"}}],\"inLanguage\":\"en-GB\"},{\"@type\":\"Organization\",\"@id\":\"https:\/\/centcols.org\/#organization\",\"name\":\"Club des Cent Cols\",\"url\":\"https:\/\/centcols.org\/\",\"logo\":{\"@type\":\"ImageObject\",\"inLanguage\":\"en-GB\",\"@id\":\"https:\/\/centcols.org\/#\/schema\/logo\/image\/\",\"url\":\"https:\/\/centcols.org\/wp-content\/uploads\/2025\/01\/carte-icone.png\",\"contentUrl\":\"https:\/\/centcols.org\/wp-content\/uploads\/2025\/01\/carte-icone.png\",\"width\":250,\"height\":250,\"caption\":\"Club des Cent Cols\"},\"image\":{\"@id\":\"https:\/\/centcols.org\/#\/schema\/logo\/image\/\"},\"sameAs\":[\"https:\/\/www.facebook.com\/groups\/5261880558\/?locale=fr_FR\"]},{\"@type\":\"Person\",\"@id\":\"https:\/\/centcols.org\/#\/schema\/person\/6733615a03fdc98c0aef104567c81e13\",\"name\":\"R\u00e9gis Paraz\",\"image\":{\"@type\":\"ImageObject\",\"inLanguage\":\"en-GB\",\"@id\":\"https:\/\/centcols.org\/wp-content\/litespeed\/avatar\/e5679bd124a28f7319d109cd5c2c0dd7.jpg?ver=1777239746\",\"url\":\"https:\/\/centcols.org\/wp-content\/litespeed\/avatar\/e5679bd124a28f7319d109cd5c2c0dd7.jpg?ver=1777239746\",\"contentUrl\":\"https:\/\/centcols.org\/wp-content\/litespeed\/avatar\/e5679bd124a28f7319d109cd5c2c0dd7.jpg?ver=1777239746\",\"caption\":\"R\u00e9gis Paraz\"},\"url\":\"https:\/\/centcols.org\/en\/author\/3225\/\"}]}<\/script>\n<!-- \/ Yoast SEO plugin. -->","yoast_head_json":{"title":"Press, radio &amp; video review - Archives - Club des Cent Cols","robots":{"index":"index","follow":"follow","max-snippet":"max-snippet:-1","max-image-preview":"max-image-preview:large","max-video-preview":"max-video-preview:-1"},"canonical":"https:\/\/centcols.org\/en\/press-review-radio-videos-archives\/","og_locale":"en_GB","og_type":"article","og_title":"Revue de presse, radio &amp; vid\u00e9os \u2014 Archives - Club des Cent Cols","og_description":"Retrouvez ici l&rsquo;ensemble des articles de presse, \u00e9missions de radio et vid\u00e9os consacr\u00e9s au Club des Cent Cols entre 1990 et 2022.","og_url":"https:\/\/centcols.org\/en\/press-review-radio-videos-archives\/","og_site_name":"Club des Cent Cols","article_publisher":"https:\/\/www.facebook.com\/groups\/5261880558\/?locale=fr_FR","article_published_time":"2026-04-18T04:26:58+00:00","article_modified_time":"2026-04-18T04:56:09+00:00","og_image":[{"width":1000,"height":667,"url":"https:\/\/centcols.org\/wp-content\/uploads\/2026\/04\/media1.jpg","type":"image\/jpeg"}],"author":"R\u00e9gis Paraz","twitter_card":"summary_large_image","twitter_misc":{"Written by":"R\u00e9gis Paraz","Estimated reading time":"1 minute"},"schema":{"@context":"https:\/\/schema.org","@graph":[{"@type":"Article","@id":"https:\/\/centcols.org\/de\/revue-de-presse-radio-videos-archives\/#article","isPartOf":{"@id":"https:\/\/centcols.org\/de\/revue-de-presse-radio-videos-archives\/"},"author":{"name":"R\u00e9gis Paraz","@id":"https:\/\/centcols.org\/#\/schema\/person\/6733615a03fdc98c0aef104567c81e13"},"headline":"Revue de presse, radio &amp; vid\u00e9os \u2014 Archives","datePublished":"2026-04-18T04:26:58+00:00","dateModified":"2026-04-18T04:56:09+00:00","mainEntityOfPage":{"@id":"https:\/\/centcols.org\/de\/revue-de-presse-radio-videos-archives\/"},"wordCount":36,"publisher":{"@id":"https:\/\/centcols.org\/#organization"},"image":{"@id":"https:\/\/centcols.org\/de\/revue-de-presse-radio-videos-archives\/#primaryimage"},"thumbnailUrl":"https:\/\/centcols.org\/wp-content\/uploads\/2026\/04\/media1.jpg","articleSection":["Revue de presse"],"inLanguage":"en-GB"},{"@type":"WebPage","@id":"https:\/\/centcols.org\/de\/revue-de-presse-radio-videos-archives\/","url":"https:\/\/centcols.org\/de\/revue-de-presse-radio-videos-archives\/","name":"Press, radio &amp; video review - Archives - Club des Cent Cols","isPartOf":{"@id":"https:\/\/centcols.org\/#website"},"primaryImageOfPage":{"@id":"https:\/\/centcols.org\/de\/revue-de-presse-radio-videos-archives\/#primaryimage"},"image":{"@id":"https:\/\/centcols.org\/de\/revue-de-presse-radio-videos-archives\/#primaryimage"},"thumbnailUrl":"https:\/\/centcols.org\/wp-content\/uploads\/2026\/04\/media1.jpg","datePublished":"2026-04-18T04:26:58+00:00","dateModified":"2026-04-18T04:56:09+00:00","breadcrumb":{"@id":"https:\/\/centcols.org\/de\/revue-de-presse-radio-videos-archives\/#breadcrumb"},"inLanguage":"en-GB","potentialAction":[{"@type":"ReadAction","target":["https:\/\/centcols.org\/de\/revue-de-presse-radio-videos-archives\/"]}]},{"@type":"ImageObject","inLanguage":"en-GB","@id":"https:\/\/centcols.org\/de\/revue-de-presse-radio-videos-archives\/#primaryimage","url":"https:\/\/centcols.org\/wp-content\/uploads\/2026\/04\/media1.jpg","contentUrl":"https:\/\/centcols.org\/wp-content\/uploads\/2026\/04\/media1.jpg","width":1000,"height":667},{"@type":"BreadcrumbList","@id":"https:\/\/centcols.org\/de\/revue-de-presse-radio-videos-archives\/#breadcrumb","itemListElement":[{"@type":"ListItem","position":1,"name":"Accueil","item":"https:\/\/centcols.org\/"},{"@type":"ListItem","position":2,"name":"Gazette","item":"https:\/\/centcols.org\/rubrique\/gazette\/"},{"@type":"ListItem","position":3,"name":"Revue de presse","item":"https:\/\/centcols.org\/rubrique\/gazette\/revue-de-presse\/"},{"@type":"ListItem","position":4,"name":"Revue de presse, radio &amp; vid\u00e9os \u2014 Archives"}]},{"@type":"WebSite","@id":"https:\/\/centcols.org\/#website","url":"https:\/\/centcols.org\/","name":"Club des Cent Cols","description":"","publisher":{"@id":"https:\/\/centcols.org\/#organization"},"potentialAction":[{"@type":"SearchAction","target":{"@type":"EntryPoint","urlTemplate":"https:\/\/centcols.org\/?s={search_term_string}"},"query-input":{"@type":"PropertyValueSpecification","valueRequired":true,"valueName":"search_term_string"}}],"inLanguage":"en-GB"},{"@type":"Organization","@id":"https:\/\/centcols.org\/#organization","name":"Club des Cent Cols","url":"https:\/\/centcols.org\/","logo":{"@type":"ImageObject","inLanguage":"en-GB","@id":"https:\/\/centcols.org\/#\/schema\/logo\/image\/","url":"https:\/\/centcols.org\/wp-content\/uploads\/2025\/01\/carte-icone.png","contentUrl":"https:\/\/centcols.org\/wp-content\/uploads\/2025\/01\/carte-icone.png","width":250,"height":250,"caption":"Club des Cent Cols"},"image":{"@id":"https:\/\/centcols.org\/#\/schema\/logo\/image\/"},"sameAs":["https:\/\/www.facebook.com\/groups\/5261880558\/?locale=fr_FR"]},{"@type":"Person","@id":"https:\/\/centcols.org\/#\/schema\/person\/6733615a03fdc98c0aef104567c81e13","name":"R\u00e9gis Paraz","image":{"@type":"ImageObject","inLanguage":"en-GB","@id":"https:\/\/centcols.org\/wp-content\/litespeed\/avatar\/e5679bd124a28f7319d109cd5c2c0dd7.jpg?ver=1777239746","url":"https:\/\/centcols.org\/wp-content\/litespeed\/avatar\/e5679bd124a28f7319d109cd5c2c0dd7.jpg?ver=1777239746","contentUrl":"https:\/\/centcols.org\/wp-content\/litespeed\/avatar\/e5679bd124a28f7319d109cd5c2c0dd7.jpg?ver=1777239746","caption":"R\u00e9gis Paraz"},"url":"https:\/\/centcols.org\/en\/author\/3225\/"}]}},"_links":{"self":[{"href":"https:\/\/centcols.org\/en\/wp-json\/wp\/v2\/posts\/95257","targetHints":{"allow":["GET"]}}],"collection":[{"href":"https:\/\/centcols.org\/en\/wp-json\/wp\/v2\/posts"}],"about":[{"href":"https:\/\/centcols.org\/en\/wp-json\/wp\/v2\/types\/post"}],"author":[{"embeddable":true,"href":"https:\/\/centcols.org\/en\/wp-json\/wp\/v2\/users\/5112"}],"replies":[{"embeddable":true,"href":"https:\/\/centcols.org\/en\/wp-json\/wp\/v2\/comments?post=95257"}],"version-history":[{"count":0,"href":"https:\/\/centcols.org\/en\/wp-json\/wp\/v2\/posts\/95257\/revisions"}],"wp:featuredmedia":[{"embeddable":true,"href":"https:\/\/centcols.org\/en\/wp-json\/wp\/v2\/media\/95409"}],"wp:attachment":[{"href":"https:\/\/centcols.org\/en\/wp-json\/wp\/v2\/media?parent=95257"}],"wp:term":[{"taxonomy":"category","embeddable":true,"href":"https:\/\/centcols.org\/en\/wp-json\/wp\/v2\/categories?post=95257"},{"taxonomy":"post_tag","embeddable":true,"href":"https:\/\/centcols.org\/en\/wp-json\/wp\/v2\/tags?post=95257"}],"curies":[{"name":"wp","href":"https:\/\/api.w.org\/{rel}","templated":true}]}}