{"id":95273,"date":"2000-08-13T22:25:00","date_gmt":"2000-08-13T20:25:00","guid":{"rendered":"https:\/\/centcols.org\/?p=95273"},"modified":"2026-04-17T22:26:58","modified_gmt":"2026-04-17T20:26:58","slug":"disappearance-of-louis-nucera-2","status":"publish","type":"post","link":"https:\/\/centcols.org\/en\/disparition-de-louis-nucera-2\/","title":{"rendered":"13\/08\/00 : Death of Louis Nucera. Michel de Br\u00e9bisson wished to reproduce the article in Le Monde written by one of Louis' friends"},"content":{"rendered":"<h2 class=\"wp-block-heading\">Louis Nucera<\/h2>\n\n\n\n<h3 class=\"wp-block-heading\">A passion for literature, friendship and cycling<\/h3>\n\n\n\n<p><strong>WEDNESDAY 9 August<\/strong>Louis Nucera died on his bicycle, hit by a motorist, in Carros (Alpes-Maritimes), in the hinterland of Nice, where he had cycled so often. Cycling was one of his passions, along with literature and friendship. His friends felt very lonely and abandoned. One of his best books, Le Roi Ren\u00e9, retraced the career of Ren\u00e9 Vietto. He was one of Louis' role models, because he loved style and courage. At the end of each summer, I would ask him: \"Did you have a good ride? How many kilometres? And the second question would come straight away: \"How many pages? The two were inseparable, the performances of the 'champion' and those of the writer...<\/p>\n\n\n\n<p>Born in Nice on 17 July 1928, Louis Nucera grew up with memories of the First World War. He listened religiously to the stories his uncles told him at dinnertime. This produced very thoughtful, dreamy children. Nucera's father died in 1933 and his mother was \"suddenly aged beyond repair\". This kind of sentence sums up Louis' style: a very classical writer, he knew how to organise the conspiracy of grammar and emotion.<\/p>\n\n\n\n<p>After his father's death, Louis Nucera was forced to earn a living, becoming a \"telephone operator\" in a bank. Jean Giono himself had worked in a branch of this bank. It was an excellent omen. Nucera then went into journalism. This enabled him to meet Joseph Kessel, Georges Brassens and Jean Cocteau. His teachers or his literary mentors. Magical mentors. The first convinced Louis Nucera that the French language was a kind of \"monastery\" that had to be entered with great care. The second gave lessons in modesty and the third in politeness. Cocteau used to say that you had to erase from your texts the trouble you had taken to write them. Louis Nucera retained all three lessons. In his novels (L'Ami, 1974; Avenue des Diables-Bleus, 1979; Chemin de la Lanterne, 1981; Le Kiosque \u00e0 musique, 1984; La Chanson de Maria, 1989; Le Ruban rouge, 1991...), he delicately portrayed the little people of his town, the little people of whom he was the heir. But he asked himself: why \"little people\"?<\/p>\n\n\n\n<h3 class=\"wp-block-heading\">THE POLITENESS OF DESPAIR<\/h3>\n\n\n\n<p>Perhaps his finest book was Mes Ports d'attache, published in 1994. In it, he makes a sort of tour of lost friends. It introduces us to two lovers of bicycle rides, Henry Miller and Vladimir Nabokov. And, of course, Cocteau, Brassens and Kessel. Louis Nucera was a master in the art of portraiture. He said, for example, that \"Kessel's face interpreted the movements of his heart, like the sky and the sea interpret the vagaries of the weather\". It's superb.<\/p>\n\n\n\n<p>Last winter, Louis Nucera brought together his columns from 1994 to 1999 under the title Une bouff\u00e9e d'air frais (Le Cherche Midi, 2000). In it, we saw a man guided by a desire to admire, a desire to do justice to the beauty of things and to the beauty of certain people. He was making an inventory of his passions and preferences. He loved delicate people, the politeness of despair, the painting of moods, tango, the alchemy of feelings, the 18th arrondissement, the old quarters of Nice, French landscapes... and teachers who pass on to their pupils, from the back of the classroom by the radiator, a taste for reading. In his enthusiasm, Louis Nucera mixed the winners of the Tour de France with the champions of literature. He had read a lot, but he didn't flaunt his erudition. It remained a matter of the heart.<\/p>\n\n\n\n<p>Epochs are made to be denigrated,\" grumbled Flaubert, when he was in a bad mood. Louis Nucera would have liked to contradict this pessimism, but he looked at our world as a moralist. And what he observed too often saddened him. Indeed, how can you not get angry when the speeches of a rocker or a television presenter are more important than the words of writers? And yet, for Nucera, writers were \"the envoys of beauty on earth\". However, even when he denounces the vanity fair, his pages breathe the joy of writing. A defender and servant of the French language, Louis Nucera had what we call style, both in his praise and in his criticism. In this day and age, that's not so common.<\/p>\n\n\n\n<p><strong>Fran\u00e7ois Bott<\/strong><\/p>\n\n\n\n<blockquote class=\"wp-block-quote is-layout-flow wp-block-quote-is-layout-flow\">\n<p>Louis Nucera published his first novel, L'Obstin\u00e9, in 1970 with Julliard. Most of his work was subsequently published by Grasset. He wrote numerous articles for \u00abLe monde des livres\u00bb from the early 1980s onwards. He has won a number of awards for his work, including the Prix litt\u00e9raire de la R\u00e9sistance (1975) for Dora (Latt\u00e8s), the Prix Interalli\u00e9 (1981) for Chemin de la Lanterne, the Grand Prix de litt\u00e9rature sportive (1987) for Mes rayons de soleil, and the Prix Jacques Chardonne (1991) for Le Ruban rouge. Finally, in 1993, the Acad\u00e9mie fran\u00e7aise awarded him its Grand Prix de litt\u00e9rature for his body of work.<\/p>\n<\/blockquote>","protected":false},"excerpt":{"rendered":"<p>Louis Nucera La passion de la litt\u00e9rature, de l&rsquo;amiti\u00e9 et du v\u00e9lo MERCREDI 9 ao\u00fbt, Louis Nucera est mort \u00e0 bicyclette, renvers\u00e9 par un automobiliste, \u00e0 Carros (Alpes-Maritimes), dans cette arri\u00e8re-pays ni\u00e7ois qu&rsquo;il avait si souvent parcouru. Le v\u00e9lo \u00e9tait une de ses passions avec la litt\u00e9rature et l&rsquo;amiti\u00e9. Ses amis se sentent tr\u00e8s seuls [&hellip;]<\/p>\n","protected":false},"author":3,"featured_media":0,"comment_status":"closed","ping_status":"closed","sticky":false,"template":"","format":"standard","meta":{"_acf_changed":false,"footnotes":""},"categories":[476],"tags":[],"class_list":["post-95273","post","type-post","status-publish","format-standard","hentry","category-476"],"acf":[],"yoast_head":"<!-- This site is optimized with the Yoast SEO plugin v27.2 - https:\/\/yoast.com\/product\/yoast-seo-wordpress\/ -->\n<title>13\/08\/00 : disparition de Louis Nucera. Michel de Br\u00e9bisson a souhait\u00e9 faire reproduire le papier du Monde \u00e9crit par un des amis de Louis - Club des Cent Cols<\/title>\n<meta name=\"robots\" content=\"index, follow, max-snippet:-1, max-image-preview:large, max-video-preview:-1\" \/>\n<link rel=\"canonical\" href=\"https:\/\/centcols.org\/en\/disappearance-of-louis-nucera-2\/\" \/>\n<meta property=\"og:locale\" content=\"en_GB\" \/>\n<meta property=\"og:type\" content=\"article\" \/>\n<meta property=\"og:title\" content=\"13\/08\/00 : disparition de Louis Nucera. Michel de Br\u00e9bisson a souhait\u00e9 faire reproduire le papier du Monde \u00e9crit par un des amis de Louis - Club des Cent Cols\" \/>\n<meta property=\"og:description\" content=\"Louis Nucera La passion de la litt\u00e9rature, de l&rsquo;amiti\u00e9 et du v\u00e9lo MERCREDI 9 ao\u00fbt, Louis Nucera est mort \u00e0 bicyclette, renvers\u00e9 par un automobiliste, \u00e0 Carros (Alpes-Maritimes), dans cette arri\u00e8re-pays ni\u00e7ois qu&rsquo;il avait si souvent parcouru. Le v\u00e9lo \u00e9tait une de ses passions avec la litt\u00e9rature et l&rsquo;amiti\u00e9. Ses amis se sentent tr\u00e8s seuls [&hellip;]\" \/>\n<meta property=\"og:url\" content=\"https:\/\/centcols.org\/en\/disappearance-of-louis-nucera-2\/\" \/>\n<meta property=\"og:site_name\" content=\"Club des Cent Cols\" \/>\n<meta property=\"article:publisher\" content=\"https:\/\/www.facebook.com\/groups\/5261880558\/?locale=fr_FR\" \/>\n<meta property=\"article:published_time\" content=\"2000-08-13T20:25:00+00:00\" \/>\n<meta property=\"article:modified_time\" content=\"2026-04-17T20:26:58+00:00\" \/>\n<meta name=\"author\" content=\"Webmestre\" \/>\n<meta name=\"twitter:card\" content=\"summary_large_image\" \/>\n<meta name=\"twitter:label1\" content=\"Written by\" \/>\n\t<meta name=\"twitter:data1\" content=\"Webmestre\" \/>\n\t<meta name=\"twitter:label2\" content=\"Estimated reading time\" \/>\n\t<meta name=\"twitter:data2\" content=\"4 minutes\" \/>\n<script type=\"application\/ld+json\" class=\"yoast-schema-graph\">{\"@context\":\"https:\/\/schema.org\",\"@graph\":[{\"@type\":\"Article\",\"@id\":\"https:\/\/centcols.org\/es\/disparition-de-louis-nucera-2\/#article\",\"isPartOf\":{\"@id\":\"https:\/\/centcols.org\/es\/disparition-de-louis-nucera-2\/\"},\"author\":{\"name\":\"Webmestre\",\"@id\":\"https:\/\/centcols.org\/#\/schema\/person\/911b404fb133d8c913dd27cdcf71c8e5\"},\"headline\":\"13\/08\/00 : disparition de Louis Nucera. Michel de Br\u00e9bisson a souhait\u00e9 faire reproduire le papier du Monde \u00e9crit par un des amis de Louis\",\"datePublished\":\"2000-08-13T20:25:00+00:00\",\"dateModified\":\"2026-04-17T20:26:58+00:00\",\"mainEntityOfPage\":{\"@id\":\"https:\/\/centcols.org\/es\/disparition-de-louis-nucera-2\/\"},\"wordCount\":966,\"publisher\":{\"@id\":\"https:\/\/centcols.org\/#organization\"},\"articleSection\":[\"2000\"],\"inLanguage\":\"en-GB\"},{\"@type\":\"WebPage\",\"@id\":\"https:\/\/centcols.org\/es\/disparition-de-louis-nucera-2\/\",\"url\":\"https:\/\/centcols.org\/es\/disparition-de-louis-nucera-2\/\",\"name\":\"13\/08\/00 : disparition de Louis Nucera. Michel de Br\u00e9bisson a souhait\u00e9 faire reproduire le papier du Monde \u00e9crit par un des amis de Louis - Club des Cent Cols\",\"isPartOf\":{\"@id\":\"https:\/\/centcols.org\/#website\"},\"datePublished\":\"2000-08-13T20:25:00+00:00\",\"dateModified\":\"2026-04-17T20:26:58+00:00\",\"breadcrumb\":{\"@id\":\"https:\/\/centcols.org\/es\/disparition-de-louis-nucera-2\/#breadcrumb\"},\"inLanguage\":\"en-GB\",\"potentialAction\":[{\"@type\":\"ReadAction\",\"target\":[\"https:\/\/centcols.org\/es\/disparition-de-louis-nucera-2\/\"]}]},{\"@type\":\"BreadcrumbList\",\"@id\":\"https:\/\/centcols.org\/es\/disparition-de-louis-nucera-2\/#breadcrumb\",\"itemListElement\":[{\"@type\":\"ListItem\",\"position\":1,\"name\":\"Accueil\",\"item\":\"https:\/\/centcols.org\/\"},{\"@type\":\"ListItem\",\"position\":2,\"name\":\"Articles de presse et vid\u00e9os\",\"item\":\"https:\/\/centcols.org\/rubrique\/articles-de-presse-et-videos\/\"},{\"@type\":\"ListItem\",\"position\":3,\"name\":\"2000\",\"item\":\"https:\/\/centcols.org\/es\/rubrique\/articles-de-presse-et-videos\/2000\/\"},{\"@type\":\"ListItem\",\"position\":4,\"name\":\"13\/08\/00 : disparition de Louis Nucera. Michel de Br\u00e9bisson a souhait\u00e9 faire reproduire le papier du Monde \u00e9crit par un des amis de Louis\"}]},{\"@type\":\"WebSite\",\"@id\":\"https:\/\/centcols.org\/#website\",\"url\":\"https:\/\/centcols.org\/\",\"name\":\"Club des Cent Cols\",\"description\":\"\",\"publisher\":{\"@id\":\"https:\/\/centcols.org\/#organization\"},\"potentialAction\":[{\"@type\":\"SearchAction\",\"target\":{\"@type\":\"EntryPoint\",\"urlTemplate\":\"https:\/\/centcols.org\/?s={search_term_string}\"},\"query-input\":{\"@type\":\"PropertyValueSpecification\",\"valueRequired\":true,\"valueName\":\"search_term_string\"}}],\"inLanguage\":\"en-GB\"},{\"@type\":\"Organization\",\"@id\":\"https:\/\/centcols.org\/#organization\",\"name\":\"Club des Cent Cols\",\"url\":\"https:\/\/centcols.org\/\",\"logo\":{\"@type\":\"ImageObject\",\"inLanguage\":\"en-GB\",\"@id\":\"https:\/\/centcols.org\/#\/schema\/logo\/image\/\",\"url\":\"https:\/\/centcols.org\/wp-content\/uploads\/2025\/01\/carte-icone.png\",\"contentUrl\":\"https:\/\/centcols.org\/wp-content\/uploads\/2025\/01\/carte-icone.png\",\"width\":250,\"height\":250,\"caption\":\"Club des Cent Cols\"},\"image\":{\"@id\":\"https:\/\/centcols.org\/#\/schema\/logo\/image\/\"},\"sameAs\":[\"https:\/\/www.facebook.com\/groups\/5261880558\/?locale=fr_FR\"]},{\"@type\":\"Person\",\"@id\":\"https:\/\/centcols.org\/#\/schema\/person\/911b404fb133d8c913dd27cdcf71c8e5\",\"name\":\"Webmestre\",\"image\":{\"@type\":\"ImageObject\",\"inLanguage\":\"en-GB\",\"@id\":\"https:\/\/centcols.org\/wp-content\/litespeed\/avatar\/2d246e4b6b4f773e08515e1ffc53690b.jpg?ver=1777222892\",\"url\":\"https:\/\/centcols.org\/wp-content\/litespeed\/avatar\/2d246e4b6b4f773e08515e1ffc53690b.jpg?ver=1777222892\",\"contentUrl\":\"https:\/\/centcols.org\/wp-content\/litespeed\/avatar\/2d246e4b6b4f773e08515e1ffc53690b.jpg?ver=1777222892\",\"caption\":\"Webmestre\"},\"url\":\"https:\/\/centcols.org\/en\/author\/webmestre\/\"}]}<\/script>\n<!-- \/ Yoast SEO plugin. -->","yoast_head_json":{"title":"13\/08\/00 : Death of Louis Nucera. Michel de Br\u00e9bisson wished to have reproduced the article in Le Monde written by one of Louis' friends - Club des Cent Cols","robots":{"index":"index","follow":"follow","max-snippet":"max-snippet:-1","max-image-preview":"max-image-preview:large","max-video-preview":"max-video-preview:-1"},"canonical":"https:\/\/centcols.org\/en\/disappearance-of-louis-nucera-2\/","og_locale":"en_GB","og_type":"article","og_title":"13\/08\/00 : disparition de Louis Nucera. Michel de Br\u00e9bisson a souhait\u00e9 faire reproduire le papier du Monde \u00e9crit par un des amis de Louis - Club des Cent Cols","og_description":"Louis Nucera La passion de la litt\u00e9rature, de l&rsquo;amiti\u00e9 et du v\u00e9lo MERCREDI 9 ao\u00fbt, Louis Nucera est mort \u00e0 bicyclette, renvers\u00e9 par un automobiliste, \u00e0 Carros (Alpes-Maritimes), dans cette arri\u00e8re-pays ni\u00e7ois qu&rsquo;il avait si souvent parcouru. Le v\u00e9lo \u00e9tait une de ses passions avec la litt\u00e9rature et l&rsquo;amiti\u00e9. Ses amis se sentent tr\u00e8s seuls [&hellip;]","og_url":"https:\/\/centcols.org\/en\/disappearance-of-louis-nucera-2\/","og_site_name":"Club des Cent Cols","article_publisher":"https:\/\/www.facebook.com\/groups\/5261880558\/?locale=fr_FR","article_published_time":"2000-08-13T20:25:00+00:00","article_modified_time":"2026-04-17T20:26:58+00:00","author":"Webmestre","twitter_card":"summary_large_image","twitter_misc":{"Written by":"Webmestre","Estimated reading time":"4 minutes"},"schema":{"@context":"https:\/\/schema.org","@graph":[{"@type":"Article","@id":"https:\/\/centcols.org\/es\/disparition-de-louis-nucera-2\/#article","isPartOf":{"@id":"https:\/\/centcols.org\/es\/disparition-de-louis-nucera-2\/"},"author":{"name":"Webmestre","@id":"https:\/\/centcols.org\/#\/schema\/person\/911b404fb133d8c913dd27cdcf71c8e5"},"headline":"13\/08\/00 : disparition de Louis Nucera. Michel de Br\u00e9bisson a souhait\u00e9 faire reproduire le papier du Monde \u00e9crit par un des amis de Louis","datePublished":"2000-08-13T20:25:00+00:00","dateModified":"2026-04-17T20:26:58+00:00","mainEntityOfPage":{"@id":"https:\/\/centcols.org\/es\/disparition-de-louis-nucera-2\/"},"wordCount":966,"publisher":{"@id":"https:\/\/centcols.org\/#organization"},"articleSection":["2000"],"inLanguage":"en-GB"},{"@type":"WebPage","@id":"https:\/\/centcols.org\/es\/disparition-de-louis-nucera-2\/","url":"https:\/\/centcols.org\/es\/disparition-de-louis-nucera-2\/","name":"13\/08\/00 : Death of Louis Nucera. Michel de Br\u00e9bisson wished to have reproduced the article in Le Monde written by one of Louis' friends - Club des Cent Cols","isPartOf":{"@id":"https:\/\/centcols.org\/#website"},"datePublished":"2000-08-13T20:25:00+00:00","dateModified":"2026-04-17T20:26:58+00:00","breadcrumb":{"@id":"https:\/\/centcols.org\/es\/disparition-de-louis-nucera-2\/#breadcrumb"},"inLanguage":"en-GB","potentialAction":[{"@type":"ReadAction","target":["https:\/\/centcols.org\/es\/disparition-de-louis-nucera-2\/"]}]},{"@type":"BreadcrumbList","@id":"https:\/\/centcols.org\/es\/disparition-de-louis-nucera-2\/#breadcrumb","itemListElement":[{"@type":"ListItem","position":1,"name":"Accueil","item":"https:\/\/centcols.org\/"},{"@type":"ListItem","position":2,"name":"Articles de presse et vid\u00e9os","item":"https:\/\/centcols.org\/rubrique\/articles-de-presse-et-videos\/"},{"@type":"ListItem","position":3,"name":"2000","item":"https:\/\/centcols.org\/es\/rubrique\/articles-de-presse-et-videos\/2000\/"},{"@type":"ListItem","position":4,"name":"13\/08\/00 : disparition de Louis Nucera. Michel de Br\u00e9bisson a souhait\u00e9 faire reproduire le papier du Monde \u00e9crit par un des amis de Louis"}]},{"@type":"WebSite","@id":"https:\/\/centcols.org\/#website","url":"https:\/\/centcols.org\/","name":"Club des Cent Cols","description":"","publisher":{"@id":"https:\/\/centcols.org\/#organization"},"potentialAction":[{"@type":"SearchAction","target":{"@type":"EntryPoint","urlTemplate":"https:\/\/centcols.org\/?s={search_term_string}"},"query-input":{"@type":"PropertyValueSpecification","valueRequired":true,"valueName":"search_term_string"}}],"inLanguage":"en-GB"},{"@type":"Organization","@id":"https:\/\/centcols.org\/#organization","name":"Club des Cent Cols","url":"https:\/\/centcols.org\/","logo":{"@type":"ImageObject","inLanguage":"en-GB","@id":"https:\/\/centcols.org\/#\/schema\/logo\/image\/","url":"https:\/\/centcols.org\/wp-content\/uploads\/2025\/01\/carte-icone.png","contentUrl":"https:\/\/centcols.org\/wp-content\/uploads\/2025\/01\/carte-icone.png","width":250,"height":250,"caption":"Club des Cent Cols"},"image":{"@id":"https:\/\/centcols.org\/#\/schema\/logo\/image\/"},"sameAs":["https:\/\/www.facebook.com\/groups\/5261880558\/?locale=fr_FR"]},{"@type":"Person","@id":"https:\/\/centcols.org\/#\/schema\/person\/911b404fb133d8c913dd27cdcf71c8e5","name":"Webmaster","image":{"@type":"ImageObject","inLanguage":"en-GB","@id":"https:\/\/centcols.org\/wp-content\/litespeed\/avatar\/2d246e4b6b4f773e08515e1ffc53690b.jpg?ver=1777222892","url":"https:\/\/centcols.org\/wp-content\/litespeed\/avatar\/2d246e4b6b4f773e08515e1ffc53690b.jpg?ver=1777222892","contentUrl":"https:\/\/centcols.org\/wp-content\/litespeed\/avatar\/2d246e4b6b4f773e08515e1ffc53690b.jpg?ver=1777222892","caption":"Webmestre"},"url":"https:\/\/centcols.org\/en\/author\/webmestre\/"}]}},"_links":{"self":[{"href":"https:\/\/centcols.org\/en\/wp-json\/wp\/v2\/posts\/95273","targetHints":{"allow":["GET"]}}],"collection":[{"href":"https:\/\/centcols.org\/en\/wp-json\/wp\/v2\/posts"}],"about":[{"href":"https:\/\/centcols.org\/en\/wp-json\/wp\/v2\/types\/post"}],"author":[{"embeddable":true,"href":"https:\/\/centcols.org\/en\/wp-json\/wp\/v2\/users\/3"}],"replies":[{"embeddable":true,"href":"https:\/\/centcols.org\/en\/wp-json\/wp\/v2\/comments?post=95273"}],"version-history":[{"count":0,"href":"https:\/\/centcols.org\/en\/wp-json\/wp\/v2\/posts\/95273\/revisions"}],"wp:attachment":[{"href":"https:\/\/centcols.org\/en\/wp-json\/wp\/v2\/media?parent=95273"}],"wp:term":[{"taxonomy":"category","embeddable":true,"href":"https:\/\/centcols.org\/en\/wp-json\/wp\/v2\/categories?post=95273"},{"taxonomy":"post_tag","embeddable":true,"href":"https:\/\/centcols.org\/en\/wp-json\/wp\/v2\/tags?post=95273"}],"curies":[{"name":"wp","href":"https:\/\/api.w.org\/{rel}","templated":true}]}}