{"id":22212,"date":"2025-06-20T09:41:24","date_gmt":"2025-06-20T07:41:24","guid":{"rendered":"http:\/\/centcols.org\/?p=22212"},"modified":"2025-10-15T03:26:07","modified_gmt":"2025-10-15T01:26:07","slug":"la-isla-tirolesa-de-beaufortain","status":"publish","type":"post","link":"https:\/\/centcols.org\/es\/le-beaufortain-ilot-tyrolien\/","title":{"rendered":"El Beaufortain, una isla tirolesa"},"content":{"rendered":"<p><strong>Les Alpes ont leurs grandes vall\u00e9es, ouvertes \u00e0 la grande circulation, aux grandes invasions, aux grands commerces et aux grandes nuisances<\/strong><strong>.<\/strong><\/p>\n<p><strong>Et puis nous avons nos petites vall\u00e9es, qui longtemps sont rest\u00e9es des \u00eeles de montagne. Le Beaufortain en est.<\/strong><\/p>\n<p>Une \u00eele, c\u2019est une culture un peu particuli\u00e8re, mais pas forc\u00e9ment un repli sur soi. En mer, les \u00eeles ont leurs marins. A terre, elles ont aussi leurs aventuriers, partant voir plus loin comment c\u2019est, ou s\u2019il n\u2019y a pas un peu plus \u00e0 manger que dans le champ natal\u2026<\/p>\n<p>A force de patience et de travail, les Beaufortains ont model\u00e9 leurs montagnes selon les besoins d\u2019un syst\u00e8me agro-pastoral complexe, o\u00f9 l\u2019on ne perd jamais une parcelle de terrain pour le plaisir. Des c\u00e9r\u00e9ales cultiv\u00e9es dans les terres plates du bas aux derniers \u00e9carts des alpages,\u00a0aucune parcelle n\u2019\u00e9tait inexploit\u00e9e au d\u00e9but du XIX\u00e8me si\u00e8cle. Cela a fa\u00e7onn\u00e9 un paysage ouvert, sem\u00e9 de chalets dispers\u00e9s, autant de granges ou de \u00ab\u00a0remues\u00a0\u00bb o\u00f9 l\u2019on passait quelques semaines en montant les b\u00eates \u00e0 l\u2019alpage, histoire de brouter le foin frais \u00e0 mesure que la neige abandonnait la partie. Parfois, on \u00e9voque ici des comparaisons avec le Tyrol. C\u2019est assez vrai pour les paysages et le soin mis \u00e0 entretenir le patrimoine agricole. Et ce n\u2019est pas faux dans la psychologie des habitants. D\u2019ailleurs, s\u2019il y a en Beaufortain comme dans beaucoup d\u2019autres vall\u00e9es savoyardes des clochers \u00e0 bulbes, c\u2019est bien parce qu\u2019il y a eu un temps des influences venues de l\u2019est\u2026<\/p>\n<h2>De l\u2019\u00e9t\u00e9 \u00e0 l\u2019hiver<\/h2>\n<p>Pour un agriculteur de montagne, l\u2019hiver est quasiment du temps perdu, une contrainte lourde pesant sur les travaux d\u2018\u00e9t\u00e9, o\u00f9 de nombreux bras doivent \u00eatre mobilis\u00e9s pour engranger le foin et les provisions indispensables \u00e0 la survie des hommes et des b\u00eates durant ce temps mort. Beaucoup de bras en \u00e9t\u00e9, trop de bras en hiver. Pour ne pas peser sur le grenier familial, beaucoup partaient loin, vendre leur force de travail (le clich\u00e9 des jeunes ramoneurs\u2026), ou s\u2019instituant commer\u00e7ants ambulants, merciers ou carr\u00e9ment joailliers\u2026 Certains ne revenaient pas, fondant famille \u00e0 Paris ou ailleurs (c\u2019est ainsi que le Beaufortain le plus c\u00e9l\u00e8bre, Roger Frison Roche est n\u00e9 \u00e0 Paris\u2026). D\u2019autres revenaient, avec des id\u00e9es neuves\u2026 Comme par exemple accueillir les touristes. H\u00e9las, le Beaufortain n\u2019a pas de 4000, ni m\u00eame de 3000 dot\u00e9 de falaises formidables. La vogue de l\u2019alpinisme a touch\u00e9 d\u2019abord Chamonix, puis Pralognan, ou la Grave. Dans cette vogue de conqu\u00eate alpestre, le Beaufortain faisait grise mine avec ses montagnes \u00e0 vaches (m\u00eame si la Pierra Menta effraie jusqu\u2019aux chamois). On accueillait donc ici une poign\u00e9e de touristes venus prendre le vert en \u00e9coutant les sonnailles des vaches.<\/p>\n<p>Jusqu\u2019au jour o\u00f9 des illumin\u00e9s firent les int\u00e9ressants en descendant les prairies \u00e0 ski, et en plein hiver. Ce fut l\u2019aube de la r\u00e9volution\u00a0: si des gens \u00e9taient pr\u00eats \u00e0 payer pour venir s\u2019amuser durant la saison morte pour l\u2019agriculture, cela \u00e9viterait peut \u00eatre de partir loin pour trouver sa cro\u00fbte\u2026 En 1927, l\u2019h\u00f4tel Viallet d\u2019Ar\u00eaches fut le premier \u00e0 ouvrir en hiver. Les Lyonnais venaient go\u00fbter les p\u00e2tures neigeuses du Grand Mont\u2026 D\u2019autres ouvrirent des h\u00e9bergements aux P\u00e9monts, au dessus de Hauteluce. Alfred Couttet, un chamoniard, b\u00e2tit un h\u00f4tel dans la superbe cuvette de Roselend vers 1937. Des t\u00e9l\u00e9skis furent m\u00eame projet\u00e9s\u2026<\/p>\n<p>Dans le m\u00eame temps, la r\u00e9gion d\u2019Albertville quittait son costume de bourg militaro-commer\u00e7ant pour s\u2019enhardir avec des chemin\u00e9es d\u2019usines. Dans la foul\u00e9e de l\u2019Is\u00e9rois Aristide Berg\u00e8s (la houille blanche), des industriels viennent capter l\u2019\u00e9nergie des torrents beaufortains pour faire tourner leurs artifices d\u2019en bas. Aubry \u00e0 Venthon, et surtout Paul Girod \u00e0 Ugine construisent une \u00e0 une des centrales \u00e9lectriques domestiquant le Doron de Beaufort. Autant de chantiers qui donnaient de l\u2019ouvrage dans la vall\u00e9e, brassaient de la population et bient\u00f4t apportaient quelques royalties aux communes.<\/p>\n<h2>L\u2019hiver en avant<\/h2>\n<p>La guerre fut ici moins dramatique que dans le Vercors ou les Gli\u00e8res, m\u00eame si la vall\u00e9e \u00e9tait une base solide pour les maquis, avec le grand parachutage d\u2019ao\u00fbt 1944 aux Saisies <a href=\"https:\/\/centcols.org\/les_rendez-vous\/2008\/areches\/le_beaufortain.htm#_ftn1\" name=\"_ftnref1\">[1]<\/a>.A la lib\u00e9ration, quelques esprits ouverts mirent en application ce qu\u2019ils avaient vu ailleurs, des moniteurs de Meg\u00e8ve aux t\u00e9l\u00e9ph\u00e9riques des chantiers d\u2019acc\u00e8s aux barrages\u2026 Pourquoi ne pas monter un t\u00e9l\u00e9ski ici\u00a0? D\u00e8s 1947, Gaspard Blanc (aid\u00e9 de son \u00e9pouse Simone) ouvrit le premier tire fesses \u00e0 Ar\u00eaches.<\/p>\n<p>L\u2019ann\u00e9e d\u2019apr\u00e8s, le sort de la future station de Roselend \u00e9tait scell\u00e9\u00a0: la toute jeune EDF s\u2019int\u00e9ressait \u00e0 la cuvette et aux 1200 m de chute jusqu\u2019\u00e0 La B\u00e2thie, pr\u00e8s d\u2019Albertville. En dix ans,\u00a0l\u2019\u00e9quilibre du Beaufortain fut mis sens dessus dessous. Trois \u00e9normes chantiers envahirent les alpages\u00a0: les barrages de Roselend, Saint Gu\u00e9rin et la Gittaz. Des milliers de salari\u00e9s ext\u00e9rieurs d\u00e9barquaient, les jeunes du pays t\u00e2taient des bons salaires des chantiers\u2026 C\u2019\u00e9tait p\u00e9nible certes, mais quid de faire les foins \u00e0 la main dans des pentes du diable\u00a0? Beaucoup ne revinrent pas \u00e0 l\u2019agriculture, ou alors comme double activit\u00e9. Car d\u2019en bas des colonnes de bus montaient nuit et jour pour emmener les ouvriers aux aci\u00e9ries d\u2019Ugine. Avec 4000 emplois \u00e0 la fin des ann\u00e9es 60, la sid\u00e9rurgie ratissait large.<\/p>\n<p>L\u2019hiver, la petite station d\u2019Ar\u00eaches se d\u00e9veloppait tranquillement, avec la concurrence locale des Saisies, ouverts en 1963 apr\u00e8s la p\u00e9riode pionni\u00e8re d\u2019un autrichien, Erwin Eckl, venu avant guerre dans les alpages prometteurs du col.<\/p>\n<p>A la fin des chantiers, le Beaufortain fut soudain menac\u00e9 d\u2019inanition. Ses forces vives partaient. L\u2019agriculture traditionnelle \u00e9tait touch\u00e9e \u00e0 mort, et le tourisme pas encore en mesure de seulement limiter les d\u00e9g\u00e2ts.<\/p>\n<p>La r\u00e9action salvatrice avancera sur deux pieds, et avec la confortable b\u00e9quille des taxes vers\u00e9es par EDF en compensation des alpages noy\u00e9s.<\/p>\n<p>Autour de Maxime Viallet, des agriculteurs relanc\u00e8rent le fromage local, et obtinrent une AOC pour le Beaufort d\u00e8s la fin des ann\u00e9es 60. Doucement, ils parvinrent \u00e0 cr\u00e9er un produit d\u2019exception, vendu \u00e0 un bon prix. C\u2019\u00e9tait le seul moyen de compenser les surco\u00fbts d\u2019exploitation des prairies pentues du massif.<\/p>\n<p>La commune de Beaufort reprit les anciennes remont\u00e9es m\u00e9caniques pouss\u00e9es \u00e0 la diable dans les prairies d\u2019Ar\u00eaches, et organisa petit \u00e0 petit une station coh\u00e9rente, capable d\u2019attirer des vacanciers. Les seuls promoteurs autoris\u00e9s \u00e9taient ceux du tourisme social. Le reste de la promotion immobili\u00e8re fut quasiment monopolis\u00e9e par les locaux. L\u2019\u00eele accepte volontiers les visiteurs, mais elle conserve les b\u00e9n\u00e9fices sur place, et parvient sans trop d\u2019\u00e9carts \u00e0 maintenir l\u2019image de montagnes vierges et naturelles qu\u2019elle a su exporter. Le Beaufortain compte pourtant 20\u00a0000 lits touristiques pour seulement 4000 habitants permanents\u2026<\/p>\n<p>Hier, ou avant-hier, nul n\u2019aurait song\u00e9 \u00e0 atteindre de telles capacit\u00e9s d\u2019h\u00e9bergement. Mais comme cela s\u2019est fait en douceur, en s\u2019appuyant sur l\u2019agriculture traditionnelle mais r\u00e9nov\u00e9e, la mutation du Beaufortain fait quasiment figure d\u2019exemple. Alors que d\u2019autres vall\u00e9es alpines sont envahies d\u2019\u00e9pines, le probl\u00e8me est pratiquement inconnu en Beaufortain, pour la plus grande joie des v\u00e9t\u00e9tistes pratiquant les sentiers ancestraux comme les nouvelles pistes agricoles.<\/p>\n<p>Fran\u00e7ois Rieu<\/p>\n<p><a href=\"https:\/\/centcols.org\/les_rendez-vous\/2008\/areches\/le_beaufortain.htm#_ftnref1\" name=\"_ftn1\">[1]<\/a> Lire les Montagnards de la nuit, de Frison Roche<\/p>\n<p>&nbsp;<\/p>\n","protected":false},"excerpt":{"rendered":"<p>Les Alpes ont leurs grandes vall\u00e9es, ouvertes \u00e0 la grande circulation, aux grandes invasions, aux grands commerces et aux grandes nuisances. Et puis nous avons nos petites vall\u00e9es, qui longtemps sont rest\u00e9es des \u00eeles de montagne. Le Beaufortain en est. Une \u00eele, c\u2019est une culture un peu particuli\u00e8re, mais pas forc\u00e9ment un repli sur soi. [&hellip;]<\/p>\n","protected":false},"author":3,"featured_media":80277,"comment_status":"open","ping_status":"closed","sticky":false,"template":"","format":"standard","meta":{"_acf_changed":false,"footnotes":""},"categories":[89],"tags":[],"class_list":["post-22212","post","type-post","status-publish","format-standard","has-post-thumbnail","hentry","category-documentaires"],"acf":[],"yoast_head":"<!-- This site is optimized with the Yoast SEO plugin v27.2 - https:\/\/yoast.com\/product\/yoast-seo-wordpress\/ -->\n<title>Le Beaufortain, \u00eelot tyrolien - Club des Cent Cols<\/title>\n<meta name=\"robots\" content=\"index, follow, max-snippet:-1, max-image-preview:large, max-video-preview:-1\" \/>\n<link rel=\"canonical\" href=\"https:\/\/centcols.org\/es\/la-isla-tirolesa-de-beaufortain\/\" \/>\n<meta property=\"og:locale\" content=\"es_ES\" \/>\n<meta property=\"og:type\" content=\"article\" \/>\n<meta property=\"og:title\" content=\"Le Beaufortain, \u00eelot tyrolien - Club des Cent Cols\" \/>\n<meta property=\"og:description\" content=\"Les Alpes ont leurs grandes vall\u00e9es, ouvertes \u00e0 la grande circulation, aux grandes invasions, aux grands commerces et aux grandes nuisances. Et puis nous avons nos petites vall\u00e9es, qui longtemps sont rest\u00e9es des \u00eeles de montagne. Le Beaufortain en est. Une \u00eele, c\u2019est une culture un peu particuli\u00e8re, mais pas forc\u00e9ment un repli sur soi. [&hellip;]\" \/>\n<meta property=\"og:url\" content=\"https:\/\/centcols.org\/es\/la-isla-tirolesa-de-beaufortain\/\" \/>\n<meta property=\"og:site_name\" content=\"Club des Cent Cols\" \/>\n<meta property=\"article:publisher\" content=\"https:\/\/www.facebook.com\/groups\/5261880558\/?locale=fr_FR\" \/>\n<meta property=\"article:published_time\" content=\"2025-06-20T07:41:24+00:00\" \/>\n<meta property=\"article:modified_time\" content=\"2025-10-15T01:26:07+00:00\" \/>\n<meta property=\"og:image\" content=\"https:\/\/centcols.org\/wp-content\/uploads\/2025\/03\/roselend-r.jpg\" \/>\n\t<meta property=\"og:image:width\" content=\"960\" \/>\n\t<meta property=\"og:image:height\" content=\"540\" \/>\n\t<meta property=\"og:image:type\" content=\"image\/jpeg\" \/>\n<meta name=\"author\" content=\"Webmestre\" \/>\n<meta name=\"twitter:card\" content=\"summary_large_image\" \/>\n<meta name=\"twitter:label1\" content=\"Escrito por\" \/>\n\t<meta name=\"twitter:data1\" content=\"Webmestre\" \/>\n\t<meta name=\"twitter:label2\" content=\"Tiempo de lectura\" \/>\n\t<meta name=\"twitter:data2\" content=\"7 minutos\" \/>\n<script type=\"application\/ld+json\" class=\"yoast-schema-graph\">{\"@context\":\"https:\/\/schema.org\",\"@graph\":[{\"@type\":\"Article\",\"@id\":\"https:\/\/centcols.org\/le-beaufortain-ilot-tyrolien\/#article\",\"isPartOf\":{\"@id\":\"https:\/\/centcols.org\/le-beaufortain-ilot-tyrolien\/\"},\"author\":{\"name\":\"Webmestre\",\"@id\":\"https:\/\/centcols.org\/#\/schema\/person\/911b404fb133d8c913dd27cdcf71c8e5\"},\"headline\":\"Le Beaufortain, \u00eelot tyrolien\",\"datePublished\":\"2025-06-20T07:41:24+00:00\",\"dateModified\":\"2025-10-15T01:26:07+00:00\",\"mainEntityOfPage\":{\"@id\":\"https:\/\/centcols.org\/le-beaufortain-ilot-tyrolien\/\"},\"wordCount\":1315,\"commentCount\":0,\"publisher\":{\"@id\":\"https:\/\/centcols.org\/#organization\"},\"image\":{\"@id\":\"https:\/\/centcols.org\/le-beaufortain-ilot-tyrolien\/#primaryimage\"},\"thumbnailUrl\":\"https:\/\/centcols.org\/wp-content\/uploads\/2025\/03\/roselend-r.jpg\",\"articleSection\":[\"Documentaires\"],\"inLanguage\":\"es\",\"potentialAction\":[{\"@type\":\"CommentAction\",\"name\":\"Comment\",\"target\":[\"https:\/\/centcols.org\/le-beaufortain-ilot-tyrolien\/#respond\"]}]},{\"@type\":\"WebPage\",\"@id\":\"https:\/\/centcols.org\/le-beaufortain-ilot-tyrolien\/\",\"url\":\"https:\/\/centcols.org\/le-beaufortain-ilot-tyrolien\/\",\"name\":\"Le Beaufortain, \u00eelot tyrolien - Club des Cent Cols\",\"isPartOf\":{\"@id\":\"https:\/\/centcols.org\/#website\"},\"primaryImageOfPage\":{\"@id\":\"https:\/\/centcols.org\/le-beaufortain-ilot-tyrolien\/#primaryimage\"},\"image\":{\"@id\":\"https:\/\/centcols.org\/le-beaufortain-ilot-tyrolien\/#primaryimage\"},\"thumbnailUrl\":\"https:\/\/centcols.org\/wp-content\/uploads\/2025\/03\/roselend-r.jpg\",\"datePublished\":\"2025-06-20T07:41:24+00:00\",\"dateModified\":\"2025-10-15T01:26:07+00:00\",\"breadcrumb\":{\"@id\":\"https:\/\/centcols.org\/le-beaufortain-ilot-tyrolien\/#breadcrumb\"},\"inLanguage\":\"es\",\"potentialAction\":[{\"@type\":\"ReadAction\",\"target\":[\"https:\/\/centcols.org\/le-beaufortain-ilot-tyrolien\/\"]}]},{\"@type\":\"ImageObject\",\"inLanguage\":\"es\",\"@id\":\"https:\/\/centcols.org\/le-beaufortain-ilot-tyrolien\/#primaryimage\",\"url\":\"https:\/\/centcols.org\/wp-content\/uploads\/2025\/03\/roselend-r.jpg\",\"contentUrl\":\"https:\/\/centcols.org\/wp-content\/uploads\/2025\/03\/roselend-r.jpg\",\"width\":960,\"height\":540},{\"@type\":\"BreadcrumbList\",\"@id\":\"https:\/\/centcols.org\/le-beaufortain-ilot-tyrolien\/#breadcrumb\",\"itemListElement\":[{\"@type\":\"ListItem\",\"position\":1,\"name\":\"Accueil\",\"item\":\"https:\/\/centcols.org\/\"},{\"@type\":\"ListItem\",\"position\":2,\"name\":\"Gazette\",\"item\":\"https:\/\/centcols.org\/rubrique\/gazette\/\"},{\"@type\":\"ListItem\",\"position\":3,\"name\":\"Documentaires\",\"item\":\"https:\/\/centcols.org\/rubrique\/gazette\/documentaires\/\"},{\"@type\":\"ListItem\",\"position\":4,\"name\":\"Le Beaufortain, \u00eelot tyrolien\"}]},{\"@type\":\"WebSite\",\"@id\":\"https:\/\/centcols.org\/#website\",\"url\":\"https:\/\/centcols.org\/\",\"name\":\"Club des Cent Cols\",\"description\":\"\",\"publisher\":{\"@id\":\"https:\/\/centcols.org\/#organization\"},\"potentialAction\":[{\"@type\":\"SearchAction\",\"target\":{\"@type\":\"EntryPoint\",\"urlTemplate\":\"https:\/\/centcols.org\/?s={search_term_string}\"},\"query-input\":{\"@type\":\"PropertyValueSpecification\",\"valueRequired\":true,\"valueName\":\"search_term_string\"}}],\"inLanguage\":\"es\"},{\"@type\":\"Organization\",\"@id\":\"https:\/\/centcols.org\/#organization\",\"name\":\"Club des Cent Cols\",\"url\":\"https:\/\/centcols.org\/\",\"logo\":{\"@type\":\"ImageObject\",\"inLanguage\":\"es\",\"@id\":\"https:\/\/centcols.org\/#\/schema\/logo\/image\/\",\"url\":\"https:\/\/centcols.org\/wp-content\/uploads\/2025\/01\/carte-icone.png\",\"contentUrl\":\"https:\/\/centcols.org\/wp-content\/uploads\/2025\/01\/carte-icone.png\",\"width\":250,\"height\":250,\"caption\":\"Club des Cent Cols\"},\"image\":{\"@id\":\"https:\/\/centcols.org\/#\/schema\/logo\/image\/\"},\"sameAs\":[\"https:\/\/www.facebook.com\/groups\/5261880558\/?locale=fr_FR\"]},{\"@type\":\"Person\",\"@id\":\"https:\/\/centcols.org\/#\/schema\/person\/911b404fb133d8c913dd27cdcf71c8e5\",\"name\":\"Webmestre\",\"image\":{\"@type\":\"ImageObject\",\"inLanguage\":\"es\",\"@id\":\"https:\/\/centcols.org\/wp-content\/litespeed\/avatar\/2d246e4b6b4f773e08515e1ffc53690b.jpg?ver=1777222892\",\"url\":\"https:\/\/centcols.org\/wp-content\/litespeed\/avatar\/2d246e4b6b4f773e08515e1ffc53690b.jpg?ver=1777222892\",\"contentUrl\":\"https:\/\/centcols.org\/wp-content\/litespeed\/avatar\/2d246e4b6b4f773e08515e1ffc53690b.jpg?ver=1777222892\",\"caption\":\"Webmestre\"},\"url\":\"https:\/\/centcols.org\/es\/author\/webmestre\/\"}]}<\/script>\n<!-- \/ Yoast SEO plugin. -->","yoast_head_json":{"title":"El Beaufortain, una isla tirolesa - Club des Cent Cols","robots":{"index":"index","follow":"follow","max-snippet":"max-snippet:-1","max-image-preview":"max-image-preview:large","max-video-preview":"max-video-preview:-1"},"canonical":"https:\/\/centcols.org\/es\/la-isla-tirolesa-de-beaufortain\/","og_locale":"es_ES","og_type":"article","og_title":"Le Beaufortain, \u00eelot tyrolien - Club des Cent Cols","og_description":"Les Alpes ont leurs grandes vall\u00e9es, ouvertes \u00e0 la grande circulation, aux grandes invasions, aux grands commerces et aux grandes nuisances. Et puis nous avons nos petites vall\u00e9es, qui longtemps sont rest\u00e9es des \u00eeles de montagne. Le Beaufortain en est. Une \u00eele, c\u2019est une culture un peu particuli\u00e8re, mais pas forc\u00e9ment un repli sur soi. [&hellip;]","og_url":"https:\/\/centcols.org\/es\/la-isla-tirolesa-de-beaufortain\/","og_site_name":"Club des Cent Cols","article_publisher":"https:\/\/www.facebook.com\/groups\/5261880558\/?locale=fr_FR","article_published_time":"2025-06-20T07:41:24+00:00","article_modified_time":"2025-10-15T01:26:07+00:00","og_image":[{"width":960,"height":540,"url":"https:\/\/centcols.org\/wp-content\/uploads\/2025\/03\/roselend-r.jpg","type":"image\/jpeg"}],"author":"Webmestre","twitter_card":"summary_large_image","twitter_misc":{"Escrito por":"Webmestre","Tiempo de lectura":"7 minutos"},"schema":{"@context":"https:\/\/schema.org","@graph":[{"@type":"Article","@id":"https:\/\/centcols.org\/le-beaufortain-ilot-tyrolien\/#article","isPartOf":{"@id":"https:\/\/centcols.org\/le-beaufortain-ilot-tyrolien\/"},"author":{"name":"Webmestre","@id":"https:\/\/centcols.org\/#\/schema\/person\/911b404fb133d8c913dd27cdcf71c8e5"},"headline":"Le Beaufortain, \u00eelot tyrolien","datePublished":"2025-06-20T07:41:24+00:00","dateModified":"2025-10-15T01:26:07+00:00","mainEntityOfPage":{"@id":"https:\/\/centcols.org\/le-beaufortain-ilot-tyrolien\/"},"wordCount":1315,"commentCount":0,"publisher":{"@id":"https:\/\/centcols.org\/#organization"},"image":{"@id":"https:\/\/centcols.org\/le-beaufortain-ilot-tyrolien\/#primaryimage"},"thumbnailUrl":"https:\/\/centcols.org\/wp-content\/uploads\/2025\/03\/roselend-r.jpg","articleSection":["Documentaires"],"inLanguage":"es","potentialAction":[{"@type":"CommentAction","name":"Comment","target":["https:\/\/centcols.org\/le-beaufortain-ilot-tyrolien\/#respond"]}]},{"@type":"WebPage","@id":"https:\/\/centcols.org\/le-beaufortain-ilot-tyrolien\/","url":"https:\/\/centcols.org\/le-beaufortain-ilot-tyrolien\/","name":"El Beaufortain, una isla tirolesa - Club des Cent Cols","isPartOf":{"@id":"https:\/\/centcols.org\/#website"},"primaryImageOfPage":{"@id":"https:\/\/centcols.org\/le-beaufortain-ilot-tyrolien\/#primaryimage"},"image":{"@id":"https:\/\/centcols.org\/le-beaufortain-ilot-tyrolien\/#primaryimage"},"thumbnailUrl":"https:\/\/centcols.org\/wp-content\/uploads\/2025\/03\/roselend-r.jpg","datePublished":"2025-06-20T07:41:24+00:00","dateModified":"2025-10-15T01:26:07+00:00","breadcrumb":{"@id":"https:\/\/centcols.org\/le-beaufortain-ilot-tyrolien\/#breadcrumb"},"inLanguage":"es","potentialAction":[{"@type":"ReadAction","target":["https:\/\/centcols.org\/le-beaufortain-ilot-tyrolien\/"]}]},{"@type":"ImageObject","inLanguage":"es","@id":"https:\/\/centcols.org\/le-beaufortain-ilot-tyrolien\/#primaryimage","url":"https:\/\/centcols.org\/wp-content\/uploads\/2025\/03\/roselend-r.jpg","contentUrl":"https:\/\/centcols.org\/wp-content\/uploads\/2025\/03\/roselend-r.jpg","width":960,"height":540},{"@type":"BreadcrumbList","@id":"https:\/\/centcols.org\/le-beaufortain-ilot-tyrolien\/#breadcrumb","itemListElement":[{"@type":"ListItem","position":1,"name":"Accueil","item":"https:\/\/centcols.org\/"},{"@type":"ListItem","position":2,"name":"Gazette","item":"https:\/\/centcols.org\/rubrique\/gazette\/"},{"@type":"ListItem","position":3,"name":"Documentaires","item":"https:\/\/centcols.org\/rubrique\/gazette\/documentaires\/"},{"@type":"ListItem","position":4,"name":"Le Beaufortain, \u00eelot tyrolien"}]},{"@type":"WebSite","@id":"https:\/\/centcols.org\/#website","url":"https:\/\/centcols.org\/","name":"Club des Cent Cols","description":"","publisher":{"@id":"https:\/\/centcols.org\/#organization"},"potentialAction":[{"@type":"SearchAction","target":{"@type":"EntryPoint","urlTemplate":"https:\/\/centcols.org\/?s={search_term_string}"},"query-input":{"@type":"PropertyValueSpecification","valueRequired":true,"valueName":"search_term_string"}}],"inLanguage":"es"},{"@type":"Organization","@id":"https:\/\/centcols.org\/#organization","name":"Club des Cent Cols","url":"https:\/\/centcols.org\/","logo":{"@type":"ImageObject","inLanguage":"es","@id":"https:\/\/centcols.org\/#\/schema\/logo\/image\/","url":"https:\/\/centcols.org\/wp-content\/uploads\/2025\/01\/carte-icone.png","contentUrl":"https:\/\/centcols.org\/wp-content\/uploads\/2025\/01\/carte-icone.png","width":250,"height":250,"caption":"Club des Cent Cols"},"image":{"@id":"https:\/\/centcols.org\/#\/schema\/logo\/image\/"},"sameAs":["https:\/\/www.facebook.com\/groups\/5261880558\/?locale=fr_FR"]},{"@type":"Person","@id":"https:\/\/centcols.org\/#\/schema\/person\/911b404fb133d8c913dd27cdcf71c8e5","name":"Webmaster","image":{"@type":"ImageObject","inLanguage":"es","@id":"https:\/\/centcols.org\/wp-content\/litespeed\/avatar\/2d246e4b6b4f773e08515e1ffc53690b.jpg?ver=1777222892","url":"https:\/\/centcols.org\/wp-content\/litespeed\/avatar\/2d246e4b6b4f773e08515e1ffc53690b.jpg?ver=1777222892","contentUrl":"https:\/\/centcols.org\/wp-content\/litespeed\/avatar\/2d246e4b6b4f773e08515e1ffc53690b.jpg?ver=1777222892","caption":"Webmestre"},"url":"https:\/\/centcols.org\/es\/author\/webmestre\/"}]}},"_links":{"self":[{"href":"https:\/\/centcols.org\/es\/wp-json\/wp\/v2\/posts\/22212","targetHints":{"allow":["GET"]}}],"collection":[{"href":"https:\/\/centcols.org\/es\/wp-json\/wp\/v2\/posts"}],"about":[{"href":"https:\/\/centcols.org\/es\/wp-json\/wp\/v2\/types\/post"}],"author":[{"embeddable":true,"href":"https:\/\/centcols.org\/es\/wp-json\/wp\/v2\/users\/3"}],"replies":[{"embeddable":true,"href":"https:\/\/centcols.org\/es\/wp-json\/wp\/v2\/comments?post=22212"}],"version-history":[{"count":0,"href":"https:\/\/centcols.org\/es\/wp-json\/wp\/v2\/posts\/22212\/revisions"}],"wp:featuredmedia":[{"embeddable":true,"href":"https:\/\/centcols.org\/es\/wp-json\/wp\/v2\/media\/80277"}],"wp:attachment":[{"href":"https:\/\/centcols.org\/es\/wp-json\/wp\/v2\/media?parent=22212"}],"wp:term":[{"taxonomy":"category","embeddable":true,"href":"https:\/\/centcols.org\/es\/wp-json\/wp\/v2\/categories?post=22212"},{"taxonomy":"post_tag","embeddable":true,"href":"https:\/\/centcols.org\/es\/wp-json\/wp\/v2\/tags?post=22212"}],"curies":[{"name":"wp","href":"https:\/\/api.w.org\/{rel}","templated":true}]}}