{"id":73135,"date":"2023-05-15T17:04:23","date_gmt":"2023-05-15T15:04:23","guid":{"rendered":"https:\/\/centcols.org\/?page_id=73135"},"modified":"2025-10-15T03:28:37","modified_gmt":"2025-10-15T01:28:37","slug":"pases-fronterizos-y-no-fronterizos","status":"publish","type":"post","link":"https:\/\/centcols.org\/es\/cols-frontaliers-ou-non\/","title":{"rendered":"Puertos alpinos que antes eran pasos fronterizos... y los que se han convertido en tales"},"content":{"rendered":"<p class=\"has-medium-font-size\"><strong>Un paso se define por su ubicaci\u00f3n en una cuenca hidrogr\u00e1fica. <\/strong>(LPE). Este LPE suele ser un l\u00edmite administrativo, y si se trata de una frontera entre 2 estados, el paso tendr\u00e1 un estatus de <strong>pase fronterizo<\/strong>&nbsp;... y aparecer\u00e1 en los cat\u00e1logos de ambos pa\u00edses.<\/p>\n\n\n\n<p class=\"has-medium-font-size\">Este estatus puede no ser permanente, ya que los tratados han modificado las fronteras a lo largo de la historia.<\/p>\n\n\n\n<p class=\"has-medium-font-size\">He aqu\u00ed algunos ejemplos:<\/p>\n\n\n\n<div class=\"wp-block-columns is-layout-flex wp-container-core-columns-is-layout-9d6595d7 wp-block-columns-is-layout-flex\">\n<div class=\"wp-block-column is-layout-flow wp-block-column-is-layout-flow\" style=\"flex-basis:66.66%\">\n<p class=\"has-medium-font-size\"><strong>Francia e Italia :<\/strong><\/p>\n\n\n\n<p class=\"has-medium-font-size\">Con el Tratado de Tur\u00edn (1860) y la adscripci\u00f3n del Ducado de Saboya y el Condado de Niza a Francia, varios pasos de nuestros Alpes dejaron de ser fronterizos (por ejemplo, el Galibier y la Bonette) y otros se convirtieron en pasos fronterizos (Mont-Cenis y Vescavo - pero s\u00f3lo ser\u00edan fronterizos hasta 1946 con el Tratado de Par\u00eds).<\/p>\n<\/div>\n\n\n\n<div class=\"wp-block-column is-layout-flow wp-block-column-is-layout-flow\" style=\"flex-basis:33.33%\"><div class=\"wp-block-image is-resized\">\n<figure class=\"aligncenter size-full\"><img loading=\"lazy\" decoding=\"async\" width=\"563\" height=\"540\" src=\"https:\/\/centcols.org\/wp-content\/uploads\/2023\/05\/GG1.jpg\" alt=\"\" class=\"wp-image-87993\"\/><\/figure>\n<\/div><\/div>\n<\/div>\n\n\n\n<p class=\"has-medium-font-size\"><strong>Austria e Italia :<\/strong><\/p>\n\n\n\n<p class=\"has-medium-font-size\">En 1919, con el Tratado de Saint-Germain, la&nbsp;<strong>Trentin<\/strong>&nbsp;&nbsp;(Welsch-Tirol) y el&nbsp;<strong>Tirol del Sur<\/strong>&nbsp;(S\u00fcdTirol), llamado&nbsp;<strong>Tirol del Sur<\/strong>&nbsp;fueron cedidas por Austria a Italia. (Provincias de Trento y Bolzano).<\/p>\n\n\n\n<p class=\"has-medium-font-size\">&nbsp;El Stelvio deja de ser un paso fronterizo y el Brennero se convierte en uno.<\/p>\n\n\n\n<figure class=\"wp-block-image size-full is-resized\"><img loading=\"lazy\" decoding=\"async\" width=\"536\" height=\"365\" src=\"https:\/\/centcols.org\/wp-content\/uploads\/2023\/05\/Austria-Hungary_ethnic_1890.jpg\" alt=\"\" class=\"wp-image-87992\"\/><figcaption class=\"wp-element-caption\"><br><em>En rojo, la frontera entre Italia y el Imperio Austroh\u00fangaro (antes del Tratado de Saint Germain).<\/em><br><em>Fronteras azules: Italia\/Austria, Italia\/Yugoslavia y Austria\/Yugoslavia (despu\u00e9s del tratado)<\/em><\/figcaption><\/figure>\n\n\n\n<p class=\"has-medium-font-size\"><strong>M\u00e1s al este, entre Italia y Yugoslavia: <\/strong><\/p>\n\n\n\n<p class=\"has-medium-font-size\">Con el Tratado de Saint Germain en Laye (1919), la frontera retrocedi\u00f3 hacia el este y varios pasos dejaron de ser fronterizos (por ejemplo, el Paso de Solarie), para volver a serlo en 1947 con el Tratado de Par\u00eds.<\/p>\n\n\n\n<p class=\"has-medium-font-size\">Otros, como Preval Vr\u0161i\u010d (o Passo di Moistrocca) s\u00f3lo cruzaron la frontera entre 1919 y 1947.<\/p>\n\n\n<div class=\"wp-block-image\">\n<figure class=\"aligncenter size-full\"><img loading=\"lazy\" decoding=\"async\" width=\"1165\" height=\"557\" src=\"https:\/\/centcols.org\/wp-content\/uploads\/2023\/05\/GG3.jpg\" alt=\"\" class=\"wp-image-87994\" srcset=\"https:\/\/centcols.org\/wp-content\/uploads\/2023\/05\/GG3.jpg 1165w, https:\/\/centcols.org\/wp-content\/uploads\/2023\/05\/GG3-768x367.jpg 768w\" sizes=\"auto, (max-width: 1165px) 100vw, 1165px\" \/><figcaption class=\"wp-element-caption\"><br><em>En rojo, la frontera antes (izquierda) y despu\u00e9s (derecha) del Tratado de Saint Germain.<\/em><\/figcaption><\/figure>\n<\/div>\n\n\n<p class=\"has-medium-font-size\">El art\u00edculo (en el sitio web Cyclotouristes Grenoblois): \u00ab&nbsp;<strong><u><a href=\"https:\/\/cyclotouristes-grenoblois.assoconnect.com\/articles\/132096-ces-cols-des-alpes-qui-furent-frontaliers-et-ceux-qui-le-sont-devenus\" target=\"_blank\" rel=\"noreferrer noopener\">Puertos alpinos que antes eran pasos fronterizos... y los que se han convertido en tales&nbsp;<\/a><\/u><\/strong>\u00bbUna revisi\u00f3n detallada de los cambios que han tenido lugar a lo largo del arco alpino desde 1860.<\/p>","protected":false},"excerpt":{"rendered":"<p>Un col est d\u00e9fini par sa situation sur une ligne de partage des eaux (LPE). Cette LPE est souvent une limite administrative et si celle-ci est une fronti\u00e8re entre 2 \u00e9tats, le col aura un statut \u00ab&nbsp;haut de gamme&nbsp;\u00bb de col frontalier&nbsp;\u2026 et il figurera dans le catalogue de chacun des deux pays. Ce statut [&hellip;]<\/p>\n","protected":false},"author":3,"featured_media":83794,"comment_status":"open","ping_status":"closed","sticky":false,"template":"","format":"standard","meta":{"_acf_changed":false,"footnotes":""},"categories":[89],"tags":[],"class_list":["post-73135","post","type-post","status-publish","format-standard","has-post-thumbnail","hentry","category-documentaires"],"acf":[],"yoast_head":"<!-- This site is optimized with the Yoast SEO plugin v27.2 - https:\/\/yoast.com\/product\/yoast-seo-wordpress\/ -->\n<title>Ces cols des Alpes qui furent frontaliers \u2026 et ceux qui le sont devenus - Club des Cent Cols<\/title>\n<meta name=\"robots\" content=\"index, follow, max-snippet:-1, max-image-preview:large, max-video-preview:-1\" \/>\n<link rel=\"canonical\" href=\"https:\/\/centcols.org\/es\/pases-fronterizos-y-no-fronterizos\/\" \/>\n<meta property=\"og:locale\" content=\"es_ES\" \/>\n<meta property=\"og:type\" content=\"article\" \/>\n<meta property=\"og:title\" content=\"Ces cols des Alpes qui furent frontaliers \u2026 et ceux qui le sont devenus - Club des Cent Cols\" \/>\n<meta property=\"og:description\" content=\"Un col est d\u00e9fini par sa situation sur une ligne de partage des eaux (LPE). Cette LPE est souvent une limite administrative et si celle-ci est une fronti\u00e8re entre 2 \u00e9tats, le col aura un statut \u00ab&nbsp;haut de gamme&nbsp;\u00bb de col frontalier&nbsp;\u2026 et il figurera dans le catalogue de chacun des deux pays. Ce statut [&hellip;]\" \/>\n<meta property=\"og:url\" content=\"https:\/\/centcols.org\/es\/pases-fronterizos-y-no-fronterizos\/\" \/>\n<meta property=\"og:site_name\" content=\"Club des Cent Cols\" \/>\n<meta property=\"article:publisher\" content=\"https:\/\/www.facebook.com\/groups\/5261880558\/?locale=fr_FR\" \/>\n<meta property=\"article:published_time\" content=\"2023-05-15T15:04:23+00:00\" \/>\n<meta property=\"article:modified_time\" content=\"2025-10-15T01:28:37+00:00\" \/>\n<meta property=\"og:image\" content=\"https:\/\/centcols.org\/wp-content\/uploads\/2023\/05\/bonette01.jpg\" \/>\n\t<meta property=\"og:image:width\" content=\"800\" \/>\n\t<meta property=\"og:image:height\" content=\"391\" \/>\n\t<meta property=\"og:image:type\" content=\"image\/jpeg\" \/>\n<meta name=\"author\" content=\"Webmestre\" \/>\n<meta name=\"twitter:card\" content=\"summary_large_image\" \/>\n<meta name=\"twitter:label1\" content=\"Escrito por\" \/>\n\t<meta name=\"twitter:data1\" content=\"Webmestre\" \/>\n\t<meta name=\"twitter:label2\" content=\"Tiempo de lectura\" \/>\n\t<meta name=\"twitter:data2\" content=\"3 minutos\" \/>\n<script type=\"application\/ld+json\" class=\"yoast-schema-graph\">{\"@context\":\"https:\/\/schema.org\",\"@graph\":[{\"@type\":\"Article\",\"@id\":\"https:\/\/centcols.org\/cols-frontaliers-ou-non\/#article\",\"isPartOf\":{\"@id\":\"https:\/\/centcols.org\/cols-frontaliers-ou-non\/\"},\"author\":{\"name\":\"Webmestre\",\"@id\":\"https:\/\/centcols.org\/#\/schema\/person\/911b404fb133d8c913dd27cdcf71c8e5\"},\"headline\":\"Ces cols des Alpes qui furent frontaliers \u2026 et ceux qui le sont devenus\",\"datePublished\":\"2023-05-15T15:04:23+00:00\",\"dateModified\":\"2025-10-15T01:28:37+00:00\",\"mainEntityOfPage\":{\"@id\":\"https:\/\/centcols.org\/cols-frontaliers-ou-non\/\"},\"wordCount\":371,\"commentCount\":0,\"publisher\":{\"@id\":\"https:\/\/centcols.org\/#organization\"},\"image\":{\"@id\":\"https:\/\/centcols.org\/cols-frontaliers-ou-non\/#primaryimage\"},\"thumbnailUrl\":\"https:\/\/centcols.org\/wp-content\/uploads\/2023\/05\/bonette01.jpg\",\"articleSection\":[\"Documentaires\"],\"inLanguage\":\"es\",\"potentialAction\":[{\"@type\":\"CommentAction\",\"name\":\"Comment\",\"target\":[\"https:\/\/centcols.org\/cols-frontaliers-ou-non\/#respond\"]}]},{\"@type\":\"WebPage\",\"@id\":\"https:\/\/centcols.org\/cols-frontaliers-ou-non\/\",\"url\":\"https:\/\/centcols.org\/cols-frontaliers-ou-non\/\",\"name\":\"Ces cols des Alpes qui furent frontaliers \u2026 et ceux qui le sont devenus - Club des Cent Cols\",\"isPartOf\":{\"@id\":\"https:\/\/centcols.org\/#website\"},\"primaryImageOfPage\":{\"@id\":\"https:\/\/centcols.org\/cols-frontaliers-ou-non\/#primaryimage\"},\"image\":{\"@id\":\"https:\/\/centcols.org\/cols-frontaliers-ou-non\/#primaryimage\"},\"thumbnailUrl\":\"https:\/\/centcols.org\/wp-content\/uploads\/2023\/05\/bonette01.jpg\",\"datePublished\":\"2023-05-15T15:04:23+00:00\",\"dateModified\":\"2025-10-15T01:28:37+00:00\",\"breadcrumb\":{\"@id\":\"https:\/\/centcols.org\/cols-frontaliers-ou-non\/#breadcrumb\"},\"inLanguage\":\"es\",\"potentialAction\":[{\"@type\":\"ReadAction\",\"target\":[\"https:\/\/centcols.org\/cols-frontaliers-ou-non\/\"]}]},{\"@type\":\"ImageObject\",\"inLanguage\":\"es\",\"@id\":\"https:\/\/centcols.org\/cols-frontaliers-ou-non\/#primaryimage\",\"url\":\"https:\/\/centcols.org\/wp-content\/uploads\/2023\/05\/bonette01.jpg\",\"contentUrl\":\"https:\/\/centcols.org\/wp-content\/uploads\/2023\/05\/bonette01.jpg\",\"width\":800,\"height\":391},{\"@type\":\"BreadcrumbList\",\"@id\":\"https:\/\/centcols.org\/cols-frontaliers-ou-non\/#breadcrumb\",\"itemListElement\":[{\"@type\":\"ListItem\",\"position\":1,\"name\":\"Accueil\",\"item\":\"https:\/\/centcols.org\/\"},{\"@type\":\"ListItem\",\"position\":2,\"name\":\"Gazette\",\"item\":\"https:\/\/centcols.org\/rubrique\/gazette\/\"},{\"@type\":\"ListItem\",\"position\":3,\"name\":\"Documentaires\",\"item\":\"https:\/\/centcols.org\/rubrique\/gazette\/documentaires\/\"},{\"@type\":\"ListItem\",\"position\":4,\"name\":\"Ces cols des Alpes qui furent frontaliers \u2026 et ceux qui le sont devenus\"}]},{\"@type\":\"WebSite\",\"@id\":\"https:\/\/centcols.org\/#website\",\"url\":\"https:\/\/centcols.org\/\",\"name\":\"Club des Cent Cols\",\"description\":\"\",\"publisher\":{\"@id\":\"https:\/\/centcols.org\/#organization\"},\"potentialAction\":[{\"@type\":\"SearchAction\",\"target\":{\"@type\":\"EntryPoint\",\"urlTemplate\":\"https:\/\/centcols.org\/?s={search_term_string}\"},\"query-input\":{\"@type\":\"PropertyValueSpecification\",\"valueRequired\":true,\"valueName\":\"search_term_string\"}}],\"inLanguage\":\"es\"},{\"@type\":\"Organization\",\"@id\":\"https:\/\/centcols.org\/#organization\",\"name\":\"Club des Cent Cols\",\"url\":\"https:\/\/centcols.org\/\",\"logo\":{\"@type\":\"ImageObject\",\"inLanguage\":\"es\",\"@id\":\"https:\/\/centcols.org\/#\/schema\/logo\/image\/\",\"url\":\"https:\/\/centcols.org\/wp-content\/uploads\/2025\/01\/carte-icone.png\",\"contentUrl\":\"https:\/\/centcols.org\/wp-content\/uploads\/2025\/01\/carte-icone.png\",\"width\":250,\"height\":250,\"caption\":\"Club des Cent Cols\"},\"image\":{\"@id\":\"https:\/\/centcols.org\/#\/schema\/logo\/image\/\"},\"sameAs\":[\"https:\/\/www.facebook.com\/groups\/5261880558\/?locale=fr_FR\"]},{\"@type\":\"Person\",\"@id\":\"https:\/\/centcols.org\/#\/schema\/person\/911b404fb133d8c913dd27cdcf71c8e5\",\"name\":\"Webmestre\",\"image\":{\"@type\":\"ImageObject\",\"inLanguage\":\"es\",\"@id\":\"https:\/\/centcols.org\/wp-content\/litespeed\/avatar\/2d246e4b6b4f773e08515e1ffc53690b.jpg?ver=1777222892\",\"url\":\"https:\/\/centcols.org\/wp-content\/litespeed\/avatar\/2d246e4b6b4f773e08515e1ffc53690b.jpg?ver=1777222892\",\"contentUrl\":\"https:\/\/centcols.org\/wp-content\/litespeed\/avatar\/2d246e4b6b4f773e08515e1ffc53690b.jpg?ver=1777222892\",\"caption\":\"Webmestre\"},\"url\":\"https:\/\/centcols.org\/es\/author\/webmestre\/\"}]}<\/script>\n<!-- \/ Yoast SEO plugin. -->","yoast_head_json":{"title":"Puertos alpinos que fueron pasos fronterizos... y los que lo son ahora - Club des Cent Cols","robots":{"index":"index","follow":"follow","max-snippet":"max-snippet:-1","max-image-preview":"max-image-preview:large","max-video-preview":"max-video-preview:-1"},"canonical":"https:\/\/centcols.org\/es\/pases-fronterizos-y-no-fronterizos\/","og_locale":"es_ES","og_type":"article","og_title":"Ces cols des Alpes qui furent frontaliers \u2026 et ceux qui le sont devenus - Club des Cent Cols","og_description":"Un col est d\u00e9fini par sa situation sur une ligne de partage des eaux (LPE). Cette LPE est souvent une limite administrative et si celle-ci est une fronti\u00e8re entre 2 \u00e9tats, le col aura un statut \u00ab&nbsp;haut de gamme&nbsp;\u00bb de col frontalier&nbsp;\u2026 et il figurera dans le catalogue de chacun des deux pays. Ce statut [&hellip;]","og_url":"https:\/\/centcols.org\/es\/pases-fronterizos-y-no-fronterizos\/","og_site_name":"Club des Cent Cols","article_publisher":"https:\/\/www.facebook.com\/groups\/5261880558\/?locale=fr_FR","article_published_time":"2023-05-15T15:04:23+00:00","article_modified_time":"2025-10-15T01:28:37+00:00","og_image":[{"width":800,"height":391,"url":"https:\/\/centcols.org\/wp-content\/uploads\/2023\/05\/bonette01.jpg","type":"image\/jpeg"}],"author":"Webmestre","twitter_card":"summary_large_image","twitter_misc":{"Escrito por":"Webmestre","Tiempo de lectura":"3 minutos"},"schema":{"@context":"https:\/\/schema.org","@graph":[{"@type":"Article","@id":"https:\/\/centcols.org\/cols-frontaliers-ou-non\/#article","isPartOf":{"@id":"https:\/\/centcols.org\/cols-frontaliers-ou-non\/"},"author":{"name":"Webmestre","@id":"https:\/\/centcols.org\/#\/schema\/person\/911b404fb133d8c913dd27cdcf71c8e5"},"headline":"Ces cols des Alpes qui furent frontaliers \u2026 et ceux qui le sont devenus","datePublished":"2023-05-15T15:04:23+00:00","dateModified":"2025-10-15T01:28:37+00:00","mainEntityOfPage":{"@id":"https:\/\/centcols.org\/cols-frontaliers-ou-non\/"},"wordCount":371,"commentCount":0,"publisher":{"@id":"https:\/\/centcols.org\/#organization"},"image":{"@id":"https:\/\/centcols.org\/cols-frontaliers-ou-non\/#primaryimage"},"thumbnailUrl":"https:\/\/centcols.org\/wp-content\/uploads\/2023\/05\/bonette01.jpg","articleSection":["Documentaires"],"inLanguage":"es","potentialAction":[{"@type":"CommentAction","name":"Comment","target":["https:\/\/centcols.org\/cols-frontaliers-ou-non\/#respond"]}]},{"@type":"WebPage","@id":"https:\/\/centcols.org\/cols-frontaliers-ou-non\/","url":"https:\/\/centcols.org\/cols-frontaliers-ou-non\/","name":"Puertos alpinos que fueron pasos fronterizos... y los que lo son ahora - Club des Cent Cols","isPartOf":{"@id":"https:\/\/centcols.org\/#website"},"primaryImageOfPage":{"@id":"https:\/\/centcols.org\/cols-frontaliers-ou-non\/#primaryimage"},"image":{"@id":"https:\/\/centcols.org\/cols-frontaliers-ou-non\/#primaryimage"},"thumbnailUrl":"https:\/\/centcols.org\/wp-content\/uploads\/2023\/05\/bonette01.jpg","datePublished":"2023-05-15T15:04:23+00:00","dateModified":"2025-10-15T01:28:37+00:00","breadcrumb":{"@id":"https:\/\/centcols.org\/cols-frontaliers-ou-non\/#breadcrumb"},"inLanguage":"es","potentialAction":[{"@type":"ReadAction","target":["https:\/\/centcols.org\/cols-frontaliers-ou-non\/"]}]},{"@type":"ImageObject","inLanguage":"es","@id":"https:\/\/centcols.org\/cols-frontaliers-ou-non\/#primaryimage","url":"https:\/\/centcols.org\/wp-content\/uploads\/2023\/05\/bonette01.jpg","contentUrl":"https:\/\/centcols.org\/wp-content\/uploads\/2023\/05\/bonette01.jpg","width":800,"height":391},{"@type":"BreadcrumbList","@id":"https:\/\/centcols.org\/cols-frontaliers-ou-non\/#breadcrumb","itemListElement":[{"@type":"ListItem","position":1,"name":"Accueil","item":"https:\/\/centcols.org\/"},{"@type":"ListItem","position":2,"name":"Gazette","item":"https:\/\/centcols.org\/rubrique\/gazette\/"},{"@type":"ListItem","position":3,"name":"Documentaires","item":"https:\/\/centcols.org\/rubrique\/gazette\/documentaires\/"},{"@type":"ListItem","position":4,"name":"Ces cols des Alpes qui furent frontaliers \u2026 et ceux qui le sont devenus"}]},{"@type":"WebSite","@id":"https:\/\/centcols.org\/#website","url":"https:\/\/centcols.org\/","name":"Club des Cent Cols","description":"","publisher":{"@id":"https:\/\/centcols.org\/#organization"},"potentialAction":[{"@type":"SearchAction","target":{"@type":"EntryPoint","urlTemplate":"https:\/\/centcols.org\/?s={search_term_string}"},"query-input":{"@type":"PropertyValueSpecification","valueRequired":true,"valueName":"search_term_string"}}],"inLanguage":"es"},{"@type":"Organization","@id":"https:\/\/centcols.org\/#organization","name":"Club des Cent Cols","url":"https:\/\/centcols.org\/","logo":{"@type":"ImageObject","inLanguage":"es","@id":"https:\/\/centcols.org\/#\/schema\/logo\/image\/","url":"https:\/\/centcols.org\/wp-content\/uploads\/2025\/01\/carte-icone.png","contentUrl":"https:\/\/centcols.org\/wp-content\/uploads\/2025\/01\/carte-icone.png","width":250,"height":250,"caption":"Club des Cent Cols"},"image":{"@id":"https:\/\/centcols.org\/#\/schema\/logo\/image\/"},"sameAs":["https:\/\/www.facebook.com\/groups\/5261880558\/?locale=fr_FR"]},{"@type":"Person","@id":"https:\/\/centcols.org\/#\/schema\/person\/911b404fb133d8c913dd27cdcf71c8e5","name":"Webmaster","image":{"@type":"ImageObject","inLanguage":"es","@id":"https:\/\/centcols.org\/wp-content\/litespeed\/avatar\/2d246e4b6b4f773e08515e1ffc53690b.jpg?ver=1777222892","url":"https:\/\/centcols.org\/wp-content\/litespeed\/avatar\/2d246e4b6b4f773e08515e1ffc53690b.jpg?ver=1777222892","contentUrl":"https:\/\/centcols.org\/wp-content\/litespeed\/avatar\/2d246e4b6b4f773e08515e1ffc53690b.jpg?ver=1777222892","caption":"Webmestre"},"url":"https:\/\/centcols.org\/es\/author\/webmestre\/"}]}},"_links":{"self":[{"href":"https:\/\/centcols.org\/es\/wp-json\/wp\/v2\/posts\/73135","targetHints":{"allow":["GET"]}}],"collection":[{"href":"https:\/\/centcols.org\/es\/wp-json\/wp\/v2\/posts"}],"about":[{"href":"https:\/\/centcols.org\/es\/wp-json\/wp\/v2\/types\/post"}],"author":[{"embeddable":true,"href":"https:\/\/centcols.org\/es\/wp-json\/wp\/v2\/users\/3"}],"replies":[{"embeddable":true,"href":"https:\/\/centcols.org\/es\/wp-json\/wp\/v2\/comments?post=73135"}],"version-history":[{"count":0,"href":"https:\/\/centcols.org\/es\/wp-json\/wp\/v2\/posts\/73135\/revisions"}],"wp:featuredmedia":[{"embeddable":true,"href":"https:\/\/centcols.org\/es\/wp-json\/wp\/v2\/media\/83794"}],"wp:attachment":[{"href":"https:\/\/centcols.org\/es\/wp-json\/wp\/v2\/media?parent=73135"}],"wp:term":[{"taxonomy":"category","embeddable":true,"href":"https:\/\/centcols.org\/es\/wp-json\/wp\/v2\/categories?post=73135"},{"taxonomy":"post_tag","embeddable":true,"href":"https:\/\/centcols.org\/es\/wp-json\/wp\/v2\/tags?post=73135"}],"curies":[{"name":"wp","href":"https:\/\/api.w.org\/{rel}","templated":true}]}}