{"id":79453,"date":"2025-02-05T10:05:39","date_gmt":"2025-02-05T08:05:39","guid":{"rendered":"https:\/\/centcols.org\/le-port-du-casque-obligatoire-a-velo\/"},"modified":"2025-10-15T03:35:28","modified_gmt":"2025-10-15T01:35:28","slug":"el-casco-es-obligatorio-en-bicicleta","status":"publish","type":"post","link":"https:\/\/centcols.org\/es\/le-port-du-casque-obligatoire-a-velo\/","title":{"rendered":"\u00bfEs obligatorio llevar casco en bicicleta?"},"content":{"rendered":"<p>Recientemente se ha planteado en el Senado franc\u00e9s (enero de 2022) la cuesti\u00f3n de extender a todos los ciclistas la obligaci\u00f3n de llevar casco, que actualmente s\u00f3lo se exige a los ni\u00f1os de hasta 12 a\u00f1os.<\/p>\n\n\n\n<p>Como ciclista que lleva a\u00f1os usando casco, mi primer instinto fue decir \u00abs\u00ed, por supuesto\u00bb. Porque, como he podido comprobar personalmente en un accidente, llevar casco mejora obviamente la seguridad de los ciclistas. Aunque no es una protecci\u00f3n absoluta (los cascos son ligeros), a medida que aumente el n\u00famero de ciclistas -que es lo que est\u00e1 ocurriendo actualmente- su seguridad se convertir\u00e1 en una cuesti\u00f3n importante y recurrente.<\/p>\n\n\n\n<p>Incluso me pregunt\u00e9 c\u00f3mo alguien puede estar en contra del uso del casco: a diario, lo llevamos puesto. <br>zapatos para proteger los pies y \u00bfno lleva casco para proteger la cabeza cuando va en bicicleta?<\/p>\n\n\n\n<p>Para mi gran sorpresa, despu\u00e9s de investigar un poco, encontr\u00e9 algunas buenas razones:<\/p>\n\n\n\n<ol class=\"wp-block-list\">\n<li>Los estudios sobre accidentes demuestran que la inmensa mayor\u00eda de los traumatismos craneoencef\u00e1licos de los ciclistas (excluidos los ciclistas de monta\u00f1a) se deben a impactos laterales (veh\u00edculos de motor), para los que el uso del casco sirve de poco.<br><\/li>\n\n\n\n<li>Los pa\u00edses con una larga cultura de uso diario de la bicicleta (Pa\u00edses Bajos, Dinamarca y Alemania, por ejemplo) no han hecho obligatorio el casco. Debe de haber una raz\u00f3n para ello.<br><\/li>\n\n\n\n<li>Tres pa\u00edses del mundo lo han hecho obligatorio: Australia, Nueva Zelanda y algunas provincias de Canad\u00e1. El resultado, en primer lugar, es que no han disminuido los accidentes (obviamente esa es la raz\u00f3n 1), pero sobre todo que ha disminuido el uso de la bicicleta.<br>Es lo contrario de lo que buscamos: en nuestras calles y carreteras, 1.000 ciclistas sin casco son mejores que 1.000 automovilistas, y los beneficios de la bicicleta (en t\u00e9rminos de salud p\u00fablica frente a un estilo de vida sedentario, o de reducci\u00f3n de la contaminaci\u00f3n) superan con creces los riesgos.<br><br>La conclusi\u00f3n es obvia: <strong>S\u00cd al uso del casco,<\/strong> de forma individual, <strong>NO a su obligaci\u00f3n<\/strong>.<\/li>\n<\/ol>\n\n\n\n<p class=\"has-text-align-right\">Denis Chouquet-Stringer<br>CCC 6183<br>Abril de 2022<\/p>","protected":false},"excerpt":{"rendered":"<p>La question s\u2019est pos\u00e9e r\u00e9cemment (janvier 2022) au s\u00e9nat fran\u00e7ais d\u2019\u00e9tendre \u00e0 tous les cyclistes l&rsquo;obligation du port du casque, actuellement exig\u00e9 uniquement pour les enfants jusqu\u2019\u00e0 12 ans. En tant que pratiquant, cyclotouriste, casqu\u00e9 depuis des ann\u00e9es, ma premi\u00e8re intuition a \u00e9t\u00e9 de r\u00e9pondre \u00ab oui, bien s\u00fbr \u00bb. Car, j\u2019en ai fait l\u2019exp\u00e9rience [&hellip;]<\/p>\n","protected":false},"author":3,"featured_media":84379,"comment_status":"open","ping_status":"closed","sticky":false,"template":"","format":"standard","meta":{"_acf_changed":false,"footnotes":""},"categories":[445],"tags":[],"class_list":["post-79453","post","type-post","status-publish","format-standard","has-post-thumbnail","hentry","category-tribune"],"acf":[],"yoast_head":"<!-- This site is optimized with the Yoast SEO plugin v27.2 - https:\/\/yoast.com\/product\/yoast-seo-wordpress\/ -->\n<title>Le port du casque obligatoire \u00e0 v\u00e9lo ? - Club des Cent Cols<\/title>\n<meta name=\"robots\" content=\"index, follow, max-snippet:-1, max-image-preview:large, max-video-preview:-1\" \/>\n<link rel=\"canonical\" href=\"https:\/\/centcols.org\/es\/el-casco-es-obligatorio-en-bicicleta\/\" \/>\n<meta property=\"og:locale\" content=\"es_ES\" \/>\n<meta property=\"og:type\" content=\"article\" \/>\n<meta property=\"og:title\" content=\"Le port du casque obligatoire \u00e0 v\u00e9lo ? - Club des Cent Cols\" \/>\n<meta property=\"og:description\" content=\"La question s\u2019est pos\u00e9e r\u00e9cemment (janvier 2022) au s\u00e9nat fran\u00e7ais d\u2019\u00e9tendre \u00e0 tous les cyclistes l&rsquo;obligation du port du casque, actuellement exig\u00e9 uniquement pour les enfants jusqu\u2019\u00e0 12 ans. En tant que pratiquant, cyclotouriste, casqu\u00e9 depuis des ann\u00e9es, ma premi\u00e8re intuition a \u00e9t\u00e9 de r\u00e9pondre \u00ab oui, bien s\u00fbr \u00bb. Car, j\u2019en ai fait l\u2019exp\u00e9rience [&hellip;]\" \/>\n<meta property=\"og:url\" content=\"https:\/\/centcols.org\/es\/el-casco-es-obligatorio-en-bicicleta\/\" \/>\n<meta property=\"og:site_name\" content=\"Club des Cent Cols\" \/>\n<meta property=\"article:publisher\" content=\"https:\/\/www.facebook.com\/groups\/5261880558\/?locale=fr_FR\" \/>\n<meta property=\"article:published_time\" content=\"2025-02-05T08:05:39+00:00\" \/>\n<meta property=\"article:modified_time\" content=\"2025-10-15T01:35:28+00:00\" \/>\n<meta property=\"og:image\" content=\"https:\/\/centcols.org\/wp-content\/uploads\/2025\/02\/casques.jpg\" \/>\n\t<meta property=\"og:image:width\" content=\"900\" \/>\n\t<meta property=\"og:image:height\" content=\"491\" \/>\n\t<meta property=\"og:image:type\" content=\"image\/jpeg\" \/>\n<meta name=\"author\" content=\"Webmestre\" \/>\n<meta name=\"twitter:card\" content=\"summary_large_image\" \/>\n<meta name=\"twitter:label1\" content=\"Escrito por\" \/>\n\t<meta name=\"twitter:data1\" content=\"Webmestre\" \/>\n\t<meta name=\"twitter:label2\" content=\"Tiempo de lectura\" \/>\n\t<meta name=\"twitter:data2\" content=\"2 minutos\" \/>\n<script type=\"application\/ld+json\" class=\"yoast-schema-graph\">{\"@context\":\"https:\/\/schema.org\",\"@graph\":[{\"@type\":\"Article\",\"@id\":\"https:\/\/centcols.org\/le-port-du-casque-obligatoire-a-velo\/#article\",\"isPartOf\":{\"@id\":\"https:\/\/centcols.org\/le-port-du-casque-obligatoire-a-velo\/\"},\"author\":{\"name\":\"Webmestre\",\"@id\":\"https:\/\/centcols.org\/#\/schema\/person\/911b404fb133d8c913dd27cdcf71c8e5\"},\"headline\":\"Le port du casque obligatoire \u00e0 v\u00e9lo ?\",\"datePublished\":\"2025-02-05T08:05:39+00:00\",\"dateModified\":\"2025-10-15T01:35:28+00:00\",\"mainEntityOfPage\":{\"@id\":\"https:\/\/centcols.org\/le-port-du-casque-obligatoire-a-velo\/\"},\"wordCount\":390,\"commentCount\":0,\"publisher\":{\"@id\":\"https:\/\/centcols.org\/#organization\"},\"image\":{\"@id\":\"https:\/\/centcols.org\/le-port-du-casque-obligatoire-a-velo\/#primaryimage\"},\"thumbnailUrl\":\"https:\/\/centcols.org\/wp-content\/uploads\/2025\/02\/casques.jpg\",\"articleSection\":[\"Tribune\"],\"inLanguage\":\"es\",\"potentialAction\":[{\"@type\":\"CommentAction\",\"name\":\"Comment\",\"target\":[\"https:\/\/centcols.org\/le-port-du-casque-obligatoire-a-velo\/#respond\"]}]},{\"@type\":\"WebPage\",\"@id\":\"https:\/\/centcols.org\/le-port-du-casque-obligatoire-a-velo\/\",\"url\":\"https:\/\/centcols.org\/le-port-du-casque-obligatoire-a-velo\/\",\"name\":\"Le port du casque obligatoire \u00e0 v\u00e9lo ? - Club des Cent Cols\",\"isPartOf\":{\"@id\":\"https:\/\/centcols.org\/#website\"},\"primaryImageOfPage\":{\"@id\":\"https:\/\/centcols.org\/le-port-du-casque-obligatoire-a-velo\/#primaryimage\"},\"image\":{\"@id\":\"https:\/\/centcols.org\/le-port-du-casque-obligatoire-a-velo\/#primaryimage\"},\"thumbnailUrl\":\"https:\/\/centcols.org\/wp-content\/uploads\/2025\/02\/casques.jpg\",\"datePublished\":\"2025-02-05T08:05:39+00:00\",\"dateModified\":\"2025-10-15T01:35:28+00:00\",\"breadcrumb\":{\"@id\":\"https:\/\/centcols.org\/le-port-du-casque-obligatoire-a-velo\/#breadcrumb\"},\"inLanguage\":\"es\",\"potentialAction\":[{\"@type\":\"ReadAction\",\"target\":[\"https:\/\/centcols.org\/le-port-du-casque-obligatoire-a-velo\/\"]}]},{\"@type\":\"ImageObject\",\"inLanguage\":\"es\",\"@id\":\"https:\/\/centcols.org\/le-port-du-casque-obligatoire-a-velo\/#primaryimage\",\"url\":\"https:\/\/centcols.org\/wp-content\/uploads\/2025\/02\/casques.jpg\",\"contentUrl\":\"https:\/\/centcols.org\/wp-content\/uploads\/2025\/02\/casques.jpg\",\"width\":900,\"height\":491},{\"@type\":\"BreadcrumbList\",\"@id\":\"https:\/\/centcols.org\/le-port-du-casque-obligatoire-a-velo\/#breadcrumb\",\"itemListElement\":[{\"@type\":\"ListItem\",\"position\":1,\"name\":\"Accueil\",\"item\":\"https:\/\/centcols.org\/\"},{\"@type\":\"ListItem\",\"position\":2,\"name\":\"Gazette\",\"item\":\"https:\/\/centcols.org\/rubrique\/gazette\/\"},{\"@type\":\"ListItem\",\"position\":3,\"name\":\"Tribune\",\"item\":\"https:\/\/centcols.org\/rubrique\/gazette\/tribune\/\"},{\"@type\":\"ListItem\",\"position\":4,\"name\":\"Le port du casque obligatoire \u00e0 v\u00e9lo ?\"}]},{\"@type\":\"WebSite\",\"@id\":\"https:\/\/centcols.org\/#website\",\"url\":\"https:\/\/centcols.org\/\",\"name\":\"Club des Cent Cols\",\"description\":\"\",\"publisher\":{\"@id\":\"https:\/\/centcols.org\/#organization\"},\"potentialAction\":[{\"@type\":\"SearchAction\",\"target\":{\"@type\":\"EntryPoint\",\"urlTemplate\":\"https:\/\/centcols.org\/?s={search_term_string}\"},\"query-input\":{\"@type\":\"PropertyValueSpecification\",\"valueRequired\":true,\"valueName\":\"search_term_string\"}}],\"inLanguage\":\"es\"},{\"@type\":\"Organization\",\"@id\":\"https:\/\/centcols.org\/#organization\",\"name\":\"Club des Cent Cols\",\"url\":\"https:\/\/centcols.org\/\",\"logo\":{\"@type\":\"ImageObject\",\"inLanguage\":\"es\",\"@id\":\"https:\/\/centcols.org\/#\/schema\/logo\/image\/\",\"url\":\"https:\/\/centcols.org\/wp-content\/uploads\/2025\/01\/carte-icone.png\",\"contentUrl\":\"https:\/\/centcols.org\/wp-content\/uploads\/2025\/01\/carte-icone.png\",\"width\":250,\"height\":250,\"caption\":\"Club des Cent Cols\"},\"image\":{\"@id\":\"https:\/\/centcols.org\/#\/schema\/logo\/image\/\"},\"sameAs\":[\"https:\/\/www.facebook.com\/groups\/5261880558\/?locale=fr_FR\"]},{\"@type\":\"Person\",\"@id\":\"https:\/\/centcols.org\/#\/schema\/person\/911b404fb133d8c913dd27cdcf71c8e5\",\"name\":\"Webmestre\",\"image\":{\"@type\":\"ImageObject\",\"inLanguage\":\"es\",\"@id\":\"https:\/\/centcols.org\/wp-content\/litespeed\/avatar\/2d246e4b6b4f773e08515e1ffc53690b.jpg?ver=1777222892\",\"url\":\"https:\/\/centcols.org\/wp-content\/litespeed\/avatar\/2d246e4b6b4f773e08515e1ffc53690b.jpg?ver=1777222892\",\"contentUrl\":\"https:\/\/centcols.org\/wp-content\/litespeed\/avatar\/2d246e4b6b4f773e08515e1ffc53690b.jpg?ver=1777222892\",\"caption\":\"Webmestre\"},\"url\":\"https:\/\/centcols.org\/es\/author\/webmestre\/\"}]}<\/script>\n<!-- \/ Yoast SEO plugin. -->","yoast_head_json":{"title":"\u00bfEs obligatorio llevar casco en bicicleta? - Club des Cent Cols","robots":{"index":"index","follow":"follow","max-snippet":"max-snippet:-1","max-image-preview":"max-image-preview:large","max-video-preview":"max-video-preview:-1"},"canonical":"https:\/\/centcols.org\/es\/el-casco-es-obligatorio-en-bicicleta\/","og_locale":"es_ES","og_type":"article","og_title":"Le port du casque obligatoire \u00e0 v\u00e9lo ? - Club des Cent Cols","og_description":"La question s\u2019est pos\u00e9e r\u00e9cemment (janvier 2022) au s\u00e9nat fran\u00e7ais d\u2019\u00e9tendre \u00e0 tous les cyclistes l&rsquo;obligation du port du casque, actuellement exig\u00e9 uniquement pour les enfants jusqu\u2019\u00e0 12 ans. En tant que pratiquant, cyclotouriste, casqu\u00e9 depuis des ann\u00e9es, ma premi\u00e8re intuition a \u00e9t\u00e9 de r\u00e9pondre \u00ab oui, bien s\u00fbr \u00bb. Car, j\u2019en ai fait l\u2019exp\u00e9rience [&hellip;]","og_url":"https:\/\/centcols.org\/es\/el-casco-es-obligatorio-en-bicicleta\/","og_site_name":"Club des Cent Cols","article_publisher":"https:\/\/www.facebook.com\/groups\/5261880558\/?locale=fr_FR","article_published_time":"2025-02-05T08:05:39+00:00","article_modified_time":"2025-10-15T01:35:28+00:00","og_image":[{"width":900,"height":491,"url":"https:\/\/centcols.org\/wp-content\/uploads\/2025\/02\/casques.jpg","type":"image\/jpeg"}],"author":"Webmestre","twitter_card":"summary_large_image","twitter_misc":{"Escrito por":"Webmestre","Tiempo de lectura":"2 minutos"},"schema":{"@context":"https:\/\/schema.org","@graph":[{"@type":"Article","@id":"https:\/\/centcols.org\/le-port-du-casque-obligatoire-a-velo\/#article","isPartOf":{"@id":"https:\/\/centcols.org\/le-port-du-casque-obligatoire-a-velo\/"},"author":{"name":"Webmestre","@id":"https:\/\/centcols.org\/#\/schema\/person\/911b404fb133d8c913dd27cdcf71c8e5"},"headline":"Le port du casque obligatoire \u00e0 v\u00e9lo ?","datePublished":"2025-02-05T08:05:39+00:00","dateModified":"2025-10-15T01:35:28+00:00","mainEntityOfPage":{"@id":"https:\/\/centcols.org\/le-port-du-casque-obligatoire-a-velo\/"},"wordCount":390,"commentCount":0,"publisher":{"@id":"https:\/\/centcols.org\/#organization"},"image":{"@id":"https:\/\/centcols.org\/le-port-du-casque-obligatoire-a-velo\/#primaryimage"},"thumbnailUrl":"https:\/\/centcols.org\/wp-content\/uploads\/2025\/02\/casques.jpg","articleSection":["Tribune"],"inLanguage":"es","potentialAction":[{"@type":"CommentAction","name":"Comment","target":["https:\/\/centcols.org\/le-port-du-casque-obligatoire-a-velo\/#respond"]}]},{"@type":"WebPage","@id":"https:\/\/centcols.org\/le-port-du-casque-obligatoire-a-velo\/","url":"https:\/\/centcols.org\/le-port-du-casque-obligatoire-a-velo\/","name":"\u00bfEs obligatorio llevar casco en bicicleta? - Club des Cent Cols","isPartOf":{"@id":"https:\/\/centcols.org\/#website"},"primaryImageOfPage":{"@id":"https:\/\/centcols.org\/le-port-du-casque-obligatoire-a-velo\/#primaryimage"},"image":{"@id":"https:\/\/centcols.org\/le-port-du-casque-obligatoire-a-velo\/#primaryimage"},"thumbnailUrl":"https:\/\/centcols.org\/wp-content\/uploads\/2025\/02\/casques.jpg","datePublished":"2025-02-05T08:05:39+00:00","dateModified":"2025-10-15T01:35:28+00:00","breadcrumb":{"@id":"https:\/\/centcols.org\/le-port-du-casque-obligatoire-a-velo\/#breadcrumb"},"inLanguage":"es","potentialAction":[{"@type":"ReadAction","target":["https:\/\/centcols.org\/le-port-du-casque-obligatoire-a-velo\/"]}]},{"@type":"ImageObject","inLanguage":"es","@id":"https:\/\/centcols.org\/le-port-du-casque-obligatoire-a-velo\/#primaryimage","url":"https:\/\/centcols.org\/wp-content\/uploads\/2025\/02\/casques.jpg","contentUrl":"https:\/\/centcols.org\/wp-content\/uploads\/2025\/02\/casques.jpg","width":900,"height":491},{"@type":"BreadcrumbList","@id":"https:\/\/centcols.org\/le-port-du-casque-obligatoire-a-velo\/#breadcrumb","itemListElement":[{"@type":"ListItem","position":1,"name":"Accueil","item":"https:\/\/centcols.org\/"},{"@type":"ListItem","position":2,"name":"Gazette","item":"https:\/\/centcols.org\/rubrique\/gazette\/"},{"@type":"ListItem","position":3,"name":"Tribune","item":"https:\/\/centcols.org\/rubrique\/gazette\/tribune\/"},{"@type":"ListItem","position":4,"name":"Le port du casque obligatoire \u00e0 v\u00e9lo ?"}]},{"@type":"WebSite","@id":"https:\/\/centcols.org\/#website","url":"https:\/\/centcols.org\/","name":"Club des Cent Cols","description":"","publisher":{"@id":"https:\/\/centcols.org\/#organization"},"potentialAction":[{"@type":"SearchAction","target":{"@type":"EntryPoint","urlTemplate":"https:\/\/centcols.org\/?s={search_term_string}"},"query-input":{"@type":"PropertyValueSpecification","valueRequired":true,"valueName":"search_term_string"}}],"inLanguage":"es"},{"@type":"Organization","@id":"https:\/\/centcols.org\/#organization","name":"Club des Cent Cols","url":"https:\/\/centcols.org\/","logo":{"@type":"ImageObject","inLanguage":"es","@id":"https:\/\/centcols.org\/#\/schema\/logo\/image\/","url":"https:\/\/centcols.org\/wp-content\/uploads\/2025\/01\/carte-icone.png","contentUrl":"https:\/\/centcols.org\/wp-content\/uploads\/2025\/01\/carte-icone.png","width":250,"height":250,"caption":"Club des Cent Cols"},"image":{"@id":"https:\/\/centcols.org\/#\/schema\/logo\/image\/"},"sameAs":["https:\/\/www.facebook.com\/groups\/5261880558\/?locale=fr_FR"]},{"@type":"Person","@id":"https:\/\/centcols.org\/#\/schema\/person\/911b404fb133d8c913dd27cdcf71c8e5","name":"Webmaster","image":{"@type":"ImageObject","inLanguage":"es","@id":"https:\/\/centcols.org\/wp-content\/litespeed\/avatar\/2d246e4b6b4f773e08515e1ffc53690b.jpg?ver=1777222892","url":"https:\/\/centcols.org\/wp-content\/litespeed\/avatar\/2d246e4b6b4f773e08515e1ffc53690b.jpg?ver=1777222892","contentUrl":"https:\/\/centcols.org\/wp-content\/litespeed\/avatar\/2d246e4b6b4f773e08515e1ffc53690b.jpg?ver=1777222892","caption":"Webmestre"},"url":"https:\/\/centcols.org\/es\/author\/webmestre\/"}]}},"_links":{"self":[{"href":"https:\/\/centcols.org\/es\/wp-json\/wp\/v2\/posts\/79453","targetHints":{"allow":["GET"]}}],"collection":[{"href":"https:\/\/centcols.org\/es\/wp-json\/wp\/v2\/posts"}],"about":[{"href":"https:\/\/centcols.org\/es\/wp-json\/wp\/v2\/types\/post"}],"author":[{"embeddable":true,"href":"https:\/\/centcols.org\/es\/wp-json\/wp\/v2\/users\/3"}],"replies":[{"embeddable":true,"href":"https:\/\/centcols.org\/es\/wp-json\/wp\/v2\/comments?post=79453"}],"version-history":[{"count":0,"href":"https:\/\/centcols.org\/es\/wp-json\/wp\/v2\/posts\/79453\/revisions"}],"wp:featuredmedia":[{"embeddable":true,"href":"https:\/\/centcols.org\/es\/wp-json\/wp\/v2\/media\/84379"}],"wp:attachment":[{"href":"https:\/\/centcols.org\/es\/wp-json\/wp\/v2\/media?parent=79453"}],"wp:term":[{"taxonomy":"category","embeddable":true,"href":"https:\/\/centcols.org\/es\/wp-json\/wp\/v2\/categories?post=79453"},{"taxonomy":"post_tag","embeddable":true,"href":"https:\/\/centcols.org\/es\/wp-json\/wp\/v2\/tags?post=79453"}],"curies":[{"name":"wp","href":"https:\/\/api.w.org\/{rel}","templated":true}]}}