{"id":79455,"date":"2025-02-05T10:05:39","date_gmt":"2025-02-05T08:05:39","guid":{"rendered":"https:\/\/centcols.org\/le-coreg-corse-se-presente\/"},"modified":"2025-09-09T13:05:30","modified_gmt":"2025-09-09T11:05:30","slug":"se-presenta-el-coreg-corso","status":"publish","type":"post","link":"https:\/\/centcols.org\/es\/le-coreg-corse-se-presente\/","title":{"rendered":"Coreg Corse se presenta"},"content":{"rendered":"<h3 class=\"wp-block-heading\">Actividad principal y estancias<\/h3>\n\n\n\n<p class=\"has-medium-font-size\">El desarrollo de la FFCT en C\u00f3rcega, que ha sido casi confidencial, nunca ha sido significativo, y el n\u00famero de clubes afiliados siempre se ha contado con los dedos de una mano.<\/p>\n\n\n\n<p class=\"has-medium-font-size\">La Comisi\u00f3n de Turismo de la FFCT y los distintos Codep continentales han organizado numerosos viajes, pero no se ha sembrado la semilla.<\/p>\n\n\n\n<p class=\"has-medium-font-size\">Ni siquiera dos etapas del FFCT Tour Cyclo generaron nuevas inscripciones. <\/p>\n\n\n\n<p class=\"has-medium-font-size\">En contraste con este panorama m\u00e1s bien sombr\u00edo, el n\u00famero de participantes en vacaciones cicloturistas sigue siendo r\u00e9cord, sobre todo en los circuitos de Coreg Corse y los organizados por estrellas. Se podr\u00eda decir que es normal, ya que todos los organizadores se esfuerzan por hacer descubrir y apreciar su regi\u00f3n.<\/p>\n\n\n\n<p class=\"has-medium-font-size\">Tierra de contrastes, verdadera monta\u00f1a en el mar, bautizada \u00abKallist\u00e9\u00bb la m\u00e1s bella por los griegos, C\u00f3rcega cautiva a los visitantes por el esplendor de sus paisajes salvajes y variados. Los cicloturistas apreciar\u00e1n los encantos de la isla de la belleza, con rutas \u00abmare y monti\u00bb que recorren las carreteras secundarias de la C\u00f3rcega m\u00e1s profunda, con paradas en Propriano, Porto-Vecchio, Corte, Piedicroce, Saint Florent, Cap Corse, Algajola, Oporto y Ajaccio.<\/p>\n\n\n\n<p class=\"has-medium-font-size\">Los inagotables encantos de C\u00f3rcega han llevado a un ciclista entusiasta a participar en su vig\u00e9simo tercer Tour de C\u00f3rcega. El recorrido incluye escapadas mar\u00edtimas, con visitas a las grutas marinas de Bonifacio, las islas Lavezzi y la reserva natural de Scandola.<\/p>\n\n\n\n<p class=\"has-medium-font-size\">Los no pedallants disponen de veh\u00edculos de alquiler y participan plenamente en el ambiente amistoso. El principal activo de las organizaciones Coreg Corse es C\u00f3rcega con los corsos. Un a\u00f1o, por ejemplo, robaron 7 bicicletas del garaje del H\u00f4tel de la 2<sup>th<\/sup> etapa; la gira continu\u00f3 con el alquiler de veh\u00edculos para las v\u00edctimas hasta el 4<sup>th<\/sup> En ese momento les esperaban 7 bicicletas de carbono con pedales a juego con sus zapatillas, alquiladas en una tienda de bicicletas de Bastia y transportadas a Zicavo por un amigo de Ajaccio.<\/p>\n\n\n\n<p class=\"has-medium-font-size\">\u00a1Tour de Corse y Tour de Force...! Tras varios meses de batallas legales, Coreg se impuso a la compa\u00f1\u00eda de seguros del hotel y obtuvo una indemnizaci\u00f3n completa para las v\u00edctimas del robo.<\/p>\n\n\n\n<p class=\"has-medium-font-size\">Siempre se aplica una regla fundamental de la FFCT: salimos juntos y llegamos juntos.<\/p>\n\n\n\n<p class=\"has-medium-font-size\"><strong>Francis PIETRA : <\/strong>Presidente del COREG de C\u00f3rcega para la FFCT - Tel: 06 60 81 82 26<\/p>\n\n\n<div class=\"wp-block-image\">\n<figure class=\"aligncenter size-full\"><img loading=\"lazy\" decoding=\"async\" width=\"177\" height=\"155\" src=\"https:\/\/centcols.org\/wp-content\/uploads\/2025\/02\/Image1-1.jpg\" alt=\"\" class=\"wp-image-89302\" srcset=\"https:\/\/centcols.org\/wp-content\/uploads\/2025\/02\/Image1-1.jpg 177w, https:\/\/centcols.org\/wp-content\/uploads\/2025\/02\/Image1-1-14x12.jpg 14w\" sizes=\"auto, (max-width: 177px) 100vw, 177px\" \/><\/figure>\n<\/div>\n\n\n<p><\/p>","protected":false},"excerpt":{"rendered":"<p>Activit\u00e9 principale et s\u00e9jours Le d\u00e9veloppement de la FFCT en Corse, presque confidentiel, n\u2019a jamais \u00e9t\u00e9 notable et le nombre de clubs affili\u00e9s s\u2019est toujours compt\u00e9 sur les doigts d\u2019une seule main. Nombreux ont \u00e9t\u00e9 les s\u00e9jours organis\u00e9s aussi bien par la Commission Tourisme FFCT que par les diff\u00e9rents Codep continentaux, mais la graine n\u2019a [&hellip;]<\/p>\n","protected":false},"author":2,"featured_media":79456,"comment_status":"open","ping_status":"closed","sticky":false,"template":"","format":"standard","meta":{"_acf_changed":false,"footnotes":""},"categories":[422],"tags":[],"class_list":["post-79455","post","type-post","status-publish","format-standard","has-post-thumbnail","hentry","category-partenaires"],"acf":[],"yoast_head":"<!-- This site is optimized with the Yoast SEO plugin v27.2 - https:\/\/yoast.com\/product\/yoast-seo-wordpress\/ -->\n<title>Le Coreg Corse se pr\u00e9sente - Club des Cent Cols<\/title>\n<meta name=\"robots\" content=\"index, follow, max-snippet:-1, max-image-preview:large, max-video-preview:-1\" \/>\n<link rel=\"canonical\" href=\"https:\/\/centcols.org\/es\/se-presenta-el-coreg-corso\/\" \/>\n<meta property=\"og:locale\" content=\"es_ES\" \/>\n<meta property=\"og:type\" content=\"article\" \/>\n<meta property=\"og:title\" content=\"Le Coreg Corse se pr\u00e9sente - Club des Cent Cols\" \/>\n<meta property=\"og:description\" content=\"Activit\u00e9 principale et s\u00e9jours Le d\u00e9veloppement de la FFCT en Corse, presque confidentiel, n\u2019a jamais \u00e9t\u00e9 notable et le nombre de clubs affili\u00e9s s\u2019est toujours compt\u00e9 sur les doigts d\u2019une seule main. Nombreux ont \u00e9t\u00e9 les s\u00e9jours organis\u00e9s aussi bien par la Commission Tourisme FFCT que par les diff\u00e9rents Codep continentaux, mais la graine n\u2019a [&hellip;]\" \/>\n<meta property=\"og:url\" content=\"https:\/\/centcols.org\/es\/se-presenta-el-coreg-corso\/\" \/>\n<meta property=\"og:site_name\" content=\"Club des Cent Cols\" \/>\n<meta property=\"article:publisher\" content=\"https:\/\/www.facebook.com\/groups\/5261880558\/?locale=fr_FR\" \/>\n<meta property=\"article:published_time\" content=\"2025-02-05T08:05:39+00:00\" \/>\n<meta property=\"article:modified_time\" content=\"2025-09-09T11:05:30+00:00\" \/>\n<meta property=\"og:image\" content=\"https:\/\/centcols.org\/wp-content\/uploads\/2025\/02\/Image1.jpg\" \/>\n\t<meta property=\"og:image:width\" content=\"177\" \/>\n\t<meta property=\"og:image:height\" content=\"155\" \/>\n\t<meta property=\"og:image:type\" content=\"image\/jpeg\" \/>\n<meta name=\"author\" content=\"fabien\" \/>\n<meta name=\"twitter:card\" content=\"summary_large_image\" \/>\n<meta name=\"twitter:label1\" content=\"Escrito por\" \/>\n\t<meta name=\"twitter:data1\" content=\"fabien\" \/>\n\t<meta name=\"twitter:label2\" content=\"Tiempo de lectura\" \/>\n\t<meta name=\"twitter:data2\" content=\"3 minutos\" \/>\n<script type=\"application\/ld+json\" class=\"yoast-schema-graph\">{\"@context\":\"https:\/\/schema.org\",\"@graph\":[{\"@type\":\"Article\",\"@id\":\"https:\/\/centcols.org\/le-coreg-corse-se-presente\/#article\",\"isPartOf\":{\"@id\":\"https:\/\/centcols.org\/le-coreg-corse-se-presente\/\"},\"author\":{\"name\":\"fabien\",\"@id\":\"https:\/\/centcols.org\/#\/schema\/person\/fcdb31e57ffa95295c9683ffdda82afa\"},\"headline\":\"Le Coreg Corse se pr\u00e9sente\",\"datePublished\":\"2025-02-05T08:05:39+00:00\",\"dateModified\":\"2025-09-09T11:05:30+00:00\",\"mainEntityOfPage\":{\"@id\":\"https:\/\/centcols.org\/le-coreg-corse-se-presente\/\"},\"wordCount\":425,\"commentCount\":0,\"publisher\":{\"@id\":\"https:\/\/centcols.org\/#organization\"},\"image\":{\"@id\":\"https:\/\/centcols.org\/le-coreg-corse-se-presente\/#primaryimage\"},\"thumbnailUrl\":\"https:\/\/centcols.org\/wp-content\/uploads\/2025\/02\/Image1.jpg\",\"articleSection\":[\"Partenaires\"],\"inLanguage\":\"es\",\"potentialAction\":[{\"@type\":\"CommentAction\",\"name\":\"Comment\",\"target\":[\"https:\/\/centcols.org\/le-coreg-corse-se-presente\/#respond\"]}]},{\"@type\":\"WebPage\",\"@id\":\"https:\/\/centcols.org\/le-coreg-corse-se-presente\/\",\"url\":\"https:\/\/centcols.org\/le-coreg-corse-se-presente\/\",\"name\":\"Le Coreg Corse se pr\u00e9sente - Club des Cent Cols\",\"isPartOf\":{\"@id\":\"https:\/\/centcols.org\/#website\"},\"primaryImageOfPage\":{\"@id\":\"https:\/\/centcols.org\/le-coreg-corse-se-presente\/#primaryimage\"},\"image\":{\"@id\":\"https:\/\/centcols.org\/le-coreg-corse-se-presente\/#primaryimage\"},\"thumbnailUrl\":\"https:\/\/centcols.org\/wp-content\/uploads\/2025\/02\/Image1.jpg\",\"datePublished\":\"2025-02-05T08:05:39+00:00\",\"dateModified\":\"2025-09-09T11:05:30+00:00\",\"breadcrumb\":{\"@id\":\"https:\/\/centcols.org\/le-coreg-corse-se-presente\/#breadcrumb\"},\"inLanguage\":\"es\",\"potentialAction\":[{\"@type\":\"ReadAction\",\"target\":[\"https:\/\/centcols.org\/le-coreg-corse-se-presente\/\"]}]},{\"@type\":\"ImageObject\",\"inLanguage\":\"es\",\"@id\":\"https:\/\/centcols.org\/le-coreg-corse-se-presente\/#primaryimage\",\"url\":\"https:\/\/centcols.org\/wp-content\/uploads\/2025\/02\/Image1.jpg\",\"contentUrl\":\"https:\/\/centcols.org\/wp-content\/uploads\/2025\/02\/Image1.jpg\",\"width\":177,\"height\":155},{\"@type\":\"BreadcrumbList\",\"@id\":\"https:\/\/centcols.org\/le-coreg-corse-se-presente\/#breadcrumb\",\"itemListElement\":[{\"@type\":\"ListItem\",\"position\":1,\"name\":\"Accueil\",\"item\":\"https:\/\/centcols.org\/\"},{\"@type\":\"ListItem\",\"position\":2,\"name\":\"Partenaires\",\"item\":\"https:\/\/centcols.org\/rubrique\/partenaires\/\"},{\"@type\":\"ListItem\",\"position\":3,\"name\":\"Le Coreg Corse se pr\u00e9sente\"}]},{\"@type\":\"WebSite\",\"@id\":\"https:\/\/centcols.org\/#website\",\"url\":\"https:\/\/centcols.org\/\",\"name\":\"Club des Cent Cols\",\"description\":\"\",\"publisher\":{\"@id\":\"https:\/\/centcols.org\/#organization\"},\"potentialAction\":[{\"@type\":\"SearchAction\",\"target\":{\"@type\":\"EntryPoint\",\"urlTemplate\":\"https:\/\/centcols.org\/?s={search_term_string}\"},\"query-input\":{\"@type\":\"PropertyValueSpecification\",\"valueRequired\":true,\"valueName\":\"search_term_string\"}}],\"inLanguage\":\"es\"},{\"@type\":\"Organization\",\"@id\":\"https:\/\/centcols.org\/#organization\",\"name\":\"Club des Cent Cols\",\"url\":\"https:\/\/centcols.org\/\",\"logo\":{\"@type\":\"ImageObject\",\"inLanguage\":\"es\",\"@id\":\"https:\/\/centcols.org\/#\/schema\/logo\/image\/\",\"url\":\"https:\/\/centcols.org\/wp-content\/uploads\/2025\/01\/carte-icone.png\",\"contentUrl\":\"https:\/\/centcols.org\/wp-content\/uploads\/2025\/01\/carte-icone.png\",\"width\":250,\"height\":250,\"caption\":\"Club des Cent Cols\"},\"image\":{\"@id\":\"https:\/\/centcols.org\/#\/schema\/logo\/image\/\"},\"sameAs\":[\"https:\/\/www.facebook.com\/groups\/5261880558\/?locale=fr_FR\"]},{\"@type\":\"Person\",\"@id\":\"https:\/\/centcols.org\/#\/schema\/person\/fcdb31e57ffa95295c9683ffdda82afa\",\"name\":\"fabien\",\"image\":{\"@type\":\"ImageObject\",\"inLanguage\":\"es\",\"@id\":\"https:\/\/centcols.org\/wp-content\/litespeed\/avatar\/9065528d4c1ba02f0faf2b7616b2a195.jpg?ver=1777225983\",\"url\":\"https:\/\/centcols.org\/wp-content\/litespeed\/avatar\/9065528d4c1ba02f0faf2b7616b2a195.jpg?ver=1777225983\",\"contentUrl\":\"https:\/\/centcols.org\/wp-content\/litespeed\/avatar\/9065528d4c1ba02f0faf2b7616b2a195.jpg?ver=1777225983\",\"caption\":\"fabien\"},\"url\":\"https:\/\/centcols.org\/es\/author\/fabien\/\"}]}<\/script>\n<!-- \/ Yoast SEO plugin. -->","yoast_head_json":{"title":"Coreg Corse se presenta - Club des Cent Cols","robots":{"index":"index","follow":"follow","max-snippet":"max-snippet:-1","max-image-preview":"max-image-preview:large","max-video-preview":"max-video-preview:-1"},"canonical":"https:\/\/centcols.org\/es\/se-presenta-el-coreg-corso\/","og_locale":"es_ES","og_type":"article","og_title":"Le Coreg Corse se pr\u00e9sente - Club des Cent Cols","og_description":"Activit\u00e9 principale et s\u00e9jours Le d\u00e9veloppement de la FFCT en Corse, presque confidentiel, n\u2019a jamais \u00e9t\u00e9 notable et le nombre de clubs affili\u00e9s s\u2019est toujours compt\u00e9 sur les doigts d\u2019une seule main. Nombreux ont \u00e9t\u00e9 les s\u00e9jours organis\u00e9s aussi bien par la Commission Tourisme FFCT que par les diff\u00e9rents Codep continentaux, mais la graine n\u2019a [&hellip;]","og_url":"https:\/\/centcols.org\/es\/se-presenta-el-coreg-corso\/","og_site_name":"Club des Cent Cols","article_publisher":"https:\/\/www.facebook.com\/groups\/5261880558\/?locale=fr_FR","article_published_time":"2025-02-05T08:05:39+00:00","article_modified_time":"2025-09-09T11:05:30+00:00","og_image":[{"width":177,"height":155,"url":"https:\/\/centcols.org\/wp-content\/uploads\/2025\/02\/Image1.jpg","type":"image\/jpeg"}],"author":"fabien","twitter_card":"summary_large_image","twitter_misc":{"Escrito por":"fabien","Tiempo de lectura":"3 minutos"},"schema":{"@context":"https:\/\/schema.org","@graph":[{"@type":"Article","@id":"https:\/\/centcols.org\/le-coreg-corse-se-presente\/#article","isPartOf":{"@id":"https:\/\/centcols.org\/le-coreg-corse-se-presente\/"},"author":{"name":"fabien","@id":"https:\/\/centcols.org\/#\/schema\/person\/fcdb31e57ffa95295c9683ffdda82afa"},"headline":"Le Coreg Corse se pr\u00e9sente","datePublished":"2025-02-05T08:05:39+00:00","dateModified":"2025-09-09T11:05:30+00:00","mainEntityOfPage":{"@id":"https:\/\/centcols.org\/le-coreg-corse-se-presente\/"},"wordCount":425,"commentCount":0,"publisher":{"@id":"https:\/\/centcols.org\/#organization"},"image":{"@id":"https:\/\/centcols.org\/le-coreg-corse-se-presente\/#primaryimage"},"thumbnailUrl":"https:\/\/centcols.org\/wp-content\/uploads\/2025\/02\/Image1.jpg","articleSection":["Partenaires"],"inLanguage":"es","potentialAction":[{"@type":"CommentAction","name":"Comment","target":["https:\/\/centcols.org\/le-coreg-corse-se-presente\/#respond"]}]},{"@type":"WebPage","@id":"https:\/\/centcols.org\/le-coreg-corse-se-presente\/","url":"https:\/\/centcols.org\/le-coreg-corse-se-presente\/","name":"Coreg Corse se presenta - Club des Cent Cols","isPartOf":{"@id":"https:\/\/centcols.org\/#website"},"primaryImageOfPage":{"@id":"https:\/\/centcols.org\/le-coreg-corse-se-presente\/#primaryimage"},"image":{"@id":"https:\/\/centcols.org\/le-coreg-corse-se-presente\/#primaryimage"},"thumbnailUrl":"https:\/\/centcols.org\/wp-content\/uploads\/2025\/02\/Image1.jpg","datePublished":"2025-02-05T08:05:39+00:00","dateModified":"2025-09-09T11:05:30+00:00","breadcrumb":{"@id":"https:\/\/centcols.org\/le-coreg-corse-se-presente\/#breadcrumb"},"inLanguage":"es","potentialAction":[{"@type":"ReadAction","target":["https:\/\/centcols.org\/le-coreg-corse-se-presente\/"]}]},{"@type":"ImageObject","inLanguage":"es","@id":"https:\/\/centcols.org\/le-coreg-corse-se-presente\/#primaryimage","url":"https:\/\/centcols.org\/wp-content\/uploads\/2025\/02\/Image1.jpg","contentUrl":"https:\/\/centcols.org\/wp-content\/uploads\/2025\/02\/Image1.jpg","width":177,"height":155},{"@type":"BreadcrumbList","@id":"https:\/\/centcols.org\/le-coreg-corse-se-presente\/#breadcrumb","itemListElement":[{"@type":"ListItem","position":1,"name":"Accueil","item":"https:\/\/centcols.org\/"},{"@type":"ListItem","position":2,"name":"Partenaires","item":"https:\/\/centcols.org\/rubrique\/partenaires\/"},{"@type":"ListItem","position":3,"name":"Le Coreg Corse se pr\u00e9sente"}]},{"@type":"WebSite","@id":"https:\/\/centcols.org\/#website","url":"https:\/\/centcols.org\/","name":"Club des Cent Cols","description":"","publisher":{"@id":"https:\/\/centcols.org\/#organization"},"potentialAction":[{"@type":"SearchAction","target":{"@type":"EntryPoint","urlTemplate":"https:\/\/centcols.org\/?s={search_term_string}"},"query-input":{"@type":"PropertyValueSpecification","valueRequired":true,"valueName":"search_term_string"}}],"inLanguage":"es"},{"@type":"Organization","@id":"https:\/\/centcols.org\/#organization","name":"Club des Cent Cols","url":"https:\/\/centcols.org\/","logo":{"@type":"ImageObject","inLanguage":"es","@id":"https:\/\/centcols.org\/#\/schema\/logo\/image\/","url":"https:\/\/centcols.org\/wp-content\/uploads\/2025\/01\/carte-icone.png","contentUrl":"https:\/\/centcols.org\/wp-content\/uploads\/2025\/01\/carte-icone.png","width":250,"height":250,"caption":"Club des Cent Cols"},"image":{"@id":"https:\/\/centcols.org\/#\/schema\/logo\/image\/"},"sameAs":["https:\/\/www.facebook.com\/groups\/5261880558\/?locale=fr_FR"]},{"@type":"Person","@id":"https:\/\/centcols.org\/#\/schema\/person\/fcdb31e57ffa95295c9683ffdda82afa","name":"fabien","image":{"@type":"ImageObject","inLanguage":"es","@id":"https:\/\/centcols.org\/wp-content\/litespeed\/avatar\/9065528d4c1ba02f0faf2b7616b2a195.jpg?ver=1777225983","url":"https:\/\/centcols.org\/wp-content\/litespeed\/avatar\/9065528d4c1ba02f0faf2b7616b2a195.jpg?ver=1777225983","contentUrl":"https:\/\/centcols.org\/wp-content\/litespeed\/avatar\/9065528d4c1ba02f0faf2b7616b2a195.jpg?ver=1777225983","caption":"fabien"},"url":"https:\/\/centcols.org\/es\/author\/fabien\/"}]}},"_links":{"self":[{"href":"https:\/\/centcols.org\/es\/wp-json\/wp\/v2\/posts\/79455","targetHints":{"allow":["GET"]}}],"collection":[{"href":"https:\/\/centcols.org\/es\/wp-json\/wp\/v2\/posts"}],"about":[{"href":"https:\/\/centcols.org\/es\/wp-json\/wp\/v2\/types\/post"}],"author":[{"embeddable":true,"href":"https:\/\/centcols.org\/es\/wp-json\/wp\/v2\/users\/2"}],"replies":[{"embeddable":true,"href":"https:\/\/centcols.org\/es\/wp-json\/wp\/v2\/comments?post=79455"}],"version-history":[{"count":0,"href":"https:\/\/centcols.org\/es\/wp-json\/wp\/v2\/posts\/79455\/revisions"}],"wp:featuredmedia":[{"embeddable":true,"href":"https:\/\/centcols.org\/es\/wp-json\/wp\/v2\/media\/79456"}],"wp:attachment":[{"href":"https:\/\/centcols.org\/es\/wp-json\/wp\/v2\/media?parent=79455"}],"wp:term":[{"taxonomy":"category","embeddable":true,"href":"https:\/\/centcols.org\/es\/wp-json\/wp\/v2\/categories?post=79455"},{"taxonomy":"post_tag","embeddable":true,"href":"https:\/\/centcols.org\/es\/wp-json\/wp\/v2\/tags?post=79455"}],"curies":[{"name":"wp","href":"https:\/\/api.w.org\/{rel}","templated":true}]}}