{"id":79467,"date":"2025-02-05T10:06:51","date_gmt":"2025-02-05T08:06:51","guid":{"rendered":"https:\/\/centcols.org\/de-briancon-a-lizoard-puis-saint-veran\/"},"modified":"2025-09-13T07:29:20","modified_gmt":"2025-09-13T05:29:20","slug":"de-briancon-a-lizoard-y-luego-a-saint-veran","status":"publish","type":"post","link":"https:\/\/centcols.org\/es\/de-briancon-a-lizoard-puis-saint-veran\/","title":{"rendered":"De Brian\u00e7on a Izoard, luego Saint-V\u00e9ran"},"content":{"rendered":"<p class=\"has-medium-font-size\"><strong>S\u00e1bado 5 de agosto,<\/strong><\/p>\n\n\n\n<p class=\"has-medium-font-size\">Fin de nuestra estancia en Le Grand-Bornand. Este fin de semana ha sido sin duda el m\u00e1s<br>ocupado en las carreteras francesas. Bison-Fut\u00e9 ve el lado oscuro, pero nosotros vemos el lado rosado: la vida de un verdadero jubilado. En lugar de dirigirnos a Valence, la A9 y el valle del R\u00f3dano, el s\u00e1bado por la ma\u00f1ana nos dirigimos a los Altos Alpes, con Brian\u00e7on, al pie del Izoard, como primer objetivo. <\/p>\n\n\n\n<p class=\"has-medium-font-size\">Ma\u00f1ana, domingo, el tr\u00e1fico ser\u00e1 m\u00e1s fluido, as\u00ed que aprovechemos el d\u00eda dando un paseo por las carreteras secundarias.<\/p>\n\n\n\n<div class=\"wp-block-columns is-layout-flex wp-container-core-columns-is-layout-9d6595d7 wp-block-columns-is-layout-flex\">\n<div class=\"wp-block-column is-layout-flow wp-block-column-is-layout-flow\" style=\"flex-basis:50%\">\n<p>En lugar de dirigirnos a Valence, la A9 y el valle del R\u00f3dano, este s\u00e1bado por la ma\u00f1ana nos dirigimos a los Hautes-Alpes, con Brian\u00e7on, al pie del Izoard, como primer objetivo.<\/p>\n\n\n\n<p>Ma\u00f1ana, domingo, el tr\u00e1fico ser\u00e1 m\u00e1s fluido, as\u00ed que aprovechemos el d\u00eda dando un paseo por las carreteras secundarias.<\/p>\n\n\n\n<p>De momento, recorremos el Val Sulens, v\u00eda Saint-F\u00e9reol, como despedida de la ruta que tantas veces he recorrido este verano.<\/p>\n\n\n\n<p>Despu\u00e9s de Albertville, el GPS toma el relevo. La llegada est\u00e1 prevista en Brian\u00e7on hacia las 10h40. Ser\u00e1 un poco tarde para afrontar el Col de l'Izoard,<br>pero es factible con la posibilidad de refrescos<br>a la caba\u00f1a Napole\u00f3n, casi en la cima del paso.<\/p>\n<\/div>\n\n\n\n<div class=\"wp-block-column is-layout-flow wp-block-column-is-layout-flow\" style=\"flex-basis:50%\">\n<figure class=\"wp-block-image size-full is-resized\"><img loading=\"lazy\" decoding=\"async\" width=\"355\" height=\"496\" src=\"https:\/\/centcols.org\/wp-content\/uploads\/2025\/02\/Eglise-Val-Sulens-2.jpg\" alt=\"\" class=\"wp-image-79471\"\/><figcaption class=\"wp-element-caption\">La iglesia de Serraval en Val Sulens<\/figcaption><\/figure>\n<\/div>\n<\/div>\n\n\n\n<div class=\"wp-block-group\"><div class=\"wp-block-group__inner-container is-layout-flow wp-block-group-is-layout-flow\">\n<p class=\"has-medium-font-size\">Hola Italia, hola Bardonecchia. Es justo decir que, a la vuelta de vacaciones, hicimos un desv\u00edo a Italia. \u00a1Qu\u00e9 chic! Dur\u00f3 apenas veinte minutos, tiempo suficiente para darnos cuenta de que los Alpes se extienden mucho m\u00e1s all\u00e1 de nuestras fronteras. Y en cuanto salimos de la ciudad, la carretera adquiri\u00f3 la <strong>Col de l'Echelle<\/strong> que nos devuelve a Francia. Ya no hay frontera, pero el estado de la carretera es suficientemente expl\u00edcito para orientarnos. Carretera estrecha y llena de baches, a la espera de subvenciones y, de repente, un buen firme, marcas viales, una carretera m\u00e1s ancha. Francia nos pone la alfombra roja. Incluso la vegetaci\u00f3n est\u00e1 a la altura.<br><br>Tras la pendiente transalpina, m\u00e1s bien \u00e1rida, la carretera serpentea por un bosque bien surtido del que se han apoderado los amantes del picnic. Ya es mediod\u00eda, y aunque nuestros planes se han frustrado, a\u00fan se puede sacar algo bueno de lo inesperado, ya que aqu\u00ed estamos en el <strong>Valle del Clar\u00e9e<\/strong>. Llevo a\u00f1os pensando en este valle, concretamente desde febrero de 1980. \u00bfPor qu\u00e9 tanta precisi\u00f3n? Gracias a GMP<br>otra vez.<\/p>\n<\/div><\/div>\n\n\n\n<p class=\"has-medium-font-size\">En esa ocasi\u00f3n, sub\u00ed al <strong>Vars pasar<\/strong> en mi bicicleta, bajo el sol, en un paisaje cristalino, y se\u00f1al\u00e9 la BPF de este paso. \u00bfQu\u00e9 tiene que ver esto con el valle del Clar\u00e9e? He estado all\u00ed. Recuerdo haber le\u00eddo, o m\u00e1s bien devorado, uno de los primeros libros que abrieron una nueva ventana en la literatura, la de la novela local. Era \u00abLa soupe aux herbes sauvages\u00bb, de Emilie Carles. A\u00fan recuerdo aquellos momentos que pas\u00e9 al sol de una habitaci\u00f3n panelada, con olor a madera, detr\u00e1s de una ventana que daba a las monta\u00f1as nevadas. El sol de la ma\u00f1ana sobre la nieve, el calor, la suavidad de una casa rural de monta\u00f1a y el testimonio de Emilie Carles, abanderada de una lucha en defensa del valle del Clar\u00e9e, ella profesora de monta\u00f1a jubilada y yo joven profesor en aquel momento. Es algo que nunca se olvida.<\/p>\n\n\n\n<p class=\"has-medium-font-size\">Aqu\u00ed estamos. Al pie del paso, giramos a la derecha hacia el <strong>Alto valle del Clar\u00e9e<\/strong>, Est\u00e1 muy lejos de Brian\u00e7on. Dada la hora, es demasiado tarde para conducir antes de comer, as\u00ed que ya que estamos aqu\u00ed, mejor visitar y disfrutar del lugar. Llegamos al final del valle, donde la carretera se detiene para los automovilistas. El resto es cosa de los excursionistas, y para cuando llegamos al aparcamiento completo, muchos de ellos ya se han puesto en marcha por los senderos. <\/p>\n\n\n\n<p class=\"has-medium-font-size\">\u00c0 <strong>N\u00e9vache<\/strong> encontramos nuestro lugar feliz en un prado, a orillas del Clar\u00e9e, que fluye a s\u00f3lo cinco metros de nosotros. La posada est\u00e1 al otro lado de la carretera y la camarera nos lleva los platos en este buc\u00f3lico entorno, los pies en la hierba, el fondo del valle que se pierde en la distancia, las monta\u00f1as con sus laderas empinadas y pedregosas a un lado, el torrente cerca, ofreci\u00e9ndonos este frescor beneficioso acompa\u00f1ado de una brisa bienvenida. En este momento, s\u00e1bado a mediod\u00eda, pensamos en el valle del R\u00f3dano, ciertamente bloqueado por temperaturas cercanas a los 40\u00b0C. \u00a1Nos sentimos tan a gusto en este extremo del mundo! En cuanto al calor, lo temo en vista de lo que nos espera. Y pronto lo comprob\u00e9 cuando, al reanudar nuestro viaje hacia Brian\u00e7on, el term\u00f3metro subi\u00f3 inevitablemente a medida que descend\u00eda la carretera. En Val-des-Pr\u00e9s rozaba los 38\u00b0C, luego en Brian\u00e7on alcanz\u00f3 los 40\u00b0C.<br><\/p>\n\n\n<div class=\"wp-block-image is-resized\">\n<figure class=\"aligncenter size-full\"><img loading=\"lazy\" decoding=\"async\" width=\"517\" height=\"365\" src=\"https:\/\/centcols.org\/wp-content\/uploads\/2025\/02\/Briancon-1.jpg\" alt=\"\" class=\"wp-image-79470\"\/><figcaption class=\"wp-element-caption\">Brian\u00e7on, vista desde las primeras laderas del Isoard<\/figcaption><\/figure>\n<\/div>\n\n\n<p class=\"has-medium-font-size\">Le <strong>Col d'Izoard <\/strong>empieza en cuanto sales de la ciudad. Y desde las primeras vueltas de volante, cae la pena. Deber\u00eda haber dicho meter la moto en el horno en vez de en el horno, porque el calor es sofocante, como en un horno. El \u00fanico punto positivo fue que el viento era favorable. Lo lamento por una vez, porque en las raras ocasiones en las que est\u00e1 en contra, siento una apariencia de frescor que me reanima un poco. Pero no dura nada. I<br>Juego con mi ordenador, mostrando el kilometraje y el desnivel. Dudo en mostrar el<br>temperatura, tengo demasiado miedo de perder la moral para siempre. Y sin embargo aqu\u00ed estoy. 39\u00b0C, y luego por d\u00e9cimas sigue subiendo. Yo tambi\u00e9n, y la pendiente no es muy indulgente. Decido parar a 40\u00b0C. A 41\u00b0C me digo que estoy loco, 64 a\u00f1os cumplidos el mes pasado, no es prudente, ya no soy joven. A 41,2\u00b0C, cambio el contador a la hora. No tiene sentido seguir mirando la temperatura en la pantalla, es desmoralizante. Me doy cuenta de que el calor es dif\u00edcil de soportar. Mi bid\u00f3n de agua, pobrecito, est\u00e1 como yo, todav\u00eda tibio hace un cuarto de hora, pero ahora es un aut\u00e9ntico caldo, una tisana ins\u00edpida. De repente, \u00a1oh milagro, algo de sombra! No es que se est\u00e9 bien de repente, es que se est\u00e1 un poco mejor, no sentir el sol quem\u00e1ndote la piel, perder dos o tres grados, eso es el principio de la felicidad. Adem\u00e1s, la pendiente parece suavizarse. Los kil\u00f3metros pasan, a c\u00e1mara lenta por supuesto, pero con cada kil\u00f3metro que se quita del total, la esperanza aumenta, aunque el cuerpo se debilite. <\/p>\n\n\n\n<p class=\"has-medium-font-size\">Anterior <strong>Cervi\u00e8res <\/strong>Por fin he encontrado mi velocidad de crucero, que fluct\u00faa entre 10 y 12 km\/h. Un poco de sombra y algunas curvas cerradas rompen la monoton\u00eda de la subida, ofreciendo tramos en los que el viento alternativamente empuja o enfr\u00eda al ciclista. Se convierte en algo autom\u00e1tico. La cima se divisa a lo lejos. Ya se han superado los 2.000 metros. Las \u00faltimas curvas parecen m\u00e1s cerradas y la pendiente m\u00e1s pronunciada. De todos modos, aqu\u00ed est\u00e1 el refugio Napol\u00e9on. Me detengo aqu\u00ed para disfrutar de la brisa de monta\u00f1a.<\/p>\n\n\n\n<p class=\"has-medium-font-size\">Preguntando, hay una tienda de recuerdos en la cima del puerto, as\u00ed que all\u00ed validar\u00e9 mi BPF. El \u00faltimo kil\u00f3metro es un aut\u00e9ntico placer, la sensaci\u00f3n de haber ganado la carrera, de haber alcanzado la meta, de hacer realidad un proyecto largamente acariciado.<br><\/p>\n\n\n<div class=\"wp-block-image is-resized\">\n<figure class=\"aligncenter size-full\"><img loading=\"lazy\" decoding=\"async\" width=\"502\" height=\"393\" src=\"https:\/\/centcols.org\/wp-content\/uploads\/2025\/02\/Isoard-1.jpg\" alt=\"\" class=\"wp-image-79469\"\/><figcaption class=\"wp-element-caption\">En el \u00faltimo kil\u00f3metro del Col de l'Isoard - 2360 metros<\/figcaption><\/figure>\n<\/div>\n\n\n<p class=\"has-medium-font-size\">Ya est\u00e1 hecho, est\u00e1 en la bolsa. Ahora vamos a disfrutar. La vista es magn\u00edfica a ambos lados del puerto. A la izquierda hay una estela fechada en 1934, un recordatorio a los turistas que pasan por all\u00ed de que esta espl\u00e9ndida ruta alpina es fruto del trabajo humano y que estos pasos donde nosotros sudamos por nuestro ocio, otros sudaron all\u00ed para ganarse el pan. El panorama es excepcional, con estas monta\u00f1as planas y lisas, cubiertas de una especie de arena, que se precipitan hacia el valle en un curso rectil\u00edneo e inclinado, como si todo fuera seg\u00fan lo previsto.<br>desliz\u00e1ndose hacia el fondo. Pendientes s\u00f3lo aptas para equilibristas, con alg\u00fan que otro \u00e1rbol al que agarrarse o rocas que apuntan al cielo, cuya rigidez parece desafiar a la erosi\u00f3n. Y lo mejor est\u00e1 a\u00fan por llegar. <\/p>\n\n\n\n<p class=\"has-medium-font-size\">Nada m\u00e1s comenzar el descenso, aparece a la vista el paraje de Casse D\u00e9serte, un paisaje mineral donde la erosi\u00f3n ha arrollado todo a su paso, formando vertiginosas laderas de canchales dominadas por un bosque ralo de picos dentados.<br>Algunas de las mejores p\u00e1ginas del Tour de Francia se han escrito en estas laderas. Una estela en memoria del campionissimo Fausto Coppi y del campe\u00f3n Louison Bobet lo recuerda a los transe\u00fantes. <\/p>\n\n\n\n<figure class=\"wp-block-gallery aligncenter has-nested-images columns-default is-cropped wp-block-gallery-1 is-layout-flex wp-block-gallery-is-layout-flex\">\n<figure class=\"wp-block-image size-full\"><img loading=\"lazy\" decoding=\"async\" width=\"441\" height=\"333\" data-id=\"79468\" src=\"https:\/\/centcols.org\/wp-content\/uploads\/2025\/02\/Casse-deserte.jpg\" alt=\"\" class=\"wp-image-79468\"\/><figcaption class=\"wp-element-caption\">La Casse d\u00e9serte<\/figcaption><\/figure>\n\n\n\n<figure class=\"wp-block-image size-full\"><img loading=\"lazy\" decoding=\"async\" width=\"432\" height=\"325\" data-id=\"79472\" src=\"https:\/\/centcols.org\/wp-content\/uploads\/2025\/02\/Stele-Coppi-Bobet-1.jpg\" alt=\"\" class=\"wp-image-79472\"\/><figcaption class=\"wp-element-caption\">La estela de Coppi y Bobet<\/figcaption><\/figure>\n<\/figure>\n\n\n\n<p class=\"has-medium-font-size\">El descenso hacia Brunissard y luego Arvieux es como acercarse al fondo del valle. Tambi\u00e9n es un momento de recuperaci\u00f3n y velocidad que calma la sensaci\u00f3n de calor.<br><\/p>\n\n\n\n<p class=\"has-medium-font-size\">Pero ya una bifurcaci\u00f3n se\u00f1ala el final del recreo. Aqu\u00ed est\u00e1 el valle de Guil, por el que asciendo antes de girar a la derecha hacia <strong>Saint-V\u00e9ran<\/strong>. Por cierto, <strong>Ch\u00e2teau-Queyras<\/strong> ofrece una hermosa vista de su castillo medieval, donde Vauban volvi\u00f3 a gobernar.<br><\/p>\n\n\n<div class=\"wp-block-image is-resized\">\n<figure class=\"aligncenter size-full\"><img loading=\"lazy\" decoding=\"async\" width=\"500\" height=\"339\" src=\"https:\/\/centcols.org\/wp-content\/uploads\/2025\/02\/Chateau-Queyras.jpg\" alt=\"\" class=\"wp-image-90025\" srcset=\"https:\/\/centcols.org\/wp-content\/uploads\/2025\/02\/Chateau-Queyras.jpg 500w, https:\/\/centcols.org\/wp-content\/uploads\/2025\/02\/Chateau-Queyras-18x12.jpg 18w\" sizes=\"auto, (max-width: 500px) 100vw, 500px\" \/><figcaption class=\"wp-element-caption\">Chateau-Queyras<\/figcaption><\/figure>\n<\/div>\n\n\n<p class=\"has-medium-font-size\">S\u00e9 que <strong>St-V\u00e9ran<\/strong> es el municipio m\u00e1s alto de Europa, a m\u00e1s de 2.000 metros de altitud. R\u00e1pidamente hice los c\u00e1lculos, desde los 2.360 metros de l'Izoard y tras 15 kil\u00f3metros de descenso, deber\u00eda estar a unos 1.000 metros de altitud, as\u00ed que tengo que subir otros 1.000 metros m\u00e1s o menos.<br><\/p>\n\n\n\n<p class=\"has-medium-font-size\">Dado el estado de frescura del hombre, voy a hacer mi ascensi\u00f3n al G\u00f3lgota, mi v\u00eda crucis en suma, pero libremente consentido. M\u00e1s tarde, los recuerdos embellecer\u00e1n el episodio. Hay que encontrar algo que te motive cuando el sol te pega en la espalda, cuando las piernas aplastan los pedales y la carretera pasa a c\u00e1mara lenta, cuando cada curva en la que pones tus esperanzas no hace sino aumentar la dificultad.<br><\/p>\n\n\n\n<p class=\"has-medium-font-size\">\u00bfQu\u00e9 se puede decir de Queyras? No puedo cantar sus alabanzas, mi juicio ser\u00eda demasiado subjetivo. Sin embargo, describir\u00eda su belleza como austera, \u00e1rida y mineral. El sol me influye, por supuesto, pero hay que entender de d\u00f3nde vengo, Grand-Bornand, Alta Saboya, con sus valles anchos y verdes, sus monta\u00f1as accesibles y boscosas y sus carreteras amables por las que sol\u00eda conducir por las ma\u00f1anas. Ahora son casi las 5 de la tarde y llevo casi 4 horas en el asfalto, como en una parrilla. No dir\u00eda que estoy sudando, de hecho estoy goteando agua, el sudor haciendo peque\u00f1os riachuelos por mis espinillas. Mis piernas brillan de un rojo cobrizo, como despu\u00e9s de una ducha. A estas alturas, lo conseguir\u00e9, seguir\u00e9 adelante, como una paloma bajo la lluvia, imperturbable ante los elementos. Voy a llegar all\u00ed arriba, a ese pueblo donde por fin puedo ver las casas encaramadas sobre el vac\u00edo. <\/p>\n\n\n\n<p class=\"has-medium-font-size\">Y los dos \u00faltimos kil\u00f3metros son los m\u00e1s duros, no s\u00f3lo por el estado de deterioro del ciclista, sino realmente los m\u00e1s empinados.<\/p>\n\n\n<div class=\"wp-block-image\">\n<figure class=\"aligncenter size-full\"><img loading=\"lazy\" decoding=\"async\" width=\"382\" height=\"514\" src=\"https:\/\/centcols.org\/wp-content\/uploads\/2025\/02\/St-Veran.jpg\" alt=\"\" class=\"wp-image-90027\" srcset=\"https:\/\/centcols.org\/wp-content\/uploads\/2025\/02\/St-Veran.jpg 382w, https:\/\/centcols.org\/wp-content\/uploads\/2025\/02\/St-Veran-9x12.jpg 9w\" sizes=\"auto, (max-width: 382px) 100vw, 382px\" \/><figcaption class=\"wp-element-caption\">En una calle de Saint-V\u00e9ran<\/figcaption><\/figure>\n<\/div>\n\n\n<p class=\"has-medium-font-size\"><br><strong>Saint-V\u00e9ran,<\/strong> uno de los pueblos m\u00e1s bonitos de Francia, una denominaci\u00f3n destilada hasta la \u00faltima gota, generalmente justificada, pero una denominaci\u00f3n que atrae... turistas. Y como suele ocurrir, la multitud motorizada se mantiene fuera del pueblo, a cambio de una tarifa de aparcamiento. Aparcamiento 1, 2, 3...<br><\/p>\n\n\n\n<p class=\"has-medium-font-size\">Nos preocupamos ahora de nuestro alojamiento para la noche. Tomamos la primera calle hasta Les Chalets du Villard, donde encontramos un hotel muy al estilo de monta\u00f1a, de madera y piedra, que se funde con el paisaje sin nada que llame la atenci\u00f3n. El interior nos hizo desear dormir y comer aqu\u00ed esta noche, que ser\u00eda el punto culminante de nuestras vacaciones. <\/p>\n\n\n\n<p class=\"has-medium-font-size\">Por desgracia, el hotel estaba completo. El entorno era bueno y el propietario tambi\u00e9n. Pas\u00f3<br>Pas\u00f3 15 minutos al tel\u00e9fono sondeando a sus colegas de la zona antes de encontrarnos una base en Abri\u00e8s, en el valle. Adem\u00e1s, me puso el famoso sello en una de las seis casillas de mi tarjeta BPF de los Hautes-Alpes. Vali\u00f3 la pena tomarse una copa, acurrucado en un buen sill\u00f3n. Es entonces cuando te das cuenta de que algunas cervezas saben mejor que otras. La premi\u00e8re gorg\u00e9e de bi\u00e8re (El primer sorbo de cerveza), de Philippe Delerm, es un libro que detalla los peque\u00f1os placeres de la vida cotidiana que a menudo pasan desapercibidos. \u00bfQu\u00e9 habr\u00eda escrito si se la hubiera bebido en Saint-V\u00e9ran al final de una tarde agotadora? Una gran felicidad, sin duda.<\/p>\n\n\n\n<p class=\"has-medium-font-size\"><br>Para ser sinceros, no llegamos a recorrer todo el pueblo de Saint-V\u00e9ran, por el tiempo, el calor y nuestro cansancio, pero s\u00ed nos tomamos el tiempo de filmar algunas de las callejuelas y, por supuesto, las grandes casas tradicionales que sirven de viviendas, establos y almacenes de la cosecha. Los desvanes abiertos dejan circular el aire para secar el heno. La madera desgastada, omnipresente en estos edificios, supone una amenaza en caso de incendio; estas casas son potenciales fuegos de Midsummer. La mayor\u00eda de estas casas datan de los siglos XVII y XVIII y conservan su encanto de anta\u00f1o. Este pueblo tiene un alma y un pasado sorprendentemente bien conservados y perdurables. Abandonamos con pesar Saint-V\u00e9ran, donde nos hubiera gustado pasar la noche.<br><\/p>\n\n\n\n<figure class=\"wp-block-gallery has-nested-images columns-default is-cropped wp-block-gallery-2 is-layout-flex wp-block-gallery-is-layout-flex\">\n<figure class=\"wp-block-image size-full\"><img loading=\"lazy\" decoding=\"async\" width=\"432\" height=\"330\" data-id=\"90028\" src=\"https:\/\/centcols.org\/wp-content\/uploads\/2025\/02\/St-Veran-Grenier.jpg\" alt=\"\" class=\"wp-image-90028\" srcset=\"https:\/\/centcols.org\/wp-content\/uploads\/2025\/02\/St-Veran-Grenier.jpg 432w, https:\/\/centcols.org\/wp-content\/uploads\/2025\/02\/St-Veran-Grenier-16x12.jpg 16w\" sizes=\"auto, (max-width: 432px) 100vw, 432px\" \/><figcaption class=\"wp-element-caption\">St V\u00e9ran - T\u00edpico \u00e1tico<\/figcaption><\/figure>\n\n\n\n<figure class=\"wp-block-image size-full\"><img loading=\"lazy\" decoding=\"async\" width=\"429\" height=\"324\" data-id=\"90029\" src=\"https:\/\/centcols.org\/wp-content\/uploads\/2025\/02\/Abries.jpg\" alt=\"\" class=\"wp-image-90029\" srcset=\"https:\/\/centcols.org\/wp-content\/uploads\/2025\/02\/Abries.jpg 429w, https:\/\/centcols.org\/wp-content\/uploads\/2025\/02\/Abries-16x12.jpg 16w\" sizes=\"auto, (max-width: 429px) 100vw, 429px\" \/><figcaption class=\"wp-element-caption\">Abri\u00e8s - ma\u00f1ana fr\u00eda<\/figcaption><\/figure>\n<\/figure>\n\n\n\n<p class=\"has-medium-font-size\"><br>A las 19:00, nos registramos en el Chalet Lanza de Abri\u00e8s, un modesto hotel alpino familiar donde la cocina r\u00fastica nos saciar\u00e1 esta noche. Despu\u00e9s de los 41\u00b0C del Izoard, en este pueblo a las puertas de Italia se agradece un breve paseo antes de acostarse. El paseo vespertino por las orillas del Guil, un torrente que nace justo encima de nosotros en las monta\u00f1as, nos aporta ese agradable frescor que nos predispone al sue\u00f1o.<br><\/p>\n\n\n\n<p class=\"has-medium-font-size\">Y al d\u00eda siguiente, la monta\u00f1a nos regala uno de sus trucos meteorol\u00f3gicos a los que empezamos a acostumbrarnos, pero que siempre nos sorprende: unos 12\u00b0C rematados con tormenta. Los comerciantes italianos que hab\u00edan venido especialmente para este particular mercado dominical se retiraron bajo sus lonas. Y volvemos al H\u00e9rault, dejando atr\u00e1s Abri\u00e8s, la \u00faltima parada de nuestras vacaciones de verano 2017.<br><\/p>\n\n\n\n<div class=\"wp-block-columns is-layout-flex wp-container-core-columns-is-layout-9d6595d7 wp-block-columns-is-layout-flex\">\n<div class=\"wp-block-column is-layout-flow wp-block-column-is-layout-flow\" style=\"flex-basis:33.33%\">\n<p class=\"has-vivid-cyan-blue-color has-text-color has-medium-font-size\">Texto y fotos:<br>Ren\u00e9 BALDELLON<br>CC Vias.<\/p>\n<\/div>\n\n\n\n<div class=\"wp-block-column is-layout-flow wp-block-column-is-layout-flow\" style=\"flex-basis:66.66%\">\n<figure class=\"wp-block-image size-full\"><img loading=\"lazy\" decoding=\"async\" width=\"458\" height=\"404\" src=\"https:\/\/centcols.org\/wp-content\/uploads\/2025\/02\/CBaldellon.jpg\" alt=\"\" class=\"wp-image-90030\" srcset=\"https:\/\/centcols.org\/wp-content\/uploads\/2025\/02\/CBaldellon.jpg 458w, https:\/\/centcols.org\/wp-content\/uploads\/2025\/02\/CBaldellon-14x12.jpg 14w\" sizes=\"auto, (max-width: 458px) 100vw, 458px\" \/><\/figure>\n<\/div>\n<\/div>\n\n\n\n<div class=\"wp-block-columns is-layout-flex wp-container-core-columns-is-layout-9d6595d7 wp-block-columns-is-layout-flex\">\n<div class=\"wp-block-column is-layout-flow wp-block-column-is-layout-flow\" style=\"flex-basis:100%\"><\/div>\n<\/div>","protected":false},"excerpt":{"rendered":"<p>Samedi 5 ao\u00fbt, Fin de notre s\u00e9jour au Grand-Bornand. Ce week-end est certainement le pluscharg\u00e9 sur les routes de France. Bison-Fut\u00e9 voit noir et nous, nous voyons la vie en rose, une vraie vie de retrait\u00e9s. Plut\u00f4t que rejoindre Valence, l\u2019A9 et la vall\u00e9e du Rh\u00f4ne, c\u2019est vers les Hautes-Alpes que nous nous dirigeons ce [&hellip;]<\/p>\n","protected":false},"author":2,"featured_media":79468,"comment_status":"open","ping_status":"closed","sticky":false,"template":"","format":"standard","meta":{"_acf_changed":false,"footnotes":""},"categories":[82,129],"tags":[],"class_list":["post-79467","post","type-post","status-publish","format-standard","has-post-thumbnail","hentry","category-voyages","category-gazette"],"acf":[],"yoast_head":"<!-- This site is optimized with the Yoast SEO plugin v27.2 - https:\/\/yoast.com\/product\/yoast-seo-wordpress\/ -->\n<title>De Brian\u00e7on \u00e0 l&#039;Izoard, puis Saint-V\u00e9ran - Club des Cent Cols<\/title>\n<meta name=\"robots\" content=\"index, follow, max-snippet:-1, max-image-preview:large, max-video-preview:-1\" \/>\n<link rel=\"canonical\" href=\"https:\/\/centcols.org\/es\/de-briancon-a-lizoard-y-luego-a-saint-veran\/\" \/>\n<meta property=\"og:locale\" content=\"es_ES\" \/>\n<meta property=\"og:type\" content=\"article\" \/>\n<meta property=\"og:title\" content=\"De Brian\u00e7on \u00e0 l&#039;Izoard, puis Saint-V\u00e9ran - Club des Cent Cols\" \/>\n<meta property=\"og:description\" content=\"Samedi 5 ao\u00fbt, Fin de notre s\u00e9jour au Grand-Bornand. Ce week-end est certainement le pluscharg\u00e9 sur les routes de France. Bison-Fut\u00e9 voit noir et nous, nous voyons la vie en rose, une vraie vie de retrait\u00e9s. Plut\u00f4t que rejoindre Valence, l\u2019A9 et la vall\u00e9e du Rh\u00f4ne, c\u2019est vers les Hautes-Alpes que nous nous dirigeons ce [&hellip;]\" \/>\n<meta property=\"og:url\" content=\"https:\/\/centcols.org\/es\/de-briancon-a-lizoard-y-luego-a-saint-veran\/\" \/>\n<meta property=\"og:site_name\" content=\"Club des Cent Cols\" \/>\n<meta property=\"article:publisher\" content=\"https:\/\/www.facebook.com\/groups\/5261880558\/?locale=fr_FR\" \/>\n<meta property=\"article:published_time\" content=\"2025-02-05T08:06:51+00:00\" \/>\n<meta property=\"article:modified_time\" content=\"2025-09-13T05:29:20+00:00\" \/>\n<meta property=\"og:image\" content=\"https:\/\/centcols.org\/wp-content\/uploads\/2025\/02\/Casse-deserte.jpg\" \/>\n\t<meta property=\"og:image:width\" content=\"441\" \/>\n\t<meta property=\"og:image:height\" content=\"333\" \/>\n\t<meta property=\"og:image:type\" content=\"image\/jpeg\" \/>\n<meta name=\"author\" content=\"fabien\" \/>\n<meta name=\"twitter:card\" content=\"summary_large_image\" \/>\n<meta name=\"twitter:label1\" content=\"Escrito por\" \/>\n\t<meta name=\"twitter:data1\" content=\"fabien\" \/>\n\t<meta name=\"twitter:label2\" content=\"Tiempo de lectura\" \/>\n\t<meta name=\"twitter:data2\" content=\"15 minutos\" \/>\n<script type=\"application\/ld+json\" class=\"yoast-schema-graph\">{\"@context\":\"https:\/\/schema.org\",\"@graph\":[{\"@type\":\"Article\",\"@id\":\"https:\/\/centcols.org\/de-briancon-a-lizoard-puis-saint-veran\/#article\",\"isPartOf\":{\"@id\":\"https:\/\/centcols.org\/de-briancon-a-lizoard-puis-saint-veran\/\"},\"author\":{\"name\":\"fabien\",\"@id\":\"https:\/\/centcols.org\/#\/schema\/person\/fcdb31e57ffa95295c9683ffdda82afa\"},\"headline\":\"De Brian\u00e7on \u00e0 l&rsquo;Izoard, puis Saint-V\u00e9ran\",\"datePublished\":\"2025-02-05T08:06:51+00:00\",\"dateModified\":\"2025-09-13T05:29:20+00:00\",\"mainEntityOfPage\":{\"@id\":\"https:\/\/centcols.org\/de-briancon-a-lizoard-puis-saint-veran\/\"},\"wordCount\":2635,\"commentCount\":0,\"publisher\":{\"@id\":\"https:\/\/centcols.org\/#organization\"},\"image\":{\"@id\":\"https:\/\/centcols.org\/de-briancon-a-lizoard-puis-saint-veran\/#primaryimage\"},\"thumbnailUrl\":\"https:\/\/centcols.org\/wp-content\/uploads\/2025\/02\/Casse-deserte.jpg\",\"articleSection\":[\"Voyages\",\"Gazette\"],\"inLanguage\":\"es\",\"potentialAction\":[{\"@type\":\"CommentAction\",\"name\":\"Comment\",\"target\":[\"https:\/\/centcols.org\/de-briancon-a-lizoard-puis-saint-veran\/#respond\"]}]},{\"@type\":\"WebPage\",\"@id\":\"https:\/\/centcols.org\/de-briancon-a-lizoard-puis-saint-veran\/\",\"url\":\"https:\/\/centcols.org\/de-briancon-a-lizoard-puis-saint-veran\/\",\"name\":\"De Brian\u00e7on \u00e0 l'Izoard, puis Saint-V\u00e9ran - Club des Cent Cols\",\"isPartOf\":{\"@id\":\"https:\/\/centcols.org\/#website\"},\"primaryImageOfPage\":{\"@id\":\"https:\/\/centcols.org\/de-briancon-a-lizoard-puis-saint-veran\/#primaryimage\"},\"image\":{\"@id\":\"https:\/\/centcols.org\/de-briancon-a-lizoard-puis-saint-veran\/#primaryimage\"},\"thumbnailUrl\":\"https:\/\/centcols.org\/wp-content\/uploads\/2025\/02\/Casse-deserte.jpg\",\"datePublished\":\"2025-02-05T08:06:51+00:00\",\"dateModified\":\"2025-09-13T05:29:20+00:00\",\"breadcrumb\":{\"@id\":\"https:\/\/centcols.org\/de-briancon-a-lizoard-puis-saint-veran\/#breadcrumb\"},\"inLanguage\":\"es\",\"potentialAction\":[{\"@type\":\"ReadAction\",\"target\":[\"https:\/\/centcols.org\/de-briancon-a-lizoard-puis-saint-veran\/\"]}]},{\"@type\":\"ImageObject\",\"inLanguage\":\"es\",\"@id\":\"https:\/\/centcols.org\/de-briancon-a-lizoard-puis-saint-veran\/#primaryimage\",\"url\":\"https:\/\/centcols.org\/wp-content\/uploads\/2025\/02\/Casse-deserte.jpg\",\"contentUrl\":\"https:\/\/centcols.org\/wp-content\/uploads\/2025\/02\/Casse-deserte.jpg\",\"width\":441,\"height\":333},{\"@type\":\"BreadcrumbList\",\"@id\":\"https:\/\/centcols.org\/de-briancon-a-lizoard-puis-saint-veran\/#breadcrumb\",\"itemListElement\":[{\"@type\":\"ListItem\",\"position\":1,\"name\":\"Accueil\",\"item\":\"https:\/\/centcols.org\/\"},{\"@type\":\"ListItem\",\"position\":2,\"name\":\"Gazette\",\"item\":\"https:\/\/centcols.org\/rubrique\/gazette\/\"},{\"@type\":\"ListItem\",\"position\":3,\"name\":\"Voyages\",\"item\":\"https:\/\/centcols.org\/rubrique\/gazette\/voyages\/\"},{\"@type\":\"ListItem\",\"position\":4,\"name\":\"De Brian\u00e7on \u00e0 l&rsquo;Izoard, puis Saint-V\u00e9ran\"}]},{\"@type\":\"WebSite\",\"@id\":\"https:\/\/centcols.org\/#website\",\"url\":\"https:\/\/centcols.org\/\",\"name\":\"Club des Cent Cols\",\"description\":\"\",\"publisher\":{\"@id\":\"https:\/\/centcols.org\/#organization\"},\"potentialAction\":[{\"@type\":\"SearchAction\",\"target\":{\"@type\":\"EntryPoint\",\"urlTemplate\":\"https:\/\/centcols.org\/?s={search_term_string}\"},\"query-input\":{\"@type\":\"PropertyValueSpecification\",\"valueRequired\":true,\"valueName\":\"search_term_string\"}}],\"inLanguage\":\"es\"},{\"@type\":\"Organization\",\"@id\":\"https:\/\/centcols.org\/#organization\",\"name\":\"Club des Cent Cols\",\"url\":\"https:\/\/centcols.org\/\",\"logo\":{\"@type\":\"ImageObject\",\"inLanguage\":\"es\",\"@id\":\"https:\/\/centcols.org\/#\/schema\/logo\/image\/\",\"url\":\"https:\/\/centcols.org\/wp-content\/uploads\/2025\/01\/carte-icone.png\",\"contentUrl\":\"https:\/\/centcols.org\/wp-content\/uploads\/2025\/01\/carte-icone.png\",\"width\":250,\"height\":250,\"caption\":\"Club des Cent Cols\"},\"image\":{\"@id\":\"https:\/\/centcols.org\/#\/schema\/logo\/image\/\"},\"sameAs\":[\"https:\/\/www.facebook.com\/groups\/5261880558\/?locale=fr_FR\"]},{\"@type\":\"Person\",\"@id\":\"https:\/\/centcols.org\/#\/schema\/person\/fcdb31e57ffa95295c9683ffdda82afa\",\"name\":\"fabien\",\"image\":{\"@type\":\"ImageObject\",\"inLanguage\":\"es\",\"@id\":\"https:\/\/centcols.org\/wp-content\/litespeed\/avatar\/9065528d4c1ba02f0faf2b7616b2a195.jpg?ver=1777225983\",\"url\":\"https:\/\/centcols.org\/wp-content\/litespeed\/avatar\/9065528d4c1ba02f0faf2b7616b2a195.jpg?ver=1777225983\",\"contentUrl\":\"https:\/\/centcols.org\/wp-content\/litespeed\/avatar\/9065528d4c1ba02f0faf2b7616b2a195.jpg?ver=1777225983\",\"caption\":\"fabien\"},\"url\":\"https:\/\/centcols.org\/es\/author\/fabien\/\"}]}<\/script>\n<!-- \/ Yoast SEO plugin. -->","yoast_head_json":{"title":"De Brian\u00e7on a Izoard, luego Saint-V\u00e9ran - Club des Cent Cols","robots":{"index":"index","follow":"follow","max-snippet":"max-snippet:-1","max-image-preview":"max-image-preview:large","max-video-preview":"max-video-preview:-1"},"canonical":"https:\/\/centcols.org\/es\/de-briancon-a-lizoard-y-luego-a-saint-veran\/","og_locale":"es_ES","og_type":"article","og_title":"De Brian\u00e7on \u00e0 l'Izoard, puis Saint-V\u00e9ran - Club des Cent Cols","og_description":"Samedi 5 ao\u00fbt, Fin de notre s\u00e9jour au Grand-Bornand. Ce week-end est certainement le pluscharg\u00e9 sur les routes de France. Bison-Fut\u00e9 voit noir et nous, nous voyons la vie en rose, une vraie vie de retrait\u00e9s. Plut\u00f4t que rejoindre Valence, l\u2019A9 et la vall\u00e9e du Rh\u00f4ne, c\u2019est vers les Hautes-Alpes que nous nous dirigeons ce [&hellip;]","og_url":"https:\/\/centcols.org\/es\/de-briancon-a-lizoard-y-luego-a-saint-veran\/","og_site_name":"Club des Cent Cols","article_publisher":"https:\/\/www.facebook.com\/groups\/5261880558\/?locale=fr_FR","article_published_time":"2025-02-05T08:06:51+00:00","article_modified_time":"2025-09-13T05:29:20+00:00","og_image":[{"width":441,"height":333,"url":"https:\/\/centcols.org\/wp-content\/uploads\/2025\/02\/Casse-deserte.jpg","type":"image\/jpeg"}],"author":"fabien","twitter_card":"summary_large_image","twitter_misc":{"Escrito por":"fabien","Tiempo de lectura":"15 minutos"},"schema":{"@context":"https:\/\/schema.org","@graph":[{"@type":"Article","@id":"https:\/\/centcols.org\/de-briancon-a-lizoard-puis-saint-veran\/#article","isPartOf":{"@id":"https:\/\/centcols.org\/de-briancon-a-lizoard-puis-saint-veran\/"},"author":{"name":"fabien","@id":"https:\/\/centcols.org\/#\/schema\/person\/fcdb31e57ffa95295c9683ffdda82afa"},"headline":"De Brian\u00e7on \u00e0 l&rsquo;Izoard, puis Saint-V\u00e9ran","datePublished":"2025-02-05T08:06:51+00:00","dateModified":"2025-09-13T05:29:20+00:00","mainEntityOfPage":{"@id":"https:\/\/centcols.org\/de-briancon-a-lizoard-puis-saint-veran\/"},"wordCount":2635,"commentCount":0,"publisher":{"@id":"https:\/\/centcols.org\/#organization"},"image":{"@id":"https:\/\/centcols.org\/de-briancon-a-lizoard-puis-saint-veran\/#primaryimage"},"thumbnailUrl":"https:\/\/centcols.org\/wp-content\/uploads\/2025\/02\/Casse-deserte.jpg","articleSection":["Voyages","Gazette"],"inLanguage":"es","potentialAction":[{"@type":"CommentAction","name":"Comment","target":["https:\/\/centcols.org\/de-briancon-a-lizoard-puis-saint-veran\/#respond"]}]},{"@type":"WebPage","@id":"https:\/\/centcols.org\/de-briancon-a-lizoard-puis-saint-veran\/","url":"https:\/\/centcols.org\/de-briancon-a-lizoard-puis-saint-veran\/","name":"De Brian\u00e7on a Izoard, luego Saint-V\u00e9ran - Club des Cent Cols","isPartOf":{"@id":"https:\/\/centcols.org\/#website"},"primaryImageOfPage":{"@id":"https:\/\/centcols.org\/de-briancon-a-lizoard-puis-saint-veran\/#primaryimage"},"image":{"@id":"https:\/\/centcols.org\/de-briancon-a-lizoard-puis-saint-veran\/#primaryimage"},"thumbnailUrl":"https:\/\/centcols.org\/wp-content\/uploads\/2025\/02\/Casse-deserte.jpg","datePublished":"2025-02-05T08:06:51+00:00","dateModified":"2025-09-13T05:29:20+00:00","breadcrumb":{"@id":"https:\/\/centcols.org\/de-briancon-a-lizoard-puis-saint-veran\/#breadcrumb"},"inLanguage":"es","potentialAction":[{"@type":"ReadAction","target":["https:\/\/centcols.org\/de-briancon-a-lizoard-puis-saint-veran\/"]}]},{"@type":"ImageObject","inLanguage":"es","@id":"https:\/\/centcols.org\/de-briancon-a-lizoard-puis-saint-veran\/#primaryimage","url":"https:\/\/centcols.org\/wp-content\/uploads\/2025\/02\/Casse-deserte.jpg","contentUrl":"https:\/\/centcols.org\/wp-content\/uploads\/2025\/02\/Casse-deserte.jpg","width":441,"height":333},{"@type":"BreadcrumbList","@id":"https:\/\/centcols.org\/de-briancon-a-lizoard-puis-saint-veran\/#breadcrumb","itemListElement":[{"@type":"ListItem","position":1,"name":"Accueil","item":"https:\/\/centcols.org\/"},{"@type":"ListItem","position":2,"name":"Gazette","item":"https:\/\/centcols.org\/rubrique\/gazette\/"},{"@type":"ListItem","position":3,"name":"Voyages","item":"https:\/\/centcols.org\/rubrique\/gazette\/voyages\/"},{"@type":"ListItem","position":4,"name":"De Brian\u00e7on \u00e0 l&rsquo;Izoard, puis Saint-V\u00e9ran"}]},{"@type":"WebSite","@id":"https:\/\/centcols.org\/#website","url":"https:\/\/centcols.org\/","name":"Club des Cent Cols","description":"","publisher":{"@id":"https:\/\/centcols.org\/#organization"},"potentialAction":[{"@type":"SearchAction","target":{"@type":"EntryPoint","urlTemplate":"https:\/\/centcols.org\/?s={search_term_string}"},"query-input":{"@type":"PropertyValueSpecification","valueRequired":true,"valueName":"search_term_string"}}],"inLanguage":"es"},{"@type":"Organization","@id":"https:\/\/centcols.org\/#organization","name":"Club des Cent Cols","url":"https:\/\/centcols.org\/","logo":{"@type":"ImageObject","inLanguage":"es","@id":"https:\/\/centcols.org\/#\/schema\/logo\/image\/","url":"https:\/\/centcols.org\/wp-content\/uploads\/2025\/01\/carte-icone.png","contentUrl":"https:\/\/centcols.org\/wp-content\/uploads\/2025\/01\/carte-icone.png","width":250,"height":250,"caption":"Club des Cent Cols"},"image":{"@id":"https:\/\/centcols.org\/#\/schema\/logo\/image\/"},"sameAs":["https:\/\/www.facebook.com\/groups\/5261880558\/?locale=fr_FR"]},{"@type":"Person","@id":"https:\/\/centcols.org\/#\/schema\/person\/fcdb31e57ffa95295c9683ffdda82afa","name":"fabien","image":{"@type":"ImageObject","inLanguage":"es","@id":"https:\/\/centcols.org\/wp-content\/litespeed\/avatar\/9065528d4c1ba02f0faf2b7616b2a195.jpg?ver=1777225983","url":"https:\/\/centcols.org\/wp-content\/litespeed\/avatar\/9065528d4c1ba02f0faf2b7616b2a195.jpg?ver=1777225983","contentUrl":"https:\/\/centcols.org\/wp-content\/litespeed\/avatar\/9065528d4c1ba02f0faf2b7616b2a195.jpg?ver=1777225983","caption":"fabien"},"url":"https:\/\/centcols.org\/es\/author\/fabien\/"}]}},"_links":{"self":[{"href":"https:\/\/centcols.org\/es\/wp-json\/wp\/v2\/posts\/79467","targetHints":{"allow":["GET"]}}],"collection":[{"href":"https:\/\/centcols.org\/es\/wp-json\/wp\/v2\/posts"}],"about":[{"href":"https:\/\/centcols.org\/es\/wp-json\/wp\/v2\/types\/post"}],"author":[{"embeddable":true,"href":"https:\/\/centcols.org\/es\/wp-json\/wp\/v2\/users\/2"}],"replies":[{"embeddable":true,"href":"https:\/\/centcols.org\/es\/wp-json\/wp\/v2\/comments?post=79467"}],"version-history":[{"count":0,"href":"https:\/\/centcols.org\/es\/wp-json\/wp\/v2\/posts\/79467\/revisions"}],"wp:featuredmedia":[{"embeddable":true,"href":"https:\/\/centcols.org\/es\/wp-json\/wp\/v2\/media\/79468"}],"wp:attachment":[{"href":"https:\/\/centcols.org\/es\/wp-json\/wp\/v2\/media?parent=79467"}],"wp:term":[{"taxonomy":"category","embeddable":true,"href":"https:\/\/centcols.org\/es\/wp-json\/wp\/v2\/categories?post=79467"},{"taxonomy":"post_tag","embeddable":true,"href":"https:\/\/centcols.org\/es\/wp-json\/wp\/v2\/tags?post=79467"}],"curies":[{"name":"wp","href":"https:\/\/api.w.org\/{rel}","templated":true}]}}