{"id":79479,"date":"2025-02-05T10:06:51","date_gmt":"2025-02-05T08:06:51","guid":{"rendered":"https:\/\/centcols.org\/la-cyclomontagnarde-des-vosges-du-sud-une-premiere\/"},"modified":"2025-06-06T13:22:02","modified_gmt":"2025-06-06T11:22:02","slug":"la-ciclomontagnarde-des-vosges-du-sud","status":"publish","type":"post","link":"https:\/\/centcols.org\/es\/la-cyclomontagnarde-des-vosges-du-sud\/","title":{"rendered":"La ciclomontagnarde des Vosges du sud 5 y 6 de julio de 2025"},"content":{"rendered":"<p class=\"has-medium-font-size\">Para el macizo de los Vosgos, una ciclomonta\u00f1ada no es nada nuevo. All\u00ed se organizan varias desde hace mucho tiempo, en distintos sectores, en la vertiente alsaciana del Haut-Rhinois, en la parte septentrional del Bas-Rhinois e incluso en el coraz\u00f3n del departamento de los Vosgos, desde Saint-Di\u00e9-des-Vosges.&nbsp;<\/p>\n\n\n\n<p class=\"has-medium-font-size\">Situada en el extremo sur del departamento de los Vosgos, la ciudad de <strong>Remiremont<\/strong>, apodado \u00ab&nbsp;<strong>La Belle des Vosges<\/strong>&nbsp;\u00bbEnclavada en lo m\u00e1s profundo de las colinas de los Vosgos, a casi 400 m de altitud. Es la puerta de entrada al <a href=\"https:\/\/fr.wikipedia.org\/wiki\/Parc_naturel_r%C3%A9gional_des_Ballons_des_Vosges\"><strong>Parque Natural Regional de Ballons des Vosges<\/strong><\/a> ,y las altas cumbres cercanas de los Vosgos.<\/p>\n\n\n\n<p class=\"has-medium-font-size\">En el programa figuran una decena de puertos de los Vosgos (FR-88) o del Haut-Sa\u00f4nois (FR-70), as\u00ed como la famosa Planche des Belles Filles, que es opcional.<\/p>\n\n\n\n<p class=\"has-medium-font-size\">El organizador ofrece diversas opciones:<\/p>\n\n\n\n<p><strong>S\u00e1bado 5 y domingo 6 de julio<\/strong>&nbsp;La ciclomontagnarde en 2 d\u00edas (salida y llegada en Remiremont) con o sin subida a la Planche des Belles Filles el segundo d\u00eda. 115 km - 2187 m D+ o 127 km - 2682 m D+.<\/p>\n\n\n\n<p>Domingo 9 de julio: La cyclomontagnarde en 1 d\u00eda, con o sin la Planche des Belles Filles: 218 km - 4183 m D+ o 232 km - 4748m D+.<\/p>\n\n\n\n<p class=\"has-medium-font-size\">Tambi\u00e9n hay varias rutas de \u00abdescubrimiento\u00bb, incluidas algunas de grava.<\/p>\n\n\n\n<p>Entre los miembros del CODEP 88 figuran algunos miembros del Club des Cents Cols (Christophe Badonnel, Fran\u00e7ois Li\u00e9nard, Jean-Philippe Grandadam y Jean-Marie Duluard). Muchos miembros del Club des Cent Cols han respondido a sus invitaciones y ya se han inscrito. El s\u00e1bado por la noche se celebrar\u00e1 una recepci\u00f3n del club en Remiremont.<\/p>\n\n\n\n<p>Adem\u00e1s, Denis Mathieu, Delegado Territorial del Club des Cent Cols para la zona Este, estar\u00e1 presente ambos d\u00edas para presentar a socios, no socios, competidores y visitantes las herramientas que el club pone a disposici\u00f3n de sus socios para que puedan vivir plenamente su pasi\u00f3n por la bicicleta de monta\u00f1a:<\/p>\n\n\n\n<ul class=\"wp-block-list\">\n<li>el cat\u00e1logo mundial de collares,<\/li>\n\n\n\n<li>ccWay, el software que permite seleccionar los puertos de monta\u00f1a de una zona geogr\u00e1fica determinada de todo el mundo,<\/li>\n<\/ul>\n\n\n\n<p class=\"has-medium-font-size\"><a href=\"https:\/\/www.sportsnconnect.com\/calendrier-evenements\/view\/28625\/cyclomontagnarde-des-vosges-du-sud\" target=\"_blank\" rel=\"noreferrer noopener\">Informaci\u00f3n sobre los cursos e inscripci\u00f3n en l\u00ednea <strong>aqu\u00ed <\/strong><\/a><\/p>\n\n\n\n<p><\/p>","protected":false},"excerpt":{"rendered":"<p>Pour le Massif des Vosges, une cyclomontagnarde n\u2019est pas r\u00e9ellement une nouveaut\u00e9. Plusieurs y ont \u00e9t\u00e9 organis\u00e9es depuis longtemps et dans diff\u00e9rents secteurs, sur le versant alsacien haut-rhinois, ou dans la partie nord bas-rhinoise et m\u00eame au c\u0153ur du d\u00e9partement vosgien depuis Saint-Di\u00e9-des-Vosges.&nbsp; Situ\u00e9 aux confins sud du d\u00e9partement des Vosges, la ville de Remiremont, [&hellip;]<\/p>\n","protected":false},"author":2,"featured_media":83897,"comment_status":"open","ping_status":"closed","sticky":false,"template":"","format":"standard","meta":{"_acf_changed":false,"footnotes":""},"categories":[135,423],"tags":[],"class_list":["post-79479","post","type-post","status-publish","format-standard","has-post-thumbnail","hentry","category-calendrier","category-cyclomontagnardes"],"acf":[],"yoast_head":"<!-- This site is optimized with the Yoast SEO plugin v27.2 - https:\/\/yoast.com\/product\/yoast-seo-wordpress\/ -->\n<title>La cyclomontagnarde des Vosges du sud 5 et 6 juillet 2025 - Club des Cent Cols<\/title>\n<meta name=\"robots\" content=\"index, follow, max-snippet:-1, max-image-preview:large, max-video-preview:-1\" \/>\n<link rel=\"canonical\" href=\"https:\/\/centcols.org\/es\/la-ciclomontagnarde-des-vosges-du-sud\/\" \/>\n<meta property=\"og:locale\" content=\"es_ES\" \/>\n<meta property=\"og:type\" content=\"article\" \/>\n<meta property=\"og:title\" content=\"La cyclomontagnarde des Vosges du sud 5 et 6 juillet 2025 - Club des Cent Cols\" \/>\n<meta property=\"og:description\" content=\"Pour le Massif des Vosges, une cyclomontagnarde n\u2019est pas r\u00e9ellement une nouveaut\u00e9. Plusieurs y ont \u00e9t\u00e9 organis\u00e9es depuis longtemps et dans diff\u00e9rents secteurs, sur le versant alsacien haut-rhinois, ou dans la partie nord bas-rhinoise et m\u00eame au c\u0153ur du d\u00e9partement vosgien depuis Saint-Di\u00e9-des-Vosges.&nbsp; Situ\u00e9 aux confins sud du d\u00e9partement des Vosges, la ville de Remiremont, [&hellip;]\" \/>\n<meta property=\"og:url\" content=\"https:\/\/centcols.org\/es\/la-ciclomontagnarde-des-vosges-du-sud\/\" \/>\n<meta property=\"og:site_name\" content=\"Club des Cent Cols\" \/>\n<meta property=\"article:publisher\" content=\"https:\/\/www.facebook.com\/groups\/5261880558\/?locale=fr_FR\" \/>\n<meta property=\"article:published_time\" content=\"2025-02-05T08:06:51+00:00\" \/>\n<meta property=\"article:modified_time\" content=\"2025-06-06T11:22:02+00:00\" \/>\n<meta property=\"og:image\" content=\"https:\/\/centcols.org\/wp-content\/uploads\/2025\/02\/CM_2025_Vosges.jpg\" \/>\n\t<meta property=\"og:image:width\" content=\"1200\" \/>\n\t<meta property=\"og:image:height\" content=\"675\" \/>\n\t<meta property=\"og:image:type\" content=\"image\/jpeg\" \/>\n<meta name=\"author\" content=\"fabien\" \/>\n<meta name=\"twitter:card\" content=\"summary_large_image\" \/>\n<meta name=\"twitter:label1\" content=\"Escrito por\" \/>\n\t<meta name=\"twitter:data1\" content=\"fabien\" \/>\n\t<meta name=\"twitter:label2\" content=\"Tiempo de lectura\" \/>\n\t<meta name=\"twitter:data2\" content=\"2 minutos\" \/>\n<script type=\"application\/ld+json\" class=\"yoast-schema-graph\">{\"@context\":\"https:\/\/schema.org\",\"@graph\":[{\"@type\":\"Article\",\"@id\":\"https:\/\/centcols.org\/la-cyclomontagnarde-des-vosges-du-sud\/#article\",\"isPartOf\":{\"@id\":\"https:\/\/centcols.org\/la-cyclomontagnarde-des-vosges-du-sud\/\"},\"author\":{\"name\":\"fabien\",\"@id\":\"https:\/\/centcols.org\/#\/schema\/person\/fcdb31e57ffa95295c9683ffdda82afa\"},\"headline\":\"La cyclomontagnarde des Vosges du sud 5 et 6 juillet 2025\",\"datePublished\":\"2025-02-05T08:06:51+00:00\",\"dateModified\":\"2025-06-06T11:22:02+00:00\",\"mainEntityOfPage\":{\"@id\":\"https:\/\/centcols.org\/la-cyclomontagnarde-des-vosges-du-sud\/\"},\"wordCount\":385,\"commentCount\":0,\"publisher\":{\"@id\":\"https:\/\/centcols.org\/#organization\"},\"image\":{\"@id\":\"https:\/\/centcols.org\/la-cyclomontagnarde-des-vosges-du-sud\/#primaryimage\"},\"thumbnailUrl\":\"https:\/\/centcols.org\/wp-content\/uploads\/2025\/02\/CM_2025_Vosges.jpg\",\"articleSection\":[\"Calendrier\",\"Cyclomontagnardes\"],\"inLanguage\":\"es\",\"potentialAction\":[{\"@type\":\"CommentAction\",\"name\":\"Comment\",\"target\":[\"https:\/\/centcols.org\/la-cyclomontagnarde-des-vosges-du-sud\/#respond\"]}]},{\"@type\":\"WebPage\",\"@id\":\"https:\/\/centcols.org\/la-cyclomontagnarde-des-vosges-du-sud\/\",\"url\":\"https:\/\/centcols.org\/la-cyclomontagnarde-des-vosges-du-sud\/\",\"name\":\"La cyclomontagnarde des Vosges du sud 5 et 6 juillet 2025 - Club des Cent Cols\",\"isPartOf\":{\"@id\":\"https:\/\/centcols.org\/#website\"},\"primaryImageOfPage\":{\"@id\":\"https:\/\/centcols.org\/la-cyclomontagnarde-des-vosges-du-sud\/#primaryimage\"},\"image\":{\"@id\":\"https:\/\/centcols.org\/la-cyclomontagnarde-des-vosges-du-sud\/#primaryimage\"},\"thumbnailUrl\":\"https:\/\/centcols.org\/wp-content\/uploads\/2025\/02\/CM_2025_Vosges.jpg\",\"datePublished\":\"2025-02-05T08:06:51+00:00\",\"dateModified\":\"2025-06-06T11:22:02+00:00\",\"breadcrumb\":{\"@id\":\"https:\/\/centcols.org\/la-cyclomontagnarde-des-vosges-du-sud\/#breadcrumb\"},\"inLanguage\":\"es\",\"potentialAction\":[{\"@type\":\"ReadAction\",\"target\":[\"https:\/\/centcols.org\/la-cyclomontagnarde-des-vosges-du-sud\/\"]}]},{\"@type\":\"ImageObject\",\"inLanguage\":\"es\",\"@id\":\"https:\/\/centcols.org\/la-cyclomontagnarde-des-vosges-du-sud\/#primaryimage\",\"url\":\"https:\/\/centcols.org\/wp-content\/uploads\/2025\/02\/CM_2025_Vosges.jpg\",\"contentUrl\":\"https:\/\/centcols.org\/wp-content\/uploads\/2025\/02\/CM_2025_Vosges.jpg\",\"width\":1200,\"height\":675},{\"@type\":\"BreadcrumbList\",\"@id\":\"https:\/\/centcols.org\/la-cyclomontagnarde-des-vosges-du-sud\/#breadcrumb\",\"itemListElement\":[{\"@type\":\"ListItem\",\"position\":1,\"name\":\"Accueil\",\"item\":\"https:\/\/centcols.org\/\"},{\"@type\":\"ListItem\",\"position\":2,\"name\":\"Cyclomontagnardes\",\"item\":\"https:\/\/centcols.org\/rubrique\/cyclomontagnardes\/\"},{\"@type\":\"ListItem\",\"position\":3,\"name\":\"La cyclomontagnarde des Vosges du sud 5 et 6 juillet 2025\"}]},{\"@type\":\"WebSite\",\"@id\":\"https:\/\/centcols.org\/#website\",\"url\":\"https:\/\/centcols.org\/\",\"name\":\"Club des Cent Cols\",\"description\":\"\",\"publisher\":{\"@id\":\"https:\/\/centcols.org\/#organization\"},\"potentialAction\":[{\"@type\":\"SearchAction\",\"target\":{\"@type\":\"EntryPoint\",\"urlTemplate\":\"https:\/\/centcols.org\/?s={search_term_string}\"},\"query-input\":{\"@type\":\"PropertyValueSpecification\",\"valueRequired\":true,\"valueName\":\"search_term_string\"}}],\"inLanguage\":\"es\"},{\"@type\":\"Organization\",\"@id\":\"https:\/\/centcols.org\/#organization\",\"name\":\"Club des Cent Cols\",\"url\":\"https:\/\/centcols.org\/\",\"logo\":{\"@type\":\"ImageObject\",\"inLanguage\":\"es\",\"@id\":\"https:\/\/centcols.org\/#\/schema\/logo\/image\/\",\"url\":\"https:\/\/centcols.org\/wp-content\/uploads\/2025\/01\/carte-icone.png\",\"contentUrl\":\"https:\/\/centcols.org\/wp-content\/uploads\/2025\/01\/carte-icone.png\",\"width\":250,\"height\":250,\"caption\":\"Club des Cent Cols\"},\"image\":{\"@id\":\"https:\/\/centcols.org\/#\/schema\/logo\/image\/\"},\"sameAs\":[\"https:\/\/www.facebook.com\/groups\/5261880558\/?locale=fr_FR\"]},{\"@type\":\"Person\",\"@id\":\"https:\/\/centcols.org\/#\/schema\/person\/fcdb31e57ffa95295c9683ffdda82afa\",\"name\":\"fabien\",\"image\":{\"@type\":\"ImageObject\",\"inLanguage\":\"es\",\"@id\":\"https:\/\/centcols.org\/wp-content\/litespeed\/avatar\/9065528d4c1ba02f0faf2b7616b2a195.jpg?ver=1777225983\",\"url\":\"https:\/\/centcols.org\/wp-content\/litespeed\/avatar\/9065528d4c1ba02f0faf2b7616b2a195.jpg?ver=1777225983\",\"contentUrl\":\"https:\/\/centcols.org\/wp-content\/litespeed\/avatar\/9065528d4c1ba02f0faf2b7616b2a195.jpg?ver=1777225983\",\"caption\":\"fabien\"},\"url\":\"https:\/\/centcols.org\/es\/author\/fabien\/\"}]}<\/script>\n<!-- \/ Yoast SEO plugin. -->","yoast_head_json":{"title":"La cyclomontagnarde des Vosges du sud 5 y 6 de julio de 2025 - Club des Cent Cols","robots":{"index":"index","follow":"follow","max-snippet":"max-snippet:-1","max-image-preview":"max-image-preview:large","max-video-preview":"max-video-preview:-1"},"canonical":"https:\/\/centcols.org\/es\/la-ciclomontagnarde-des-vosges-du-sud\/","og_locale":"es_ES","og_type":"article","og_title":"La cyclomontagnarde des Vosges du sud 5 et 6 juillet 2025 - Club des Cent Cols","og_description":"Pour le Massif des Vosges, une cyclomontagnarde n\u2019est pas r\u00e9ellement une nouveaut\u00e9. Plusieurs y ont \u00e9t\u00e9 organis\u00e9es depuis longtemps et dans diff\u00e9rents secteurs, sur le versant alsacien haut-rhinois, ou dans la partie nord bas-rhinoise et m\u00eame au c\u0153ur du d\u00e9partement vosgien depuis Saint-Di\u00e9-des-Vosges.&nbsp; Situ\u00e9 aux confins sud du d\u00e9partement des Vosges, la ville de Remiremont, [&hellip;]","og_url":"https:\/\/centcols.org\/es\/la-ciclomontagnarde-des-vosges-du-sud\/","og_site_name":"Club des Cent Cols","article_publisher":"https:\/\/www.facebook.com\/groups\/5261880558\/?locale=fr_FR","article_published_time":"2025-02-05T08:06:51+00:00","article_modified_time":"2025-06-06T11:22:02+00:00","og_image":[{"width":1200,"height":675,"url":"https:\/\/centcols.org\/wp-content\/uploads\/2025\/02\/CM_2025_Vosges.jpg","type":"image\/jpeg"}],"author":"fabien","twitter_card":"summary_large_image","twitter_misc":{"Escrito por":"fabien","Tiempo de lectura":"2 minutos"},"schema":{"@context":"https:\/\/schema.org","@graph":[{"@type":"Article","@id":"https:\/\/centcols.org\/la-cyclomontagnarde-des-vosges-du-sud\/#article","isPartOf":{"@id":"https:\/\/centcols.org\/la-cyclomontagnarde-des-vosges-du-sud\/"},"author":{"name":"fabien","@id":"https:\/\/centcols.org\/#\/schema\/person\/fcdb31e57ffa95295c9683ffdda82afa"},"headline":"La cyclomontagnarde des Vosges du sud 5 et 6 juillet 2025","datePublished":"2025-02-05T08:06:51+00:00","dateModified":"2025-06-06T11:22:02+00:00","mainEntityOfPage":{"@id":"https:\/\/centcols.org\/la-cyclomontagnarde-des-vosges-du-sud\/"},"wordCount":385,"commentCount":0,"publisher":{"@id":"https:\/\/centcols.org\/#organization"},"image":{"@id":"https:\/\/centcols.org\/la-cyclomontagnarde-des-vosges-du-sud\/#primaryimage"},"thumbnailUrl":"https:\/\/centcols.org\/wp-content\/uploads\/2025\/02\/CM_2025_Vosges.jpg","articleSection":["Calendrier","Cyclomontagnardes"],"inLanguage":"es","potentialAction":[{"@type":"CommentAction","name":"Comment","target":["https:\/\/centcols.org\/la-cyclomontagnarde-des-vosges-du-sud\/#respond"]}]},{"@type":"WebPage","@id":"https:\/\/centcols.org\/la-cyclomontagnarde-des-vosges-du-sud\/","url":"https:\/\/centcols.org\/la-cyclomontagnarde-des-vosges-du-sud\/","name":"La cyclomontagnarde des Vosges du sud 5 y 6 de julio de 2025 - Club des Cent Cols","isPartOf":{"@id":"https:\/\/centcols.org\/#website"},"primaryImageOfPage":{"@id":"https:\/\/centcols.org\/la-cyclomontagnarde-des-vosges-du-sud\/#primaryimage"},"image":{"@id":"https:\/\/centcols.org\/la-cyclomontagnarde-des-vosges-du-sud\/#primaryimage"},"thumbnailUrl":"https:\/\/centcols.org\/wp-content\/uploads\/2025\/02\/CM_2025_Vosges.jpg","datePublished":"2025-02-05T08:06:51+00:00","dateModified":"2025-06-06T11:22:02+00:00","breadcrumb":{"@id":"https:\/\/centcols.org\/la-cyclomontagnarde-des-vosges-du-sud\/#breadcrumb"},"inLanguage":"es","potentialAction":[{"@type":"ReadAction","target":["https:\/\/centcols.org\/la-cyclomontagnarde-des-vosges-du-sud\/"]}]},{"@type":"ImageObject","inLanguage":"es","@id":"https:\/\/centcols.org\/la-cyclomontagnarde-des-vosges-du-sud\/#primaryimage","url":"https:\/\/centcols.org\/wp-content\/uploads\/2025\/02\/CM_2025_Vosges.jpg","contentUrl":"https:\/\/centcols.org\/wp-content\/uploads\/2025\/02\/CM_2025_Vosges.jpg","width":1200,"height":675},{"@type":"BreadcrumbList","@id":"https:\/\/centcols.org\/la-cyclomontagnarde-des-vosges-du-sud\/#breadcrumb","itemListElement":[{"@type":"ListItem","position":1,"name":"Accueil","item":"https:\/\/centcols.org\/"},{"@type":"ListItem","position":2,"name":"Cyclomontagnardes","item":"https:\/\/centcols.org\/rubrique\/cyclomontagnardes\/"},{"@type":"ListItem","position":3,"name":"La cyclomontagnarde des Vosges du sud 5 et 6 juillet 2025"}]},{"@type":"WebSite","@id":"https:\/\/centcols.org\/#website","url":"https:\/\/centcols.org\/","name":"Club des Cent Cols","description":"","publisher":{"@id":"https:\/\/centcols.org\/#organization"},"potentialAction":[{"@type":"SearchAction","target":{"@type":"EntryPoint","urlTemplate":"https:\/\/centcols.org\/?s={search_term_string}"},"query-input":{"@type":"PropertyValueSpecification","valueRequired":true,"valueName":"search_term_string"}}],"inLanguage":"es"},{"@type":"Organization","@id":"https:\/\/centcols.org\/#organization","name":"Club des Cent Cols","url":"https:\/\/centcols.org\/","logo":{"@type":"ImageObject","inLanguage":"es","@id":"https:\/\/centcols.org\/#\/schema\/logo\/image\/","url":"https:\/\/centcols.org\/wp-content\/uploads\/2025\/01\/carte-icone.png","contentUrl":"https:\/\/centcols.org\/wp-content\/uploads\/2025\/01\/carte-icone.png","width":250,"height":250,"caption":"Club des Cent Cols"},"image":{"@id":"https:\/\/centcols.org\/#\/schema\/logo\/image\/"},"sameAs":["https:\/\/www.facebook.com\/groups\/5261880558\/?locale=fr_FR"]},{"@type":"Person","@id":"https:\/\/centcols.org\/#\/schema\/person\/fcdb31e57ffa95295c9683ffdda82afa","name":"fabien","image":{"@type":"ImageObject","inLanguage":"es","@id":"https:\/\/centcols.org\/wp-content\/litespeed\/avatar\/9065528d4c1ba02f0faf2b7616b2a195.jpg?ver=1777225983","url":"https:\/\/centcols.org\/wp-content\/litespeed\/avatar\/9065528d4c1ba02f0faf2b7616b2a195.jpg?ver=1777225983","contentUrl":"https:\/\/centcols.org\/wp-content\/litespeed\/avatar\/9065528d4c1ba02f0faf2b7616b2a195.jpg?ver=1777225983","caption":"fabien"},"url":"https:\/\/centcols.org\/es\/author\/fabien\/"}]}},"_links":{"self":[{"href":"https:\/\/centcols.org\/es\/wp-json\/wp\/v2\/posts\/79479","targetHints":{"allow":["GET"]}}],"collection":[{"href":"https:\/\/centcols.org\/es\/wp-json\/wp\/v2\/posts"}],"about":[{"href":"https:\/\/centcols.org\/es\/wp-json\/wp\/v2\/types\/post"}],"author":[{"embeddable":true,"href":"https:\/\/centcols.org\/es\/wp-json\/wp\/v2\/users\/2"}],"replies":[{"embeddable":true,"href":"https:\/\/centcols.org\/es\/wp-json\/wp\/v2\/comments?post=79479"}],"version-history":[{"count":0,"href":"https:\/\/centcols.org\/es\/wp-json\/wp\/v2\/posts\/79479\/revisions"}],"wp:featuredmedia":[{"embeddable":true,"href":"https:\/\/centcols.org\/es\/wp-json\/wp\/v2\/media\/83897"}],"wp:attachment":[{"href":"https:\/\/centcols.org\/es\/wp-json\/wp\/v2\/media?parent=79479"}],"wp:term":[{"taxonomy":"category","embeddable":true,"href":"https:\/\/centcols.org\/es\/wp-json\/wp\/v2\/categories?post=79479"},{"taxonomy":"post_tag","embeddable":true,"href":"https:\/\/centcols.org\/es\/wp-json\/wp\/v2\/tags?post=79479"}],"curies":[{"name":"wp","href":"https:\/\/api.w.org\/{rel}","templated":true}]}}