{"id":79498,"date":"2025-02-05T10:07:17","date_gmt":"2025-02-05T08:07:17","guid":{"rendered":"https:\/\/centcols.org\/convention-club-ami-avec-lamicale-des-cyclos-cardiaques\/"},"modified":"2025-08-27T17:18:45","modified_gmt":"2025-08-27T15:18:45","slug":"acuerdo-del-club-ami-con-lamicale-des-cyclos-cardiaques","status":"publish","type":"post","link":"https:\/\/centcols.org\/es\/convention-club-ami-avec-lamicale-des-cyclos-cardiaques\/","title":{"rendered":"Acuerdo \u00abClub ami\u00bb con la Amicale des Cyclos Cardiaques"},"content":{"rendered":"<p class=\"has-medium-font-size\">A petici\u00f3n original de Andr\u00e9 Liotier, miembro del Club des Cent Cols y de la Amicale des cyclos cardiaques, Bernard Giraudeau propuso a los miembros del Consejo de Administraci\u00f3n del club la siguiente firma <strong>un <\/strong><strong>\u00ab\u00a0<\/strong><strong>CLUB AMI<\/strong><strong>\u00ab\u00a0<\/strong><strong> de la Amicale des cyclos cardiaques.<\/strong><\/p>\n\n\n\n<p class=\"has-medium-font-size\">El Presidente de la ACC, Jo\u00ebl Grandjean, recibi\u00f3 el acuerdo, que se firm\u00f3 el 18 de febrero. El acuerdo se publicar\u00e1 oficialmente en el bolet\u00edn \u00abC\u0153ur et V\u00e9lo\u00bb, n\u00famero 155, en junio de 2023.<\/p>\n\n\n\n<p class=\"has-medium-font-size\">Nos han dado un anticipo de la publicaci\u00f3n:<\/p>\n\n\n\n<figure class=\"wp-block-image size-large is-resized\"><img decoding=\"async\" src=\"https:\/\/centcols.org\/wp-content\/uploads\/2025\/08\/Image1.png\" alt=\"\" style=\"width:785px;height:214px\"\/><\/figure>\n\n\n\n<p class=\"has-medium-font-size\">\u00bfPor qu\u00e9 firm\u00f3 un acuerdo con la ACC?<\/p>\n\n\n\n<p class=\"has-medium-font-size\">Cuando hablamos de \u00abfuerza muscular\u00bb como ciclistas, pensamos inmediatamente en la acci\u00f3n de los m\u00fasculos de las pantorrillas (err\u00f3neamente) y de los muslos y gl\u00fateos (correctamente), pero nunca en la del m\u00fasculo card\u00edaco. Y sin embargo, la actividad de este m\u00fasculo es fenomenal e indispensable, pero sigue siendo el blanco de muchas patolog\u00edas invalidantes.<\/p>\n\n\n\n<p class=\"has-medium-font-size\">Encontrarse en el suelo tras una colisi\u00f3n o un error de pilotaje dejar\u00e1 la mayor\u00eda de las veces a los ciclistas con algunas secuelas temporales de tipo moral, f\u00edsico y est\u00e9tico. Esto puede verse en <a href=\"https:\/\/centcols.org\/wp-content\/uploads\/2025\/08\/Accidentologie-74-1.pdf\" target=\"_blank\" rel=\"noreferrer noopener\">Accidentes en Alta Saboya<\/a>, que recibimos de Codep74.<\/p>\n\n\n\n<p class=\"has-medium-font-size\">Al igual que una ca\u00edda de la bicicleta o de la bicicleta de monta\u00f1a, la insuficiencia cardiaca o un accidente cardiaco a menudo no pueden prevenirse. Pero en el caso de las cardiopat\u00edas, las secuelas no son transitorias: una vez declarada, la enfermedad requiere una atenci\u00f3n constante y se convierte en una presencia a menudo preocupante.<\/p>\n\n\n\n<p class=\"has-medium-font-size\">La ACC es muy consciente de ello y ofrece su ayuda y experiencia a los miembros del club \u00abamigo\u00bb:<\/p>\n\n\n\n<p class=\"has-medium-font-size\">A petici\u00f3n del Presidente del Club Ami, la Amicale des Cyclos Cardiaques puede ponerse en contacto con un socio del Club des Cent Cols que haya sufrido un problema card\u00edaco, para ayudarle a recuperar la confianza demostr\u00e1ndole los beneficios del ciclismo para la salud cardiovascular.&nbsp;&nbsp;&nbsp;&nbsp;&nbsp;&nbsp;&nbsp;<\/p>\n\n\n\n<p class=\"has-medium-font-size\">La ACC tambi\u00e9n publica un bolet\u00edn trimestral repleto de documentaci\u00f3n m\u00e9dica y experiencias personales.<\/p>\n\n\n\n<p class=\"has-medium-font-size\">Cada trimestre, le invitamos a leer el bolet\u00edn \u00abC\u0153ur et v\u00e9lo\u00bb.<\/p>","protected":false},"excerpt":{"rendered":"<p>Sur la demande originelle d\u2019Andr\u00e9 Liotier, membre du Club des Cent Cols et de l\u2019Amicale des cyclos cardiaques, Bernard Giraudeau a propos\u00e9 aux membres du CA du club la signature d\u2019une convention de \u00ab\u00a0CLUB AMI\u00ab\u00a0 de l\u2019Amicale des cyclos cardiaques. Le pr\u00e9sident de l\u2019ACC, Jo\u00ebl Grandjean a re\u00e7u cette convention sign\u00e9e le 18 f\u00e9vrier dernier. [&hellip;]<\/p>\n","protected":false},"author":2,"featured_media":79499,"comment_status":"closed","ping_status":"closed","sticky":false,"template":"","format":"standard","meta":{"_acf_changed":false,"footnotes":""},"categories":[422],"tags":[],"class_list":["post-79498","post","type-post","status-publish","format-standard","has-post-thumbnail","hentry","category-partenaires"],"acf":[],"yoast_head":"<!-- This site is optimized with the Yoast SEO plugin v27.2 - https:\/\/yoast.com\/product\/yoast-seo-wordpress\/ -->\n<title>Convention &quot;Club ami&quot; avec l\u2019Amicale des Cyclos Cardiaques - Club des Cent Cols<\/title>\n<meta name=\"robots\" content=\"index, follow, max-snippet:-1, max-image-preview:large, max-video-preview:-1\" \/>\n<link rel=\"canonical\" href=\"https:\/\/centcols.org\/es\/acuerdo-del-club-ami-con-lamicale-des-cyclos-cardiaques\/\" \/>\n<meta property=\"og:locale\" content=\"es_ES\" \/>\n<meta property=\"og:type\" content=\"article\" \/>\n<meta property=\"og:title\" content=\"Convention &quot;Club ami&quot; avec l\u2019Amicale des Cyclos Cardiaques - Club des Cent Cols\" \/>\n<meta property=\"og:description\" content=\"Sur la demande originelle d\u2019Andr\u00e9 Liotier, membre du Club des Cent Cols et de l\u2019Amicale des cyclos cardiaques, Bernard Giraudeau a propos\u00e9 aux membres du CA du club la signature d\u2019une convention de \u00ab\u00a0CLUB AMI\u00ab\u00a0 de l\u2019Amicale des cyclos cardiaques. Le pr\u00e9sident de l\u2019ACC, Jo\u00ebl Grandjean a re\u00e7u cette convention sign\u00e9e le 18 f\u00e9vrier dernier. [&hellip;]\" \/>\n<meta property=\"og:url\" content=\"https:\/\/centcols.org\/es\/acuerdo-del-club-ami-con-lamicale-des-cyclos-cardiaques\/\" \/>\n<meta property=\"og:site_name\" content=\"Club des Cent Cols\" \/>\n<meta property=\"article:publisher\" content=\"https:\/\/www.facebook.com\/groups\/5261880558\/?locale=fr_FR\" \/>\n<meta property=\"article:published_time\" content=\"2025-02-05T08:07:17+00:00\" \/>\n<meta property=\"article:modified_time\" content=\"2025-08-27T15:18:45+00:00\" \/>\n<meta property=\"og:image\" content=\"https:\/\/centcols.org\/wp-content\/uploads\/2025\/02\/Image1-2.png\" \/>\n\t<meta property=\"og:image:width\" content=\"605\" \/>\n\t<meta property=\"og:image:height\" content=\"165\" \/>\n\t<meta property=\"og:image:type\" content=\"image\/png\" \/>\n<meta name=\"author\" content=\"fabien\" \/>\n<meta name=\"twitter:card\" content=\"summary_large_image\" \/>\n<meta name=\"twitter:label1\" content=\"Escrito por\" \/>\n\t<meta name=\"twitter:data1\" content=\"fabien\" \/>\n\t<meta name=\"twitter:label2\" content=\"Tiempo de lectura\" \/>\n\t<meta name=\"twitter:data2\" content=\"3 minutos\" \/>\n<script type=\"application\/ld+json\" class=\"yoast-schema-graph\">{\"@context\":\"https:\/\/schema.org\",\"@graph\":[{\"@type\":\"Article\",\"@id\":\"https:\/\/centcols.org\/convention-club-ami-avec-lamicale-des-cyclos-cardiaques\/#article\",\"isPartOf\":{\"@id\":\"https:\/\/centcols.org\/convention-club-ami-avec-lamicale-des-cyclos-cardiaques\/\"},\"author\":{\"name\":\"fabien\",\"@id\":\"https:\/\/centcols.org\/#\/schema\/person\/fcdb31e57ffa95295c9683ffdda82afa\"},\"headline\":\"Convention \u00ab\u00a0Club ami\u00a0\u00bb avec l\u2019Amicale des Cyclos Cardiaques\",\"datePublished\":\"2025-02-05T08:07:17+00:00\",\"dateModified\":\"2025-08-27T15:18:45+00:00\",\"mainEntityOfPage\":{\"@id\":\"https:\/\/centcols.org\/convention-club-ami-avec-lamicale-des-cyclos-cardiaques\/\"},\"wordCount\":382,\"publisher\":{\"@id\":\"https:\/\/centcols.org\/#organization\"},\"image\":{\"@id\":\"https:\/\/centcols.org\/convention-club-ami-avec-lamicale-des-cyclos-cardiaques\/#primaryimage\"},\"thumbnailUrl\":\"https:\/\/centcols.org\/wp-content\/uploads\/2025\/02\/Image1-2.png\",\"articleSection\":[\"Partenaires\"],\"inLanguage\":\"es\"},{\"@type\":\"WebPage\",\"@id\":\"https:\/\/centcols.org\/convention-club-ami-avec-lamicale-des-cyclos-cardiaques\/\",\"url\":\"https:\/\/centcols.org\/convention-club-ami-avec-lamicale-des-cyclos-cardiaques\/\",\"name\":\"Convention \\\"Club ami\\\" avec l\u2019Amicale des Cyclos Cardiaques - Club des Cent Cols\",\"isPartOf\":{\"@id\":\"https:\/\/centcols.org\/#website\"},\"primaryImageOfPage\":{\"@id\":\"https:\/\/centcols.org\/convention-club-ami-avec-lamicale-des-cyclos-cardiaques\/#primaryimage\"},\"image\":{\"@id\":\"https:\/\/centcols.org\/convention-club-ami-avec-lamicale-des-cyclos-cardiaques\/#primaryimage\"},\"thumbnailUrl\":\"https:\/\/centcols.org\/wp-content\/uploads\/2025\/02\/Image1-2.png\",\"datePublished\":\"2025-02-05T08:07:17+00:00\",\"dateModified\":\"2025-08-27T15:18:45+00:00\",\"breadcrumb\":{\"@id\":\"https:\/\/centcols.org\/convention-club-ami-avec-lamicale-des-cyclos-cardiaques\/#breadcrumb\"},\"inLanguage\":\"es\",\"potentialAction\":[{\"@type\":\"ReadAction\",\"target\":[\"https:\/\/centcols.org\/convention-club-ami-avec-lamicale-des-cyclos-cardiaques\/\"]}]},{\"@type\":\"ImageObject\",\"inLanguage\":\"es\",\"@id\":\"https:\/\/centcols.org\/convention-club-ami-avec-lamicale-des-cyclos-cardiaques\/#primaryimage\",\"url\":\"https:\/\/centcols.org\/wp-content\/uploads\/2025\/02\/Image1-2.png\",\"contentUrl\":\"https:\/\/centcols.org\/wp-content\/uploads\/2025\/02\/Image1-2.png\",\"width\":605,\"height\":165},{\"@type\":\"BreadcrumbList\",\"@id\":\"https:\/\/centcols.org\/convention-club-ami-avec-lamicale-des-cyclos-cardiaques\/#breadcrumb\",\"itemListElement\":[{\"@type\":\"ListItem\",\"position\":1,\"name\":\"Accueil\",\"item\":\"https:\/\/centcols.org\/\"},{\"@type\":\"ListItem\",\"position\":2,\"name\":\"Partenaires\",\"item\":\"https:\/\/centcols.org\/rubrique\/partenaires\/\"},{\"@type\":\"ListItem\",\"position\":3,\"name\":\"Convention \u00ab\u00a0Club ami\u00a0\u00bb avec l\u2019Amicale des Cyclos Cardiaques\"}]},{\"@type\":\"WebSite\",\"@id\":\"https:\/\/centcols.org\/#website\",\"url\":\"https:\/\/centcols.org\/\",\"name\":\"Club des Cent Cols\",\"description\":\"\",\"publisher\":{\"@id\":\"https:\/\/centcols.org\/#organization\"},\"potentialAction\":[{\"@type\":\"SearchAction\",\"target\":{\"@type\":\"EntryPoint\",\"urlTemplate\":\"https:\/\/centcols.org\/?s={search_term_string}\"},\"query-input\":{\"@type\":\"PropertyValueSpecification\",\"valueRequired\":true,\"valueName\":\"search_term_string\"}}],\"inLanguage\":\"es\"},{\"@type\":\"Organization\",\"@id\":\"https:\/\/centcols.org\/#organization\",\"name\":\"Club des Cent Cols\",\"url\":\"https:\/\/centcols.org\/\",\"logo\":{\"@type\":\"ImageObject\",\"inLanguage\":\"es\",\"@id\":\"https:\/\/centcols.org\/#\/schema\/logo\/image\/\",\"url\":\"https:\/\/centcols.org\/wp-content\/uploads\/2025\/01\/carte-icone.png\",\"contentUrl\":\"https:\/\/centcols.org\/wp-content\/uploads\/2025\/01\/carte-icone.png\",\"width\":250,\"height\":250,\"caption\":\"Club des Cent Cols\"},\"image\":{\"@id\":\"https:\/\/centcols.org\/#\/schema\/logo\/image\/\"},\"sameAs\":[\"https:\/\/www.facebook.com\/groups\/5261880558\/?locale=fr_FR\"]},{\"@type\":\"Person\",\"@id\":\"https:\/\/centcols.org\/#\/schema\/person\/fcdb31e57ffa95295c9683ffdda82afa\",\"name\":\"fabien\",\"image\":{\"@type\":\"ImageObject\",\"inLanguage\":\"es\",\"@id\":\"https:\/\/centcols.org\/wp-content\/litespeed\/avatar\/9065528d4c1ba02f0faf2b7616b2a195.jpg?ver=1777225983\",\"url\":\"https:\/\/centcols.org\/wp-content\/litespeed\/avatar\/9065528d4c1ba02f0faf2b7616b2a195.jpg?ver=1777225983\",\"contentUrl\":\"https:\/\/centcols.org\/wp-content\/litespeed\/avatar\/9065528d4c1ba02f0faf2b7616b2a195.jpg?ver=1777225983\",\"caption\":\"fabien\"},\"url\":\"https:\/\/centcols.org\/es\/author\/fabien\/\"}]}<\/script>\n<!-- \/ Yoast SEO plugin. -->","yoast_head_json":{"title":"Acuerdo \"Club ami\" con la Amicale des Cyclos Cardiaques - Club des Cent Cols","robots":{"index":"index","follow":"follow","max-snippet":"max-snippet:-1","max-image-preview":"max-image-preview:large","max-video-preview":"max-video-preview:-1"},"canonical":"https:\/\/centcols.org\/es\/acuerdo-del-club-ami-con-lamicale-des-cyclos-cardiaques\/","og_locale":"es_ES","og_type":"article","og_title":"Convention \"Club ami\" avec l\u2019Amicale des Cyclos Cardiaques - Club des Cent Cols","og_description":"Sur la demande originelle d\u2019Andr\u00e9 Liotier, membre du Club des Cent Cols et de l\u2019Amicale des cyclos cardiaques, Bernard Giraudeau a propos\u00e9 aux membres du CA du club la signature d\u2019une convention de \u00ab\u00a0CLUB AMI\u00ab\u00a0 de l\u2019Amicale des cyclos cardiaques. Le pr\u00e9sident de l\u2019ACC, Jo\u00ebl Grandjean a re\u00e7u cette convention sign\u00e9e le 18 f\u00e9vrier dernier. [&hellip;]","og_url":"https:\/\/centcols.org\/es\/acuerdo-del-club-ami-con-lamicale-des-cyclos-cardiaques\/","og_site_name":"Club des Cent Cols","article_publisher":"https:\/\/www.facebook.com\/groups\/5261880558\/?locale=fr_FR","article_published_time":"2025-02-05T08:07:17+00:00","article_modified_time":"2025-08-27T15:18:45+00:00","og_image":[{"width":605,"height":165,"url":"https:\/\/centcols.org\/wp-content\/uploads\/2025\/02\/Image1-2.png","type":"image\/png"}],"author":"fabien","twitter_card":"summary_large_image","twitter_misc":{"Escrito por":"fabien","Tiempo de lectura":"3 minutos"},"schema":{"@context":"https:\/\/schema.org","@graph":[{"@type":"Article","@id":"https:\/\/centcols.org\/convention-club-ami-avec-lamicale-des-cyclos-cardiaques\/#article","isPartOf":{"@id":"https:\/\/centcols.org\/convention-club-ami-avec-lamicale-des-cyclos-cardiaques\/"},"author":{"name":"fabien","@id":"https:\/\/centcols.org\/#\/schema\/person\/fcdb31e57ffa95295c9683ffdda82afa"},"headline":"Convention \u00ab\u00a0Club ami\u00a0\u00bb avec l\u2019Amicale des Cyclos Cardiaques","datePublished":"2025-02-05T08:07:17+00:00","dateModified":"2025-08-27T15:18:45+00:00","mainEntityOfPage":{"@id":"https:\/\/centcols.org\/convention-club-ami-avec-lamicale-des-cyclos-cardiaques\/"},"wordCount":382,"publisher":{"@id":"https:\/\/centcols.org\/#organization"},"image":{"@id":"https:\/\/centcols.org\/convention-club-ami-avec-lamicale-des-cyclos-cardiaques\/#primaryimage"},"thumbnailUrl":"https:\/\/centcols.org\/wp-content\/uploads\/2025\/02\/Image1-2.png","articleSection":["Partenaires"],"inLanguage":"es"},{"@type":"WebPage","@id":"https:\/\/centcols.org\/convention-club-ami-avec-lamicale-des-cyclos-cardiaques\/","url":"https:\/\/centcols.org\/convention-club-ami-avec-lamicale-des-cyclos-cardiaques\/","name":"Acuerdo \"Club ami\" con la Amicale des Cyclos Cardiaques - Club des Cent Cols","isPartOf":{"@id":"https:\/\/centcols.org\/#website"},"primaryImageOfPage":{"@id":"https:\/\/centcols.org\/convention-club-ami-avec-lamicale-des-cyclos-cardiaques\/#primaryimage"},"image":{"@id":"https:\/\/centcols.org\/convention-club-ami-avec-lamicale-des-cyclos-cardiaques\/#primaryimage"},"thumbnailUrl":"https:\/\/centcols.org\/wp-content\/uploads\/2025\/02\/Image1-2.png","datePublished":"2025-02-05T08:07:17+00:00","dateModified":"2025-08-27T15:18:45+00:00","breadcrumb":{"@id":"https:\/\/centcols.org\/convention-club-ami-avec-lamicale-des-cyclos-cardiaques\/#breadcrumb"},"inLanguage":"es","potentialAction":[{"@type":"ReadAction","target":["https:\/\/centcols.org\/convention-club-ami-avec-lamicale-des-cyclos-cardiaques\/"]}]},{"@type":"ImageObject","inLanguage":"es","@id":"https:\/\/centcols.org\/convention-club-ami-avec-lamicale-des-cyclos-cardiaques\/#primaryimage","url":"https:\/\/centcols.org\/wp-content\/uploads\/2025\/02\/Image1-2.png","contentUrl":"https:\/\/centcols.org\/wp-content\/uploads\/2025\/02\/Image1-2.png","width":605,"height":165},{"@type":"BreadcrumbList","@id":"https:\/\/centcols.org\/convention-club-ami-avec-lamicale-des-cyclos-cardiaques\/#breadcrumb","itemListElement":[{"@type":"ListItem","position":1,"name":"Accueil","item":"https:\/\/centcols.org\/"},{"@type":"ListItem","position":2,"name":"Partenaires","item":"https:\/\/centcols.org\/rubrique\/partenaires\/"},{"@type":"ListItem","position":3,"name":"Convention \u00ab\u00a0Club ami\u00a0\u00bb avec l\u2019Amicale des Cyclos Cardiaques"}]},{"@type":"WebSite","@id":"https:\/\/centcols.org\/#website","url":"https:\/\/centcols.org\/","name":"Club des Cent Cols","description":"","publisher":{"@id":"https:\/\/centcols.org\/#organization"},"potentialAction":[{"@type":"SearchAction","target":{"@type":"EntryPoint","urlTemplate":"https:\/\/centcols.org\/?s={search_term_string}"},"query-input":{"@type":"PropertyValueSpecification","valueRequired":true,"valueName":"search_term_string"}}],"inLanguage":"es"},{"@type":"Organization","@id":"https:\/\/centcols.org\/#organization","name":"Club des Cent Cols","url":"https:\/\/centcols.org\/","logo":{"@type":"ImageObject","inLanguage":"es","@id":"https:\/\/centcols.org\/#\/schema\/logo\/image\/","url":"https:\/\/centcols.org\/wp-content\/uploads\/2025\/01\/carte-icone.png","contentUrl":"https:\/\/centcols.org\/wp-content\/uploads\/2025\/01\/carte-icone.png","width":250,"height":250,"caption":"Club des Cent Cols"},"image":{"@id":"https:\/\/centcols.org\/#\/schema\/logo\/image\/"},"sameAs":["https:\/\/www.facebook.com\/groups\/5261880558\/?locale=fr_FR"]},{"@type":"Person","@id":"https:\/\/centcols.org\/#\/schema\/person\/fcdb31e57ffa95295c9683ffdda82afa","name":"fabien","image":{"@type":"ImageObject","inLanguage":"es","@id":"https:\/\/centcols.org\/wp-content\/litespeed\/avatar\/9065528d4c1ba02f0faf2b7616b2a195.jpg?ver=1777225983","url":"https:\/\/centcols.org\/wp-content\/litespeed\/avatar\/9065528d4c1ba02f0faf2b7616b2a195.jpg?ver=1777225983","contentUrl":"https:\/\/centcols.org\/wp-content\/litespeed\/avatar\/9065528d4c1ba02f0faf2b7616b2a195.jpg?ver=1777225983","caption":"fabien"},"url":"https:\/\/centcols.org\/es\/author\/fabien\/"}]}},"_links":{"self":[{"href":"https:\/\/centcols.org\/es\/wp-json\/wp\/v2\/posts\/79498","targetHints":{"allow":["GET"]}}],"collection":[{"href":"https:\/\/centcols.org\/es\/wp-json\/wp\/v2\/posts"}],"about":[{"href":"https:\/\/centcols.org\/es\/wp-json\/wp\/v2\/types\/post"}],"author":[{"embeddable":true,"href":"https:\/\/centcols.org\/es\/wp-json\/wp\/v2\/users\/2"}],"replies":[{"embeddable":true,"href":"https:\/\/centcols.org\/es\/wp-json\/wp\/v2\/comments?post=79498"}],"version-history":[{"count":0,"href":"https:\/\/centcols.org\/es\/wp-json\/wp\/v2\/posts\/79498\/revisions"}],"wp:featuredmedia":[{"embeddable":true,"href":"https:\/\/centcols.org\/es\/wp-json\/wp\/v2\/media\/79499"}],"wp:attachment":[{"href":"https:\/\/centcols.org\/es\/wp-json\/wp\/v2\/media?parent=79498"}],"wp:term":[{"taxonomy":"category","embeddable":true,"href":"https:\/\/centcols.org\/es\/wp-json\/wp\/v2\/categories?post=79498"},{"taxonomy":"post_tag","embeddable":true,"href":"https:\/\/centcols.org\/es\/wp-json\/wp\/v2\/tags?post=79498"}],"curies":[{"name":"wp","href":"https:\/\/api.w.org\/{rel}","templated":true}]}}