{"id":79571,"date":"2022-12-21T09:39:26","date_gmt":"2022-12-21T07:39:26","guid":{"rendered":"https:\/\/centcols.org\/michel-minard\/"},"modified":"2025-05-13T13:59:24","modified_gmt":"2025-05-13T11:59:24","slug":"michel-minard","status":"publish","type":"post","link":"https:\/\/centcols.org\/es\/michel-minard\/","title":{"rendered":"Michel Minard"},"content":{"rendered":"<p id=\"block-b1046b76-0cd5-4d51-a3d9-d92b537dcfbd\">Antes de conocer a Michel (N\u00b01361), sol\u00edamos rodar con su hijo Philippe en los a\u00f1os noventa. Philippe tambi\u00e9n era miembro activo de Cent Cols en aquella \u00e9poca.<\/p>\n\n\n\n<p id=\"block-9f1afa02-14e2-458c-bd6d-0d1e1d8aaa27\">La primera vez que vimos a Michel fue durante nuestra estancia en Gilette en abril de 2015. Tras haber escalado algo m\u00e1s de 1300 cols en aquel momento, nos dijo que su objetivo era llegar a los 1500. Nos pareci\u00f3 un objetivo muy ambicioso, dado el imponente f\u00edsico y la edad de Michel.<\/p>\n\n\n\n<p id=\"block-4e0b2f08-12ee-4675-bd9b-7dde50c05090\">Pero eso sin contar con su obstinaci\u00f3n y perseverancia, porque iba a ir mucho m\u00e1s all\u00e1 de este objetivo. \u00c9l encarnaba <em>la fuerza silenciosa<\/em>, Volvimos a encontrarnos con \u00e9l en cada uno de nuestros viajes con la CCC. Se neg\u00f3 rotundamente a pasarse a la VAE, y no paraba de decirnos: \u00abEsta es la \u00faltima vez que participo...\u00bb.\u00bb<\/p>\n\n\n\n<p id=\"block-777925d0-2b48-4740-9350-2fbd50742ff3\">La p\u00e9rdida de su esposa Colette en 2008 le afect\u00f3 mucho, y a menudo hablaba de su recuerdo.<\/p>\n\n\n\n<p id=\"block-5f9eaa21-2959-468a-ac31-b31d3e812061\">A sus 85 a\u00f1os, se ha ido en silencio, como siempre, y no veremos llegar a nuestras pr\u00f3ximas reuniones la peque\u00f1a furgoneta camper que era su \u00fanico veh\u00edculo.<\/p>\n\n\n\n<h4 class=\"wp-block-heading has-vivid-cyan-blue-color has-text-color has-medium-font-size\">Claude y Michel RABUTEAU<\/h4>\n\n\n\n<hr class=\"wp-block-separator has-alpha-channel-opacity\" id=\"block-1ea2c44e-7c28-43bf-b7d1-97344c6277a9\"\/>\n\n\n\n<p id=\"block-69210167-fc25-414a-b492-941afe0fb013\">Michel era un hombre entra\u00f1able, sobre todo por las pegas que ten\u00eda durante sus estancias, de las que mencionar\u00e9 2.<\/p>\n\n\n\n<p id=\"block-2527cb47-1f9f-4135-b452-cf8a11a3ba40\">En 2014, durante su estancia en Bussang, fue a ver c\u00f3mo el Tour sub\u00eda el Col des Croix. Un polic\u00eda le prohibi\u00f3 volver a cruzar para recoger el picnic que hab\u00eda dejado en la bicicleta al otro lado de la carretera, lo que le dej\u00f3 hambriento.<\/p>\n\n\n\n<p id=\"block-bb6df826-7445-4b9d-80f9-a933bdf2d745\">En Gilette, Guy Moreau y Laurent Cornet le hab\u00edan preparado una ruta m\u00e1s corta y le hab\u00edan llevado al punto de partida del circuito con instrucciones de reunirse en el mismo lugar. A su regreso, Michel no aparec\u00eda por ninguna parte y, tras una larga espera, decidieron volver al centro, pensando que hab\u00eda regresado por su propio pie.<\/p>\n\n\n\n<p id=\"block-15bd0152-dbca-4e9b-89d4-d0911c91c900\">A la hora de la cena, Michel segu\u00eda sin aparecer. Llamadas a la polic\u00eda, a su hermana... pero qu\u00e9 alivio cuando le vimos llegar al centro.<\/p>\n\n\n\n<p id=\"block-b57c75b8-eb1d-4c99-ac98-34856ac477d7\">Michel estaba siempre un poco perdido, pero era muy simp\u00e1tico.<\/p>\n\n\n\n<h4 class=\"wp-block-heading has-vivid-cyan-blue-color has-text-color has-medium-font-size\">Alain Brault<\/h4>\n\n\n\n<hr class=\"wp-block-separator has-alpha-channel-opacity\" id=\"block-d309d582-4a22-480b-b13d-c6e314ee2c5b\"\/>\n\n\n\n<p id=\"block-ea6e9b43-d884-4b42-8b06-cfc16c80f60d\">Alain, te olvidas de mencionar que en Gillette fue la pizzera la que le devolvi\u00f3 al centro, \u00a1qu\u00e9 suerte!<\/p>\n\n\n\n<h4 class=\"wp-block-heading has-vivid-cyan-blue-color has-text-color has-medium-font-size\">Guy Harl\u00e9<\/h4>\n\n\n\n<hr class=\"wp-block-separator has-alpha-channel-opacity\" id=\"block-a19bdfb8-b4f7-4f17-a4b9-351e33a5653a\"\/>\n\n\n\n<p id=\"block-82002d06-7773-42a6-b21d-149739d3db32\">Michel nunca dejaba indiferente a nadie. Sent\u00edamos una simpat\u00eda natural por \u00e9l porque a menudo no se ajustaba a nuestros horarios cuando est\u00e1bamos fuera. Sus rutas eran a menudo improvisadas. En Lozari, en 2013, tuvo un percance: sali\u00f3 con su bicicleta a sacar dinero de un cajero. Cuando regres\u00f3 a su autocaravana, hab\u00eda perdido su cartera y toda su documentaci\u00f3n... as\u00ed como el dinero que acababa de sacar. Todos los dem\u00e1s miembros contribuyeron a asegurar su regreso a Francia continental. La p\u00e9rdida de su mujer le hab\u00eda afectado mucho. Era un buen amigo.<\/p>\n\n\n\n<h4 class=\"wp-block-heading has-vivid-cyan-blue-color has-text-color has-medium-font-size\">Max Tissot<\/h4>\n\n\n\n<hr class=\"wp-block-separator has-alpha-channel-opacity\" id=\"block-3401b557-b182-4541-8ed6-11135a0f538b\"\/>\n\n\n\n<p id=\"block-cd2f0cbf-2d58-4beb-8789-a235448ec1c0\">Michel Minard es mi infancia y mis a\u00f1os escolares,<br>Todas las ma\u00f1anas, cuando iba al colegio, le ve\u00eda en Dijon, en bicicleta, en el bulevar Kennedy, camino del trabajo...<br>Luego, cuando me dediqu\u00e9 al cicloturismo, \u00e9l estaba en el club TCF de Dijon.<br>Luego, cuando nos conocimos en un mitin... yo era el hijo FEE.<br>Mucha pena y emoci\u00f3n...<\/p>\n\n\n\n<h4 class=\"wp-block-heading has-vivid-cyan-blue-color has-text-color has-medium-font-size\">Philippe Fee<\/h4>\n\n\n\n<hr class=\"wp-block-separator has-alpha-channel-opacity\" id=\"block-4f6256f3-0dd1-44d4-aa84-a6d0a1c5b654\"\/>\n\n\n\n<p id=\"block-0e4d49c1-a5d3-4292-b337-25788703a5dd\">Como todos ustedes, he conocido a Michel en varios viajes y he medido su fuerza de voluntad sobre la bicicleta o junto a ella. Apreci\u00e9 su zenitud en Ghysonnaccia, donde compartimos bungalow.<\/p>\n\n\n\n<h4 class=\"wp-block-heading has-vivid-cyan-blue-color has-text-color has-medium-font-size\">Guy Chaurin<\/h4>\n\n\n\n<hr class=\"wp-block-separator has-alpha-channel-opacity\" id=\"block-4eb02aa6-84d6-43de-872a-af0ebf98fdbf\"\/>\n\n\n\n<p id=\"block-61b9b76a-d519-47af-9748-29e682689082\">Todav\u00eda puedo verle buscando los pasos con un mapa Michelin de 200.000, \u00a1perseverando hasta el final!<br>Demasiado para llegar tarde a cenar ...<\/p>\n\n\n\n<h4 class=\"wp-block-heading has-vivid-cyan-blue-color has-text-color has-medium-font-size\">Bernard Chinal<\/h4>\n\n\n\n<hr class=\"wp-block-separator has-alpha-channel-opacity\" id=\"block-24330a19-19ed-467c-b2b8-558d7d65b14e\"\/>\n\n\n\n<p id=\"block-073b2542-8065-47b0-aaa4-26169821dd6b\">Me encant\u00f3 hablar con \u00e9l. Volv\u00ed a hacerlo en la AGM. Cuando gozas de buena salud y sigues despierto, piensas que vivir\u00e1s para siempre, que todo seguir\u00e1. Al ver que tu familia y tus amigos te dejan, te das cuenta de que est\u00e1s de paso.<\/p>\n\n\n\n<h4 class=\"wp-block-heading has-vivid-cyan-blue-color has-text-color has-medium-font-size\">Alain Schoebel<\/h4>\n\n\n\n<hr class=\"wp-block-separator has-alpha-channel-opacity\" id=\"block-35c4a003-4a3f-4d49-bf70-cc564ff57aa1\"\/>\n\n\n\n<p id=\"block-95409a9e-9fe9-493c-b8ca-6fc5ebae9cc3\">Un pensamiento para su familia. Maurice y yo a veces \u00edbamos de excursi\u00f3n con \u00e9l. Siento mucho que se haya ido, era un hombre tan agradable.<\/p>\n\n\n\n<h4 class=\"wp-block-heading has-vivid-cyan-blue-color has-text-color has-medium-font-size\">Marie-Th\u00e9r\u00e8se Frumy<\/h4>","protected":false},"excerpt":{"rendered":"<p>Avant de conna\u00eetre Michel (N\u00b01361), nous avions souvent roul\u00e9 en compagnie de son fils Philippe dans les ann\u00e9es 90. Ce dernier \u00e9tait \u00e9galement \u00e0 l\u2019\u00e9poque un membre actif aux Cent Cols. La premi\u00e8re rencontre avec Michel se fit au cours du s\u00e9jour de Gilette en avril 2015. Comptant \u00e0 peine plus de 1300 cols \u00e0 [&hellip;]<\/p>\n","protected":false},"author":58,"featured_media":0,"comment_status":"open","ping_status":"open","sticky":false,"template":"","format":"standard","meta":{"_acf_changed":false,"footnotes":""},"categories":[130,129],"tags":[],"class_list":["post-79571","post","type-post","status-publish","format-standard","hentry","category-carnet-noir","category-gazette"],"acf":[],"yoast_head":"<!-- This site is optimized with the Yoast SEO plugin v27.2 - https:\/\/yoast.com\/product\/yoast-seo-wordpress\/ -->\n<title>Michel Minard - Club des Cent Cols<\/title>\n<meta name=\"robots\" content=\"index, follow, max-snippet:-1, max-image-preview:large, max-video-preview:-1\" \/>\n<link rel=\"canonical\" href=\"https:\/\/centcols.org\/es\/michel-minard\/\" \/>\n<meta property=\"og:locale\" content=\"es_ES\" \/>\n<meta property=\"og:type\" content=\"article\" \/>\n<meta property=\"og:title\" content=\"Michel Minard - Club des Cent Cols\" \/>\n<meta property=\"og:description\" content=\"Avant de conna\u00eetre Michel (N\u00b01361), nous avions souvent roul\u00e9 en compagnie de son fils Philippe dans les ann\u00e9es 90. Ce dernier \u00e9tait \u00e9galement \u00e0 l\u2019\u00e9poque un membre actif aux Cent Cols. La premi\u00e8re rencontre avec Michel se fit au cours du s\u00e9jour de Gilette en avril 2015. Comptant \u00e0 peine plus de 1300 cols \u00e0 [&hellip;]\" \/>\n<meta property=\"og:url\" content=\"https:\/\/centcols.org\/es\/michel-minard\/\" \/>\n<meta property=\"og:site_name\" content=\"Club des Cent Cols\" \/>\n<meta property=\"article:publisher\" content=\"https:\/\/www.facebook.com\/groups\/5261880558\/?locale=fr_FR\" \/>\n<meta property=\"article:published_time\" content=\"2022-12-21T07:39:26+00:00\" \/>\n<meta property=\"article:modified_time\" content=\"2025-05-13T11:59:24+00:00\" \/>\n<meta name=\"author\" content=\"Enrico Alberini\" \/>\n<meta name=\"twitter:card\" content=\"summary_large_image\" \/>\n<meta name=\"twitter:label1\" content=\"Escrito por\" \/>\n\t<meta name=\"twitter:data1\" content=\"Enrico Alberini\" \/>\n\t<meta name=\"twitter:label2\" content=\"Tiempo de lectura\" \/>\n\t<meta name=\"twitter:data2\" content=\"4 minutos\" \/>\n<script type=\"application\/ld+json\" class=\"yoast-schema-graph\">{\"@context\":\"https:\/\/schema.org\",\"@graph\":[{\"@type\":\"Article\",\"@id\":\"https:\/\/centcols.org\/michel-minard\/#article\",\"isPartOf\":{\"@id\":\"https:\/\/centcols.org\/michel-minard\/\"},\"author\":{\"name\":\"Enrico Alberini\",\"@id\":\"https:\/\/centcols.org\/#\/schema\/person\/86c3ec6889d88501a29fccac614bebf8\"},\"headline\":\"Michel Minard\",\"datePublished\":\"2022-12-21T07:39:26+00:00\",\"dateModified\":\"2025-05-13T11:59:24+00:00\",\"mainEntityOfPage\":{\"@id\":\"https:\/\/centcols.org\/michel-minard\/\"},\"wordCount\":761,\"commentCount\":0,\"publisher\":{\"@id\":\"https:\/\/centcols.org\/#organization\"},\"articleSection\":[\"Carnet noir\",\"Gazette\"],\"inLanguage\":\"es\",\"potentialAction\":[{\"@type\":\"CommentAction\",\"name\":\"Comment\",\"target\":[\"https:\/\/centcols.org\/michel-minard\/#respond\"]}]},{\"@type\":\"WebPage\",\"@id\":\"https:\/\/centcols.org\/michel-minard\/\",\"url\":\"https:\/\/centcols.org\/michel-minard\/\",\"name\":\"Michel Minard - Club des Cent Cols\",\"isPartOf\":{\"@id\":\"https:\/\/centcols.org\/#website\"},\"datePublished\":\"2022-12-21T07:39:26+00:00\",\"dateModified\":\"2025-05-13T11:59:24+00:00\",\"breadcrumb\":{\"@id\":\"https:\/\/centcols.org\/michel-minard\/#breadcrumb\"},\"inLanguage\":\"es\",\"potentialAction\":[{\"@type\":\"ReadAction\",\"target\":[\"https:\/\/centcols.org\/michel-minard\/\"]}]},{\"@type\":\"BreadcrumbList\",\"@id\":\"https:\/\/centcols.org\/michel-minard\/#breadcrumb\",\"itemListElement\":[{\"@type\":\"ListItem\",\"position\":1,\"name\":\"Accueil\",\"item\":\"https:\/\/centcols.org\/\"},{\"@type\":\"ListItem\",\"position\":2,\"name\":\"Gazette\",\"item\":\"https:\/\/centcols.org\/rubrique\/gazette\/\"},{\"@type\":\"ListItem\",\"position\":3,\"name\":\"Michel Minard\"}]},{\"@type\":\"WebSite\",\"@id\":\"https:\/\/centcols.org\/#website\",\"url\":\"https:\/\/centcols.org\/\",\"name\":\"Club des Cent Cols\",\"description\":\"\",\"publisher\":{\"@id\":\"https:\/\/centcols.org\/#organization\"},\"potentialAction\":[{\"@type\":\"SearchAction\",\"target\":{\"@type\":\"EntryPoint\",\"urlTemplate\":\"https:\/\/centcols.org\/?s={search_term_string}\"},\"query-input\":{\"@type\":\"PropertyValueSpecification\",\"valueRequired\":true,\"valueName\":\"search_term_string\"}}],\"inLanguage\":\"es\"},{\"@type\":\"Organization\",\"@id\":\"https:\/\/centcols.org\/#organization\",\"name\":\"Club des Cent Cols\",\"url\":\"https:\/\/centcols.org\/\",\"logo\":{\"@type\":\"ImageObject\",\"inLanguage\":\"es\",\"@id\":\"https:\/\/centcols.org\/#\/schema\/logo\/image\/\",\"url\":\"https:\/\/centcols.org\/wp-content\/uploads\/2025\/01\/carte-icone.png\",\"contentUrl\":\"https:\/\/centcols.org\/wp-content\/uploads\/2025\/01\/carte-icone.png\",\"width\":250,\"height\":250,\"caption\":\"Club des Cent Cols\"},\"image\":{\"@id\":\"https:\/\/centcols.org\/#\/schema\/logo\/image\/\"},\"sameAs\":[\"https:\/\/www.facebook.com\/groups\/5261880558\/?locale=fr_FR\"]},{\"@type\":\"Person\",\"@id\":\"https:\/\/centcols.org\/#\/schema\/person\/86c3ec6889d88501a29fccac614bebf8\",\"name\":\"Enrico Alberini\",\"image\":{\"@type\":\"ImageObject\",\"inLanguage\":\"es\",\"@id\":\"https:\/\/centcols.org\/wp-content\/litespeed\/avatar\/1b26e36a18d85acc8b0f860f9628213f.jpg?ver=1777240766\",\"url\":\"https:\/\/centcols.org\/wp-content\/litespeed\/avatar\/1b26e36a18d85acc8b0f860f9628213f.jpg?ver=1777240766\",\"contentUrl\":\"https:\/\/centcols.org\/wp-content\/litespeed\/avatar\/1b26e36a18d85acc8b0f860f9628213f.jpg?ver=1777240766\",\"caption\":\"Enrico Alberini\"},\"url\":\"https:\/\/centcols.org\/es\/author\/5065\/\"}]}<\/script>\n<!-- \/ Yoast SEO plugin. -->","yoast_head_json":{"title":"Michel Minard - Club des Cent Cols","robots":{"index":"index","follow":"follow","max-snippet":"max-snippet:-1","max-image-preview":"max-image-preview:large","max-video-preview":"max-video-preview:-1"},"canonical":"https:\/\/centcols.org\/es\/michel-minard\/","og_locale":"es_ES","og_type":"article","og_title":"Michel Minard - Club des Cent Cols","og_description":"Avant de conna\u00eetre Michel (N\u00b01361), nous avions souvent roul\u00e9 en compagnie de son fils Philippe dans les ann\u00e9es 90. Ce dernier \u00e9tait \u00e9galement \u00e0 l\u2019\u00e9poque un membre actif aux Cent Cols. La premi\u00e8re rencontre avec Michel se fit au cours du s\u00e9jour de Gilette en avril 2015. Comptant \u00e0 peine plus de 1300 cols \u00e0 [&hellip;]","og_url":"https:\/\/centcols.org\/es\/michel-minard\/","og_site_name":"Club des Cent Cols","article_publisher":"https:\/\/www.facebook.com\/groups\/5261880558\/?locale=fr_FR","article_published_time":"2022-12-21T07:39:26+00:00","article_modified_time":"2025-05-13T11:59:24+00:00","author":"Enrico Alberini","twitter_card":"summary_large_image","twitter_misc":{"Escrito por":"Enrico Alberini","Tiempo de lectura":"4 minutos"},"schema":{"@context":"https:\/\/schema.org","@graph":[{"@type":"Article","@id":"https:\/\/centcols.org\/michel-minard\/#article","isPartOf":{"@id":"https:\/\/centcols.org\/michel-minard\/"},"author":{"name":"Enrico Alberini","@id":"https:\/\/centcols.org\/#\/schema\/person\/86c3ec6889d88501a29fccac614bebf8"},"headline":"Michel Minard","datePublished":"2022-12-21T07:39:26+00:00","dateModified":"2025-05-13T11:59:24+00:00","mainEntityOfPage":{"@id":"https:\/\/centcols.org\/michel-minard\/"},"wordCount":761,"commentCount":0,"publisher":{"@id":"https:\/\/centcols.org\/#organization"},"articleSection":["Carnet noir","Gazette"],"inLanguage":"es","potentialAction":[{"@type":"CommentAction","name":"Comment","target":["https:\/\/centcols.org\/michel-minard\/#respond"]}]},{"@type":"WebPage","@id":"https:\/\/centcols.org\/michel-minard\/","url":"https:\/\/centcols.org\/michel-minard\/","name":"Michel Minard - Club des Cent Cols","isPartOf":{"@id":"https:\/\/centcols.org\/#website"},"datePublished":"2022-12-21T07:39:26+00:00","dateModified":"2025-05-13T11:59:24+00:00","breadcrumb":{"@id":"https:\/\/centcols.org\/michel-minard\/#breadcrumb"},"inLanguage":"es","potentialAction":[{"@type":"ReadAction","target":["https:\/\/centcols.org\/michel-minard\/"]}]},{"@type":"BreadcrumbList","@id":"https:\/\/centcols.org\/michel-minard\/#breadcrumb","itemListElement":[{"@type":"ListItem","position":1,"name":"Accueil","item":"https:\/\/centcols.org\/"},{"@type":"ListItem","position":2,"name":"Gazette","item":"https:\/\/centcols.org\/rubrique\/gazette\/"},{"@type":"ListItem","position":3,"name":"Michel Minard"}]},{"@type":"WebSite","@id":"https:\/\/centcols.org\/#website","url":"https:\/\/centcols.org\/","name":"Club des Cent Cols","description":"","publisher":{"@id":"https:\/\/centcols.org\/#organization"},"potentialAction":[{"@type":"SearchAction","target":{"@type":"EntryPoint","urlTemplate":"https:\/\/centcols.org\/?s={search_term_string}"},"query-input":{"@type":"PropertyValueSpecification","valueRequired":true,"valueName":"search_term_string"}}],"inLanguage":"es"},{"@type":"Organization","@id":"https:\/\/centcols.org\/#organization","name":"Club des Cent Cols","url":"https:\/\/centcols.org\/","logo":{"@type":"ImageObject","inLanguage":"es","@id":"https:\/\/centcols.org\/#\/schema\/logo\/image\/","url":"https:\/\/centcols.org\/wp-content\/uploads\/2025\/01\/carte-icone.png","contentUrl":"https:\/\/centcols.org\/wp-content\/uploads\/2025\/01\/carte-icone.png","width":250,"height":250,"caption":"Club des Cent Cols"},"image":{"@id":"https:\/\/centcols.org\/#\/schema\/logo\/image\/"},"sameAs":["https:\/\/www.facebook.com\/groups\/5261880558\/?locale=fr_FR"]},{"@type":"Person","@id":"https:\/\/centcols.org\/#\/schema\/person\/86c3ec6889d88501a29fccac614bebf8","name":"Enrico Alberini","image":{"@type":"ImageObject","inLanguage":"es","@id":"https:\/\/centcols.org\/wp-content\/litespeed\/avatar\/1b26e36a18d85acc8b0f860f9628213f.jpg?ver=1777240766","url":"https:\/\/centcols.org\/wp-content\/litespeed\/avatar\/1b26e36a18d85acc8b0f860f9628213f.jpg?ver=1777240766","contentUrl":"https:\/\/centcols.org\/wp-content\/litespeed\/avatar\/1b26e36a18d85acc8b0f860f9628213f.jpg?ver=1777240766","caption":"Enrico Alberini"},"url":"https:\/\/centcols.org\/es\/author\/5065\/"}]}},"_links":{"self":[{"href":"https:\/\/centcols.org\/es\/wp-json\/wp\/v2\/posts\/79571","targetHints":{"allow":["GET"]}}],"collection":[{"href":"https:\/\/centcols.org\/es\/wp-json\/wp\/v2\/posts"}],"about":[{"href":"https:\/\/centcols.org\/es\/wp-json\/wp\/v2\/types\/post"}],"author":[{"embeddable":true,"href":"https:\/\/centcols.org\/es\/wp-json\/wp\/v2\/users\/58"}],"replies":[{"embeddable":true,"href":"https:\/\/centcols.org\/es\/wp-json\/wp\/v2\/comments?post=79571"}],"version-history":[{"count":0,"href":"https:\/\/centcols.org\/es\/wp-json\/wp\/v2\/posts\/79571\/revisions"}],"wp:attachment":[{"href":"https:\/\/centcols.org\/es\/wp-json\/wp\/v2\/media?parent=79571"}],"wp:term":[{"taxonomy":"category","embeddable":true,"href":"https:\/\/centcols.org\/es\/wp-json\/wp\/v2\/categories?post=79571"},{"taxonomy":"post_tag","embeddable":true,"href":"https:\/\/centcols.org\/es\/wp-json\/wp\/v2\/tags?post=79571"}],"curies":[{"name":"wp","href":"https:\/\/api.w.org\/{rel}","templated":true}]}}