{"id":79574,"date":"2023-01-15T10:57:26","date_gmt":"2023-01-15T08:57:26","guid":{"rendered":"https:\/\/centcols.org\/paul-fabre\/"},"modified":"2025-09-13T08:43:50","modified_gmt":"2025-09-13T06:43:50","slug":"paul-fabre","status":"publish","type":"post","link":"https:\/\/centcols.org\/es\/paul-fabre\/","title":{"rendered":"Paul Fabre"},"content":{"rendered":"<figure class=\"wp-block-image size-full is-resized\"><img loading=\"lazy\" decoding=\"async\" width=\"1276\" height=\"1588\" src=\"https:\/\/centcols.org\/wp-content\/uploads\/2023\/01\/Paul_Fabre01.jpg\" alt=\"\" class=\"wp-image-87974\" style=\"width:auto;height:600px\" srcset=\"https:\/\/centcols.org\/wp-content\/uploads\/2023\/01\/Paul_Fabre01.jpg 1276w, https:\/\/centcols.org\/wp-content\/uploads\/2023\/01\/Paul_Fabre01-964x1200.jpg 964w, https:\/\/centcols.org\/wp-content\/uploads\/2023\/01\/Paul_Fabre01-768x956.jpg 768w, https:\/\/centcols.org\/wp-content\/uploads\/2023\/01\/Paul_Fabre01-1234x1536.jpg 1234w\" sizes=\"auto, (max-width: 1276px) 100vw, 1276px\" \/><\/figure>\n\n\n\n<p>Paul Fabre (1935-2023), Cent Cols n\u00ba 1733 desde 1982<br>Eddius no era un escalador implacable: hab\u00eda bloqueado su contador hace unos veinte a\u00f1os. Pero sab\u00eda contar la historia de un viaje como nadie, y el veterano cicloturista escond\u00eda a un eminente profesor universitario y autor de obras sobre ling\u00fc\u00edstica.<\/p>\n\n\n\n<h2 class=\"wp-block-heading\">Autor de altura<\/h2>\n\n\n\n<p>&nbsp;Recuerdo aquel d\u00eda de septiembre de 2000, cuando encabezaba un pelot\u00f3n de un centenar de ciclistas llegados a Beaune desde toda Francia para la reuni\u00f3n de los miembros de la Amicale des Diagonalistes, que usted presid\u00eda. A rueda de sus dos secretarios, le rodeaban sus m\u00e1s \u00edntimos compa\u00f1eros ciclistas, ennoblecidos por Messire Eddius. Capt\u00e9 algunos retazos de tus chistes y sent\u00ed una verdadera frustraci\u00f3n por no formar parte de ese primer c\u00edrculo... (y te cito) \u00abde adultos serios que juegan a estos juegos infantiles a la edad de los azotes\u00bb. No tuve ninguna oportunidad de formar parte de ese primer c\u00edrculo porque, al vivir a 400 kil\u00f3metros de Al\u00e8s, me resultaba imposible unirme a Albert, \u00c9mile, Guy y todos los dem\u00e1s que compartieron su ruta, durante horas y d\u00edas enteros, por Francia o por la Diagonal, de Par\u00eds a Brest o de Hendaya a Compostela.<br>No pod\u00eda imaginar entonces que, cuando en marzo de 2015 te ped\u00ed que escribieras el pr\u00f3logo de la biograf\u00eda de Patrick Plaine que acababa de escribir, ambos emprender\u00edamos una larga aventura, en la que nuestros ordenadores sustituir\u00edan a nuestros excursionistas y nuestros teclados a sus pedales. Son exactamente 42 las ediciones que hice para ti, 35 de las cuales est\u00e1n a la venta al p\u00fablico, las otras 7 son libros que elegiste distribuir \u00fanicamente a tus amigos y familiares. Pasamos muchas largas horas juntos, t\u00fa dise\u00f1ando los itinerarios, yo allan\u00e1ndote el camino, intentando reparar la p\u00e9rdida de memoria de tu viejo ordenador, remando tus p\u00e1ginas en occitano, pero felices y c\u00f3mplices como todos los caballeros de tu ost.<\/p>\n\n\n\n<figure class=\"wp-block-image size-full\"><img loading=\"lazy\" decoding=\"async\" width=\"1200\" height=\"807\" src=\"https:\/\/centcols.org\/wp-content\/uploads\/2023\/01\/Paul_Fabre_1200-1.jpg\" alt=\"\" class=\"wp-image-87975\" style=\"object-fit:cover\" srcset=\"https:\/\/centcols.org\/wp-content\/uploads\/2023\/01\/Paul_Fabre_1200-1.jpg 1200w, https:\/\/centcols.org\/wp-content\/uploads\/2023\/01\/Paul_Fabre_1200-1-768x516.jpg 768w\" sizes=\"auto, (max-width: 1200px) 100vw, 1200px\" \/><\/figure>\n\n\n\n<p>Gracias, Paul, por haberme introducido en el mundo de los trovadores y en esa noble palabra paratge, que en mi ignorancia quer\u00eda absolutamente deletrear partage. Gracias por introducirme en el mundo po\u00e9tico de tu querido Paul Val\u00e9ry, ense\u00f1\u00e1ndome a escuchar la m\u00fasica de sus versos en lugar de intentar darles sentido. Gracias por ense\u00f1arme la sabia filosof\u00eda de Montaigne. Gracias por tomarte tanto tiempo para escribirme m\u00e1s de mil correos electr\u00f3nicos, en los que a menudo brome\u00e1bamos como ni\u00f1os...<\/p>\n\n\n\n<p><br>&nbsp;&nbsp; &nbsp;&nbsp; Gracias de nuevo por invitarme a compartir contigo una \u00faltima Diagonal, pidi\u00e9ndome que te enviara 80 instant\u00e1neas de la trayectoria de mi vida, que me devolviste con 8 versos de 8 pies cada uno, poemas personalizados que me conmovieron profundamente. Los convertimos en un libro, cuyo t\u00edtulo elegiste: JUNTOS.<br>&nbsp;&nbsp; &nbsp;&nbsp; S\u00e9, Paul, que has partido para reunirte con tu querida Fran\u00e7oise, y que no olvidaste llevarte tu sexta bicicleta, la preciosa Follis que ella te regal\u00f3 por tu setenta cumplea\u00f1os. Y tambi\u00e9n s\u00e9 que estar\u00e1s \u00abtirando largas rectas en tu marcha m\u00e1s grande\u00bb con Pierre, Raymond, Micheline, \u00c9mile, Patrick, y todos los que rodaron a tu lado y que nos han dejado, en tu rueda. Y a\u00fan s\u00e9 que sabr\u00e1s encontrar las palabras ingeniosas que cortar\u00e1n su impulso a cien metros de la cima de un puerto, sin duda tan prestigioso como un Portet d'Aspet o un Cabar\u00e9tou. Habiendo sido el Pr\u00edncipe del Portet, Messire Eddius ser\u00e1 tambi\u00e9n el Pr\u00edncipe del Para\u00edso.<br>Adi\u00f3s Paul, que \u00d4 mais grande para sempre, adi\u00f3s Maestro y gracias. Muchas gracias.<\/p>\n\n\n\n<h4 class=\"wp-block-heading\">Gilbert Jaccon, Cent Cols n\u00b0 3497, Beaune<\/h4>\n\n\n\n<hr class=\"wp-block-separator has-css-opacity\"\/>\n\n\n\n<figure class=\"wp-block-image size-full\"><img loading=\"lazy\" decoding=\"async\" width=\"1831\" height=\"1508\" src=\"https:\/\/centcols.org\/wp-content\/uploads\/2023\/01\/Paul_Fabre.jpg\" alt=\"\" class=\"wp-image-85754\" style=\"object-fit:cover\" srcset=\"https:\/\/centcols.org\/wp-content\/uploads\/2023\/01\/Paul_Fabre.jpg 1831w, https:\/\/centcols.org\/wp-content\/uploads\/2023\/01\/Paul_Fabre-1200x988.jpg 1200w, https:\/\/centcols.org\/wp-content\/uploads\/2023\/01\/Paul_Fabre-768x633.jpg 768w, https:\/\/centcols.org\/wp-content\/uploads\/2023\/01\/Paul_Fabre-1536x1265.jpg 1536w\" sizes=\"auto, (max-width: 1831px) 100vw, 1831px\" \/><\/figure>\n\n\n\n<p>Mis mejores recuerdos del ciclismo con Paul Fabre, alias Eddius, incluyen la concentraci\u00f3n Cent-Cols del 25 aniversario en Mas de la Barque el 17 de agosto de 1997, y en particular la subida de Concoules a Genolhac que la precedi\u00f3. Fue una subida larga y accidentada por el bosque, durante la cual Eddius, en su bicicleta y nosotros en nuestro t\u00e1ndem, nos dio una conferencia sobre los or\u00edgenes de los nombres de puertos regionales como Canteperdrix, Lancise, Banl\u00e8ve y Malpertus.<\/p>\n\n\n\n<p>Henri Bosc y algunos otros se unieron, y mientras pedale\u00e1bamos hasta la se\u00f1al del Col du Pr\u00e9 de la Dame (FR-30-1474), retuvimos a Henri por el portaequipajes trasero, permitiendo a Eddius cruzar el puerto en cabeza, \u00a1manteniendo as\u00ed alto su puesto de presidente de la Amicale des Diagonalistes!<\/p>\n\n\n\n<p>Henri, por supuesto, hab\u00eda fingido ofenderse por la victoria robada a su colega, alimentando as\u00ed la leyenda de sus rivalidades oratorias, en las que tambi\u00e9n estaban implicados sus amigos del Macizo Central, Jean Fournol y Jean Barri\u00e9, que tambi\u00e9n se encontraban en Concoules ese fin de semana, y a los que se pod\u00eda encontrar en sus relatos bajo seud\u00f3nimos aristocr\u00e1ticos o medievales...<\/p>\n\n\n\n<p>Paul Fabre supo poner su erudici\u00f3n a nuestro alcance, cf. su \u00abQue sais-je\u00bb sobre los nombres personales en Francia, y entre todos sus escritos, recordamos especialmente su brillante elogio de todo lo peque\u00f1o, aparecido cuando se hizo cargo de Le Petit Diagonaliste, en el n\u00famero 25 de noviembre de 1994. He perdido (\u00bftemporalmente?) este n\u00famero, que Jean-Philippe Battu puso en l\u00ednea hace unos a\u00f1os. Si alguien lo tiene, se lo escanear\u00e9 con mucho gusto.<\/p>\n\n\n\n<p>No olvidaremos a Eddius en un santiam\u00e9n, y me gustar\u00eda aprovechar esta oportunidad para felicitar a quienes mantienen nuestra fraternidad viva y coleando, como puede verse en los numerosos mensajes publicados en A\u00f1o Nuevo, que son s\u00f3lo la punta del iceberg.<\/p>\n\n\n\n<h4 class=\"wp-block-heading kt-adv-heading_67ddc2-6f wp-block-kadence-advancedheading has-vivid-cyan-blue-color has-text-color\">Marc Liaudon<\/h4>\n\n\n\n<p>Ayer conoc\u00ed la triste noticia del fallecimiento de Paul Fabre. Conocido en el seno de la FFCT, gran cicloturista pero sobre todo gran escritor, nos ha legado una obra considerable...<br>No s\u00e9 si era miembro del club des cent cols?<br>Eddius, como a sus muchos amigos les gustaba llamarle, falleci\u00f3 ayer 12 de enero.<br>Actualmente estoy leyendo uno de sus \u00faltimos libros: \u00abUne ivresse continue ou saga d'un Cycliste ordinaire\u00bb, que ahora tendr\u00e1 un sabor diferente...<\/p>\n\n\n\n<h4 class=\"wp-block-heading kt-adv-heading_aeff33-cf wp-block-kadence-advancedheading has-vivid-cyan-blue-color has-text-color\">Jean-Marc Lef\u00e8vre<\/h4>\n\n\n\n<hr class=\"wp-block-separator has-css-opacity\"\/>\n\n\n\n<p>Triste noticia.  Hemos perdido a un gran senderista y a un excelente escritor.  Eddius hab\u00eda regresado al CCC en 1982, al igual que sus 3 compa\u00f1eros de los \u2019Chemins \u00e0 trois voies\u2019 que hab\u00edan emprendido el Camino de Santiago, entre ellos Henri Bosc, que sigue siendo el \u00faltimo del grupo.<br>Paz a su alma y condolencias a toda su familia.&nbsp;<\/p>\n\n\n\n<h4 class=\"wp-block-heading kt-adv-heading_0cf096-84 wp-block-kadence-advancedheading has-vivid-cyan-blue-color has-text-color\">Didier R\u00e9mond<\/h4>\n\n\n\n<hr class=\"wp-block-separator has-css-opacity\"\/>\n\n\n\n<p>La marcha de nuestro amigo Eddius es una pena m\u00e1s para los cicloturistas, ya que nuestros amigos de los Pirineos nos abandonan uno a uno, dej\u00e1ndonos otro Henri.<br>Tristemente&nbsp;<\/p>\n\n\n\n<h4 class=\"wp-block-heading kt-adv-heading_2b3884-cb wp-block-kadence-advancedheading has-vivid-cyan-blue-color has-text-color\">Henri Dusseau<\/h4>\n\n\n\n<hr class=\"wp-block-separator has-css-opacity\"\/>\n\n\n\n<p><\/p>","protected":false},"excerpt":{"rendered":"<p>Paul Fabre (1935-2023), Cent Cols n\u00b0 1733 depuis 1982Eddius n\u2019\u00e9tait pas un grimpeur acharn\u00e9&nbsp;: il avait bloqu\u00e9 son compteur il y a une vingtaine d\u2019ann\u00e9es. Mais il savait raconter une randonn\u00e9e comme personne, le cyclotouriste \u00e9m\u00e9rite cachant un \u00e9minent professeur d\u2019universit\u00e9, auteur d\u2019ouvrages de linguistique. Auteur de hauteur &nbsp;Je me souviens de ce jour de [&hellip;]<\/p>\n","protected":false},"author":3,"featured_media":85754,"comment_status":"open","ping_status":"open","sticky":false,"template":"","format":"standard","meta":{"_acf_changed":false,"footnotes":""},"categories":[130,129],"tags":[],"class_list":["post-79574","post","type-post","status-publish","format-standard","has-post-thumbnail","hentry","category-carnet-noir","category-gazette"],"acf":[],"yoast_head":"<!-- This site is optimized with the Yoast SEO plugin v27.2 - https:\/\/yoast.com\/product\/yoast-seo-wordpress\/ -->\n<title>Paul Fabre - Club des Cent Cols<\/title>\n<meta name=\"robots\" content=\"index, follow, max-snippet:-1, max-image-preview:large, max-video-preview:-1\" \/>\n<link rel=\"canonical\" href=\"https:\/\/centcols.org\/es\/paul-fabre\/\" \/>\n<meta property=\"og:locale\" content=\"es_ES\" \/>\n<meta property=\"og:type\" content=\"article\" \/>\n<meta property=\"og:title\" content=\"Paul Fabre - Club des Cent Cols\" \/>\n<meta property=\"og:description\" content=\"Paul Fabre (1935-2023), Cent Cols n\u00b0 1733 depuis 1982Eddius n\u2019\u00e9tait pas un grimpeur acharn\u00e9&nbsp;: il avait bloqu\u00e9 son compteur il y a une vingtaine d\u2019ann\u00e9es. Mais il savait raconter une randonn\u00e9e comme personne, le cyclotouriste \u00e9m\u00e9rite cachant un \u00e9minent professeur d\u2019universit\u00e9, auteur d\u2019ouvrages de linguistique. Auteur de hauteur &nbsp;Je me souviens de ce jour de [&hellip;]\" \/>\n<meta property=\"og:url\" content=\"https:\/\/centcols.org\/es\/paul-fabre\/\" \/>\n<meta property=\"og:site_name\" content=\"Club des Cent Cols\" \/>\n<meta property=\"article:publisher\" content=\"https:\/\/www.facebook.com\/groups\/5261880558\/?locale=fr_FR\" \/>\n<meta property=\"article:published_time\" content=\"2023-01-15T08:57:26+00:00\" \/>\n<meta property=\"article:modified_time\" content=\"2025-09-13T06:43:50+00:00\" \/>\n<meta property=\"og:image\" content=\"https:\/\/centcols.org\/wp-content\/uploads\/2023\/01\/Paul_Fabre.jpg\" \/>\n\t<meta property=\"og:image:width\" content=\"1831\" \/>\n\t<meta property=\"og:image:height\" content=\"1508\" \/>\n\t<meta property=\"og:image:type\" content=\"image\/jpeg\" \/>\n<meta name=\"author\" content=\"Webmestre\" \/>\n<meta name=\"twitter:card\" content=\"summary_large_image\" \/>\n<meta name=\"twitter:label1\" content=\"Escrito por\" \/>\n\t<meta name=\"twitter:data1\" content=\"Webmestre\" \/>\n\t<meta name=\"twitter:label2\" content=\"Tiempo de lectura\" \/>\n\t<meta name=\"twitter:data2\" content=\"7 minutos\" \/>\n<script type=\"application\/ld+json\" class=\"yoast-schema-graph\">{\"@context\":\"https:\/\/schema.org\",\"@graph\":[{\"@type\":\"Article\",\"@id\":\"https:\/\/centcols.org\/paul-fabre\/#article\",\"isPartOf\":{\"@id\":\"https:\/\/centcols.org\/paul-fabre\/\"},\"author\":{\"name\":\"Webmestre\",\"@id\":\"https:\/\/centcols.org\/#\/schema\/person\/911b404fb133d8c913dd27cdcf71c8e5\"},\"headline\":\"Paul Fabre\",\"datePublished\":\"2023-01-15T08:57:26+00:00\",\"dateModified\":\"2025-09-13T06:43:50+00:00\",\"mainEntityOfPage\":{\"@id\":\"https:\/\/centcols.org\/paul-fabre\/\"},\"wordCount\":1239,\"commentCount\":0,\"publisher\":{\"@id\":\"https:\/\/centcols.org\/#organization\"},\"image\":{\"@id\":\"https:\/\/centcols.org\/paul-fabre\/#primaryimage\"},\"thumbnailUrl\":\"https:\/\/centcols.org\/wp-content\/uploads\/2023\/01\/Paul_Fabre.jpg\",\"articleSection\":[\"Carnet noir\",\"Gazette\"],\"inLanguage\":\"es\",\"potentialAction\":[{\"@type\":\"CommentAction\",\"name\":\"Comment\",\"target\":[\"https:\/\/centcols.org\/paul-fabre\/#respond\"]}]},{\"@type\":\"WebPage\",\"@id\":\"https:\/\/centcols.org\/paul-fabre\/\",\"url\":\"https:\/\/centcols.org\/paul-fabre\/\",\"name\":\"Paul Fabre - Club des Cent Cols\",\"isPartOf\":{\"@id\":\"https:\/\/centcols.org\/#website\"},\"primaryImageOfPage\":{\"@id\":\"https:\/\/centcols.org\/paul-fabre\/#primaryimage\"},\"image\":{\"@id\":\"https:\/\/centcols.org\/paul-fabre\/#primaryimage\"},\"thumbnailUrl\":\"https:\/\/centcols.org\/wp-content\/uploads\/2023\/01\/Paul_Fabre.jpg\",\"datePublished\":\"2023-01-15T08:57:26+00:00\",\"dateModified\":\"2025-09-13T06:43:50+00:00\",\"breadcrumb\":{\"@id\":\"https:\/\/centcols.org\/paul-fabre\/#breadcrumb\"},\"inLanguage\":\"es\",\"potentialAction\":[{\"@type\":\"ReadAction\",\"target\":[\"https:\/\/centcols.org\/paul-fabre\/\"]}]},{\"@type\":\"ImageObject\",\"inLanguage\":\"es\",\"@id\":\"https:\/\/centcols.org\/paul-fabre\/#primaryimage\",\"url\":\"https:\/\/centcols.org\/wp-content\/uploads\/2023\/01\/Paul_Fabre.jpg\",\"contentUrl\":\"https:\/\/centcols.org\/wp-content\/uploads\/2023\/01\/Paul_Fabre.jpg\",\"width\":1831,\"height\":1508},{\"@type\":\"BreadcrumbList\",\"@id\":\"https:\/\/centcols.org\/paul-fabre\/#breadcrumb\",\"itemListElement\":[{\"@type\":\"ListItem\",\"position\":1,\"name\":\"Accueil\",\"item\":\"https:\/\/centcols.org\/\"},{\"@type\":\"ListItem\",\"position\":2,\"name\":\"Gazette\",\"item\":\"https:\/\/centcols.org\/rubrique\/gazette\/\"},{\"@type\":\"ListItem\",\"position\":3,\"name\":\"Paul Fabre\"}]},{\"@type\":\"WebSite\",\"@id\":\"https:\/\/centcols.org\/#website\",\"url\":\"https:\/\/centcols.org\/\",\"name\":\"Club des Cent Cols\",\"description\":\"\",\"publisher\":{\"@id\":\"https:\/\/centcols.org\/#organization\"},\"potentialAction\":[{\"@type\":\"SearchAction\",\"target\":{\"@type\":\"EntryPoint\",\"urlTemplate\":\"https:\/\/centcols.org\/?s={search_term_string}\"},\"query-input\":{\"@type\":\"PropertyValueSpecification\",\"valueRequired\":true,\"valueName\":\"search_term_string\"}}],\"inLanguage\":\"es\"},{\"@type\":\"Organization\",\"@id\":\"https:\/\/centcols.org\/#organization\",\"name\":\"Club des Cent Cols\",\"url\":\"https:\/\/centcols.org\/\",\"logo\":{\"@type\":\"ImageObject\",\"inLanguage\":\"es\",\"@id\":\"https:\/\/centcols.org\/#\/schema\/logo\/image\/\",\"url\":\"https:\/\/centcols.org\/wp-content\/uploads\/2025\/01\/carte-icone.png\",\"contentUrl\":\"https:\/\/centcols.org\/wp-content\/uploads\/2025\/01\/carte-icone.png\",\"width\":250,\"height\":250,\"caption\":\"Club des Cent Cols\"},\"image\":{\"@id\":\"https:\/\/centcols.org\/#\/schema\/logo\/image\/\"},\"sameAs\":[\"https:\/\/www.facebook.com\/groups\/5261880558\/?locale=fr_FR\"]},{\"@type\":\"Person\",\"@id\":\"https:\/\/centcols.org\/#\/schema\/person\/911b404fb133d8c913dd27cdcf71c8e5\",\"name\":\"Webmestre\",\"image\":{\"@type\":\"ImageObject\",\"inLanguage\":\"es\",\"@id\":\"https:\/\/centcols.org\/wp-content\/litespeed\/avatar\/2d246e4b6b4f773e08515e1ffc53690b.jpg?ver=1777222892\",\"url\":\"https:\/\/centcols.org\/wp-content\/litespeed\/avatar\/2d246e4b6b4f773e08515e1ffc53690b.jpg?ver=1777222892\",\"contentUrl\":\"https:\/\/centcols.org\/wp-content\/litespeed\/avatar\/2d246e4b6b4f773e08515e1ffc53690b.jpg?ver=1777222892\",\"caption\":\"Webmestre\"},\"url\":\"https:\/\/centcols.org\/es\/author\/webmestre\/\"}]}<\/script>\n<!-- \/ Yoast SEO plugin. -->","yoast_head_json":{"title":"Paul Fabre - Club des Cent Cols","robots":{"index":"index","follow":"follow","max-snippet":"max-snippet:-1","max-image-preview":"max-image-preview:large","max-video-preview":"max-video-preview:-1"},"canonical":"https:\/\/centcols.org\/es\/paul-fabre\/","og_locale":"es_ES","og_type":"article","og_title":"Paul Fabre - Club des Cent Cols","og_description":"Paul Fabre (1935-2023), Cent Cols n\u00b0 1733 depuis 1982Eddius n\u2019\u00e9tait pas un grimpeur acharn\u00e9&nbsp;: il avait bloqu\u00e9 son compteur il y a une vingtaine d\u2019ann\u00e9es. Mais il savait raconter une randonn\u00e9e comme personne, le cyclotouriste \u00e9m\u00e9rite cachant un \u00e9minent professeur d\u2019universit\u00e9, auteur d\u2019ouvrages de linguistique. Auteur de hauteur &nbsp;Je me souviens de ce jour de [&hellip;]","og_url":"https:\/\/centcols.org\/es\/paul-fabre\/","og_site_name":"Club des Cent Cols","article_publisher":"https:\/\/www.facebook.com\/groups\/5261880558\/?locale=fr_FR","article_published_time":"2023-01-15T08:57:26+00:00","article_modified_time":"2025-09-13T06:43:50+00:00","og_image":[{"width":1831,"height":1508,"url":"https:\/\/centcols.org\/wp-content\/uploads\/2023\/01\/Paul_Fabre.jpg","type":"image\/jpeg"}],"author":"Webmestre","twitter_card":"summary_large_image","twitter_misc":{"Escrito por":"Webmestre","Tiempo de lectura":"7 minutos"},"schema":{"@context":"https:\/\/schema.org","@graph":[{"@type":"Article","@id":"https:\/\/centcols.org\/paul-fabre\/#article","isPartOf":{"@id":"https:\/\/centcols.org\/paul-fabre\/"},"author":{"name":"Webmestre","@id":"https:\/\/centcols.org\/#\/schema\/person\/911b404fb133d8c913dd27cdcf71c8e5"},"headline":"Paul Fabre","datePublished":"2023-01-15T08:57:26+00:00","dateModified":"2025-09-13T06:43:50+00:00","mainEntityOfPage":{"@id":"https:\/\/centcols.org\/paul-fabre\/"},"wordCount":1239,"commentCount":0,"publisher":{"@id":"https:\/\/centcols.org\/#organization"},"image":{"@id":"https:\/\/centcols.org\/paul-fabre\/#primaryimage"},"thumbnailUrl":"https:\/\/centcols.org\/wp-content\/uploads\/2023\/01\/Paul_Fabre.jpg","articleSection":["Carnet noir","Gazette"],"inLanguage":"es","potentialAction":[{"@type":"CommentAction","name":"Comment","target":["https:\/\/centcols.org\/paul-fabre\/#respond"]}]},{"@type":"WebPage","@id":"https:\/\/centcols.org\/paul-fabre\/","url":"https:\/\/centcols.org\/paul-fabre\/","name":"Paul Fabre - Club des Cent Cols","isPartOf":{"@id":"https:\/\/centcols.org\/#website"},"primaryImageOfPage":{"@id":"https:\/\/centcols.org\/paul-fabre\/#primaryimage"},"image":{"@id":"https:\/\/centcols.org\/paul-fabre\/#primaryimage"},"thumbnailUrl":"https:\/\/centcols.org\/wp-content\/uploads\/2023\/01\/Paul_Fabre.jpg","datePublished":"2023-01-15T08:57:26+00:00","dateModified":"2025-09-13T06:43:50+00:00","breadcrumb":{"@id":"https:\/\/centcols.org\/paul-fabre\/#breadcrumb"},"inLanguage":"es","potentialAction":[{"@type":"ReadAction","target":["https:\/\/centcols.org\/paul-fabre\/"]}]},{"@type":"ImageObject","inLanguage":"es","@id":"https:\/\/centcols.org\/paul-fabre\/#primaryimage","url":"https:\/\/centcols.org\/wp-content\/uploads\/2023\/01\/Paul_Fabre.jpg","contentUrl":"https:\/\/centcols.org\/wp-content\/uploads\/2023\/01\/Paul_Fabre.jpg","width":1831,"height":1508},{"@type":"BreadcrumbList","@id":"https:\/\/centcols.org\/paul-fabre\/#breadcrumb","itemListElement":[{"@type":"ListItem","position":1,"name":"Accueil","item":"https:\/\/centcols.org\/"},{"@type":"ListItem","position":2,"name":"Gazette","item":"https:\/\/centcols.org\/rubrique\/gazette\/"},{"@type":"ListItem","position":3,"name":"Paul Fabre"}]},{"@type":"WebSite","@id":"https:\/\/centcols.org\/#website","url":"https:\/\/centcols.org\/","name":"Club des Cent Cols","description":"","publisher":{"@id":"https:\/\/centcols.org\/#organization"},"potentialAction":[{"@type":"SearchAction","target":{"@type":"EntryPoint","urlTemplate":"https:\/\/centcols.org\/?s={search_term_string}"},"query-input":{"@type":"PropertyValueSpecification","valueRequired":true,"valueName":"search_term_string"}}],"inLanguage":"es"},{"@type":"Organization","@id":"https:\/\/centcols.org\/#organization","name":"Club des Cent Cols","url":"https:\/\/centcols.org\/","logo":{"@type":"ImageObject","inLanguage":"es","@id":"https:\/\/centcols.org\/#\/schema\/logo\/image\/","url":"https:\/\/centcols.org\/wp-content\/uploads\/2025\/01\/carte-icone.png","contentUrl":"https:\/\/centcols.org\/wp-content\/uploads\/2025\/01\/carte-icone.png","width":250,"height":250,"caption":"Club des Cent Cols"},"image":{"@id":"https:\/\/centcols.org\/#\/schema\/logo\/image\/"},"sameAs":["https:\/\/www.facebook.com\/groups\/5261880558\/?locale=fr_FR"]},{"@type":"Person","@id":"https:\/\/centcols.org\/#\/schema\/person\/911b404fb133d8c913dd27cdcf71c8e5","name":"Webmaster","image":{"@type":"ImageObject","inLanguage":"es","@id":"https:\/\/centcols.org\/wp-content\/litespeed\/avatar\/2d246e4b6b4f773e08515e1ffc53690b.jpg?ver=1777222892","url":"https:\/\/centcols.org\/wp-content\/litespeed\/avatar\/2d246e4b6b4f773e08515e1ffc53690b.jpg?ver=1777222892","contentUrl":"https:\/\/centcols.org\/wp-content\/litespeed\/avatar\/2d246e4b6b4f773e08515e1ffc53690b.jpg?ver=1777222892","caption":"Webmestre"},"url":"https:\/\/centcols.org\/es\/author\/webmestre\/"}]}},"_links":{"self":[{"href":"https:\/\/centcols.org\/es\/wp-json\/wp\/v2\/posts\/79574","targetHints":{"allow":["GET"]}}],"collection":[{"href":"https:\/\/centcols.org\/es\/wp-json\/wp\/v2\/posts"}],"about":[{"href":"https:\/\/centcols.org\/es\/wp-json\/wp\/v2\/types\/post"}],"author":[{"embeddable":true,"href":"https:\/\/centcols.org\/es\/wp-json\/wp\/v2\/users\/3"}],"replies":[{"embeddable":true,"href":"https:\/\/centcols.org\/es\/wp-json\/wp\/v2\/comments?post=79574"}],"version-history":[{"count":0,"href":"https:\/\/centcols.org\/es\/wp-json\/wp\/v2\/posts\/79574\/revisions"}],"wp:featuredmedia":[{"embeddable":true,"href":"https:\/\/centcols.org\/es\/wp-json\/wp\/v2\/media\/85754"}],"wp:attachment":[{"href":"https:\/\/centcols.org\/es\/wp-json\/wp\/v2\/media?parent=79574"}],"wp:term":[{"taxonomy":"category","embeddable":true,"href":"https:\/\/centcols.org\/es\/wp-json\/wp\/v2\/categories?post=79574"},{"taxonomy":"post_tag","embeddable":true,"href":"https:\/\/centcols.org\/es\/wp-json\/wp\/v2\/tags?post=79574"}],"curies":[{"name":"wp","href":"https:\/\/api.w.org\/{rel}","templated":true}]}}