{"id":79575,"date":"2023-01-15T10:57:26","date_gmt":"2023-01-15T08:57:26","guid":{"rendered":"https:\/\/centcols.org\/christian-gerard\/"},"modified":"2025-09-27T02:45:55","modified_gmt":"2025-09-27T00:45:55","slug":"christian-gerard","status":"publish","type":"post","link":"https:\/\/centcols.org\/es\/christian-gerard\/","title":{"rendered":"Christian G\u00e9rard"},"content":{"rendered":"<div class=\"wp-block-columns are-vertically-aligned-center is-layout-flex wp-container-core-columns-is-layout-9d6595d7 wp-block-columns-is-layout-flex\">\n<div class=\"wp-block-column is-vertically-aligned-center is-layout-flow wp-block-column-is-layout-flow\" style=\"flex-basis:33.33%\"><div class=\"wp-block-image is-resized\">\n<figure class=\"aligncenter size-full\"><img loading=\"lazy\" decoding=\"async\" width=\"251\" height=\"539\" src=\"https:\/\/centcols.org\/wp-content\/uploads\/2025\/02\/christian.jpg\" alt=\"\" class=\"wp-image-79576\"\/><\/figure>\n<\/div><\/div>\n\n\n\n<div class=\"wp-block-column is-vertically-aligned-center is-layout-flow wp-block-column-is-layout-flow\" style=\"flex-basis:66.66%\">\n<p class=\"has-medium-font-size\"><strong>Las Cevenas lloran<\/strong><\/p>\n\n\n\n<p>\u00a1Christian! \u00bfEst\u00e1s ah\u00ed? \u00a1No respondes!<\/p>\n\n\n\n<p>En la Rue des P\u00e2querettes de Al\u00e8s, estas peque\u00f1as flores blancas inclinan la cabeza. El cielo est\u00e1 triste...<\/p>\n\n\n\n<p>Seguro que se ha ido a dar una vuelta en bici, como siempre.<\/p>\n\n\n\n<p>\u00a1No! \u00a1Christian G\u00e9rard, nuestro amigo, ya no existe!<\/p>\n\n\n\n<p>Cansado durante varios d\u00edas, el mi\u00e9rcoles 23 de noviembre no se encontraba realmente bien y le aconsejaron que fuera al hospital de Al\u00e8s. Adem\u00e1s del dolor, le diagnosticaron COVID positivo y, la noche siguiente, Christian muri\u00f3, a los 84 a\u00f1os.<\/p>\n\n\n\n<p>Le conoc\u00eda bien desde hac\u00eda mucho tiempo; nacido en 1938, era 8 semanas mayor que yo. Nos conocimos en los a\u00f1os setenta, cuando ingres\u00f3 en el GMC (Groupe Montagnard C\u00e9venol). Tranquilo, discreto, met\u00f3dico, buen consejero, ca\u00eda bien a todo el mundo. Rara vez hablaba de su vida profesional (como profesor de qu\u00edmica). Y menos a\u00fan de su vida privada.<\/p>\n<\/div>\n<\/div>\n\n\n\n<p>Aut\u00e9ntico cicloturista, fue miembro del Club des Cent Cols (N\u00b03185), donde visti\u00f3 a menudo el maillot y escal\u00f3 cerca de 1.000 puertos; tambi\u00e9n fue un fiel miembro de los Amis du Randonneur.<\/p>\n\n\n\n<p>Era un enamorado de las monta\u00f1as rebeldes, salvajes pero apacibles de Aubrac y de las Cevenas, tierra de casta\u00f1os, helechos, brezos y retamas. Nunca olvidar\u00e9 nuestras tertulias anuales en Chasserad\u00e8s y, antes que las ancas de rana y la cabeza de ternera, echaremos de menos a Christian.<\/p>\n\n\n\n<p>Se fue de puntillas con su discreci\u00f3n habitual; hola amigo, tus amigos ciclistas no te olvidar\u00e1n.<\/p>\n\n\n\n<h5 class=\"wp-block-heading has-text-align-right\">Reine y Jean Llacer (cent-colistas 3989 y 3990 \u00a1retirados del negocio!)&nbsp;&nbsp;<\/h5>\n\n\n\n<hr class=\"wp-block-separator has-css-opacity\"\/>","protected":false},"excerpt":{"rendered":"<p>Les C\u00e9vennes pleurent Christian&nbsp;!&#8230; Tu es l\u00e0&nbsp;?&#8230; Plus de r\u00e9ponse&nbsp;! \u00c0 Al\u00e8s, dans la rue des P\u00e2querettes, ces petites fleurs blanches baissent la t\u00eate. Le ciel est triste\u2026 Il est s\u00fbrement all\u00e9 faire un petit tour de v\u00e9lo, comme \u00e0 son habitude&nbsp;! Non&nbsp;! Christian G\u00e9rard, notre ami, n\u2019est plus&nbsp;! Fatigu\u00e9, depuis plusieurs jours, ce mercredi [&hellip;]<\/p>\n","protected":false},"author":3,"featured_media":82793,"comment_status":"open","ping_status":"open","sticky":false,"template":"","format":"standard","meta":{"_acf_changed":false,"footnotes":""},"categories":[130,129],"tags":[],"class_list":["post-79575","post","type-post","status-publish","format-standard","has-post-thumbnail","hentry","category-carnet-noir","category-gazette"],"acf":[],"yoast_head":"<!-- This site is optimized with the Yoast SEO plugin v27.2 - https:\/\/yoast.com\/product\/yoast-seo-wordpress\/ -->\n<title>Christian G\u00e9rard - Club des Cent Cols<\/title>\n<meta name=\"robots\" content=\"index, follow, max-snippet:-1, max-image-preview:large, max-video-preview:-1\" \/>\n<link rel=\"canonical\" href=\"https:\/\/centcols.org\/es\/christian-gerard\/\" \/>\n<meta property=\"og:locale\" content=\"es_ES\" \/>\n<meta property=\"og:type\" content=\"article\" \/>\n<meta property=\"og:title\" content=\"Christian G\u00e9rard - Club des Cent Cols\" \/>\n<meta property=\"og:description\" content=\"Les C\u00e9vennes pleurent Christian&nbsp;!&#8230; Tu es l\u00e0&nbsp;?&#8230; Plus de r\u00e9ponse&nbsp;! \u00c0 Al\u00e8s, dans la rue des P\u00e2querettes, ces petites fleurs blanches baissent la t\u00eate. Le ciel est triste\u2026 Il est s\u00fbrement all\u00e9 faire un petit tour de v\u00e9lo, comme \u00e0 son habitude&nbsp;! Non&nbsp;! Christian G\u00e9rard, notre ami, n\u2019est plus&nbsp;! Fatigu\u00e9, depuis plusieurs jours, ce mercredi [&hellip;]\" \/>\n<meta property=\"og:url\" content=\"https:\/\/centcols.org\/es\/christian-gerard\/\" \/>\n<meta property=\"og:site_name\" content=\"Club des Cent Cols\" \/>\n<meta property=\"article:publisher\" content=\"https:\/\/www.facebook.com\/groups\/5261880558\/?locale=fr_FR\" \/>\n<meta property=\"article:published_time\" content=\"2023-01-15T08:57:26+00:00\" \/>\n<meta property=\"article:modified_time\" content=\"2025-09-27T00:45:55+00:00\" \/>\n<meta property=\"og:image\" content=\"https:\/\/centcols.org\/wp-content\/uploads\/2023\/01\/christian01-e1747139836987.jpg\" \/>\n\t<meta property=\"og:image:width\" content=\"251\" \/>\n\t<meta property=\"og:image:height\" content=\"255\" \/>\n\t<meta property=\"og:image:type\" content=\"image\/jpeg\" \/>\n<meta name=\"author\" content=\"Webmestre\" \/>\n<meta name=\"twitter:card\" content=\"summary_large_image\" \/>\n<meta name=\"twitter:label1\" content=\"Escrito por\" \/>\n\t<meta name=\"twitter:data1\" content=\"Webmestre\" \/>\n\t<meta name=\"twitter:label2\" content=\"Tiempo de lectura\" \/>\n\t<meta name=\"twitter:data2\" content=\"2 minutos\" \/>\n<script type=\"application\/ld+json\" class=\"yoast-schema-graph\">{\"@context\":\"https:\/\/schema.org\",\"@graph\":[{\"@type\":\"Article\",\"@id\":\"https:\/\/centcols.org\/christian-gerard\/#article\",\"isPartOf\":{\"@id\":\"https:\/\/centcols.org\/christian-gerard\/\"},\"author\":{\"name\":\"Webmestre\",\"@id\":\"https:\/\/centcols.org\/#\/schema\/person\/911b404fb133d8c913dd27cdcf71c8e5\"},\"headline\":\"Christian G\u00e9rard\",\"datePublished\":\"2023-01-15T08:57:26+00:00\",\"dateModified\":\"2025-09-27T00:45:55+00:00\",\"mainEntityOfPage\":{\"@id\":\"https:\/\/centcols.org\/christian-gerard\/\"},\"wordCount\":315,\"commentCount\":0,\"publisher\":{\"@id\":\"https:\/\/centcols.org\/#organization\"},\"image\":{\"@id\":\"https:\/\/centcols.org\/christian-gerard\/#primaryimage\"},\"thumbnailUrl\":\"https:\/\/centcols.org\/wp-content\/uploads\/2023\/01\/christian01-e1747139836987.jpg\",\"articleSection\":[\"Carnet noir\",\"Gazette\"],\"inLanguage\":\"es\",\"potentialAction\":[{\"@type\":\"CommentAction\",\"name\":\"Comment\",\"target\":[\"https:\/\/centcols.org\/christian-gerard\/#respond\"]}]},{\"@type\":\"WebPage\",\"@id\":\"https:\/\/centcols.org\/christian-gerard\/\",\"url\":\"https:\/\/centcols.org\/christian-gerard\/\",\"name\":\"Christian G\u00e9rard - Club des Cent Cols\",\"isPartOf\":{\"@id\":\"https:\/\/centcols.org\/#website\"},\"primaryImageOfPage\":{\"@id\":\"https:\/\/centcols.org\/christian-gerard\/#primaryimage\"},\"image\":{\"@id\":\"https:\/\/centcols.org\/christian-gerard\/#primaryimage\"},\"thumbnailUrl\":\"https:\/\/centcols.org\/wp-content\/uploads\/2023\/01\/christian01-e1747139836987.jpg\",\"datePublished\":\"2023-01-15T08:57:26+00:00\",\"dateModified\":\"2025-09-27T00:45:55+00:00\",\"breadcrumb\":{\"@id\":\"https:\/\/centcols.org\/christian-gerard\/#breadcrumb\"},\"inLanguage\":\"es\",\"potentialAction\":[{\"@type\":\"ReadAction\",\"target\":[\"https:\/\/centcols.org\/christian-gerard\/\"]}]},{\"@type\":\"ImageObject\",\"inLanguage\":\"es\",\"@id\":\"https:\/\/centcols.org\/christian-gerard\/#primaryimage\",\"url\":\"https:\/\/centcols.org\/wp-content\/uploads\/2023\/01\/christian01-e1747139836987.jpg\",\"contentUrl\":\"https:\/\/centcols.org\/wp-content\/uploads\/2023\/01\/christian01-e1747139836987.jpg\",\"width\":251,\"height\":255},{\"@type\":\"BreadcrumbList\",\"@id\":\"https:\/\/centcols.org\/christian-gerard\/#breadcrumb\",\"itemListElement\":[{\"@type\":\"ListItem\",\"position\":1,\"name\":\"Accueil\",\"item\":\"https:\/\/centcols.org\/\"},{\"@type\":\"ListItem\",\"position\":2,\"name\":\"Gazette\",\"item\":\"https:\/\/centcols.org\/rubrique\/gazette\/\"},{\"@type\":\"ListItem\",\"position\":3,\"name\":\"Christian G\u00e9rard\"}]},{\"@type\":\"WebSite\",\"@id\":\"https:\/\/centcols.org\/#website\",\"url\":\"https:\/\/centcols.org\/\",\"name\":\"Club des Cent Cols\",\"description\":\"\",\"publisher\":{\"@id\":\"https:\/\/centcols.org\/#organization\"},\"potentialAction\":[{\"@type\":\"SearchAction\",\"target\":{\"@type\":\"EntryPoint\",\"urlTemplate\":\"https:\/\/centcols.org\/?s={search_term_string}\"},\"query-input\":{\"@type\":\"PropertyValueSpecification\",\"valueRequired\":true,\"valueName\":\"search_term_string\"}}],\"inLanguage\":\"es\"},{\"@type\":\"Organization\",\"@id\":\"https:\/\/centcols.org\/#organization\",\"name\":\"Club des Cent Cols\",\"url\":\"https:\/\/centcols.org\/\",\"logo\":{\"@type\":\"ImageObject\",\"inLanguage\":\"es\",\"@id\":\"https:\/\/centcols.org\/#\/schema\/logo\/image\/\",\"url\":\"https:\/\/centcols.org\/wp-content\/uploads\/2025\/01\/carte-icone.png\",\"contentUrl\":\"https:\/\/centcols.org\/wp-content\/uploads\/2025\/01\/carte-icone.png\",\"width\":250,\"height\":250,\"caption\":\"Club des Cent Cols\"},\"image\":{\"@id\":\"https:\/\/centcols.org\/#\/schema\/logo\/image\/\"},\"sameAs\":[\"https:\/\/www.facebook.com\/groups\/5261880558\/?locale=fr_FR\"]},{\"@type\":\"Person\",\"@id\":\"https:\/\/centcols.org\/#\/schema\/person\/911b404fb133d8c913dd27cdcf71c8e5\",\"name\":\"Webmestre\",\"image\":{\"@type\":\"ImageObject\",\"inLanguage\":\"es\",\"@id\":\"https:\/\/centcols.org\/wp-content\/litespeed\/avatar\/2d246e4b6b4f773e08515e1ffc53690b.jpg?ver=1777222892\",\"url\":\"https:\/\/centcols.org\/wp-content\/litespeed\/avatar\/2d246e4b6b4f773e08515e1ffc53690b.jpg?ver=1777222892\",\"contentUrl\":\"https:\/\/centcols.org\/wp-content\/litespeed\/avatar\/2d246e4b6b4f773e08515e1ffc53690b.jpg?ver=1777222892\",\"caption\":\"Webmestre\"},\"url\":\"https:\/\/centcols.org\/es\/author\/webmestre\/\"}]}<\/script>\n<!-- \/ Yoast SEO plugin. -->","yoast_head_json":{"title":"Christian G\u00e9rard - Club des Cent Cols","robots":{"index":"index","follow":"follow","max-snippet":"max-snippet:-1","max-image-preview":"max-image-preview:large","max-video-preview":"max-video-preview:-1"},"canonical":"https:\/\/centcols.org\/es\/christian-gerard\/","og_locale":"es_ES","og_type":"article","og_title":"Christian G\u00e9rard - Club des Cent Cols","og_description":"Les C\u00e9vennes pleurent Christian&nbsp;!&#8230; Tu es l\u00e0&nbsp;?&#8230; Plus de r\u00e9ponse&nbsp;! \u00c0 Al\u00e8s, dans la rue des P\u00e2querettes, ces petites fleurs blanches baissent la t\u00eate. Le ciel est triste\u2026 Il est s\u00fbrement all\u00e9 faire un petit tour de v\u00e9lo, comme \u00e0 son habitude&nbsp;! Non&nbsp;! Christian G\u00e9rard, notre ami, n\u2019est plus&nbsp;! Fatigu\u00e9, depuis plusieurs jours, ce mercredi [&hellip;]","og_url":"https:\/\/centcols.org\/es\/christian-gerard\/","og_site_name":"Club des Cent Cols","article_publisher":"https:\/\/www.facebook.com\/groups\/5261880558\/?locale=fr_FR","article_published_time":"2023-01-15T08:57:26+00:00","article_modified_time":"2025-09-27T00:45:55+00:00","og_image":[{"width":251,"height":255,"url":"https:\/\/centcols.org\/wp-content\/uploads\/2023\/01\/christian01-e1747139836987.jpg","type":"image\/jpeg"}],"author":"Webmestre","twitter_card":"summary_large_image","twitter_misc":{"Escrito por":"Webmestre","Tiempo de lectura":"2 minutos"},"schema":{"@context":"https:\/\/schema.org","@graph":[{"@type":"Article","@id":"https:\/\/centcols.org\/christian-gerard\/#article","isPartOf":{"@id":"https:\/\/centcols.org\/christian-gerard\/"},"author":{"name":"Webmestre","@id":"https:\/\/centcols.org\/#\/schema\/person\/911b404fb133d8c913dd27cdcf71c8e5"},"headline":"Christian G\u00e9rard","datePublished":"2023-01-15T08:57:26+00:00","dateModified":"2025-09-27T00:45:55+00:00","mainEntityOfPage":{"@id":"https:\/\/centcols.org\/christian-gerard\/"},"wordCount":315,"commentCount":0,"publisher":{"@id":"https:\/\/centcols.org\/#organization"},"image":{"@id":"https:\/\/centcols.org\/christian-gerard\/#primaryimage"},"thumbnailUrl":"https:\/\/centcols.org\/wp-content\/uploads\/2023\/01\/christian01-e1747139836987.jpg","articleSection":["Carnet noir","Gazette"],"inLanguage":"es","potentialAction":[{"@type":"CommentAction","name":"Comment","target":["https:\/\/centcols.org\/christian-gerard\/#respond"]}]},{"@type":"WebPage","@id":"https:\/\/centcols.org\/christian-gerard\/","url":"https:\/\/centcols.org\/christian-gerard\/","name":"Christian G\u00e9rard - Club des Cent Cols","isPartOf":{"@id":"https:\/\/centcols.org\/#website"},"primaryImageOfPage":{"@id":"https:\/\/centcols.org\/christian-gerard\/#primaryimage"},"image":{"@id":"https:\/\/centcols.org\/christian-gerard\/#primaryimage"},"thumbnailUrl":"https:\/\/centcols.org\/wp-content\/uploads\/2023\/01\/christian01-e1747139836987.jpg","datePublished":"2023-01-15T08:57:26+00:00","dateModified":"2025-09-27T00:45:55+00:00","breadcrumb":{"@id":"https:\/\/centcols.org\/christian-gerard\/#breadcrumb"},"inLanguage":"es","potentialAction":[{"@type":"ReadAction","target":["https:\/\/centcols.org\/christian-gerard\/"]}]},{"@type":"ImageObject","inLanguage":"es","@id":"https:\/\/centcols.org\/christian-gerard\/#primaryimage","url":"https:\/\/centcols.org\/wp-content\/uploads\/2023\/01\/christian01-e1747139836987.jpg","contentUrl":"https:\/\/centcols.org\/wp-content\/uploads\/2023\/01\/christian01-e1747139836987.jpg","width":251,"height":255},{"@type":"BreadcrumbList","@id":"https:\/\/centcols.org\/christian-gerard\/#breadcrumb","itemListElement":[{"@type":"ListItem","position":1,"name":"Accueil","item":"https:\/\/centcols.org\/"},{"@type":"ListItem","position":2,"name":"Gazette","item":"https:\/\/centcols.org\/rubrique\/gazette\/"},{"@type":"ListItem","position":3,"name":"Christian G\u00e9rard"}]},{"@type":"WebSite","@id":"https:\/\/centcols.org\/#website","url":"https:\/\/centcols.org\/","name":"Club des Cent Cols","description":"","publisher":{"@id":"https:\/\/centcols.org\/#organization"},"potentialAction":[{"@type":"SearchAction","target":{"@type":"EntryPoint","urlTemplate":"https:\/\/centcols.org\/?s={search_term_string}"},"query-input":{"@type":"PropertyValueSpecification","valueRequired":true,"valueName":"search_term_string"}}],"inLanguage":"es"},{"@type":"Organization","@id":"https:\/\/centcols.org\/#organization","name":"Club des Cent Cols","url":"https:\/\/centcols.org\/","logo":{"@type":"ImageObject","inLanguage":"es","@id":"https:\/\/centcols.org\/#\/schema\/logo\/image\/","url":"https:\/\/centcols.org\/wp-content\/uploads\/2025\/01\/carte-icone.png","contentUrl":"https:\/\/centcols.org\/wp-content\/uploads\/2025\/01\/carte-icone.png","width":250,"height":250,"caption":"Club des Cent Cols"},"image":{"@id":"https:\/\/centcols.org\/#\/schema\/logo\/image\/"},"sameAs":["https:\/\/www.facebook.com\/groups\/5261880558\/?locale=fr_FR"]},{"@type":"Person","@id":"https:\/\/centcols.org\/#\/schema\/person\/911b404fb133d8c913dd27cdcf71c8e5","name":"Webmaster","image":{"@type":"ImageObject","inLanguage":"es","@id":"https:\/\/centcols.org\/wp-content\/litespeed\/avatar\/2d246e4b6b4f773e08515e1ffc53690b.jpg?ver=1777222892","url":"https:\/\/centcols.org\/wp-content\/litespeed\/avatar\/2d246e4b6b4f773e08515e1ffc53690b.jpg?ver=1777222892","contentUrl":"https:\/\/centcols.org\/wp-content\/litespeed\/avatar\/2d246e4b6b4f773e08515e1ffc53690b.jpg?ver=1777222892","caption":"Webmestre"},"url":"https:\/\/centcols.org\/es\/author\/webmestre\/"}]}},"_links":{"self":[{"href":"https:\/\/centcols.org\/es\/wp-json\/wp\/v2\/posts\/79575","targetHints":{"allow":["GET"]}}],"collection":[{"href":"https:\/\/centcols.org\/es\/wp-json\/wp\/v2\/posts"}],"about":[{"href":"https:\/\/centcols.org\/es\/wp-json\/wp\/v2\/types\/post"}],"author":[{"embeddable":true,"href":"https:\/\/centcols.org\/es\/wp-json\/wp\/v2\/users\/3"}],"replies":[{"embeddable":true,"href":"https:\/\/centcols.org\/es\/wp-json\/wp\/v2\/comments?post=79575"}],"version-history":[{"count":0,"href":"https:\/\/centcols.org\/es\/wp-json\/wp\/v2\/posts\/79575\/revisions"}],"wp:featuredmedia":[{"embeddable":true,"href":"https:\/\/centcols.org\/es\/wp-json\/wp\/v2\/media\/82793"}],"wp:attachment":[{"href":"https:\/\/centcols.org\/es\/wp-json\/wp\/v2\/media?parent=79575"}],"wp:term":[{"taxonomy":"category","embeddable":true,"href":"https:\/\/centcols.org\/es\/wp-json\/wp\/v2\/categories?post=79575"},{"taxonomy":"post_tag","embeddable":true,"href":"https:\/\/centcols.org\/es\/wp-json\/wp\/v2\/tags?post=79575"}],"curies":[{"name":"wp","href":"https:\/\/api.w.org\/{rel}","templated":true}]}}