{"id":79586,"date":"2023-05-01T10:57:26","date_gmt":"2023-05-01T08:57:26","guid":{"rendered":"https:\/\/centcols.org\/alain-balalas\/"},"modified":"2025-09-12T21:27:52","modified_gmt":"2025-09-12T19:27:52","slug":"alain-balalas","status":"publish","type":"post","link":"https:\/\/centcols.org\/es\/alain-balalas\/","title":{"rendered":"Alain Balalas"},"content":{"rendered":"<div class=\"wp-block-image\">\n<figure class=\"aligncenter size-full is-resized\"><img loading=\"lazy\" decoding=\"async\" width=\"1024\" height=\"768\" src=\"https:\/\/centcols.org\/wp-content\/uploads\/2025\/02\/Alain-Balalas3.jpg\" alt=\"\" class=\"wp-image-79587\" style=\"width:800px\" srcset=\"https:\/\/centcols.org\/wp-content\/uploads\/2025\/02\/Alain-Balalas3.jpg 1024w, https:\/\/centcols.org\/wp-content\/uploads\/2025\/02\/Alain-Balalas3-768x576.jpg 768w, https:\/\/centcols.org\/wp-content\/uploads\/2025\/02\/Alain-Balalas3-600x450.jpg 600w\" sizes=\"auto, (max-width: 1024px) 100vw, 1024px\" \/><\/figure>\n<\/div>\n\n\n<p class=\"has-medium-font-size\">Nuestro colega <strong>Alain Balalas <\/strong>falleci\u00f3 el 20 de abril a la edad de 86 a\u00f1os.<\/p>\n\n\n\n<p class=\"has-medium-font-size\">Alain era originalmente un maestro y director de escuela, apasionado de su trabajo; pero tambi\u00e9n era, y m\u00e1s a\u00fan desde su jubilaci\u00f3n, un gran erudito, un apasionado de la historia (con un libro sobre la historia de Ucrania) y un especialista en patrimonio provenzal. Autor de numerosos art\u00edculos y libros sobre su pueblo, tambi\u00e9n dirigi\u00f3 expediciones de descubrimiento, conferencias y exposiciones arqueol\u00f3gicas e hist\u00f3ricas. Medallista de la ciudad de Peyrolles, fue tambi\u00e9n Commandeur des Palmes Acad\u00e9miques y Correspondiente de la Acad\u00e9mie des Sciences, Arts &amp; Lettres de Marsella.<\/p>\n\n\n\n<p class=\"has-medium-font-size\">Referente regional, particip\u00f3 en los a\u00f1os 90 en un programa de Midi M\u00e9diterran\u00e9e sobre su ciudad natal, Peyrolles.<\/p>\n\n\n\n<figure class=\"wp-block-embed is-type-video is-provider-youtube wp-block-embed-youtube wp-embed-aspect-4-3 wp-has-aspect-ratio\"><div class=\"wp-block-embed__wrapper\">\n<iframe loading=\"lazy\" title=\"Peyrolles en Provence con Alain Balalas\" width=\"500\" height=\"375\" src=\"https:\/\/www.youtube.com\/embed\/_h0z0c5EIos?feature=oembed\" frameborder=\"0\" allow=\"accelerometer; autoplay; clipboard-write; encrypted-media; gyroscope; picture-in-picture; web-share\" referrerpolicy=\"strict-origin-when-cross-origin\" allowfullscreen><\/iframe>\n<\/div><\/figure>\n\n\n\n<p class=\"has-medium-font-size\">Pero tambi\u00e9n era un gran ciclista, excursionista de larga distancia, alpinista y miembro de nuestra hermandad desde hac\u00eda m\u00e1s de 40 a\u00f1os. Aunque no hab\u00eda escalado ning\u00fan collado nuevo en los \u00faltimos 4 a\u00f1os, segu\u00eda siendo fiel a nosotros.<\/p>\n\n\n\n<p class=\"has-medium-font-size\">Con m\u00e1s de 300 puertos de monta\u00f1a diferentes a sus espaldas, hab\u00eda recorrido m\u00e1s de 500.000 km de senderos en 650.<\/p>\n\n\n\n<p class=\"has-medium-font-size\">En 2001, complet\u00f3 un \u00abtour de France\u00bb (no un \u00abTour de France\u00bb como le gustaba llamarlo) en total autonom\u00eda en una bicicleta randonneur 650, con 15 kg de equipaje: 4.546 km en un mes y ocho d\u00edas, 45 departamentos, 16 regiones, 56 r\u00edos cruzados, 880 ciudades atravesadas. Tambi\u00e9n particip\u00f3 en la Par\u00eds-Brest-Par\u00eds 1979, en numerosas brevets randonneur y FFCT, en la randonneur 5000 de la Federaci\u00f3n y en brevets ciclo-montagnard.<\/p>\n\n\n\n<p class=\"has-medium-font-size\">Su funeral tuvo lugar el 26 de abril.<\/p>\n\n\n\n<h4 class=\"kt-adv-heading72161_f95ade-91 wp-block-kadence-advancedheading has-vivid-cyan-blue-color has-text-color\" data-kb-block=\"kb-adv-heading72161_f95ade-91\">Jean-Yves Jamin - DT 04S<\/h4>\n\n\n\n<hr class=\"wp-block-separator has-css-opacity\"\/>\n\n\n\n<figure class=\"wp-block-gallery aligncenter has-nested-images columns-default is-cropped wp-block-gallery-1 is-layout-flex wp-block-gallery-is-layout-flex\">\n<figure class=\"wp-block-image size-full\"><img loading=\"lazy\" decoding=\"async\" width=\"1280\" height=\"1872\" data-id=\"89979\" src=\"https:\/\/centcols.org\/wp-content\/uploads\/2023\/05\/Alain-Balalas1-1400x2048-1.jpg\" alt=\"\" class=\"wp-image-89979\" srcset=\"https:\/\/centcols.org\/wp-content\/uploads\/2023\/05\/Alain-Balalas1-1400x2048-1.jpg 1280w, https:\/\/centcols.org\/wp-content\/uploads\/2023\/05\/Alain-Balalas1-1400x2048-1-821x1200.jpg 821w, https:\/\/centcols.org\/wp-content\/uploads\/2023\/05\/Alain-Balalas1-1400x2048-1-768x1123.jpg 768w, https:\/\/centcols.org\/wp-content\/uploads\/2023\/05\/Alain-Balalas1-1400x2048-1-1050x1536.jpg 1050w, https:\/\/centcols.org\/wp-content\/uploads\/2023\/05\/Alain-Balalas1-1400x2048-1-8x12.jpg 8w\" sizes=\"auto, (max-width: 1280px) 100vw, 1280px\" \/><\/figure>\n\n\n\n<figure class=\"wp-block-image size-full\"><img loading=\"lazy\" decoding=\"async\" width=\"1365\" height=\"1024\" data-id=\"89980\" src=\"https:\/\/centcols.org\/wp-content\/uploads\/2023\/05\/Alain-Balalas2-1536x1152-1.jpg\" alt=\"\" class=\"wp-image-89980\" srcset=\"https:\/\/centcols.org\/wp-content\/uploads\/2023\/05\/Alain-Balalas2-1536x1152-1.jpg 1365w, https:\/\/centcols.org\/wp-content\/uploads\/2023\/05\/Alain-Balalas2-1536x1152-1-1200x900.jpg 1200w, https:\/\/centcols.org\/wp-content\/uploads\/2023\/05\/Alain-Balalas2-1536x1152-1-768x576.jpg 768w, https:\/\/centcols.org\/wp-content\/uploads\/2023\/05\/Alain-Balalas2-1536x1152-1-16x12.jpg 16w\" sizes=\"auto, (max-width: 1365px) 100vw, 1365px\" \/><\/figure>\n<\/figure>\n\n\n\n<hr class=\"wp-block-separator has-css-opacity\"\/>\n\n\n\n<p class=\"has-medium-font-size\">Hola Jean-Yves,<\/p>\n\n\n\n<p class=\"has-medium-font-size\">Nos enteramos ayer de la muerte de Alain por una llamada telef\u00f3nica de G\u00e9rard Fillon, que le conoc\u00eda bien.<\/p>\n\n\n\n<p class=\"has-medium-font-size\">Su texto es un excelente resumen de este extraordinario personaje. Lo dice todo. Era un ferviente partidario de Ucrania y lo hablamos largo y tendido por tel\u00e9fono cuando estall\u00f3 la guerra. .&nbsp;<\/p>\n\n\n\n<p class=\"has-medium-font-size\">Tambi\u00e9n hab\u00eda mencionado sus problemas de salud, pero se neg\u00f3 a admitir el diagn\u00f3stico. Se mostr\u00f3 accesible, acogedor y... orgulloso de presumir, hablando de su carrera y de su \u00abpanoplia\u00bb de diplomas.<\/p>\n\n\n\n<p class=\"has-medium-font-size\">No pas\u00f3 desapercibido, lo que seguro que nos ayud\u00f3 a entablar conversaci\u00f3n durante nuestros paseos por la Provenza de los a\u00f1os 90.<\/p>\n\n\n\n<p class=\"has-medium-font-size\">No lo olvidaremos. Eso seguro.&nbsp;<\/p>\n\n\n\n<p class=\"has-medium-font-size\">Ya hab\u00eda aparecido un art\u00edculo sobre \u00e9l en la revista, \u00a1y eso le hab\u00eda \u00abtranquilizado\u00bb! Necesitaba reconocimiento.<\/p>\n\n\n\n<p class=\"has-medium-font-size\">Saludos cordiales,&nbsp;<\/p>\n\n\n\n<h4 class=\"kt-adv-heading72161_aa4dce-20 wp-block-kadence-advancedheading has-vivid-cyan-blue-color has-text-color\" data-kb-block=\"kb-adv-heading72161_aa4dce-20\">Martine y Michel Medina&nbsp;<\/h4>\n\n\n\n<hr class=\"wp-block-separator has-css-opacity\"\/>\n\n\n\n<figure class=\"wp-block-image size-full\"><img loading=\"lazy\" decoding=\"async\" width=\"1128\" height=\"747\" src=\"https:\/\/centcols.org\/wp-content\/uploads\/2025\/02\/Alain-Balalas4.jpg\" alt=\"\" class=\"wp-image-79588\" srcset=\"https:\/\/centcols.org\/wp-content\/uploads\/2025\/02\/Alain-Balalas4.jpg 1128w, https:\/\/centcols.org\/wp-content\/uploads\/2025\/02\/Alain-Balalas4-768x509.jpg 768w, https:\/\/centcols.org\/wp-content\/uploads\/2025\/02\/Alain-Balalas4-600x397.jpg 600w\" sizes=\"auto, (max-width: 1128px) 100vw, 1128px\" \/><figcaption class=\"wp-element-caption\"><strong>Extracto de la Revue 2019 - n\u00b047<\/strong><\/figcaption><\/figure>\n\n\n\n<hr class=\"wp-block-separator has-css-opacity\"\/>","protected":false},"excerpt":{"rendered":"<p>Notre confr\u00e8re Alain Balalas nous a quitt\u00e9 le 20 avril, \u00e0 l\u2019\u00e2ge de 86 ans. Alain \u00e9tait \u00e0 l\u2019origine instituteur et directeur d\u2019\u00e9cole, passionn\u00e9 par son m\u00e9tier&nbsp;; mais il \u00e9tait aussi, et encore plus depuis sa retraite, un grand \u00e9rudit, f\u00e9ru d\u2019histoire (avec un ouvrage sur l\u2019histoire de l\u2019Ukraine) et un sp\u00e9cialiste du patrimoine proven\u00e7al. [&hellip;]<\/p>\n","protected":false},"author":3,"featured_media":79587,"comment_status":"open","ping_status":"open","sticky":false,"template":"","format":"standard","meta":{"_acf_changed":false,"footnotes":""},"categories":[130,129],"tags":[],"class_list":["post-79586","post","type-post","status-publish","format-standard","has-post-thumbnail","hentry","category-carnet-noir","category-gazette"],"acf":[],"yoast_head":"<!-- This site is optimized with the Yoast SEO plugin v27.2 - https:\/\/yoast.com\/product\/yoast-seo-wordpress\/ -->\n<title>Alain Balalas - Club des Cent Cols<\/title>\n<meta name=\"robots\" content=\"index, follow, max-snippet:-1, max-image-preview:large, max-video-preview:-1\" \/>\n<link rel=\"canonical\" href=\"https:\/\/centcols.org\/es\/alain-balalas\/\" \/>\n<meta property=\"og:locale\" content=\"es_ES\" \/>\n<meta property=\"og:type\" content=\"article\" \/>\n<meta property=\"og:title\" content=\"Alain Balalas - Club des Cent Cols\" \/>\n<meta property=\"og:description\" content=\"Notre confr\u00e8re Alain Balalas nous a quitt\u00e9 le 20 avril, \u00e0 l\u2019\u00e2ge de 86 ans. Alain \u00e9tait \u00e0 l\u2019origine instituteur et directeur d\u2019\u00e9cole, passionn\u00e9 par son m\u00e9tier&nbsp;; mais il \u00e9tait aussi, et encore plus depuis sa retraite, un grand \u00e9rudit, f\u00e9ru d\u2019histoire (avec un ouvrage sur l\u2019histoire de l\u2019Ukraine) et un sp\u00e9cialiste du patrimoine proven\u00e7al. [&hellip;]\" \/>\n<meta property=\"og:url\" content=\"https:\/\/centcols.org\/es\/alain-balalas\/\" \/>\n<meta property=\"og:site_name\" content=\"Club des Cent Cols\" \/>\n<meta property=\"article:publisher\" content=\"https:\/\/www.facebook.com\/groups\/5261880558\/?locale=fr_FR\" \/>\n<meta property=\"article:published_time\" content=\"2023-05-01T08:57:26+00:00\" \/>\n<meta property=\"article:modified_time\" content=\"2025-09-12T19:27:52+00:00\" \/>\n<meta property=\"og:image\" content=\"https:\/\/centcols.org\/wp-content\/uploads\/2025\/02\/Alain-Balalas3.jpg\" \/>\n\t<meta property=\"og:image:width\" content=\"1024\" \/>\n\t<meta property=\"og:image:height\" content=\"768\" \/>\n\t<meta property=\"og:image:type\" content=\"image\/jpeg\" \/>\n<meta name=\"author\" content=\"Webmestre\" \/>\n<meta name=\"twitter:card\" content=\"summary_large_image\" \/>\n<meta name=\"twitter:label1\" content=\"Escrito por\" \/>\n\t<meta name=\"twitter:data1\" content=\"Webmestre\" \/>\n\t<meta name=\"twitter:label2\" content=\"Tiempo de lectura\" \/>\n\t<meta name=\"twitter:data2\" content=\"4 minutos\" \/>\n<script type=\"application\/ld+json\" class=\"yoast-schema-graph\">{\"@context\":\"https:\/\/schema.org\",\"@graph\":[{\"@type\":\"Article\",\"@id\":\"https:\/\/centcols.org\/alain-balalas\/#article\",\"isPartOf\":{\"@id\":\"https:\/\/centcols.org\/alain-balalas\/\"},\"author\":{\"name\":\"Webmestre\",\"@id\":\"https:\/\/centcols.org\/#\/schema\/person\/911b404fb133d8c913dd27cdcf71c8e5\"},\"headline\":\"Alain Balalas\",\"datePublished\":\"2023-05-01T08:57:26+00:00\",\"dateModified\":\"2025-09-12T19:27:52+00:00\",\"mainEntityOfPage\":{\"@id\":\"https:\/\/centcols.org\/alain-balalas\/\"},\"wordCount\":493,\"commentCount\":0,\"publisher\":{\"@id\":\"https:\/\/centcols.org\/#organization\"},\"image\":{\"@id\":\"https:\/\/centcols.org\/alain-balalas\/#primaryimage\"},\"thumbnailUrl\":\"https:\/\/centcols.org\/wp-content\/uploads\/2025\/02\/Alain-Balalas3.jpg\",\"articleSection\":[\"Carnet noir\",\"Gazette\"],\"inLanguage\":\"es\",\"potentialAction\":[{\"@type\":\"CommentAction\",\"name\":\"Comment\",\"target\":[\"https:\/\/centcols.org\/alain-balalas\/#respond\"]}]},{\"@type\":\"WebPage\",\"@id\":\"https:\/\/centcols.org\/alain-balalas\/\",\"url\":\"https:\/\/centcols.org\/alain-balalas\/\",\"name\":\"Alain Balalas - Club des Cent Cols\",\"isPartOf\":{\"@id\":\"https:\/\/centcols.org\/#website\"},\"primaryImageOfPage\":{\"@id\":\"https:\/\/centcols.org\/alain-balalas\/#primaryimage\"},\"image\":{\"@id\":\"https:\/\/centcols.org\/alain-balalas\/#primaryimage\"},\"thumbnailUrl\":\"https:\/\/centcols.org\/wp-content\/uploads\/2025\/02\/Alain-Balalas3.jpg\",\"datePublished\":\"2023-05-01T08:57:26+00:00\",\"dateModified\":\"2025-09-12T19:27:52+00:00\",\"breadcrumb\":{\"@id\":\"https:\/\/centcols.org\/alain-balalas\/#breadcrumb\"},\"inLanguage\":\"es\",\"potentialAction\":[{\"@type\":\"ReadAction\",\"target\":[\"https:\/\/centcols.org\/alain-balalas\/\"]}]},{\"@type\":\"ImageObject\",\"inLanguage\":\"es\",\"@id\":\"https:\/\/centcols.org\/alain-balalas\/#primaryimage\",\"url\":\"https:\/\/centcols.org\/wp-content\/uploads\/2025\/02\/Alain-Balalas3.jpg\",\"contentUrl\":\"https:\/\/centcols.org\/wp-content\/uploads\/2025\/02\/Alain-Balalas3.jpg\",\"width\":1024,\"height\":768},{\"@type\":\"BreadcrumbList\",\"@id\":\"https:\/\/centcols.org\/alain-balalas\/#breadcrumb\",\"itemListElement\":[{\"@type\":\"ListItem\",\"position\":1,\"name\":\"Accueil\",\"item\":\"https:\/\/centcols.org\/\"},{\"@type\":\"ListItem\",\"position\":2,\"name\":\"Gazette\",\"item\":\"https:\/\/centcols.org\/rubrique\/gazette\/\"},{\"@type\":\"ListItem\",\"position\":3,\"name\":\"Alain Balalas\"}]},{\"@type\":\"WebSite\",\"@id\":\"https:\/\/centcols.org\/#website\",\"url\":\"https:\/\/centcols.org\/\",\"name\":\"Club des Cent Cols\",\"description\":\"\",\"publisher\":{\"@id\":\"https:\/\/centcols.org\/#organization\"},\"potentialAction\":[{\"@type\":\"SearchAction\",\"target\":{\"@type\":\"EntryPoint\",\"urlTemplate\":\"https:\/\/centcols.org\/?s={search_term_string}\"},\"query-input\":{\"@type\":\"PropertyValueSpecification\",\"valueRequired\":true,\"valueName\":\"search_term_string\"}}],\"inLanguage\":\"es\"},{\"@type\":\"Organization\",\"@id\":\"https:\/\/centcols.org\/#organization\",\"name\":\"Club des Cent Cols\",\"url\":\"https:\/\/centcols.org\/\",\"logo\":{\"@type\":\"ImageObject\",\"inLanguage\":\"es\",\"@id\":\"https:\/\/centcols.org\/#\/schema\/logo\/image\/\",\"url\":\"https:\/\/centcols.org\/wp-content\/uploads\/2025\/01\/carte-icone.png\",\"contentUrl\":\"https:\/\/centcols.org\/wp-content\/uploads\/2025\/01\/carte-icone.png\",\"width\":250,\"height\":250,\"caption\":\"Club des Cent Cols\"},\"image\":{\"@id\":\"https:\/\/centcols.org\/#\/schema\/logo\/image\/\"},\"sameAs\":[\"https:\/\/www.facebook.com\/groups\/5261880558\/?locale=fr_FR\"]},{\"@type\":\"Person\",\"@id\":\"https:\/\/centcols.org\/#\/schema\/person\/911b404fb133d8c913dd27cdcf71c8e5\",\"name\":\"Webmestre\",\"image\":{\"@type\":\"ImageObject\",\"inLanguage\":\"es\",\"@id\":\"https:\/\/centcols.org\/wp-content\/litespeed\/avatar\/2d246e4b6b4f773e08515e1ffc53690b.jpg?ver=1777222892\",\"url\":\"https:\/\/centcols.org\/wp-content\/litespeed\/avatar\/2d246e4b6b4f773e08515e1ffc53690b.jpg?ver=1777222892\",\"contentUrl\":\"https:\/\/centcols.org\/wp-content\/litespeed\/avatar\/2d246e4b6b4f773e08515e1ffc53690b.jpg?ver=1777222892\",\"caption\":\"Webmestre\"},\"url\":\"https:\/\/centcols.org\/es\/author\/webmestre\/\"}]}<\/script>\n<!-- \/ Yoast SEO plugin. -->","yoast_head_json":{"title":"Alain Balalas - Club des Cent Cols","robots":{"index":"index","follow":"follow","max-snippet":"max-snippet:-1","max-image-preview":"max-image-preview:large","max-video-preview":"max-video-preview:-1"},"canonical":"https:\/\/centcols.org\/es\/alain-balalas\/","og_locale":"es_ES","og_type":"article","og_title":"Alain Balalas - Club des Cent Cols","og_description":"Notre confr\u00e8re Alain Balalas nous a quitt\u00e9 le 20 avril, \u00e0 l\u2019\u00e2ge de 86 ans. Alain \u00e9tait \u00e0 l\u2019origine instituteur et directeur d\u2019\u00e9cole, passionn\u00e9 par son m\u00e9tier&nbsp;; mais il \u00e9tait aussi, et encore plus depuis sa retraite, un grand \u00e9rudit, f\u00e9ru d\u2019histoire (avec un ouvrage sur l\u2019histoire de l\u2019Ukraine) et un sp\u00e9cialiste du patrimoine proven\u00e7al. [&hellip;]","og_url":"https:\/\/centcols.org\/es\/alain-balalas\/","og_site_name":"Club des Cent Cols","article_publisher":"https:\/\/www.facebook.com\/groups\/5261880558\/?locale=fr_FR","article_published_time":"2023-05-01T08:57:26+00:00","article_modified_time":"2025-09-12T19:27:52+00:00","og_image":[{"width":1024,"height":768,"url":"https:\/\/centcols.org\/wp-content\/uploads\/2025\/02\/Alain-Balalas3.jpg","type":"image\/jpeg"}],"author":"Webmestre","twitter_card":"summary_large_image","twitter_misc":{"Escrito por":"Webmestre","Tiempo de lectura":"4 minutos"},"schema":{"@context":"https:\/\/schema.org","@graph":[{"@type":"Article","@id":"https:\/\/centcols.org\/alain-balalas\/#article","isPartOf":{"@id":"https:\/\/centcols.org\/alain-balalas\/"},"author":{"name":"Webmestre","@id":"https:\/\/centcols.org\/#\/schema\/person\/911b404fb133d8c913dd27cdcf71c8e5"},"headline":"Alain Balalas","datePublished":"2023-05-01T08:57:26+00:00","dateModified":"2025-09-12T19:27:52+00:00","mainEntityOfPage":{"@id":"https:\/\/centcols.org\/alain-balalas\/"},"wordCount":493,"commentCount":0,"publisher":{"@id":"https:\/\/centcols.org\/#organization"},"image":{"@id":"https:\/\/centcols.org\/alain-balalas\/#primaryimage"},"thumbnailUrl":"https:\/\/centcols.org\/wp-content\/uploads\/2025\/02\/Alain-Balalas3.jpg","articleSection":["Carnet noir","Gazette"],"inLanguage":"es","potentialAction":[{"@type":"CommentAction","name":"Comment","target":["https:\/\/centcols.org\/alain-balalas\/#respond"]}]},{"@type":"WebPage","@id":"https:\/\/centcols.org\/alain-balalas\/","url":"https:\/\/centcols.org\/alain-balalas\/","name":"Alain Balalas - Club des Cent Cols","isPartOf":{"@id":"https:\/\/centcols.org\/#website"},"primaryImageOfPage":{"@id":"https:\/\/centcols.org\/alain-balalas\/#primaryimage"},"image":{"@id":"https:\/\/centcols.org\/alain-balalas\/#primaryimage"},"thumbnailUrl":"https:\/\/centcols.org\/wp-content\/uploads\/2025\/02\/Alain-Balalas3.jpg","datePublished":"2023-05-01T08:57:26+00:00","dateModified":"2025-09-12T19:27:52+00:00","breadcrumb":{"@id":"https:\/\/centcols.org\/alain-balalas\/#breadcrumb"},"inLanguage":"es","potentialAction":[{"@type":"ReadAction","target":["https:\/\/centcols.org\/alain-balalas\/"]}]},{"@type":"ImageObject","inLanguage":"es","@id":"https:\/\/centcols.org\/alain-balalas\/#primaryimage","url":"https:\/\/centcols.org\/wp-content\/uploads\/2025\/02\/Alain-Balalas3.jpg","contentUrl":"https:\/\/centcols.org\/wp-content\/uploads\/2025\/02\/Alain-Balalas3.jpg","width":1024,"height":768},{"@type":"BreadcrumbList","@id":"https:\/\/centcols.org\/alain-balalas\/#breadcrumb","itemListElement":[{"@type":"ListItem","position":1,"name":"Accueil","item":"https:\/\/centcols.org\/"},{"@type":"ListItem","position":2,"name":"Gazette","item":"https:\/\/centcols.org\/rubrique\/gazette\/"},{"@type":"ListItem","position":3,"name":"Alain Balalas"}]},{"@type":"WebSite","@id":"https:\/\/centcols.org\/#website","url":"https:\/\/centcols.org\/","name":"Club des Cent Cols","description":"","publisher":{"@id":"https:\/\/centcols.org\/#organization"},"potentialAction":[{"@type":"SearchAction","target":{"@type":"EntryPoint","urlTemplate":"https:\/\/centcols.org\/?s={search_term_string}"},"query-input":{"@type":"PropertyValueSpecification","valueRequired":true,"valueName":"search_term_string"}}],"inLanguage":"es"},{"@type":"Organization","@id":"https:\/\/centcols.org\/#organization","name":"Club des Cent Cols","url":"https:\/\/centcols.org\/","logo":{"@type":"ImageObject","inLanguage":"es","@id":"https:\/\/centcols.org\/#\/schema\/logo\/image\/","url":"https:\/\/centcols.org\/wp-content\/uploads\/2025\/01\/carte-icone.png","contentUrl":"https:\/\/centcols.org\/wp-content\/uploads\/2025\/01\/carte-icone.png","width":250,"height":250,"caption":"Club des Cent Cols"},"image":{"@id":"https:\/\/centcols.org\/#\/schema\/logo\/image\/"},"sameAs":["https:\/\/www.facebook.com\/groups\/5261880558\/?locale=fr_FR"]},{"@type":"Person","@id":"https:\/\/centcols.org\/#\/schema\/person\/911b404fb133d8c913dd27cdcf71c8e5","name":"Webmaster","image":{"@type":"ImageObject","inLanguage":"es","@id":"https:\/\/centcols.org\/wp-content\/litespeed\/avatar\/2d246e4b6b4f773e08515e1ffc53690b.jpg?ver=1777222892","url":"https:\/\/centcols.org\/wp-content\/litespeed\/avatar\/2d246e4b6b4f773e08515e1ffc53690b.jpg?ver=1777222892","contentUrl":"https:\/\/centcols.org\/wp-content\/litespeed\/avatar\/2d246e4b6b4f773e08515e1ffc53690b.jpg?ver=1777222892","caption":"Webmestre"},"url":"https:\/\/centcols.org\/es\/author\/webmestre\/"}]}},"_links":{"self":[{"href":"https:\/\/centcols.org\/es\/wp-json\/wp\/v2\/posts\/79586","targetHints":{"allow":["GET"]}}],"collection":[{"href":"https:\/\/centcols.org\/es\/wp-json\/wp\/v2\/posts"}],"about":[{"href":"https:\/\/centcols.org\/es\/wp-json\/wp\/v2\/types\/post"}],"author":[{"embeddable":true,"href":"https:\/\/centcols.org\/es\/wp-json\/wp\/v2\/users\/3"}],"replies":[{"embeddable":true,"href":"https:\/\/centcols.org\/es\/wp-json\/wp\/v2\/comments?post=79586"}],"version-history":[{"count":0,"href":"https:\/\/centcols.org\/es\/wp-json\/wp\/v2\/posts\/79586\/revisions"}],"wp:featuredmedia":[{"embeddable":true,"href":"https:\/\/centcols.org\/es\/wp-json\/wp\/v2\/media\/79587"}],"wp:attachment":[{"href":"https:\/\/centcols.org\/es\/wp-json\/wp\/v2\/media?parent=79586"}],"wp:term":[{"taxonomy":"category","embeddable":true,"href":"https:\/\/centcols.org\/es\/wp-json\/wp\/v2\/categories?post=79586"},{"taxonomy":"post_tag","embeddable":true,"href":"https:\/\/centcols.org\/es\/wp-json\/wp\/v2\/tags?post=79586"}],"curies":[{"name":"wp","href":"https:\/\/api.w.org\/{rel}","templated":true}]}}