{"id":79595,"date":"2023-10-24T10:57:26","date_gmt":"2023-10-24T08:57:26","guid":{"rendered":"https:\/\/centcols.org\/gerard-obrecht\/"},"modified":"2025-09-13T08:27:58","modified_gmt":"2025-09-13T06:27:58","slug":"gerard-obrecht","status":"publish","type":"post","link":"https:\/\/centcols.org\/es\/gerard-obrecht\/","title":{"rendered":"G\u00e9rard Obrecht"},"content":{"rendered":"<div class=\"wp-block-image\">\n<figure class=\"aligncenter size-full is-resized\"><img loading=\"lazy\" decoding=\"async\" width=\"804\" height=\"834\" src=\"https:\/\/centcols.org\/wp-content\/uploads\/2025\/02\/image-20-e1747139007376.png\" alt=\"\" class=\"wp-image-79596\" style=\"width:600px\" srcset=\"https:\/\/centcols.org\/wp-content\/uploads\/2025\/02\/image-20-e1747139007376.png 804w, https:\/\/centcols.org\/wp-content\/uploads\/2025\/02\/image-20-e1747139007376-768x797.png 768w\" sizes=\"auto, (max-width: 804px) 100vw, 804px\" \/><\/figure>\n<\/div>\n\n\n<p><strong> G\u00e9rard Obrecht cc 2543<\/strong><br><br>N\u00e9nesse, como le llamaban muchos de sus amigos, falleci\u00f3 el lunes.<\/p>\n\n\n\n<p>Desde 1986 era miembro del Club des Cent Cols, donde pagaba sus cuotas sin interrupci\u00f3n. Su n\u00famero era el 2543.<strong><\/strong><\/p>\n\n\n\n<p>Generoso y servicial, se dedic\u00f3 durante varios a\u00f1os a presidir el ciclo AS Meudon.<strong><\/strong><\/p>\n\n\n\n<p>Su f\u00edsico era el opuesto al de un alpinista, y consigui\u00f3 subir 2.389 puertos. Para no hacernos esperar demasiado en la cima, sol\u00eda anticipar la salida: \u00abVoy de cartero, ya me alcanzar\u00e9is\u00bb. Cuando llegaba a la cima, apenas se deten\u00eda para evitar que pas\u00e1ramos demasiado fr\u00edo. Pero a partir del mediod\u00eda, se pon\u00eda de mal humor si no ten\u00eda pronto a la vista el almuerzo o un picnic.<strong><\/strong><\/p>\n\n\n\n<p>Adem\u00e1s de la cofrad\u00eda CCC, tambi\u00e9n era miembro de la cofrad\u00eda AOC, mucho m\u00e1s informal, los Avaleurs Obstin\u00e9s de Cols. Puertos de monta\u00f1a, por supuesto, pero no los \u00fanicos. Tambi\u00e9n amaba la buena comida y el buen vino.<strong><\/strong><\/p>\n\n\n\n<p>Invit\u00f3 a sus amigos \u00edntimos al esparcimiento de sus cenizas en el Col de la Gourdasse un d\u00eda no muy lejano.&nbsp;<a href=\"https:\/\/centcols.org\/es\/util\/geo\/visuGen.php\/?code=FR-21-0463\">FR-21-0463<\/a>, un puerto que le era muy querido, que subi\u00f3 decenas de veces y donde dio sus \u00faltimas pedaladas.<strong><\/strong><\/p>\n\n\n\n<p>Eso seguro, N\u00e9nesse, no lo olvidaremos.<strong> <\/strong><\/p>\n\n\n\n<p><strong>Denis Chouquet-Stringer&nbsp;<\/strong><\/p>","protected":false},"excerpt":{"rendered":"<p>G\u00e9rard Obrecht&nbsp; cc 2543 N\u00e9nesse, comme l&rsquo;appelait bon nombre de ses amis, nous a quitt\u00e9 lundi. Depuis 1986, il \u00e9tait membre du club des cent cols o\u00f9 il a cotis\u00e9 sans discontinuer. Il portait le num\u00e9ro 2543. G\u00e9n\u00e9reux, serviable, il s&rsquo;\u00e9tait d\u00e9vou\u00e9 pour prendre la pr\u00e9sidence de l&rsquo;AS Meudon cyclo pendant plusieurs ann\u00e9es. Dot\u00e9 d&rsquo;un [&hellip;]<\/p>\n","protected":false},"author":58,"featured_media":79596,"comment_status":"open","ping_status":"open","sticky":false,"template":"","format":"standard","meta":{"_acf_changed":false,"footnotes":""},"categories":[130,129],"tags":[],"class_list":["post-79595","post","type-post","status-publish","format-standard","has-post-thumbnail","hentry","category-carnet-noir","category-gazette"],"acf":[],"yoast_head":"<!-- This site is optimized with the Yoast SEO plugin v27.2 - https:\/\/yoast.com\/product\/yoast-seo-wordpress\/ -->\n<title>G\u00e9rard Obrecht - Club des Cent Cols<\/title>\n<meta name=\"robots\" content=\"index, follow, max-snippet:-1, max-image-preview:large, max-video-preview:-1\" \/>\n<link rel=\"canonical\" href=\"https:\/\/centcols.org\/es\/gerard-obrecht\/\" \/>\n<meta property=\"og:locale\" content=\"es_ES\" \/>\n<meta property=\"og:type\" content=\"article\" \/>\n<meta property=\"og:title\" content=\"G\u00e9rard Obrecht - Club des Cent Cols\" \/>\n<meta property=\"og:description\" content=\"G\u00e9rard Obrecht&nbsp; cc 2543 N\u00e9nesse, comme l&rsquo;appelait bon nombre de ses amis, nous a quitt\u00e9 lundi. Depuis 1986, il \u00e9tait membre du club des cent cols o\u00f9 il a cotis\u00e9 sans discontinuer. Il portait le num\u00e9ro 2543. G\u00e9n\u00e9reux, serviable, il s&rsquo;\u00e9tait d\u00e9vou\u00e9 pour prendre la pr\u00e9sidence de l&rsquo;AS Meudon cyclo pendant plusieurs ann\u00e9es. Dot\u00e9 d&rsquo;un [&hellip;]\" \/>\n<meta property=\"og:url\" content=\"https:\/\/centcols.org\/es\/gerard-obrecht\/\" \/>\n<meta property=\"og:site_name\" content=\"Club des Cent Cols\" \/>\n<meta property=\"article:publisher\" content=\"https:\/\/www.facebook.com\/groups\/5261880558\/?locale=fr_FR\" \/>\n<meta property=\"article:published_time\" content=\"2023-10-24T08:57:26+00:00\" \/>\n<meta property=\"article:modified_time\" content=\"2025-09-13T06:27:58+00:00\" \/>\n<meta property=\"og:image\" content=\"https:\/\/centcols.org\/wp-content\/uploads\/2025\/02\/image-20-e1747139007376.png\" \/>\n\t<meta property=\"og:image:width\" content=\"804\" \/>\n\t<meta property=\"og:image:height\" content=\"834\" \/>\n\t<meta property=\"og:image:type\" content=\"image\/png\" \/>\n<meta name=\"author\" content=\"Enrico Alberini\" \/>\n<meta name=\"twitter:card\" content=\"summary_large_image\" \/>\n<meta name=\"twitter:label1\" content=\"Escrito por\" \/>\n\t<meta name=\"twitter:data1\" content=\"Enrico Alberini\" \/>\n\t<meta name=\"twitter:label2\" content=\"Tiempo de lectura\" \/>\n\t<meta name=\"twitter:data2\" content=\"2 minutos\" \/>\n<script type=\"application\/ld+json\" class=\"yoast-schema-graph\">{\"@context\":\"https:\/\/schema.org\",\"@graph\":[{\"@type\":\"Article\",\"@id\":\"https:\/\/centcols.org\/gerard-obrecht\/#article\",\"isPartOf\":{\"@id\":\"https:\/\/centcols.org\/gerard-obrecht\/\"},\"author\":{\"name\":\"Enrico Alberini\",\"@id\":\"https:\/\/centcols.org\/#\/schema\/person\/86c3ec6889d88501a29fccac614bebf8\"},\"headline\":\"G\u00e9rard Obrecht\",\"datePublished\":\"2023-10-24T08:57:26+00:00\",\"dateModified\":\"2025-09-13T06:27:58+00:00\",\"mainEntityOfPage\":{\"@id\":\"https:\/\/centcols.org\/gerard-obrecht\/\"},\"wordCount\":257,\"commentCount\":0,\"publisher\":{\"@id\":\"https:\/\/centcols.org\/#organization\"},\"image\":{\"@id\":\"https:\/\/centcols.org\/gerard-obrecht\/#primaryimage\"},\"thumbnailUrl\":\"https:\/\/centcols.org\/wp-content\/uploads\/2025\/02\/image-20-e1747139007376.png\",\"articleSection\":[\"Carnet noir\",\"Gazette\"],\"inLanguage\":\"es\",\"potentialAction\":[{\"@type\":\"CommentAction\",\"name\":\"Comment\",\"target\":[\"https:\/\/centcols.org\/gerard-obrecht\/#respond\"]}]},{\"@type\":\"WebPage\",\"@id\":\"https:\/\/centcols.org\/gerard-obrecht\/\",\"url\":\"https:\/\/centcols.org\/gerard-obrecht\/\",\"name\":\"G\u00e9rard Obrecht - Club des Cent Cols\",\"isPartOf\":{\"@id\":\"https:\/\/centcols.org\/#website\"},\"primaryImageOfPage\":{\"@id\":\"https:\/\/centcols.org\/gerard-obrecht\/#primaryimage\"},\"image\":{\"@id\":\"https:\/\/centcols.org\/gerard-obrecht\/#primaryimage\"},\"thumbnailUrl\":\"https:\/\/centcols.org\/wp-content\/uploads\/2025\/02\/image-20-e1747139007376.png\",\"datePublished\":\"2023-10-24T08:57:26+00:00\",\"dateModified\":\"2025-09-13T06:27:58+00:00\",\"breadcrumb\":{\"@id\":\"https:\/\/centcols.org\/gerard-obrecht\/#breadcrumb\"},\"inLanguage\":\"es\",\"potentialAction\":[{\"@type\":\"ReadAction\",\"target\":[\"https:\/\/centcols.org\/gerard-obrecht\/\"]}]},{\"@type\":\"ImageObject\",\"inLanguage\":\"es\",\"@id\":\"https:\/\/centcols.org\/gerard-obrecht\/#primaryimage\",\"url\":\"https:\/\/centcols.org\/wp-content\/uploads\/2025\/02\/image-20-e1747139007376.png\",\"contentUrl\":\"https:\/\/centcols.org\/wp-content\/uploads\/2025\/02\/image-20-e1747139007376.png\",\"width\":804,\"height\":834},{\"@type\":\"BreadcrumbList\",\"@id\":\"https:\/\/centcols.org\/gerard-obrecht\/#breadcrumb\",\"itemListElement\":[{\"@type\":\"ListItem\",\"position\":1,\"name\":\"Accueil\",\"item\":\"https:\/\/centcols.org\/\"},{\"@type\":\"ListItem\",\"position\":2,\"name\":\"Gazette\",\"item\":\"https:\/\/centcols.org\/rubrique\/gazette\/\"},{\"@type\":\"ListItem\",\"position\":3,\"name\":\"G\u00e9rard Obrecht\"}]},{\"@type\":\"WebSite\",\"@id\":\"https:\/\/centcols.org\/#website\",\"url\":\"https:\/\/centcols.org\/\",\"name\":\"Club des Cent Cols\",\"description\":\"\",\"publisher\":{\"@id\":\"https:\/\/centcols.org\/#organization\"},\"potentialAction\":[{\"@type\":\"SearchAction\",\"target\":{\"@type\":\"EntryPoint\",\"urlTemplate\":\"https:\/\/centcols.org\/?s={search_term_string}\"},\"query-input\":{\"@type\":\"PropertyValueSpecification\",\"valueRequired\":true,\"valueName\":\"search_term_string\"}}],\"inLanguage\":\"es\"},{\"@type\":\"Organization\",\"@id\":\"https:\/\/centcols.org\/#organization\",\"name\":\"Club des Cent Cols\",\"url\":\"https:\/\/centcols.org\/\",\"logo\":{\"@type\":\"ImageObject\",\"inLanguage\":\"es\",\"@id\":\"https:\/\/centcols.org\/#\/schema\/logo\/image\/\",\"url\":\"https:\/\/centcols.org\/wp-content\/uploads\/2025\/01\/carte-icone.png\",\"contentUrl\":\"https:\/\/centcols.org\/wp-content\/uploads\/2025\/01\/carte-icone.png\",\"width\":250,\"height\":250,\"caption\":\"Club des Cent Cols\"},\"image\":{\"@id\":\"https:\/\/centcols.org\/#\/schema\/logo\/image\/\"},\"sameAs\":[\"https:\/\/www.facebook.com\/groups\/5261880558\/?locale=fr_FR\"]},{\"@type\":\"Person\",\"@id\":\"https:\/\/centcols.org\/#\/schema\/person\/86c3ec6889d88501a29fccac614bebf8\",\"name\":\"Enrico Alberini\",\"image\":{\"@type\":\"ImageObject\",\"inLanguage\":\"es\",\"@id\":\"https:\/\/centcols.org\/wp-content\/litespeed\/avatar\/1b26e36a18d85acc8b0f860f9628213f.jpg?ver=1777240766\",\"url\":\"https:\/\/centcols.org\/wp-content\/litespeed\/avatar\/1b26e36a18d85acc8b0f860f9628213f.jpg?ver=1777240766\",\"contentUrl\":\"https:\/\/centcols.org\/wp-content\/litespeed\/avatar\/1b26e36a18d85acc8b0f860f9628213f.jpg?ver=1777240766\",\"caption\":\"Enrico Alberini\"},\"url\":\"https:\/\/centcols.org\/es\/author\/5065\/\"}]}<\/script>\n<!-- \/ Yoast SEO plugin. -->","yoast_head_json":{"title":"G\u00e9rard Obrecht - Club des Cent Cols","robots":{"index":"index","follow":"follow","max-snippet":"max-snippet:-1","max-image-preview":"max-image-preview:large","max-video-preview":"max-video-preview:-1"},"canonical":"https:\/\/centcols.org\/es\/gerard-obrecht\/","og_locale":"es_ES","og_type":"article","og_title":"G\u00e9rard Obrecht - Club des Cent Cols","og_description":"G\u00e9rard Obrecht&nbsp; cc 2543 N\u00e9nesse, comme l&rsquo;appelait bon nombre de ses amis, nous a quitt\u00e9 lundi. Depuis 1986, il \u00e9tait membre du club des cent cols o\u00f9 il a cotis\u00e9 sans discontinuer. Il portait le num\u00e9ro 2543. G\u00e9n\u00e9reux, serviable, il s&rsquo;\u00e9tait d\u00e9vou\u00e9 pour prendre la pr\u00e9sidence de l&rsquo;AS Meudon cyclo pendant plusieurs ann\u00e9es. Dot\u00e9 d&rsquo;un [&hellip;]","og_url":"https:\/\/centcols.org\/es\/gerard-obrecht\/","og_site_name":"Club des Cent Cols","article_publisher":"https:\/\/www.facebook.com\/groups\/5261880558\/?locale=fr_FR","article_published_time":"2023-10-24T08:57:26+00:00","article_modified_time":"2025-09-13T06:27:58+00:00","og_image":[{"width":804,"height":834,"url":"https:\/\/centcols.org\/wp-content\/uploads\/2025\/02\/image-20-e1747139007376.png","type":"image\/png"}],"author":"Enrico Alberini","twitter_card":"summary_large_image","twitter_misc":{"Escrito por":"Enrico Alberini","Tiempo de lectura":"2 minutos"},"schema":{"@context":"https:\/\/schema.org","@graph":[{"@type":"Article","@id":"https:\/\/centcols.org\/gerard-obrecht\/#article","isPartOf":{"@id":"https:\/\/centcols.org\/gerard-obrecht\/"},"author":{"name":"Enrico Alberini","@id":"https:\/\/centcols.org\/#\/schema\/person\/86c3ec6889d88501a29fccac614bebf8"},"headline":"G\u00e9rard Obrecht","datePublished":"2023-10-24T08:57:26+00:00","dateModified":"2025-09-13T06:27:58+00:00","mainEntityOfPage":{"@id":"https:\/\/centcols.org\/gerard-obrecht\/"},"wordCount":257,"commentCount":0,"publisher":{"@id":"https:\/\/centcols.org\/#organization"},"image":{"@id":"https:\/\/centcols.org\/gerard-obrecht\/#primaryimage"},"thumbnailUrl":"https:\/\/centcols.org\/wp-content\/uploads\/2025\/02\/image-20-e1747139007376.png","articleSection":["Carnet noir","Gazette"],"inLanguage":"es","potentialAction":[{"@type":"CommentAction","name":"Comment","target":["https:\/\/centcols.org\/gerard-obrecht\/#respond"]}]},{"@type":"WebPage","@id":"https:\/\/centcols.org\/gerard-obrecht\/","url":"https:\/\/centcols.org\/gerard-obrecht\/","name":"G\u00e9rard Obrecht - Club des Cent Cols","isPartOf":{"@id":"https:\/\/centcols.org\/#website"},"primaryImageOfPage":{"@id":"https:\/\/centcols.org\/gerard-obrecht\/#primaryimage"},"image":{"@id":"https:\/\/centcols.org\/gerard-obrecht\/#primaryimage"},"thumbnailUrl":"https:\/\/centcols.org\/wp-content\/uploads\/2025\/02\/image-20-e1747139007376.png","datePublished":"2023-10-24T08:57:26+00:00","dateModified":"2025-09-13T06:27:58+00:00","breadcrumb":{"@id":"https:\/\/centcols.org\/gerard-obrecht\/#breadcrumb"},"inLanguage":"es","potentialAction":[{"@type":"ReadAction","target":["https:\/\/centcols.org\/gerard-obrecht\/"]}]},{"@type":"ImageObject","inLanguage":"es","@id":"https:\/\/centcols.org\/gerard-obrecht\/#primaryimage","url":"https:\/\/centcols.org\/wp-content\/uploads\/2025\/02\/image-20-e1747139007376.png","contentUrl":"https:\/\/centcols.org\/wp-content\/uploads\/2025\/02\/image-20-e1747139007376.png","width":804,"height":834},{"@type":"BreadcrumbList","@id":"https:\/\/centcols.org\/gerard-obrecht\/#breadcrumb","itemListElement":[{"@type":"ListItem","position":1,"name":"Accueil","item":"https:\/\/centcols.org\/"},{"@type":"ListItem","position":2,"name":"Gazette","item":"https:\/\/centcols.org\/rubrique\/gazette\/"},{"@type":"ListItem","position":3,"name":"G\u00e9rard Obrecht"}]},{"@type":"WebSite","@id":"https:\/\/centcols.org\/#website","url":"https:\/\/centcols.org\/","name":"Club des Cent Cols","description":"","publisher":{"@id":"https:\/\/centcols.org\/#organization"},"potentialAction":[{"@type":"SearchAction","target":{"@type":"EntryPoint","urlTemplate":"https:\/\/centcols.org\/?s={search_term_string}"},"query-input":{"@type":"PropertyValueSpecification","valueRequired":true,"valueName":"search_term_string"}}],"inLanguage":"es"},{"@type":"Organization","@id":"https:\/\/centcols.org\/#organization","name":"Club des Cent Cols","url":"https:\/\/centcols.org\/","logo":{"@type":"ImageObject","inLanguage":"es","@id":"https:\/\/centcols.org\/#\/schema\/logo\/image\/","url":"https:\/\/centcols.org\/wp-content\/uploads\/2025\/01\/carte-icone.png","contentUrl":"https:\/\/centcols.org\/wp-content\/uploads\/2025\/01\/carte-icone.png","width":250,"height":250,"caption":"Club des Cent Cols"},"image":{"@id":"https:\/\/centcols.org\/#\/schema\/logo\/image\/"},"sameAs":["https:\/\/www.facebook.com\/groups\/5261880558\/?locale=fr_FR"]},{"@type":"Person","@id":"https:\/\/centcols.org\/#\/schema\/person\/86c3ec6889d88501a29fccac614bebf8","name":"Enrico Alberini","image":{"@type":"ImageObject","inLanguage":"es","@id":"https:\/\/centcols.org\/wp-content\/litespeed\/avatar\/1b26e36a18d85acc8b0f860f9628213f.jpg?ver=1777240766","url":"https:\/\/centcols.org\/wp-content\/litespeed\/avatar\/1b26e36a18d85acc8b0f860f9628213f.jpg?ver=1777240766","contentUrl":"https:\/\/centcols.org\/wp-content\/litespeed\/avatar\/1b26e36a18d85acc8b0f860f9628213f.jpg?ver=1777240766","caption":"Enrico Alberini"},"url":"https:\/\/centcols.org\/es\/author\/5065\/"}]}},"_links":{"self":[{"href":"https:\/\/centcols.org\/es\/wp-json\/wp\/v2\/posts\/79595","targetHints":{"allow":["GET"]}}],"collection":[{"href":"https:\/\/centcols.org\/es\/wp-json\/wp\/v2\/posts"}],"about":[{"href":"https:\/\/centcols.org\/es\/wp-json\/wp\/v2\/types\/post"}],"author":[{"embeddable":true,"href":"https:\/\/centcols.org\/es\/wp-json\/wp\/v2\/users\/58"}],"replies":[{"embeddable":true,"href":"https:\/\/centcols.org\/es\/wp-json\/wp\/v2\/comments?post=79595"}],"version-history":[{"count":0,"href":"https:\/\/centcols.org\/es\/wp-json\/wp\/v2\/posts\/79595\/revisions"}],"wp:featuredmedia":[{"embeddable":true,"href":"https:\/\/centcols.org\/es\/wp-json\/wp\/v2\/media\/79596"}],"wp:attachment":[{"href":"https:\/\/centcols.org\/es\/wp-json\/wp\/v2\/media?parent=79595"}],"wp:term":[{"taxonomy":"category","embeddable":true,"href":"https:\/\/centcols.org\/es\/wp-json\/wp\/v2\/categories?post=79595"},{"taxonomy":"post_tag","embeddable":true,"href":"https:\/\/centcols.org\/es\/wp-json\/wp\/v2\/tags?post=79595"}],"curies":[{"name":"wp","href":"https:\/\/api.w.org\/{rel}","templated":true}]}}