{"id":79612,"date":"2024-04-16T09:35:26","date_gmt":"2024-04-16T07:35:26","guid":{"rendered":"https:\/\/centcols.org\/jean-perdoux\/"},"modified":"2025-09-13T08:04:06","modified_gmt":"2025-09-13T06:04:06","slug":"jean-perdoux","status":"publish","type":"post","link":"https:\/\/centcols.org\/es\/jean-perdoux\/","title":{"rendered":"Jean Perdoux"},"content":{"rendered":"<p>CC 1 - Jean Perdoux, presidente fundador del Club des Cent Cols, falleci\u00f3 el 13 de marzo a la edad de 87 a\u00f1os. Se cierra as\u00ed un largo cap\u00edtulo de la historia del Club des Cent Cols. Hemos perdido a nuestro gu\u00eda, pero no sus ideas.<\/p>\n\n\n<div class=\"wp-block-image\">\n<figure class=\"aligncenter size-full is-resized\"><img loading=\"lazy\" decoding=\"async\" width=\"1431\" height=\"1431\" src=\"https:\/\/centcols.org\/wp-content\/uploads\/2025\/02\/jeanperdoux-galibier-1.jpg\" alt=\"\" class=\"wp-image-79613\" style=\"width:800px\" srcset=\"https:\/\/centcols.org\/wp-content\/uploads\/2025\/02\/jeanperdoux-galibier-1.jpg 1431w, https:\/\/centcols.org\/wp-content\/uploads\/2025\/02\/jeanperdoux-galibier-1-150x150.jpg 150w, https:\/\/centcols.org\/wp-content\/uploads\/2025\/02\/jeanperdoux-galibier-1-1200x1200.jpg 1200w, https:\/\/centcols.org\/wp-content\/uploads\/2025\/02\/jeanperdoux-galibier-1-768x768.jpg 768w, https:\/\/centcols.org\/wp-content\/uploads\/2025\/02\/jeanperdoux-galibier-1-300x300.jpg 300w, https:\/\/centcols.org\/wp-content\/uploads\/2025\/02\/jeanperdoux-galibier-1-600x600.jpg 600w, https:\/\/centcols.org\/wp-content\/uploads\/2025\/02\/jeanperdoux-galibier-1-100x100.jpg 100w\" sizes=\"auto, (max-width: 1431px) 100vw, 1431px\" \/><\/figure>\n<\/div>\n\n<div class=\"wp-block-image\">\n<figure class=\"aligncenter size-full is-resized\"><img loading=\"lazy\" decoding=\"async\" width=\"1200\" height=\"675\" src=\"https:\/\/centcols.org\/wp-content\/uploads\/2025\/02\/plannicolas.jpg\" alt=\"\" class=\"wp-image-79614\" style=\"aspect-ratio:1;object-fit:cover;width:800px\" srcset=\"https:\/\/centcols.org\/wp-content\/uploads\/2025\/02\/plannicolas.jpg 1200w, https:\/\/centcols.org\/wp-content\/uploads\/2025\/02\/plannicolas-768x432.jpg 768w, https:\/\/centcols.org\/wp-content\/uploads\/2025\/02\/plannicolas-600x338.jpg 600w\" sizes=\"auto, (max-width: 1200px) 100vw, 1200px\" \/><figcaption class=\"wp-element-caption\">3 presidentes en el Collet du Plan Nicolas durante la ascensi\u00f3n al Col du Galibier con motivo del 80 cumplea\u00f1os de Henri Dusseau en 2013. \u00a9Foto G\u00e9rard Galland<\/figcaption><\/figure>\n<\/div>\n\n\n<div class=\"wp-block-columns is-layout-flex wp-container-core-columns-is-layout-9d6595d7 wp-block-columns-is-layout-flex\">\n<div class=\"wp-block-column is-layout-flow wp-block-column-is-layout-flow\">\n<h2 class=\"wp-block-heading\">Incipit del editorial del Presidente sobre la pr\u00f3xima revisi\u00f3n<\/h2>\n\n\n\n<p>Triste noticia: Jean Perdoux ya no est\u00e1 entre nosotros<\/p>\n\n\n\n<p>Jean Perdoux, presidente fundador del Club des Cent Cols, falleci\u00f3 el 13 de marzo a la edad de 87 a\u00f1os. Se cierra as\u00ed un largo cap\u00edtulo de la historia del Club des Cent Cols. Hemos perdido a nuestro gu\u00eda, pero no sus ideas.<\/p>\n\n\n\n<p>\u00bfQui\u00e9n era Jean? Jean Perdoux fue una persona extraordinaria que hizo cosas extraordinarias.  Sin \u00e9l, el Club des Cent Cols nunca habr\u00eda existido, nunca nos habr\u00edamos conocido. As\u00ed que tenemos que agradecer a nuestras estrellas de la suerte que Jean creara la hermandad, que nos permite practicar nuestro deporte, el ciclismo, de forma apasionada. Jean nos dio una meta y unos objetivos.  Jean tambi\u00e9n fue el responsable de la construcci\u00f3n del carril bici que rodea el lago de Annecy.  Este carril tiene una larga historia y no se termin\u00f3 hasta 2022. Jean nos explic\u00f3 el lago de Annecy y el carril bici durante la parada en Le Bon Wagon durante el recorrido por el lago el domingo 6 de noviembre de 2022 por la ma\u00f1ana, el d\u00eda despu\u00e9s de la Asamblea General del 50\u00ba Aniversario del Club. Por supuesto, Jean hizo muchas otras cosas en su vida para ayudar a los dem\u00e1s, a la FFCT y a su comunidad local. Jean era un hombre generoso.<\/p>\n\n\n\n<p>Jean siempre estar\u00e1 en nuestra memoria, y nos acordaremos de \u00e9l cada vez que crucemos un puerto de monta\u00f1a.  Una buena forma de recordar a Jean es que muchos ciclistas se apuntan al reto \u00abLes Cent Cols de Jean Perdoux\u00bb, para el que hay que cruzar los cien primeros puertos escalados por el presidente fundador del club.<\/p>\n\n\n\n<p>El Consejo de Administraci\u00f3n del Club ha decidido bautizar el tradicional encuentro internacional con el nombre de Jean, por lo que a partir de la pr\u00f3xima reuni\u00f3n se denominar\u00e1 \u00abRassemblement international annuel Jean Perdoux\u00bb.<\/p>\n\n\n\n<p>Enrico Alberini<br>Presidente del Club des Cent Cols<\/p>\n\n\n\n<h2 class=\"wp-block-heading\">Estos son algunos de los testimonios que escuchamos cuando nos enteramos de su muerte:<\/h2>\n\n\n\n<p><em>Emociones y recuerdos ante la noticia de la muerte de Jean Perdoux.<br>Ha sido una p\u00e9rdida muy emotiva perder al hombre que tuvo la brillante idea de crear nuestra Cofrad\u00eda, que hoy, m\u00e1s de 50 a\u00f1os despu\u00e9s de su fundaci\u00f3n, sigue reuniendo a los aficionados a la bicicleta de monta\u00f1a.<br>Recuerdos de las numerosas reuniones en las que Jean evocaba en sus discursos los valores de esfuerzo, ayuda mutua, amistad y sencillez que tanto apreciaba. Recuerdos tambi\u00e9n de las asambleas generales a las que siempre asist\u00eda, en persona o enviando un mensaje.<\/em><br><em>Mis condolencias a Tanou, a sus hijos y a toda la familia. Claude B\u00e9nistrand CC 0284 y Presidente de Honor<\/em><\/p>\n\n\n\n<p><em>La noticia de la muerte de Jean-Perdoux es muy triste.<br>Padre fundador de nuestra gran cofrad\u00eda, y antiguo miembro de la junta directiva de la FFCT. Adem\u00e1s de los puertos de monta\u00f1a, le gustaban mucho las postales antiguas, sobre todo las humor\u00edsticas de tem\u00e1tica ciclista que de vez en cuando cuelgo en mi p\u00e1gina de Facebook, como le gustaba decirme...<br>Adi\u00f3s, querida Jean.<br>Mis condolencias a su familia. Jean-Marc Lef\u00e8vre CC3331<\/em><\/p>\n\n\n\n<p><em>Recib\u00ed la informaci\u00f3n de varias personas porque Jean era conocido y reconocido desde hac\u00eda mucho tiempo por todo lo que hab\u00eda aportado al cicloturismo, a los 100 cols, pero tambi\u00e9n a la federaci\u00f3n y al departamento de Alta Saboya y a todos aquellos con los que estuvo en contacto.<br>No podr\u00e9 ir a Annecy el martes para el funeral, pero la Federaci\u00f3n estar\u00e1 representada.<br>Atentamente<\/em>. <em>Martine Cano Presidenta de la Federaci\u00f3n Francesa de Ciclismo<\/em><\/p>\n\n\n\n<p><em>Buenas noches a todos,<br>Buenos recuerdos... la visita a Annecy con motivo del 40 aniversario de la CCC (2012), el encuentro en el <a href=\"https:\/\/photos.google.com\/share\/AF1QipO-WPhiqBe6q-hi6QVjOhEqKQ1Pp0Ww75PjJzLnOCE1UxwoZTioqhhI_4PyYAHLHQ\/photo\/AF1QipOx1tcA_6ULhGe0S0KBaezUF3EYDk4AAPc-n32C?key=NnNuOUdPYkwyMHhSQ2xCX09MWWdVWmVkN2NpRmln\">Luitel en 2022<\/a>, la ascensi\u00f3n del Galibier (y <a href=\"https:\/\/photos.google.com\/share\/AF1QipOD7a7rQBAy7XXoU5egKuSgj90I1WiegY4jXAAdHZB7hfb6kE07hz8wcp3odpd0TQ\/photo\/AF1QipM8RPWnP-P40cTDYOp_GhADbW1db5COhV9Kgavh?key=WUFWcGYwUmlERDc1MEJ3cWstY3lDZlphOXR4ZWF3\">foto en el Collet de Plan Nicolas en 2013<\/a>) por el 80 cumplea\u00f1os de Henri Dusseau. Mis condolencias a su familia ...<br>Y mis mejores deseos para todos, es imposible olvidar a Jean ... al declarar un collar. G\u00e9rard GALLAND CCC 933<\/em><\/p>\n\n\n\n<p><em>Estimados cencolistas,<br>Al igual que todos los miembros, me entristece esta noticia. Ya no veremos a todos los presidentes delante de nosotros, como en Annecy.<br>No conoc\u00eda a Jean, s\u00f3lo le dije lo agradecido que estaba en la asamblea general del cincuentenario.<br>Condolencias a su familia. VAILLOUD christian CC 5215&nbsp;<\/em><\/p>\n\n\n\n<p><em>Un pensamiento para este momento&nbsp;<br>Muchas gracias a Jean por el \u00e9xito y el desarrollo de este club... sin el cual no habr\u00eda conocido ni podido descubrir nuestras hermosas cordilleras... Fran\u00e7oise Valluche<\/em><\/p>\n\n\n\n<p><em>Hola,<br>No conoc\u00ed personalmente a Jean Perdoux, pero como todo el mundo ha se\u00f1alado, hace 50 a\u00f1os impuls\u00f3 un proyecto que sigue fascinando a muchos amantes de la monta\u00f1a.<br>No asistir\u00e9 al funeral de Jean Perdoux.<br>Mis pensamientos est\u00e1n con su familia.<br>Saludos cordiales. Jean-Luc Matte<\/em><\/p>\n\n\n\n<p><em>La edad y la discapacidad ya no nos permiten recorrer largas distancias, pero siempre estaremos agradecidos a Jean Perdoux por haber fundado este club que amamos y por habernos permitido descubrir la monta\u00f1a bajo otra luz, con puertos de todo tipo en los que la recompensa del esfuerzo merec\u00eda la pena superarse. Gracias a \u00e9l, siempre tendremos un pensamiento amistoso para \u00e9l cuando recordemos nuestras excursiones a los puertos.<\/em> <em>Maryl\u00e8ne y Claude DUPONT<\/em><\/p>\n\n\n\n<p><em>Es una mala noticia, porque hemos perdido a un gran creador y entusiasta de la naturaleza.<br>Saludo la memoria de un fundador que nos permiti\u00f3 compartir su pasi\u00f3n. El descubrimiento y la b\u00fasqueda de pases nos permitieron superarnos a nosotros mismos, y hacer maravillosos conocidos dentro de este inmenso club.<br>Creo que desde all\u00ed arriba seguir\u00e1 velando por esta magn\u00edfica organizaci\u00f3n que son los 100 pases.<br>Mi m\u00e1s sentido p\u00e9same a su familia. Edouard Escribano cc 6741<\/em><\/p>\n\n\n\n<p><em>Buenas noches<br>Mis pensamientos est\u00e1n con Jean Perdoux, el fundador del Club des Cent Cols.<br>Me un\u00ed al club en 1994, hace 30 a\u00f1os, cuando se fund\u00f3 en 1972.<br>S\u00e9 lo mucho que le debo, ... , gracias.<br>Mi m\u00e1s sentido p\u00e9same a su familia, amigos y allegados. Yves Blache, cent cols n\u00b03876.<\/em><\/p>\n\n\n\n<p><em>&nbsp;La muerte de Jean Perdoux, con quien ten\u00edamos una relaci\u00f3n especial, es una noticia muy triste. Chantal se ha puesto en contacto con Tanou, la esposa de Jean, para expresarle nuestra tristeza y desearle lo mejor en los pr\u00f3ximos d\u00edas. Lamentablemente, no podremos asistir al funeral, ya que Chantal estar\u00e1 cuidando de su madre, que tiene 102 a\u00f1os.<br>Saludos cordiales. Alain Gillodes<\/em><\/p>\n\n\n\n<p>&nbsp;<em> Se\u00f1or Presidente, transmita mis condolencias a su familia. Su creaci\u00f3n, los Cent Cols, una idea sencilla e ingeniosa, perdurar\u00e1, y cada puerto de monta\u00f1a que se atraviese ser\u00e1 una forma de rendirle homenaje.<br>Le saluda atentamente J-P LESCOUEZEC<\/em><\/p>\n\n\n\n<p><em>Por supuesto, me enter\u00e9 con gran tristeza de la muerte de Jean.<br>Le conoc\u00ed como presidente de los cicloturistas de CHAMBERY cuando yo ten\u00eda 15 a\u00f1os e hice algunas salidas con \u00e9l.<br>y me dio muchos de sus conocimientos.<br>Jean fue compa\u00f1ero de mi padre, Gilbert, en Bourgey et Montreuil, en Chamb\u00e9ry, y m\u00e1s tarde en Annecy.<br>Tuve el placer de conocerle en la Asamblea General del Cincuentenario, celebrada en Annecy.<br>No podr\u00e9 asistir a la ceremonia del martes, pero pensar\u00e9 en \u00e9l y en todos los miembros del CCC.<\/em> <em>Pierre Barrucand n\u00ba 3926 nacido el 1 de octubre de 1949<\/em><\/p>\n<\/div>\n\n\n\n<div class=\"wp-block-column is-layout-flow wp-block-column-is-layout-flow\">\n<h2 class=\"wp-block-heading\">Discurso de R\u00e9gis Paraz en el funeral<\/h2>\n\n\n\n<p>No tengo ning\u00fan mandato oficial para intervenir en nombre del Club des Cent Cols, pero como amigo y antiguo presidente del club me gustar\u00eda rendirle homenaje y expresar mi apoyo a su familia en estos momentos tan dolorosos.<\/p>\n\n\n\n<p>En 2011, establecimos una relaci\u00f3n m\u00e1s personal en una reuni\u00f3n preparatoria de las celebraciones del cuadrag\u00e9simo aniversario del Cent Cols Club en 2012.<\/p>\n\n\n\n<p>Me incorpor\u00e9 al Club des Cent Cols en 1991, y la primera vez que vi a Jean fue en el Col du Luitel, en la celebraci\u00f3n del vig\u00e9simo aniversario del Club des Cent Cols, que \u00e9l fund\u00f3 en 1972. El Col du Luitel era el cent\u00e9simo puerto que Jean hab\u00eda escalado en su carrera como cicloturista, y fue all\u00ed donde tuvo la idea de reunir a todos los ciclistas aficionados a la monta\u00f1a y a escalar puertos.<\/p>\n\n\n\n<p>A pesar del tiempo sombr\u00edo, el 11 de julio de 1992 hubo una gran afluencia de p\u00fablico para celebrar este acontecimiento, prueba de que su idea era un tesoro de inteligencia y creatividad que reson\u00f3 entre muchos \u00abaficionados\u00bb.<\/p>\n\n\n\n<p>S\u00f3lo un miembro an\u00f3nimo y sin experiencia, descubr\u00ed a trav\u00e9s del discurso que pronunci\u00f3 aquel d\u00eda sus profundas convicciones, su filosof\u00eda y su compromiso con el cicloturismo. En otras reuniones y asambleas generales, expres\u00f3 siempre estas mismas convicciones.<\/p>\n\n\n\n<p>Las reglas que estableci\u00f3 reflejaban su gusto por el esfuerzo y su fe en la humanidad; eran sencillas y se basaban en la confianza, y cada uno declaraba los pasos que hab\u00eda cruzado s\u00f3lo con su fuerza muscular.<\/p>\n\n\n\n<p>Jean era un humanista muy comprometido con el compartir. Si quer\u00eda reunir a la gente en torno a su pasi\u00f3n por el cicloturismo y la monta\u00f1a, era tambi\u00e9n para defender valores como la amistad, la lealtad, la convivencia y la ayuda mutua.<\/p>\n\n\n\n<p>Esta idea de compartir se reflej\u00f3 en sus reuniones, donde institucionaliz\u00f3 el reparto de pan, vino y queso.<\/p>\n\n\n\n<p>Llev\u00f3 muy lejos su idea de unir a la gente promoviendo la internacionalizaci\u00f3n del Club. Su idea trascendi\u00f3 fronteras y atrajo a ciclistas de muchos pa\u00edses y de todos los continentes.<\/p>\n\n\n\n<p>Como fuerza unificadora, ha inspirado a m\u00e1s de 8.000 mujeres y hombres hasta la fecha, guiados por su poderosa idea.<\/p>\n\n\n\n<p>Hombre comprometido, defendi\u00f3 la causa del cicloturismo como director de la FFCT a principios de la d\u00e9cada de 1970. Faizant fue uno de los primeros miembros del Club des Cent Cols y aport\u00f3 gratuitamente algunos de sus dibujos para ilustrar la revista anual.  En 1975 fund\u00f3 el Comit\u00e9 D\u00e9partemental de Cyclotourisme de Haute-Savoie. Ciclista ecl\u00e9ctico, tambi\u00e9n contribuy\u00f3 a la promoci\u00f3n del ciclismo urbano como presidente del Club des Villes Cyclables. Fue el impulsor del magn\u00edfico carril bici a orillas del lago de Annecy.<\/p>\n\n\n\n<p>Durante mi participaci\u00f3n en el Club des Cent Cols, me esforc\u00e9 por mantener el esp\u00edritu de tolerancia y los valores a los que \u00e9l estaba tan apegado. Para m\u00ed era una fuente de apoyo, consejos y palabras amables, tanto en las reuniones del Club como en su casa, donde Tanou preparaba el almuerzo anual.<\/p>\n\n\n\n<p>Se acaba de pasar una larga p\u00e1gina en la historia del Club des Cent Cols. El club tambi\u00e9n est\u00e1 de luto. Compartimos el profundo dolor de la familia por la p\u00e9rdida de Jean, fundador y alma del club. Su pasi\u00f3n, dedicaci\u00f3n y visi\u00f3n han dejado huella en todos nosotros. A pesar de la cruel ausencia de Jean, el Club des Cent Cols seguir\u00e1 su camino, llevando consigo el precioso legado que nos dej\u00f3. Cada subida, cada kil\u00f3metro recorrido ser\u00e1 un vibrante homenaje a su memoria. Jean quedar\u00e1 para siempre grabado en nuestros corazones y en las cumbres que tanto le gustaba conquistar.<br> Mi m\u00e1s sentido p\u00e9same<\/p>\n\n\n\n<h3 class=\"wp-block-heading\"> Bernard Pommel conclu\u00eda as\u00ed su informe sobre los pasos atravesados por Napole\u00f3n <\/h3>\n\n\n\n<p>\u00abNapole\u00f3n: el ep\u00edlogo\u00bb<\/p>\n\n\n\n<p>Era el oto\u00f1o de 1820. Napole\u00f3n, que languidec\u00eda en Santa Elena, decidi\u00f3 pasar el tiempo contando los pasos que hab\u00eda cruzado. La cifra se aproxima e incluso supera ligeramente el centenar.\u00bb <em>Bueno\u00ab, pens\u00f3, \u00bbdespu\u00e9s de crear la Legi\u00f3n de Honor, podr\u00eda crear un club para la gente que ha escalado 100 puertos de monta\u00f1a... Lo llamar\u00eda la 'Legi\u00f3n de los Cien Puertos de Monta\u00f1a' o algo as\u00ed... Dir\u00eda que la regla es: para entrar en el club, tienes que haber escalado al menos 100 puertos de monta\u00f1a diferentes...\". <br> S\u00ed, pero \u00bfc\u00f3mo? \u00bfCon qu\u00e9 medios de transporte? \u00bfHay que contabilizar de la misma manera los desplazamientos a pie, a caballo o en veh\u00edculo de tracci\u00f3n animal?<\/em> \u00ab\u00a0<br>Napole\u00f3n se lo pens\u00f3 unos instantes, no se le ocurri\u00f3 ninguna soluci\u00f3n y abandon\u00f3 la idea.<\/p>\n\n\n\n<p>150 a\u00f1os despu\u00e9s, del lado de los Luitel, un tal Jean Perdoux...<a href=\"https:\/\/centcols.org\/historique\/historique_du_ccc.htm\" target=\"_blank\" rel=\"noreferrer noopener\">https:\/\/centcols.org\/historique\/historique_du_ccc.htm<\/a><\/p>\n\n\n\n<p>\u00bb<\/p>\n<\/div>\n<\/div>","protected":false},"excerpt":{"rendered":"<p>Jean Perdoux, presidente fundador del Club des Cent Cols, falleci\u00f3 el 13 de marzo a la edad de 87 a\u00f1os. Se cierra as\u00ed un largo cap\u00edtulo de la historia del Club des Cent Cols. Hemos perdido a nuestro gu\u00eda, pero no sus ideas.<\/p>","protected":false},"author":3,"featured_media":79613,"comment_status":"open","ping_status":"open","sticky":false,"template":"","format":"standard","meta":{"_acf_changed":false,"footnotes":""},"categories":[130,129],"tags":[],"class_list":["post-79612","post","type-post","status-publish","format-standard","has-post-thumbnail","hentry","category-carnet-noir","category-gazette"],"acf":[],"yoast_head":"<!-- This site is optimized with the Yoast SEO plugin v27.2 - https:\/\/yoast.com\/product\/yoast-seo-wordpress\/ -->\n<title>Jean Perdoux - Club des Cent Cols<\/title>\n<meta name=\"robots\" content=\"index, follow, max-snippet:-1, max-image-preview:large, max-video-preview:-1\" \/>\n<link rel=\"canonical\" href=\"https:\/\/centcols.org\/es\/jean-perdoux\/\" \/>\n<meta property=\"og:locale\" content=\"es_ES\" \/>\n<meta property=\"og:type\" content=\"article\" \/>\n<meta property=\"og:title\" content=\"Jean Perdoux - Club des Cent Cols\" \/>\n<meta property=\"og:description\" content=\"Jean Perdoux, pr\u00e9sident fondateur du Club des Cent Cols est d\u00e9c\u00e9d\u00e9 le 13 mars \u00e0 l\u2019\u00e2ge de 87 ans. C\u2019est une longue page de l\u2019histoire du Club des Cent Cols qui se tourne. Nous avons perdu notre guide, pas ses id\u00e9es.\" \/>\n<meta property=\"og:url\" content=\"https:\/\/centcols.org\/es\/jean-perdoux\/\" \/>\n<meta property=\"og:site_name\" content=\"Club des Cent Cols\" \/>\n<meta property=\"article:publisher\" content=\"https:\/\/www.facebook.com\/groups\/5261880558\/?locale=fr_FR\" \/>\n<meta property=\"article:published_time\" content=\"2024-04-16T07:35:26+00:00\" \/>\n<meta property=\"article:modified_time\" content=\"2025-09-13T06:04:06+00:00\" \/>\n<meta property=\"og:image\" content=\"https:\/\/centcols.org\/wp-content\/uploads\/2025\/02\/jeanperdoux-galibier-1.jpg\" \/>\n\t<meta property=\"og:image:width\" content=\"1431\" \/>\n\t<meta property=\"og:image:height\" content=\"1431\" \/>\n\t<meta property=\"og:image:type\" content=\"image\/jpeg\" \/>\n<meta name=\"author\" content=\"Webmestre\" \/>\n<meta name=\"twitter:card\" content=\"summary_large_image\" \/>\n<meta name=\"twitter:label1\" content=\"Escrito por\" \/>\n\t<meta name=\"twitter:data1\" content=\"Webmestre\" \/>\n\t<meta name=\"twitter:label2\" content=\"Tiempo de lectura\" \/>\n\t<meta name=\"twitter:data2\" content=\"12 minutos\" \/>\n<script type=\"application\/ld+json\" class=\"yoast-schema-graph\">{\"@context\":\"https:\/\/schema.org\",\"@graph\":[{\"@type\":\"Article\",\"@id\":\"https:\/\/centcols.org\/jean-perdoux\/#article\",\"isPartOf\":{\"@id\":\"https:\/\/centcols.org\/jean-perdoux\/\"},\"author\":{\"name\":\"Webmestre\",\"@id\":\"https:\/\/centcols.org\/#\/schema\/person\/911b404fb133d8c913dd27cdcf71c8e5\"},\"headline\":\"Jean Perdoux\",\"datePublished\":\"2024-04-16T07:35:26+00:00\",\"dateModified\":\"2025-09-13T06:04:06+00:00\",\"mainEntityOfPage\":{\"@id\":\"https:\/\/centcols.org\/jean-perdoux\/\"},\"wordCount\":2377,\"commentCount\":0,\"publisher\":{\"@id\":\"https:\/\/centcols.org\/#organization\"},\"image\":{\"@id\":\"https:\/\/centcols.org\/jean-perdoux\/#primaryimage\"},\"thumbnailUrl\":\"https:\/\/centcols.org\/wp-content\/uploads\/2025\/02\/jeanperdoux-galibier-1.jpg\",\"articleSection\":[\"Carnet noir\",\"Gazette\"],\"inLanguage\":\"es\",\"potentialAction\":[{\"@type\":\"CommentAction\",\"name\":\"Comment\",\"target\":[\"https:\/\/centcols.org\/jean-perdoux\/#respond\"]}]},{\"@type\":\"WebPage\",\"@id\":\"https:\/\/centcols.org\/jean-perdoux\/\",\"url\":\"https:\/\/centcols.org\/jean-perdoux\/\",\"name\":\"Jean Perdoux - Club des Cent Cols\",\"isPartOf\":{\"@id\":\"https:\/\/centcols.org\/#website\"},\"primaryImageOfPage\":{\"@id\":\"https:\/\/centcols.org\/jean-perdoux\/#primaryimage\"},\"image\":{\"@id\":\"https:\/\/centcols.org\/jean-perdoux\/#primaryimage\"},\"thumbnailUrl\":\"https:\/\/centcols.org\/wp-content\/uploads\/2025\/02\/jeanperdoux-galibier-1.jpg\",\"datePublished\":\"2024-04-16T07:35:26+00:00\",\"dateModified\":\"2025-09-13T06:04:06+00:00\",\"breadcrumb\":{\"@id\":\"https:\/\/centcols.org\/jean-perdoux\/#breadcrumb\"},\"inLanguage\":\"es\",\"potentialAction\":[{\"@type\":\"ReadAction\",\"target\":[\"https:\/\/centcols.org\/jean-perdoux\/\"]}]},{\"@type\":\"ImageObject\",\"inLanguage\":\"es\",\"@id\":\"https:\/\/centcols.org\/jean-perdoux\/#primaryimage\",\"url\":\"https:\/\/centcols.org\/wp-content\/uploads\/2025\/02\/jeanperdoux-galibier-1.jpg\",\"contentUrl\":\"https:\/\/centcols.org\/wp-content\/uploads\/2025\/02\/jeanperdoux-galibier-1.jpg\",\"width\":1431,\"height\":1431},{\"@type\":\"BreadcrumbList\",\"@id\":\"https:\/\/centcols.org\/jean-perdoux\/#breadcrumb\",\"itemListElement\":[{\"@type\":\"ListItem\",\"position\":1,\"name\":\"Accueil\",\"item\":\"https:\/\/centcols.org\/\"},{\"@type\":\"ListItem\",\"position\":2,\"name\":\"Gazette\",\"item\":\"https:\/\/centcols.org\/rubrique\/gazette\/\"},{\"@type\":\"ListItem\",\"position\":3,\"name\":\"Carnet noir\",\"item\":\"https:\/\/centcols.org\/rubrique\/gazette\/carnet-noir\/\"},{\"@type\":\"ListItem\",\"position\":4,\"name\":\"Jean Perdoux\"}]},{\"@type\":\"WebSite\",\"@id\":\"https:\/\/centcols.org\/#website\",\"url\":\"https:\/\/centcols.org\/\",\"name\":\"Club des Cent Cols\",\"description\":\"\",\"publisher\":{\"@id\":\"https:\/\/centcols.org\/#organization\"},\"potentialAction\":[{\"@type\":\"SearchAction\",\"target\":{\"@type\":\"EntryPoint\",\"urlTemplate\":\"https:\/\/centcols.org\/?s={search_term_string}\"},\"query-input\":{\"@type\":\"PropertyValueSpecification\",\"valueRequired\":true,\"valueName\":\"search_term_string\"}}],\"inLanguage\":\"es\"},{\"@type\":\"Organization\",\"@id\":\"https:\/\/centcols.org\/#organization\",\"name\":\"Club des Cent Cols\",\"url\":\"https:\/\/centcols.org\/\",\"logo\":{\"@type\":\"ImageObject\",\"inLanguage\":\"es\",\"@id\":\"https:\/\/centcols.org\/#\/schema\/logo\/image\/\",\"url\":\"https:\/\/centcols.org\/wp-content\/uploads\/2025\/01\/carte-icone.png\",\"contentUrl\":\"https:\/\/centcols.org\/wp-content\/uploads\/2025\/01\/carte-icone.png\",\"width\":250,\"height\":250,\"caption\":\"Club des Cent Cols\"},\"image\":{\"@id\":\"https:\/\/centcols.org\/#\/schema\/logo\/image\/\"},\"sameAs\":[\"https:\/\/www.facebook.com\/groups\/5261880558\/?locale=fr_FR\"]},{\"@type\":\"Person\",\"@id\":\"https:\/\/centcols.org\/#\/schema\/person\/911b404fb133d8c913dd27cdcf71c8e5\",\"name\":\"Webmestre\",\"image\":{\"@type\":\"ImageObject\",\"inLanguage\":\"es\",\"@id\":\"https:\/\/centcols.org\/wp-content\/litespeed\/avatar\/2d246e4b6b4f773e08515e1ffc53690b.jpg?ver=1777222892\",\"url\":\"https:\/\/centcols.org\/wp-content\/litespeed\/avatar\/2d246e4b6b4f773e08515e1ffc53690b.jpg?ver=1777222892\",\"contentUrl\":\"https:\/\/centcols.org\/wp-content\/litespeed\/avatar\/2d246e4b6b4f773e08515e1ffc53690b.jpg?ver=1777222892\",\"caption\":\"Webmestre\"},\"url\":\"https:\/\/centcols.org\/es\/author\/webmestre\/\"}]}<\/script>\n<!-- \/ Yoast SEO plugin. -->","yoast_head_json":{"title":"Jean Perdoux - Club des Cent Cols","robots":{"index":"index","follow":"follow","max-snippet":"max-snippet:-1","max-image-preview":"max-image-preview:large","max-video-preview":"max-video-preview:-1"},"canonical":"https:\/\/centcols.org\/es\/jean-perdoux\/","og_locale":"es_ES","og_type":"article","og_title":"Jean Perdoux - Club des Cent Cols","og_description":"Jean Perdoux, pr\u00e9sident fondateur du Club des Cent Cols est d\u00e9c\u00e9d\u00e9 le 13 mars \u00e0 l\u2019\u00e2ge de 87 ans. C\u2019est une longue page de l\u2019histoire du Club des Cent Cols qui se tourne. Nous avons perdu notre guide, pas ses id\u00e9es.","og_url":"https:\/\/centcols.org\/es\/jean-perdoux\/","og_site_name":"Club des Cent Cols","article_publisher":"https:\/\/www.facebook.com\/groups\/5261880558\/?locale=fr_FR","article_published_time":"2024-04-16T07:35:26+00:00","article_modified_time":"2025-09-13T06:04:06+00:00","og_image":[{"width":1431,"height":1431,"url":"https:\/\/centcols.org\/wp-content\/uploads\/2025\/02\/jeanperdoux-galibier-1.jpg","type":"image\/jpeg"}],"author":"Webmestre","twitter_card":"summary_large_image","twitter_misc":{"Escrito por":"Webmestre","Tiempo de lectura":"12 minutos"},"schema":{"@context":"https:\/\/schema.org","@graph":[{"@type":"Article","@id":"https:\/\/centcols.org\/jean-perdoux\/#article","isPartOf":{"@id":"https:\/\/centcols.org\/jean-perdoux\/"},"author":{"name":"Webmestre","@id":"https:\/\/centcols.org\/#\/schema\/person\/911b404fb133d8c913dd27cdcf71c8e5"},"headline":"Jean Perdoux","datePublished":"2024-04-16T07:35:26+00:00","dateModified":"2025-09-13T06:04:06+00:00","mainEntityOfPage":{"@id":"https:\/\/centcols.org\/jean-perdoux\/"},"wordCount":2377,"commentCount":0,"publisher":{"@id":"https:\/\/centcols.org\/#organization"},"image":{"@id":"https:\/\/centcols.org\/jean-perdoux\/#primaryimage"},"thumbnailUrl":"https:\/\/centcols.org\/wp-content\/uploads\/2025\/02\/jeanperdoux-galibier-1.jpg","articleSection":["Carnet noir","Gazette"],"inLanguage":"es","potentialAction":[{"@type":"CommentAction","name":"Comment","target":["https:\/\/centcols.org\/jean-perdoux\/#respond"]}]},{"@type":"WebPage","@id":"https:\/\/centcols.org\/jean-perdoux\/","url":"https:\/\/centcols.org\/jean-perdoux\/","name":"Jean Perdoux - Club des Cent Cols","isPartOf":{"@id":"https:\/\/centcols.org\/#website"},"primaryImageOfPage":{"@id":"https:\/\/centcols.org\/jean-perdoux\/#primaryimage"},"image":{"@id":"https:\/\/centcols.org\/jean-perdoux\/#primaryimage"},"thumbnailUrl":"https:\/\/centcols.org\/wp-content\/uploads\/2025\/02\/jeanperdoux-galibier-1.jpg","datePublished":"2024-04-16T07:35:26+00:00","dateModified":"2025-09-13T06:04:06+00:00","breadcrumb":{"@id":"https:\/\/centcols.org\/jean-perdoux\/#breadcrumb"},"inLanguage":"es","potentialAction":[{"@type":"ReadAction","target":["https:\/\/centcols.org\/jean-perdoux\/"]}]},{"@type":"ImageObject","inLanguage":"es","@id":"https:\/\/centcols.org\/jean-perdoux\/#primaryimage","url":"https:\/\/centcols.org\/wp-content\/uploads\/2025\/02\/jeanperdoux-galibier-1.jpg","contentUrl":"https:\/\/centcols.org\/wp-content\/uploads\/2025\/02\/jeanperdoux-galibier-1.jpg","width":1431,"height":1431},{"@type":"BreadcrumbList","@id":"https:\/\/centcols.org\/jean-perdoux\/#breadcrumb","itemListElement":[{"@type":"ListItem","position":1,"name":"Accueil","item":"https:\/\/centcols.org\/"},{"@type":"ListItem","position":2,"name":"Gazette","item":"https:\/\/centcols.org\/rubrique\/gazette\/"},{"@type":"ListItem","position":3,"name":"Carnet noir","item":"https:\/\/centcols.org\/rubrique\/gazette\/carnet-noir\/"},{"@type":"ListItem","position":4,"name":"Jean Perdoux"}]},{"@type":"WebSite","@id":"https:\/\/centcols.org\/#website","url":"https:\/\/centcols.org\/","name":"Club des Cent Cols","description":"","publisher":{"@id":"https:\/\/centcols.org\/#organization"},"potentialAction":[{"@type":"SearchAction","target":{"@type":"EntryPoint","urlTemplate":"https:\/\/centcols.org\/?s={search_term_string}"},"query-input":{"@type":"PropertyValueSpecification","valueRequired":true,"valueName":"search_term_string"}}],"inLanguage":"es"},{"@type":"Organization","@id":"https:\/\/centcols.org\/#organization","name":"Club des Cent Cols","url":"https:\/\/centcols.org\/","logo":{"@type":"ImageObject","inLanguage":"es","@id":"https:\/\/centcols.org\/#\/schema\/logo\/image\/","url":"https:\/\/centcols.org\/wp-content\/uploads\/2025\/01\/carte-icone.png","contentUrl":"https:\/\/centcols.org\/wp-content\/uploads\/2025\/01\/carte-icone.png","width":250,"height":250,"caption":"Club des Cent Cols"},"image":{"@id":"https:\/\/centcols.org\/#\/schema\/logo\/image\/"},"sameAs":["https:\/\/www.facebook.com\/groups\/5261880558\/?locale=fr_FR"]},{"@type":"Person","@id":"https:\/\/centcols.org\/#\/schema\/person\/911b404fb133d8c913dd27cdcf71c8e5","name":"Webmaster","image":{"@type":"ImageObject","inLanguage":"es","@id":"https:\/\/centcols.org\/wp-content\/litespeed\/avatar\/2d246e4b6b4f773e08515e1ffc53690b.jpg?ver=1777222892","url":"https:\/\/centcols.org\/wp-content\/litespeed\/avatar\/2d246e4b6b4f773e08515e1ffc53690b.jpg?ver=1777222892","contentUrl":"https:\/\/centcols.org\/wp-content\/litespeed\/avatar\/2d246e4b6b4f773e08515e1ffc53690b.jpg?ver=1777222892","caption":"Webmestre"},"url":"https:\/\/centcols.org\/es\/author\/webmestre\/"}]}},"_links":{"self":[{"href":"https:\/\/centcols.org\/es\/wp-json\/wp\/v2\/posts\/79612","targetHints":{"allow":["GET"]}}],"collection":[{"href":"https:\/\/centcols.org\/es\/wp-json\/wp\/v2\/posts"}],"about":[{"href":"https:\/\/centcols.org\/es\/wp-json\/wp\/v2\/types\/post"}],"author":[{"embeddable":true,"href":"https:\/\/centcols.org\/es\/wp-json\/wp\/v2\/users\/3"}],"replies":[{"embeddable":true,"href":"https:\/\/centcols.org\/es\/wp-json\/wp\/v2\/comments?post=79612"}],"version-history":[{"count":0,"href":"https:\/\/centcols.org\/es\/wp-json\/wp\/v2\/posts\/79612\/revisions"}],"wp:featuredmedia":[{"embeddable":true,"href":"https:\/\/centcols.org\/es\/wp-json\/wp\/v2\/media\/79613"}],"wp:attachment":[{"href":"https:\/\/centcols.org\/es\/wp-json\/wp\/v2\/media?parent=79612"}],"wp:term":[{"taxonomy":"category","embeddable":true,"href":"https:\/\/centcols.org\/es\/wp-json\/wp\/v2\/categories?post=79612"},{"taxonomy":"post_tag","embeddable":true,"href":"https:\/\/centcols.org\/es\/wp-json\/wp\/v2\/tags?post=79612"}],"curies":[{"name":"wp","href":"https:\/\/api.w.org\/{rel}","templated":true}]}}