{"id":79621,"date":"2024-11-04T09:10:12","date_gmt":"2024-11-04T07:10:12","guid":{"rendered":"https:\/\/centcols.org\/daniel-renaud\/"},"modified":"2025-09-13T07:49:19","modified_gmt":"2025-09-13T05:49:19","slug":"daniel-renaud","status":"publish","type":"post","link":"https:\/\/centcols.org\/es\/daniel-renaud\/","title":{"rendered":"Daniel Renaud"},"content":{"rendered":"<p>CC 6056 Daniel Renaud fallecido el 21 de octubre de 2024<\/p>\n\n\n\n<figure class=\"wp-block-gallery has-nested-images columns-default is-cropped wp-block-gallery-1 is-layout-flex wp-block-gallery-is-layout-flex\">\n<figure class=\"wp-block-image size-full\"><img loading=\"lazy\" decoding=\"async\" width=\"1200\" height=\"900\" data-id=\"90042\" src=\"https:\/\/centcols.org\/wp-content\/uploads\/2024\/11\/Daniel-2017-08-19-1200x900-1.jpg\" alt=\"\" class=\"wp-image-90042\" srcset=\"https:\/\/centcols.org\/wp-content\/uploads\/2024\/11\/Daniel-2017-08-19-1200x900-1.jpg 1200w, https:\/\/centcols.org\/wp-content\/uploads\/2024\/11\/Daniel-2017-08-19-1200x900-1-768x576.jpg 768w, https:\/\/centcols.org\/wp-content\/uploads\/2024\/11\/Daniel-2017-08-19-1200x900-1-16x12.jpg 16w\" sizes=\"auto, (max-width: 1200px) 100vw, 1200px\" \/><figcaption class=\"wp-element-caption\">Comentarios de los usuarios<\/figcaption><\/figure>\n\n\n\n<figure class=\"wp-block-image size-full\"><img loading=\"lazy\" decoding=\"async\" width=\"1200\" height=\"848\" data-id=\"90043\" src=\"https:\/\/centcols.org\/wp-content\/uploads\/2024\/11\/Daniel-1200x848-1.jpeg\" alt=\"\" class=\"wp-image-90043\" srcset=\"https:\/\/centcols.org\/wp-content\/uploads\/2024\/11\/Daniel-1200x848-1.jpeg 1200w, https:\/\/centcols.org\/wp-content\/uploads\/2024\/11\/Daniel-1200x848-1-768x543.jpeg 768w, https:\/\/centcols.org\/wp-content\/uploads\/2024\/11\/Daniel-1200x848-1-18x12.jpeg 18w\" sizes=\"auto, (max-width: 1200px) 100vw, 1200px\" \/><\/figure>\n<\/figure>\n\n\n\n<p>Ofrezco a Maryse las condolencias del Club des Cent cols y mi p\u00e9same personal. Daniel era mucho m\u00e1s que un miembro del Club, era una persona encantadora, una compa\u00f1\u00eda excelente y un amigo para m\u00ed.<br>Tendr\u00e9 muchos buenos recuerdos del tiempo que pasamos juntos en los viajes del Club.<br><strong>Enrico Alberini CCC n\u00ba 5065<\/strong><br>Presidente del Club<\/p>\n\n\n\n<p>Nos conocimos durante las estancias en la CCC. Me asombr\u00f3 con su potencia en las subidas.<br>Los norte\u00f1os echaremos de menos su voz y su acento sure\u00f1o.<br>Tambi\u00e9n le echar\u00e1n de menos sus clubes de ciclismo y esqu\u00ed, en los que era muy activo.<br>Nuestros pensamientos est\u00e1n con los que quedan, su familia y especialmente Maryse, a quien van nuestros pensamientos en este doloroso momento. <br><strong>Marie-Rose, Alain Brault CCC n\u00ba 3693<\/strong><\/p>\n\n\n\n<p>Buen viaje Daniel, mis vacaciones nunca volver\u00e1n a ser las mismas.<br>Mis condolencias a Maryse.<br><strong>Kris Claeys CCC N\u00b06373<\/strong><\/p>\n\n\n\n<p>Me llev\u00f3 un paseo en bicicleta encontrar el valor para reaccionar. \u00bfQu\u00e9 puedo a\u00f1adir a sus homenajes? Desde el principio, me dej\u00f3 boquiabierto en las bajadas: \u00a1sin agarrarse al manillar, con las manos a los lados en los frenos de aire! S\u00ed, Alain, le perdimos de vista en las subidas, pero cuando llegamos a la cima, su maillot de la ONCE nos estaba esperando. Bernard, me acuerdo de la b\u00fasqueda en Lavagna: \u00a1parodiando a Roberto B\u00e9nigni y besando los pies del ma\u00eetre! Por lo dem\u00e1s, Maryse tendr\u00e1 valor y podr\u00e1 contar con todos nosotros...<br><strong>Guy Chaurin CCC n\u00ba 6.685<\/strong><\/p>\n\n\n\n<p>Nuestro m\u00e1s sentido p\u00e9same a Maryse y a su familia. Guardaremos un grato recuerdo de Daniel, que siempre estaba dispuesto a sacar tiempo para hablar con todo el mundo, fomentando la cohesi\u00f3n y la amistad dentro del grupo. Todo nuestro apoyo a Maryse en estos dif\u00edciles momentos.<br><strong>Jo\u00eblle CCC N\u00b0 5345 y Gilles Mingat CCC N\u00b0 4442<\/strong><\/p>\n\n\n\n<p>Cuando Maryse y Daniel estaban presentes, sol\u00eda ser \u00e9l quien se encargaba de la colecta para la caja del personal del establecimiento que nos acog\u00eda.<br><strong>Bernard Giraudeau CCC n\u00ba 3872<\/strong><\/p>\n\n\n\n<p>Daniel y Maryse hab\u00edan llegado a Praz con un mont\u00f3n de regalitos, que se dispusieron en una mesa del vest\u00edbulo para los socios durante la copa de bienvenida.<br>Un gesto de amabilidad que le sent\u00f3 muy bien.<br><strong>Herv\u00e9 Reti\u00e8re CCC n\u00ba 6927<\/strong><br>Secretario General del Club<\/p>\n\n\n\n<p>Es una noticia triste, pero no podemos olvidar a Daniel, a quien conocimos en muchos de nuestros viajes.<br>Nuestras condolencias a Maryse y a su familia.<br><strong>Didier R\u00e9mond CIC n\u00ba 1202<\/strong><br>Dt01<\/p>\n\n\n\n<p>Que descanse en paz.<br><strong>Henri Dusseau CCC n\u00ba 705<\/strong><\/p>\n\n\n\n<p>Siempre guardar\u00e9 un grato recuerdo de Daniel, con quien compart\u00ed unas maravillosas vacaciones en Cent Cols (Vassieux en Vercors, Argel\u00e8s sur Mer y Sare).<br>Ofrezco mis condolencias a Maryse y a su familia.<br><strong>Bernard Cardineau CCC n\u00ba 5591<\/strong><\/p>\n\n\n\n<p>Daniel nos ha dejado demasiado pronto. Siempre fue un placer encontrarnos con \u00e9l y con Maryse en nuestros viajes.<br>Tuvimos la suerte de recibirlos en la reuni\u00f3n regional de Alpes del Norte el 26 de junio de 2017. Maryse, que vive en Cannes, vino a celebrar su pase n\u00famero 1.000 en el Col de La Croisette, \u00a1en la monta\u00f1a Sal\u00e8ve!<br><strong>Guy Harl\u00e9 CCC N\u00b05193<\/strong><\/p>\n\n\n\n<p>Nuestro m\u00e1s sentido p\u00e9same a Maryse y a su familia.<br>Tenemos buenos recuerdos de Daniel.<br><strong>Willy y Brigitte CCC n\u00ba 2749<\/strong><\/p>\n\n\n\n<p>Nuestras condolencias a Maryse y buena suerte en estos momentos dif\u00edciles.<br><strong>Martine CCC n\u00ba 7189 y Gilbert Dufaud CCC n\u00ba 7058<\/strong><\/p>","protected":false},"excerpt":{"rendered":"<p>CC 6056 Daniel Renaud d\u00e9c\u00e9d\u00e9 le 21 octobre 2024 Je pr\u00e9sente \u00e0 Maryse les condol\u00e9ances du Club des Cent cols et mes condol\u00e9ances personnelles. Daniel \u00e9tait bien plus qu&rsquo;un membre du Club, c&rsquo;\u00e9tait une personne charmante, une excellente compagnie et un ami pour moi.Je garderai de nombreux souvenirs du temps que nous avons pass\u00e9 ensemble [&hellip;]<\/p>\n","protected":false},"author":58,"featured_media":79657,"comment_status":"open","ping_status":"open","sticky":false,"template":"","format":"standard","meta":{"_acf_changed":false,"footnotes":""},"categories":[130,129],"tags":[],"class_list":["post-79621","post","type-post","status-publish","format-standard","has-post-thumbnail","hentry","category-carnet-noir","category-gazette"],"acf":[],"yoast_head":"<!-- This site is optimized with the Yoast SEO plugin v27.2 - https:\/\/yoast.com\/product\/yoast-seo-wordpress\/ -->\n<title>Daniel Renaud - Club des Cent Cols<\/title>\n<meta name=\"robots\" content=\"index, follow, max-snippet:-1, max-image-preview:large, max-video-preview:-1\" \/>\n<link rel=\"canonical\" href=\"https:\/\/centcols.org\/es\/daniel-renaud\/\" \/>\n<meta property=\"og:locale\" content=\"es_ES\" \/>\n<meta property=\"og:type\" content=\"article\" \/>\n<meta property=\"og:title\" content=\"Daniel Renaud - Club des Cent Cols\" \/>\n<meta property=\"og:description\" content=\"CC 6056 Daniel Renaud d\u00e9c\u00e9d\u00e9 le 21 octobre 2024 Je pr\u00e9sente \u00e0 Maryse les condol\u00e9ances du Club des Cent cols et mes condol\u00e9ances personnelles. Daniel \u00e9tait bien plus qu&rsquo;un membre du Club, c&rsquo;\u00e9tait une personne charmante, une excellente compagnie et un ami pour moi.Je garderai de nombreux souvenirs du temps que nous avons pass\u00e9 ensemble [&hellip;]\" \/>\n<meta property=\"og:url\" content=\"https:\/\/centcols.org\/es\/daniel-renaud\/\" \/>\n<meta property=\"og:site_name\" content=\"Club des Cent Cols\" \/>\n<meta property=\"article:publisher\" content=\"https:\/\/www.facebook.com\/groups\/5261880558\/?locale=fr_FR\" \/>\n<meta property=\"article:published_time\" content=\"2024-11-04T07:10:12+00:00\" \/>\n<meta property=\"article:modified_time\" content=\"2025-09-13T05:49:19+00:00\" \/>\n<meta property=\"og:image\" content=\"https:\/\/centcols.org\/wp-content\/uploads\/2025\/02\/Daniel-Renaud-CC-redim.jpg\" \/>\n\t<meta property=\"og:image:width\" content=\"1920\" \/>\n\t<meta property=\"og:image:height\" content=\"1080\" \/>\n\t<meta property=\"og:image:type\" content=\"image\/jpeg\" \/>\n<meta name=\"author\" content=\"Enrico Alberini\" \/>\n<meta name=\"twitter:card\" content=\"summary_large_image\" \/>\n<meta name=\"twitter:label1\" content=\"Escrito por\" \/>\n\t<meta name=\"twitter:data1\" content=\"Enrico Alberini\" \/>\n\t<meta name=\"twitter:label2\" content=\"Tiempo de lectura\" \/>\n\t<meta name=\"twitter:data2\" content=\"4 minutos\" \/>\n<script type=\"application\/ld+json\" class=\"yoast-schema-graph\">{\"@context\":\"https:\/\/schema.org\",\"@graph\":[{\"@type\":\"Article\",\"@id\":\"https:\/\/centcols.org\/daniel-renaud\/#article\",\"isPartOf\":{\"@id\":\"https:\/\/centcols.org\/daniel-renaud\/\"},\"author\":{\"name\":\"Enrico Alberini\",\"@id\":\"https:\/\/centcols.org\/#\/schema\/person\/86c3ec6889d88501a29fccac614bebf8\"},\"headline\":\"Daniel Renaud\",\"datePublished\":\"2024-11-04T07:10:12+00:00\",\"dateModified\":\"2025-09-13T05:49:19+00:00\",\"mainEntityOfPage\":{\"@id\":\"https:\/\/centcols.org\/daniel-renaud\/\"},\"wordCount\":617,\"commentCount\":0,\"publisher\":{\"@id\":\"https:\/\/centcols.org\/#organization\"},\"image\":{\"@id\":\"https:\/\/centcols.org\/daniel-renaud\/#primaryimage\"},\"thumbnailUrl\":\"https:\/\/centcols.org\/wp-content\/uploads\/2025\/02\/Daniel-Renaud-CC-redim.jpg\",\"articleSection\":[\"Carnet noir\",\"Gazette\"],\"inLanguage\":\"es\",\"potentialAction\":[{\"@type\":\"CommentAction\",\"name\":\"Comment\",\"target\":[\"https:\/\/centcols.org\/daniel-renaud\/#respond\"]}]},{\"@type\":\"WebPage\",\"@id\":\"https:\/\/centcols.org\/daniel-renaud\/\",\"url\":\"https:\/\/centcols.org\/daniel-renaud\/\",\"name\":\"Daniel Renaud - Club des Cent Cols\",\"isPartOf\":{\"@id\":\"https:\/\/centcols.org\/#website\"},\"primaryImageOfPage\":{\"@id\":\"https:\/\/centcols.org\/daniel-renaud\/#primaryimage\"},\"image\":{\"@id\":\"https:\/\/centcols.org\/daniel-renaud\/#primaryimage\"},\"thumbnailUrl\":\"https:\/\/centcols.org\/wp-content\/uploads\/2025\/02\/Daniel-Renaud-CC-redim.jpg\",\"datePublished\":\"2024-11-04T07:10:12+00:00\",\"dateModified\":\"2025-09-13T05:49:19+00:00\",\"breadcrumb\":{\"@id\":\"https:\/\/centcols.org\/daniel-renaud\/#breadcrumb\"},\"inLanguage\":\"es\",\"potentialAction\":[{\"@type\":\"ReadAction\",\"target\":[\"https:\/\/centcols.org\/daniel-renaud\/\"]}]},{\"@type\":\"ImageObject\",\"inLanguage\":\"es\",\"@id\":\"https:\/\/centcols.org\/daniel-renaud\/#primaryimage\",\"url\":\"https:\/\/centcols.org\/wp-content\/uploads\/2025\/02\/Daniel-Renaud-CC-redim.jpg\",\"contentUrl\":\"https:\/\/centcols.org\/wp-content\/uploads\/2025\/02\/Daniel-Renaud-CC-redim.jpg\",\"width\":1920,\"height\":1080},{\"@type\":\"BreadcrumbList\",\"@id\":\"https:\/\/centcols.org\/daniel-renaud\/#breadcrumb\",\"itemListElement\":[{\"@type\":\"ListItem\",\"position\":1,\"name\":\"Accueil\",\"item\":\"https:\/\/centcols.org\/\"},{\"@type\":\"ListItem\",\"position\":2,\"name\":\"Gazette\",\"item\":\"https:\/\/centcols.org\/rubrique\/gazette\/\"},{\"@type\":\"ListItem\",\"position\":3,\"name\":\"Carnet noir\",\"item\":\"https:\/\/centcols.org\/rubrique\/gazette\/carnet-noir\/\"},{\"@type\":\"ListItem\",\"position\":4,\"name\":\"Daniel Renaud\"}]},{\"@type\":\"WebSite\",\"@id\":\"https:\/\/centcols.org\/#website\",\"url\":\"https:\/\/centcols.org\/\",\"name\":\"Club des Cent Cols\",\"description\":\"\",\"publisher\":{\"@id\":\"https:\/\/centcols.org\/#organization\"},\"potentialAction\":[{\"@type\":\"SearchAction\",\"target\":{\"@type\":\"EntryPoint\",\"urlTemplate\":\"https:\/\/centcols.org\/?s={search_term_string}\"},\"query-input\":{\"@type\":\"PropertyValueSpecification\",\"valueRequired\":true,\"valueName\":\"search_term_string\"}}],\"inLanguage\":\"es\"},{\"@type\":\"Organization\",\"@id\":\"https:\/\/centcols.org\/#organization\",\"name\":\"Club des Cent Cols\",\"url\":\"https:\/\/centcols.org\/\",\"logo\":{\"@type\":\"ImageObject\",\"inLanguage\":\"es\",\"@id\":\"https:\/\/centcols.org\/#\/schema\/logo\/image\/\",\"url\":\"https:\/\/centcols.org\/wp-content\/uploads\/2025\/01\/carte-icone.png\",\"contentUrl\":\"https:\/\/centcols.org\/wp-content\/uploads\/2025\/01\/carte-icone.png\",\"width\":250,\"height\":250,\"caption\":\"Club des Cent Cols\"},\"image\":{\"@id\":\"https:\/\/centcols.org\/#\/schema\/logo\/image\/\"},\"sameAs\":[\"https:\/\/www.facebook.com\/groups\/5261880558\/?locale=fr_FR\"]},{\"@type\":\"Person\",\"@id\":\"https:\/\/centcols.org\/#\/schema\/person\/86c3ec6889d88501a29fccac614bebf8\",\"name\":\"Enrico Alberini\",\"image\":{\"@type\":\"ImageObject\",\"inLanguage\":\"es\",\"@id\":\"https:\/\/centcols.org\/wp-content\/litespeed\/avatar\/1b26e36a18d85acc8b0f860f9628213f.jpg?ver=1777240766\",\"url\":\"https:\/\/centcols.org\/wp-content\/litespeed\/avatar\/1b26e36a18d85acc8b0f860f9628213f.jpg?ver=1777240766\",\"contentUrl\":\"https:\/\/centcols.org\/wp-content\/litespeed\/avatar\/1b26e36a18d85acc8b0f860f9628213f.jpg?ver=1777240766\",\"caption\":\"Enrico Alberini\"},\"url\":\"https:\/\/centcols.org\/es\/author\/5065\/\"}]}<\/script>\n<!-- \/ Yoast SEO plugin. -->","yoast_head_json":{"title":"Daniel Renaud - Club des Cent Cols","robots":{"index":"index","follow":"follow","max-snippet":"max-snippet:-1","max-image-preview":"max-image-preview:large","max-video-preview":"max-video-preview:-1"},"canonical":"https:\/\/centcols.org\/es\/daniel-renaud\/","og_locale":"es_ES","og_type":"article","og_title":"Daniel Renaud - Club des Cent Cols","og_description":"CC 6056 Daniel Renaud d\u00e9c\u00e9d\u00e9 le 21 octobre 2024 Je pr\u00e9sente \u00e0 Maryse les condol\u00e9ances du Club des Cent cols et mes condol\u00e9ances personnelles. Daniel \u00e9tait bien plus qu&rsquo;un membre du Club, c&rsquo;\u00e9tait une personne charmante, une excellente compagnie et un ami pour moi.Je garderai de nombreux souvenirs du temps que nous avons pass\u00e9 ensemble [&hellip;]","og_url":"https:\/\/centcols.org\/es\/daniel-renaud\/","og_site_name":"Club des Cent Cols","article_publisher":"https:\/\/www.facebook.com\/groups\/5261880558\/?locale=fr_FR","article_published_time":"2024-11-04T07:10:12+00:00","article_modified_time":"2025-09-13T05:49:19+00:00","og_image":[{"width":1920,"height":1080,"url":"https:\/\/centcols.org\/wp-content\/uploads\/2025\/02\/Daniel-Renaud-CC-redim.jpg","type":"image\/jpeg"}],"author":"Enrico Alberini","twitter_card":"summary_large_image","twitter_misc":{"Escrito por":"Enrico Alberini","Tiempo de lectura":"4 minutos"},"schema":{"@context":"https:\/\/schema.org","@graph":[{"@type":"Article","@id":"https:\/\/centcols.org\/daniel-renaud\/#article","isPartOf":{"@id":"https:\/\/centcols.org\/daniel-renaud\/"},"author":{"name":"Enrico Alberini","@id":"https:\/\/centcols.org\/#\/schema\/person\/86c3ec6889d88501a29fccac614bebf8"},"headline":"Daniel Renaud","datePublished":"2024-11-04T07:10:12+00:00","dateModified":"2025-09-13T05:49:19+00:00","mainEntityOfPage":{"@id":"https:\/\/centcols.org\/daniel-renaud\/"},"wordCount":617,"commentCount":0,"publisher":{"@id":"https:\/\/centcols.org\/#organization"},"image":{"@id":"https:\/\/centcols.org\/daniel-renaud\/#primaryimage"},"thumbnailUrl":"https:\/\/centcols.org\/wp-content\/uploads\/2025\/02\/Daniel-Renaud-CC-redim.jpg","articleSection":["Carnet noir","Gazette"],"inLanguage":"es","potentialAction":[{"@type":"CommentAction","name":"Comment","target":["https:\/\/centcols.org\/daniel-renaud\/#respond"]}]},{"@type":"WebPage","@id":"https:\/\/centcols.org\/daniel-renaud\/","url":"https:\/\/centcols.org\/daniel-renaud\/","name":"Daniel Renaud - Club des Cent Cols","isPartOf":{"@id":"https:\/\/centcols.org\/#website"},"primaryImageOfPage":{"@id":"https:\/\/centcols.org\/daniel-renaud\/#primaryimage"},"image":{"@id":"https:\/\/centcols.org\/daniel-renaud\/#primaryimage"},"thumbnailUrl":"https:\/\/centcols.org\/wp-content\/uploads\/2025\/02\/Daniel-Renaud-CC-redim.jpg","datePublished":"2024-11-04T07:10:12+00:00","dateModified":"2025-09-13T05:49:19+00:00","breadcrumb":{"@id":"https:\/\/centcols.org\/daniel-renaud\/#breadcrumb"},"inLanguage":"es","potentialAction":[{"@type":"ReadAction","target":["https:\/\/centcols.org\/daniel-renaud\/"]}]},{"@type":"ImageObject","inLanguage":"es","@id":"https:\/\/centcols.org\/daniel-renaud\/#primaryimage","url":"https:\/\/centcols.org\/wp-content\/uploads\/2025\/02\/Daniel-Renaud-CC-redim.jpg","contentUrl":"https:\/\/centcols.org\/wp-content\/uploads\/2025\/02\/Daniel-Renaud-CC-redim.jpg","width":1920,"height":1080},{"@type":"BreadcrumbList","@id":"https:\/\/centcols.org\/daniel-renaud\/#breadcrumb","itemListElement":[{"@type":"ListItem","position":1,"name":"Accueil","item":"https:\/\/centcols.org\/"},{"@type":"ListItem","position":2,"name":"Gazette","item":"https:\/\/centcols.org\/rubrique\/gazette\/"},{"@type":"ListItem","position":3,"name":"Carnet noir","item":"https:\/\/centcols.org\/rubrique\/gazette\/carnet-noir\/"},{"@type":"ListItem","position":4,"name":"Daniel Renaud"}]},{"@type":"WebSite","@id":"https:\/\/centcols.org\/#website","url":"https:\/\/centcols.org\/","name":"Club des Cent Cols","description":"","publisher":{"@id":"https:\/\/centcols.org\/#organization"},"potentialAction":[{"@type":"SearchAction","target":{"@type":"EntryPoint","urlTemplate":"https:\/\/centcols.org\/?s={search_term_string}"},"query-input":{"@type":"PropertyValueSpecification","valueRequired":true,"valueName":"search_term_string"}}],"inLanguage":"es"},{"@type":"Organization","@id":"https:\/\/centcols.org\/#organization","name":"Club des Cent Cols","url":"https:\/\/centcols.org\/","logo":{"@type":"ImageObject","inLanguage":"es","@id":"https:\/\/centcols.org\/#\/schema\/logo\/image\/","url":"https:\/\/centcols.org\/wp-content\/uploads\/2025\/01\/carte-icone.png","contentUrl":"https:\/\/centcols.org\/wp-content\/uploads\/2025\/01\/carte-icone.png","width":250,"height":250,"caption":"Club des Cent Cols"},"image":{"@id":"https:\/\/centcols.org\/#\/schema\/logo\/image\/"},"sameAs":["https:\/\/www.facebook.com\/groups\/5261880558\/?locale=fr_FR"]},{"@type":"Person","@id":"https:\/\/centcols.org\/#\/schema\/person\/86c3ec6889d88501a29fccac614bebf8","name":"Enrico Alberini","image":{"@type":"ImageObject","inLanguage":"es","@id":"https:\/\/centcols.org\/wp-content\/litespeed\/avatar\/1b26e36a18d85acc8b0f860f9628213f.jpg?ver=1777240766","url":"https:\/\/centcols.org\/wp-content\/litespeed\/avatar\/1b26e36a18d85acc8b0f860f9628213f.jpg?ver=1777240766","contentUrl":"https:\/\/centcols.org\/wp-content\/litespeed\/avatar\/1b26e36a18d85acc8b0f860f9628213f.jpg?ver=1777240766","caption":"Enrico Alberini"},"url":"https:\/\/centcols.org\/es\/author\/5065\/"}]}},"_links":{"self":[{"href":"https:\/\/centcols.org\/es\/wp-json\/wp\/v2\/posts\/79621","targetHints":{"allow":["GET"]}}],"collection":[{"href":"https:\/\/centcols.org\/es\/wp-json\/wp\/v2\/posts"}],"about":[{"href":"https:\/\/centcols.org\/es\/wp-json\/wp\/v2\/types\/post"}],"author":[{"embeddable":true,"href":"https:\/\/centcols.org\/es\/wp-json\/wp\/v2\/users\/58"}],"replies":[{"embeddable":true,"href":"https:\/\/centcols.org\/es\/wp-json\/wp\/v2\/comments?post=79621"}],"version-history":[{"count":0,"href":"https:\/\/centcols.org\/es\/wp-json\/wp\/v2\/posts\/79621\/revisions"}],"wp:featuredmedia":[{"embeddable":true,"href":"https:\/\/centcols.org\/es\/wp-json\/wp\/v2\/media\/79657"}],"wp:attachment":[{"href":"https:\/\/centcols.org\/es\/wp-json\/wp\/v2\/media?parent=79621"}],"wp:term":[{"taxonomy":"category","embeddable":true,"href":"https:\/\/centcols.org\/es\/wp-json\/wp\/v2\/categories?post=79621"},{"taxonomy":"post_tag","embeddable":true,"href":"https:\/\/centcols.org\/es\/wp-json\/wp\/v2\/tags?post=79621"}],"curies":[{"name":"wp","href":"https:\/\/api.w.org\/{rel}","templated":true}]}}