{"id":79822,"date":"2025-02-13T13:48:35","date_gmt":"2025-02-13T11:48:35","guid":{"rendered":"https:\/\/centcols.org\/?p=79822"},"modified":"2025-09-16T03:00:46","modified_gmt":"2025-09-16T01:00:46","slug":"collar-de-la-puerta","status":"publish","type":"post","link":"https:\/\/centcols.org\/es\/col-des-portes\/","title":{"rendered":"Col des Portes"},"content":{"rendered":"\n<blockquote class=\"wp-block-quote is-layout-flow wp-block-quote-is-layout-flow\">\n<p class=\"has-text-align-left\"><em>Un article de G\u00e9rard Galland<\/em> <em>et Bernard Giraudeau (pour la partie g\u00e9ologie)<\/em><\/p>\n<\/blockquote>\n\n\n\n<p>Le\u00a0<strong>Col des Portes<\/strong>\u00a0<a href=\"https:\/\/centcols.org\/util\/geo\/visu.php?code=FR-05-1835\">FR-05-1835<\/a><\/p>\n\n\n<div class=\"wp-block-image\">\n<figure class=\"aligncenter size-full\"><img loading=\"lazy\" decoding=\"async\" width=\"1006\" height=\"566\" src=\"https:\/\/centcols.org\/wp-content\/uploads\/2025\/02\/1-ORATOIRE-COL-DES-PORTES-1.jpg\" alt=\"\" class=\"wp-image-79823\" srcset=\"https:\/\/centcols.org\/wp-content\/uploads\/2025\/02\/1-ORATOIRE-COL-DES-PORTES-1.jpg 1006w, https:\/\/centcols.org\/wp-content\/uploads\/2025\/02\/1-ORATOIRE-COL-DES-PORTES-1-768x432.jpg 768w, https:\/\/centcols.org\/wp-content\/uploads\/2025\/02\/1-ORATOIRE-COL-DES-PORTES-1-600x338.jpg 600w\" sizes=\"auto, (max-width: 1006px) 100vw, 1006px\" \/><figcaption class=\"wp-element-caption\">Col des Portes \u2013 [FR-05-1835] \u2013 Oratoire Sainte-Anne<\/figcaption><\/figure>\n<\/div>\n\n\n<h2 class=\"wp-block-heading\">Toponymie<\/h2>\n\n\n\n<p><strong>Porte<\/strong>&nbsp;est le nom de nombreux lieux-dits. Le nom de plusieurs communes commence par porte.<br>Dans le catalogue des cols de France on trouve&nbsp;147 fois le terme porte (ou portes) dont 9&nbsp; cols des Portes.<\/p>\n\n\n\n<h2 class=\"wp-block-heading\">Situation G\u00e9ographique<\/h2>\n\n\n\n<h3 class=\"wp-block-heading\">Massif<\/h3>\n\n\n\n<p>Le Col des Portes est situ\u00e9 au sud du massif des Arves<\/p>\n\n\n\n<h3 class=\"wp-block-heading\">G\u00e9ologie&nbsp;<\/h3>\n\n\n\n<p>Le Col des Portes se situe au dessus d\u2019un rude escarpement de la rive droite de la Romanche, \u00e9rod\u00e9 au fil du temps par elle-m\u00eame. Le col se trouve pr\u00e9cis\u00e9ment sur une cr\u00eate arrondie entre le hameau des Terrasses et celui du Chazelet. Cette cr\u00eate mousse a \u00e9t\u00e9 individualis\u00e9e par le creusement de ravines de part et d\u2019autres dans des calcaires et des schistes argileux. Un vaste ensemble d\u2019alpages caract\u00e9rise cette partie du massif des Arves.<\/p>\n\n\n\n<p class=\"has-text-align-left\">Plus de d\u00e9tails pour les sp\u00e9cialistes\u00a0:<\/p>\n\n\n\n<p class=\"has-text-align-center\"><a href=\"http:\/\/www.geol-alp.com\/h_oisans\/_lieux\/romanche\/laGraveN.html\">http:\/\/www.geol-alp.com\/h_oisans\/_lieux\/romanche\/laGraveN.html<\/a><\/p>\n\n\n\n<h3 class=\"wp-block-heading\">Hydrographie<\/h3>\n\n\n\n<p>De chaque cot\u00e9 du col les eaux sont tributaires d\u2019affluents de la Romanche. A l\u2019est, du Torrent des Clots qui rejoint la Romanche imm\u00e9diatement &nbsp;en bas de la Grave et \u00e0 l\u2019ouest, du Torrent du Ga, qui se jette dans la Romanche aux Fr\u00e9aux apr\u00e8s la Cascade du Saut de la Pucelle.<\/p>\n\n\n\n<h3 class=\"wp-block-heading\">Acc\u00e8s<\/h3>\n\n\n<div class=\"wp-block-image\">\n<figure class=\"aligncenter size-full\"><img loading=\"lazy\" decoding=\"async\" width=\"1014\" height=\"474\" src=\"https:\/\/centcols.org\/wp-content\/uploads\/2025\/02\/3b-COL-DES-PORTES-CARTE.jpg\" alt=\"\" class=\"wp-image-79824\" srcset=\"https:\/\/centcols.org\/wp-content\/uploads\/2025\/02\/3b-COL-DES-PORTES-CARTE.jpg 1014w, https:\/\/centcols.org\/wp-content\/uploads\/2025\/02\/3b-COL-DES-PORTES-CARTE-768x359.jpg 768w, https:\/\/centcols.org\/wp-content\/uploads\/2025\/02\/3b-COL-DES-PORTES-CARTE-600x280.jpg 600w\" sizes=\"auto, (max-width: 1014px) 100vw, 1014px\" \/><figcaption class=\"wp-element-caption\">La croix bleue indique la position du Col des Portes<\/figcaption><\/figure>\n<\/div>\n\n\n<p><strong>Depuis la Grave<\/strong>, en remontant la vall\u00e9e de la Romanche par la D1091 en direction du Col du Lautaret, la D33 d\u00e9marre \u00e0 droite, \u00e0 la sortie du tunnel de Serre du Coin (1506 m). Elle passe au dessus du tunnel puis s\u2019\u00e9l\u00e8ve (\u00e0 gauche de la 1091) en direction du hameau de Ventalon, des Terrasses et du Chazelet.<\/p>\n\n\n\n<p>Le Col des Portes (1835 m) est situ\u00e9 entre le hameau des Terrasses (1767 m) &nbsp;et le Chazelet (1797 m).<\/p>\n\n\n\n<p>En VTT&nbsp;:&nbsp;<strong>du Plateau d\u2019Emparis<\/strong>, on peut descendre au Chazelet<\/p>\n\n\n\n<ul class=\"wp-block-list\">\n<li>Depuis le Col du Souchet (<a href=\"https:\/\/centcols.org\/util\/geo\/visu.php?code=FR-05-2365\">FR-05-2365<\/a>) en suivant le GR50 \u2013 GR54 par le Chalet de la Loge et \u00e0 proximit\u00e9 du t\u00e9l\u00e9ski du Plateau d\u2019Emparis\u00a0<em>(pas tr\u00e8s cyclable\u00a0!!!).<\/em><\/li>\n\n\n\n<li>Depuis le Col Saint Georges (<a href=\"https:\/\/centcols.org\/util\/geo\/visu.php?code=FR-38-2245a\">FR-38-2245a<\/a>), cyclable,\u00a0 par le Chalet Josserand, le Chalet Ougier et le \u00a0Chalet de la Grande Buffe.<\/li>\n<\/ul>\n\n\n\n<h2 class=\"wp-block-heading\">A voir \u2013 tourisme<\/h2>\n\n\n\n<h3 class=\"wp-block-heading\">Au col<\/h3>\n\n\n\n<p>Le Perchoir de&nbsp;<a href=\"https:\/\/www.oisans.com\/patrimoine-culturel\/oratoire-sainte-anne-du-chazelet\/\">l\u2019oratoire du Chazelet<\/a>&nbsp; : Plateforme d\u2019observation situ\u00e9e au Col des Portes (juste apr\u00e8s le petit oratoire du Chazelet ) de laquelle vous aurez une vue imprenable sur la vall\u00e9e.<\/p>\n\n\n\n<h3 class=\"wp-block-heading\">Le Chazelet<\/h3>\n\n\n\n<p>Le&nbsp;<a href=\"https:\/\/www.lagrave-lameije.com\/fr\/hiver\/decouvrir\/station-village-du-chazelet\">Chazelet est une petite station village<\/a>&nbsp;(4 t\u00e9l\u00e9skis et 1 t\u00e9l\u00e9si\u00e8ge)<\/p>\n\n\n\n<h2 class=\"wp-block-heading\">Situation administrative<\/h2>\n\n\n\n<p>Le Col des Portes est situ\u00e9 sur la commune de La Grave (Hautes Alpes).<\/p>\n\n\n\n<h2 class=\"wp-block-heading\">Histoire<\/h2>\n\n\n\n<p>Le vendredi 17 mai 1974,&nbsp;entre les deux tours de l\u2019\u00e9lection pr\u00e9sidentielle de 1974, le candidat, Valery Giscard d\u2019Estaing, alors ministre de l\u2019\u00c9conomie et des Finances, pour, selon sa formule, \u201d rencontrer des hommes et des femmes dans un village de France \u201c, avait choisi, le Chazelet<\/p>\n\n\n\n<h2 class=\"wp-block-heading\">Cyclisme et cyclotourisme<\/h2>\n\n\n\n<p>Le rev\u00eatement de la route se terminant au Chazelet, le Col des Portes n\u2019est pas situ\u00e9 sur les parcours de courses cyclistes ni d\u2019\u00e9preuves de cyclotourisme.<\/p>\n\n\n\n<p>Mais&nbsp; \u2026 Il n\u2019est pas oubli\u00e9 par les membres du Club des 100 cols. Son escalade est n\u00e9cessaire \u00e0 l\u2019obtention du Brevet des Cols Routiers des Hautes-Alpes \u2026 et pour cet objectif, il a fait l\u2019objet d\u2019un article dans la revue 2024 du CCC (pages 31 \u00e0 33).<\/p>\n\n\n\n<h2 class=\"wp-block-heading\">Profil<\/h2>\n\n\n\n<figure class=\"wp-block-image size-full\"><img loading=\"lazy\" decoding=\"async\" width=\"1032\" height=\"498\" src=\"https:\/\/centcols.org\/wp-content\/uploads\/2025\/02\/Profil-Col-des-Portes.jpg\" alt=\"\" class=\"wp-image-79825\" srcset=\"https:\/\/centcols.org\/wp-content\/uploads\/2025\/02\/Profil-Col-des-Portes.jpg 1032w, https:\/\/centcols.org\/wp-content\/uploads\/2025\/02\/Profil-Col-des-Portes-768x371.jpg 768w, https:\/\/centcols.org\/wp-content\/uploads\/2025\/02\/Profil-Col-des-Portes-600x290.jpg 600w\" sizes=\"auto, (max-width: 1032px) 100vw, 1032px\" \/><\/figure>\n\n\n\n<p>Du Tunnel de Serre du Coin au Col des Portes : 4,2 km et D+\u00a0: 292 m<br>Du Tunnel de Serre du Coin au Chazelet\u00a0: 5,2 km et D+\u00a0: 305 m<\/p>\n","protected":false},"excerpt":{"rendered":"<p>Un article de G\u00e9rard Galland et Bernard Giraudeau (pour la partie g\u00e9ologie) Le\u00a0Col des Portes\u00a0FR-05-1835 Toponymie Porte&nbsp;est le nom de nombreux lieux-dits. Le nom de plusieurs communes commence par porte.Dans le catalogue des cols de France on trouve&nbsp;147 fois le terme porte (ou portes) dont 9&nbsp; cols des Portes. Situation G\u00e9ographique Massif Le Col des [&hellip;]<\/p>\n","protected":false},"author":3,"featured_media":79823,"comment_status":"open","ping_status":"open","sticky":false,"template":"","format":"standard","meta":{"_acf_changed":false,"footnotes":""},"categories":[308],"tags":[],"class_list":["post-79822","post","type-post","status-publish","format-standard","has-post-thumbnail","hentry","category-cols-en-vrac"],"acf":[],"yoast_head":"<!-- This site is optimized with the Yoast SEO plugin v27.2 - https:\/\/yoast.com\/product\/yoast-seo-wordpress\/ -->\n<title>Col des Portes - Club des Cent Cols<\/title>\n<meta name=\"robots\" content=\"index, follow, max-snippet:-1, max-image-preview:large, max-video-preview:-1\" \/>\n<link rel=\"canonical\" href=\"https:\/\/centcols.org\/es\/collar-de-la-puerta\/\" \/>\n<meta property=\"og:locale\" content=\"es_ES\" \/>\n<meta property=\"og:type\" content=\"article\" \/>\n<meta property=\"og:title\" content=\"Col des Portes - Club des Cent Cols\" \/>\n<meta property=\"og:description\" content=\"Un article de G\u00e9rard Galland et Bernard Giraudeau (pour la partie g\u00e9ologie) Le\u00a0Col des Portes\u00a0FR-05-1835 Toponymie Porte&nbsp;est le nom de nombreux lieux-dits. Le nom de plusieurs communes commence par porte.Dans le catalogue des cols de France on trouve&nbsp;147 fois le terme porte (ou portes) dont 9&nbsp; cols des Portes. Situation G\u00e9ographique Massif Le Col des [&hellip;]\" \/>\n<meta property=\"og:url\" content=\"https:\/\/centcols.org\/es\/collar-de-la-puerta\/\" \/>\n<meta property=\"og:site_name\" content=\"Club des Cent Cols\" \/>\n<meta property=\"article:publisher\" content=\"https:\/\/www.facebook.com\/groups\/5261880558\/?locale=fr_FR\" \/>\n<meta property=\"article:published_time\" content=\"2025-02-13T11:48:35+00:00\" \/>\n<meta property=\"article:modified_time\" content=\"2025-09-16T01:00:46+00:00\" \/>\n<meta property=\"og:image\" content=\"https:\/\/centcols.org\/wp-content\/uploads\/2025\/02\/1-ORATOIRE-COL-DES-PORTES-1.jpg\" \/>\n\t<meta property=\"og:image:width\" content=\"1006\" \/>\n\t<meta property=\"og:image:height\" content=\"566\" \/>\n\t<meta property=\"og:image:type\" content=\"image\/jpeg\" \/>\n<meta name=\"author\" content=\"Webmestre\" \/>\n<meta name=\"twitter:card\" content=\"summary_large_image\" \/>\n<meta name=\"twitter:label1\" content=\"Escrito por\" \/>\n\t<meta name=\"twitter:data1\" content=\"Webmestre\" \/>\n\t<meta name=\"twitter:label2\" content=\"Tiempo de lectura\" \/>\n\t<meta name=\"twitter:data2\" content=\"4 minutos\" \/>\n<script type=\"application\/ld+json\" class=\"yoast-schema-graph\">{\"@context\":\"https:\/\/schema.org\",\"@graph\":[{\"@type\":\"Article\",\"@id\":\"https:\/\/centcols.org\/col-des-portes\/#article\",\"isPartOf\":{\"@id\":\"https:\/\/centcols.org\/col-des-portes\/\"},\"author\":{\"name\":\"Webmestre\",\"@id\":\"https:\/\/centcols.org\/#\/schema\/person\/911b404fb133d8c913dd27cdcf71c8e5\"},\"headline\":\"Col des Portes\",\"datePublished\":\"2025-02-13T11:48:35+00:00\",\"dateModified\":\"2025-09-16T01:00:46+00:00\",\"mainEntityOfPage\":{\"@id\":\"https:\/\/centcols.org\/col-des-portes\/\"},\"wordCount\":635,\"commentCount\":0,\"publisher\":{\"@id\":\"https:\/\/centcols.org\/#organization\"},\"image\":{\"@id\":\"https:\/\/centcols.org\/col-des-portes\/#primaryimage\"},\"thumbnailUrl\":\"https:\/\/centcols.org\/wp-content\/uploads\/2025\/02\/1-ORATOIRE-COL-DES-PORTES-1.jpg\",\"articleSection\":[\"Cols en vrac\"],\"inLanguage\":\"es\",\"potentialAction\":[{\"@type\":\"CommentAction\",\"name\":\"Comment\",\"target\":[\"https:\/\/centcols.org\/col-des-portes\/#respond\"]}]},{\"@type\":\"WebPage\",\"@id\":\"https:\/\/centcols.org\/col-des-portes\/\",\"url\":\"https:\/\/centcols.org\/col-des-portes\/\",\"name\":\"Col des Portes - Club des Cent Cols\",\"isPartOf\":{\"@id\":\"https:\/\/centcols.org\/#website\"},\"primaryImageOfPage\":{\"@id\":\"https:\/\/centcols.org\/col-des-portes\/#primaryimage\"},\"image\":{\"@id\":\"https:\/\/centcols.org\/col-des-portes\/#primaryimage\"},\"thumbnailUrl\":\"https:\/\/centcols.org\/wp-content\/uploads\/2025\/02\/1-ORATOIRE-COL-DES-PORTES-1.jpg\",\"datePublished\":\"2025-02-13T11:48:35+00:00\",\"dateModified\":\"2025-09-16T01:00:46+00:00\",\"breadcrumb\":{\"@id\":\"https:\/\/centcols.org\/col-des-portes\/#breadcrumb\"},\"inLanguage\":\"es\",\"potentialAction\":[{\"@type\":\"ReadAction\",\"target\":[\"https:\/\/centcols.org\/col-des-portes\/\"]}]},{\"@type\":\"ImageObject\",\"inLanguage\":\"es\",\"@id\":\"https:\/\/centcols.org\/col-des-portes\/#primaryimage\",\"url\":\"https:\/\/centcols.org\/wp-content\/uploads\/2025\/02\/1-ORATOIRE-COL-DES-PORTES-1.jpg\",\"contentUrl\":\"https:\/\/centcols.org\/wp-content\/uploads\/2025\/02\/1-ORATOIRE-COL-DES-PORTES-1.jpg\",\"width\":1006,\"height\":566},{\"@type\":\"BreadcrumbList\",\"@id\":\"https:\/\/centcols.org\/col-des-portes\/#breadcrumb\",\"itemListElement\":[{\"@type\":\"ListItem\",\"position\":1,\"name\":\"Accueil\",\"item\":\"https:\/\/centcols.org\/\"},{\"@type\":\"ListItem\",\"position\":2,\"name\":\"Cols en vrac\",\"item\":\"https:\/\/centcols.org\/rubrique\/cols-en-vrac\/\"},{\"@type\":\"ListItem\",\"position\":3,\"name\":\"Col des Portes\"}]},{\"@type\":\"WebSite\",\"@id\":\"https:\/\/centcols.org\/#website\",\"url\":\"https:\/\/centcols.org\/\",\"name\":\"Club des Cent Cols\",\"description\":\"\",\"publisher\":{\"@id\":\"https:\/\/centcols.org\/#organization\"},\"potentialAction\":[{\"@type\":\"SearchAction\",\"target\":{\"@type\":\"EntryPoint\",\"urlTemplate\":\"https:\/\/centcols.org\/?s={search_term_string}\"},\"query-input\":{\"@type\":\"PropertyValueSpecification\",\"valueRequired\":true,\"valueName\":\"search_term_string\"}}],\"inLanguage\":\"es\"},{\"@type\":\"Organization\",\"@id\":\"https:\/\/centcols.org\/#organization\",\"name\":\"Club des Cent Cols\",\"url\":\"https:\/\/centcols.org\/\",\"logo\":{\"@type\":\"ImageObject\",\"inLanguage\":\"es\",\"@id\":\"https:\/\/centcols.org\/#\/schema\/logo\/image\/\",\"url\":\"https:\/\/centcols.org\/wp-content\/uploads\/2025\/01\/carte-icone.png\",\"contentUrl\":\"https:\/\/centcols.org\/wp-content\/uploads\/2025\/01\/carte-icone.png\",\"width\":250,\"height\":250,\"caption\":\"Club des Cent Cols\"},\"image\":{\"@id\":\"https:\/\/centcols.org\/#\/schema\/logo\/image\/\"},\"sameAs\":[\"https:\/\/www.facebook.com\/groups\/5261880558\/?locale=fr_FR\"]},{\"@type\":\"Person\",\"@id\":\"https:\/\/centcols.org\/#\/schema\/person\/911b404fb133d8c913dd27cdcf71c8e5\",\"name\":\"Webmestre\",\"image\":{\"@type\":\"ImageObject\",\"inLanguage\":\"es\",\"@id\":\"https:\/\/centcols.org\/wp-content\/litespeed\/avatar\/2d246e4b6b4f773e08515e1ffc53690b.jpg?ver=1777222892\",\"url\":\"https:\/\/centcols.org\/wp-content\/litespeed\/avatar\/2d246e4b6b4f773e08515e1ffc53690b.jpg?ver=1777222892\",\"contentUrl\":\"https:\/\/centcols.org\/wp-content\/litespeed\/avatar\/2d246e4b6b4f773e08515e1ffc53690b.jpg?ver=1777222892\",\"caption\":\"Webmestre\"},\"url\":\"https:\/\/centcols.org\/es\/author\/webmestre\/\"}]}<\/script>\n<!-- \/ Yoast SEO plugin. -->","yoast_head_json":{"title":"Col des Portes - Club des Cent Cols","robots":{"index":"index","follow":"follow","max-snippet":"max-snippet:-1","max-image-preview":"max-image-preview:large","max-video-preview":"max-video-preview:-1"},"canonical":"https:\/\/centcols.org\/es\/collar-de-la-puerta\/","og_locale":"es_ES","og_type":"article","og_title":"Col des Portes - Club des Cent Cols","og_description":"Un article de G\u00e9rard Galland et Bernard Giraudeau (pour la partie g\u00e9ologie) Le\u00a0Col des Portes\u00a0FR-05-1835 Toponymie Porte&nbsp;est le nom de nombreux lieux-dits. Le nom de plusieurs communes commence par porte.Dans le catalogue des cols de France on trouve&nbsp;147 fois le terme porte (ou portes) dont 9&nbsp; cols des Portes. Situation G\u00e9ographique Massif Le Col des [&hellip;]","og_url":"https:\/\/centcols.org\/es\/collar-de-la-puerta\/","og_site_name":"Club des Cent Cols","article_publisher":"https:\/\/www.facebook.com\/groups\/5261880558\/?locale=fr_FR","article_published_time":"2025-02-13T11:48:35+00:00","article_modified_time":"2025-09-16T01:00:46+00:00","og_image":[{"width":1006,"height":566,"url":"https:\/\/centcols.org\/wp-content\/uploads\/2025\/02\/1-ORATOIRE-COL-DES-PORTES-1.jpg","type":"image\/jpeg"}],"author":"Webmestre","twitter_card":"summary_large_image","twitter_misc":{"Escrito por":"Webmestre","Tiempo de lectura":"4 minutos"},"schema":{"@context":"https:\/\/schema.org","@graph":[{"@type":"Article","@id":"https:\/\/centcols.org\/col-des-portes\/#article","isPartOf":{"@id":"https:\/\/centcols.org\/col-des-portes\/"},"author":{"name":"Webmestre","@id":"https:\/\/centcols.org\/#\/schema\/person\/911b404fb133d8c913dd27cdcf71c8e5"},"headline":"Col des Portes","datePublished":"2025-02-13T11:48:35+00:00","dateModified":"2025-09-16T01:00:46+00:00","mainEntityOfPage":{"@id":"https:\/\/centcols.org\/col-des-portes\/"},"wordCount":635,"commentCount":0,"publisher":{"@id":"https:\/\/centcols.org\/#organization"},"image":{"@id":"https:\/\/centcols.org\/col-des-portes\/#primaryimage"},"thumbnailUrl":"https:\/\/centcols.org\/wp-content\/uploads\/2025\/02\/1-ORATOIRE-COL-DES-PORTES-1.jpg","articleSection":["Cols en vrac"],"inLanguage":"es","potentialAction":[{"@type":"CommentAction","name":"Comment","target":["https:\/\/centcols.org\/col-des-portes\/#respond"]}]},{"@type":"WebPage","@id":"https:\/\/centcols.org\/col-des-portes\/","url":"https:\/\/centcols.org\/col-des-portes\/","name":"Col des Portes - Club des Cent Cols","isPartOf":{"@id":"https:\/\/centcols.org\/#website"},"primaryImageOfPage":{"@id":"https:\/\/centcols.org\/col-des-portes\/#primaryimage"},"image":{"@id":"https:\/\/centcols.org\/col-des-portes\/#primaryimage"},"thumbnailUrl":"https:\/\/centcols.org\/wp-content\/uploads\/2025\/02\/1-ORATOIRE-COL-DES-PORTES-1.jpg","datePublished":"2025-02-13T11:48:35+00:00","dateModified":"2025-09-16T01:00:46+00:00","breadcrumb":{"@id":"https:\/\/centcols.org\/col-des-portes\/#breadcrumb"},"inLanguage":"es","potentialAction":[{"@type":"ReadAction","target":["https:\/\/centcols.org\/col-des-portes\/"]}]},{"@type":"ImageObject","inLanguage":"es","@id":"https:\/\/centcols.org\/col-des-portes\/#primaryimage","url":"https:\/\/centcols.org\/wp-content\/uploads\/2025\/02\/1-ORATOIRE-COL-DES-PORTES-1.jpg","contentUrl":"https:\/\/centcols.org\/wp-content\/uploads\/2025\/02\/1-ORATOIRE-COL-DES-PORTES-1.jpg","width":1006,"height":566},{"@type":"BreadcrumbList","@id":"https:\/\/centcols.org\/col-des-portes\/#breadcrumb","itemListElement":[{"@type":"ListItem","position":1,"name":"Accueil","item":"https:\/\/centcols.org\/"},{"@type":"ListItem","position":2,"name":"Cols en vrac","item":"https:\/\/centcols.org\/rubrique\/cols-en-vrac\/"},{"@type":"ListItem","position":3,"name":"Col des Portes"}]},{"@type":"WebSite","@id":"https:\/\/centcols.org\/#website","url":"https:\/\/centcols.org\/","name":"Club des Cent Cols","description":"","publisher":{"@id":"https:\/\/centcols.org\/#organization"},"potentialAction":[{"@type":"SearchAction","target":{"@type":"EntryPoint","urlTemplate":"https:\/\/centcols.org\/?s={search_term_string}"},"query-input":{"@type":"PropertyValueSpecification","valueRequired":true,"valueName":"search_term_string"}}],"inLanguage":"es"},{"@type":"Organization","@id":"https:\/\/centcols.org\/#organization","name":"Club des Cent Cols","url":"https:\/\/centcols.org\/","logo":{"@type":"ImageObject","inLanguage":"es","@id":"https:\/\/centcols.org\/#\/schema\/logo\/image\/","url":"https:\/\/centcols.org\/wp-content\/uploads\/2025\/01\/carte-icone.png","contentUrl":"https:\/\/centcols.org\/wp-content\/uploads\/2025\/01\/carte-icone.png","width":250,"height":250,"caption":"Club des Cent Cols"},"image":{"@id":"https:\/\/centcols.org\/#\/schema\/logo\/image\/"},"sameAs":["https:\/\/www.facebook.com\/groups\/5261880558\/?locale=fr_FR"]},{"@type":"Person","@id":"https:\/\/centcols.org\/#\/schema\/person\/911b404fb133d8c913dd27cdcf71c8e5","name":"Webmaster","image":{"@type":"ImageObject","inLanguage":"es","@id":"https:\/\/centcols.org\/wp-content\/litespeed\/avatar\/2d246e4b6b4f773e08515e1ffc53690b.jpg?ver=1777222892","url":"https:\/\/centcols.org\/wp-content\/litespeed\/avatar\/2d246e4b6b4f773e08515e1ffc53690b.jpg?ver=1777222892","contentUrl":"https:\/\/centcols.org\/wp-content\/litespeed\/avatar\/2d246e4b6b4f773e08515e1ffc53690b.jpg?ver=1777222892","caption":"Webmestre"},"url":"https:\/\/centcols.org\/es\/author\/webmestre\/"}]}},"_links":{"self":[{"href":"https:\/\/centcols.org\/es\/wp-json\/wp\/v2\/posts\/79822","targetHints":{"allow":["GET"]}}],"collection":[{"href":"https:\/\/centcols.org\/es\/wp-json\/wp\/v2\/posts"}],"about":[{"href":"https:\/\/centcols.org\/es\/wp-json\/wp\/v2\/types\/post"}],"author":[{"embeddable":true,"href":"https:\/\/centcols.org\/es\/wp-json\/wp\/v2\/users\/3"}],"replies":[{"embeddable":true,"href":"https:\/\/centcols.org\/es\/wp-json\/wp\/v2\/comments?post=79822"}],"version-history":[{"count":0,"href":"https:\/\/centcols.org\/es\/wp-json\/wp\/v2\/posts\/79822\/revisions"}],"wp:featuredmedia":[{"embeddable":true,"href":"https:\/\/centcols.org\/es\/wp-json\/wp\/v2\/media\/79823"}],"wp:attachment":[{"href":"https:\/\/centcols.org\/es\/wp-json\/wp\/v2\/media?parent=79822"}],"wp:term":[{"taxonomy":"category","embeddable":true,"href":"https:\/\/centcols.org\/es\/wp-json\/wp\/v2\/categories?post=79822"},{"taxonomy":"post_tag","embeddable":true,"href":"https:\/\/centcols.org\/es\/wp-json\/wp\/v2\/tags?post=79822"}],"curies":[{"name":"wp","href":"https:\/\/api.w.org\/{rel}","templated":true}]}}