{"id":80045,"date":"2025-02-25T09:00:27","date_gmt":"2025-02-25T07:00:27","guid":{"rendered":"https:\/\/centcols.org\/?p=80045"},"modified":"2025-05-19T13:35:31","modified_gmt":"2025-05-19T11:35:31","slug":"bernard-piguet","status":"publish","type":"post","link":"https:\/\/centcols.org\/es\/bernard-piguet\/","title":{"rendered":"Bernard Piguet"},"content":{"rendered":"<p>cc 99 Bernard Piguet <\/p>\n\n\n\n<p>Bernard Piguet, figura destacada del mundo del ciclismo de Clermont-Ferrand, falleci\u00f3 el 14 de febrero de 2025 a la edad de 83 a\u00f1os tras una larga enfermedad.<\/p>\n\n\n<div class=\"wp-block-image\">\n<figure class=\"aligncenter size-full is-resized\"><img loading=\"lazy\" decoding=\"async\" width=\"125\" height=\"162\" src=\"https:\/\/centcols.org\/wp-content\/uploads\/2025\/03\/Bernard-Piguet-cc-99.jpg\" alt=\"\" class=\"wp-image-80047\" style=\"width:211px;height:auto\"\/><\/figure>\n<\/div>\n\n\n<p><br>Conoc\u00ed a Bernard nada m\u00e1s llegar a Clermont-Ferrand en 1978, y le conoc\u00ed como organizador y como participante en la prueba Clermont-Aurillac-Clermont. Siempre he admirado la facilidad con la que pod\u00eda pasar de ciclodeportista a presidente en un mismo d\u00eda, con tanta clase delante del micr\u00f3fono como sobre la bicicleta. En el ayuntamiento de Aurillac y en el polideportivo de Clermont, nos dio discursos bien construidos, con palabras sencillas pero significativas. Los pronunci\u00f3 de manera uniforme, sin \u00e9nfasis, con ese acento especial y ese ritmo ligeramente lento que le viene de sus ra\u00edces del Jura.<br>Como ciclodeportista, Bernard se caracterizaba por su capacidad para rodar con potencia y estilo, y por su resistencia fuera de lo com\u00fan, que le permit\u00eda distinguirse en pruebas de larga distancia como la Par\u00eds-Brest-Par\u00eds, en la que fue doble vencedor. Pero tambi\u00e9n ten\u00eda unas dotes de escalador por encima de la media, y a pesar de su gran estatura, era capaz de afrontar muy bien las monta\u00f1as, y destac\u00f3 en grandes raids como Lyon-Mont-Blanc-Lyon y Lyon-Ventoux-Lyon. Cruz\u00f3 887 puertos diferentes. Cuanto m\u00e1s duras eran las rutas y m\u00e1s dif\u00edciles las condiciones meteorol\u00f3gicas, mejor lo hac\u00eda. Su moral era de acero inoxidable.<br>A nivel humano, Bernard fue un l\u00edder y organizador excepcional. De 1974 a 2013 organiz\u00f3 30 ediciones del raid Clermont-Aurillac-Clermont, sin duda la mejor prueba ciclista de Auvernia. Entretanto, ha organizado una docena de pruebas Saint-Etienne-puy de D\u00f4me y otras tantas del Tour du Sancy. Debo a\u00f1adir algunas ediciones de Versailles-puydeD\u00f4me y una Par\u00eds-Bercy-puydeD\u00f4me en las que tuve la suerte de participar: subir el puy de D\u00f4me despu\u00e9s de 400 km recorridos en bicicleta de un tir\u00f3n proporciona sensaciones \u00fanicas e inolvidables: te las debo a ti, Bernard.<br>Por lo que fuiste, por todo lo que hiciste, s\u00f3lo tengo dos palabras, Bernard: gracias y respeto.<br><\/p>\n\n\n<div class=\"wp-block-image\">\n<figure class=\"aligncenter size-full\"><img loading=\"lazy\" decoding=\"async\" width=\"2560\" height=\"1920\" src=\"https:\/\/centcols.org\/wp-content\/uploads\/2025\/03\/Bernard-Piguet-sur-le-velo.jpg\" alt=\"\" class=\"wp-image-80046\" srcset=\"https:\/\/centcols.org\/wp-content\/uploads\/2025\/03\/Bernard-Piguet-sur-le-velo.jpg 2560w, https:\/\/centcols.org\/wp-content\/uploads\/2025\/03\/Bernard-Piguet-sur-le-velo-1200x900.jpg 1200w, https:\/\/centcols.org\/wp-content\/uploads\/2025\/03\/Bernard-Piguet-sur-le-velo-768x576.jpg 768w, https:\/\/centcols.org\/wp-content\/uploads\/2025\/03\/Bernard-Piguet-sur-le-velo-1920x1440.jpg 1920w, https:\/\/centcols.org\/wp-content\/uploads\/2025\/03\/Bernard-Piguet-sur-le-velo-1536x1152.jpg 1536w, https:\/\/centcols.org\/wp-content\/uploads\/2025\/03\/Bernard-Piguet-sur-le-velo-2048x1536.jpg 2048w, https:\/\/centcols.org\/wp-content\/uploads\/2025\/03\/Bernard-Piguet-sur-le-velo-600x450.jpg 600w\" sizes=\"auto, (max-width: 2560px) 100vw, 2560px\" \/><\/figure>\n<\/div>\n\n\n<p><br>Era muy conocido en el Puy-de-D\u00f4me, la regi\u00f3n de Auvernia y mucho m\u00e1s all\u00e1, tal era su aura. Era conocido tanto por sus cualidades intr\u00ednsecas como ciclista como por su papel de l\u00edder y organizador. Aut\u00e9ntico atleta del ciclismo, brill\u00f3 en pruebas de larga distancia como la Par\u00eds-Brest-Par\u00eds (doble vencedor en 1979 y 1983), y en la mayor\u00eda de las ciclosportivas en terreno monta\u00f1oso. Como buen conocedor de la historia del ciclismo, cre\u00f3 o recre\u00f3 grandes pruebas que realzaron el perfil de Auvernia: Clermont-Aurillac-Clermont, que fue su obra maestra, y Par\u00eds-Clermont-Puy de D\u00f4me, por ejemplo.<br>Era un hombre de car\u00e1cter, con convicciones, principios y una gran lealtad a sus compromisos. Como hombre fuerte que era, no se anduvo con rodeos y supo hacerse accesible al humilde ciclista que yo era cuando charlamos tras bajarnos de la bicicleta.<br>Se traslad\u00f3 a la regi\u00f3n de Clermont-Ferrand en 1967, afili\u00e1ndose inicialmente a la UC Montferrand, antes de fundar el CT Montferrand en 1978, club que presidi\u00f3 durante 39 a\u00f1os. No le gustaba la publicidad en las camisetas, pues su principio era que no se vende la camiseta de un club por un bocado de pan, ni siquiera por un plato de lentejas, y que es el club y su ciudad los que deben ser el centro de atenci\u00f3n. Pero a\u00f1adi\u00f3 con un toque de humor: \u00abSi llevo todo el d\u00eda pedaleando bajo la lluvia y alguien me regala un maillot seco, lo cojo, \u00a1aunque sea un maillot publicitario! Ello no le impidi\u00f3 crear asociaciones para sus organizaciones, y el CT Montferrand lo hizo bastante bien en este sentido.<br>Fue presidente de la Liga Cicloturista de Auvernia en los a\u00f1os 70, antes de orientar su club m\u00e1s hacia las actividades ciclodeportivas, que quedaron fuera del \u00e1mbito de la FFCT a partir de 1976. Pero sigui\u00f3 siendo un fiel participante en la concentraci\u00f3n de Pascua en Provenza, donde el CT Montferrand siempre estuvo representado, y particip\u00f3 personalmente en 11 Fl\u00e8ches V\u00e9locio (fuente AlainTardivat). Respondiendo positivamente a la invitaci\u00f3n de Jean-Yves Cluzel, Bernard particip\u00f3 en la asamblea general extraordinaria que vio la fusi\u00f3n de las Ligas de Auvernia y Rh\u00f4ne-Alpes en oto\u00f1o de 2016. \u00a1Lealtad, como dec\u00eda!<br>En 1973, en respuesta a una petici\u00f3n de Jean Perdoux, a quien hab\u00eda conocido en las rutas Lyon-Cham y en las reuniones de la Federaci\u00f3n, Bernard se afili\u00f3 al Club des Cent Cols. Con el n\u00famero de socio 99, fue uno de los 100 pioneros de esta hermandad de monta\u00f1a. Sin ser un cazador de puertos empedernido, porque ten\u00eda otros objetivos, escal\u00f3 887 puertos diferentes a lo largo de su carrera: podemos confiar plenamente en esta cifra, porque era un hombre meticuloso que anotaba muchos detalles de sus salidas, y que ten\u00eda una memoria fenomenal de las rutas realizadas o propuestas en sus organizaciones. En 1984, con la ayuda de su club, varios de cuyos miembros lo eran tambi\u00e9n de Les Cent Cols, organiz\u00f3 la concentraci\u00f3n nacional en la meseta de Gergovie. En 2014, particip\u00f3 en la concentraci\u00f3n Passage des V\u00e9s, que cerr\u00f3 la estancia de Bussang en los Vosgos. Tambi\u00e9n particip\u00f3 en las asambleas generales de Alta Saboya con motivo de los 40 y 50 aniversarios del Club. De nuevo la lealtad.<br>En cuanto a la organizaci\u00f3n, bajo la presidencia de Bernard Piguet, el CT Montferrand propuso una serie de pruebas importantes que estructuraron el calendario de la Liga de Auvernia. Mencionar\u00e9 cinco de ellas: Clermont-Aurillac-Clermont, Saint-Etienne-puy de D\u00f4me, el Tour du Sancy, Par\u00eds-Nevers-Clermont y la Billom Chrono.<br>La m\u00e1s prestigiosa era Clermont-Aurillac-Clermont, que hab\u00eda existido en los a\u00f1os 50 pero luego desapareci\u00f3. Bernard, que participaba regularmente en los grandes raids de CT Lyon (Lyon-Mont-Blanc-Lyon y Lyon-Ventoux-Lyon), concibi\u00f3 la idea de resucitar Clermont-Aurillac Clermont siguiendo el mismo modelo, en el que cohabitan senderistas y cyclosportifs (ciclistas). El recorrido constaba de dos etapas de al menos 180 km, con m\u00e1s de 3.000 m de desnivel. Cambiaba cada a\u00f1o, y aparte de las ciudades de salida y llegada, s\u00f3lo hab\u00eda una cosa en com\u00fan, el inevitable Pas de Peyrol, en las laderas del Puy Mary, que se atravesaba bien el 1er d\u00eda antes de llegar a Aurillac, bien a la ma\u00f1ana siguiente por el valle de Mandailles. Todas las v\u00edas de acceso al Pas de Peyrol fueron recorridas por Clermont-Aurillac.<br>La f\u00f3rmula ciclosportiva ten\u00eda una particularidad: la salida se neutralizaba durante unos sesenta km hasta un punto de control donde los ciclosportistas pod\u00edan repostar, cambiarse y hacer sus \u00faltimos ajustes antes de dar rienda suelta a su energ\u00eda durante los 120 km restantes. Los randonneurs, que suelen salir una buena hora antes que los cyclosportifs, tuvieron tiempo de pasar por este 1er punto de control, por lo que pudieron ver en directo la batalla entre los cyclosportifs cuando les alcanzaron. Y Bernard, a la vez organizador y participante, \u00a1nunca estuvo lejos de los primeros! Para comprender el esp\u00edritu de Clermont-Aurillac, hab\u00eda que asistir al briefing de Bernard a los ciclosportistas: \u00abCuidado, chicos, est\u00e1is en carreteras abiertas, no cort\u00e9is las curvas, puede haber gravilla, no corr\u00e1is riesgos innecesarios en los descensos, vais a adelantar a los excursionistas, respetadlos\u00bb, era lo esencial de lo que ten\u00eda que decir. De un total de entre 4 y 500 participantes, s\u00f3lo un centenar eran ciclodeportistas, y la presencia de los randonneurs fue un factor clave en el \u00e9xito del evento.<br>Entre 1974 y 2013 se celebraron 30 ediciones del raid Clermont-Aurillac-Clermont: se organiz\u00f3 cada a\u00f1o durante las 20 primeras ediciones, y despu\u00e9s cada dos a\u00f1os. Desde 2013, los excursionistas de Auvernia recuerdan con nostalgia este evento a finales de junio. Ahora, en 2025, los ciclistas del FR Blanzat proponen una vuelta entre el circuito del Puy-de-D\u00f4me Cantal en Charade y la estaci\u00f3n de Le Lioran bajo el nombre de \u00abCycl'Auvergne\u00bb. El recuerdo de Bernard sobrevolar\u00e1 las carreteras de este nuevo encuentro de monta\u00f1a.<\/p>\n\n\n\n<p>El raid Saint-Etienne-puy de D\u00f4me fue otra de las creaciones de Bernard Piguet, que un\u00eda la prefectura del Loira con la del Puy-de-D\u00f4me y terminaba en la cima del volc\u00e1n. En aquella \u00e9poca, la subida al Puy de D\u00f4me era una carretera de peaje reservada a los coches, y el uso de la carretera tuvo que reservarse a los ciclistas durante parte de la tarde para esta organizaci\u00f3n. Tras salir de Saint-Etienne, la ruta atravesaba los montes Forez y Livradois antes de llegar al pie del puy de D\u00f4me. Y ah\u00ed es donde es mejor mantener la potencia de pedaleo para los 4 km en 12% \u00a1al final de los 200 km! Tambi\u00e9n fue una f\u00f3rmula mixta ciclosportivos\/randoneros. Se flet\u00f3 un autocar a las 3 de la ma\u00f1ana en Montferrand para llevarte a la salida en Saint-Etienne. Pero muchos habituales prefirieron pedalear la v\u00edspera para pasar una buena noche in situ: clermont-ferrandeses, vichyssois y otros se reunieron el s\u00e1bado por la noche en el centro de Saint-Etienne en un ambiente amistoso.<br>Saint-Etienne-puy de D\u00f4me se organizaba los a\u00f1os impares y se alternaba con un Tour du Sancy los a\u00f1os pares. El Tour du Sancy empezaba en la Maison des Sports de Clermont, m\u00e1s sencilla desde el punto de vista log\u00edstico, y terminaba tambi\u00e9n en la cima del Puy de D\u00f4me, al final de un duro recorrido de casi 200 km por la Cha\u00eene des Puys y los puertos cl\u00e1sicos del macizo de Sancy. En la d\u00e9cada de 2000, el departamento de Puy-de-D\u00f4me emprendi\u00f3 un importante proyecto para restablecer un ferrocarril de cremallera que daba servicio a la cumbre del Puy de D\u00f4me. Como resultado, s\u00f3lo queda una v\u00eda, reservada a los veh\u00edculos de emergencia y a los que explotan las instalaciones de la cumbre. As\u00ed pues, el Tour du Sancy se vio privado de su llegada al puy de D\u00f4me durante la fase de construcci\u00f3n e incluso despu\u00e9s de la puesta en servicio del \u00abPanoramique des D\u00f4mes\u00bb, perdi\u00f3 parte de su prestigio. Se celebr\u00f3 por \u00faltima vez en 2014.<br>Par\u00eds-Clermont (400 km) fue una carrera ciclista organizada de 1947 a 1953, abierta tanto a profesionales como a aficionados, en la que destacaron algunos grandes corredores regionales. En los a\u00f1os ochenta, Bernard Piguet tuvo la idea de relanzar este desaf\u00edo para ciclodeportistas y randonneurs, siguiendo la f\u00f3rmula que funcion\u00f3 con Clermont-Aurillac, con la guinda del pastel de un final en la cima del Puy de D\u00f4me. Necesitaba encontrar un coorganizador en la regi\u00f3n parisina que se encargara de la log\u00edstica de la salida. Al principio, un club de Versalles se ofreci\u00f3 a colaborar, y la marcha tom\u00f3 naturalmente el nombre de Versalles-puy de D\u00f4me. Luego ces\u00f3 esta colaboraci\u00f3n, y en 1986 el raid parti\u00f3 de Par\u00eds-Bercy, con una escala en Nevers para los que lo desearan, o un recorrido continuo de 400 km a ritmo controlado hasta Ennezat, donde se aprob\u00f3 una brevet Audax de 400 km, y luego a ritmo libre hasta el Puy de D\u00f4me. Lo engorroso de estas salidas retrasadas, tanto para los organizadores como para los participantes, hizo que el evento no volviera a organizarse. Pero los que lo vivieron al menos una vez lo recordar\u00e1n con cari\u00f1o.<\/p>\n\n\n\n<p>La \u00abBillom Chrono\u00bb: se trataba de un cambio de escala, un circuito monta\u00f1oso de 37 km alrededor de Billom, que todos intentaron recorrer lo m\u00e1s r\u00e1pidamente posible, y que los m\u00e1s r\u00e1pidos hicieron en menos de una hora. Bernard Pigueta deleg\u00f3 la organizaci\u00f3n primero en Georges Wasselin y luego en Denis Fournet. La prueba se celebr\u00f3 en septiembre, por lo que los ciclistas que hab\u00edan rodado todo el verano estaban muy espabilados y pod\u00edan comparar sus tiempos de un a\u00f1o para otro. Hab\u00eda todo tipo de bicicletas en la salida: desde la ligera bicicleta de carreras de alto rendimiento hasta la bicicleta de turismo con las alforjas desmontadas, hab\u00eda algunos t\u00e1ndems e incluso un tr\u00edo que apenas sal\u00eda del garaje, \u00a1excepto para el circuito de Billom y su reconocimiento! El circuito se organiz\u00f3 durante todo el s\u00e1bado y tuvo tanto \u00e9xito que los cronometradores trabajaron sin parar desde primera hora de la ma\u00f1ana hasta \u00faltima hora de la tarde. El domingo se organizaba una contrarreloj por equipos, que era una gran fuente de motivaci\u00f3n para los clubes: en los a\u00f1os buenos, m\u00e1s de 1.000 personas participaban en ambas contrarrelojes. Luego llegaron los avances t\u00e9cnicos, como las extensiones de manillar, las ruedas lenticulares y los cuadros hundidos, hasta el punto de que la contrarreloj de Billom perdi\u00f3 su atractivo popular y se convirti\u00f3 en un asunto de especialistas. La prueba se traslad\u00f3 a Maringues y despu\u00e9s a Chappes. Hoy en d\u00eda, el CT Montferrand ya no la organiza.<\/p>\n\n\n\n<p>Hay recuerdos que nunca se borran: Bernard, las rayas amarillas sobre el fondo azul de tu maillot del CTM permanecer\u00e1n como \u00abmis rayos de sol\u00bb, como cantaba Louis Nuc\u00e9ra, para siempre inseparables de tu imagen.<\/p>\n\n\n\n<p><strong>Claude B\u00e9nistrand<\/strong> cc 284<br>Amicale Cyclo Clermontoise<br>Ex Presidente de la Liga Ciclista de Auvernia y del Club des Cent Cols<\/p>\n\n\n\n<p><\/p>","protected":false},"excerpt":{"rendered":"<p>cc 99 Bernard Piguet Une figure du monde du v\u00e9lo clermontois vient de nous quitter : Bernard Piguet s\u2019est \u00e9teint le 14 f\u00e9vrier 2025 des suites d\u2019une longue maladie \u00e0 l\u2019\u00e2ge de 83 ans. J\u2019ai fait la connaissance de Bernard d\u00e8s mon arriv\u00e9e \u00e0 Clermont-Ferrand en 1978, et je l\u2019ai connu \u00e0 la fois comme [&hellip;]<\/p>\n","protected":false},"author":58,"featured_media":80053,"comment_status":"open","ping_status":"open","sticky":false,"template":"","format":"standard","meta":{"_acf_changed":false,"footnotes":""},"categories":[130],"tags":[],"class_list":["post-80045","post","type-post","status-publish","format-standard","has-post-thumbnail","hentry","category-carnet-noir"],"acf":[],"yoast_head":"<!-- This site is optimized with the Yoast SEO plugin v27.2 - https:\/\/yoast.com\/product\/yoast-seo-wordpress\/ -->\n<title>Bernard Piguet - Club des Cent Cols<\/title>\n<meta name=\"robots\" content=\"index, follow, max-snippet:-1, max-image-preview:large, max-video-preview:-1\" \/>\n<link rel=\"canonical\" href=\"https:\/\/centcols.org\/es\/bernard-piguet\/\" \/>\n<meta property=\"og:locale\" content=\"es_ES\" \/>\n<meta property=\"og:type\" content=\"article\" \/>\n<meta property=\"og:title\" content=\"Bernard Piguet - Club des Cent Cols\" \/>\n<meta property=\"og:description\" content=\"cc 99 Bernard Piguet Une figure du monde du v\u00e9lo clermontois vient de nous quitter : Bernard Piguet s\u2019est \u00e9teint le 14 f\u00e9vrier 2025 des suites d\u2019une longue maladie \u00e0 l\u2019\u00e2ge de 83 ans. J\u2019ai fait la connaissance de Bernard d\u00e8s mon arriv\u00e9e \u00e0 Clermont-Ferrand en 1978, et je l\u2019ai connu \u00e0 la fois comme [&hellip;]\" \/>\n<meta property=\"og:url\" content=\"https:\/\/centcols.org\/es\/bernard-piguet\/\" \/>\n<meta property=\"og:site_name\" content=\"Club des Cent Cols\" \/>\n<meta property=\"article:publisher\" content=\"https:\/\/www.facebook.com\/groups\/5261880558\/?locale=fr_FR\" \/>\n<meta property=\"article:published_time\" content=\"2025-02-25T07:00:27+00:00\" \/>\n<meta property=\"article:modified_time\" content=\"2025-05-19T11:35:31+00:00\" \/>\n<meta property=\"og:image\" content=\"https:\/\/centcols.org\/wp-content\/uploads\/2025\/02\/Bernard-Piguet-sur-le-velo-16-9.jpg\" \/>\n\t<meta property=\"og:image:width\" content=\"1613\" \/>\n\t<meta property=\"og:image:height\" content=\"1080\" \/>\n\t<meta property=\"og:image:type\" content=\"image\/jpeg\" \/>\n<meta name=\"author\" content=\"Enrico Alberini\" \/>\n<meta name=\"twitter:card\" content=\"summary_large_image\" \/>\n<meta name=\"twitter:label1\" content=\"Escrito por\" \/>\n\t<meta name=\"twitter:data1\" content=\"Enrico Alberini\" \/>\n\t<meta name=\"twitter:label2\" content=\"Tiempo de lectura\" \/>\n\t<meta name=\"twitter:data2\" content=\"12 minutos\" \/>\n<script type=\"application\/ld+json\" class=\"yoast-schema-graph\">{\"@context\":\"https:\/\/schema.org\",\"@graph\":[{\"@type\":\"Article\",\"@id\":\"https:\/\/centcols.org\/bernard-piguet\/#article\",\"isPartOf\":{\"@id\":\"https:\/\/centcols.org\/bernard-piguet\/\"},\"author\":{\"name\":\"Enrico Alberini\",\"@id\":\"https:\/\/centcols.org\/#\/schema\/person\/86c3ec6889d88501a29fccac614bebf8\"},\"headline\":\"Bernard Piguet\",\"datePublished\":\"2025-02-25T07:00:27+00:00\",\"dateModified\":\"2025-05-19T11:35:31+00:00\",\"mainEntityOfPage\":{\"@id\":\"https:\/\/centcols.org\/bernard-piguet\/\"},\"wordCount\":2398,\"commentCount\":4,\"publisher\":{\"@id\":\"https:\/\/centcols.org\/#organization\"},\"image\":{\"@id\":\"https:\/\/centcols.org\/bernard-piguet\/#primaryimage\"},\"thumbnailUrl\":\"https:\/\/centcols.org\/wp-content\/uploads\/2025\/02\/Bernard-Piguet-sur-le-velo-16-9.jpg\",\"articleSection\":[\"Carnet noir\"],\"inLanguage\":\"es\",\"potentialAction\":[{\"@type\":\"CommentAction\",\"name\":\"Comment\",\"target\":[\"https:\/\/centcols.org\/bernard-piguet\/#respond\"]}]},{\"@type\":\"WebPage\",\"@id\":\"https:\/\/centcols.org\/bernard-piguet\/\",\"url\":\"https:\/\/centcols.org\/bernard-piguet\/\",\"name\":\"Bernard Piguet - Club des Cent Cols\",\"isPartOf\":{\"@id\":\"https:\/\/centcols.org\/#website\"},\"primaryImageOfPage\":{\"@id\":\"https:\/\/centcols.org\/bernard-piguet\/#primaryimage\"},\"image\":{\"@id\":\"https:\/\/centcols.org\/bernard-piguet\/#primaryimage\"},\"thumbnailUrl\":\"https:\/\/centcols.org\/wp-content\/uploads\/2025\/02\/Bernard-Piguet-sur-le-velo-16-9.jpg\",\"datePublished\":\"2025-02-25T07:00:27+00:00\",\"dateModified\":\"2025-05-19T11:35:31+00:00\",\"breadcrumb\":{\"@id\":\"https:\/\/centcols.org\/bernard-piguet\/#breadcrumb\"},\"inLanguage\":\"es\",\"potentialAction\":[{\"@type\":\"ReadAction\",\"target\":[\"https:\/\/centcols.org\/bernard-piguet\/\"]}]},{\"@type\":\"ImageObject\",\"inLanguage\":\"es\",\"@id\":\"https:\/\/centcols.org\/bernard-piguet\/#primaryimage\",\"url\":\"https:\/\/centcols.org\/wp-content\/uploads\/2025\/02\/Bernard-Piguet-sur-le-velo-16-9.jpg\",\"contentUrl\":\"https:\/\/centcols.org\/wp-content\/uploads\/2025\/02\/Bernard-Piguet-sur-le-velo-16-9.jpg\",\"width\":1613,\"height\":1080},{\"@type\":\"BreadcrumbList\",\"@id\":\"https:\/\/centcols.org\/bernard-piguet\/#breadcrumb\",\"itemListElement\":[{\"@type\":\"ListItem\",\"position\":1,\"name\":\"Accueil\",\"item\":\"https:\/\/centcols.org\/\"},{\"@type\":\"ListItem\",\"position\":2,\"name\":\"Gazette\",\"item\":\"https:\/\/centcols.org\/rubrique\/gazette\/\"},{\"@type\":\"ListItem\",\"position\":3,\"name\":\"Carnet noir\",\"item\":\"https:\/\/centcols.org\/rubrique\/gazette\/carnet-noir\/\"},{\"@type\":\"ListItem\",\"position\":4,\"name\":\"Bernard Piguet\"}]},{\"@type\":\"WebSite\",\"@id\":\"https:\/\/centcols.org\/#website\",\"url\":\"https:\/\/centcols.org\/\",\"name\":\"Club des Cent Cols\",\"description\":\"\",\"publisher\":{\"@id\":\"https:\/\/centcols.org\/#organization\"},\"potentialAction\":[{\"@type\":\"SearchAction\",\"target\":{\"@type\":\"EntryPoint\",\"urlTemplate\":\"https:\/\/centcols.org\/?s={search_term_string}\"},\"query-input\":{\"@type\":\"PropertyValueSpecification\",\"valueRequired\":true,\"valueName\":\"search_term_string\"}}],\"inLanguage\":\"es\"},{\"@type\":\"Organization\",\"@id\":\"https:\/\/centcols.org\/#organization\",\"name\":\"Club des Cent Cols\",\"url\":\"https:\/\/centcols.org\/\",\"logo\":{\"@type\":\"ImageObject\",\"inLanguage\":\"es\",\"@id\":\"https:\/\/centcols.org\/#\/schema\/logo\/image\/\",\"url\":\"https:\/\/centcols.org\/wp-content\/uploads\/2025\/01\/carte-icone.png\",\"contentUrl\":\"https:\/\/centcols.org\/wp-content\/uploads\/2025\/01\/carte-icone.png\",\"width\":250,\"height\":250,\"caption\":\"Club des Cent Cols\"},\"image\":{\"@id\":\"https:\/\/centcols.org\/#\/schema\/logo\/image\/\"},\"sameAs\":[\"https:\/\/www.facebook.com\/groups\/5261880558\/?locale=fr_FR\"]},{\"@type\":\"Person\",\"@id\":\"https:\/\/centcols.org\/#\/schema\/person\/86c3ec6889d88501a29fccac614bebf8\",\"name\":\"Enrico Alberini\",\"image\":{\"@type\":\"ImageObject\",\"inLanguage\":\"es\",\"@id\":\"https:\/\/centcols.org\/wp-content\/litespeed\/avatar\/1b26e36a18d85acc8b0f860f9628213f.jpg?ver=1777240766\",\"url\":\"https:\/\/centcols.org\/wp-content\/litespeed\/avatar\/1b26e36a18d85acc8b0f860f9628213f.jpg?ver=1777240766\",\"contentUrl\":\"https:\/\/centcols.org\/wp-content\/litespeed\/avatar\/1b26e36a18d85acc8b0f860f9628213f.jpg?ver=1777240766\",\"caption\":\"Enrico Alberini\"},\"url\":\"https:\/\/centcols.org\/es\/author\/5065\/\"}]}<\/script>\n<!-- \/ Yoast SEO plugin. -->","yoast_head_json":{"title":"Bernard Piguet - Club des Cent Cols","robots":{"index":"index","follow":"follow","max-snippet":"max-snippet:-1","max-image-preview":"max-image-preview:large","max-video-preview":"max-video-preview:-1"},"canonical":"https:\/\/centcols.org\/es\/bernard-piguet\/","og_locale":"es_ES","og_type":"article","og_title":"Bernard Piguet - Club des Cent Cols","og_description":"cc 99 Bernard Piguet Une figure du monde du v\u00e9lo clermontois vient de nous quitter : Bernard Piguet s\u2019est \u00e9teint le 14 f\u00e9vrier 2025 des suites d\u2019une longue maladie \u00e0 l\u2019\u00e2ge de 83 ans. J\u2019ai fait la connaissance de Bernard d\u00e8s mon arriv\u00e9e \u00e0 Clermont-Ferrand en 1978, et je l\u2019ai connu \u00e0 la fois comme [&hellip;]","og_url":"https:\/\/centcols.org\/es\/bernard-piguet\/","og_site_name":"Club des Cent Cols","article_publisher":"https:\/\/www.facebook.com\/groups\/5261880558\/?locale=fr_FR","article_published_time":"2025-02-25T07:00:27+00:00","article_modified_time":"2025-05-19T11:35:31+00:00","og_image":[{"width":1613,"height":1080,"url":"https:\/\/centcols.org\/wp-content\/uploads\/2025\/02\/Bernard-Piguet-sur-le-velo-16-9.jpg","type":"image\/jpeg"}],"author":"Enrico Alberini","twitter_card":"summary_large_image","twitter_misc":{"Escrito por":"Enrico Alberini","Tiempo de lectura":"12 minutos"},"schema":{"@context":"https:\/\/schema.org","@graph":[{"@type":"Article","@id":"https:\/\/centcols.org\/bernard-piguet\/#article","isPartOf":{"@id":"https:\/\/centcols.org\/bernard-piguet\/"},"author":{"name":"Enrico Alberini","@id":"https:\/\/centcols.org\/#\/schema\/person\/86c3ec6889d88501a29fccac614bebf8"},"headline":"Bernard Piguet","datePublished":"2025-02-25T07:00:27+00:00","dateModified":"2025-05-19T11:35:31+00:00","mainEntityOfPage":{"@id":"https:\/\/centcols.org\/bernard-piguet\/"},"wordCount":2398,"commentCount":4,"publisher":{"@id":"https:\/\/centcols.org\/#organization"},"image":{"@id":"https:\/\/centcols.org\/bernard-piguet\/#primaryimage"},"thumbnailUrl":"https:\/\/centcols.org\/wp-content\/uploads\/2025\/02\/Bernard-Piguet-sur-le-velo-16-9.jpg","articleSection":["Carnet noir"],"inLanguage":"es","potentialAction":[{"@type":"CommentAction","name":"Comment","target":["https:\/\/centcols.org\/bernard-piguet\/#respond"]}]},{"@type":"WebPage","@id":"https:\/\/centcols.org\/bernard-piguet\/","url":"https:\/\/centcols.org\/bernard-piguet\/","name":"Bernard Piguet - Club des Cent Cols","isPartOf":{"@id":"https:\/\/centcols.org\/#website"},"primaryImageOfPage":{"@id":"https:\/\/centcols.org\/bernard-piguet\/#primaryimage"},"image":{"@id":"https:\/\/centcols.org\/bernard-piguet\/#primaryimage"},"thumbnailUrl":"https:\/\/centcols.org\/wp-content\/uploads\/2025\/02\/Bernard-Piguet-sur-le-velo-16-9.jpg","datePublished":"2025-02-25T07:00:27+00:00","dateModified":"2025-05-19T11:35:31+00:00","breadcrumb":{"@id":"https:\/\/centcols.org\/bernard-piguet\/#breadcrumb"},"inLanguage":"es","potentialAction":[{"@type":"ReadAction","target":["https:\/\/centcols.org\/bernard-piguet\/"]}]},{"@type":"ImageObject","inLanguage":"es","@id":"https:\/\/centcols.org\/bernard-piguet\/#primaryimage","url":"https:\/\/centcols.org\/wp-content\/uploads\/2025\/02\/Bernard-Piguet-sur-le-velo-16-9.jpg","contentUrl":"https:\/\/centcols.org\/wp-content\/uploads\/2025\/02\/Bernard-Piguet-sur-le-velo-16-9.jpg","width":1613,"height":1080},{"@type":"BreadcrumbList","@id":"https:\/\/centcols.org\/bernard-piguet\/#breadcrumb","itemListElement":[{"@type":"ListItem","position":1,"name":"Accueil","item":"https:\/\/centcols.org\/"},{"@type":"ListItem","position":2,"name":"Gazette","item":"https:\/\/centcols.org\/rubrique\/gazette\/"},{"@type":"ListItem","position":3,"name":"Carnet noir","item":"https:\/\/centcols.org\/rubrique\/gazette\/carnet-noir\/"},{"@type":"ListItem","position":4,"name":"Bernard Piguet"}]},{"@type":"WebSite","@id":"https:\/\/centcols.org\/#website","url":"https:\/\/centcols.org\/","name":"Club des Cent Cols","description":"","publisher":{"@id":"https:\/\/centcols.org\/#organization"},"potentialAction":[{"@type":"SearchAction","target":{"@type":"EntryPoint","urlTemplate":"https:\/\/centcols.org\/?s={search_term_string}"},"query-input":{"@type":"PropertyValueSpecification","valueRequired":true,"valueName":"search_term_string"}}],"inLanguage":"es"},{"@type":"Organization","@id":"https:\/\/centcols.org\/#organization","name":"Club des Cent Cols","url":"https:\/\/centcols.org\/","logo":{"@type":"ImageObject","inLanguage":"es","@id":"https:\/\/centcols.org\/#\/schema\/logo\/image\/","url":"https:\/\/centcols.org\/wp-content\/uploads\/2025\/01\/carte-icone.png","contentUrl":"https:\/\/centcols.org\/wp-content\/uploads\/2025\/01\/carte-icone.png","width":250,"height":250,"caption":"Club des Cent Cols"},"image":{"@id":"https:\/\/centcols.org\/#\/schema\/logo\/image\/"},"sameAs":["https:\/\/www.facebook.com\/groups\/5261880558\/?locale=fr_FR"]},{"@type":"Person","@id":"https:\/\/centcols.org\/#\/schema\/person\/86c3ec6889d88501a29fccac614bebf8","name":"Enrico Alberini","image":{"@type":"ImageObject","inLanguage":"es","@id":"https:\/\/centcols.org\/wp-content\/litespeed\/avatar\/1b26e36a18d85acc8b0f860f9628213f.jpg?ver=1777240766","url":"https:\/\/centcols.org\/wp-content\/litespeed\/avatar\/1b26e36a18d85acc8b0f860f9628213f.jpg?ver=1777240766","contentUrl":"https:\/\/centcols.org\/wp-content\/litespeed\/avatar\/1b26e36a18d85acc8b0f860f9628213f.jpg?ver=1777240766","caption":"Enrico Alberini"},"url":"https:\/\/centcols.org\/es\/author\/5065\/"}]}},"_links":{"self":[{"href":"https:\/\/centcols.org\/es\/wp-json\/wp\/v2\/posts\/80045","targetHints":{"allow":["GET"]}}],"collection":[{"href":"https:\/\/centcols.org\/es\/wp-json\/wp\/v2\/posts"}],"about":[{"href":"https:\/\/centcols.org\/es\/wp-json\/wp\/v2\/types\/post"}],"author":[{"embeddable":true,"href":"https:\/\/centcols.org\/es\/wp-json\/wp\/v2\/users\/58"}],"replies":[{"embeddable":true,"href":"https:\/\/centcols.org\/es\/wp-json\/wp\/v2\/comments?post=80045"}],"version-history":[{"count":0,"href":"https:\/\/centcols.org\/es\/wp-json\/wp\/v2\/posts\/80045\/revisions"}],"wp:featuredmedia":[{"embeddable":true,"href":"https:\/\/centcols.org\/es\/wp-json\/wp\/v2\/media\/80053"}],"wp:attachment":[{"href":"https:\/\/centcols.org\/es\/wp-json\/wp\/v2\/media?parent=80045"}],"wp:term":[{"taxonomy":"category","embeddable":true,"href":"https:\/\/centcols.org\/es\/wp-json\/wp\/v2\/categories?post=80045"},{"taxonomy":"post_tag","embeddable":true,"href":"https:\/\/centcols.org\/es\/wp-json\/wp\/v2\/tags?post=80045"}],"curies":[{"name":"wp","href":"https:\/\/api.w.org\/{rel}","templated":true}]}}