{"id":80119,"date":"2025-03-27T20:00:00","date_gmt":"2025-03-27T18:00:00","guid":{"rendered":"https:\/\/centcols.org\/?p=80119"},"modified":"2025-09-01T16:44:05","modified_gmt":"2025-09-01T14:44:05","slug":"cien-puertos-de-montana-en-los-alpes","status":"publish","type":"post","link":"https:\/\/centcols.org\/es\/cent-cols-en-alpes\/","title":{"rendered":"Cien puertos en los Alpes"},"content":{"rendered":"\n<h2 class=\"wp-block-heading\">Pr\u00e9sentation<\/h2>\n\n\n\n<p>Circuit de 1 580 km entre Annecy et Nice, et retour.<\/p>\n\n\n\n<p>Comprenant 105 cols dont cinq ont une altitude sup\u00e9rieure \u00e0 2000 m\u00e8tres, 18 cols en option et environ 37800m de d\u00e9nivel\u00e9.<\/p>\n\n\n\n<p>Trac\u00e9 par Ren\u00e9 Poty (Cent Cols n\u00b0530).<\/p>\n\n\n\n<p><a href=\"\/cent-cols\/wp-content\/uploads\/2025\/04\/cartealpes.jpg\">Parcours<\/a><\/p>\n\n\n\n<p><iframe loading=\"lazy\" src=\"https:\/\/centcols.org\/rando_perm\/carto\/mbtrp.php?rp=alp\" width=\"800\" height=\"600\"><\/iframe><\/p>\n\n\n\n<p><a href=\"https:\/\/centcols.org\/rando_perm\/inscription.php?rando=alp\" target=\"_blank\" rel=\"noreferrer noopener\">Bulletin d&rsquo;inscription<\/a><\/p>\n\n\n\n<h2 class=\"wp-block-heading\">Th\u00e8me<\/h2>\n\n\n\n<p>Le Club des Cent Cols, fond\u00e9 en 1972, affili\u00e9 \u00e0 la <a href=\"http:\/\/ffct.org\/\" target=\"_blank\" rel=\"noopener noreferrer\">F\u00e9d\u00e9ration Fran\u00e7aise de Cyclotourisme<\/a> sous le N\u00b06384, vous propose cette randonn\u00e9e permanente bas\u00e9e sur un th\u00e8me simple : \u00ab Cent cols \u00bb.<\/p>\n\n\n\n<p>Cent cols, soit pour vous permettre d&rsquo;int\u00e9grer la Confr\u00e9rie du Club des Cent Cols, soit pour vous permettre de progresser dans le \u00ab Tableau d&rsquo;Honneur \u00bb de la Confr\u00e9rie, de toute fa\u00e7on pour vous faire d\u00e9couvrir ou red\u00e9couvrir les Alpes sous tous leurs aspects.<\/p>\n\n\n\n<p>Cent cols, les principaux des Alpes fran\u00e7aises, cent cols qui vous permettront donc de r\u00e9aliser une \u00e9poustouflante randonn\u00e9e cyclo-montagnarde.<\/p>\n\n\n\n<p>Cent quatre cols (dont 5 \u00e0 plus \u00e0 2000 m d&rsquo;altitude) en 1 580 km (pour une d\u00e9nivel\u00e9e d&rsquo;au moins 28 000m), avec pour les insatiables, possibilit\u00e9 d&rsquo;int\u00e9grer le Mont Ventoux en variante.<\/p>\n\n\n\n<h2 class=\"wp-block-heading\">Contr\u00f4les<\/h2>\n\n\n\n<p>Les huit contr\u00f4les seront effectu\u00e9s en des points de parcours choisis par le randonneur lui-m\u00eame, un contr\u00f4le \u00e9tant effectu\u00e9 dans chaque section (les num\u00e9ros de section sont \u00e0 reporter sur la carte de route).<\/p>\n\n\n\n<ol class=\"wp-block-list\">\n<li>Annecy \/ Col de la Croix de Fer<\/li>\n\n\n\n<li>Col de la Croix de Fer \/ Guillestre<\/li>\n\n\n\n<li>Guillestre \/ Sisteron<\/li>\n\n\n\n<li>Sisteron \/ Nice<\/li>\n\n\n\n<li>Nice \/ Manosque<\/li>\n\n\n\n<li>Manosque \/ St Nazaire le D\u00e9sert<\/li>\n\n\n\n<li>St Nazaire le D\u00e9sert \/ Voreppe<\/li>\n\n\n\n<li>Voreppe \/ Annecy<\/li>\n<\/ol>\n\n\n\n<p><strong>NB : La randonn\u00e9e peut \u00eatre faite sous la forme de 3 boucles:<\/strong><\/p>\n\n\n\n<ul class=\"wp-block-list\">\n<li>Annecy \/ Col de la Croix de Fer \/ Voreppe \/ Annecy<\/li>\n\n\n\n<li>Col de la Croix de Fer \/ Sisteron \/ Manosque \/ Voreppe<\/li>\n\n\n\n<li>Sisteron \/ Nice \/Manosque \/ Sisteron<\/li>\n<\/ul>\n\n\n\n<h2 class=\"wp-block-heading\">Principaux cols<\/h2>\n\n\n\n<ul class=\"wp-block-list\">\n<li>Col du Grand Cucheron<\/li>\n\n\n\n<li>Col du Glandon<\/li>\n\n\n\n<li>Col du T\u00e9l\u00e9graphe<\/li>\n\n\n\n<li>Col du Galibier 2642 m<\/li>\n\n\n\n<li>Collet du Plan Nicolas 2406 m<\/li>\n\n\n\n<li>Col de Turini<\/li>\n\n\n\n<li>Col de Braus<\/li>\n\n\n\n<li>Col de Vence<\/li>\n\n\n\n<li>Col de Fontaube<\/li>\n\n\n\n<li>Col du Granier<\/li>\n\n\n\n<li>Col de Plainpalais<\/li>\n\n\n\n<li>Col du Gol\u00e9ron, etc.<\/li>\n<\/ul>\n\n\n\n<h2 class=\"wp-block-heading\">Sites BCN et BPF sur le parcours<\/h2>\n\n\n\n<ul class=\"wp-block-list\">\n<li>Menthon<\/li>\n\n\n\n<li>Col de la Croix de Fer 2068 m<\/li>\n\n\n\n<li>Col du Lautaret 2058 m, Col d&rsquo;Izoard 2361 m<\/li>\n\n\n\n<li>Annot<\/li>\n\n\n\n<li>Pe\u00efra Caiva<\/li>\n\n\n\n<li>La Turbie<\/li>\n\n\n\n<li>Gr\u00e9oli\u00e8res<\/li>\n\n\n\n<li>Moustiers Ste-Marie<\/li>\n\n\n\n<li>Mont Ventoux<\/li>\n\n\n\n<li>Montbrun les Bains<\/li>\n\n\n\n<li>Brantes<\/li>\n\n\n\n<li>La Motte-Chalan\u00e7on<\/li>\n\n\n\n<li>Col de Rousset<\/li>\n\n\n\n<li>Col de la Machine<\/li>\n\n\n\n<li>Mont Revard<\/li>\n<\/ul>\n\n\n\n<h2 class=\"wp-block-heading\">R\u00e8gle du jeu des randonn\u00e9es permanentes<\/h2>\n\n\n\n<p>Tout participant \u00e0 cette randonn\u00e9e permanente s&rsquo;engage \u00e0 respecter<a href=\"\/rdj-randonnees-permanentes\/\"> la r\u00e8gle du jeu<\/a> la r\u00e9gissant.<\/p>\n\n\n\n<h2 class=\"wp-block-heading\">Pour plus d&rsquo;information<\/h2>\n\n\n\n<h3 class=\"wp-block-heading\">S&rsquo;adresser au responsable des randonn\u00e9es permanentes<\/h3>\n\n\n\n<p>Jean-Marc CLEMENT<br>10 rue de Normandie<br>31120 Portet sur Garonne<br>FRANCE<\/p>\n\n\n\n<p>T\u00e9l : +33 (0)5 61 76 30 12<br>E-mail : [email]&#114;&#x61;&#110;&#x64;o&#115;&#x40;&#99;&#x65;n&#x74;c&#111;&#x6c;&#115;&#x2e;o&#x72;&#x67; [\/email]<\/p>\n\n\n\n<h6 class=\"wp-block-heading\"><strong>Attention : Veuillez envoyer vos cartes de route \u00e0 homologuer ainsi que vos cartes postales et vos r\u00e9cits de voyage uniquement au responsable actuel, quoi que vous trouviez comme ancienne information (donc ne pas \u00e9crire \u00e0 Roger Colombo, Bernard Pommel, Jean-Marc Lef\u00e8vre ou Roland Grimaud \u2020).<\/strong><\/h6>\n","protected":false},"excerpt":{"rendered":"<p>Pr\u00e9sentation Circuit de 1 580 km entre Annecy et Nice, et retour. Comprenant 105 cols dont cinq ont une altitude sup\u00e9rieure \u00e0 2000 m\u00e8tres, 18 cols en option et environ 37800m de d\u00e9nivel\u00e9. Trac\u00e9 par Ren\u00e9 Poty (Cent Cols n\u00b0530). Parcours Bulletin d&rsquo;inscription Th\u00e8me Le Club des Cent Cols, fond\u00e9 en 1972, affili\u00e9 \u00e0 la [&hellip;]<\/p>\n","protected":false},"author":3,"featured_media":83794,"comment_status":"open","ping_status":"open","sticky":false,"template":"","format":"standard","meta":{"_acf_changed":false,"footnotes":""},"categories":[174,184,176,181,163,155,190,145],"tags":[],"class_list":["post-80119","post","type-post","status-publish","format-standard","has-post-thumbnail","hentry","category-alpes-du-nord","category-auvergne-rhone-alpes","category-route","category-alpes-du-sud","category-prealpes","category-france","category-provence-alpes-cote-dazur","category-randonnees-permanentes"],"acf":[],"yoast_head":"<!-- This site is optimized with the Yoast SEO plugin v27.2 - https:\/\/yoast.com\/product\/yoast-seo-wordpress\/ -->\n<title>Cent cols en Alpes - Club des Cent Cols<\/title>\n<meta name=\"robots\" content=\"index, follow, max-snippet:-1, max-image-preview:large, max-video-preview:-1\" \/>\n<link rel=\"canonical\" href=\"https:\/\/centcols.org\/es\/cien-puertos-de-montana-en-los-alpes\/\" \/>\n<meta property=\"og:locale\" content=\"es_ES\" \/>\n<meta property=\"og:type\" content=\"article\" \/>\n<meta property=\"og:title\" content=\"Cent cols en Alpes - Club des Cent Cols\" \/>\n<meta property=\"og:description\" content=\"Pr\u00e9sentation Circuit de 1 580 km entre Annecy et Nice, et retour. Comprenant 105 cols dont cinq ont une altitude sup\u00e9rieure \u00e0 2000 m\u00e8tres, 18 cols en option et environ 37800m de d\u00e9nivel\u00e9. Trac\u00e9 par Ren\u00e9 Poty (Cent Cols n\u00b0530). Parcours Bulletin d&rsquo;inscription Th\u00e8me Le Club des Cent Cols, fond\u00e9 en 1972, affili\u00e9 \u00e0 la [&hellip;]\" \/>\n<meta property=\"og:url\" content=\"https:\/\/centcols.org\/es\/cien-puertos-de-montana-en-los-alpes\/\" \/>\n<meta property=\"og:site_name\" content=\"Club des Cent Cols\" \/>\n<meta property=\"article:publisher\" content=\"https:\/\/www.facebook.com\/groups\/5261880558\/?locale=fr_FR\" \/>\n<meta property=\"article:published_time\" content=\"2025-03-27T18:00:00+00:00\" \/>\n<meta property=\"article:modified_time\" content=\"2025-09-01T14:44:05+00:00\" \/>\n<meta property=\"og:image\" content=\"https:\/\/centcols.org\/wp-content\/uploads\/2023\/05\/bonette01.jpg\" \/>\n\t<meta property=\"og:image:width\" content=\"800\" \/>\n\t<meta property=\"og:image:height\" content=\"391\" \/>\n\t<meta property=\"og:image:type\" content=\"image\/jpeg\" \/>\n<meta name=\"author\" content=\"Webmestre\" \/>\n<meta name=\"twitter:card\" content=\"summary_large_image\" \/>\n<meta name=\"twitter:label1\" content=\"Escrito por\" \/>\n\t<meta name=\"twitter:data1\" content=\"Webmestre\" \/>\n\t<meta name=\"twitter:label2\" content=\"Tiempo de lectura\" \/>\n\t<meta name=\"twitter:data2\" content=\"3 minutos\" \/>\n<script type=\"application\/ld+json\" class=\"yoast-schema-graph\">{\"@context\":\"https:\/\/schema.org\",\"@graph\":[{\"@type\":\"Article\",\"@id\":\"https:\/\/centcols.org\/cent-cols-en-alpes\/#article\",\"isPartOf\":{\"@id\":\"https:\/\/centcols.org\/cent-cols-en-alpes\/\"},\"author\":{\"name\":\"Webmestre\",\"@id\":\"https:\/\/centcols.org\/#\/schema\/person\/911b404fb133d8c913dd27cdcf71c8e5\"},\"headline\":\"Cent cols en Alpes\",\"datePublished\":\"2025-03-27T18:00:00+00:00\",\"dateModified\":\"2025-09-01T14:44:05+00:00\",\"mainEntityOfPage\":{\"@id\":\"https:\/\/centcols.org\/cent-cols-en-alpes\/\"},\"wordCount\":489,\"commentCount\":0,\"publisher\":{\"@id\":\"https:\/\/centcols.org\/#organization\"},\"image\":{\"@id\":\"https:\/\/centcols.org\/cent-cols-en-alpes\/#primaryimage\"},\"thumbnailUrl\":\"https:\/\/centcols.org\/wp-content\/uploads\/2023\/05\/bonette01.jpg\",\"articleSection\":[\"Alpes fran\u00e7aises du nord\",\"Auvergne-Rh\u00f4ne-Alpes\",\"Route\",\"Alpes fran\u00e7aises du sud\",\"Pr\u00e9alpes\",\"France\",\"Provence-Alpes-C\u00f4te d'Azur\",\"Randonn\u00e9es permanentes\"],\"inLanguage\":\"es\",\"potentialAction\":[{\"@type\":\"CommentAction\",\"name\":\"Comment\",\"target\":[\"https:\/\/centcols.org\/cent-cols-en-alpes\/#respond\"]}]},{\"@type\":\"WebPage\",\"@id\":\"https:\/\/centcols.org\/cent-cols-en-alpes\/\",\"url\":\"https:\/\/centcols.org\/cent-cols-en-alpes\/\",\"name\":\"Cent cols en Alpes - Club des Cent Cols\",\"isPartOf\":{\"@id\":\"https:\/\/centcols.org\/#website\"},\"primaryImageOfPage\":{\"@id\":\"https:\/\/centcols.org\/cent-cols-en-alpes\/#primaryimage\"},\"image\":{\"@id\":\"https:\/\/centcols.org\/cent-cols-en-alpes\/#primaryimage\"},\"thumbnailUrl\":\"https:\/\/centcols.org\/wp-content\/uploads\/2023\/05\/bonette01.jpg\",\"datePublished\":\"2025-03-27T18:00:00+00:00\",\"dateModified\":\"2025-09-01T14:44:05+00:00\",\"breadcrumb\":{\"@id\":\"https:\/\/centcols.org\/cent-cols-en-alpes\/#breadcrumb\"},\"inLanguage\":\"es\",\"potentialAction\":[{\"@type\":\"ReadAction\",\"target\":[\"https:\/\/centcols.org\/cent-cols-en-alpes\/\"]}]},{\"@type\":\"ImageObject\",\"inLanguage\":\"es\",\"@id\":\"https:\/\/centcols.org\/cent-cols-en-alpes\/#primaryimage\",\"url\":\"https:\/\/centcols.org\/wp-content\/uploads\/2023\/05\/bonette01.jpg\",\"contentUrl\":\"https:\/\/centcols.org\/wp-content\/uploads\/2023\/05\/bonette01.jpg\",\"width\":800,\"height\":391},{\"@type\":\"BreadcrumbList\",\"@id\":\"https:\/\/centcols.org\/cent-cols-en-alpes\/#breadcrumb\",\"itemListElement\":[{\"@type\":\"ListItem\",\"position\":1,\"name\":\"Accueil\",\"item\":\"https:\/\/centcols.org\/\"},{\"@type\":\"ListItem\",\"position\":2,\"name\":\"Randonn\u00e9es permanentes\",\"item\":\"https:\/\/centcols.org\/rubrique\/randonnees-permanentes\/\"},{\"@type\":\"ListItem\",\"position\":3,\"name\":\"Pays\",\"item\":\"https:\/\/centcols.org\/rubrique\/randonnees-permanentes\/pays\/\"},{\"@type\":\"ListItem\",\"position\":4,\"name\":\"France\",\"item\":\"https:\/\/centcols.org\/rubrique\/randonnees-permanentes\/pays\/france\/\"},{\"@type\":\"ListItem\",\"position\":5,\"name\":\"Cent cols en Alpes\"}]},{\"@type\":\"WebSite\",\"@id\":\"https:\/\/centcols.org\/#website\",\"url\":\"https:\/\/centcols.org\/\",\"name\":\"Club des Cent Cols\",\"description\":\"\",\"publisher\":{\"@id\":\"https:\/\/centcols.org\/#organization\"},\"potentialAction\":[{\"@type\":\"SearchAction\",\"target\":{\"@type\":\"EntryPoint\",\"urlTemplate\":\"https:\/\/centcols.org\/?s={search_term_string}\"},\"query-input\":{\"@type\":\"PropertyValueSpecification\",\"valueRequired\":true,\"valueName\":\"search_term_string\"}}],\"inLanguage\":\"es\"},{\"@type\":\"Organization\",\"@id\":\"https:\/\/centcols.org\/#organization\",\"name\":\"Club des Cent Cols\",\"url\":\"https:\/\/centcols.org\/\",\"logo\":{\"@type\":\"ImageObject\",\"inLanguage\":\"es\",\"@id\":\"https:\/\/centcols.org\/#\/schema\/logo\/image\/\",\"url\":\"https:\/\/centcols.org\/wp-content\/uploads\/2025\/01\/carte-icone.png\",\"contentUrl\":\"https:\/\/centcols.org\/wp-content\/uploads\/2025\/01\/carte-icone.png\",\"width\":250,\"height\":250,\"caption\":\"Club des Cent Cols\"},\"image\":{\"@id\":\"https:\/\/centcols.org\/#\/schema\/logo\/image\/\"},\"sameAs\":[\"https:\/\/www.facebook.com\/groups\/5261880558\/?locale=fr_FR\"]},{\"@type\":\"Person\",\"@id\":\"https:\/\/centcols.org\/#\/schema\/person\/911b404fb133d8c913dd27cdcf71c8e5\",\"name\":\"Webmestre\",\"image\":{\"@type\":\"ImageObject\",\"inLanguage\":\"es\",\"@id\":\"https:\/\/centcols.org\/wp-content\/litespeed\/avatar\/2d246e4b6b4f773e08515e1ffc53690b.jpg?ver=1777222892\",\"url\":\"https:\/\/centcols.org\/wp-content\/litespeed\/avatar\/2d246e4b6b4f773e08515e1ffc53690b.jpg?ver=1777222892\",\"contentUrl\":\"https:\/\/centcols.org\/wp-content\/litespeed\/avatar\/2d246e4b6b4f773e08515e1ffc53690b.jpg?ver=1777222892\",\"caption\":\"Webmestre\"},\"url\":\"https:\/\/centcols.org\/es\/author\/webmestre\/\"}]}<\/script>\n<!-- \/ Yoast SEO plugin. -->","yoast_head_json":{"title":"Cien puertos en los Alpes - Club des Cent Cols","robots":{"index":"index","follow":"follow","max-snippet":"max-snippet:-1","max-image-preview":"max-image-preview:large","max-video-preview":"max-video-preview:-1"},"canonical":"https:\/\/centcols.org\/es\/cien-puertos-de-montana-en-los-alpes\/","og_locale":"es_ES","og_type":"article","og_title":"Cent cols en Alpes - Club des Cent Cols","og_description":"Pr\u00e9sentation Circuit de 1 580 km entre Annecy et Nice, et retour. Comprenant 105 cols dont cinq ont une altitude sup\u00e9rieure \u00e0 2000 m\u00e8tres, 18 cols en option et environ 37800m de d\u00e9nivel\u00e9. Trac\u00e9 par Ren\u00e9 Poty (Cent Cols n\u00b0530). Parcours Bulletin d&rsquo;inscription Th\u00e8me Le Club des Cent Cols, fond\u00e9 en 1972, affili\u00e9 \u00e0 la [&hellip;]","og_url":"https:\/\/centcols.org\/es\/cien-puertos-de-montana-en-los-alpes\/","og_site_name":"Club des Cent Cols","article_publisher":"https:\/\/www.facebook.com\/groups\/5261880558\/?locale=fr_FR","article_published_time":"2025-03-27T18:00:00+00:00","article_modified_time":"2025-09-01T14:44:05+00:00","og_image":[{"width":800,"height":391,"url":"https:\/\/centcols.org\/wp-content\/uploads\/2023\/05\/bonette01.jpg","type":"image\/jpeg"}],"author":"Webmestre","twitter_card":"summary_large_image","twitter_misc":{"Escrito por":"Webmestre","Tiempo de lectura":"3 minutos"},"schema":{"@context":"https:\/\/schema.org","@graph":[{"@type":"Article","@id":"https:\/\/centcols.org\/cent-cols-en-alpes\/#article","isPartOf":{"@id":"https:\/\/centcols.org\/cent-cols-en-alpes\/"},"author":{"name":"Webmestre","@id":"https:\/\/centcols.org\/#\/schema\/person\/911b404fb133d8c913dd27cdcf71c8e5"},"headline":"Cent cols en Alpes","datePublished":"2025-03-27T18:00:00+00:00","dateModified":"2025-09-01T14:44:05+00:00","mainEntityOfPage":{"@id":"https:\/\/centcols.org\/cent-cols-en-alpes\/"},"wordCount":489,"commentCount":0,"publisher":{"@id":"https:\/\/centcols.org\/#organization"},"image":{"@id":"https:\/\/centcols.org\/cent-cols-en-alpes\/#primaryimage"},"thumbnailUrl":"https:\/\/centcols.org\/wp-content\/uploads\/2023\/05\/bonette01.jpg","articleSection":["Alpes fran\u00e7aises du nord","Auvergne-Rh\u00f4ne-Alpes","Route","Alpes fran\u00e7aises du sud","Pr\u00e9alpes","France","Provence-Alpes-C\u00f4te d'Azur","Randonn\u00e9es permanentes"],"inLanguage":"es","potentialAction":[{"@type":"CommentAction","name":"Comment","target":["https:\/\/centcols.org\/cent-cols-en-alpes\/#respond"]}]},{"@type":"WebPage","@id":"https:\/\/centcols.org\/cent-cols-en-alpes\/","url":"https:\/\/centcols.org\/cent-cols-en-alpes\/","name":"Cien puertos en los Alpes - Club des Cent Cols","isPartOf":{"@id":"https:\/\/centcols.org\/#website"},"primaryImageOfPage":{"@id":"https:\/\/centcols.org\/cent-cols-en-alpes\/#primaryimage"},"image":{"@id":"https:\/\/centcols.org\/cent-cols-en-alpes\/#primaryimage"},"thumbnailUrl":"https:\/\/centcols.org\/wp-content\/uploads\/2023\/05\/bonette01.jpg","datePublished":"2025-03-27T18:00:00+00:00","dateModified":"2025-09-01T14:44:05+00:00","breadcrumb":{"@id":"https:\/\/centcols.org\/cent-cols-en-alpes\/#breadcrumb"},"inLanguage":"es","potentialAction":[{"@type":"ReadAction","target":["https:\/\/centcols.org\/cent-cols-en-alpes\/"]}]},{"@type":"ImageObject","inLanguage":"es","@id":"https:\/\/centcols.org\/cent-cols-en-alpes\/#primaryimage","url":"https:\/\/centcols.org\/wp-content\/uploads\/2023\/05\/bonette01.jpg","contentUrl":"https:\/\/centcols.org\/wp-content\/uploads\/2023\/05\/bonette01.jpg","width":800,"height":391},{"@type":"BreadcrumbList","@id":"https:\/\/centcols.org\/cent-cols-en-alpes\/#breadcrumb","itemListElement":[{"@type":"ListItem","position":1,"name":"Accueil","item":"https:\/\/centcols.org\/"},{"@type":"ListItem","position":2,"name":"Randonn\u00e9es permanentes","item":"https:\/\/centcols.org\/rubrique\/randonnees-permanentes\/"},{"@type":"ListItem","position":3,"name":"Pays","item":"https:\/\/centcols.org\/rubrique\/randonnees-permanentes\/pays\/"},{"@type":"ListItem","position":4,"name":"France","item":"https:\/\/centcols.org\/rubrique\/randonnees-permanentes\/pays\/france\/"},{"@type":"ListItem","position":5,"name":"Cent cols en Alpes"}]},{"@type":"WebSite","@id":"https:\/\/centcols.org\/#website","url":"https:\/\/centcols.org\/","name":"Club des Cent Cols","description":"","publisher":{"@id":"https:\/\/centcols.org\/#organization"},"potentialAction":[{"@type":"SearchAction","target":{"@type":"EntryPoint","urlTemplate":"https:\/\/centcols.org\/?s={search_term_string}"},"query-input":{"@type":"PropertyValueSpecification","valueRequired":true,"valueName":"search_term_string"}}],"inLanguage":"es"},{"@type":"Organization","@id":"https:\/\/centcols.org\/#organization","name":"Club des Cent Cols","url":"https:\/\/centcols.org\/","logo":{"@type":"ImageObject","inLanguage":"es","@id":"https:\/\/centcols.org\/#\/schema\/logo\/image\/","url":"https:\/\/centcols.org\/wp-content\/uploads\/2025\/01\/carte-icone.png","contentUrl":"https:\/\/centcols.org\/wp-content\/uploads\/2025\/01\/carte-icone.png","width":250,"height":250,"caption":"Club des Cent Cols"},"image":{"@id":"https:\/\/centcols.org\/#\/schema\/logo\/image\/"},"sameAs":["https:\/\/www.facebook.com\/groups\/5261880558\/?locale=fr_FR"]},{"@type":"Person","@id":"https:\/\/centcols.org\/#\/schema\/person\/911b404fb133d8c913dd27cdcf71c8e5","name":"Webmaster","image":{"@type":"ImageObject","inLanguage":"es","@id":"https:\/\/centcols.org\/wp-content\/litespeed\/avatar\/2d246e4b6b4f773e08515e1ffc53690b.jpg?ver=1777222892","url":"https:\/\/centcols.org\/wp-content\/litespeed\/avatar\/2d246e4b6b4f773e08515e1ffc53690b.jpg?ver=1777222892","contentUrl":"https:\/\/centcols.org\/wp-content\/litespeed\/avatar\/2d246e4b6b4f773e08515e1ffc53690b.jpg?ver=1777222892","caption":"Webmestre"},"url":"https:\/\/centcols.org\/es\/author\/webmestre\/"}]}},"_links":{"self":[{"href":"https:\/\/centcols.org\/es\/wp-json\/wp\/v2\/posts\/80119","targetHints":{"allow":["GET"]}}],"collection":[{"href":"https:\/\/centcols.org\/es\/wp-json\/wp\/v2\/posts"}],"about":[{"href":"https:\/\/centcols.org\/es\/wp-json\/wp\/v2\/types\/post"}],"author":[{"embeddable":true,"href":"https:\/\/centcols.org\/es\/wp-json\/wp\/v2\/users\/3"}],"replies":[{"embeddable":true,"href":"https:\/\/centcols.org\/es\/wp-json\/wp\/v2\/comments?post=80119"}],"version-history":[{"count":0,"href":"https:\/\/centcols.org\/es\/wp-json\/wp\/v2\/posts\/80119\/revisions"}],"wp:featuredmedia":[{"embeddable":true,"href":"https:\/\/centcols.org\/es\/wp-json\/wp\/v2\/media\/83794"}],"wp:attachment":[{"href":"https:\/\/centcols.org\/es\/wp-json\/wp\/v2\/media?parent=80119"}],"wp:term":[{"taxonomy":"category","embeddable":true,"href":"https:\/\/centcols.org\/es\/wp-json\/wp\/v2\/categories?post=80119"},{"taxonomy":"post_tag","embeddable":true,"href":"https:\/\/centcols.org\/es\/wp-json\/wp\/v2\/tags?post=80119"}],"curies":[{"name":"wp","href":"https:\/\/api.w.org\/{rel}","templated":true}]}}