{"id":80159,"date":"2025-03-27T21:10:57","date_gmt":"2025-03-27T19:10:57","guid":{"rendered":"https:\/\/centcols.org\/?p=80159"},"modified":"2025-09-01T16:37:43","modified_gmt":"2025-09-01T14:37:43","slug":"cent-cols-en-haut-languedoc","status":"publish","type":"post","link":"https:\/\/centcols.org\/es\/cent-cols-en-haut-languedoc\/","title":{"rendered":"Cien puertos en el Haut-Languedoc"},"content":{"rendered":"\n<h2 class=\"wp-block-heading\">Pr\u00e9sentation<\/h2>\n\n\n\n<p>Circuit de 790 km entre Mont Aigoual et Monts de Lacaune, comprenant 114 cols, 12 cols en option et&nbsp; un d\u00e9nivel\u00e9 d&rsquo;environ 15000 m.<\/p>\n\n\n\n<p>Trac\u00e9 par Pierre Gasc (Cent Cols n\u00b01531).<\/p>\n\n\n\n<p><a class=\"fancybox\" href=\"https:\/\/centcols.org\/rando_perm\/lang\/CARTE.jpg\" rel=\"noopener noreferrer\">Parcours<\/a><\/p>\n\n\n\n<p><iframe loading=\"lazy\" src=\"https:\/\/centcols.org\/rando_perm\/carto\/mbtrp.php?rp=hla\" width=\"800\" height=\"600\"><\/iframe><\/p>\n\n\n\n<p><a href=\"https:\/\/centcols.org\/rando_perm\/inscription.php?rando=hla\">Bulletin d&rsquo;inscription<\/a><\/p>\n\n\n\n<h2 class=\"wp-block-heading\">Th\u00e8me<\/h2>\n\n\n\n<p>Le Club des Cent Cols, fond\u00e9 en 1972, affili\u00e9 \u00e0 la <a href=\"http:\/\/ffct.org\/\" target=\"_blank\" rel=\"noopener noreferrer\">F\u00e9d\u00e9ration Fran\u00e7aise de Cyclotourisme<\/a> sous le N\u00b06384, vous propose cette randonn\u00e9e permanente bas\u00e9e sur un th\u00e8me simple : \u00ab Cent cols \u00bb.<\/p>\n\n\n\n<p>Cent cols, soit pour vous permettre d&rsquo;int\u00e9grer la Confr\u00e9rie du Club des Cent Cols, soit pour vous permettre de progresser dans le \u00ab Tableau d&rsquo;Honneur \u00bb de la Confr\u00e9rie, de toute fa\u00e7on pour vous faire d\u00e9couvrir ou red\u00e9couvrir le Haut Languedoc.<\/p>\n\n\n\n<p>Cent cols qui vous permettront donc de r\u00e9aliser une \u00e9poustouflante randonn\u00e9e cyclo- montagnarde et de partir \u00e0 la d\u00e9couverte du Languedoc vu depuis ses montagnes entre les Monts de l&rsquo;Espinouse, du Caroux, et de Lacaune au sud-ouest, jusqu&rsquo;aux cr\u00eates c\u00e9venoles du c\u00f4t\u00e9 du Mont Aigoual au nord-est. La d\u00e9couverte d&rsquo;un patrimoine unique : des cols parfois ardus mais aussi des sites naturels exceptionnels comme le \u00ab\u00a0Cirque de Navacelles\u00a0\u00bb. La d\u00e9couverte, enfin d&rsquo;une r\u00e9gion au riche pass\u00e9 dont les traces remontent \u00e0 la pr\u00e9histoire comme ces myst\u00e9rieuses \u00ab\u00a0statues-menhirs\u00a0\u00bb qui jalonnent le parcours de la premi\u00e8re boucle de cette \u00e9tonnante randonn\u00e9e.<\/p>\n\n\n\n<h2 class=\"wp-block-heading\">Contr\u00f4les<\/h2>\n\n\n\n<p>Huit contr\u00f4les sont obligatoires; ils seront effectu\u00e9s en des points de parcours choisis par le randonneur lui-m\u00eame, un contr\u00f4le \u00e9tant effectu\u00e9 dans chaque section (les num\u00e9ros de section sont \u00e0 reporter sur la carte de route).<\/p>\n\n\n\n<ol class=\"wp-block-list\">\n<li>Olargues &#8211; Murat sur V\u00e8bre<\/li>\n\n\n\n<li>Murat sur V\u00e8bre &#8211; Courniou<\/li>\n\n\n\n<li>Courniou &#8211; Olargues<\/li>\n\n\n\n<li>H\u00e9r\u00e9pian &#8211; Av\u00e8ne<\/li>\n\n\n\n<li>Av\u00e8ne &#8211; H\u00e9r\u00e9pian<\/li>\n\n\n\n<li>Lod\u00e8ve &#8211; Valleraugue<\/li>\n\n\n\n<li>Valleraugue &#8211; Dourbies<\/li>\n\n\n\n<li>Dourbies &#8211; Lod\u00e8ve<\/li>\n<\/ol>\n\n\n\n<p><strong>NB : La randonn\u00e9e peut \u00eatre faite sous forme de 3 boucles :<\/strong><\/p>\n\n\n\n<ul class=\"wp-block-list\">\n<li>Olargues \/ St Gervais sur Mare \/ Lacaune \/ Verreries de Moussan<\/li>\n\n\n\n<li>Lod\u00e8ve \/ H\u00e9r\u00e9pian \/ Ceilhes<\/li>\n\n\n\n<li>Lod\u00e8ve \/ Ganges \/ L&rsquo;Esp\u00e9rou<\/li>\n<\/ul>\n\n\n\n<h2 class=\"wp-block-heading\">Principaux cols<\/h2>\n\n\n\n<ul class=\"wp-block-list\">\n<li>Col de l&rsquo;Espinouse<\/li>\n\n\n\n<li>Col de la Croix de Mounis<\/li>\n\n\n\n<li>Col du Cabaretou<\/li>\n\n\n\n<li>Col de Sainte Colombe<\/li>\n\n\n\n<li>Col de la Baraque de Bral<\/li>\n\n\n\n<li>Col du Vent<\/li>\n\n\n\n<li>Col de l&rsquo;Asclier<\/li>\n\n\n\n<li>Col de l&rsquo;Espinas<\/li>\n\n\n\n<li>Col de la Luzette<\/li>\n\n\n\n<li>Col de Prat Peyrot<\/li>\n\n\n\n<li>Col de Campviel<\/li>\n\n\n\n<li>etc.<\/li>\n<\/ul>\n\n\n\n<h2 class=\"wp-block-heading\">Sites BCN et BPF sur le parcours<\/h2>\n\n\n\n<ul class=\"wp-block-list\">\n<li>Lacaune<\/li>\n\n\n\n<li>Fraisse sur Agout<\/li>\n\n\n\n<li>Mont Aigoual<\/li>\n\n\n\n<li>Blandas<\/li>\n<\/ul>\n\n\n\n<h2 class=\"wp-block-heading\">R\u00e8gle du jeu des randonn\u00e9es permanentes<\/h2>\n\n\n\n<p>Tout participant \u00e0 cette randonn\u00e9e permanente s&rsquo;engage \u00e0 respecter<a href=\"\/rdj-randonnees-permanentes\/\"> la r\u00e8gle du jeu<\/a> la r\u00e9gissant.<\/p>\n\n\n\n<h2 class=\"wp-block-heading\">Pour plus d&rsquo;information<\/h2>\n\n\n\n<h3 class=\"wp-block-heading\">S&rsquo;adresser au responsable des randonn\u00e9es permanentes<\/h3>\n\n\n\n<p>Jean-Marc CLEMENT<br>10 rue de Normandie<br>31120 Portet sur Garonne<br>FRANCE<\/p>\n\n\n\n<p>T\u00e9l : +33 (0)5 61 76 30 12<br>E-mail : [email]randos&#64;c&#101;&#110;&#116;&#99;&#111;&#108;&#115;&#46;&#111;&#114;&#x67; [\/email]<\/p>\n\n\n\n<h6 class=\"wp-block-heading\"><strong>Attention : Veuillez envoyer vos cartes de route \u00e0 homologuer ainsi que vos cartes postales et vos r\u00e9cits de voyage uniquement au responsable actuel, quoi que vous trouviez comme ancienne information (donc ne pas \u00e9crire \u00e0 Roger Colombo, Bernard Pommel, Jean-Marc Lef\u00e8vre ou Roland Grimaud \u2020).<\/strong><\/h6>\n","protected":false},"excerpt":{"rendered":"<p>Pr\u00e9sentation Circuit de 790 km entre Mont Aigoual et Monts de Lacaune, comprenant 114 cols, 12 cols en option et&nbsp; un d\u00e9nivel\u00e9 d&rsquo;environ 15000 m. Trac\u00e9 par Pierre Gasc (Cent Cols n\u00b01531). Parcours Bulletin d&rsquo;inscription Th\u00e8me Le Club des Cent Cols, fond\u00e9 en 1972, affili\u00e9 \u00e0 la F\u00e9d\u00e9ration Fran\u00e7aise de Cyclotourisme sous le N\u00b06384, vous [&hellip;]<\/p>\n","protected":false},"author":3,"featured_media":80257,"comment_status":"open","ping_status":"open","sticky":false,"template":"","format":"standard","meta":{"_acf_changed":false,"footnotes":""},"categories":[176,161,162,189,155,145],"tags":[],"class_list":["post-80159","post","type-post","status-publish","format-standard","has-post-thumbnail","hentry","category-route","category-massif-central","category-cevennes","category-occitanie","category-france","category-randonnees-permanentes"],"acf":[],"yoast_head":"<!-- This site is optimized with the Yoast SEO plugin v27.2 - https:\/\/yoast.com\/product\/yoast-seo-wordpress\/ -->\n<title>Cent cols en Haut-Languedoc - Club des Cent Cols<\/title>\n<meta name=\"robots\" content=\"index, follow, max-snippet:-1, max-image-preview:large, max-video-preview:-1\" \/>\n<link rel=\"canonical\" href=\"https:\/\/centcols.org\/es\/cent-cols-en-haut-languedoc\/\" \/>\n<meta property=\"og:locale\" content=\"es_ES\" \/>\n<meta property=\"og:type\" content=\"article\" \/>\n<meta property=\"og:title\" content=\"Cent cols en Haut-Languedoc - Club des Cent Cols\" \/>\n<meta property=\"og:description\" content=\"Pr\u00e9sentation Circuit de 790 km entre Mont Aigoual et Monts de Lacaune, comprenant 114 cols, 12 cols en option et&nbsp; un d\u00e9nivel\u00e9 d&rsquo;environ 15000 m. Trac\u00e9 par Pierre Gasc (Cent Cols n\u00b01531). Parcours Bulletin d&rsquo;inscription Th\u00e8me Le Club des Cent Cols, fond\u00e9 en 1972, affili\u00e9 \u00e0 la F\u00e9d\u00e9ration Fran\u00e7aise de Cyclotourisme sous le N\u00b06384, vous [&hellip;]\" \/>\n<meta property=\"og:url\" content=\"https:\/\/centcols.org\/es\/cent-cols-en-haut-languedoc\/\" \/>\n<meta property=\"og:site_name\" content=\"Club des Cent Cols\" \/>\n<meta property=\"article:publisher\" content=\"https:\/\/www.facebook.com\/groups\/5261880558\/?locale=fr_FR\" \/>\n<meta property=\"article:published_time\" content=\"2025-03-27T19:10:57+00:00\" \/>\n<meta property=\"article:modified_time\" content=\"2025-09-01T14:37:43+00:00\" \/>\n<meta property=\"og:image\" content=\"https:\/\/centcols.org\/wp-content\/uploads\/2025\/03\/haut-languedoc-02-gcowhan-r.jpg\" \/>\n\t<meta property=\"og:image:width\" content=\"960\" \/>\n\t<meta property=\"og:image:height\" content=\"540\" \/>\n\t<meta property=\"og:image:type\" content=\"image\/jpeg\" \/>\n<meta name=\"author\" content=\"Webmestre\" \/>\n<meta name=\"twitter:card\" content=\"summary_large_image\" \/>\n<meta name=\"twitter:label1\" content=\"Escrito por\" \/>\n\t<meta name=\"twitter:data1\" content=\"Webmestre\" \/>\n\t<meta name=\"twitter:label2\" content=\"Tiempo de lectura\" \/>\n\t<meta name=\"twitter:data2\" content=\"3 minutos\" \/>\n<script type=\"application\/ld+json\" class=\"yoast-schema-graph\">{\"@context\":\"https:\/\/schema.org\",\"@graph\":[{\"@type\":\"Article\",\"@id\":\"https:\/\/centcols.org\/cent-cols-en-haut-languedoc\/#article\",\"isPartOf\":{\"@id\":\"https:\/\/centcols.org\/cent-cols-en-haut-languedoc\/\"},\"author\":{\"name\":\"Webmestre\",\"@id\":\"https:\/\/centcols.org\/#\/schema\/person\/911b404fb133d8c913dd27cdcf71c8e5\"},\"headline\":\"Cent cols en Haut-Languedoc\",\"datePublished\":\"2025-03-27T19:10:57+00:00\",\"dateModified\":\"2025-09-01T14:37:43+00:00\",\"mainEntityOfPage\":{\"@id\":\"https:\/\/centcols.org\/cent-cols-en-haut-languedoc\/\"},\"wordCount\":507,\"commentCount\":0,\"publisher\":{\"@id\":\"https:\/\/centcols.org\/#organization\"},\"image\":{\"@id\":\"https:\/\/centcols.org\/cent-cols-en-haut-languedoc\/#primaryimage\"},\"thumbnailUrl\":\"https:\/\/centcols.org\/wp-content\/uploads\/2025\/03\/haut-languedoc-02-gcowhan-r.jpg\",\"articleSection\":[\"Route\",\"Massif Central\",\"C\u00e9vennes\",\"Occitanie\",\"France\",\"Randonn\u00e9es permanentes\"],\"inLanguage\":\"es\",\"potentialAction\":[{\"@type\":\"CommentAction\",\"name\":\"Comment\",\"target\":[\"https:\/\/centcols.org\/cent-cols-en-haut-languedoc\/#respond\"]}]},{\"@type\":\"WebPage\",\"@id\":\"https:\/\/centcols.org\/cent-cols-en-haut-languedoc\/\",\"url\":\"https:\/\/centcols.org\/cent-cols-en-haut-languedoc\/\",\"name\":\"Cent cols en Haut-Languedoc - Club des Cent Cols\",\"isPartOf\":{\"@id\":\"https:\/\/centcols.org\/#website\"},\"primaryImageOfPage\":{\"@id\":\"https:\/\/centcols.org\/cent-cols-en-haut-languedoc\/#primaryimage\"},\"image\":{\"@id\":\"https:\/\/centcols.org\/cent-cols-en-haut-languedoc\/#primaryimage\"},\"thumbnailUrl\":\"https:\/\/centcols.org\/wp-content\/uploads\/2025\/03\/haut-languedoc-02-gcowhan-r.jpg\",\"datePublished\":\"2025-03-27T19:10:57+00:00\",\"dateModified\":\"2025-09-01T14:37:43+00:00\",\"breadcrumb\":{\"@id\":\"https:\/\/centcols.org\/cent-cols-en-haut-languedoc\/#breadcrumb\"},\"inLanguage\":\"es\",\"potentialAction\":[{\"@type\":\"ReadAction\",\"target\":[\"https:\/\/centcols.org\/cent-cols-en-haut-languedoc\/\"]}]},{\"@type\":\"ImageObject\",\"inLanguage\":\"es\",\"@id\":\"https:\/\/centcols.org\/cent-cols-en-haut-languedoc\/#primaryimage\",\"url\":\"https:\/\/centcols.org\/wp-content\/uploads\/2025\/03\/haut-languedoc-02-gcowhan-r.jpg\",\"contentUrl\":\"https:\/\/centcols.org\/wp-content\/uploads\/2025\/03\/haut-languedoc-02-gcowhan-r.jpg\",\"width\":960,\"height\":540},{\"@type\":\"BreadcrumbList\",\"@id\":\"https:\/\/centcols.org\/cent-cols-en-haut-languedoc\/#breadcrumb\",\"itemListElement\":[{\"@type\":\"ListItem\",\"position\":1,\"name\":\"Accueil\",\"item\":\"https:\/\/centcols.org\/\"},{\"@type\":\"ListItem\",\"position\":2,\"name\":\"Randonn\u00e9es permanentes\",\"item\":\"https:\/\/centcols.org\/rubrique\/randonnees-permanentes\/\"},{\"@type\":\"ListItem\",\"position\":3,\"name\":\"Pays\",\"item\":\"https:\/\/centcols.org\/rubrique\/randonnees-permanentes\/pays\/\"},{\"@type\":\"ListItem\",\"position\":4,\"name\":\"France\",\"item\":\"https:\/\/centcols.org\/rubrique\/randonnees-permanentes\/pays\/france\/\"},{\"@type\":\"ListItem\",\"position\":5,\"name\":\"Cent cols en Haut-Languedoc\"}]},{\"@type\":\"WebSite\",\"@id\":\"https:\/\/centcols.org\/#website\",\"url\":\"https:\/\/centcols.org\/\",\"name\":\"Club des Cent Cols\",\"description\":\"\",\"publisher\":{\"@id\":\"https:\/\/centcols.org\/#organization\"},\"potentialAction\":[{\"@type\":\"SearchAction\",\"target\":{\"@type\":\"EntryPoint\",\"urlTemplate\":\"https:\/\/centcols.org\/?s={search_term_string}\"},\"query-input\":{\"@type\":\"PropertyValueSpecification\",\"valueRequired\":true,\"valueName\":\"search_term_string\"}}],\"inLanguage\":\"es\"},{\"@type\":\"Organization\",\"@id\":\"https:\/\/centcols.org\/#organization\",\"name\":\"Club des Cent Cols\",\"url\":\"https:\/\/centcols.org\/\",\"logo\":{\"@type\":\"ImageObject\",\"inLanguage\":\"es\",\"@id\":\"https:\/\/centcols.org\/#\/schema\/logo\/image\/\",\"url\":\"https:\/\/centcols.org\/wp-content\/uploads\/2025\/01\/carte-icone.png\",\"contentUrl\":\"https:\/\/centcols.org\/wp-content\/uploads\/2025\/01\/carte-icone.png\",\"width\":250,\"height\":250,\"caption\":\"Club des Cent Cols\"},\"image\":{\"@id\":\"https:\/\/centcols.org\/#\/schema\/logo\/image\/\"},\"sameAs\":[\"https:\/\/www.facebook.com\/groups\/5261880558\/?locale=fr_FR\"]},{\"@type\":\"Person\",\"@id\":\"https:\/\/centcols.org\/#\/schema\/person\/911b404fb133d8c913dd27cdcf71c8e5\",\"name\":\"Webmestre\",\"image\":{\"@type\":\"ImageObject\",\"inLanguage\":\"es\",\"@id\":\"https:\/\/centcols.org\/wp-content\/litespeed\/avatar\/2d246e4b6b4f773e08515e1ffc53690b.jpg?ver=1777222892\",\"url\":\"https:\/\/centcols.org\/wp-content\/litespeed\/avatar\/2d246e4b6b4f773e08515e1ffc53690b.jpg?ver=1777222892\",\"contentUrl\":\"https:\/\/centcols.org\/wp-content\/litespeed\/avatar\/2d246e4b6b4f773e08515e1ffc53690b.jpg?ver=1777222892\",\"caption\":\"Webmestre\"},\"url\":\"https:\/\/centcols.org\/es\/author\/webmestre\/\"}]}<\/script>\n<!-- \/ Yoast SEO plugin. -->","yoast_head_json":{"title":"Cent cols en Haut-Languedoc - Club des Cent Cols","robots":{"index":"index","follow":"follow","max-snippet":"max-snippet:-1","max-image-preview":"max-image-preview:large","max-video-preview":"max-video-preview:-1"},"canonical":"https:\/\/centcols.org\/es\/cent-cols-en-haut-languedoc\/","og_locale":"es_ES","og_type":"article","og_title":"Cent cols en Haut-Languedoc - Club des Cent Cols","og_description":"Pr\u00e9sentation Circuit de 790 km entre Mont Aigoual et Monts de Lacaune, comprenant 114 cols, 12 cols en option et&nbsp; un d\u00e9nivel\u00e9 d&rsquo;environ 15000 m. Trac\u00e9 par Pierre Gasc (Cent Cols n\u00b01531). Parcours Bulletin d&rsquo;inscription Th\u00e8me Le Club des Cent Cols, fond\u00e9 en 1972, affili\u00e9 \u00e0 la F\u00e9d\u00e9ration Fran\u00e7aise de Cyclotourisme sous le N\u00b06384, vous [&hellip;]","og_url":"https:\/\/centcols.org\/es\/cent-cols-en-haut-languedoc\/","og_site_name":"Club des Cent Cols","article_publisher":"https:\/\/www.facebook.com\/groups\/5261880558\/?locale=fr_FR","article_published_time":"2025-03-27T19:10:57+00:00","article_modified_time":"2025-09-01T14:37:43+00:00","og_image":[{"width":960,"height":540,"url":"https:\/\/centcols.org\/wp-content\/uploads\/2025\/03\/haut-languedoc-02-gcowhan-r.jpg","type":"image\/jpeg"}],"author":"Webmestre","twitter_card":"summary_large_image","twitter_misc":{"Escrito por":"Webmestre","Tiempo de lectura":"3 minutos"},"schema":{"@context":"https:\/\/schema.org","@graph":[{"@type":"Article","@id":"https:\/\/centcols.org\/cent-cols-en-haut-languedoc\/#article","isPartOf":{"@id":"https:\/\/centcols.org\/cent-cols-en-haut-languedoc\/"},"author":{"name":"Webmestre","@id":"https:\/\/centcols.org\/#\/schema\/person\/911b404fb133d8c913dd27cdcf71c8e5"},"headline":"Cent cols en Haut-Languedoc","datePublished":"2025-03-27T19:10:57+00:00","dateModified":"2025-09-01T14:37:43+00:00","mainEntityOfPage":{"@id":"https:\/\/centcols.org\/cent-cols-en-haut-languedoc\/"},"wordCount":507,"commentCount":0,"publisher":{"@id":"https:\/\/centcols.org\/#organization"},"image":{"@id":"https:\/\/centcols.org\/cent-cols-en-haut-languedoc\/#primaryimage"},"thumbnailUrl":"https:\/\/centcols.org\/wp-content\/uploads\/2025\/03\/haut-languedoc-02-gcowhan-r.jpg","articleSection":["Route","Massif Central","C\u00e9vennes","Occitanie","France","Randonn\u00e9es permanentes"],"inLanguage":"es","potentialAction":[{"@type":"CommentAction","name":"Comment","target":["https:\/\/centcols.org\/cent-cols-en-haut-languedoc\/#respond"]}]},{"@type":"WebPage","@id":"https:\/\/centcols.org\/cent-cols-en-haut-languedoc\/","url":"https:\/\/centcols.org\/cent-cols-en-haut-languedoc\/","name":"Cent cols en Haut-Languedoc - Club des Cent Cols","isPartOf":{"@id":"https:\/\/centcols.org\/#website"},"primaryImageOfPage":{"@id":"https:\/\/centcols.org\/cent-cols-en-haut-languedoc\/#primaryimage"},"image":{"@id":"https:\/\/centcols.org\/cent-cols-en-haut-languedoc\/#primaryimage"},"thumbnailUrl":"https:\/\/centcols.org\/wp-content\/uploads\/2025\/03\/haut-languedoc-02-gcowhan-r.jpg","datePublished":"2025-03-27T19:10:57+00:00","dateModified":"2025-09-01T14:37:43+00:00","breadcrumb":{"@id":"https:\/\/centcols.org\/cent-cols-en-haut-languedoc\/#breadcrumb"},"inLanguage":"es","potentialAction":[{"@type":"ReadAction","target":["https:\/\/centcols.org\/cent-cols-en-haut-languedoc\/"]}]},{"@type":"ImageObject","inLanguage":"es","@id":"https:\/\/centcols.org\/cent-cols-en-haut-languedoc\/#primaryimage","url":"https:\/\/centcols.org\/wp-content\/uploads\/2025\/03\/haut-languedoc-02-gcowhan-r.jpg","contentUrl":"https:\/\/centcols.org\/wp-content\/uploads\/2025\/03\/haut-languedoc-02-gcowhan-r.jpg","width":960,"height":540},{"@type":"BreadcrumbList","@id":"https:\/\/centcols.org\/cent-cols-en-haut-languedoc\/#breadcrumb","itemListElement":[{"@type":"ListItem","position":1,"name":"Accueil","item":"https:\/\/centcols.org\/"},{"@type":"ListItem","position":2,"name":"Randonn\u00e9es permanentes","item":"https:\/\/centcols.org\/rubrique\/randonnees-permanentes\/"},{"@type":"ListItem","position":3,"name":"Pays","item":"https:\/\/centcols.org\/rubrique\/randonnees-permanentes\/pays\/"},{"@type":"ListItem","position":4,"name":"France","item":"https:\/\/centcols.org\/rubrique\/randonnees-permanentes\/pays\/france\/"},{"@type":"ListItem","position":5,"name":"Cent cols en Haut-Languedoc"}]},{"@type":"WebSite","@id":"https:\/\/centcols.org\/#website","url":"https:\/\/centcols.org\/","name":"Club des Cent Cols","description":"","publisher":{"@id":"https:\/\/centcols.org\/#organization"},"potentialAction":[{"@type":"SearchAction","target":{"@type":"EntryPoint","urlTemplate":"https:\/\/centcols.org\/?s={search_term_string}"},"query-input":{"@type":"PropertyValueSpecification","valueRequired":true,"valueName":"search_term_string"}}],"inLanguage":"es"},{"@type":"Organization","@id":"https:\/\/centcols.org\/#organization","name":"Club des Cent Cols","url":"https:\/\/centcols.org\/","logo":{"@type":"ImageObject","inLanguage":"es","@id":"https:\/\/centcols.org\/#\/schema\/logo\/image\/","url":"https:\/\/centcols.org\/wp-content\/uploads\/2025\/01\/carte-icone.png","contentUrl":"https:\/\/centcols.org\/wp-content\/uploads\/2025\/01\/carte-icone.png","width":250,"height":250,"caption":"Club des Cent Cols"},"image":{"@id":"https:\/\/centcols.org\/#\/schema\/logo\/image\/"},"sameAs":["https:\/\/www.facebook.com\/groups\/5261880558\/?locale=fr_FR"]},{"@type":"Person","@id":"https:\/\/centcols.org\/#\/schema\/person\/911b404fb133d8c913dd27cdcf71c8e5","name":"Webmaster","image":{"@type":"ImageObject","inLanguage":"es","@id":"https:\/\/centcols.org\/wp-content\/litespeed\/avatar\/2d246e4b6b4f773e08515e1ffc53690b.jpg?ver=1777222892","url":"https:\/\/centcols.org\/wp-content\/litespeed\/avatar\/2d246e4b6b4f773e08515e1ffc53690b.jpg?ver=1777222892","contentUrl":"https:\/\/centcols.org\/wp-content\/litespeed\/avatar\/2d246e4b6b4f773e08515e1ffc53690b.jpg?ver=1777222892","caption":"Webmestre"},"url":"https:\/\/centcols.org\/es\/author\/webmestre\/"}]}},"_links":{"self":[{"href":"https:\/\/centcols.org\/es\/wp-json\/wp\/v2\/posts\/80159","targetHints":{"allow":["GET"]}}],"collection":[{"href":"https:\/\/centcols.org\/es\/wp-json\/wp\/v2\/posts"}],"about":[{"href":"https:\/\/centcols.org\/es\/wp-json\/wp\/v2\/types\/post"}],"author":[{"embeddable":true,"href":"https:\/\/centcols.org\/es\/wp-json\/wp\/v2\/users\/3"}],"replies":[{"embeddable":true,"href":"https:\/\/centcols.org\/es\/wp-json\/wp\/v2\/comments?post=80159"}],"version-history":[{"count":0,"href":"https:\/\/centcols.org\/es\/wp-json\/wp\/v2\/posts\/80159\/revisions"}],"wp:featuredmedia":[{"embeddable":true,"href":"https:\/\/centcols.org\/es\/wp-json\/wp\/v2\/media\/80257"}],"wp:attachment":[{"href":"https:\/\/centcols.org\/es\/wp-json\/wp\/v2\/media?parent=80159"}],"wp:term":[{"taxonomy":"category","embeddable":true,"href":"https:\/\/centcols.org\/es\/wp-json\/wp\/v2\/categories?post=80159"},{"taxonomy":"post_tag","embeddable":true,"href":"https:\/\/centcols.org\/es\/wp-json\/wp\/v2\/tags?post=80159"}],"curies":[{"name":"wp","href":"https:\/\/api.w.org\/{rel}","templated":true}]}}