{"id":80188,"date":"2025-03-27T21:15:31","date_gmt":"2025-03-27T19:15:31","guid":{"rendered":"https:\/\/centcols.org\/?p=80188"},"modified":"2025-09-01T16:37:20","modified_gmt":"2025-09-01T14:37:20","slug":"cien-puertos-en-el-ardeche","status":"publish","type":"post","link":"https:\/\/centcols.org\/es\/cent-cols-en-ardeche\/","title":{"rendered":"Cien puertos en Ard\u00e8che"},"content":{"rendered":"\n<h2 class=\"wp-block-heading\">Pr\u00e9sentation<\/h2>\n\n\n\n<p>Circuit de 1 350 km comprenant 102 cols pour une d\u00e9nivellation d&rsquo;au moins 24 000 m.<\/p>\n\n\n\n<p>Cette randonn\u00e9e a \u00e9t\u00e9 trac\u00e9e par Michel Marcelot de la Confr\u00e9rie des Cent Cols.<\/p>\n\n\n\n<p><a href=\"https:\/\/centcols.org\/rando_perm\/ard\/CARTE.jpg\" target=\"_blank\" rel=\"noreferrer noopener\">Parcours<\/a><\/p>\n\n\n\n<p><iframe loading=\"lazy\" src=\"https:\/\/centcols.org\/rando_perm\/carto\/mbtrp.php?rp=ard\" width=\"800\" height=\"600\"><\/iframe><\/p>\n\n\n\n<p><a href=\"https:\/\/centcols.org\/rando_perm\/inscription.php?rando=ard\" target=\"_blank\" rel=\"noreferrer noopener\">Bulletin d&rsquo;inscription<\/a><\/p>\n\n\n\n<h2 class=\"wp-block-heading\">Th\u00e8me<\/h2>\n\n\n\n<p>Le Club des Cent Cols, fond\u00e9 en 1972, affili\u00e9 \u00e0 la F\u00e9d\u00e9ration Fran\u00e7aise de Cyclotourisme sous le N\u00b06384, vous propose cette randonn\u00e9e permanente bas\u00e9e sur un th\u00e8me simple : \u00ab Cent cols \u00bb.<\/p>\n\n\n\n<p>Cent cols, pour vous permettre la d\u00e9couverte d&rsquo;un d\u00e9partement o\u00f9 les amateurs de routes sinueuses et de cols parfois s\u00e9v\u00e8res seront combl\u00e9s. Le circuit qui peut \u00eatre effectu\u00e9 en six boucles permet de d\u00e9couvrir l&rsquo;Ard\u00e8che Vivaroise, au nord, l&rsquo;Ard\u00e8che des Hauts Plateaux parsem\u00e9s de volcans, les C\u00e9vennes ard\u00e9choises et enfin, au sud, la Basse-Ard\u00e8che aux parfums de Provence. Chaque \u00ab pays \u00bb ard\u00e9chois poss\u00e8de une forte personnalit\u00e9 qui s&rsquo;exprime par sa g\u00e9ologie, sa flore, son climat et bien entendu ses ressources. L&rsquo;ensemble compose une palette de paysages extr\u00eamement vari\u00e9s qui se laissent admirer le longs de routes ancestrales o\u00f9 il fait encore bon fl\u00e2ner \u00e0 bicyclette.<\/p>\n\n\n\n<h2 class=\"wp-block-heading\">Contr\u00f4les<\/h2>\n\n\n\n<p>Douze contr\u00f4les sont obligatoires; ils seront effectu\u00e9s en des points de parcours choisis par le randonneur lui-m\u00eame, deux contr\u00f4les \u00e9tant effectu\u00e9s dans chaque section (boucle); les num\u00e9ros de section sont \u00e0 reporter sur la carte de route.<\/p>\n\n\n\n<ol class=\"wp-block-list\">\n<li>Vanosc &#8211; Lamastre<\/li>\n\n\n\n<li>St Julien du Gua &#8211; Vernoux<\/li>\n\n\n\n<li>Saint Agr\u00e8ve &#8211; Issarl\u00e8s<\/li>\n\n\n\n<li>Vals les Bains &#8211; St Rem\u00e8ze<\/li>\n\n\n\n<li>Coucouron &#8211; Loubaresse<\/li>\n\n\n\n<li>Loubaresse &#8211; St Andr\u00e9 de Cruzi\u00e8res<\/li>\n<\/ol>\n\n\n\n<p><strong>NB : La randonn\u00e9e peut \u00eatre faite sous la forme des 6 boucles suivantes :<\/strong><\/p>\n\n\n\n<ul class=\"wp-block-list\">\n<li><strong>Boucle 1&nbsp;:<\/strong> Tournon &#8211; St Agr\u00e8ve &#8211; Tournon, 247km, 24 cols<\/li>\n\n\n\n<li><strong>Boucle 2&nbsp;:<\/strong> Lamastre &#8211; Duni\u00e8re &#8211; Lamastre, 211 km, 22 cols<\/li>\n\n\n\n<li><strong>Boucle 3<\/strong>: Lamastre &#8211; Lac d\u2019Issarles &#8211; Lamastre, 250 km, 17 cols<\/li>\n\n\n\n<li><strong>Boucle 4&nbsp;:<\/strong> Privas &#8211; Vallon Pont d\u2019Arc &#8211; Privas, 302 km, 24 cols<\/li>\n\n\n\n<li><strong>Boucle 5&nbsp;:<\/strong> Vals les Bains &#8211; Masm\u00e9jan &#8211; Vals les Bains, 203 km, 18 cols<\/li>\n\n\n\n<li><strong>Boucle 6&nbsp;:<\/strong> Largenti\u00e8re &#8211; Les Vans &#8211; Largenti\u00e8re, 182 km, 15 cols<\/li>\n<\/ul>\n\n\n\n<p>Les itin\u00e9raires et les traces de ces boucles seront fournies en plus et sur demande au moment de l\u2019inscription pour le circuit g\u00e9n\u00e9ral<\/p>\n\n\n\n<h2 class=\"wp-block-heading\">Principaux cols<\/h2>\n\n\n\n<ul class=\"wp-block-list\">\n<li>Col du Rouvey<\/li>\n\n\n\n<li>Col de la Charousse<\/li>\n\n\n\n<li>Col du Buisson<\/li>\n\n\n\n<li>Col de la Scie<\/li>\n\n\n\n<li>Col de la Croix de Peccata<\/li>\n\n\n\n<li>Col de la Croix de Bouti\u00e8res<\/li>\n\n\n\n<li>Col de Mezilhac<\/li>\n\n\n\n<li>Col des Quatre Vios<\/li>\n\n\n\n<li>Col de la Chavade<\/li>\n\n\n\n<li>Col du Pendu<\/li>\n\n\n\n<li>Col de la Croix de Bauzon, etc&#8230;<\/li>\n<\/ul>\n\n\n\n<h2 class=\"wp-block-heading\">Sites BCN et BPF sur le parcours<\/h2>\n\n\n\n<ul class=\"wp-block-list\">\n<li>Mont Gerbier de Jonc<\/li>\n\n\n\n<li>Lac d&rsquo;Issarl\u00e8s<\/li>\n\n\n\n<li>Les Vans<\/li>\n\n\n\n<li>Loubaresse<\/li>\n\n\n\n<li>Agr\u00e8ve<\/li>\n\n\n\n<li>Vallon Pont d&rsquo;Arc<\/li>\n<\/ul>\n\n\n\n<h2 class=\"wp-block-heading\">R\u00e8gle du jeu des randonn\u00e9es permanentes<\/h2>\n\n\n\n<p>Tout participant \u00e0 cette randonn\u00e9e permanente s&rsquo;engage \u00e0 respecter <a href=\"\/rdj-randonnees-permanentes\/\">la r\u00e8gle du jeu<\/a> la r\u00e9gissant.<\/p>\n\n\n\n<h2 class=\"wp-block-heading\">Pour plus d&rsquo;information<\/h2>\n\n\n\n<h3 class=\"wp-block-heading\">S&rsquo;adresser au Responsable des randonn\u00e9es permanentes<\/h3>\n\n\n\n<p>Jean-Marc CLEMENT<br>10 rue de Normandie<br>31120 Portet sur Garonne<br>FRANCE<\/p>\n\n\n\n<p>T\u00e9l : +33 (0)5 61 76 30 12<br>E-mail : [email]&#x72;&#x61;&#x6e;&#100;&#111;s&#64;&#x63;&#x65;&#x6e;&#x74;&#99;&#111;ls&#x2e;&#x6f;&#x72;&#103; [\/email]<\/p>\n\n\n\n<h6 class=\"wp-block-heading\"><strong>Attention : Veuillez envoyer vos cartes de route \u00e0 homologuer ainsi que vos cartes postales et vos r\u00e9cits de voyage uniquement au responsable actuel, quoi que vous trouviez comme ancienne information (donc ne pas \u00e9crire \u00e0 Roger Colombo, Bernard Pommel, Jean-Marc Lef\u00e8vre ou Roland Grimaud \u2020).<\/strong><\/h6>\n","protected":false},"excerpt":{"rendered":"<p>Pr\u00e9sentation Circuit de 1 350 km comprenant 102 cols pour une d\u00e9nivellation d&rsquo;au moins 24 000 m. Cette randonn\u00e9e a \u00e9t\u00e9 trac\u00e9e par Michel Marcelot de la Confr\u00e9rie des Cent Cols. Parcours Bulletin d&rsquo;inscription Th\u00e8me Le Club des Cent Cols, fond\u00e9 en 1972, affili\u00e9 \u00e0 la F\u00e9d\u00e9ration Fran\u00e7aise de Cyclotourisme sous le N\u00b06384, vous propose [&hellip;]<\/p>\n","protected":false},"author":3,"featured_media":80263,"comment_status":"open","ping_status":"open","sticky":false,"template":"","format":"standard","meta":{"_acf_changed":false,"footnotes":""},"categories":[184,176,161,155,145],"tags":[],"class_list":["post-80188","post","type-post","status-publish","format-standard","has-post-thumbnail","hentry","category-auvergne-rhone-alpes","category-route","category-massif-central","category-france","category-randonnees-permanentes"],"acf":[],"yoast_head":"<!-- This site is optimized with the Yoast SEO plugin v27.2 - https:\/\/yoast.com\/product\/yoast-seo-wordpress\/ -->\n<title>Cent cols en Ard\u00e8che - Club des Cent Cols<\/title>\n<meta name=\"robots\" content=\"index, follow, max-snippet:-1, max-image-preview:large, max-video-preview:-1\" \/>\n<link rel=\"canonical\" href=\"https:\/\/centcols.org\/es\/cien-puertos-en-el-ardeche\/\" \/>\n<meta property=\"og:locale\" content=\"es_ES\" \/>\n<meta property=\"og:type\" content=\"article\" \/>\n<meta property=\"og:title\" content=\"Cent cols en Ard\u00e8che - Club des Cent Cols\" \/>\n<meta property=\"og:description\" content=\"Pr\u00e9sentation Circuit de 1 350 km comprenant 102 cols pour une d\u00e9nivellation d&rsquo;au moins 24 000 m. Cette randonn\u00e9e a \u00e9t\u00e9 trac\u00e9e par Michel Marcelot de la Confr\u00e9rie des Cent Cols. Parcours Bulletin d&rsquo;inscription Th\u00e8me Le Club des Cent Cols, fond\u00e9 en 1972, affili\u00e9 \u00e0 la F\u00e9d\u00e9ration Fran\u00e7aise de Cyclotourisme sous le N\u00b06384, vous propose [&hellip;]\" \/>\n<meta property=\"og:url\" content=\"https:\/\/centcols.org\/es\/cien-puertos-en-el-ardeche\/\" \/>\n<meta property=\"og:site_name\" content=\"Club des Cent Cols\" \/>\n<meta property=\"article:publisher\" content=\"https:\/\/www.facebook.com\/groups\/5261880558\/?locale=fr_FR\" \/>\n<meta property=\"article:published_time\" content=\"2025-03-27T19:15:31+00:00\" \/>\n<meta property=\"article:modified_time\" content=\"2025-09-01T14:37:20+00:00\" \/>\n<meta property=\"og:image\" content=\"https:\/\/centcols.org\/wp-content\/uploads\/2025\/03\/ardeche.jpg\" \/>\n\t<meta property=\"og:image:width\" content=\"960\" \/>\n\t<meta property=\"og:image:height\" content=\"540\" \/>\n\t<meta property=\"og:image:type\" content=\"image\/jpeg\" \/>\n<meta name=\"author\" content=\"Webmestre\" \/>\n<meta name=\"twitter:card\" content=\"summary_large_image\" \/>\n<meta name=\"twitter:label1\" content=\"Escrito por\" \/>\n\t<meta name=\"twitter:data1\" content=\"Webmestre\" \/>\n\t<meta name=\"twitter:label2\" content=\"Tiempo de lectura\" \/>\n\t<meta name=\"twitter:data2\" content=\"3 minutos\" \/>\n<script type=\"application\/ld+json\" class=\"yoast-schema-graph\">{\"@context\":\"https:\/\/schema.org\",\"@graph\":[{\"@type\":\"Article\",\"@id\":\"https:\/\/centcols.org\/cent-cols-en-ardeche\/#article\",\"isPartOf\":{\"@id\":\"https:\/\/centcols.org\/cent-cols-en-ardeche\/\"},\"author\":{\"name\":\"Webmestre\",\"@id\":\"https:\/\/centcols.org\/#\/schema\/person\/911b404fb133d8c913dd27cdcf71c8e5\"},\"headline\":\"Cent cols en Ard\u00e8che\",\"datePublished\":\"2025-03-27T19:15:31+00:00\",\"dateModified\":\"2025-09-01T14:37:20+00:00\",\"mainEntityOfPage\":{\"@id\":\"https:\/\/centcols.org\/cent-cols-en-ardeche\/\"},\"wordCount\":559,\"commentCount\":0,\"publisher\":{\"@id\":\"https:\/\/centcols.org\/#organization\"},\"image\":{\"@id\":\"https:\/\/centcols.org\/cent-cols-en-ardeche\/#primaryimage\"},\"thumbnailUrl\":\"https:\/\/centcols.org\/wp-content\/uploads\/2025\/03\/ardeche.jpg\",\"articleSection\":[\"Auvergne-Rh\u00f4ne-Alpes\",\"Route\",\"Massif Central\",\"France\",\"Randonn\u00e9es permanentes\"],\"inLanguage\":\"es\",\"potentialAction\":[{\"@type\":\"CommentAction\",\"name\":\"Comment\",\"target\":[\"https:\/\/centcols.org\/cent-cols-en-ardeche\/#respond\"]}]},{\"@type\":\"WebPage\",\"@id\":\"https:\/\/centcols.org\/cent-cols-en-ardeche\/\",\"url\":\"https:\/\/centcols.org\/cent-cols-en-ardeche\/\",\"name\":\"Cent cols en Ard\u00e8che - Club des Cent Cols\",\"isPartOf\":{\"@id\":\"https:\/\/centcols.org\/#website\"},\"primaryImageOfPage\":{\"@id\":\"https:\/\/centcols.org\/cent-cols-en-ardeche\/#primaryimage\"},\"image\":{\"@id\":\"https:\/\/centcols.org\/cent-cols-en-ardeche\/#primaryimage\"},\"thumbnailUrl\":\"https:\/\/centcols.org\/wp-content\/uploads\/2025\/03\/ardeche.jpg\",\"datePublished\":\"2025-03-27T19:15:31+00:00\",\"dateModified\":\"2025-09-01T14:37:20+00:00\",\"breadcrumb\":{\"@id\":\"https:\/\/centcols.org\/cent-cols-en-ardeche\/#breadcrumb\"},\"inLanguage\":\"es\",\"potentialAction\":[{\"@type\":\"ReadAction\",\"target\":[\"https:\/\/centcols.org\/cent-cols-en-ardeche\/\"]}]},{\"@type\":\"ImageObject\",\"inLanguage\":\"es\",\"@id\":\"https:\/\/centcols.org\/cent-cols-en-ardeche\/#primaryimage\",\"url\":\"https:\/\/centcols.org\/wp-content\/uploads\/2025\/03\/ardeche.jpg\",\"contentUrl\":\"https:\/\/centcols.org\/wp-content\/uploads\/2025\/03\/ardeche.jpg\",\"width\":960,\"height\":540},{\"@type\":\"BreadcrumbList\",\"@id\":\"https:\/\/centcols.org\/cent-cols-en-ardeche\/#breadcrumb\",\"itemListElement\":[{\"@type\":\"ListItem\",\"position\":1,\"name\":\"Accueil\",\"item\":\"https:\/\/centcols.org\/\"},{\"@type\":\"ListItem\",\"position\":2,\"name\":\"Randonn\u00e9es permanentes\",\"item\":\"https:\/\/centcols.org\/rubrique\/randonnees-permanentes\/\"},{\"@type\":\"ListItem\",\"position\":3,\"name\":\"Pays\",\"item\":\"https:\/\/centcols.org\/rubrique\/randonnees-permanentes\/pays\/\"},{\"@type\":\"ListItem\",\"position\":4,\"name\":\"France\",\"item\":\"https:\/\/centcols.org\/rubrique\/randonnees-permanentes\/pays\/france\/\"},{\"@type\":\"ListItem\",\"position\":5,\"name\":\"Cent cols en Ard\u00e8che\"}]},{\"@type\":\"WebSite\",\"@id\":\"https:\/\/centcols.org\/#website\",\"url\":\"https:\/\/centcols.org\/\",\"name\":\"Club des Cent Cols\",\"description\":\"\",\"publisher\":{\"@id\":\"https:\/\/centcols.org\/#organization\"},\"potentialAction\":[{\"@type\":\"SearchAction\",\"target\":{\"@type\":\"EntryPoint\",\"urlTemplate\":\"https:\/\/centcols.org\/?s={search_term_string}\"},\"query-input\":{\"@type\":\"PropertyValueSpecification\",\"valueRequired\":true,\"valueName\":\"search_term_string\"}}],\"inLanguage\":\"es\"},{\"@type\":\"Organization\",\"@id\":\"https:\/\/centcols.org\/#organization\",\"name\":\"Club des Cent Cols\",\"url\":\"https:\/\/centcols.org\/\",\"logo\":{\"@type\":\"ImageObject\",\"inLanguage\":\"es\",\"@id\":\"https:\/\/centcols.org\/#\/schema\/logo\/image\/\",\"url\":\"https:\/\/centcols.org\/wp-content\/uploads\/2025\/01\/carte-icone.png\",\"contentUrl\":\"https:\/\/centcols.org\/wp-content\/uploads\/2025\/01\/carte-icone.png\",\"width\":250,\"height\":250,\"caption\":\"Club des Cent Cols\"},\"image\":{\"@id\":\"https:\/\/centcols.org\/#\/schema\/logo\/image\/\"},\"sameAs\":[\"https:\/\/www.facebook.com\/groups\/5261880558\/?locale=fr_FR\"]},{\"@type\":\"Person\",\"@id\":\"https:\/\/centcols.org\/#\/schema\/person\/911b404fb133d8c913dd27cdcf71c8e5\",\"name\":\"Webmestre\",\"image\":{\"@type\":\"ImageObject\",\"inLanguage\":\"es\",\"@id\":\"https:\/\/centcols.org\/wp-content\/litespeed\/avatar\/2d246e4b6b4f773e08515e1ffc53690b.jpg?ver=1777222892\",\"url\":\"https:\/\/centcols.org\/wp-content\/litespeed\/avatar\/2d246e4b6b4f773e08515e1ffc53690b.jpg?ver=1777222892\",\"contentUrl\":\"https:\/\/centcols.org\/wp-content\/litespeed\/avatar\/2d246e4b6b4f773e08515e1ffc53690b.jpg?ver=1777222892\",\"caption\":\"Webmestre\"},\"url\":\"https:\/\/centcols.org\/es\/author\/webmestre\/\"}]}<\/script>\n<!-- \/ Yoast SEO plugin. -->","yoast_head_json":{"title":"Cien puertos en Ard\u00e8che - Club des Cent Cols","robots":{"index":"index","follow":"follow","max-snippet":"max-snippet:-1","max-image-preview":"max-image-preview:large","max-video-preview":"max-video-preview:-1"},"canonical":"https:\/\/centcols.org\/es\/cien-puertos-en-el-ardeche\/","og_locale":"es_ES","og_type":"article","og_title":"Cent cols en Ard\u00e8che - Club des Cent Cols","og_description":"Pr\u00e9sentation Circuit de 1 350 km comprenant 102 cols pour une d\u00e9nivellation d&rsquo;au moins 24 000 m. Cette randonn\u00e9e a \u00e9t\u00e9 trac\u00e9e par Michel Marcelot de la Confr\u00e9rie des Cent Cols. Parcours Bulletin d&rsquo;inscription Th\u00e8me Le Club des Cent Cols, fond\u00e9 en 1972, affili\u00e9 \u00e0 la F\u00e9d\u00e9ration Fran\u00e7aise de Cyclotourisme sous le N\u00b06384, vous propose [&hellip;]","og_url":"https:\/\/centcols.org\/es\/cien-puertos-en-el-ardeche\/","og_site_name":"Club des Cent Cols","article_publisher":"https:\/\/www.facebook.com\/groups\/5261880558\/?locale=fr_FR","article_published_time":"2025-03-27T19:15:31+00:00","article_modified_time":"2025-09-01T14:37:20+00:00","og_image":[{"width":960,"height":540,"url":"https:\/\/centcols.org\/wp-content\/uploads\/2025\/03\/ardeche.jpg","type":"image\/jpeg"}],"author":"Webmestre","twitter_card":"summary_large_image","twitter_misc":{"Escrito por":"Webmestre","Tiempo de lectura":"3 minutos"},"schema":{"@context":"https:\/\/schema.org","@graph":[{"@type":"Article","@id":"https:\/\/centcols.org\/cent-cols-en-ardeche\/#article","isPartOf":{"@id":"https:\/\/centcols.org\/cent-cols-en-ardeche\/"},"author":{"name":"Webmestre","@id":"https:\/\/centcols.org\/#\/schema\/person\/911b404fb133d8c913dd27cdcf71c8e5"},"headline":"Cent cols en Ard\u00e8che","datePublished":"2025-03-27T19:15:31+00:00","dateModified":"2025-09-01T14:37:20+00:00","mainEntityOfPage":{"@id":"https:\/\/centcols.org\/cent-cols-en-ardeche\/"},"wordCount":559,"commentCount":0,"publisher":{"@id":"https:\/\/centcols.org\/#organization"},"image":{"@id":"https:\/\/centcols.org\/cent-cols-en-ardeche\/#primaryimage"},"thumbnailUrl":"https:\/\/centcols.org\/wp-content\/uploads\/2025\/03\/ardeche.jpg","articleSection":["Auvergne-Rh\u00f4ne-Alpes","Route","Massif Central","France","Randonn\u00e9es permanentes"],"inLanguage":"es","potentialAction":[{"@type":"CommentAction","name":"Comment","target":["https:\/\/centcols.org\/cent-cols-en-ardeche\/#respond"]}]},{"@type":"WebPage","@id":"https:\/\/centcols.org\/cent-cols-en-ardeche\/","url":"https:\/\/centcols.org\/cent-cols-en-ardeche\/","name":"Cien puertos en Ard\u00e8che - Club des Cent Cols","isPartOf":{"@id":"https:\/\/centcols.org\/#website"},"primaryImageOfPage":{"@id":"https:\/\/centcols.org\/cent-cols-en-ardeche\/#primaryimage"},"image":{"@id":"https:\/\/centcols.org\/cent-cols-en-ardeche\/#primaryimage"},"thumbnailUrl":"https:\/\/centcols.org\/wp-content\/uploads\/2025\/03\/ardeche.jpg","datePublished":"2025-03-27T19:15:31+00:00","dateModified":"2025-09-01T14:37:20+00:00","breadcrumb":{"@id":"https:\/\/centcols.org\/cent-cols-en-ardeche\/#breadcrumb"},"inLanguage":"es","potentialAction":[{"@type":"ReadAction","target":["https:\/\/centcols.org\/cent-cols-en-ardeche\/"]}]},{"@type":"ImageObject","inLanguage":"es","@id":"https:\/\/centcols.org\/cent-cols-en-ardeche\/#primaryimage","url":"https:\/\/centcols.org\/wp-content\/uploads\/2025\/03\/ardeche.jpg","contentUrl":"https:\/\/centcols.org\/wp-content\/uploads\/2025\/03\/ardeche.jpg","width":960,"height":540},{"@type":"BreadcrumbList","@id":"https:\/\/centcols.org\/cent-cols-en-ardeche\/#breadcrumb","itemListElement":[{"@type":"ListItem","position":1,"name":"Accueil","item":"https:\/\/centcols.org\/"},{"@type":"ListItem","position":2,"name":"Randonn\u00e9es permanentes","item":"https:\/\/centcols.org\/rubrique\/randonnees-permanentes\/"},{"@type":"ListItem","position":3,"name":"Pays","item":"https:\/\/centcols.org\/rubrique\/randonnees-permanentes\/pays\/"},{"@type":"ListItem","position":4,"name":"France","item":"https:\/\/centcols.org\/rubrique\/randonnees-permanentes\/pays\/france\/"},{"@type":"ListItem","position":5,"name":"Cent cols en Ard\u00e8che"}]},{"@type":"WebSite","@id":"https:\/\/centcols.org\/#website","url":"https:\/\/centcols.org\/","name":"Club des Cent Cols","description":"","publisher":{"@id":"https:\/\/centcols.org\/#organization"},"potentialAction":[{"@type":"SearchAction","target":{"@type":"EntryPoint","urlTemplate":"https:\/\/centcols.org\/?s={search_term_string}"},"query-input":{"@type":"PropertyValueSpecification","valueRequired":true,"valueName":"search_term_string"}}],"inLanguage":"es"},{"@type":"Organization","@id":"https:\/\/centcols.org\/#organization","name":"Club des Cent Cols","url":"https:\/\/centcols.org\/","logo":{"@type":"ImageObject","inLanguage":"es","@id":"https:\/\/centcols.org\/#\/schema\/logo\/image\/","url":"https:\/\/centcols.org\/wp-content\/uploads\/2025\/01\/carte-icone.png","contentUrl":"https:\/\/centcols.org\/wp-content\/uploads\/2025\/01\/carte-icone.png","width":250,"height":250,"caption":"Club des Cent Cols"},"image":{"@id":"https:\/\/centcols.org\/#\/schema\/logo\/image\/"},"sameAs":["https:\/\/www.facebook.com\/groups\/5261880558\/?locale=fr_FR"]},{"@type":"Person","@id":"https:\/\/centcols.org\/#\/schema\/person\/911b404fb133d8c913dd27cdcf71c8e5","name":"Webmaster","image":{"@type":"ImageObject","inLanguage":"es","@id":"https:\/\/centcols.org\/wp-content\/litespeed\/avatar\/2d246e4b6b4f773e08515e1ffc53690b.jpg?ver=1777222892","url":"https:\/\/centcols.org\/wp-content\/litespeed\/avatar\/2d246e4b6b4f773e08515e1ffc53690b.jpg?ver=1777222892","contentUrl":"https:\/\/centcols.org\/wp-content\/litespeed\/avatar\/2d246e4b6b4f773e08515e1ffc53690b.jpg?ver=1777222892","caption":"Webmestre"},"url":"https:\/\/centcols.org\/es\/author\/webmestre\/"}]}},"_links":{"self":[{"href":"https:\/\/centcols.org\/es\/wp-json\/wp\/v2\/posts\/80188","targetHints":{"allow":["GET"]}}],"collection":[{"href":"https:\/\/centcols.org\/es\/wp-json\/wp\/v2\/posts"}],"about":[{"href":"https:\/\/centcols.org\/es\/wp-json\/wp\/v2\/types\/post"}],"author":[{"embeddable":true,"href":"https:\/\/centcols.org\/es\/wp-json\/wp\/v2\/users\/3"}],"replies":[{"embeddable":true,"href":"https:\/\/centcols.org\/es\/wp-json\/wp\/v2\/comments?post=80188"}],"version-history":[{"count":0,"href":"https:\/\/centcols.org\/es\/wp-json\/wp\/v2\/posts\/80188\/revisions"}],"wp:featuredmedia":[{"embeddable":true,"href":"https:\/\/centcols.org\/es\/wp-json\/wp\/v2\/media\/80263"}],"wp:attachment":[{"href":"https:\/\/centcols.org\/es\/wp-json\/wp\/v2\/media?parent=80188"}],"wp:term":[{"taxonomy":"category","embeddable":true,"href":"https:\/\/centcols.org\/es\/wp-json\/wp\/v2\/categories?post=80188"},{"taxonomy":"post_tag","embeddable":true,"href":"https:\/\/centcols.org\/es\/wp-json\/wp\/v2\/tags?post=80188"}],"curies":[{"name":"wp","href":"https:\/\/api.w.org\/{rel}","templated":true}]}}