{"id":80190,"date":"2025-03-27T21:15:36","date_gmt":"2025-03-27T19:15:36","guid":{"rendered":"https:\/\/centcols.org\/?p=80190"},"modified":"2025-09-01T16:36:46","modified_gmt":"2025-09-01T14:36:46","slug":"cien-puertos-en-el-pais-de-dazur","status":"publish","type":"post","link":"https:\/\/centcols.org\/es\/cent-cols-en-pays-dazur\/","title":{"rendered":"Cien puertos de Pays d'Azur"},"content":{"rendered":"\n<h2 class=\"wp-block-heading\">Pr\u00e9sentation<\/h2>\n\n\n\n<p>Circuit de 1 391 km comprenant 107 cols pour une d\u00e9nivellation d&rsquo;au moins 25 000 m.<\/p>\n\n\n\n<p>Cette randonn\u00e9e a \u00e9t\u00e9 trac\u00e9e par G\u00e9rard BIRELLI de la Confr\u00e9rie des Cent Cols.<\/p>\n\n\n\n<p><a href=\"https:\/\/centcols.org\/wp-content\/uploads\/2025\/04\/carteazur.jpg\">Parcours<\/a><\/p>\n\n\n\n<p><iframe loading=\"lazy\" src=\"https:\/\/centcols.org\/rando_perm\/carto\/mbtrp.php?rp=azu\" width=\"800\" height=\"600\"><\/iframe><\/p>\n\n\n\n<p><a href=\"https:\/\/centcols.org\/wp-content\/uploads\/2025\/04\/profilazur.jpg\">Profil<\/a><\/p>\n\n\n\n<p><a href=\"https:\/\/centcols.org\/rando_perm\/inscription.php?rando=azu\" target=\"_blank\" rel=\"noreferrer noopener\">Bulletin d&rsquo;inscription<\/a><\/p>\n\n\n\n<h2 class=\"wp-block-heading\">Th\u00e8me<\/h2>\n\n\n\n<p>Les Alpes Maritimes, offrent une diversit\u00e9 de paysages et une collection de cols li\u00e9es \u00e0 une histoire g\u00e9ologique riche en \u00e9v\u00e9nements. La randonn\u00e9e donne l&rsquo;occasion aux Centcolistes de parcourir cet \u00e9crin de l&rsquo;arc Alpin, dans les limites des anciennes Terres Neuves de Provence, depuis les plages de Nikaia, le long de la c\u00e9l\u00e8bre promenade des Anglais jusqu&rsquo;\u00e0 la plus haute route d&rsquo;Europe menant \u00e0 la Bonette, au Restefond.<\/p>\n\n\n\n<p>Le parcours emprunte les hauteurs du pays Ni\u00e7ois par les Corniches qui permettent d&rsquo;admirer la c\u00f4te d&rsquo;Azur dentel\u00e9e, puis de St Agn\u00e9s, plus haut village c\u00f4tier d&rsquo;Europe, de rejoindre les routes du Turini&#8230;Notez encore que vous pourrez admirer les magnifiques gorges du Cians et du Daluis. Le passage d&rsquo;une vall\u00e9e \u00e0 l&rsquo;autre s&rsquo;effectue par des cols qui n&rsquo;ont rien a envier aux g\u00e9ants des Alpes&#8230;<\/p>\n\n\n\n<p>Une v\u00e9g\u00e9tation riche et vari\u00e9e, la douceur du climat, autant d&rsquo;atouts qui doivent vous inciter \u00e0 tenter cette belle aventure !&#8230;<\/p>\n\n\n\n<h2 class=\"wp-block-heading\">Contr\u00f4les<\/h2>\n\n\n\n<p>Neuf contr\u00f4les sont obligatoires; ils seront effectu\u00e9s en des points de parcours choisis par le randonneur lui-m\u00eame, un contr\u00f4le \u00e9tant effectu\u00e9 dans chaque section (les num\u00e9ros de section sont \u00e0 reporter sur la carte de route).<\/p>\n\n\n\n<ol class=\"wp-block-list\">\n<li>Nice &#8211; Sospel<\/li>\n\n\n\n<li>Sospel &#8211; Lantosque<\/li>\n\n\n\n<li>Lantosque &#8211; Isola<\/li>\n\n\n\n<li>Isola &#8211; Isola<\/li>\n\n\n\n<li>Isola &#8211; Guillaumes<\/li>\n\n\n\n<li>Guillaumes &#8211; Guillaumes<\/li>\n\n\n\n<li>Guillaumes &#8211; Gilette<\/li>\n\n\n\n<li>Gilette &#8211; Vence<\/li>\n\n\n\n<li>Vence &#8211; Nice<\/li>\n<\/ol>\n\n\n\n<h2 class=\"wp-block-heading\">Principaux cols<\/h2>\n\n\n\n<ul class=\"wp-block-list\">\n<li>Col d&rsquo;Eze<\/li>\n\n\n\n<li>Col de Braus<\/li>\n\n\n\n<li>Col de Brouis<\/li>\n\n\n\n<li>Col de Turini<\/li>\n\n\n\n<li>Col de la Lombarde<\/li>\n\n\n\n<li>Col de la Bonette<\/li>\n\n\n\n<li>Col de Restefond<\/li>\n\n\n\n<li>Col de la Mouti\u00e8re<\/li>\n\n\n\n<li>Col de la Cayolle<\/li>\n\n\n\n<li>Col des Champs<\/li>\n\n\n\n<li>Col de Vence<\/li>\n<\/ul>\n\n\n\n<h2 class=\"wp-block-heading\">Sites BCN et BPF sur le parcours<\/h2>\n\n\n\n<ul class=\"wp-block-list\">\n<li>Peira Cava<\/li>\n\n\n\n<li>Saint Etienne de Tin\u00e9e<\/li>\n\n\n\n<li>La Turbie<\/li>\n\n\n\n<li>Saint Martin de V\u00e9subie<\/li>\n\n\n\n<li>Col d&rsquo;Allos<\/li>\n\n\n\n<li>Col de la Cayolle<\/li>\n<\/ul>\n\n\n\n<h2 class=\"wp-block-heading\">R\u00e8gle du jeu des randonn\u00e9es permanentes<\/h2>\n\n\n\n<p>Tout participant \u00e0 cette randonn\u00e9e permanente s&rsquo;engage \u00e0 respecter la <a href=\"\/rdj-randonnees-permanentes\/\" target=\"_blank\" rel=\"noreferrer noopener\">r\u00e8gle du jeu<\/a> la r\u00e9gissant.<\/p>\n\n\n\n<h2 class=\"wp-block-heading\">Pour plus d&rsquo;information<\/h2>\n\n\n\n<h6 class=\"wp-block-heading\">S&rsquo;adresser au Responsable des randonn\u00e9es permanentes<\/h6>\n\n\n\n<p>Jean-Marc CLEMENT<br>10 rue de Normandie<br>31120 Portet sur Garonne<br>FRANCE<\/p>\n\n\n\n<p>T\u00e9l : +33 (0)5 61 76 30 12<br>E-mail : [email]&#x72;a&#x6e;&#100;o&#x73;&#64;&#x63;&#101;n&#x74;&#99;&#x6f;&#108;s&#x2e;&#111;&#x72;&#x67; [\/email]<\/p>\n\n\n\n<h6 class=\"wp-block-heading\"><strong>Attention : Veuillez envoyer vos cartes de route \u00e0 homologuer ainsi que vos cartes postales et vos r\u00e9cits de voyage uniquement au responsable actuel, quoi que vous trouviez comme ancienne information (donc ne pas \u00e9crire \u00e0 Roger Colombo, Bernard Pommel, Jean-Marc Lef\u00e8vre ou Roland Grimaud \u2020).<\/strong><\/h6>\n","protected":false},"excerpt":{"rendered":"<p>Pr\u00e9sentation Circuit de 1 391 km comprenant 107 cols pour une d\u00e9nivellation d&rsquo;au moins 25 000 m. Cette randonn\u00e9e a \u00e9t\u00e9 trac\u00e9e par G\u00e9rard BIRELLI de la Confr\u00e9rie des Cent Cols. Parcours Profil Bulletin d&rsquo;inscription Th\u00e8me Les Alpes Maritimes, offrent une diversit\u00e9 de paysages et une collection de cols li\u00e9es \u00e0 une histoire g\u00e9ologique riche [&hellip;]<\/p>\n","protected":false},"author":3,"featured_media":80266,"comment_status":"open","ping_status":"open","sticky":false,"template":"","format":"standard","meta":{"_acf_changed":false,"footnotes":""},"categories":[176,181,155,190,145],"tags":[],"class_list":["post-80190","post","type-post","status-publish","format-standard","has-post-thumbnail","hentry","category-route","category-alpes-du-sud","category-france","category-provence-alpes-cote-dazur","category-randonnees-permanentes"],"acf":[],"yoast_head":"<!-- This site is optimized with the Yoast SEO plugin v27.2 - https:\/\/yoast.com\/product\/yoast-seo-wordpress\/ -->\n<title>Cent cols en Pays d&#039;Azur - Club des Cent Cols<\/title>\n<meta name=\"robots\" content=\"index, follow, max-snippet:-1, max-image-preview:large, max-video-preview:-1\" \/>\n<link rel=\"canonical\" href=\"https:\/\/centcols.org\/es\/cien-puertos-en-el-pais-de-dazur\/\" \/>\n<meta property=\"og:locale\" content=\"es_ES\" \/>\n<meta property=\"og:type\" content=\"article\" \/>\n<meta property=\"og:title\" content=\"Cent cols en Pays d&#039;Azur - Club des Cent Cols\" \/>\n<meta property=\"og:description\" content=\"Pr\u00e9sentation Circuit de 1 391 km comprenant 107 cols pour une d\u00e9nivellation d&rsquo;au moins 25 000 m. Cette randonn\u00e9e a \u00e9t\u00e9 trac\u00e9e par G\u00e9rard BIRELLI de la Confr\u00e9rie des Cent Cols. Parcours Profil Bulletin d&rsquo;inscription Th\u00e8me Les Alpes Maritimes, offrent une diversit\u00e9 de paysages et une collection de cols li\u00e9es \u00e0 une histoire g\u00e9ologique riche [&hellip;]\" \/>\n<meta property=\"og:url\" content=\"https:\/\/centcols.org\/es\/cien-puertos-en-el-pais-de-dazur\/\" \/>\n<meta property=\"og:site_name\" content=\"Club des Cent Cols\" \/>\n<meta property=\"article:publisher\" content=\"https:\/\/www.facebook.com\/groups\/5261880558\/?locale=fr_FR\" \/>\n<meta property=\"article:published_time\" content=\"2025-03-27T19:15:36+00:00\" \/>\n<meta property=\"article:modified_time\" content=\"2025-09-01T14:36:46+00:00\" \/>\n<meta property=\"og:image\" content=\"https:\/\/centcols.org\/wp-content\/uploads\/2025\/03\/azur-scaled.jpg\" \/>\n\t<meta property=\"og:image:width\" content=\"2560\" \/>\n\t<meta property=\"og:image:height\" content=\"1920\" \/>\n\t<meta property=\"og:image:type\" content=\"image\/jpeg\" \/>\n<meta name=\"author\" content=\"Webmestre\" \/>\n<meta name=\"twitter:card\" content=\"summary_large_image\" \/>\n<meta name=\"twitter:label1\" content=\"Escrito por\" \/>\n\t<meta name=\"twitter:data1\" content=\"Webmestre\" \/>\n\t<meta name=\"twitter:label2\" content=\"Tiempo de lectura\" \/>\n\t<meta name=\"twitter:data2\" content=\"3 minutos\" \/>\n<script type=\"application\/ld+json\" class=\"yoast-schema-graph\">{\"@context\":\"https:\/\/schema.org\",\"@graph\":[{\"@type\":\"Article\",\"@id\":\"https:\/\/centcols.org\/cent-cols-en-pays-dazur\/#article\",\"isPartOf\":{\"@id\":\"https:\/\/centcols.org\/cent-cols-en-pays-dazur\/\"},\"author\":{\"name\":\"Webmestre\",\"@id\":\"https:\/\/centcols.org\/#\/schema\/person\/911b404fb133d8c913dd27cdcf71c8e5\"},\"headline\":\"Cent cols en Pays d&rsquo;Azur\",\"datePublished\":\"2025-03-27T19:15:36+00:00\",\"dateModified\":\"2025-09-01T14:36:46+00:00\",\"mainEntityOfPage\":{\"@id\":\"https:\/\/centcols.org\/cent-cols-en-pays-dazur\/\"},\"wordCount\":457,\"commentCount\":0,\"publisher\":{\"@id\":\"https:\/\/centcols.org\/#organization\"},\"image\":{\"@id\":\"https:\/\/centcols.org\/cent-cols-en-pays-dazur\/#primaryimage\"},\"thumbnailUrl\":\"https:\/\/centcols.org\/wp-content\/uploads\/2025\/03\/azur-scaled.jpg\",\"articleSection\":[\"Route\",\"Alpes fran\u00e7aises du sud\",\"France\",\"Provence-Alpes-C\u00f4te d'Azur\",\"Randonn\u00e9es permanentes\"],\"inLanguage\":\"es\",\"potentialAction\":[{\"@type\":\"CommentAction\",\"name\":\"Comment\",\"target\":[\"https:\/\/centcols.org\/cent-cols-en-pays-dazur\/#respond\"]}]},{\"@type\":\"WebPage\",\"@id\":\"https:\/\/centcols.org\/cent-cols-en-pays-dazur\/\",\"url\":\"https:\/\/centcols.org\/cent-cols-en-pays-dazur\/\",\"name\":\"Cent cols en Pays d'Azur - Club des Cent Cols\",\"isPartOf\":{\"@id\":\"https:\/\/centcols.org\/#website\"},\"primaryImageOfPage\":{\"@id\":\"https:\/\/centcols.org\/cent-cols-en-pays-dazur\/#primaryimage\"},\"image\":{\"@id\":\"https:\/\/centcols.org\/cent-cols-en-pays-dazur\/#primaryimage\"},\"thumbnailUrl\":\"https:\/\/centcols.org\/wp-content\/uploads\/2025\/03\/azur-scaled.jpg\",\"datePublished\":\"2025-03-27T19:15:36+00:00\",\"dateModified\":\"2025-09-01T14:36:46+00:00\",\"breadcrumb\":{\"@id\":\"https:\/\/centcols.org\/cent-cols-en-pays-dazur\/#breadcrumb\"},\"inLanguage\":\"es\",\"potentialAction\":[{\"@type\":\"ReadAction\",\"target\":[\"https:\/\/centcols.org\/cent-cols-en-pays-dazur\/\"]}]},{\"@type\":\"ImageObject\",\"inLanguage\":\"es\",\"@id\":\"https:\/\/centcols.org\/cent-cols-en-pays-dazur\/#primaryimage\",\"url\":\"https:\/\/centcols.org\/wp-content\/uploads\/2025\/03\/azur-scaled.jpg\",\"contentUrl\":\"https:\/\/centcols.org\/wp-content\/uploads\/2025\/03\/azur-scaled.jpg\",\"width\":2560,\"height\":1920},{\"@type\":\"BreadcrumbList\",\"@id\":\"https:\/\/centcols.org\/cent-cols-en-pays-dazur\/#breadcrumb\",\"itemListElement\":[{\"@type\":\"ListItem\",\"position\":1,\"name\":\"Accueil\",\"item\":\"https:\/\/centcols.org\/\"},{\"@type\":\"ListItem\",\"position\":2,\"name\":\"Randonn\u00e9es permanentes\",\"item\":\"https:\/\/centcols.org\/rubrique\/randonnees-permanentes\/\"},{\"@type\":\"ListItem\",\"position\":3,\"name\":\"Pays\",\"item\":\"https:\/\/centcols.org\/rubrique\/randonnees-permanentes\/pays\/\"},{\"@type\":\"ListItem\",\"position\":4,\"name\":\"France\",\"item\":\"https:\/\/centcols.org\/rubrique\/randonnees-permanentes\/pays\/france\/\"},{\"@type\":\"ListItem\",\"position\":5,\"name\":\"Cent cols en Pays d&rsquo;Azur\"}]},{\"@type\":\"WebSite\",\"@id\":\"https:\/\/centcols.org\/#website\",\"url\":\"https:\/\/centcols.org\/\",\"name\":\"Club des Cent Cols\",\"description\":\"\",\"publisher\":{\"@id\":\"https:\/\/centcols.org\/#organization\"},\"potentialAction\":[{\"@type\":\"SearchAction\",\"target\":{\"@type\":\"EntryPoint\",\"urlTemplate\":\"https:\/\/centcols.org\/?s={search_term_string}\"},\"query-input\":{\"@type\":\"PropertyValueSpecification\",\"valueRequired\":true,\"valueName\":\"search_term_string\"}}],\"inLanguage\":\"es\"},{\"@type\":\"Organization\",\"@id\":\"https:\/\/centcols.org\/#organization\",\"name\":\"Club des Cent Cols\",\"url\":\"https:\/\/centcols.org\/\",\"logo\":{\"@type\":\"ImageObject\",\"inLanguage\":\"es\",\"@id\":\"https:\/\/centcols.org\/#\/schema\/logo\/image\/\",\"url\":\"https:\/\/centcols.org\/wp-content\/uploads\/2025\/01\/carte-icone.png\",\"contentUrl\":\"https:\/\/centcols.org\/wp-content\/uploads\/2025\/01\/carte-icone.png\",\"width\":250,\"height\":250,\"caption\":\"Club des Cent Cols\"},\"image\":{\"@id\":\"https:\/\/centcols.org\/#\/schema\/logo\/image\/\"},\"sameAs\":[\"https:\/\/www.facebook.com\/groups\/5261880558\/?locale=fr_FR\"]},{\"@type\":\"Person\",\"@id\":\"https:\/\/centcols.org\/#\/schema\/person\/911b404fb133d8c913dd27cdcf71c8e5\",\"name\":\"Webmestre\",\"image\":{\"@type\":\"ImageObject\",\"inLanguage\":\"es\",\"@id\":\"https:\/\/centcols.org\/wp-content\/litespeed\/avatar\/2d246e4b6b4f773e08515e1ffc53690b.jpg?ver=1777222892\",\"url\":\"https:\/\/centcols.org\/wp-content\/litespeed\/avatar\/2d246e4b6b4f773e08515e1ffc53690b.jpg?ver=1777222892\",\"contentUrl\":\"https:\/\/centcols.org\/wp-content\/litespeed\/avatar\/2d246e4b6b4f773e08515e1ffc53690b.jpg?ver=1777222892\",\"caption\":\"Webmestre\"},\"url\":\"https:\/\/centcols.org\/es\/author\/webmestre\/\"}]}<\/script>\n<!-- \/ Yoast SEO plugin. -->","yoast_head_json":{"title":"Cent cols en Pays d'Azur - Club des Cent Cols","robots":{"index":"index","follow":"follow","max-snippet":"max-snippet:-1","max-image-preview":"max-image-preview:large","max-video-preview":"max-video-preview:-1"},"canonical":"https:\/\/centcols.org\/es\/cien-puertos-en-el-pais-de-dazur\/","og_locale":"es_ES","og_type":"article","og_title":"Cent cols en Pays d'Azur - Club des Cent Cols","og_description":"Pr\u00e9sentation Circuit de 1 391 km comprenant 107 cols pour une d\u00e9nivellation d&rsquo;au moins 25 000 m. Cette randonn\u00e9e a \u00e9t\u00e9 trac\u00e9e par G\u00e9rard BIRELLI de la Confr\u00e9rie des Cent Cols. Parcours Profil Bulletin d&rsquo;inscription Th\u00e8me Les Alpes Maritimes, offrent une diversit\u00e9 de paysages et une collection de cols li\u00e9es \u00e0 une histoire g\u00e9ologique riche [&hellip;]","og_url":"https:\/\/centcols.org\/es\/cien-puertos-en-el-pais-de-dazur\/","og_site_name":"Club des Cent Cols","article_publisher":"https:\/\/www.facebook.com\/groups\/5261880558\/?locale=fr_FR","article_published_time":"2025-03-27T19:15:36+00:00","article_modified_time":"2025-09-01T14:36:46+00:00","og_image":[{"width":2560,"height":1920,"url":"https:\/\/centcols.org\/wp-content\/uploads\/2025\/03\/azur-scaled.jpg","type":"image\/jpeg"}],"author":"Webmestre","twitter_card":"summary_large_image","twitter_misc":{"Escrito por":"Webmestre","Tiempo de lectura":"3 minutos"},"schema":{"@context":"https:\/\/schema.org","@graph":[{"@type":"Article","@id":"https:\/\/centcols.org\/cent-cols-en-pays-dazur\/#article","isPartOf":{"@id":"https:\/\/centcols.org\/cent-cols-en-pays-dazur\/"},"author":{"name":"Webmestre","@id":"https:\/\/centcols.org\/#\/schema\/person\/911b404fb133d8c913dd27cdcf71c8e5"},"headline":"Cent cols en Pays d&rsquo;Azur","datePublished":"2025-03-27T19:15:36+00:00","dateModified":"2025-09-01T14:36:46+00:00","mainEntityOfPage":{"@id":"https:\/\/centcols.org\/cent-cols-en-pays-dazur\/"},"wordCount":457,"commentCount":0,"publisher":{"@id":"https:\/\/centcols.org\/#organization"},"image":{"@id":"https:\/\/centcols.org\/cent-cols-en-pays-dazur\/#primaryimage"},"thumbnailUrl":"https:\/\/centcols.org\/wp-content\/uploads\/2025\/03\/azur-scaled.jpg","articleSection":["Route","Alpes fran\u00e7aises du sud","France","Provence-Alpes-C\u00f4te d'Azur","Randonn\u00e9es permanentes"],"inLanguage":"es","potentialAction":[{"@type":"CommentAction","name":"Comment","target":["https:\/\/centcols.org\/cent-cols-en-pays-dazur\/#respond"]}]},{"@type":"WebPage","@id":"https:\/\/centcols.org\/cent-cols-en-pays-dazur\/","url":"https:\/\/centcols.org\/cent-cols-en-pays-dazur\/","name":"Cent cols en Pays d'Azur - Club des Cent Cols","isPartOf":{"@id":"https:\/\/centcols.org\/#website"},"primaryImageOfPage":{"@id":"https:\/\/centcols.org\/cent-cols-en-pays-dazur\/#primaryimage"},"image":{"@id":"https:\/\/centcols.org\/cent-cols-en-pays-dazur\/#primaryimage"},"thumbnailUrl":"https:\/\/centcols.org\/wp-content\/uploads\/2025\/03\/azur-scaled.jpg","datePublished":"2025-03-27T19:15:36+00:00","dateModified":"2025-09-01T14:36:46+00:00","breadcrumb":{"@id":"https:\/\/centcols.org\/cent-cols-en-pays-dazur\/#breadcrumb"},"inLanguage":"es","potentialAction":[{"@type":"ReadAction","target":["https:\/\/centcols.org\/cent-cols-en-pays-dazur\/"]}]},{"@type":"ImageObject","inLanguage":"es","@id":"https:\/\/centcols.org\/cent-cols-en-pays-dazur\/#primaryimage","url":"https:\/\/centcols.org\/wp-content\/uploads\/2025\/03\/azur-scaled.jpg","contentUrl":"https:\/\/centcols.org\/wp-content\/uploads\/2025\/03\/azur-scaled.jpg","width":2560,"height":1920},{"@type":"BreadcrumbList","@id":"https:\/\/centcols.org\/cent-cols-en-pays-dazur\/#breadcrumb","itemListElement":[{"@type":"ListItem","position":1,"name":"Accueil","item":"https:\/\/centcols.org\/"},{"@type":"ListItem","position":2,"name":"Randonn\u00e9es permanentes","item":"https:\/\/centcols.org\/rubrique\/randonnees-permanentes\/"},{"@type":"ListItem","position":3,"name":"Pays","item":"https:\/\/centcols.org\/rubrique\/randonnees-permanentes\/pays\/"},{"@type":"ListItem","position":4,"name":"France","item":"https:\/\/centcols.org\/rubrique\/randonnees-permanentes\/pays\/france\/"},{"@type":"ListItem","position":5,"name":"Cent cols en Pays d&rsquo;Azur"}]},{"@type":"WebSite","@id":"https:\/\/centcols.org\/#website","url":"https:\/\/centcols.org\/","name":"Club des Cent Cols","description":"","publisher":{"@id":"https:\/\/centcols.org\/#organization"},"potentialAction":[{"@type":"SearchAction","target":{"@type":"EntryPoint","urlTemplate":"https:\/\/centcols.org\/?s={search_term_string}"},"query-input":{"@type":"PropertyValueSpecification","valueRequired":true,"valueName":"search_term_string"}}],"inLanguage":"es"},{"@type":"Organization","@id":"https:\/\/centcols.org\/#organization","name":"Club des Cent Cols","url":"https:\/\/centcols.org\/","logo":{"@type":"ImageObject","inLanguage":"es","@id":"https:\/\/centcols.org\/#\/schema\/logo\/image\/","url":"https:\/\/centcols.org\/wp-content\/uploads\/2025\/01\/carte-icone.png","contentUrl":"https:\/\/centcols.org\/wp-content\/uploads\/2025\/01\/carte-icone.png","width":250,"height":250,"caption":"Club des Cent Cols"},"image":{"@id":"https:\/\/centcols.org\/#\/schema\/logo\/image\/"},"sameAs":["https:\/\/www.facebook.com\/groups\/5261880558\/?locale=fr_FR"]},{"@type":"Person","@id":"https:\/\/centcols.org\/#\/schema\/person\/911b404fb133d8c913dd27cdcf71c8e5","name":"Webmaster","image":{"@type":"ImageObject","inLanguage":"es","@id":"https:\/\/centcols.org\/wp-content\/litespeed\/avatar\/2d246e4b6b4f773e08515e1ffc53690b.jpg?ver=1777222892","url":"https:\/\/centcols.org\/wp-content\/litespeed\/avatar\/2d246e4b6b4f773e08515e1ffc53690b.jpg?ver=1777222892","contentUrl":"https:\/\/centcols.org\/wp-content\/litespeed\/avatar\/2d246e4b6b4f773e08515e1ffc53690b.jpg?ver=1777222892","caption":"Webmestre"},"url":"https:\/\/centcols.org\/es\/author\/webmestre\/"}]}},"_links":{"self":[{"href":"https:\/\/centcols.org\/es\/wp-json\/wp\/v2\/posts\/80190","targetHints":{"allow":["GET"]}}],"collection":[{"href":"https:\/\/centcols.org\/es\/wp-json\/wp\/v2\/posts"}],"about":[{"href":"https:\/\/centcols.org\/es\/wp-json\/wp\/v2\/types\/post"}],"author":[{"embeddable":true,"href":"https:\/\/centcols.org\/es\/wp-json\/wp\/v2\/users\/3"}],"replies":[{"embeddable":true,"href":"https:\/\/centcols.org\/es\/wp-json\/wp\/v2\/comments?post=80190"}],"version-history":[{"count":0,"href":"https:\/\/centcols.org\/es\/wp-json\/wp\/v2\/posts\/80190\/revisions"}],"wp:featuredmedia":[{"embeddable":true,"href":"https:\/\/centcols.org\/es\/wp-json\/wp\/v2\/media\/80266"}],"wp:attachment":[{"href":"https:\/\/centcols.org\/es\/wp-json\/wp\/v2\/media?parent=80190"}],"wp:term":[{"taxonomy":"category","embeddable":true,"href":"https:\/\/centcols.org\/es\/wp-json\/wp\/v2\/categories?post=80190"},{"taxonomy":"post_tag","embeddable":true,"href":"https:\/\/centcols.org\/es\/wp-json\/wp\/v2\/tags?post=80190"}],"curies":[{"name":"wp","href":"https:\/\/api.w.org\/{rel}","templated":true}]}}