{"id":80215,"date":"2025-04-02T15:26:29","date_gmt":"2025-04-02T13:26:29","guid":{"rendered":"https:\/\/centcols.org\/?p=80215"},"modified":"2026-03-25T22:18:36","modified_gmt":"2026-03-25T20:18:36","slug":"cien-puertos-de-carretera-en-la-selva-negra","status":"publish","type":"post","link":"https:\/\/centcols.org\/es\/cent-cols-routiers-en-foret-noire\/","title":{"rendered":"Cien puertos de carretera en la Selva Negra"},"content":{"rendered":"<h2 class=\"wp-block-heading\">Presentaci\u00f3n<\/h2>\n\n\n\n<p>Una ruta por carretera de 860 km desde Baden-Baden, en la Selva Negra (Alemania), con un desnivel de 20.800 metros y 107 puertos de monta\u00f1a, m\u00e1s 9 puertos opcionales.<\/p>\n\n\n\n<p>Trazado por Alain Brault (CC 3693)<\/p>\n\n\n\n<p><a href=\"https:\/\/centcols.org\/es\/rando_perm\/inscription.php\/?rando=fnr\" target=\"_blank\" rel=\"noreferrer noopener\">Formulario de inscripci\u00f3n<\/a><\/p>\n\n\n\n<h2 class=\"wp-block-heading\">Curso<\/h2>\n\n\n\n<p><iframe loading=\"lazy\" src=\"https:\/\/centcols.org\/rando_perm\/carto\/mbtrp.php?rp=fnr\" width=\"800\" height=\"600\"><\/iframe><\/p>\n\n\n\n<p>Los archivos de geolocalizaci\u00f3n (GPX) est\u00e1n disponibles para los inscritos.<\/p>\n\n\n\n<p><a class=\"fancybox\" href=\"https:\/\/centcols.org\/rando_perm\/fnr\/fnr-profil.png\" rel=\"noopener noreferrer\">Perfil<\/a><\/p>\n\n\n\n<h2 class=\"wp-block-heading\">Tema<\/h2>\n\n\n\n<p>El club Cent Cols, fundado en 1972 y afiliado a la F\u00e9d\u00e9ration Fran\u00e7aise de V\u00e9lo con el n\u00ba 6384, le propone este paseo permanente basado en un tema sencillo: cien puertos.<\/p>\n\n\n\n<p>Cien pases, ya sea para permitirle ingresar en la Confr\u00e9rie du Club des Cent Cols, ya sea para permitirle progresar hasta el \u00abTableau d'Honneur\u00bb de la Confr\u00e9rie, o en cualquier caso para ayudarle a descubrir o redescubrir la Selva Negra y los placeres de las carreteras de media monta\u00f1a.<\/p>\n\n\n\n<p>Cien forfaits para una excursi\u00f3n en bicicleta de carretera por la Selva Negra, con sus paisajes, pueblos encantadores, lagos y picos famosos.<\/p>\n\n\n\n<h2 class=\"wp-block-heading\">Controla<\/h2>\n\n\n\n<p>Diez controles son obligatorios: se llevar\u00e1n a cabo en puntos del recorrido elegidos por el corredor, realiz\u00e1ndose un control en cada sector (los n\u00fameros de los sectores se encuentran en el mapa del recorrido).<\/p>\n\n\n\n<p>* Baden - Oppenau<\/p>\n\n\n\n<p>* Oppenau - Wolfach<\/p>\n\n\n\n<p>* Wolfach - Sankt Georgen<\/p>\n\n\n\n<p>* Sankt Georgen - Titisee<\/p>\n\n\n\n<p>* Titisee - Todtmoos<\/p>\n\n\n\n<p>* Todtmoos - L\u00f6rrach<\/p>\n\n\n\n<p>* L\u00f6rrach - Sch\u00f6nau im Schwarzwald<\/p>\n\n\n\n<p>* Sch\u00f6nau im Schwartzwald - Sankt Peter<\/p>\n\n\n\n<p>* Sankt Peter - Biberach<\/p>\n\n\n\n<p>* Biberach - Baden<\/p>\n\n\n\n<h2 class=\"wp-block-heading\">Principales puertos de monta\u00f1a<\/h2>\n\n\n\n<p>Gr\u00fcblesattel DE-BW-1419<\/p>\n\n\n\n<p>Feldbergpass DE-BW-1231<\/p>\n\n\n\n<p>Kandelpass DE-BW-1204<\/p>\n\n\n\n<p>Wiedener Eck DE-BW-1035<\/p>\n\n\n\n<p>Grieshabereck DE-BW-1010<\/p>\n\n\n\n<p>Passh\u00f6he Rotkreuz DE-BW-1000<\/p>\n\n\n\n<p>Kohlgrube DE-BW-0998<\/p>\n\n\n\n<p>Wilhelmsh\u00f6he DE-BW-0975<\/p>\n\n\n\n<h2 class=\"wp-block-heading\">Reglas del juego para los paseos permanentes<\/h2>\n\n\n\n<p>Todos los participantes en esta ruta permanente se comprometen a respetar la <a href=\"\/es\/rdj-excursiones-permanentes\/\">reglas del juego<\/a> gobern\u00e1ndolo.<\/p>\n\n\n\n<h2 class=\"wp-block-heading\">Para m\u00e1s informaci\u00f3n<\/h2>\n\n\n\n<h3 class=\"wp-block-heading\">P\u00f3ngase en contacto con el responsable de los paseos permanentes<\/h3>\n\n\n\n<p>Jean-Marc CLEMENT<br>10 rue de Normandie<br>31120 Portet sur Garonne<br>FRANCIA<\/p>\n\n\n\n<p>Tel: +33 (0)5 61 76 30 12<br>Correo electr\u00f3nico : <a href=\"\/es\/&\/#x6d;&#x61;&#x69;&#x6c;&#x74;&#x6f;&#x3a;&#x72;&#x61;&#x6e;&#x64;&#x6f;&#x73;&#x40;&#x63;&#x65;&#x6e;&#x74;&#x63;&#x6f;&#x6c;&#x73;&#x2e;&#x6f;&#x72;&#x67;\">randos@centcols.org<\/a><\/p>\n\n\n\n<p><strong>Nota: por favor, env\u00ede sus hojas de ruta para ser aprobadas, as\u00ed como sus postales y cr\u00f3nicas de viaje, \u00fanicamente a la persona responsable actual, independientemente de lo que encuentre como informaci\u00f3n antigua (as\u00ed que no escriba a Roger Colombo, Bernard Pommel, Jean-Marc Lef\u00e8vre o Roland Grimaud \u2020).<\/strong><\/p>","protected":false},"excerpt":{"rendered":"<p>Pr\u00e9sentation Circuit routier de 860 km au d\u00e9part de Baden-Baden, en For\u00eat-Noire (Allemagne), comprenant une d\u00e9nivellation de 20 800 m et le passage de 107 cols, plus 9 en option. Trac\u00e9 par Alain Brault (CC 3693) Bulletin d\u2019inscription Parcours Des fichiers de g\u00e9olocalisation (GPX) sont mis \u00e0 disposition des inscrits. Profil Th\u00e8me Le club des [&hellip;]<\/p>\n","protected":false},"author":3,"featured_media":84605,"comment_status":"open","ping_status":"open","sticky":false,"template":"","format":"standard","meta":{"_acf_changed":false,"footnotes":""},"categories":[176,156,195,194,145],"tags":[],"class_list":["post-80215","post","type-post","status-publish","format-standard","has-post-thumbnail","hentry","category-route","category-allemagne","category-de-bw-baden-wurtenberg","category-foret-noire","category-randonnees-permanentes"],"acf":[],"yoast_head":"<!-- This site is optimized with the Yoast SEO plugin v27.2 - https:\/\/yoast.com\/product\/yoast-seo-wordpress\/ -->\n<title>Cent cols routiers en For\u00eat-Noire - Club des Cent Cols<\/title>\n<meta name=\"robots\" content=\"index, follow, max-snippet:-1, max-image-preview:large, max-video-preview:-1\" \/>\n<link rel=\"canonical\" href=\"https:\/\/centcols.org\/es\/cien-puertos-de-carretera-en-la-selva-negra\/\" \/>\n<meta property=\"og:locale\" content=\"es_ES\" \/>\n<meta property=\"og:type\" content=\"article\" \/>\n<meta property=\"og:title\" content=\"Cent cols routiers en For\u00eat-Noire - Club des Cent Cols\" \/>\n<meta property=\"og:description\" content=\"Pr\u00e9sentation Circuit routier de 860 km au d\u00e9part de Baden-Baden, en For\u00eat-Noire (Allemagne), comprenant une d\u00e9nivellation de 20 800 m et le passage de 107 cols, plus 9 en option. Trac\u00e9 par Alain Brault (CC 3693) Bulletin d\u2019inscription Parcours Des fichiers de g\u00e9olocalisation (GPX) sont mis \u00e0 disposition des inscrits. Profil Th\u00e8me Le club des [&hellip;]\" \/>\n<meta property=\"og:url\" content=\"https:\/\/centcols.org\/es\/cien-puertos-de-carretera-en-la-selva-negra\/\" \/>\n<meta property=\"og:site_name\" content=\"Club des Cent Cols\" \/>\n<meta property=\"article:publisher\" content=\"https:\/\/www.facebook.com\/groups\/5261880558\/?locale=fr_FR\" \/>\n<meta property=\"article:published_time\" content=\"2025-04-02T13:26:29+00:00\" \/>\n<meta property=\"article:modified_time\" content=\"2026-03-25T20:18:36+00:00\" \/>\n<meta property=\"og:image\" content=\"https:\/\/centcols.org\/wp-content\/uploads\/2025\/04\/foretnoire169-01.jpg\" \/>\n\t<meta property=\"og:image:width\" content=\"900\" \/>\n\t<meta property=\"og:image:height\" content=\"506\" \/>\n\t<meta property=\"og:image:type\" content=\"image\/jpeg\" \/>\n<meta name=\"author\" content=\"Webmestre\" \/>\n<meta name=\"twitter:card\" content=\"summary_large_image\" \/>\n<meta name=\"twitter:label1\" content=\"Escrito por\" \/>\n\t<meta name=\"twitter:data1\" content=\"Webmestre\" \/>\n\t<meta name=\"twitter:label2\" content=\"Tiempo de lectura\" \/>\n\t<meta name=\"twitter:data2\" content=\"3 minutos\" \/>\n<script type=\"application\/ld+json\" class=\"yoast-schema-graph\">{\"@context\":\"https:\/\/schema.org\",\"@graph\":[{\"@type\":\"Article\",\"@id\":\"https:\/\/centcols.org\/cent-cols-routiers-en-foret-noire\/#article\",\"isPartOf\":{\"@id\":\"https:\/\/centcols.org\/cent-cols-routiers-en-foret-noire\/\"},\"author\":{\"name\":\"Webmestre\",\"@id\":\"https:\/\/centcols.org\/#\/schema\/person\/911b404fb133d8c913dd27cdcf71c8e5\"},\"headline\":\"Cent cols routiers en For\u00eat-Noire\",\"datePublished\":\"2025-04-02T13:26:29+00:00\",\"dateModified\":\"2026-03-25T20:18:36+00:00\",\"mainEntityOfPage\":{\"@id\":\"https:\/\/centcols.org\/cent-cols-routiers-en-foret-noire\/\"},\"wordCount\":389,\"commentCount\":0,\"publisher\":{\"@id\":\"https:\/\/centcols.org\/#organization\"},\"image\":{\"@id\":\"https:\/\/centcols.org\/cent-cols-routiers-en-foret-noire\/#primaryimage\"},\"thumbnailUrl\":\"https:\/\/centcols.org\/wp-content\/uploads\/2025\/04\/foretnoire169-01.jpg\",\"articleSection\":[\"Route\",\"Allemagne\",\"DE-BW : Baden-Wurtenberg\",\"For\u00eat-Noire\",\"Randonn\u00e9es permanentes\"],\"inLanguage\":\"es\",\"potentialAction\":[{\"@type\":\"CommentAction\",\"name\":\"Comment\",\"target\":[\"https:\/\/centcols.org\/cent-cols-routiers-en-foret-noire\/#respond\"]}]},{\"@type\":\"WebPage\",\"@id\":\"https:\/\/centcols.org\/cent-cols-routiers-en-foret-noire\/\",\"url\":\"https:\/\/centcols.org\/cent-cols-routiers-en-foret-noire\/\",\"name\":\"Cent cols routiers en For\u00eat-Noire - Club des Cent Cols\",\"isPartOf\":{\"@id\":\"https:\/\/centcols.org\/#website\"},\"primaryImageOfPage\":{\"@id\":\"https:\/\/centcols.org\/cent-cols-routiers-en-foret-noire\/#primaryimage\"},\"image\":{\"@id\":\"https:\/\/centcols.org\/cent-cols-routiers-en-foret-noire\/#primaryimage\"},\"thumbnailUrl\":\"https:\/\/centcols.org\/wp-content\/uploads\/2025\/04\/foretnoire169-01.jpg\",\"datePublished\":\"2025-04-02T13:26:29+00:00\",\"dateModified\":\"2026-03-25T20:18:36+00:00\",\"breadcrumb\":{\"@id\":\"https:\/\/centcols.org\/cent-cols-routiers-en-foret-noire\/#breadcrumb\"},\"inLanguage\":\"es\",\"potentialAction\":[{\"@type\":\"ReadAction\",\"target\":[\"https:\/\/centcols.org\/cent-cols-routiers-en-foret-noire\/\"]}]},{\"@type\":\"ImageObject\",\"inLanguage\":\"es\",\"@id\":\"https:\/\/centcols.org\/cent-cols-routiers-en-foret-noire\/#primaryimage\",\"url\":\"https:\/\/centcols.org\/wp-content\/uploads\/2025\/04\/foretnoire169-01.jpg\",\"contentUrl\":\"https:\/\/centcols.org\/wp-content\/uploads\/2025\/04\/foretnoire169-01.jpg\",\"width\":900,\"height\":506},{\"@type\":\"BreadcrumbList\",\"@id\":\"https:\/\/centcols.org\/cent-cols-routiers-en-foret-noire\/#breadcrumb\",\"itemListElement\":[{\"@type\":\"ListItem\",\"position\":1,\"name\":\"Accueil\",\"item\":\"https:\/\/centcols.org\/\"},{\"@type\":\"ListItem\",\"position\":2,\"name\":\"Randonn\u00e9es permanentes\",\"item\":\"https:\/\/centcols.org\/rubrique\/randonnees-permanentes\/\"},{\"@type\":\"ListItem\",\"position\":3,\"name\":\"Pays\",\"item\":\"https:\/\/centcols.org\/rubrique\/randonnees-permanentes\/pays\/\"},{\"@type\":\"ListItem\",\"position\":4,\"name\":\"Allemagne\",\"item\":\"https:\/\/centcols.org\/rubrique\/randonnees-permanentes\/pays\/allemagne\/\"},{\"@type\":\"ListItem\",\"position\":5,\"name\":\"Cent cols routiers en For\u00eat-Noire\"}]},{\"@type\":\"WebSite\",\"@id\":\"https:\/\/centcols.org\/#website\",\"url\":\"https:\/\/centcols.org\/\",\"name\":\"Club des Cent Cols\",\"description\":\"\",\"publisher\":{\"@id\":\"https:\/\/centcols.org\/#organization\"},\"potentialAction\":[{\"@type\":\"SearchAction\",\"target\":{\"@type\":\"EntryPoint\",\"urlTemplate\":\"https:\/\/centcols.org\/?s={search_term_string}\"},\"query-input\":{\"@type\":\"PropertyValueSpecification\",\"valueRequired\":true,\"valueName\":\"search_term_string\"}}],\"inLanguage\":\"es\"},{\"@type\":\"Organization\",\"@id\":\"https:\/\/centcols.org\/#organization\",\"name\":\"Club des Cent Cols\",\"url\":\"https:\/\/centcols.org\/\",\"logo\":{\"@type\":\"ImageObject\",\"inLanguage\":\"es\",\"@id\":\"https:\/\/centcols.org\/#\/schema\/logo\/image\/\",\"url\":\"https:\/\/centcols.org\/wp-content\/uploads\/2025\/01\/carte-icone.png\",\"contentUrl\":\"https:\/\/centcols.org\/wp-content\/uploads\/2025\/01\/carte-icone.png\",\"width\":250,\"height\":250,\"caption\":\"Club des Cent Cols\"},\"image\":{\"@id\":\"https:\/\/centcols.org\/#\/schema\/logo\/image\/\"},\"sameAs\":[\"https:\/\/www.facebook.com\/groups\/5261880558\/?locale=fr_FR\"]},{\"@type\":\"Person\",\"@id\":\"https:\/\/centcols.org\/#\/schema\/person\/911b404fb133d8c913dd27cdcf71c8e5\",\"name\":\"Webmestre\",\"image\":{\"@type\":\"ImageObject\",\"inLanguage\":\"es\",\"@id\":\"https:\/\/centcols.org\/wp-content\/litespeed\/avatar\/2d246e4b6b4f773e08515e1ffc53690b.jpg?ver=1777222892\",\"url\":\"https:\/\/centcols.org\/wp-content\/litespeed\/avatar\/2d246e4b6b4f773e08515e1ffc53690b.jpg?ver=1777222892\",\"contentUrl\":\"https:\/\/centcols.org\/wp-content\/litespeed\/avatar\/2d246e4b6b4f773e08515e1ffc53690b.jpg?ver=1777222892\",\"caption\":\"Webmestre\"},\"url\":\"https:\/\/centcols.org\/es\/author\/webmestre\/\"}]}<\/script>\n<!-- \/ Yoast SEO plugin. -->","yoast_head_json":{"title":"Cien puertos de carretera en la Selva Negra - Club des Cent Cols","robots":{"index":"index","follow":"follow","max-snippet":"max-snippet:-1","max-image-preview":"max-image-preview:large","max-video-preview":"max-video-preview:-1"},"canonical":"https:\/\/centcols.org\/es\/cien-puertos-de-carretera-en-la-selva-negra\/","og_locale":"es_ES","og_type":"article","og_title":"Cent cols routiers en For\u00eat-Noire - Club des Cent Cols","og_description":"Pr\u00e9sentation Circuit routier de 860 km au d\u00e9part de Baden-Baden, en For\u00eat-Noire (Allemagne), comprenant une d\u00e9nivellation de 20 800 m et le passage de 107 cols, plus 9 en option. Trac\u00e9 par Alain Brault (CC 3693) Bulletin d\u2019inscription Parcours Des fichiers de g\u00e9olocalisation (GPX) sont mis \u00e0 disposition des inscrits. Profil Th\u00e8me Le club des [&hellip;]","og_url":"https:\/\/centcols.org\/es\/cien-puertos-de-carretera-en-la-selva-negra\/","og_site_name":"Club des Cent Cols","article_publisher":"https:\/\/www.facebook.com\/groups\/5261880558\/?locale=fr_FR","article_published_time":"2025-04-02T13:26:29+00:00","article_modified_time":"2026-03-25T20:18:36+00:00","og_image":[{"width":900,"height":506,"url":"https:\/\/centcols.org\/wp-content\/uploads\/2025\/04\/foretnoire169-01.jpg","type":"image\/jpeg"}],"author":"Webmestre","twitter_card":"summary_large_image","twitter_misc":{"Escrito por":"Webmestre","Tiempo de lectura":"3 minutos"},"schema":{"@context":"https:\/\/schema.org","@graph":[{"@type":"Article","@id":"https:\/\/centcols.org\/cent-cols-routiers-en-foret-noire\/#article","isPartOf":{"@id":"https:\/\/centcols.org\/cent-cols-routiers-en-foret-noire\/"},"author":{"name":"Webmestre","@id":"https:\/\/centcols.org\/#\/schema\/person\/911b404fb133d8c913dd27cdcf71c8e5"},"headline":"Cent cols routiers en For\u00eat-Noire","datePublished":"2025-04-02T13:26:29+00:00","dateModified":"2026-03-25T20:18:36+00:00","mainEntityOfPage":{"@id":"https:\/\/centcols.org\/cent-cols-routiers-en-foret-noire\/"},"wordCount":389,"commentCount":0,"publisher":{"@id":"https:\/\/centcols.org\/#organization"},"image":{"@id":"https:\/\/centcols.org\/cent-cols-routiers-en-foret-noire\/#primaryimage"},"thumbnailUrl":"https:\/\/centcols.org\/wp-content\/uploads\/2025\/04\/foretnoire169-01.jpg","articleSection":["Route","Allemagne","DE-BW : Baden-Wurtenberg","For\u00eat-Noire","Randonn\u00e9es permanentes"],"inLanguage":"es","potentialAction":[{"@type":"CommentAction","name":"Comment","target":["https:\/\/centcols.org\/cent-cols-routiers-en-foret-noire\/#respond"]}]},{"@type":"WebPage","@id":"https:\/\/centcols.org\/cent-cols-routiers-en-foret-noire\/","url":"https:\/\/centcols.org\/cent-cols-routiers-en-foret-noire\/","name":"Cien puertos de carretera en la Selva Negra - Club des Cent Cols","isPartOf":{"@id":"https:\/\/centcols.org\/#website"},"primaryImageOfPage":{"@id":"https:\/\/centcols.org\/cent-cols-routiers-en-foret-noire\/#primaryimage"},"image":{"@id":"https:\/\/centcols.org\/cent-cols-routiers-en-foret-noire\/#primaryimage"},"thumbnailUrl":"https:\/\/centcols.org\/wp-content\/uploads\/2025\/04\/foretnoire169-01.jpg","datePublished":"2025-04-02T13:26:29+00:00","dateModified":"2026-03-25T20:18:36+00:00","breadcrumb":{"@id":"https:\/\/centcols.org\/cent-cols-routiers-en-foret-noire\/#breadcrumb"},"inLanguage":"es","potentialAction":[{"@type":"ReadAction","target":["https:\/\/centcols.org\/cent-cols-routiers-en-foret-noire\/"]}]},{"@type":"ImageObject","inLanguage":"es","@id":"https:\/\/centcols.org\/cent-cols-routiers-en-foret-noire\/#primaryimage","url":"https:\/\/centcols.org\/wp-content\/uploads\/2025\/04\/foretnoire169-01.jpg","contentUrl":"https:\/\/centcols.org\/wp-content\/uploads\/2025\/04\/foretnoire169-01.jpg","width":900,"height":506},{"@type":"BreadcrumbList","@id":"https:\/\/centcols.org\/cent-cols-routiers-en-foret-noire\/#breadcrumb","itemListElement":[{"@type":"ListItem","position":1,"name":"Accueil","item":"https:\/\/centcols.org\/"},{"@type":"ListItem","position":2,"name":"Randonn\u00e9es permanentes","item":"https:\/\/centcols.org\/rubrique\/randonnees-permanentes\/"},{"@type":"ListItem","position":3,"name":"Pays","item":"https:\/\/centcols.org\/rubrique\/randonnees-permanentes\/pays\/"},{"@type":"ListItem","position":4,"name":"Allemagne","item":"https:\/\/centcols.org\/rubrique\/randonnees-permanentes\/pays\/allemagne\/"},{"@type":"ListItem","position":5,"name":"Cent cols routiers en For\u00eat-Noire"}]},{"@type":"WebSite","@id":"https:\/\/centcols.org\/#website","url":"https:\/\/centcols.org\/","name":"Club des Cent Cols","description":"","publisher":{"@id":"https:\/\/centcols.org\/#organization"},"potentialAction":[{"@type":"SearchAction","target":{"@type":"EntryPoint","urlTemplate":"https:\/\/centcols.org\/?s={search_term_string}"},"query-input":{"@type":"PropertyValueSpecification","valueRequired":true,"valueName":"search_term_string"}}],"inLanguage":"es"},{"@type":"Organization","@id":"https:\/\/centcols.org\/#organization","name":"Club des Cent Cols","url":"https:\/\/centcols.org\/","logo":{"@type":"ImageObject","inLanguage":"es","@id":"https:\/\/centcols.org\/#\/schema\/logo\/image\/","url":"https:\/\/centcols.org\/wp-content\/uploads\/2025\/01\/carte-icone.png","contentUrl":"https:\/\/centcols.org\/wp-content\/uploads\/2025\/01\/carte-icone.png","width":250,"height":250,"caption":"Club des Cent Cols"},"image":{"@id":"https:\/\/centcols.org\/#\/schema\/logo\/image\/"},"sameAs":["https:\/\/www.facebook.com\/groups\/5261880558\/?locale=fr_FR"]},{"@type":"Person","@id":"https:\/\/centcols.org\/#\/schema\/person\/911b404fb133d8c913dd27cdcf71c8e5","name":"Webmaster","image":{"@type":"ImageObject","inLanguage":"es","@id":"https:\/\/centcols.org\/wp-content\/litespeed\/avatar\/2d246e4b6b4f773e08515e1ffc53690b.jpg?ver=1777222892","url":"https:\/\/centcols.org\/wp-content\/litespeed\/avatar\/2d246e4b6b4f773e08515e1ffc53690b.jpg?ver=1777222892","contentUrl":"https:\/\/centcols.org\/wp-content\/litespeed\/avatar\/2d246e4b6b4f773e08515e1ffc53690b.jpg?ver=1777222892","caption":"Webmestre"},"url":"https:\/\/centcols.org\/es\/author\/webmestre\/"}]}},"_links":{"self":[{"href":"https:\/\/centcols.org\/es\/wp-json\/wp\/v2\/posts\/80215","targetHints":{"allow":["GET"]}}],"collection":[{"href":"https:\/\/centcols.org\/es\/wp-json\/wp\/v2\/posts"}],"about":[{"href":"https:\/\/centcols.org\/es\/wp-json\/wp\/v2\/types\/post"}],"author":[{"embeddable":true,"href":"https:\/\/centcols.org\/es\/wp-json\/wp\/v2\/users\/3"}],"replies":[{"embeddable":true,"href":"https:\/\/centcols.org\/es\/wp-json\/wp\/v2\/comments?post=80215"}],"version-history":[{"count":0,"href":"https:\/\/centcols.org\/es\/wp-json\/wp\/v2\/posts\/80215\/revisions"}],"wp:featuredmedia":[{"embeddable":true,"href":"https:\/\/centcols.org\/es\/wp-json\/wp\/v2\/media\/84605"}],"wp:attachment":[{"href":"https:\/\/centcols.org\/es\/wp-json\/wp\/v2\/media?parent=80215"}],"wp:term":[{"taxonomy":"category","embeddable":true,"href":"https:\/\/centcols.org\/es\/wp-json\/wp\/v2\/categories?post=80215"},{"taxonomy":"post_tag","embeddable":true,"href":"https:\/\/centcols.org\/es\/wp-json\/wp\/v2\/tags?post=80215"}],"curies":[{"name":"wp","href":"https:\/\/api.w.org\/{rel}","templated":true}]}}