{"id":80516,"date":"2012-04-23T10:11:11","date_gmt":"2012-04-23T08:11:11","guid":{"rendered":"https:\/\/centcols.org\/concentration-internationale-et-40eme-anniversaire-de-la-confrerie-au-col-de-plainpalais-le-4-aout-rassemblement-a-lescheraines-73-du-29-juillet-au-5-aout-2012\/"},"modified":"2025-09-02T09:43:27","modified_gmt":"2025-09-02T07:43:27","slug":"estancia-2012-lescheraines","status":"publish","type":"post","link":"https:\/\/centcols.org\/es\/sejour-2012-lescheraines\/","title":{"rendered":"Concentraci\u00f3n internacional y 40\u00ba aniversario de la Cofrad\u00eda en el Col de Plainpalais el 4 de agosto Concentraci\u00f3n en Lescheraines (73) del 29 de julio al 5 de agosto de 2012"},"content":{"rendered":"<h2 class=\"wp-block-heading\">Los v\u00eddeos<\/h2>\n\n\n\n<p><a class=\"iframe-fancybox\" title=\"v\u00eddeo del acto\" href=\"https:\/\/www.youtube.com\/watch?v=0LwGBLENvqs&amp;feature=youtu.be\" target=\"_blank\" rel=\"noopener\">Ver la versi\u00f3n corta (12\u2032)<\/a><\/p>\n\n\n\n<p><a class=\"iframe-fancybox\" title=\"v\u00eddeo del acto\" href=\"https:\/\/www.youtube.com\/watch?v=l5lfqbRaV5o\" target=\"_blank\" rel=\"noopener\">Ver la versi\u00f3n larga (33\u2032)<\/a><\/p>\n\n\n\n<h2 class=\"wp-block-heading\">Las fotos<\/h2>\n\n\n\n<p><a href=\"#album\">Ver los \u00e1lbumes al final de la p\u00e1gina<\/a><\/p>\n\n\n\n<h2 class=\"wp-block-heading\">Presentaci\u00f3n<\/h2>\n\n\n\n<p>El macizo de Bauges, situado en Saboya y Alta Saboya, en la cuna del Club des Cent Cols, nos acoger\u00e1 este verano.<\/p>\n\n\n\n<p>La presentaci\u00f3n de las visitas se publicar\u00e1 m\u00e1s adelante en el sitio web y en el informe anual.<\/p>\n\n\n\n<p>Esta reuni\u00f3n ser\u00e1 un poco especial, ya que celebraremos dignamente el cuadrag\u00e9simo aniversario del Club des Cent Cols (antes de volver a celebrarlo en la Asamblea General Anual de Annecy, el 1 de diciembre). Est\u00e1 prevista una comida festiva el 4 de agosto, despu\u00e9s de la reuni\u00f3n.<\/p>\n\n\n\n<p>A ra\u00edz de una situaci\u00f3n ajena a nuestra voluntad (alojamiento no disponible), el Club pide disculpas a nuestros socios que hubieran preferido una reuni\u00f3n m\u00e1s temprana en julio o m\u00e1s alejada de la fecha de la semana federal.<\/p>\n\n\n\n<h2 class=\"wp-block-heading\">Folleto y presentaci\u00f3n de diapositivas<\/h2>\n\n\n\n<p>Ya puede descargar <a href=\"https:\/\/centcols.org\/wp-content\/uploads\/2025\/09\/plaquette_A5.pdf\" target=\"_blank\" rel=\"noreferrer noopener\">el folleto de vacaciones<\/a> (1,7 millones de euros) que se distribuir\u00e1 a cada participante gracias a la participaci\u00f3n financiera de la agencia de turismo de las dos regiones de Saboya, Savoie Mont Blanc Tourisme. Este folleto est\u00e1 en formato A5, con 2 p\u00e1ginas A5 verticales en una hoja A4 que se imprimir\u00e1 en orientaci\u00f3n horizontal por ambas caras y se doblar\u00e1 por el centro. Para leer el folleto en l\u00ednea, utilice este enlace <a href=\"https:\/\/centcols.org\/wp-content\/uploads\/2025\/09\/plaquette_A4_seq.pdf\" target=\"_blank\" rel=\"noreferrer noopener\">Versi\u00f3n A4<\/a> (una p\u00e1gina por hoja) (1,8 millones).<\/p>\n\n\n\n<p>Para descubrir las Bauges y la Chartreuse antes de dejar las ruedas, pruebe esto <a class=\"iframe-fancybox\" title=\"Bauges y Chartreuse\" href=\"https:\/\/centcols.org\/es\/util\/visuAlbum.php\/?album=3225-7\" target=\"_blank\" rel=\"noopener\">presentaci\u00f3n de diapositivas<\/a> por R\u00e9gis Paraz.<\/p>\n\n\n\n<h2 class=\"wp-block-heading\">Alojamiento e inscripci\u00f3n<\/h2>\n\n\n\n<p>Para garantizar la m\u00e1xima capacidad, se ofrecer\u00e1n dos tipos de alojamiento en el mismo recinto:<\/p>\n\n\n\n<p>Para garantizar la m\u00e1xima capacidad, se ofrecer\u00e1n dos tipos de alojamiento en el mismo recinto:<\/p>\n\n\n\n<ul class=\"wp-block-list\">\n<li>Centro de vacaciones \u00abEau Vive\u00bb, del domingo 29 de julio al domingo 5 de agosto (<a href=\"https:\/\/www.ternelia-lm.com\/hotel\/eau-vive\/\" target=\"_blank\" rel=\"noreferrer noopener\">http:\/\/bauges-l-eau-vive.ternelia.com<\/a>) El centro de vacaciones est\u00e1 completo.<\/li>\n\n\n\n<li>Las casas m\u00f3viles del camping, a nuestra disposici\u00f3n del s\u00e1bado 28 de julio al s\u00e1bado 4 de agosto (para respetar la norma de alquiler de s\u00e1bado a s\u00e1bado y no interferir con los alquileres de la semana siguiente) (<a title=\"Islas Ch\u00e9ran\" href=\"http:\/\/www.savoie-camping.com\/\" target=\"_blank\" rel=\"noopener\">http:\/\/www.savoie-camping.com<\/a>). Las casas m\u00f3viles est\u00e1n totalmente reservadas.<\/li>\n<\/ul>\n\n\n\n<p>Los dos alojamientos est\u00e1n situados uno al lado del otro en el parque de ocio \u00abLes Iles du Ch\u00e9ran\u00bb. Por ello, hemos reservado todas las plazas disponibles (80) en el centro \u00abEau Vive\u00bb, a orillas del lago de Lescheraines, y las 12 c\u00f3modas casas m\u00f3viles del camping municipal contiguo a \u00abEau Vive\u00bb.<\/p>\n\n\n\n<p>El alojamiento en l'Eau Vive ser\u00e1 en habitaciones de 2 o 3 personas (no hay habitaciones individuales disponibles) y cada casa m\u00f3vil tendr\u00e1 capacidad para 3 personas (2 habitaciones y un sal\u00f3n con una cama convertible puede alojar a una persona por habitaci\u00f3n) o 4 si hay una familia.<\/p>\n\n\n\n<p>Ver mapa : <a title=\"Islas Ch\u00e9ran\" href=\"http:\/\/www.savoie-camping.com\/fr\/locations\/mobilhome.html\" target=\"_blank\" rel=\"noopener\">http:\/\/www.savoie-camping.com\/fr\/locations\/mobilhome.html<\/a><\/p>\n\n\n\n<p>Las comidas se servir\u00e1n en Eau Vive para todos.<br>Para quienes deseen alojarse en las casas m\u00f3viles, la pensi\u00f3n (comidas y desayunos) comenzar\u00e1 el 28 de julio y el 29 habr\u00e1 una visita guiada. <\/p>\n\n\n\n<p>Nota: Las casas m\u00f3viles y el centro de vacaciones est\u00e1n completos y ya no est\u00e1n disponibles. Sin embargo, a\u00fan puede reservar la comida o comidas festivas. Es imprescindible que las \u00faltimas reservas lleguen al responsable a m\u00e1s tardar el mi\u00e9rcoles 11 de julio. Por favor, rellene \u00fanicamente la secci\u00f3n de comidas del formulario de inscripci\u00f3n.<\/p>\n\n\n\n<p>El precio de la manutenci\u00f3n ser\u00e1 el mismo tanto si se aloja en el centro como en una casa m\u00f3vil. Este alojamiento es igual de c\u00f3modo que el que se ofrece en \u00abl'Eau Vive\u00bb, e igual de acogedor, ya que el camping est\u00e1 al lado del centro y muchos otros socios participar\u00e1n en la acampada.<\/p>\n\n\n\n<p>Las inscripciones para alojarse en el centro l'Eau Vive est\u00e1n abiertas desde el env\u00edo de la revista. Las inscripciones se tramitar\u00e1n por orden de llegada, de lo que dar\u00e1 fe el matasellos de correos. En caso necesario, se crear\u00e1 una lista de espera.<\/p>\n\n\n\n<p>Los socios que no participen en las vacaciones no deben tardar en inscribirse en la comida festiva del 4 de agosto (utilicen el formulario de inscripci\u00f3n a las vacaciones y rellenen s\u00f3lo esta secci\u00f3n). Puede hacerlo ahora, antes de que se publique la revista, enviando el formulario de inscripci\u00f3n \u00abCasas m\u00f3viles\u00bb enlazado m\u00e1s arriba.<br>Acceso a la carretera sin salida que conduce al centro de ocio \u00abLes Iles du Ch\u00e9ran\u00bb.\u00bb<br>Nota del Consejo de Administraci\u00f3n: Si tiene previsto alojarse en otro lugar que no sea el centro \u00abl'Eau Vive\u00bb o en las casas m\u00f3viles, le rogamos que nos comunique su asistencia al acto, por 3 razones principales:<\/p>\n\n\n\n<p>Por un lado, porque si se a\u00f1aden 15 \u00f3 20 personas sin que estemos informados, no podremos dimensionar adecuadamente las copas de bienvenida y despedida (no, no es vital, pero nos preocupa acoger adecuadamente a todos los participantes y seguro que nos critican incluso por este tipo de festejos) o el tama\u00f1o de una sala para conferencias....<br>Por otro lado, porque el n\u00famero de ciclistas aumenta y, como ocurri\u00f3 en Ripoll, el n\u00famero total de participantes puede llevarnos a dividirlos en varios grupos para su seguridad en la carretera y una mejor navegaci\u00f3n en la bicicleta de monta\u00f1a,<br>Y por \u00faltimo, porque la preparaci\u00f3n de un encuentro de este tipo representa una inversi\u00f3n importante para los organizadores, que estar\u00e1n m\u00e1s tranquilos si pueden evaluar con precisi\u00f3n a todos los participantes.<\/p>\n\n\n\n<h2 class=\"wp-block-heading\">Detalles del programa<\/h2>\n\n\n\n<p>La lista de todos los <a href=\"\/es\/membres\/cctours\/tours.php\/?lieu=Lescheraines&amp;an=2012\">circuitos<\/a> as\u00ed como listas separadas para <a href=\"\/es\/membres\/cctours\/tours.php\/?lieu=Lescheraines&amp;an=2012&amp;genre=R\">rutas por carretera<\/a> y <a href=\"\/es\/membres\/cctours\/tours.php\/?lieu=Lescheraines&amp;an=2012&amp;genre=V\">senderos para bicicletas de monta\u00f1a<\/a>. A partir de estas listas, tambi\u00e9n est\u00e1n disponibles mapas interactivos, hojas de ruta y perfiles de altitud para cada ruta.<\/p>\n\n\n\n<p>Para quienes utilicen un GPS o un programa de mapas en su ordenador, el <a class=\"iframe-fancybox\" title=\"geolocalizaci\u00f3n\" href=\"\/es\/membres\/cctours\/tours.php\/?lieu=Lescheraines&amp;an=2012\" target=\"_blank\" rel=\"noopener\">archivos de geolocalizaci\u00f3n<\/a> puede descargarse. En funci\u00f3n de las condiciones meteorol\u00f3gicas, las fechas pueden modificarse con poca antelaci\u00f3n.<\/p>\n\n\n\n<h2 class=\"wp-block-heading\">Introducci\u00f3n al macizo de Bauges<\/h2>\n\n\n\n<p>de Annabelle POTY (3663)<\/p>\n\n\n\n<p>El macizo de Bauges es uno de los macizos prealpinos junto con los de Bornes, Chartreuse y Vercors. Es sin duda el menos conocido de todos. A sus pies se encuentran las ciudades de Chamb\u00e9ry, Aix-les-Bains, Annecy, Albertville y los lagos naturales de Le Bourget y Annecy. Se extiende a caballo entre las regiones de Saboya y Alta Saboya.<\/p>\n\n\n\n<p>Topogr\u00e1ficamente, el coraz\u00f3n del macizo est\u00e1 bien definido, en particular por los puertos de Leschaux, Ch\u00e9rel, Fr\u00eane, Pr\u00e9s y Plainpalais. Est\u00e1 drenado por el torrencial Ch\u00e9ran, que sale del macizo por una clusa entre el Semnoz y el monte Bange para unirse al Fier en la llanura de Albanais.<\/p>\n\n\n\n<p>En 1996, el macizo fue reconocido Parque Natural Regional (64 municipios). La conservaci\u00f3n de la flora y la fauna es un compromiso antiguo, ya que desde 1955 existe una reserva nacional de caza y fauna salvaje. Se concibi\u00f3, en particular, para proteger al rebeco. Hoy en d\u00eda, el urogallo negro y la pezu\u00f1a de Venus son tambi\u00e9n emblem\u00e1ticos de las Bauges. El lobo tambi\u00e9n est\u00e1 presente. (Ciertas partes de la reserva est\u00e1n estrictamente prohibidas al tr\u00e1fico, incluso a pie. Consulte el reglamento cartogr\u00e1fico disponible en la Maison du Parc de Le Ch\u00e2telard).<\/p>\n\n\n\n<p>Quiz\u00e1 por su altitud media (2217 m como m\u00e1ximo) y su dif\u00edcil acceso, es una zona que ha permanecido al margen de los grandes desarrollos tur\u00edsticos de los Alpes. Por ello, el macizo de Bauges est\u00e1 especialmente bien conservado. Aqu\u00ed el turismo es \u00absuave\u00bb. No hay estaciones de esqu\u00ed imponentes, sino estadios de nieve con poco o ning\u00fan alojamiento tur\u00edstico (Marg\u00e9riaz, Semnoz). El Revard es m\u00e1s conocido por el esqu\u00ed de fondo. En verano, las principales actividades son el senderismo, el ciclismo, la pesca y el ala delta.<\/p>\n\n\n\n<p>La identidad baujue es m\u00e1s fuerte en el cant\u00f3n de Le Ch\u00e2telard a trav\u00e9s de su patrimonio construido. Cuando los monjes se instalaron en las Bauges en los siglos XI y XII, modelaron el paisaje y dejaron algunos de los monumentos m\u00e1s imponentes, como el priorato benedictino de Bellevaux y la cartuja de Aillon. Esta \u00faltima alberga el centro del patrimonio del Parque. Descubra las caballerizas, elementos arquitect\u00f3nicos t\u00edpicos que componen los graneros de Baujues o, en el valle del Comp\u00f4te, la l\u00ednea de graneros.<\/p>\n\n\n\n<p>Hoy en d\u00eda, el turismo, la agricultura y la silvicultura son los principales recursos. Las explotaciones se centran principalmente en la ganader\u00eda lechera. Esta producci\u00f3n est\u00e1 promovida por una AOC Tome des Bauges (no Tomme de Savoie). La queser\u00eda de Aillons organiza visitas a sus instalaciones de producci\u00f3n.<\/p>\n\n\n\n<p>La \u00faltima noticia sobre el macizo de Bauges es que ha recibido la etiqueta de \u00abGeoparque\u00bb de la UNESCO. El macizo de Bauges se convierte as\u00ed en el tercer geoparque franc\u00e9s de los 87 que existen en el mundo, 49 de ellos en Europa. Este sello pone de relieve la riqueza del patrimonio geol\u00f3gico emblem\u00e1tico de la regi\u00f3n, entre el que destaca el Arclusaz, un sinclinal encaramado de gran valor est\u00e9tico. Menos conocido porque menos visible, el subsuelo representa un recurso precioso tanto por el agua que almacena como por el desarrollo del turismo. El karst del Revard contiene las cuevas m\u00e1s largas y m\u00e1s grandes de Saboya.<\/p>\n\n\n\n<p>Para celebrar su cuadrag\u00e9simo aniversario, el club le invita a explorar una regi\u00f3n rica en puertos de monta\u00f1a, en un entorno virgen con paisajes variados.<\/p>\n\n\n\n<h2 class=\"wp-block-heading\"><a id=\"album\"><\/a>\u00c1lbumes de fotos<\/h2>\n\n\n\n<figure class=\"wp-block-gallery has-nested-images columns-4 is-cropped wp-block-gallery-1 is-layout-flex wp-block-gallery-is-layout-flex\">\n<figure class=\"wp-block-image size-full\"><a href=\"https:\/\/centcols.org\/es\/util\/visuAlbum.php\/?album=06785-001\" target=\"_blank\" rel=\"noreferrer noopener\"><img loading=\"lazy\" decoding=\"async\" width=\"1200\" height=\"900\" data-id=\"88862\" src=\"https:\/\/centcols.org\/wp-content\/uploads\/2012\/04\/L04117-1.jpg\" alt=\"\" class=\"wp-image-88862\" srcset=\"https:\/\/centcols.org\/wp-content\/uploads\/2012\/04\/L04117-1.jpg 1200w, https:\/\/centcols.org\/wp-content\/uploads\/2012\/04\/L04117-1-768x576.jpg 768w\" sizes=\"auto, (max-width: 1200px) 100vw, 1200px\" \/><\/a><figcaption class=\"wp-element-caption\">\u00c1lbum de Max Tissot<\/figcaption><\/figure>\n\n\n\n<figure class=\"wp-block-image size-full\"><a href=\"https:\/\/centcols.org\/es\/util\/visuAlbum.php\/?album=05650-009\" target=\"_blank\" rel=\"noreferrer noopener\"><img loading=\"lazy\" decoding=\"async\" width=\"1200\" height=\"900\" data-id=\"88864\" src=\"https:\/\/centcols.org\/wp-content\/uploads\/2012\/04\/L0921.jpg\" alt=\"\" class=\"wp-image-88864\" srcset=\"https:\/\/centcols.org\/wp-content\/uploads\/2012\/04\/L0921.jpg 1200w, https:\/\/centcols.org\/wp-content\/uploads\/2012\/04\/L0921-768x576.jpg 768w\" sizes=\"auto, (max-width: 1200px) 100vw, 1200px\" \/><\/a><figcaption class=\"wp-element-caption\">\u00c1lbum Alf\u00e9o Lotto<\/figcaption><\/figure>\n\n\n\n<figure class=\"wp-block-image size-full\"><a href=\"https:\/\/centcols.org\/es\/util\/visuAlbum.php\/?album=4889-1\" target=\"_blank\" rel=\"noreferrer noopener\"><img loading=\"lazy\" decoding=\"async\" width=\"1200\" height=\"900\" data-id=\"88865\" src=\"https:\/\/centcols.org\/wp-content\/uploads\/2012\/04\/L01814.jpg\" alt=\"\" class=\"wp-image-88865\" srcset=\"https:\/\/centcols.org\/wp-content\/uploads\/2012\/04\/L01814.jpg 1200w, https:\/\/centcols.org\/wp-content\/uploads\/2012\/04\/L01814-768x576.jpg 768w\" sizes=\"auto, (max-width: 1200px) 100vw, 1200px\" \/><\/a><figcaption class=\"wp-element-caption\">\u00c1lbum de Mario Labelle<\/figcaption><\/figure>\n\n\n\n<figure class=\"wp-block-image size-full\"><a href=\"https:\/\/centcols.org\/es\/util\/visuAlbum.php\/?album=3662-1\" target=\"_blank\" rel=\"noreferrer noopener\"><img loading=\"lazy\" decoding=\"async\" width=\"1200\" height=\"888\" data-id=\"88867\" src=\"https:\/\/centcols.org\/wp-content\/uploads\/2012\/04\/L00115.jpg\" alt=\"\" class=\"wp-image-88867\" srcset=\"https:\/\/centcols.org\/wp-content\/uploads\/2012\/04\/L00115.jpg 1200w, https:\/\/centcols.org\/wp-content\/uploads\/2012\/04\/L00115-768x568.jpg 768w\" sizes=\"auto, (max-width: 1200px) 100vw, 1200px\" \/><\/a><figcaption class=\"wp-element-caption\">\u00c1lbum de Jacques Collaudin<\/figcaption><\/figure>\n\n\n\n<figure class=\"wp-block-image size-full\"><a href=\"https:\/\/centcols.org\/es\/util\/visuAlbum.php\/?album=6028-7\" target=\"_blank\" rel=\"noreferrer noopener\"><img loading=\"lazy\" decoding=\"async\" width=\"1024\" height=\"576\" data-id=\"88869\" src=\"https:\/\/centcols.org\/wp-content\/uploads\/2012\/04\/L0765.jpg\" alt=\"\" class=\"wp-image-88869\" srcset=\"https:\/\/centcols.org\/wp-content\/uploads\/2012\/04\/L0765.jpg 1024w, https:\/\/centcols.org\/wp-content\/uploads\/2012\/04\/L0765-768x432.jpg 768w\" sizes=\"auto, (max-width: 1024px) 100vw, 1024px\" \/><\/a><figcaption class=\"wp-element-caption\">Pueblo de la Comp\u00f4te<\/figcaption><\/figure>\n\n\n\n<figure class=\"wp-block-image size-full\"><a href=\"https:\/\/centcols.org\/es\/util\/visuAlbum.php\/?album=00289-002\" target=\"_blank\" rel=\"noreferrer noopener\"><img loading=\"lazy\" decoding=\"async\" width=\"1200\" height=\"900\" data-id=\"88870\" src=\"https:\/\/centcols.org\/wp-content\/uploads\/2012\/04\/L02925.jpg\" alt=\"\" class=\"wp-image-88870\" srcset=\"https:\/\/centcols.org\/wp-content\/uploads\/2012\/04\/L02925.jpg 1200w, https:\/\/centcols.org\/wp-content\/uploads\/2012\/04\/L02925-768x576.jpg 768w\" sizes=\"auto, (max-width: 1200px) 100vw, 1200px\" \/><\/a><figcaption class=\"wp-element-caption\">\u00c1lbum de Marc Liaudon<\/figcaption><\/figure>\n\n\n\n<figure class=\"wp-block-image size-full\"><a href=\"https:\/\/centcols.org\/es\/util\/visuAlbum.php\/?album=5065-1\" target=\"_blank\" rel=\"noreferrer noopener\"><img loading=\"lazy\" decoding=\"async\" width=\"1094\" height=\"821\" data-id=\"88872\" src=\"https:\/\/centcols.org\/wp-content\/uploads\/2012\/04\/L01614.jpg\" alt=\"\" class=\"wp-image-88872\" srcset=\"https:\/\/centcols.org\/wp-content\/uploads\/2012\/04\/L01614.jpg 1094w, https:\/\/centcols.org\/wp-content\/uploads\/2012\/04\/L01614-768x576.jpg 768w\" sizes=\"auto, (max-width: 1094px) 100vw, 1094px\" \/><\/a><figcaption class=\"wp-element-caption\">\u00c1lbum de Enrico Alberini<\/figcaption><\/figure>\n\n\n\n<figure class=\"wp-block-image size-full\"><a href=\"https:\/\/centcols.org\/es\/util\/visuAlbum.php\/?album=3693-3\" target=\"_blank\" rel=\"noreferrer noopener\"><img loading=\"lazy\" decoding=\"async\" width=\"1200\" height=\"900\" data-id=\"88873\" src=\"https:\/\/centcols.org\/wp-content\/uploads\/2012\/04\/L01931.jpg\" alt=\"\" class=\"wp-image-88873\" srcset=\"https:\/\/centcols.org\/wp-content\/uploads\/2012\/04\/L01931.jpg 1200w, https:\/\/centcols.org\/wp-content\/uploads\/2012\/04\/L01931-768x576.jpg 768w\" sizes=\"auto, (max-width: 1200px) 100vw, 1200px\" \/><\/a><figcaption class=\"wp-element-caption\">\u00c1lbum de Alain Brault<\/figcaption><\/figure>\n\n\n\n<figure class=\"wp-block-image size-full\"><a href=\"https:\/\/centcols.org\/es\/util\/visuAlbum.php\/?album=03092-006\" target=\"_blank\" rel=\"noreferrer noopener\"><img loading=\"lazy\" decoding=\"async\" width=\"1200\" height=\"900\" data-id=\"88875\" src=\"https:\/\/centcols.org\/wp-content\/uploads\/2012\/04\/L00615.jpg\" alt=\"\" class=\"wp-image-88875\" srcset=\"https:\/\/centcols.org\/wp-content\/uploads\/2012\/04\/L00615.jpg 1200w, https:\/\/centcols.org\/wp-content\/uploads\/2012\/04\/L00615-768x576.jpg 768w\" sizes=\"auto, (max-width: 1200px) 100vw, 1200px\" \/><\/a><figcaption class=\"wp-element-caption\">\u00c1lbum de Philippe Carrez<\/figcaption><\/figure>\n\n\n\n<figure class=\"wp-block-image size-full\"><a href=\"https:\/\/centcols.org\/es\/util\/visuAlbum.php\/?album=03848-003\" target=\"_blank\" rel=\"noreferrer noopener\"><img loading=\"lazy\" decoding=\"async\" width=\"1200\" height=\"900\" data-id=\"88876\" src=\"https:\/\/centcols.org\/wp-content\/uploads\/2012\/04\/L03922.jpg\" alt=\"\" class=\"wp-image-88876\" srcset=\"https:\/\/centcols.org\/wp-content\/uploads\/2012\/04\/L03922.jpg 1200w, https:\/\/centcols.org\/wp-content\/uploads\/2012\/04\/L03922-768x576.jpg 768w\" sizes=\"auto, (max-width: 1200px) 100vw, 1200px\" \/><\/a><figcaption class=\"wp-element-caption\">\u00c1lbum de Michel Boni<\/figcaption><\/figure>\n\n\n\n<figure class=\"wp-block-image size-full\"><a href=\"https:\/\/centcols.org\/es\/util\/visuAlbum.php\/?album=02880-006\" target=\"_blank\" rel=\"noreferrer noopener\"><img loading=\"lazy\" decoding=\"async\" width=\"1095\" height=\"1200\" data-id=\"88878\" src=\"https:\/\/centcols.org\/wp-content\/uploads\/2012\/04\/L02314-1095x1200-1.jpg\" alt=\"\" class=\"wp-image-88878\" srcset=\"https:\/\/centcols.org\/wp-content\/uploads\/2012\/04\/L02314-1095x1200-1.jpg 1095w, https:\/\/centcols.org\/wp-content\/uploads\/2012\/04\/L02314-1095x1200-1-768x842.jpg 768w\" sizes=\"auto, (max-width: 1095px) 100vw, 1095px\" \/><\/a><figcaption class=\"wp-element-caption\">\u00c1lbum de Guy Garcin<\/figcaption><\/figure>\n\n\n\n<figure class=\"wp-block-image size-full\"><a href=\"https:\/\/centcols.org\/les_rendez-vous\/2012\/Lescheraines\/H-Becker\/ph_lescheraines.htm\" target=\"_blank\" rel=\"noreferrer noopener\"><img loading=\"lazy\" decoding=\"async\" width=\"640\" height=\"426\" data-id=\"88879\" src=\"https:\/\/centcols.org\/wp-content\/uploads\/2012\/04\/Lescheraines.jpg\" alt=\"\" class=\"wp-image-88879\"\/><\/a><figcaption class=\"wp-element-caption\">\u00c1lbum de Hubert Becker<\/figcaption><\/figure>\n\n\n\n<figure class=\"wp-block-image size-full\"><a href=\"https:\/\/centcols.org\/es\/util\/visuAlbum.php\/?album=814-100\" target=\"_blank\" rel=\"noreferrer noopener\"><img loading=\"lazy\" decoding=\"async\" width=\"1500\" height=\"1125\" data-id=\"88881\" src=\"https:\/\/centcols.org\/wp-content\/uploads\/2012\/04\/L1701.jpg\" alt=\"\" class=\"wp-image-88881\" srcset=\"https:\/\/centcols.org\/wp-content\/uploads\/2012\/04\/L1701.jpg 1500w, https:\/\/centcols.org\/wp-content\/uploads\/2012\/04\/L1701-1200x900.jpg 1200w, https:\/\/centcols.org\/wp-content\/uploads\/2012\/04\/L1701-768x576.jpg 768w\" sizes=\"auto, (max-width: 1500px) 100vw, 1500px\" \/><\/a><figcaption class=\"wp-element-caption\">\u00c1lbum de Andr\u00e9 Rudaz<\/figcaption><\/figure>\n\n\n\n<figure class=\"wp-block-image size-full\"><a href=\"https:\/\/centcols.org\/es\/util\/visuAlbum.php\/?album=00396-002\" target=\"_blank\" rel=\"noreferrer noopener\"><img loading=\"lazy\" decoding=\"async\" width=\"1024\" height=\"768\" data-id=\"88882\" src=\"https:\/\/centcols.org\/wp-content\/uploads\/2012\/04\/L01033.jpg\" alt=\"\" class=\"wp-image-88882\" srcset=\"https:\/\/centcols.org\/wp-content\/uploads\/2012\/04\/L01033.jpg 1024w, https:\/\/centcols.org\/wp-content\/uploads\/2012\/04\/L01033-768x576.jpg 768w\" sizes=\"auto, (max-width: 1024px) 100vw, 1024px\" \/><\/a><figcaption class=\"wp-element-caption\">\u00c1lbum de Daniel Beaujoin<\/figcaption><\/figure>\n\n\n\n<figure class=\"wp-block-image size-full\"><a href=\"https:\/\/centcols.org\/es\/util\/visuAlbum.php\/?album=01420-006\" target=\"_blank\" rel=\"noreferrer noopener\"><img loading=\"lazy\" decoding=\"async\" width=\"800\" height=\"600\" data-id=\"88883\" src=\"https:\/\/centcols.org\/wp-content\/uploads\/2012\/04\/LM204.jpg\" alt=\"\" class=\"wp-image-88883\" srcset=\"https:\/\/centcols.org\/wp-content\/uploads\/2012\/04\/LM204.jpg 800w, https:\/\/centcols.org\/wp-content\/uploads\/2012\/04\/LM204-768x576.jpg 768w\" sizes=\"auto, (max-width: 800px) 100vw, 800px\" \/><\/a><figcaption class=\"wp-element-caption\">\u00c1lbum de Guy Cambess\u00e8d\u00e8s<\/figcaption><\/figure>\n\n\n\n<figure class=\"wp-block-image size-full\"><a href=\"https:\/\/centcols.org\/es\/util\/visuAlbum.php\/?album=05193-004\" target=\"_blank\" rel=\"noreferrer noopener\"><img loading=\"lazy\" decoding=\"async\" width=\"1200\" height=\"675\" data-id=\"88884\" src=\"https:\/\/centcols.org\/wp-content\/uploads\/2012\/04\/L02028.jpg\" alt=\"\" class=\"wp-image-88884\" srcset=\"https:\/\/centcols.org\/wp-content\/uploads\/2012\/04\/L02028.jpg 1200w, https:\/\/centcols.org\/wp-content\/uploads\/2012\/04\/L02028-768x432.jpg 768w\" sizes=\"auto, (max-width: 1200px) 100vw, 1200px\" \/><\/a><figcaption class=\"wp-element-caption\">\u00c1lbum de Guy Harl\u00e9<\/figcaption><\/figure>\n\n\n\n<figure class=\"wp-block-image size-full\"><a href=\"https:\/\/centcols.org\/es\/util\/visuAlbum.php\/?album=676-1\" target=\"_blank\" rel=\"noreferrer noopener\"><img loading=\"lazy\" decoding=\"async\" width=\"600\" height=\"450\" data-id=\"88886\" src=\"https:\/\/centcols.org\/wp-content\/uploads\/2012\/04\/LM010.jpg\" alt=\"\" class=\"wp-image-88886\"\/><\/a><figcaption class=\"wp-element-caption\">\u00c1lbum de Alain S\u00e9venier<\/figcaption><\/figure>\n\n\n\n<figure class=\"wp-block-image size-full\"><a href=\"https:\/\/centcols.org\/es\/util\/visuAlbum.php\/?album=06862-004\" target=\"_blank\" rel=\"noreferrer noopener\"><img loading=\"lazy\" decoding=\"async\" width=\"640\" height=\"480\" data-id=\"88887\" src=\"https:\/\/centcols.org\/wp-content\/uploads\/2012\/04\/L03723-1.jpg\" alt=\"\" class=\"wp-image-88887\"\/><\/a><figcaption class=\"wp-element-caption\">\u00c1lbum de Philippe Marquet<\/figcaption><\/figure>\n\n\n\n<figure class=\"wp-block-image size-full\"><a href=\"https:\/\/centcols.org\/es\/util\/visuAlbum.php\/?album=06382-001\" target=\"_blank\" rel=\"noreferrer noopener\"><img loading=\"lazy\" decoding=\"async\" width=\"1200\" height=\"900\" data-id=\"88889\" src=\"https:\/\/centcols.org\/wp-content\/uploads\/2012\/04\/L03424-1.jpg\" alt=\"\" class=\"wp-image-88889\" srcset=\"https:\/\/centcols.org\/wp-content\/uploads\/2012\/04\/L03424-1.jpg 1200w, https:\/\/centcols.org\/wp-content\/uploads\/2012\/04\/L03424-1-768x576.jpg 768w\" sizes=\"auto, (max-width: 1200px) 100vw, 1200px\" \/><\/a><figcaption class=\"wp-element-caption\">\u00c1lbum de Marie-France Martin<\/figcaption><\/figure>\n\n\n\n<figure class=\"wp-block-image size-full\"><a href=\"https:\/\/centcols.org\/es\/util\/visuAlbum.php\/?album=06441-002\" target=\"_blank\" rel=\"noreferrer noopener\"><img loading=\"lazy\" decoding=\"async\" width=\"1200\" height=\"900\" data-id=\"88891\" src=\"https:\/\/centcols.org\/wp-content\/uploads\/2012\/04\/L020-2.jpg\" alt=\"\" class=\"wp-image-88891\" srcset=\"https:\/\/centcols.org\/wp-content\/uploads\/2012\/04\/L020-2.jpg 1200w, https:\/\/centcols.org\/wp-content\/uploads\/2012\/04\/L020-2-768x576.jpg 768w\" sizes=\"auto, (max-width: 1200px) 100vw, 1200px\" \/><\/a><figcaption class=\"wp-element-caption\">\u00c1lbum de Maryse Renaud<\/figcaption><\/figure>\n\n\n\n<figure class=\"wp-block-image size-full\"><a href=\"https:\/\/centcols.org\/es\/util\/visuAlbum.php\/?album=0-2\" target=\"_blank\" rel=\"noreferrer noopener\"><img loading=\"lazy\" decoding=\"async\" width=\"1200\" height=\"900\" data-id=\"88893\" src=\"https:\/\/centcols.org\/wp-content\/uploads\/2012\/04\/L00416-1.jpg\" alt=\"\" class=\"wp-image-88893\" srcset=\"https:\/\/centcols.org\/wp-content\/uploads\/2012\/04\/L00416-1.jpg 1200w, https:\/\/centcols.org\/wp-content\/uploads\/2012\/04\/L00416-1-768x576.jpg 768w\" sizes=\"auto, (max-width: 1200px) 100vw, 1200px\" \/><\/a><figcaption class=\"wp-element-caption\">\u00c1lbum de Maria Geenens-Vanderstraeten<\/figcaption><\/figure>\n\n\n\n<figure class=\"wp-block-image size-full\"><a href=\"https:\/\/centcols.org\/es\/util\/visuAlbum.php\/?album=0-1\" target=\"_blank\" rel=\"noreferrer noopener\"><img loading=\"lazy\" decoding=\"async\" width=\"1200\" height=\"797\" data-id=\"88894\" src=\"https:\/\/centcols.org\/wp-content\/uploads\/2012\/04\/L02827-1.jpg\" alt=\"\" class=\"wp-image-88894\" srcset=\"https:\/\/centcols.org\/wp-content\/uploads\/2012\/04\/L02827-1.jpg 1200w, https:\/\/centcols.org\/wp-content\/uploads\/2012\/04\/L02827-1-768x510.jpg 768w\" sizes=\"auto, (max-width: 1200px) 100vw, 1200px\" \/><\/a><figcaption class=\"wp-element-caption\">\u00c1lbum Christine Labour<\/figcaption><\/figure>\n\n\n\n<figure class=\"wp-block-image size-full\"><a href=\"https:\/\/centcols.org\/es\/util\/visuAlbum.php\/?album=01202-002\" target=\"_blank\" rel=\"noreferrer noopener\"><img loading=\"lazy\" decoding=\"async\" width=\"1200\" height=\"800\" data-id=\"88896\" src=\"https:\/\/centcols.org\/wp-content\/uploads\/2012\/04\/L019-1-1.jpg\" alt=\"\" class=\"wp-image-88896\" srcset=\"https:\/\/centcols.org\/wp-content\/uploads\/2012\/04\/L019-1-1.jpg 1200w, https:\/\/centcols.org\/wp-content\/uploads\/2012\/04\/L019-1-1-768x512.jpg 768w\" sizes=\"auto, (max-width: 1200px) 100vw, 1200px\" \/><\/a><figcaption class=\"wp-element-caption\">\u00c1lbum de Didier Remond<\/figcaption><\/figure>\n<\/figure>\n\n\n\n<p><\/p>","protected":false},"excerpt":{"rendered":"<p>Les vid\u00e9os Voir la version courte (12&prime;) Voir la version longue (33&prime;) Les photos Voir les albums en bas de page Pr\u00e9sentation Ce sera le massif des Bauges, situ\u00e9 en Savoie et Haute-Savoie dans le berceau du Club des Cent Cols, qui nous accueillera cet \u00e9t\u00e9. Une pr\u00e9sentation des circuits sera disponible ult\u00e9rieurement sur le [&hellip;]<\/p>\n","protected":false},"author":3,"featured_media":80517,"comment_status":"closed","ping_status":"closed","sticky":false,"template":"","format":"standard","meta":{"_acf_changed":false,"footnotes":""},"categories":[349,367,373,135,419,231],"tags":[],"class_list":["post-80516","post","type-post","status-publish","format-standard","has-post-thumbnail","hentry","category-france-pays-sejours","category-auvergne-rhone-alpes-region-sejours","category-alpes-francaises-du-nord-massif-sejours","category-calendrier","category-73-savoie","category-sejours"],"acf":[],"yoast_head":"<!-- This site is optimized with the Yoast SEO plugin v27.2 - https:\/\/yoast.com\/product\/yoast-seo-wordpress\/ -->\n<title>Concentration internationale et 40\u00e8me anniversaire de la Confr\u00e9rie au col de Plainpalais le 4 ao\u00fbt Rassemblement \u00e0 Lescheraines (73) du 29 juillet au 5 ao\u00fbt 2012 - Club des Cent Cols<\/title>\n<meta name=\"robots\" content=\"index, follow, max-snippet:-1, max-image-preview:large, max-video-preview:-1\" \/>\n<link rel=\"canonical\" href=\"https:\/\/centcols.org\/es\/estancia-2012-lescheraines\/\" \/>\n<meta property=\"og:locale\" content=\"es_ES\" \/>\n<meta property=\"og:type\" content=\"article\" \/>\n<meta property=\"og:title\" content=\"Concentration internationale et 40\u00e8me anniversaire de la Confr\u00e9rie au col de Plainpalais le 4 ao\u00fbt Rassemblement \u00e0 Lescheraines (73) du 29 juillet au 5 ao\u00fbt 2012 - Club des Cent Cols\" \/>\n<meta property=\"og:description\" content=\"Les vid\u00e9os Voir la version courte (12&prime;) Voir la version longue (33&prime;) Les photos Voir les albums en bas de page Pr\u00e9sentation Ce sera le massif des Bauges, situ\u00e9 en Savoie et Haute-Savoie dans le berceau du Club des Cent Cols, qui nous accueillera cet \u00e9t\u00e9. Une pr\u00e9sentation des circuits sera disponible ult\u00e9rieurement sur le [&hellip;]\" \/>\n<meta property=\"og:url\" content=\"https:\/\/centcols.org\/es\/estancia-2012-lescheraines\/\" \/>\n<meta property=\"og:site_name\" content=\"Club des Cent Cols\" \/>\n<meta property=\"article:publisher\" content=\"https:\/\/www.facebook.com\/groups\/5261880558\/?locale=fr_FR\" \/>\n<meta property=\"article:published_time\" content=\"2012-04-23T08:11:11+00:00\" \/>\n<meta property=\"article:modified_time\" content=\"2025-09-02T07:43:27+00:00\" \/>\n<meta property=\"og:image\" content=\"https:\/\/centcols.org\/wp-content\/uploads\/2025\/05\/L04117-e1443708157118.jpg\" \/>\n\t<meta property=\"og:image:width\" content=\"640\" \/>\n\t<meta property=\"og:image:height\" content=\"480\" \/>\n\t<meta property=\"og:image:type\" content=\"image\/jpeg\" \/>\n<meta name=\"author\" content=\"Webmestre\" \/>\n<meta name=\"twitter:card\" content=\"summary_large_image\" \/>\n<meta name=\"twitter:label1\" content=\"Escrito por\" \/>\n\t<meta name=\"twitter:data1\" content=\"Webmestre\" \/>\n\t<meta name=\"twitter:label2\" content=\"Tiempo de lectura\" \/>\n\t<meta name=\"twitter:data2\" content=\"13 minutos\" \/>\n<script type=\"application\/ld+json\" class=\"yoast-schema-graph\">{\"@context\":\"https:\/\/schema.org\",\"@graph\":[{\"@type\":\"Article\",\"@id\":\"https:\/\/centcols.org\/sejour-2012-lescheraines\/#article\",\"isPartOf\":{\"@id\":\"https:\/\/centcols.org\/sejour-2012-lescheraines\/\"},\"author\":{\"name\":\"Webmestre\",\"@id\":\"https:\/\/centcols.org\/#\/schema\/person\/911b404fb133d8c913dd27cdcf71c8e5\"},\"headline\":\"Concentration internationale et 40\u00e8me anniversaire de la Confr\u00e9rie au col de Plainpalais le 4 ao\u00fbt Rassemblement \u00e0 Lescheraines (73) du 29 juillet au 5 ao\u00fbt 2012\",\"datePublished\":\"2012-04-23T08:11:11+00:00\",\"dateModified\":\"2025-09-02T07:43:27+00:00\",\"mainEntityOfPage\":{\"@id\":\"https:\/\/centcols.org\/sejour-2012-lescheraines\/\"},\"wordCount\":1821,\"publisher\":{\"@id\":\"https:\/\/centcols.org\/#organization\"},\"image\":{\"@id\":\"https:\/\/centcols.org\/sejour-2012-lescheraines\/#primaryimage\"},\"thumbnailUrl\":\"https:\/\/centcols.org\/wp-content\/uploads\/2025\/05\/L04117-e1443708157118.jpg\",\"articleSection\":[\"France\",\"Auvergne-Rh\u00f4ne-Alpes\",\"Alpes fran\u00e7aises du Nord\",\"Calendrier\",\"73-Savoie\",\"S\u00e9jours du Club des Cent Cols\"],\"inLanguage\":\"es\"},{\"@type\":\"WebPage\",\"@id\":\"https:\/\/centcols.org\/sejour-2012-lescheraines\/\",\"url\":\"https:\/\/centcols.org\/sejour-2012-lescheraines\/\",\"name\":\"Concentration internationale et 40\u00e8me anniversaire de la Confr\u00e9rie au col de Plainpalais le 4 ao\u00fbt Rassemblement \u00e0 Lescheraines (73) du 29 juillet au 5 ao\u00fbt 2012 - Club des Cent Cols\",\"isPartOf\":{\"@id\":\"https:\/\/centcols.org\/#website\"},\"primaryImageOfPage\":{\"@id\":\"https:\/\/centcols.org\/sejour-2012-lescheraines\/#primaryimage\"},\"image\":{\"@id\":\"https:\/\/centcols.org\/sejour-2012-lescheraines\/#primaryimage\"},\"thumbnailUrl\":\"https:\/\/centcols.org\/wp-content\/uploads\/2025\/05\/L04117-e1443708157118.jpg\",\"datePublished\":\"2012-04-23T08:11:11+00:00\",\"dateModified\":\"2025-09-02T07:43:27+00:00\",\"breadcrumb\":{\"@id\":\"https:\/\/centcols.org\/sejour-2012-lescheraines\/#breadcrumb\"},\"inLanguage\":\"es\",\"potentialAction\":[{\"@type\":\"ReadAction\",\"target\":[\"https:\/\/centcols.org\/sejour-2012-lescheraines\/\"]}]},{\"@type\":\"ImageObject\",\"inLanguage\":\"es\",\"@id\":\"https:\/\/centcols.org\/sejour-2012-lescheraines\/#primaryimage\",\"url\":\"https:\/\/centcols.org\/wp-content\/uploads\/2025\/05\/L04117-e1443708157118.jpg\",\"contentUrl\":\"https:\/\/centcols.org\/wp-content\/uploads\/2025\/05\/L04117-e1443708157118.jpg\",\"width\":640,\"height\":480},{\"@type\":\"BreadcrumbList\",\"@id\":\"https:\/\/centcols.org\/sejour-2012-lescheraines\/#breadcrumb\",\"itemListElement\":[{\"@type\":\"ListItem\",\"position\":1,\"name\":\"Accueil\",\"item\":\"https:\/\/centcols.org\/\"},{\"@type\":\"ListItem\",\"position\":2,\"name\":\"S\u00e9jours du Club des Cent Cols\",\"item\":\"https:\/\/centcols.org\/rubrique\/sejours\/\"},{\"@type\":\"ListItem\",\"position\":3,\"name\":\"Pays\",\"item\":\"https:\/\/centcols.org\/rubrique\/sejours\/pays-sejours\/\"},{\"@type\":\"ListItem\",\"position\":4,\"name\":\"France\",\"item\":\"https:\/\/centcols.org\/rubrique\/sejours\/pays-sejours\/france-pays-sejours\/\"},{\"@type\":\"ListItem\",\"position\":5,\"name\":\"Concentration internationale et 40\u00e8me anniversaire de la Confr\u00e9rie au col de Plainpalais le 4 ao\u00fbt Rassemblement \u00e0 Lescheraines (73) du 29 juillet au 5 ao\u00fbt 2012\"}]},{\"@type\":\"WebSite\",\"@id\":\"https:\/\/centcols.org\/#website\",\"url\":\"https:\/\/centcols.org\/\",\"name\":\"Club des Cent Cols\",\"description\":\"\",\"publisher\":{\"@id\":\"https:\/\/centcols.org\/#organization\"},\"potentialAction\":[{\"@type\":\"SearchAction\",\"target\":{\"@type\":\"EntryPoint\",\"urlTemplate\":\"https:\/\/centcols.org\/?s={search_term_string}\"},\"query-input\":{\"@type\":\"PropertyValueSpecification\",\"valueRequired\":true,\"valueName\":\"search_term_string\"}}],\"inLanguage\":\"es\"},{\"@type\":\"Organization\",\"@id\":\"https:\/\/centcols.org\/#organization\",\"name\":\"Club des Cent Cols\",\"url\":\"https:\/\/centcols.org\/\",\"logo\":{\"@type\":\"ImageObject\",\"inLanguage\":\"es\",\"@id\":\"https:\/\/centcols.org\/#\/schema\/logo\/image\/\",\"url\":\"https:\/\/centcols.org\/wp-content\/uploads\/2025\/01\/carte-icone.png\",\"contentUrl\":\"https:\/\/centcols.org\/wp-content\/uploads\/2025\/01\/carte-icone.png\",\"width\":250,\"height\":250,\"caption\":\"Club des Cent Cols\"},\"image\":{\"@id\":\"https:\/\/centcols.org\/#\/schema\/logo\/image\/\"},\"sameAs\":[\"https:\/\/www.facebook.com\/groups\/5261880558\/?locale=fr_FR\"]},{\"@type\":\"Person\",\"@id\":\"https:\/\/centcols.org\/#\/schema\/person\/911b404fb133d8c913dd27cdcf71c8e5\",\"name\":\"Webmestre\",\"image\":{\"@type\":\"ImageObject\",\"inLanguage\":\"es\",\"@id\":\"https:\/\/centcols.org\/wp-content\/litespeed\/avatar\/2d246e4b6b4f773e08515e1ffc53690b.jpg?ver=1777222892\",\"url\":\"https:\/\/centcols.org\/wp-content\/litespeed\/avatar\/2d246e4b6b4f773e08515e1ffc53690b.jpg?ver=1777222892\",\"contentUrl\":\"https:\/\/centcols.org\/wp-content\/litespeed\/avatar\/2d246e4b6b4f773e08515e1ffc53690b.jpg?ver=1777222892\",\"caption\":\"Webmestre\"},\"url\":\"https:\/\/centcols.org\/es\/author\/webmestre\/\"}]}<\/script>\n<!-- \/ Yoast SEO plugin. -->","yoast_head_json":{"title":"Concentraci\u00f3n internacional y 40 aniversario de la Cofrad\u00eda en el Col de Plainpalais el 4 de agosto Concentraci\u00f3n en Lescheraines (73) del 29 de julio al 5 de agosto de 2012 - Club des Cent Cols","robots":{"index":"index","follow":"follow","max-snippet":"max-snippet:-1","max-image-preview":"max-image-preview:large","max-video-preview":"max-video-preview:-1"},"canonical":"https:\/\/centcols.org\/es\/estancia-2012-lescheraines\/","og_locale":"es_ES","og_type":"article","og_title":"Concentration internationale et 40\u00e8me anniversaire de la Confr\u00e9rie au col de Plainpalais le 4 ao\u00fbt Rassemblement \u00e0 Lescheraines (73) du 29 juillet au 5 ao\u00fbt 2012 - Club des Cent Cols","og_description":"Les vid\u00e9os Voir la version courte (12&prime;) Voir la version longue (33&prime;) Les photos Voir les albums en bas de page Pr\u00e9sentation Ce sera le massif des Bauges, situ\u00e9 en Savoie et Haute-Savoie dans le berceau du Club des Cent Cols, qui nous accueillera cet \u00e9t\u00e9. Une pr\u00e9sentation des circuits sera disponible ult\u00e9rieurement sur le [&hellip;]","og_url":"https:\/\/centcols.org\/es\/estancia-2012-lescheraines\/","og_site_name":"Club des Cent Cols","article_publisher":"https:\/\/www.facebook.com\/groups\/5261880558\/?locale=fr_FR","article_published_time":"2012-04-23T08:11:11+00:00","article_modified_time":"2025-09-02T07:43:27+00:00","og_image":[{"width":640,"height":480,"url":"https:\/\/centcols.org\/wp-content\/uploads\/2025\/05\/L04117-e1443708157118.jpg","type":"image\/jpeg"}],"author":"Webmestre","twitter_card":"summary_large_image","twitter_misc":{"Escrito por":"Webmestre","Tiempo de lectura":"13 minutos"},"schema":{"@context":"https:\/\/schema.org","@graph":[{"@type":"Article","@id":"https:\/\/centcols.org\/sejour-2012-lescheraines\/#article","isPartOf":{"@id":"https:\/\/centcols.org\/sejour-2012-lescheraines\/"},"author":{"name":"Webmestre","@id":"https:\/\/centcols.org\/#\/schema\/person\/911b404fb133d8c913dd27cdcf71c8e5"},"headline":"Concentration internationale et 40\u00e8me anniversaire de la Confr\u00e9rie au col de Plainpalais le 4 ao\u00fbt Rassemblement \u00e0 Lescheraines (73) du 29 juillet au 5 ao\u00fbt 2012","datePublished":"2012-04-23T08:11:11+00:00","dateModified":"2025-09-02T07:43:27+00:00","mainEntityOfPage":{"@id":"https:\/\/centcols.org\/sejour-2012-lescheraines\/"},"wordCount":1821,"publisher":{"@id":"https:\/\/centcols.org\/#organization"},"image":{"@id":"https:\/\/centcols.org\/sejour-2012-lescheraines\/#primaryimage"},"thumbnailUrl":"https:\/\/centcols.org\/wp-content\/uploads\/2025\/05\/L04117-e1443708157118.jpg","articleSection":["France","Auvergne-Rh\u00f4ne-Alpes","Alpes fran\u00e7aises du Nord","Calendrier","73-Savoie","S\u00e9jours du Club des Cent Cols"],"inLanguage":"es"},{"@type":"WebPage","@id":"https:\/\/centcols.org\/sejour-2012-lescheraines\/","url":"https:\/\/centcols.org\/sejour-2012-lescheraines\/","name":"Concentraci\u00f3n internacional y 40 aniversario de la Cofrad\u00eda en el Col de Plainpalais el 4 de agosto Concentraci\u00f3n en Lescheraines (73) del 29 de julio al 5 de agosto de 2012 - Club des Cent Cols","isPartOf":{"@id":"https:\/\/centcols.org\/#website"},"primaryImageOfPage":{"@id":"https:\/\/centcols.org\/sejour-2012-lescheraines\/#primaryimage"},"image":{"@id":"https:\/\/centcols.org\/sejour-2012-lescheraines\/#primaryimage"},"thumbnailUrl":"https:\/\/centcols.org\/wp-content\/uploads\/2025\/05\/L04117-e1443708157118.jpg","datePublished":"2012-04-23T08:11:11+00:00","dateModified":"2025-09-02T07:43:27+00:00","breadcrumb":{"@id":"https:\/\/centcols.org\/sejour-2012-lescheraines\/#breadcrumb"},"inLanguage":"es","potentialAction":[{"@type":"ReadAction","target":["https:\/\/centcols.org\/sejour-2012-lescheraines\/"]}]},{"@type":"ImageObject","inLanguage":"es","@id":"https:\/\/centcols.org\/sejour-2012-lescheraines\/#primaryimage","url":"https:\/\/centcols.org\/wp-content\/uploads\/2025\/05\/L04117-e1443708157118.jpg","contentUrl":"https:\/\/centcols.org\/wp-content\/uploads\/2025\/05\/L04117-e1443708157118.jpg","width":640,"height":480},{"@type":"BreadcrumbList","@id":"https:\/\/centcols.org\/sejour-2012-lescheraines\/#breadcrumb","itemListElement":[{"@type":"ListItem","position":1,"name":"Accueil","item":"https:\/\/centcols.org\/"},{"@type":"ListItem","position":2,"name":"S\u00e9jours du Club des Cent Cols","item":"https:\/\/centcols.org\/rubrique\/sejours\/"},{"@type":"ListItem","position":3,"name":"Pays","item":"https:\/\/centcols.org\/rubrique\/sejours\/pays-sejours\/"},{"@type":"ListItem","position":4,"name":"France","item":"https:\/\/centcols.org\/rubrique\/sejours\/pays-sejours\/france-pays-sejours\/"},{"@type":"ListItem","position":5,"name":"Concentration internationale et 40\u00e8me anniversaire de la Confr\u00e9rie au col de Plainpalais le 4 ao\u00fbt Rassemblement \u00e0 Lescheraines (73) du 29 juillet au 5 ao\u00fbt 2012"}]},{"@type":"WebSite","@id":"https:\/\/centcols.org\/#website","url":"https:\/\/centcols.org\/","name":"Club des Cent Cols","description":"","publisher":{"@id":"https:\/\/centcols.org\/#organization"},"potentialAction":[{"@type":"SearchAction","target":{"@type":"EntryPoint","urlTemplate":"https:\/\/centcols.org\/?s={search_term_string}"},"query-input":{"@type":"PropertyValueSpecification","valueRequired":true,"valueName":"search_term_string"}}],"inLanguage":"es"},{"@type":"Organization","@id":"https:\/\/centcols.org\/#organization","name":"Club des Cent Cols","url":"https:\/\/centcols.org\/","logo":{"@type":"ImageObject","inLanguage":"es","@id":"https:\/\/centcols.org\/#\/schema\/logo\/image\/","url":"https:\/\/centcols.org\/wp-content\/uploads\/2025\/01\/carte-icone.png","contentUrl":"https:\/\/centcols.org\/wp-content\/uploads\/2025\/01\/carte-icone.png","width":250,"height":250,"caption":"Club des Cent Cols"},"image":{"@id":"https:\/\/centcols.org\/#\/schema\/logo\/image\/"},"sameAs":["https:\/\/www.facebook.com\/groups\/5261880558\/?locale=fr_FR"]},{"@type":"Person","@id":"https:\/\/centcols.org\/#\/schema\/person\/911b404fb133d8c913dd27cdcf71c8e5","name":"Webmaster","image":{"@type":"ImageObject","inLanguage":"es","@id":"https:\/\/centcols.org\/wp-content\/litespeed\/avatar\/2d246e4b6b4f773e08515e1ffc53690b.jpg?ver=1777222892","url":"https:\/\/centcols.org\/wp-content\/litespeed\/avatar\/2d246e4b6b4f773e08515e1ffc53690b.jpg?ver=1777222892","contentUrl":"https:\/\/centcols.org\/wp-content\/litespeed\/avatar\/2d246e4b6b4f773e08515e1ffc53690b.jpg?ver=1777222892","caption":"Webmestre"},"url":"https:\/\/centcols.org\/es\/author\/webmestre\/"}]}},"_links":{"self":[{"href":"https:\/\/centcols.org\/es\/wp-json\/wp\/v2\/posts\/80516","targetHints":{"allow":["GET"]}}],"collection":[{"href":"https:\/\/centcols.org\/es\/wp-json\/wp\/v2\/posts"}],"about":[{"href":"https:\/\/centcols.org\/es\/wp-json\/wp\/v2\/types\/post"}],"author":[{"embeddable":true,"href":"https:\/\/centcols.org\/es\/wp-json\/wp\/v2\/users\/3"}],"replies":[{"embeddable":true,"href":"https:\/\/centcols.org\/es\/wp-json\/wp\/v2\/comments?post=80516"}],"version-history":[{"count":0,"href":"https:\/\/centcols.org\/es\/wp-json\/wp\/v2\/posts\/80516\/revisions"}],"wp:featuredmedia":[{"embeddable":true,"href":"https:\/\/centcols.org\/es\/wp-json\/wp\/v2\/media\/80517"}],"wp:attachment":[{"href":"https:\/\/centcols.org\/es\/wp-json\/wp\/v2\/media?parent=80516"}],"wp:term":[{"taxonomy":"category","embeddable":true,"href":"https:\/\/centcols.org\/es\/wp-json\/wp\/v2\/categories?post=80516"},{"taxonomy":"post_tag","embeddable":true,"href":"https:\/\/centcols.org\/es\/wp-json\/wp\/v2\/tags?post=80516"}],"curies":[{"name":"wp","href":"https:\/\/api.w.org\/{rel}","templated":true}]}}