{"id":80597,"date":"2015-04-14T14:42:58","date_gmt":"2015-04-14T12:42:58","guid":{"rendered":"https:\/\/centcols.org\/concentration-ardeche-dimanche-17-aout-2014\/"},"modified":"2015-04-14T14:42:58","modified_gmt":"2015-04-14T12:42:58","slug":"concentration-ardeche-dimanche-17-aout-2014","status":"publish","type":"post","link":"https:\/\/centcols.org\/es\/concentration-ardeche-dimanche-17-aout-2014\/","title":{"rendered":"Concentration Ard\u00e8che, dimanche 17 ao\u00fbt 2014"},"content":{"rendered":"<p>D\u00e9part 8 heures parking du croisement de Br\u00e9nieux \u00e0 St Romain d\u2019Ay (\u00e0 c\u00f4t\u00e9 des stades de foot).<br \/>\nAu Col du Buisson, nous y partagerons le saucisson, le fromage et le verre de l&rsquo;amiti\u00e9. Le rendez-vous ne sera pas maintenu en cas de mauvais temps.<\/p>\n<h2>Le parcours<\/h2>\n<p>St Jeure d\u2019Ay<br \/>\nla Croix du Fraysse<br \/>\nCr\u00e9moli\u00e8re<br \/>\nEtables<\/p>\n<p>Tracol <a class=\"iframe-fancybox\" href=\"https:\/\/centcols.org\/util\/geo\/visuFR.php?code=FR-07-0525a\" target=\"_blank\">FR-07-0525a<\/a><\/p>\n<p>les Clots, direction Arlebosc<\/p>\n<p>Col du Perrier <a class=\"iframe-fancybox\" href=\"https:\/\/centcols.org\/util\/geo\/visuFR.php?code=FR-07-0744\" target=\"_blank\">FR-07-0744<\/a><br \/>\nCol de Fontfreyde <a class=\"iframe-fancybox\" href=\"https:\/\/centcols.org\/util\/geo\/visuFR.php?code=FR-07-0835\" target=\"_blank\">FR-07-0835<\/a><\/p>\n<p>Nozi\u00e8res<\/p>\n<p>Le Tracol <a class=\"iframe-fancybox\" href=\"https:\/\/centcols.org\/util\/geo\/visuFR.php?code=FR-07-0971\" target=\"_blank\">FR-07-0971<\/a><\/p>\n<p>col du Buisson <a class=\"iframe-fancybox\" href=\"https:\/\/centcols.org\/util\/geo\/visuFR.php?code=FR-07-0917\" target=\"_blank\">FR-07-0917<\/a> concentration (petit village miniature \u00e0 visiter)<br \/>\ncol du Faux <a class=\"iframe-fancybox\" href=\"https:\/\/centcols.org\/util\/geo\/visuFR.php?code=FR-07-1021a\" target=\"_blank\">FR-07-1021a<\/a><br \/>\ncol du Marchand\u00a0 <a class=\"iframe-fancybox\" href=\"https:\/\/centcols.org\/util\/geo\/visuFR.php?code=FR-07-0903\" target=\"_blank\">FR-07-0903<\/a><br \/>\nen AR col du Gibet <a class=\"iframe-fancybox\" href=\"https:\/\/centcols.org\/util\/geo\/visuFR.php?code=FR-07-0713\" target=\"_blank\">FR-07-0713<\/a><\/p>\n<p>St Felicien<\/p>\n<p>en AR col de Fontay <a class=\"iframe-fancybox\" href=\"https:\/\/centcols.org\/util\/geo\/visuFR.php?code=FR-07-0619\" target=\"_blank\">FR-07-0619<\/a><\/p>\n<p>St Felicien<br \/>\nVaudevant<\/p>\n<p>col du Juvenet <a class=\"iframe-fancybox\" href=\"https:\/\/centcols.org\/util\/geo\/visuFR.php?code=FR-07-0681\" target=\"_blank\">FR-07-0681<\/a><br \/>\nle Col ( col de Seyaret ) <a class=\"iframe-fancybox\" href=\"https:\/\/centcols.org\/util\/geo\/visuFR.php?code=FR-07-0600\" target=\"_blank\">FR-07-0600<\/a><\/p>\n<p>Satillieu<br \/>\nSt Romain d\u2019Ay<\/p>\n<p>Environ 110 km pour 1800 m de d\u00e9nivel\u00e9<\/p>\n<p>Pensez \u00e0 vous inscrire afin de faciliter l&rsquo;organisation<\/p>\n<h3>Contact<\/h3>\n<p>Gilbert Dufaud<\/p>\n<p>Courriel : [email]&#x67;&#105;l&#x62;&#x65;&#114;t&#x2e;&#x64;&#117;f&#x61;&#117;d&#x40;&#x6f;&#114;a&#x6e;&#x67;&#101;&#46;&#x66;&#114;[\/email]<\/p>\n<p>Tel : 0662811639<\/p>\n","protected":false},"excerpt":{"rendered":"<p>D\u00e9part 8 heures parking du croisement de Br\u00e9nieux \u00e0 St Romain d\u2019Ay (\u00e0 c\u00f4t\u00e9 des stades de foot). Au Col du Buisson, nous y partagerons le saucisson, le fromage et le verre de l&rsquo;amiti\u00e9. Le rendez-vous ne sera pas maintenu en cas de mauvais temps. Le parcours St Jeure d\u2019Ay la Croix du Fraysse Cr\u00e9moli\u00e8re [&hellip;]<\/p>\n","protected":false},"author":2,"featured_media":0,"comment_status":"closed","ping_status":"open","sticky":false,"template":"","format":"standard","meta":{"_acf_changed":false,"footnotes":""},"categories":[233,216],"tags":[],"class_list":["post-80597","post","type-post","status-publish","format-standard","hentry","category-les-rassemblements-de-2014","category-rencontres-regionales"],"acf":[],"yoast_head":"<!-- This site is optimized with the Yoast SEO plugin v27.2 - https:\/\/yoast.com\/product\/yoast-seo-wordpress\/ -->\n<title>Concentration Ard\u00e8che, dimanche 17 ao\u00fbt 2014 - Club des Cent Cols<\/title>\n<meta name=\"robots\" content=\"index, follow, max-snippet:-1, max-image-preview:large, max-video-preview:-1\" \/>\n<link rel=\"canonical\" href=\"https:\/\/centcols.org\/es\/concentration-ardeche-dimanche-17-aout-2014\/\" \/>\n<meta property=\"og:locale\" content=\"es_ES\" \/>\n<meta property=\"og:type\" content=\"article\" \/>\n<meta property=\"og:title\" content=\"Concentration Ard\u00e8che, dimanche 17 ao\u00fbt 2014 - Club des Cent Cols\" \/>\n<meta property=\"og:description\" content=\"D\u00e9part 8 heures parking du croisement de Br\u00e9nieux \u00e0 St Romain d\u2019Ay (\u00e0 c\u00f4t\u00e9 des stades de foot). Au Col du Buisson, nous y partagerons le saucisson, le fromage et le verre de l&rsquo;amiti\u00e9. Le rendez-vous ne sera pas maintenu en cas de mauvais temps. Le parcours St Jeure d\u2019Ay la Croix du Fraysse Cr\u00e9moli\u00e8re [&hellip;]\" \/>\n<meta property=\"og:url\" content=\"https:\/\/centcols.org\/es\/concentration-ardeche-dimanche-17-aout-2014\/\" \/>\n<meta property=\"og:site_name\" content=\"Club des Cent Cols\" \/>\n<meta property=\"article:publisher\" content=\"https:\/\/www.facebook.com\/groups\/5261880558\/?locale=fr_FR\" \/>\n<meta property=\"article:published_time\" content=\"2015-04-14T12:42:58+00:00\" \/>\n<meta name=\"author\" content=\"fabien\" \/>\n<meta name=\"twitter:card\" content=\"summary_large_image\" \/>\n<meta name=\"twitter:label1\" content=\"Escrito por\" \/>\n\t<meta name=\"twitter:data1\" content=\"fabien\" \/>\n\t<meta name=\"twitter:label2\" content=\"Tiempo de lectura\" \/>\n\t<meta name=\"twitter:data2\" content=\"1 minuto\" \/>\n<script type=\"application\/ld+json\" class=\"yoast-schema-graph\">{\"@context\":\"https:\/\/schema.org\",\"@graph\":[{\"@type\":\"Article\",\"@id\":\"https:\/\/centcols.org\/concentration-ardeche-dimanche-17-aout-2014\/#article\",\"isPartOf\":{\"@id\":\"https:\/\/centcols.org\/concentration-ardeche-dimanche-17-aout-2014\/\"},\"author\":{\"name\":\"fabien\",\"@id\":\"https:\/\/centcols.org\/#\/schema\/person\/fcdb31e57ffa95295c9683ffdda82afa\"},\"headline\":\"Concentration Ard\u00e8che, dimanche 17 ao\u00fbt 2014\",\"datePublished\":\"2015-04-14T12:42:58+00:00\",\"mainEntityOfPage\":{\"@id\":\"https:\/\/centcols.org\/concentration-ardeche-dimanche-17-aout-2014\/\"},\"wordCount\":174,\"publisher\":{\"@id\":\"https:\/\/centcols.org\/#organization\"},\"articleSection\":[\"2014-rassemblements\",\"Rencontres r\u00e9gionales\"],\"inLanguage\":\"es\"},{\"@type\":\"WebPage\",\"@id\":\"https:\/\/centcols.org\/concentration-ardeche-dimanche-17-aout-2014\/\",\"url\":\"https:\/\/centcols.org\/concentration-ardeche-dimanche-17-aout-2014\/\",\"name\":\"Concentration Ard\u00e8che, dimanche 17 ao\u00fbt 2014 - Club des Cent Cols\",\"isPartOf\":{\"@id\":\"https:\/\/centcols.org\/#website\"},\"datePublished\":\"2015-04-14T12:42:58+00:00\",\"breadcrumb\":{\"@id\":\"https:\/\/centcols.org\/concentration-ardeche-dimanche-17-aout-2014\/#breadcrumb\"},\"inLanguage\":\"es\",\"potentialAction\":[{\"@type\":\"ReadAction\",\"target\":[\"https:\/\/centcols.org\/concentration-ardeche-dimanche-17-aout-2014\/\"]}]},{\"@type\":\"BreadcrumbList\",\"@id\":\"https:\/\/centcols.org\/concentration-ardeche-dimanche-17-aout-2014\/#breadcrumb\",\"itemListElement\":[{\"@type\":\"ListItem\",\"position\":1,\"name\":\"Accueil\",\"item\":\"https:\/\/centcols.org\/\"},{\"@type\":\"ListItem\",\"position\":2,\"name\":\"Rencontres r\u00e9gionales\",\"item\":\"https:\/\/centcols.org\/rubrique\/rencontres-regionales\/\"},{\"@type\":\"ListItem\",\"position\":3,\"name\":\"2014-rassemblements\",\"item\":\"https:\/\/centcols.org\/rubrique\/rencontres-regionales\/les-rassemblements-de-2014\/\"},{\"@type\":\"ListItem\",\"position\":4,\"name\":\"Concentration Ard\u00e8che, dimanche 17 ao\u00fbt 2014\"}]},{\"@type\":\"WebSite\",\"@id\":\"https:\/\/centcols.org\/#website\",\"url\":\"https:\/\/centcols.org\/\",\"name\":\"Club des Cent Cols\",\"description\":\"\",\"publisher\":{\"@id\":\"https:\/\/centcols.org\/#organization\"},\"potentialAction\":[{\"@type\":\"SearchAction\",\"target\":{\"@type\":\"EntryPoint\",\"urlTemplate\":\"https:\/\/centcols.org\/?s={search_term_string}\"},\"query-input\":{\"@type\":\"PropertyValueSpecification\",\"valueRequired\":true,\"valueName\":\"search_term_string\"}}],\"inLanguage\":\"es\"},{\"@type\":\"Organization\",\"@id\":\"https:\/\/centcols.org\/#organization\",\"name\":\"Club des Cent Cols\",\"url\":\"https:\/\/centcols.org\/\",\"logo\":{\"@type\":\"ImageObject\",\"inLanguage\":\"es\",\"@id\":\"https:\/\/centcols.org\/#\/schema\/logo\/image\/\",\"url\":\"https:\/\/centcols.org\/wp-content\/uploads\/2025\/01\/carte-icone.png\",\"contentUrl\":\"https:\/\/centcols.org\/wp-content\/uploads\/2025\/01\/carte-icone.png\",\"width\":250,\"height\":250,\"caption\":\"Club des Cent Cols\"},\"image\":{\"@id\":\"https:\/\/centcols.org\/#\/schema\/logo\/image\/\"},\"sameAs\":[\"https:\/\/www.facebook.com\/groups\/5261880558\/?locale=fr_FR\"]},{\"@type\":\"Person\",\"@id\":\"https:\/\/centcols.org\/#\/schema\/person\/fcdb31e57ffa95295c9683ffdda82afa\",\"name\":\"fabien\",\"image\":{\"@type\":\"ImageObject\",\"inLanguage\":\"es\",\"@id\":\"https:\/\/centcols.org\/wp-content\/litespeed\/avatar\/9065528d4c1ba02f0faf2b7616b2a195.jpg?ver=1777225983\",\"url\":\"https:\/\/centcols.org\/wp-content\/litespeed\/avatar\/9065528d4c1ba02f0faf2b7616b2a195.jpg?ver=1777225983\",\"contentUrl\":\"https:\/\/centcols.org\/wp-content\/litespeed\/avatar\/9065528d4c1ba02f0faf2b7616b2a195.jpg?ver=1777225983\",\"caption\":\"fabien\"},\"url\":\"https:\/\/centcols.org\/es\/author\/fabien\/\"}]}<\/script>\n<!-- \/ Yoast SEO plugin. -->","yoast_head_json":{"title":"Concentration Ard\u00e8che, dimanche 17 ao\u00fbt 2014 - Club des Cent Cols","robots":{"index":"index","follow":"follow","max-snippet":"max-snippet:-1","max-image-preview":"max-image-preview:large","max-video-preview":"max-video-preview:-1"},"canonical":"https:\/\/centcols.org\/es\/concentration-ardeche-dimanche-17-aout-2014\/","og_locale":"es_ES","og_type":"article","og_title":"Concentration Ard\u00e8che, dimanche 17 ao\u00fbt 2014 - Club des Cent Cols","og_description":"D\u00e9part 8 heures parking du croisement de Br\u00e9nieux \u00e0 St Romain d\u2019Ay (\u00e0 c\u00f4t\u00e9 des stades de foot). Au Col du Buisson, nous y partagerons le saucisson, le fromage et le verre de l&rsquo;amiti\u00e9. Le rendez-vous ne sera pas maintenu en cas de mauvais temps. Le parcours St Jeure d\u2019Ay la Croix du Fraysse Cr\u00e9moli\u00e8re [&hellip;]","og_url":"https:\/\/centcols.org\/es\/concentration-ardeche-dimanche-17-aout-2014\/","og_site_name":"Club des Cent Cols","article_publisher":"https:\/\/www.facebook.com\/groups\/5261880558\/?locale=fr_FR","article_published_time":"2015-04-14T12:42:58+00:00","author":"fabien","twitter_card":"summary_large_image","twitter_misc":{"Escrito por":"fabien","Tiempo de lectura":"1 minuto"},"schema":{"@context":"https:\/\/schema.org","@graph":[{"@type":"Article","@id":"https:\/\/centcols.org\/concentration-ardeche-dimanche-17-aout-2014\/#article","isPartOf":{"@id":"https:\/\/centcols.org\/concentration-ardeche-dimanche-17-aout-2014\/"},"author":{"name":"fabien","@id":"https:\/\/centcols.org\/#\/schema\/person\/fcdb31e57ffa95295c9683ffdda82afa"},"headline":"Concentration Ard\u00e8che, dimanche 17 ao\u00fbt 2014","datePublished":"2015-04-14T12:42:58+00:00","mainEntityOfPage":{"@id":"https:\/\/centcols.org\/concentration-ardeche-dimanche-17-aout-2014\/"},"wordCount":174,"publisher":{"@id":"https:\/\/centcols.org\/#organization"},"articleSection":["2014-rassemblements","Rencontres r\u00e9gionales"],"inLanguage":"es"},{"@type":"WebPage","@id":"https:\/\/centcols.org\/concentration-ardeche-dimanche-17-aout-2014\/","url":"https:\/\/centcols.org\/concentration-ardeche-dimanche-17-aout-2014\/","name":"Concentration Ard\u00e8che, dimanche 17 ao\u00fbt 2014 - Club des Cent Cols","isPartOf":{"@id":"https:\/\/centcols.org\/#website"},"datePublished":"2015-04-14T12:42:58+00:00","breadcrumb":{"@id":"https:\/\/centcols.org\/concentration-ardeche-dimanche-17-aout-2014\/#breadcrumb"},"inLanguage":"es","potentialAction":[{"@type":"ReadAction","target":["https:\/\/centcols.org\/concentration-ardeche-dimanche-17-aout-2014\/"]}]},{"@type":"BreadcrumbList","@id":"https:\/\/centcols.org\/concentration-ardeche-dimanche-17-aout-2014\/#breadcrumb","itemListElement":[{"@type":"ListItem","position":1,"name":"Accueil","item":"https:\/\/centcols.org\/"},{"@type":"ListItem","position":2,"name":"Rencontres r\u00e9gionales","item":"https:\/\/centcols.org\/rubrique\/rencontres-regionales\/"},{"@type":"ListItem","position":3,"name":"2014-rassemblements","item":"https:\/\/centcols.org\/rubrique\/rencontres-regionales\/les-rassemblements-de-2014\/"},{"@type":"ListItem","position":4,"name":"Concentration Ard\u00e8che, dimanche 17 ao\u00fbt 2014"}]},{"@type":"WebSite","@id":"https:\/\/centcols.org\/#website","url":"https:\/\/centcols.org\/","name":"Club des Cent Cols","description":"","publisher":{"@id":"https:\/\/centcols.org\/#organization"},"potentialAction":[{"@type":"SearchAction","target":{"@type":"EntryPoint","urlTemplate":"https:\/\/centcols.org\/?s={search_term_string}"},"query-input":{"@type":"PropertyValueSpecification","valueRequired":true,"valueName":"search_term_string"}}],"inLanguage":"es"},{"@type":"Organization","@id":"https:\/\/centcols.org\/#organization","name":"Club des Cent Cols","url":"https:\/\/centcols.org\/","logo":{"@type":"ImageObject","inLanguage":"es","@id":"https:\/\/centcols.org\/#\/schema\/logo\/image\/","url":"https:\/\/centcols.org\/wp-content\/uploads\/2025\/01\/carte-icone.png","contentUrl":"https:\/\/centcols.org\/wp-content\/uploads\/2025\/01\/carte-icone.png","width":250,"height":250,"caption":"Club des Cent Cols"},"image":{"@id":"https:\/\/centcols.org\/#\/schema\/logo\/image\/"},"sameAs":["https:\/\/www.facebook.com\/groups\/5261880558\/?locale=fr_FR"]},{"@type":"Person","@id":"https:\/\/centcols.org\/#\/schema\/person\/fcdb31e57ffa95295c9683ffdda82afa","name":"fabien","image":{"@type":"ImageObject","inLanguage":"es","@id":"https:\/\/centcols.org\/wp-content\/litespeed\/avatar\/9065528d4c1ba02f0faf2b7616b2a195.jpg?ver=1777225983","url":"https:\/\/centcols.org\/wp-content\/litespeed\/avatar\/9065528d4c1ba02f0faf2b7616b2a195.jpg?ver=1777225983","contentUrl":"https:\/\/centcols.org\/wp-content\/litespeed\/avatar\/9065528d4c1ba02f0faf2b7616b2a195.jpg?ver=1777225983","caption":"fabien"},"url":"https:\/\/centcols.org\/es\/author\/fabien\/"}]}},"_links":{"self":[{"href":"https:\/\/centcols.org\/es\/wp-json\/wp\/v2\/posts\/80597","targetHints":{"allow":["GET"]}}],"collection":[{"href":"https:\/\/centcols.org\/es\/wp-json\/wp\/v2\/posts"}],"about":[{"href":"https:\/\/centcols.org\/es\/wp-json\/wp\/v2\/types\/post"}],"author":[{"embeddable":true,"href":"https:\/\/centcols.org\/es\/wp-json\/wp\/v2\/users\/2"}],"replies":[{"embeddable":true,"href":"https:\/\/centcols.org\/es\/wp-json\/wp\/v2\/comments?post=80597"}],"version-history":[{"count":0,"href":"https:\/\/centcols.org\/es\/wp-json\/wp\/v2\/posts\/80597\/revisions"}],"wp:attachment":[{"href":"https:\/\/centcols.org\/es\/wp-json\/wp\/v2\/media?parent=80597"}],"wp:term":[{"taxonomy":"category","embeddable":true,"href":"https:\/\/centcols.org\/es\/wp-json\/wp\/v2\/categories?post=80597"},{"taxonomy":"post_tag","embeddable":true,"href":"https:\/\/centcols.org\/es\/wp-json\/wp\/v2\/tags?post=80597"}],"curies":[{"name":"wp","href":"https:\/\/api.w.org\/{rel}","templated":true}]}}