{"id":80633,"date":"2015-04-05T15:19:42","date_gmt":"2015-04-05T13:19:42","guid":{"rendered":"https:\/\/centcols.org\/sortie-vtt-cent-cols-suisses-au-col-de-bretaye-ch-vd-1806a-le-25-juillet-2015\/"},"modified":"2025-09-15T11:50:45","modified_gmt":"2025-09-15T09:50:45","slug":"salida-en-bicicleta-de-montana-cent-cols-suisses-en-el-col-de-bretaye-ch-vd-1806a-el-25-de-julio-de-2015","status":"publish","type":"post","link":"https:\/\/centcols.org\/es\/sortie-vtt-cent-cols-suisses-au-col-de-bretaye-ch-vd-1806a-le-25-juillet-2015\/","title":{"rendered":"Salida en bicicleta de monta\u00f1a Cent Cols suisses al Col de Bretaye (CH-VD-1806a) el 25 de julio de 2015."},"content":{"rendered":"\n<p>D\u00e9part de Villars sur Ollon.<br>Rendez-vous au parking du tennis sur la route du col de la Croix.<br>8h30 pour le caf\u00e9,&nbsp; d\u00e9part \u00e0 9 heures.<br>Parcours de 32 km, 1400 m de d\u00e9nivellation. 9 cols.<\/p>\n\n\n\n<h3 class=\"wp-block-heading\">Contact<\/h3>\n\n\n\n<p>Alain Besson, chemin des Coumenets 11. 1000 Lausanne.<br>T\u00e9l : (00141) 021 544 85 20<\/p>\n\n\n\n<p>Email : [email]&#x61;1&#x62;&#101;s&#x73;&#111;&#x6e;&#x40;g&#x6d;&#97;i&#x6c;&#46;&#x63;&#111;m[\/email]<\/p>\n\n\n\n<figure class=\"wp-block-image size-full\"><img loading=\"lazy\" decoding=\"async\" width=\"611\" height=\"305\" src=\"https:\/\/centcols.org\/wp-content\/uploads\/2025\/05\/Villars-Sur-Ollon.jpg\" alt=\"\" class=\"wp-image-80634\"\/><\/figure>\n\n\n\n<p><\/p>\n","protected":false},"excerpt":{"rendered":"<p>D\u00e9part de Villars sur Ollon.Rendez-vous au parking du tennis sur la route du col de la Croix.8h30 pour le caf\u00e9,&nbsp; d\u00e9part \u00e0 9 heures.Parcours de 32 km, 1400 m de d\u00e9nivellation. 9 cols. Contact Alain Besson, chemin des Coumenets 11. 1000 Lausanne.T\u00e9l : (00141) 021 544 85 20 Email : [email]a&#49;&#x62;&#x65;s&#115;&#111;&#x6e;&#x40;g&#109;&#x61;&#x69;l&#46;&#99;&#x6f;&#x6d;[\/email]<\/p>\n","protected":false},"author":2,"featured_media":80634,"comment_status":"closed","ping_status":"closed","sticky":false,"template":"","format":"standard","meta":{"_acf_changed":false,"footnotes":""},"categories":[135,234,216],"tags":[],"class_list":["post-80633","post","type-post","status-publish","format-standard","has-post-thumbnail","hentry","category-calendrier","category-les-rassemblements-de-2015","category-rencontres-regionales"],"acf":[],"yoast_head":"<!-- This site is optimized with the Yoast SEO plugin v27.2 - https:\/\/yoast.com\/product\/yoast-seo-wordpress\/ -->\n<title>Sortie VTT Cent Cols suisses au col de Bretaye (CH-VD-1806a) le 25 juillet 2015 - Club des Cent Cols<\/title>\n<meta name=\"robots\" content=\"index, follow, max-snippet:-1, max-image-preview:large, max-video-preview:-1\" \/>\n<link rel=\"canonical\" href=\"https:\/\/centcols.org\/es\/salida-en-bicicleta-de-montana-cent-cols-suisses-en-el-col-de-bretaye-ch-vd-1806a-el-25-de-julio-de-2015\/\" \/>\n<meta property=\"og:locale\" content=\"es_ES\" \/>\n<meta property=\"og:type\" content=\"article\" \/>\n<meta property=\"og:title\" content=\"Sortie VTT Cent Cols suisses au col de Bretaye (CH-VD-1806a) le 25 juillet 2015 - Club des Cent Cols\" \/>\n<meta property=\"og:description\" content=\"D\u00e9part de Villars sur Ollon.Rendez-vous au parking du tennis sur la route du col de la Croix.8h30 pour le caf\u00e9,&nbsp; d\u00e9part \u00e0 9 heures.Parcours de 32 km, 1400 m de d\u00e9nivellation. 9 cols. Contact Alain Besson, chemin des Coumenets 11. 1000 Lausanne.T\u00e9l : (00141) 021 544 85 20 Email : [email]&#x61;&#049;&#098;e&#x73;&#x73;&#111;n&#x40;&#x67;&#109;ai&#x6c;&#046;&#099;o&#x6d;[\/email]\" \/>\n<meta property=\"og:url\" content=\"https:\/\/centcols.org\/es\/salida-en-bicicleta-de-montana-cent-cols-suisses-en-el-col-de-bretaye-ch-vd-1806a-el-25-de-julio-de-2015\/\" \/>\n<meta property=\"og:site_name\" content=\"Club des Cent Cols\" \/>\n<meta property=\"article:publisher\" content=\"https:\/\/www.facebook.com\/groups\/5261880558\/?locale=fr_FR\" \/>\n<meta property=\"article:published_time\" content=\"2015-04-05T13:19:42+00:00\" \/>\n<meta property=\"article:modified_time\" content=\"2025-09-15T09:50:45+00:00\" \/>\n<meta property=\"og:image\" content=\"https:\/\/centcols.org\/wp-content\/uploads\/2025\/05\/Villars-Sur-Ollon.jpg\" \/>\n\t<meta property=\"og:image:width\" content=\"611\" \/>\n\t<meta property=\"og:image:height\" content=\"305\" \/>\n\t<meta property=\"og:image:type\" content=\"image\/jpeg\" \/>\n<meta name=\"author\" content=\"fabien\" \/>\n<meta name=\"twitter:card\" content=\"summary_large_image\" \/>\n<meta name=\"twitter:label1\" content=\"Escrito por\" \/>\n\t<meta name=\"twitter:data1\" content=\"fabien\" \/>\n\t<meta name=\"twitter:label2\" content=\"Tiempo de lectura\" \/>\n\t<meta name=\"twitter:data2\" content=\"1 minuto\" \/>\n<script type=\"application\/ld+json\" class=\"yoast-schema-graph\">{\"@context\":\"https:\/\/schema.org\",\"@graph\":[{\"@type\":\"Article\",\"@id\":\"https:\/\/centcols.org\/sortie-vtt-cent-cols-suisses-au-col-de-bretaye-ch-vd-1806a-le-25-juillet-2015\/#article\",\"isPartOf\":{\"@id\":\"https:\/\/centcols.org\/sortie-vtt-cent-cols-suisses-au-col-de-bretaye-ch-vd-1806a-le-25-juillet-2015\/\"},\"author\":{\"name\":\"fabien\",\"@id\":\"https:\/\/centcols.org\/#\/schema\/person\/fcdb31e57ffa95295c9683ffdda82afa\"},\"headline\":\"Sortie VTT Cent Cols suisses au col de Bretaye (CH-VD-1806a) le 25 juillet 2015\",\"datePublished\":\"2015-04-05T13:19:42+00:00\",\"dateModified\":\"2025-09-15T09:50:45+00:00\",\"mainEntityOfPage\":{\"@id\":\"https:\/\/centcols.org\/sortie-vtt-cent-cols-suisses-au-col-de-bretaye-ch-vd-1806a-le-25-juillet-2015\/\"},\"wordCount\":64,\"publisher\":{\"@id\":\"https:\/\/centcols.org\/#organization\"},\"image\":{\"@id\":\"https:\/\/centcols.org\/sortie-vtt-cent-cols-suisses-au-col-de-bretaye-ch-vd-1806a-le-25-juillet-2015\/#primaryimage\"},\"thumbnailUrl\":\"https:\/\/centcols.org\/wp-content\/uploads\/2025\/05\/Villars-Sur-Ollon.jpg\",\"articleSection\":[\"Calendrier\",\"2015-rassemblements\",\"Rencontres r\u00e9gionales\"],\"inLanguage\":\"es\"},{\"@type\":\"WebPage\",\"@id\":\"https:\/\/centcols.org\/sortie-vtt-cent-cols-suisses-au-col-de-bretaye-ch-vd-1806a-le-25-juillet-2015\/\",\"url\":\"https:\/\/centcols.org\/sortie-vtt-cent-cols-suisses-au-col-de-bretaye-ch-vd-1806a-le-25-juillet-2015\/\",\"name\":\"Sortie VTT Cent Cols suisses au col de Bretaye (CH-VD-1806a) le 25 juillet 2015 - Club des Cent Cols\",\"isPartOf\":{\"@id\":\"https:\/\/centcols.org\/#website\"},\"primaryImageOfPage\":{\"@id\":\"https:\/\/centcols.org\/sortie-vtt-cent-cols-suisses-au-col-de-bretaye-ch-vd-1806a-le-25-juillet-2015\/#primaryimage\"},\"image\":{\"@id\":\"https:\/\/centcols.org\/sortie-vtt-cent-cols-suisses-au-col-de-bretaye-ch-vd-1806a-le-25-juillet-2015\/#primaryimage\"},\"thumbnailUrl\":\"https:\/\/centcols.org\/wp-content\/uploads\/2025\/05\/Villars-Sur-Ollon.jpg\",\"datePublished\":\"2015-04-05T13:19:42+00:00\",\"dateModified\":\"2025-09-15T09:50:45+00:00\",\"breadcrumb\":{\"@id\":\"https:\/\/centcols.org\/sortie-vtt-cent-cols-suisses-au-col-de-bretaye-ch-vd-1806a-le-25-juillet-2015\/#breadcrumb\"},\"inLanguage\":\"es\",\"potentialAction\":[{\"@type\":\"ReadAction\",\"target\":[\"https:\/\/centcols.org\/sortie-vtt-cent-cols-suisses-au-col-de-bretaye-ch-vd-1806a-le-25-juillet-2015\/\"]}]},{\"@type\":\"ImageObject\",\"inLanguage\":\"es\",\"@id\":\"https:\/\/centcols.org\/sortie-vtt-cent-cols-suisses-au-col-de-bretaye-ch-vd-1806a-le-25-juillet-2015\/#primaryimage\",\"url\":\"https:\/\/centcols.org\/wp-content\/uploads\/2025\/05\/Villars-Sur-Ollon.jpg\",\"contentUrl\":\"https:\/\/centcols.org\/wp-content\/uploads\/2025\/05\/Villars-Sur-Ollon.jpg\",\"width\":611,\"height\":305},{\"@type\":\"BreadcrumbList\",\"@id\":\"https:\/\/centcols.org\/sortie-vtt-cent-cols-suisses-au-col-de-bretaye-ch-vd-1806a-le-25-juillet-2015\/#breadcrumb\",\"itemListElement\":[{\"@type\":\"ListItem\",\"position\":1,\"name\":\"Accueil\",\"item\":\"https:\/\/centcols.org\/\"},{\"@type\":\"ListItem\",\"position\":2,\"name\":\"Calendrier\",\"item\":\"https:\/\/centcols.org\/rubrique\/calendrier\/\"},{\"@type\":\"ListItem\",\"position\":3,\"name\":\"Sortie VTT Cent Cols suisses au col de Bretaye (CH-VD-1806a) le 25 juillet 2015\"}]},{\"@type\":\"WebSite\",\"@id\":\"https:\/\/centcols.org\/#website\",\"url\":\"https:\/\/centcols.org\/\",\"name\":\"Club des Cent Cols\",\"description\":\"\",\"publisher\":{\"@id\":\"https:\/\/centcols.org\/#organization\"},\"potentialAction\":[{\"@type\":\"SearchAction\",\"target\":{\"@type\":\"EntryPoint\",\"urlTemplate\":\"https:\/\/centcols.org\/?s={search_term_string}\"},\"query-input\":{\"@type\":\"PropertyValueSpecification\",\"valueRequired\":true,\"valueName\":\"search_term_string\"}}],\"inLanguage\":\"es\"},{\"@type\":\"Organization\",\"@id\":\"https:\/\/centcols.org\/#organization\",\"name\":\"Club des Cent Cols\",\"url\":\"https:\/\/centcols.org\/\",\"logo\":{\"@type\":\"ImageObject\",\"inLanguage\":\"es\",\"@id\":\"https:\/\/centcols.org\/#\/schema\/logo\/image\/\",\"url\":\"https:\/\/centcols.org\/wp-content\/uploads\/2025\/01\/carte-icone.png\",\"contentUrl\":\"https:\/\/centcols.org\/wp-content\/uploads\/2025\/01\/carte-icone.png\",\"width\":250,\"height\":250,\"caption\":\"Club des Cent Cols\"},\"image\":{\"@id\":\"https:\/\/centcols.org\/#\/schema\/logo\/image\/\"},\"sameAs\":[\"https:\/\/www.facebook.com\/groups\/5261880558\/?locale=fr_FR\"]},{\"@type\":\"Person\",\"@id\":\"https:\/\/centcols.org\/#\/schema\/person\/fcdb31e57ffa95295c9683ffdda82afa\",\"name\":\"fabien\",\"image\":{\"@type\":\"ImageObject\",\"inLanguage\":\"es\",\"@id\":\"https:\/\/centcols.org\/wp-content\/litespeed\/avatar\/9065528d4c1ba02f0faf2b7616b2a195.jpg?ver=1777225983\",\"url\":\"https:\/\/centcols.org\/wp-content\/litespeed\/avatar\/9065528d4c1ba02f0faf2b7616b2a195.jpg?ver=1777225983\",\"contentUrl\":\"https:\/\/centcols.org\/wp-content\/litespeed\/avatar\/9065528d4c1ba02f0faf2b7616b2a195.jpg?ver=1777225983\",\"caption\":\"fabien\"},\"url\":\"https:\/\/centcols.org\/es\/author\/fabien\/\"}]}<\/script>\n<!-- \/ Yoast SEO plugin. -->","yoast_head_json":{"title":"Salida en bicicleta de monta\u00f1a de Cent Cols suisses al Col de Bretaye (CH-VD-1806a) el 25 de julio de 2015 - Club des Cent Cols","robots":{"index":"index","follow":"follow","max-snippet":"max-snippet:-1","max-image-preview":"max-image-preview:large","max-video-preview":"max-video-preview:-1"},"canonical":"https:\/\/centcols.org\/es\/salida-en-bicicleta-de-montana-cent-cols-suisses-en-el-col-de-bretaye-ch-vd-1806a-el-25-de-julio-de-2015\/","og_locale":"es_ES","og_type":"article","og_title":"Sortie VTT Cent Cols suisses au col de Bretaye (CH-VD-1806a) le 25 juillet 2015 - Club des Cent Cols","og_description":"D\u00e9part de Villars sur Ollon.Rendez-vous au parking du tennis sur la route du col de la Croix.8h30 pour le caf\u00e9,&nbsp; d\u00e9part \u00e0 9 heures.Parcours de 32 km, 1400 m de d\u00e9nivellation. 9 cols. Contact Alain Besson, chemin des Coumenets 11. 1000 Lausanne.T\u00e9l : (00141) 021 544 85 20 Email : [email]&#x61;&#49;&#98;e&#x73;&#x73;&#111;n&#x40;&#x67;&#109;ai&#x6c;&#46;&#99;o&#x6d;[\/email]","og_url":"https:\/\/centcols.org\/es\/salida-en-bicicleta-de-montana-cent-cols-suisses-en-el-col-de-bretaye-ch-vd-1806a-el-25-de-julio-de-2015\/","og_site_name":"Club des Cent Cols","article_publisher":"https:\/\/www.facebook.com\/groups\/5261880558\/?locale=fr_FR","article_published_time":"2015-04-05T13:19:42+00:00","article_modified_time":"2025-09-15T09:50:45+00:00","og_image":[{"width":611,"height":305,"url":"https:\/\/centcols.org\/wp-content\/uploads\/2025\/05\/Villars-Sur-Ollon.jpg","type":"image\/jpeg"}],"author":"fabien","twitter_card":"summary_large_image","twitter_misc":{"Escrito por":"fabien","Tiempo de lectura":"1 minuto"},"schema":{"@context":"https:\/\/schema.org","@graph":[{"@type":"Article","@id":"https:\/\/centcols.org\/sortie-vtt-cent-cols-suisses-au-col-de-bretaye-ch-vd-1806a-le-25-juillet-2015\/#article","isPartOf":{"@id":"https:\/\/centcols.org\/sortie-vtt-cent-cols-suisses-au-col-de-bretaye-ch-vd-1806a-le-25-juillet-2015\/"},"author":{"name":"fabien","@id":"https:\/\/centcols.org\/#\/schema\/person\/fcdb31e57ffa95295c9683ffdda82afa"},"headline":"Sortie VTT Cent Cols suisses au col de Bretaye (CH-VD-1806a) le 25 juillet 2015","datePublished":"2015-04-05T13:19:42+00:00","dateModified":"2025-09-15T09:50:45+00:00","mainEntityOfPage":{"@id":"https:\/\/centcols.org\/sortie-vtt-cent-cols-suisses-au-col-de-bretaye-ch-vd-1806a-le-25-juillet-2015\/"},"wordCount":64,"publisher":{"@id":"https:\/\/centcols.org\/#organization"},"image":{"@id":"https:\/\/centcols.org\/sortie-vtt-cent-cols-suisses-au-col-de-bretaye-ch-vd-1806a-le-25-juillet-2015\/#primaryimage"},"thumbnailUrl":"https:\/\/centcols.org\/wp-content\/uploads\/2025\/05\/Villars-Sur-Ollon.jpg","articleSection":["Calendrier","2015-rassemblements","Rencontres r\u00e9gionales"],"inLanguage":"es"},{"@type":"WebPage","@id":"https:\/\/centcols.org\/sortie-vtt-cent-cols-suisses-au-col-de-bretaye-ch-vd-1806a-le-25-juillet-2015\/","url":"https:\/\/centcols.org\/sortie-vtt-cent-cols-suisses-au-col-de-bretaye-ch-vd-1806a-le-25-juillet-2015\/","name":"Salida en bicicleta de monta\u00f1a de Cent Cols suisses al Col de Bretaye (CH-VD-1806a) el 25 de julio de 2015 - Club des Cent Cols","isPartOf":{"@id":"https:\/\/centcols.org\/#website"},"primaryImageOfPage":{"@id":"https:\/\/centcols.org\/sortie-vtt-cent-cols-suisses-au-col-de-bretaye-ch-vd-1806a-le-25-juillet-2015\/#primaryimage"},"image":{"@id":"https:\/\/centcols.org\/sortie-vtt-cent-cols-suisses-au-col-de-bretaye-ch-vd-1806a-le-25-juillet-2015\/#primaryimage"},"thumbnailUrl":"https:\/\/centcols.org\/wp-content\/uploads\/2025\/05\/Villars-Sur-Ollon.jpg","datePublished":"2015-04-05T13:19:42+00:00","dateModified":"2025-09-15T09:50:45+00:00","breadcrumb":{"@id":"https:\/\/centcols.org\/sortie-vtt-cent-cols-suisses-au-col-de-bretaye-ch-vd-1806a-le-25-juillet-2015\/#breadcrumb"},"inLanguage":"es","potentialAction":[{"@type":"ReadAction","target":["https:\/\/centcols.org\/sortie-vtt-cent-cols-suisses-au-col-de-bretaye-ch-vd-1806a-le-25-juillet-2015\/"]}]},{"@type":"ImageObject","inLanguage":"es","@id":"https:\/\/centcols.org\/sortie-vtt-cent-cols-suisses-au-col-de-bretaye-ch-vd-1806a-le-25-juillet-2015\/#primaryimage","url":"https:\/\/centcols.org\/wp-content\/uploads\/2025\/05\/Villars-Sur-Ollon.jpg","contentUrl":"https:\/\/centcols.org\/wp-content\/uploads\/2025\/05\/Villars-Sur-Ollon.jpg","width":611,"height":305},{"@type":"BreadcrumbList","@id":"https:\/\/centcols.org\/sortie-vtt-cent-cols-suisses-au-col-de-bretaye-ch-vd-1806a-le-25-juillet-2015\/#breadcrumb","itemListElement":[{"@type":"ListItem","position":1,"name":"Accueil","item":"https:\/\/centcols.org\/"},{"@type":"ListItem","position":2,"name":"Calendrier","item":"https:\/\/centcols.org\/rubrique\/calendrier\/"},{"@type":"ListItem","position":3,"name":"Sortie VTT Cent Cols suisses au col de Bretaye (CH-VD-1806a) le 25 juillet 2015"}]},{"@type":"WebSite","@id":"https:\/\/centcols.org\/#website","url":"https:\/\/centcols.org\/","name":"Club des Cent Cols","description":"","publisher":{"@id":"https:\/\/centcols.org\/#organization"},"potentialAction":[{"@type":"SearchAction","target":{"@type":"EntryPoint","urlTemplate":"https:\/\/centcols.org\/?s={search_term_string}"},"query-input":{"@type":"PropertyValueSpecification","valueRequired":true,"valueName":"search_term_string"}}],"inLanguage":"es"},{"@type":"Organization","@id":"https:\/\/centcols.org\/#organization","name":"Club des Cent Cols","url":"https:\/\/centcols.org\/","logo":{"@type":"ImageObject","inLanguage":"es","@id":"https:\/\/centcols.org\/#\/schema\/logo\/image\/","url":"https:\/\/centcols.org\/wp-content\/uploads\/2025\/01\/carte-icone.png","contentUrl":"https:\/\/centcols.org\/wp-content\/uploads\/2025\/01\/carte-icone.png","width":250,"height":250,"caption":"Club des Cent Cols"},"image":{"@id":"https:\/\/centcols.org\/#\/schema\/logo\/image\/"},"sameAs":["https:\/\/www.facebook.com\/groups\/5261880558\/?locale=fr_FR"]},{"@type":"Person","@id":"https:\/\/centcols.org\/#\/schema\/person\/fcdb31e57ffa95295c9683ffdda82afa","name":"fabien","image":{"@type":"ImageObject","inLanguage":"es","@id":"https:\/\/centcols.org\/wp-content\/litespeed\/avatar\/9065528d4c1ba02f0faf2b7616b2a195.jpg?ver=1777225983","url":"https:\/\/centcols.org\/wp-content\/litespeed\/avatar\/9065528d4c1ba02f0faf2b7616b2a195.jpg?ver=1777225983","contentUrl":"https:\/\/centcols.org\/wp-content\/litespeed\/avatar\/9065528d4c1ba02f0faf2b7616b2a195.jpg?ver=1777225983","caption":"fabien"},"url":"https:\/\/centcols.org\/es\/author\/fabien\/"}]}},"_links":{"self":[{"href":"https:\/\/centcols.org\/es\/wp-json\/wp\/v2\/posts\/80633","targetHints":{"allow":["GET"]}}],"collection":[{"href":"https:\/\/centcols.org\/es\/wp-json\/wp\/v2\/posts"}],"about":[{"href":"https:\/\/centcols.org\/es\/wp-json\/wp\/v2\/types\/post"}],"author":[{"embeddable":true,"href":"https:\/\/centcols.org\/es\/wp-json\/wp\/v2\/users\/2"}],"replies":[{"embeddable":true,"href":"https:\/\/centcols.org\/es\/wp-json\/wp\/v2\/comments?post=80633"}],"version-history":[{"count":0,"href":"https:\/\/centcols.org\/es\/wp-json\/wp\/v2\/posts\/80633\/revisions"}],"wp:featuredmedia":[{"embeddable":true,"href":"https:\/\/centcols.org\/es\/wp-json\/wp\/v2\/media\/80634"}],"wp:attachment":[{"href":"https:\/\/centcols.org\/es\/wp-json\/wp\/v2\/media?parent=80633"}],"wp:term":[{"taxonomy":"category","embeddable":true,"href":"https:\/\/centcols.org\/es\/wp-json\/wp\/v2\/categories?post=80633"},{"taxonomy":"post_tag","embeddable":true,"href":"https:\/\/centcols.org\/es\/wp-json\/wp\/v2\/tags?post=80633"}],"curies":[{"name":"wp","href":"https:\/\/api.w.org\/{rel}","templated":true}]}}