{"id":80637,"date":"2015-04-14T15:26:50","date_gmt":"2015-04-14T13:26:50","guid":{"rendered":"https:\/\/centcols.org\/concentration-regionale-vosges-au-col-du-bruchberg-fr-67-0674-le-12-septembre-2015\/"},"modified":"2025-09-15T11:18:49","modified_gmt":"2025-09-15T09:18:49","slug":"concentracion-regional-de-los-vosgos-en-col-du-bruchberg-fr-67-0674-el-12-de-septiembre-de-2015","status":"publish","type":"post","link":"https:\/\/centcols.org\/es\/concentration-regionale-vosges-au-col-du-bruchberg-fr-67-0674-le-12-septembre-2015\/","title":{"rendered":"Reuni\u00f3n regional de los Vosgos en Col du Bruchberg (FR-67-0674) el 12 de septiembre de 2015."},"content":{"rendered":"\n<p>Col du Bruchberg (FR-67-0674) &#8211; Route et VTT<br>Rendez-Vous \u00e0 Grendelbruch devant l&rsquo;\u00e9glise pour un d\u00e9part \u00e0 9h<\/p>\n\n\n\n<p>Trace GPS :&nbsp;<a href=\"https:\/\/centcols.org\/wp-content\/uploads\/2015\/04\/grendelbruch.gpx\">grendelbruch<\/a><\/p>\n\n\n\n<h3 class=\"wp-block-heading\">Contact<\/h3>\n\n\n\n<p>Jean-Christophe Braumann, 06 48 80 28 48<\/p>\n\n\n<p>[email]jean&#45;&#99;&#104;&#114;&#105;&#115;&#116;&#x6f;&#x70;&#x68;&#x65;&#x2e;&#x62;&#x72;&#x61;&#x75;mann&#64;&#119;&#97;&#110;&#97;&#100;&#111;&#x6f;&#x2e;&#x66;&#x72;[\/email]<\/p>\n\n\n\n<h3 class=\"wp-block-heading\">La carte<\/h3>\n\n\n\n<figure class=\"wp-block-image size-full\"><img loading=\"lazy\" decoding=\"async\" width=\"806\" height=\"603\" src=\"https:\/\/centcols.org\/wp-content\/uploads\/2025\/05\/bruchberg.jpg\" alt=\"\" class=\"wp-image-80638\" srcset=\"https:\/\/centcols.org\/wp-content\/uploads\/2025\/05\/bruchberg.jpg 806w, https:\/\/centcols.org\/wp-content\/uploads\/2025\/05\/bruchberg-768x575.jpg 768w\" sizes=\"auto, (max-width: 806px) 100vw, 806px\" \/><\/figure>\n\n\n\n<p><\/p>\n","protected":false},"excerpt":{"rendered":"<p>Col du Bruchberg (FR-67-0674) - Carretera y BTTReuni\u00f3n en Grendelbruch frente a la iglesia para una salida a las 9 de la ma\u00f1ana Pista GPS: grendelbruch Contacto Jean-Christophe Braumann, 06 48 80 28 48 El mapa<\/p>","protected":false},"author":2,"featured_media":80638,"comment_status":"closed","ping_status":"open","sticky":false,"template":"","format":"standard","meta":{"_acf_changed":false,"footnotes":""},"categories":[135,234,216],"tags":[],"class_list":["post-80637","post","type-post","status-publish","format-standard","has-post-thumbnail","hentry","category-calendrier","category-les-rassemblements-de-2015","category-rencontres-regionales"],"acf":[],"yoast_head":"<!-- This site is optimized with the Yoast SEO plugin v27.2 - https:\/\/yoast.com\/product\/yoast-seo-wordpress\/ -->\n<title>Concentration r\u00e9gionale Vosges au col du Bruchberg (FR-67-0674) le 12 septembre 2015 - Club des Cent Cols<\/title>\n<meta name=\"robots\" content=\"index, follow, max-snippet:-1, max-image-preview:large, max-video-preview:-1\" \/>\n<link rel=\"canonical\" href=\"https:\/\/centcols.org\/es\/concentracion-regional-de-los-vosgos-en-col-du-bruchberg-fr-67-0674-el-12-de-septiembre-de-2015\/\" \/>\n<meta property=\"og:locale\" content=\"es_ES\" \/>\n<meta property=\"og:type\" content=\"article\" \/>\n<meta property=\"og:title\" content=\"Concentration r\u00e9gionale Vosges au col du Bruchberg (FR-67-0674) le 12 septembre 2015 - Club des Cent Cols\" \/>\n<meta property=\"og:description\" content=\"Col du Bruchberg (FR-67-0674) &#8211; Route et VTTRendez-Vous \u00e0 Grendelbruch devant l&rsquo;\u00e9glise pour un d\u00e9part \u00e0 9h Trace GPS :&nbsp;grendelbruch Contact Jean-Christophe Braumann, 06 48 80 28 48 La carte\" \/>\n<meta property=\"og:url\" content=\"https:\/\/centcols.org\/es\/concentracion-regional-de-los-vosgos-en-col-du-bruchberg-fr-67-0674-el-12-de-septiembre-de-2015\/\" \/>\n<meta property=\"og:site_name\" content=\"Club des Cent Cols\" \/>\n<meta property=\"article:publisher\" content=\"https:\/\/www.facebook.com\/groups\/5261880558\/?locale=fr_FR\" \/>\n<meta property=\"article:published_time\" content=\"2015-04-14T13:26:50+00:00\" \/>\n<meta property=\"article:modified_time\" content=\"2025-09-15T09:18:49+00:00\" \/>\n<meta property=\"og:image\" content=\"https:\/\/centcols.org\/wp-content\/uploads\/2025\/05\/bruchberg.jpg\" \/>\n\t<meta property=\"og:image:width\" content=\"806\" \/>\n\t<meta property=\"og:image:height\" content=\"603\" \/>\n\t<meta property=\"og:image:type\" content=\"image\/jpeg\" \/>\n<meta name=\"author\" content=\"fabien\" \/>\n<meta name=\"twitter:card\" content=\"summary_large_image\" \/>\n<meta name=\"twitter:label1\" content=\"Escrito por\" \/>\n\t<meta name=\"twitter:data1\" content=\"fabien\" \/>\n\t<meta name=\"twitter:label2\" content=\"Tiempo de lectura\" \/>\n\t<meta name=\"twitter:data2\" content=\"1 minuto\" \/>\n<script type=\"application\/ld+json\" class=\"yoast-schema-graph\">{\"@context\":\"https:\/\/schema.org\",\"@graph\":[{\"@type\":\"Article\",\"@id\":\"https:\/\/centcols.org\/concentration-regionale-vosges-au-col-du-bruchberg-fr-67-0674-le-12-septembre-2015\/#article\",\"isPartOf\":{\"@id\":\"https:\/\/centcols.org\/concentration-regionale-vosges-au-col-du-bruchberg-fr-67-0674-le-12-septembre-2015\/\"},\"author\":{\"name\":\"fabien\",\"@id\":\"https:\/\/centcols.org\/#\/schema\/person\/fcdb31e57ffa95295c9683ffdda82afa\"},\"headline\":\"Concentration r\u00e9gionale Vosges au col du Bruchberg (FR-67-0674) le 12 septembre 2015\",\"datePublished\":\"2015-04-14T13:26:50+00:00\",\"dateModified\":\"2025-09-15T09:18:49+00:00\",\"mainEntityOfPage\":{\"@id\":\"https:\/\/centcols.org\/concentration-regionale-vosges-au-col-du-bruchberg-fr-67-0674-le-12-septembre-2015\/\"},\"wordCount\":45,\"publisher\":{\"@id\":\"https:\/\/centcols.org\/#organization\"},\"image\":{\"@id\":\"https:\/\/centcols.org\/concentration-regionale-vosges-au-col-du-bruchberg-fr-67-0674-le-12-septembre-2015\/#primaryimage\"},\"thumbnailUrl\":\"https:\/\/centcols.org\/wp-content\/uploads\/2025\/05\/bruchberg.jpg\",\"articleSection\":[\"Calendrier\",\"2015-rassemblements\",\"Rencontres r\u00e9gionales\"],\"inLanguage\":\"es\"},{\"@type\":\"WebPage\",\"@id\":\"https:\/\/centcols.org\/concentration-regionale-vosges-au-col-du-bruchberg-fr-67-0674-le-12-septembre-2015\/\",\"url\":\"https:\/\/centcols.org\/concentration-regionale-vosges-au-col-du-bruchberg-fr-67-0674-le-12-septembre-2015\/\",\"name\":\"Concentration r\u00e9gionale Vosges au col du Bruchberg (FR-67-0674) le 12 septembre 2015 - Club des Cent Cols\",\"isPartOf\":{\"@id\":\"https:\/\/centcols.org\/#website\"},\"primaryImageOfPage\":{\"@id\":\"https:\/\/centcols.org\/concentration-regionale-vosges-au-col-du-bruchberg-fr-67-0674-le-12-septembre-2015\/#primaryimage\"},\"image\":{\"@id\":\"https:\/\/centcols.org\/concentration-regionale-vosges-au-col-du-bruchberg-fr-67-0674-le-12-septembre-2015\/#primaryimage\"},\"thumbnailUrl\":\"https:\/\/centcols.org\/wp-content\/uploads\/2025\/05\/bruchberg.jpg\",\"datePublished\":\"2015-04-14T13:26:50+00:00\",\"dateModified\":\"2025-09-15T09:18:49+00:00\",\"breadcrumb\":{\"@id\":\"https:\/\/centcols.org\/concentration-regionale-vosges-au-col-du-bruchberg-fr-67-0674-le-12-septembre-2015\/#breadcrumb\"},\"inLanguage\":\"es\",\"potentialAction\":[{\"@type\":\"ReadAction\",\"target\":[\"https:\/\/centcols.org\/concentration-regionale-vosges-au-col-du-bruchberg-fr-67-0674-le-12-septembre-2015\/\"]}]},{\"@type\":\"ImageObject\",\"inLanguage\":\"es\",\"@id\":\"https:\/\/centcols.org\/concentration-regionale-vosges-au-col-du-bruchberg-fr-67-0674-le-12-septembre-2015\/#primaryimage\",\"url\":\"https:\/\/centcols.org\/wp-content\/uploads\/2025\/05\/bruchberg.jpg\",\"contentUrl\":\"https:\/\/centcols.org\/wp-content\/uploads\/2025\/05\/bruchberg.jpg\",\"width\":806,\"height\":603},{\"@type\":\"BreadcrumbList\",\"@id\":\"https:\/\/centcols.org\/concentration-regionale-vosges-au-col-du-bruchberg-fr-67-0674-le-12-septembre-2015\/#breadcrumb\",\"itemListElement\":[{\"@type\":\"ListItem\",\"position\":1,\"name\":\"Accueil\",\"item\":\"https:\/\/centcols.org\/\"},{\"@type\":\"ListItem\",\"position\":2,\"name\":\"Calendrier\",\"item\":\"https:\/\/centcols.org\/rubrique\/calendrier\/\"},{\"@type\":\"ListItem\",\"position\":3,\"name\":\"Concentration r\u00e9gionale Vosges au col du Bruchberg (FR-67-0674) le 12 septembre 2015\"}]},{\"@type\":\"WebSite\",\"@id\":\"https:\/\/centcols.org\/#website\",\"url\":\"https:\/\/centcols.org\/\",\"name\":\"Club des Cent Cols\",\"description\":\"\",\"publisher\":{\"@id\":\"https:\/\/centcols.org\/#organization\"},\"potentialAction\":[{\"@type\":\"SearchAction\",\"target\":{\"@type\":\"EntryPoint\",\"urlTemplate\":\"https:\/\/centcols.org\/?s={search_term_string}\"},\"query-input\":{\"@type\":\"PropertyValueSpecification\",\"valueRequired\":true,\"valueName\":\"search_term_string\"}}],\"inLanguage\":\"es\"},{\"@type\":\"Organization\",\"@id\":\"https:\/\/centcols.org\/#organization\",\"name\":\"Club des Cent Cols\",\"url\":\"https:\/\/centcols.org\/\",\"logo\":{\"@type\":\"ImageObject\",\"inLanguage\":\"es\",\"@id\":\"https:\/\/centcols.org\/#\/schema\/logo\/image\/\",\"url\":\"https:\/\/centcols.org\/wp-content\/uploads\/2025\/01\/carte-icone.png\",\"contentUrl\":\"https:\/\/centcols.org\/wp-content\/uploads\/2025\/01\/carte-icone.png\",\"width\":250,\"height\":250,\"caption\":\"Club des Cent Cols\"},\"image\":{\"@id\":\"https:\/\/centcols.org\/#\/schema\/logo\/image\/\"},\"sameAs\":[\"https:\/\/www.facebook.com\/groups\/5261880558\/?locale=fr_FR\"]},{\"@type\":\"Person\",\"@id\":\"https:\/\/centcols.org\/#\/schema\/person\/fcdb31e57ffa95295c9683ffdda82afa\",\"name\":\"fabien\",\"image\":{\"@type\":\"ImageObject\",\"inLanguage\":\"es\",\"@id\":\"https:\/\/centcols.org\/wp-content\/litespeed\/avatar\/9065528d4c1ba02f0faf2b7616b2a195.jpg?ver=1777225983\",\"url\":\"https:\/\/centcols.org\/wp-content\/litespeed\/avatar\/9065528d4c1ba02f0faf2b7616b2a195.jpg?ver=1777225983\",\"contentUrl\":\"https:\/\/centcols.org\/wp-content\/litespeed\/avatar\/9065528d4c1ba02f0faf2b7616b2a195.jpg?ver=1777225983\",\"caption\":\"fabien\"},\"url\":\"https:\/\/centcols.org\/es\/author\/fabien\/\"}]}<\/script>\n<!-- \/ Yoast SEO plugin. -->","yoast_head_json":{"title":"Encuentro regional de los Vosgos en el puerto de Bruchberg (FR-67-0674) el 12 de septiembre de 2015 - Club des Cent Cols","robots":{"index":"index","follow":"follow","max-snippet":"max-snippet:-1","max-image-preview":"max-image-preview:large","max-video-preview":"max-video-preview:-1"},"canonical":"https:\/\/centcols.org\/es\/concentracion-regional-de-los-vosgos-en-col-du-bruchberg-fr-67-0674-el-12-de-septiembre-de-2015\/","og_locale":"es_ES","og_type":"article","og_title":"Concentration r\u00e9gionale Vosges au col du Bruchberg (FR-67-0674) le 12 septembre 2015 - Club des Cent Cols","og_description":"Col du Bruchberg (FR-67-0674) &#8211; Route et VTTRendez-Vous \u00e0 Grendelbruch devant l&rsquo;\u00e9glise pour un d\u00e9part \u00e0 9h Trace GPS :&nbsp;grendelbruch Contact Jean-Christophe Braumann, 06 48 80 28 48 La carte","og_url":"https:\/\/centcols.org\/es\/concentracion-regional-de-los-vosgos-en-col-du-bruchberg-fr-67-0674-el-12-de-septiembre-de-2015\/","og_site_name":"Club des Cent Cols","article_publisher":"https:\/\/www.facebook.com\/groups\/5261880558\/?locale=fr_FR","article_published_time":"2015-04-14T13:26:50+00:00","article_modified_time":"2025-09-15T09:18:49+00:00","og_image":[{"width":806,"height":603,"url":"https:\/\/centcols.org\/wp-content\/uploads\/2025\/05\/bruchberg.jpg","type":"image\/jpeg"}],"author":"fabien","twitter_card":"summary_large_image","twitter_misc":{"Escrito por":"fabien","Tiempo de lectura":"1 minuto"},"schema":{"@context":"https:\/\/schema.org","@graph":[{"@type":"Article","@id":"https:\/\/centcols.org\/concentration-regionale-vosges-au-col-du-bruchberg-fr-67-0674-le-12-septembre-2015\/#article","isPartOf":{"@id":"https:\/\/centcols.org\/concentration-regionale-vosges-au-col-du-bruchberg-fr-67-0674-le-12-septembre-2015\/"},"author":{"name":"fabien","@id":"https:\/\/centcols.org\/#\/schema\/person\/fcdb31e57ffa95295c9683ffdda82afa"},"headline":"Concentration r\u00e9gionale Vosges au col du Bruchberg (FR-67-0674) le 12 septembre 2015","datePublished":"2015-04-14T13:26:50+00:00","dateModified":"2025-09-15T09:18:49+00:00","mainEntityOfPage":{"@id":"https:\/\/centcols.org\/concentration-regionale-vosges-au-col-du-bruchberg-fr-67-0674-le-12-septembre-2015\/"},"wordCount":45,"publisher":{"@id":"https:\/\/centcols.org\/#organization"},"image":{"@id":"https:\/\/centcols.org\/concentration-regionale-vosges-au-col-du-bruchberg-fr-67-0674-le-12-septembre-2015\/#primaryimage"},"thumbnailUrl":"https:\/\/centcols.org\/wp-content\/uploads\/2025\/05\/bruchberg.jpg","articleSection":["Calendrier","2015-rassemblements","Rencontres r\u00e9gionales"],"inLanguage":"es"},{"@type":"WebPage","@id":"https:\/\/centcols.org\/concentration-regionale-vosges-au-col-du-bruchberg-fr-67-0674-le-12-septembre-2015\/","url":"https:\/\/centcols.org\/concentration-regionale-vosges-au-col-du-bruchberg-fr-67-0674-le-12-septembre-2015\/","name":"Encuentro regional de los Vosgos en el puerto de Bruchberg (FR-67-0674) el 12 de septiembre de 2015 - Club des Cent Cols","isPartOf":{"@id":"https:\/\/centcols.org\/#website"},"primaryImageOfPage":{"@id":"https:\/\/centcols.org\/concentration-regionale-vosges-au-col-du-bruchberg-fr-67-0674-le-12-septembre-2015\/#primaryimage"},"image":{"@id":"https:\/\/centcols.org\/concentration-regionale-vosges-au-col-du-bruchberg-fr-67-0674-le-12-septembre-2015\/#primaryimage"},"thumbnailUrl":"https:\/\/centcols.org\/wp-content\/uploads\/2025\/05\/bruchberg.jpg","datePublished":"2015-04-14T13:26:50+00:00","dateModified":"2025-09-15T09:18:49+00:00","breadcrumb":{"@id":"https:\/\/centcols.org\/concentration-regionale-vosges-au-col-du-bruchberg-fr-67-0674-le-12-septembre-2015\/#breadcrumb"},"inLanguage":"es","potentialAction":[{"@type":"ReadAction","target":["https:\/\/centcols.org\/concentration-regionale-vosges-au-col-du-bruchberg-fr-67-0674-le-12-septembre-2015\/"]}]},{"@type":"ImageObject","inLanguage":"es","@id":"https:\/\/centcols.org\/concentration-regionale-vosges-au-col-du-bruchberg-fr-67-0674-le-12-septembre-2015\/#primaryimage","url":"https:\/\/centcols.org\/wp-content\/uploads\/2025\/05\/bruchberg.jpg","contentUrl":"https:\/\/centcols.org\/wp-content\/uploads\/2025\/05\/bruchberg.jpg","width":806,"height":603},{"@type":"BreadcrumbList","@id":"https:\/\/centcols.org\/concentration-regionale-vosges-au-col-du-bruchberg-fr-67-0674-le-12-septembre-2015\/#breadcrumb","itemListElement":[{"@type":"ListItem","position":1,"name":"Accueil","item":"https:\/\/centcols.org\/"},{"@type":"ListItem","position":2,"name":"Calendrier","item":"https:\/\/centcols.org\/rubrique\/calendrier\/"},{"@type":"ListItem","position":3,"name":"Concentration r\u00e9gionale Vosges au col du Bruchberg (FR-67-0674) le 12 septembre 2015"}]},{"@type":"WebSite","@id":"https:\/\/centcols.org\/#website","url":"https:\/\/centcols.org\/","name":"Club des Cent Cols","description":"","publisher":{"@id":"https:\/\/centcols.org\/#organization"},"potentialAction":[{"@type":"SearchAction","target":{"@type":"EntryPoint","urlTemplate":"https:\/\/centcols.org\/?s={search_term_string}"},"query-input":{"@type":"PropertyValueSpecification","valueRequired":true,"valueName":"search_term_string"}}],"inLanguage":"es"},{"@type":"Organization","@id":"https:\/\/centcols.org\/#organization","name":"Club des Cent Cols","url":"https:\/\/centcols.org\/","logo":{"@type":"ImageObject","inLanguage":"es","@id":"https:\/\/centcols.org\/#\/schema\/logo\/image\/","url":"https:\/\/centcols.org\/wp-content\/uploads\/2025\/01\/carte-icone.png","contentUrl":"https:\/\/centcols.org\/wp-content\/uploads\/2025\/01\/carte-icone.png","width":250,"height":250,"caption":"Club des Cent Cols"},"image":{"@id":"https:\/\/centcols.org\/#\/schema\/logo\/image\/"},"sameAs":["https:\/\/www.facebook.com\/groups\/5261880558\/?locale=fr_FR"]},{"@type":"Person","@id":"https:\/\/centcols.org\/#\/schema\/person\/fcdb31e57ffa95295c9683ffdda82afa","name":"fabien","image":{"@type":"ImageObject","inLanguage":"es","@id":"https:\/\/centcols.org\/wp-content\/litespeed\/avatar\/9065528d4c1ba02f0faf2b7616b2a195.jpg?ver=1777225983","url":"https:\/\/centcols.org\/wp-content\/litespeed\/avatar\/9065528d4c1ba02f0faf2b7616b2a195.jpg?ver=1777225983","contentUrl":"https:\/\/centcols.org\/wp-content\/litespeed\/avatar\/9065528d4c1ba02f0faf2b7616b2a195.jpg?ver=1777225983","caption":"fabien"},"url":"https:\/\/centcols.org\/es\/author\/fabien\/"}]}},"_links":{"self":[{"href":"https:\/\/centcols.org\/es\/wp-json\/wp\/v2\/posts\/80637","targetHints":{"allow":["GET"]}}],"collection":[{"href":"https:\/\/centcols.org\/es\/wp-json\/wp\/v2\/posts"}],"about":[{"href":"https:\/\/centcols.org\/es\/wp-json\/wp\/v2\/types\/post"}],"author":[{"embeddable":true,"href":"https:\/\/centcols.org\/es\/wp-json\/wp\/v2\/users\/2"}],"replies":[{"embeddable":true,"href":"https:\/\/centcols.org\/es\/wp-json\/wp\/v2\/comments?post=80637"}],"version-history":[{"count":0,"href":"https:\/\/centcols.org\/es\/wp-json\/wp\/v2\/posts\/80637\/revisions"}],"wp:featuredmedia":[{"embeddable":true,"href":"https:\/\/centcols.org\/es\/wp-json\/wp\/v2\/media\/80638"}],"wp:attachment":[{"href":"https:\/\/centcols.org\/es\/wp-json\/wp\/v2\/media?parent=80637"}],"wp:term":[{"taxonomy":"category","embeddable":true,"href":"https:\/\/centcols.org\/es\/wp-json\/wp\/v2\/categories?post=80637"},{"taxonomy":"post_tag","embeddable":true,"href":"https:\/\/centcols.org\/es\/wp-json\/wp\/v2\/tags?post=80637"}],"curies":[{"name":"wp","href":"https:\/\/api.w.org\/{rel}","templated":true}]}}