{"id":80841,"date":"2013-12-10T14:37:49","date_gmt":"2013-12-10T12:37:49","guid":{"rendered":"https:\/\/centcols.org\/articles-dans-cyclotourisme-de-decembre-2013\/"},"modified":"2026-04-18T06:03:39","modified_gmt":"2026-04-18T04:03:39","slug":"articulos-en-cyclotourisme-diciembre-2013","status":"publish","type":"post","link":"https:\/\/centcols.org\/es\/articles-dans-cyclotourisme-de-decembre-2013\/","title":{"rendered":"Art\u00edculos en el n\u00famero de diciembre de 2013 de Cyclotourisme"},"content":{"rendered":"<p>Entrega de diplomas y premios a los miembros del Club des Cent Cols en la Asamblea General de la FFCT celebrada en Biarritz.<\/p>\n\n\n<div class=\"wp-block-image\">\n<figure class=\"aligncenter size-full is-resized\"><img loading=\"lazy\" decoding=\"async\" width=\"480\" height=\"640\" src=\"https:\/\/centcols.org\/wp-content\/uploads\/2025\/05\/bpf_fillion.jpg\" alt=\"\" class=\"wp-image-80842\" style=\"width:auto;height:600px\"\/><\/figure>\n<\/div>\n\n\n<p>Presentaci\u00f3n de la Randonn\u00e9e Permanente <i>\u00abCien puertos de monta\u00f1a en Savoie Mont Blanc\u00bb<\/i><\/p>\n\n\n\n<figure class=\"wp-block-gallery has-nested-images columns-3 is-cropped wp-block-gallery-1 is-layout-flex wp-block-gallery-is-layout-flex\">\n<figure class=\"wp-block-image size-full\"><img loading=\"lazy\" decoding=\"async\" width=\"1193\" height=\"1700\" data-id=\"80843\" src=\"https:\/\/centcols.org\/wp-content\/uploads\/2025\/05\/cyclotourisme_201312_page40.jpg\" alt=\"\" class=\"wp-image-80843\" srcset=\"https:\/\/centcols.org\/wp-content\/uploads\/2025\/05\/cyclotourisme_201312_page40.jpg 1193w, https:\/\/centcols.org\/wp-content\/uploads\/2025\/05\/cyclotourisme_201312_page40-842x1200.jpg 842w, https:\/\/centcols.org\/wp-content\/uploads\/2025\/05\/cyclotourisme_201312_page40-768x1094.jpg 768w, https:\/\/centcols.org\/wp-content\/uploads\/2025\/05\/cyclotourisme_201312_page40-1078x1536.jpg 1078w\" sizes=\"auto, (max-width: 1193px) 100vw, 1193px\" \/><\/figure>\n\n\n\n<figure class=\"wp-block-image size-full\"><img loading=\"lazy\" decoding=\"async\" width=\"1200\" height=\"1700\" data-id=\"80275\" src=\"https:\/\/centcols.org\/wp-content\/uploads\/2025\/03\/cyclotourisme_201312_page411.jpg\" alt=\"\" class=\"wp-image-80275\" srcset=\"https:\/\/centcols.org\/wp-content\/uploads\/2025\/03\/cyclotourisme_201312_page411.jpg 1200w, https:\/\/centcols.org\/wp-content\/uploads\/2025\/03\/cyclotourisme_201312_page411-847x1200.jpg 847w, https:\/\/centcols.org\/wp-content\/uploads\/2025\/03\/cyclotourisme_201312_page411-768x1088.jpg 768w, https:\/\/centcols.org\/wp-content\/uploads\/2025\/03\/cyclotourisme_201312_page411-1084x1536.jpg 1084w, https:\/\/centcols.org\/wp-content\/uploads\/2025\/03\/cyclotourisme_201312_page411-600x850.jpg 600w\" sizes=\"auto, (max-width: 1200px) 100vw, 1200px\" \/><\/figure>\n<\/figure>\n\n\n\n<p><br>Reuni\u00f3n regional de Cent Cols \/ Cols Durs en Col des Ares (31)<\/p>\n\n\n<div class=\"wp-block-image\">\n<figure class=\"aligncenter size-full\"><img loading=\"lazy\" decoding=\"async\" width=\"500\" height=\"1483\" src=\"https:\/\/centcols.org\/wp-content\/uploads\/2025\/05\/cyclotourisme_201312_p12.jpg\" alt=\"\" class=\"wp-image-80845\" srcset=\"https:\/\/centcols.org\/wp-content\/uploads\/2025\/05\/cyclotourisme_201312_p12.jpg 500w, https:\/\/centcols.org\/wp-content\/uploads\/2025\/05\/cyclotourisme_201312_p12-405x1200.jpg 405w\" sizes=\"auto, (max-width: 500px) 100vw, 500px\" \/><\/figure>\n<\/div>","protected":false},"excerpt":{"rendered":"<p>Dipl\u00f4mes et prix d\u00e9cern\u00e9s \u00e0 des membres du Club des Cent Cols \u00e0 l&rsquo;AG de la FFCT \u00e0 Biarritz Pr\u00e9sentation de la Randonn\u00e9e Permanente \u00ab Cent Cols en Savoie Mont Blanc \u00bb Concentration r\u00e9gionale Cent Cols \/ Cols Durs au Col des Ares (31)<\/p>","protected":false},"author":2,"featured_media":80842,"comment_status":"closed","ping_status":"open","sticky":false,"template":"","format":"standard","meta":{"_acf_changed":false,"footnotes":""},"categories":[236],"tags":[],"class_list":["post-80841","post","type-post","status-publish","format-standard","has-post-thumbnail","hentry","category-236"],"acf":[],"yoast_head":"<!-- This site is optimized with the Yoast SEO plugin v27.2 - https:\/\/yoast.com\/product\/yoast-seo-wordpress\/ -->\n<title>Articles dans \u00ab Cyclotourisme \u00bb de d\u00e9cembre 2013 - Club des Cent Cols<\/title>\n<meta name=\"robots\" content=\"index, follow, max-snippet:-1, max-image-preview:large, max-video-preview:-1\" \/>\n<link rel=\"canonical\" href=\"https:\/\/centcols.org\/es\/articulos-en-cyclotourisme-diciembre-2013\/\" \/>\n<meta property=\"og:locale\" content=\"es_ES\" \/>\n<meta property=\"og:type\" content=\"article\" \/>\n<meta property=\"og:title\" content=\"Articles dans \u00ab Cyclotourisme \u00bb de d\u00e9cembre 2013 - Club des Cent Cols\" \/>\n<meta property=\"og:description\" content=\"Dipl\u00f4mes et prix d\u00e9cern\u00e9s \u00e0 des membres du Club des Cent Cols \u00e0 l&rsquo;AG de la FFCT \u00e0 Biarritz Pr\u00e9sentation de la Randonn\u00e9e Permanente \u00ab Cent Cols en Savoie Mont Blanc \u00bb Concentration r\u00e9gionale Cent Cols \/ Cols Durs au Col des Ares (31)\" \/>\n<meta property=\"og:url\" content=\"https:\/\/centcols.org\/es\/articulos-en-cyclotourisme-diciembre-2013\/\" \/>\n<meta property=\"og:site_name\" content=\"Club des Cent Cols\" \/>\n<meta property=\"article:publisher\" content=\"https:\/\/www.facebook.com\/groups\/5261880558\/?locale=fr_FR\" \/>\n<meta property=\"article:published_time\" content=\"2013-12-10T12:37:49+00:00\" \/>\n<meta property=\"article:modified_time\" content=\"2026-04-18T04:03:39+00:00\" \/>\n<meta property=\"og:image\" content=\"https:\/\/centcols.org\/wp-content\/uploads\/2025\/05\/bpf_fillion.jpg\" \/>\n\t<meta property=\"og:image:width\" content=\"480\" \/>\n\t<meta property=\"og:image:height\" content=\"640\" \/>\n\t<meta property=\"og:image:type\" content=\"image\/jpeg\" \/>\n<meta name=\"author\" content=\"fabien\" \/>\n<meta name=\"twitter:card\" content=\"summary_large_image\" \/>\n<meta name=\"twitter:label1\" content=\"Escrito por\" \/>\n\t<meta name=\"twitter:data1\" content=\"fabien\" \/>\n\t<meta name=\"twitter:label2\" content=\"Tiempo de lectura\" \/>\n\t<meta name=\"twitter:data2\" content=\"2 minutos\" \/>\n<script type=\"application\/ld+json\" class=\"yoast-schema-graph\">{\"@context\":\"https:\/\/schema.org\",\"@graph\":[{\"@type\":\"Article\",\"@id\":\"https:\/\/centcols.org\/articles-dans-cyclotourisme-de-decembre-2013\/#article\",\"isPartOf\":{\"@id\":\"https:\/\/centcols.org\/articles-dans-cyclotourisme-de-decembre-2013\/\"},\"author\":{\"name\":\"fabien\",\"@id\":\"https:\/\/centcols.org\/#\/schema\/person\/fcdb31e57ffa95295c9683ffdda82afa\"},\"headline\":\"Articles dans \u00ab Cyclotourisme \u00bb de d\u00e9cembre 2013\",\"datePublished\":\"2013-12-10T12:37:49+00:00\",\"dateModified\":\"2026-04-18T04:03:39+00:00\",\"mainEntityOfPage\":{\"@id\":\"https:\/\/centcols.org\/articles-dans-cyclotourisme-de-decembre-2013\/\"},\"wordCount\":50,\"publisher\":{\"@id\":\"https:\/\/centcols.org\/#organization\"},\"image\":{\"@id\":\"https:\/\/centcols.org\/articles-dans-cyclotourisme-de-decembre-2013\/#primaryimage\"},\"thumbnailUrl\":\"https:\/\/centcols.org\/wp-content\/uploads\/2025\/05\/bpf_fillion.jpg\",\"articleSection\":[\"2013\"],\"inLanguage\":\"es\"},{\"@type\":\"WebPage\",\"@id\":\"https:\/\/centcols.org\/articles-dans-cyclotourisme-de-decembre-2013\/\",\"url\":\"https:\/\/centcols.org\/articles-dans-cyclotourisme-de-decembre-2013\/\",\"name\":\"Articles dans \u00ab Cyclotourisme \u00bb de d\u00e9cembre 2013 - Club des Cent Cols\",\"isPartOf\":{\"@id\":\"https:\/\/centcols.org\/#website\"},\"primaryImageOfPage\":{\"@id\":\"https:\/\/centcols.org\/articles-dans-cyclotourisme-de-decembre-2013\/#primaryimage\"},\"image\":{\"@id\":\"https:\/\/centcols.org\/articles-dans-cyclotourisme-de-decembre-2013\/#primaryimage\"},\"thumbnailUrl\":\"https:\/\/centcols.org\/wp-content\/uploads\/2025\/05\/bpf_fillion.jpg\",\"datePublished\":\"2013-12-10T12:37:49+00:00\",\"dateModified\":\"2026-04-18T04:03:39+00:00\",\"breadcrumb\":{\"@id\":\"https:\/\/centcols.org\/articles-dans-cyclotourisme-de-decembre-2013\/#breadcrumb\"},\"inLanguage\":\"es\",\"potentialAction\":[{\"@type\":\"ReadAction\",\"target\":[\"https:\/\/centcols.org\/articles-dans-cyclotourisme-de-decembre-2013\/\"]}]},{\"@type\":\"ImageObject\",\"inLanguage\":\"es\",\"@id\":\"https:\/\/centcols.org\/articles-dans-cyclotourisme-de-decembre-2013\/#primaryimage\",\"url\":\"https:\/\/centcols.org\/wp-content\/uploads\/2025\/05\/bpf_fillion.jpg\",\"contentUrl\":\"https:\/\/centcols.org\/wp-content\/uploads\/2025\/05\/bpf_fillion.jpg\",\"width\":480,\"height\":640},{\"@type\":\"BreadcrumbList\",\"@id\":\"https:\/\/centcols.org\/articles-dans-cyclotourisme-de-decembre-2013\/#breadcrumb\",\"itemListElement\":[{\"@type\":\"ListItem\",\"position\":1,\"name\":\"Accueil\",\"item\":\"https:\/\/centcols.org\/\"},{\"@type\":\"ListItem\",\"position\":2,\"name\":\"Articles de presse et vid\u00e9os\",\"item\":\"https:\/\/centcols.org\/rubrique\/articles-de-presse-et-videos\/\"},{\"@type\":\"ListItem\",\"position\":3,\"name\":\"2013\",\"item\":\"https:\/\/centcols.org\/rubrique\/articles-de-presse-et-videos\/2013\/\"},{\"@type\":\"ListItem\",\"position\":4,\"name\":\"Articles dans \u00ab Cyclotourisme \u00bb de d\u00e9cembre 2013\"}]},{\"@type\":\"WebSite\",\"@id\":\"https:\/\/centcols.org\/#website\",\"url\":\"https:\/\/centcols.org\/\",\"name\":\"Club des Cent Cols\",\"description\":\"\",\"publisher\":{\"@id\":\"https:\/\/centcols.org\/#organization\"},\"potentialAction\":[{\"@type\":\"SearchAction\",\"target\":{\"@type\":\"EntryPoint\",\"urlTemplate\":\"https:\/\/centcols.org\/?s={search_term_string}\"},\"query-input\":{\"@type\":\"PropertyValueSpecification\",\"valueRequired\":true,\"valueName\":\"search_term_string\"}}],\"inLanguage\":\"es\"},{\"@type\":\"Organization\",\"@id\":\"https:\/\/centcols.org\/#organization\",\"name\":\"Club des Cent Cols\",\"url\":\"https:\/\/centcols.org\/\",\"logo\":{\"@type\":\"ImageObject\",\"inLanguage\":\"es\",\"@id\":\"https:\/\/centcols.org\/#\/schema\/logo\/image\/\",\"url\":\"https:\/\/centcols.org\/wp-content\/uploads\/2025\/01\/carte-icone.png\",\"contentUrl\":\"https:\/\/centcols.org\/wp-content\/uploads\/2025\/01\/carte-icone.png\",\"width\":250,\"height\":250,\"caption\":\"Club des Cent Cols\"},\"image\":{\"@id\":\"https:\/\/centcols.org\/#\/schema\/logo\/image\/\"},\"sameAs\":[\"https:\/\/www.facebook.com\/groups\/5261880558\/?locale=fr_FR\"]},{\"@type\":\"Person\",\"@id\":\"https:\/\/centcols.org\/#\/schema\/person\/fcdb31e57ffa95295c9683ffdda82afa\",\"name\":\"fabien\",\"image\":{\"@type\":\"ImageObject\",\"inLanguage\":\"es\",\"@id\":\"https:\/\/centcols.org\/wp-content\/litespeed\/avatar\/9065528d4c1ba02f0faf2b7616b2a195.jpg?ver=1777225983\",\"url\":\"https:\/\/centcols.org\/wp-content\/litespeed\/avatar\/9065528d4c1ba02f0faf2b7616b2a195.jpg?ver=1777225983\",\"contentUrl\":\"https:\/\/centcols.org\/wp-content\/litespeed\/avatar\/9065528d4c1ba02f0faf2b7616b2a195.jpg?ver=1777225983\",\"caption\":\"fabien\"},\"url\":\"https:\/\/centcols.org\/es\/author\/fabien\/\"}]}<\/script>\n<!-- \/ Yoast SEO plugin. -->","yoast_head_json":{"title":"Art\u00edculos en el n\u00famero de diciembre de 2013 de Cyclotourisme - Club des Cent Cols","robots":{"index":"index","follow":"follow","max-snippet":"max-snippet:-1","max-image-preview":"max-image-preview:large","max-video-preview":"max-video-preview:-1"},"canonical":"https:\/\/centcols.org\/es\/articulos-en-cyclotourisme-diciembre-2013\/","og_locale":"es_ES","og_type":"article","og_title":"Articles dans \u00ab Cyclotourisme \u00bb de d\u00e9cembre 2013 - Club des Cent Cols","og_description":"Dipl\u00f4mes et prix d\u00e9cern\u00e9s \u00e0 des membres du Club des Cent Cols \u00e0 l&rsquo;AG de la FFCT \u00e0 Biarritz Pr\u00e9sentation de la Randonn\u00e9e Permanente \u00ab Cent Cols en Savoie Mont Blanc \u00bb Concentration r\u00e9gionale Cent Cols \/ Cols Durs au Col des Ares (31)","og_url":"https:\/\/centcols.org\/es\/articulos-en-cyclotourisme-diciembre-2013\/","og_site_name":"Club des Cent Cols","article_publisher":"https:\/\/www.facebook.com\/groups\/5261880558\/?locale=fr_FR","article_published_time":"2013-12-10T12:37:49+00:00","article_modified_time":"2026-04-18T04:03:39+00:00","og_image":[{"width":480,"height":640,"url":"https:\/\/centcols.org\/wp-content\/uploads\/2025\/05\/bpf_fillion.jpg","type":"image\/jpeg"}],"author":"fabien","twitter_card":"summary_large_image","twitter_misc":{"Escrito por":"fabien","Tiempo de lectura":"2 minutos"},"schema":{"@context":"https:\/\/schema.org","@graph":[{"@type":"Article","@id":"https:\/\/centcols.org\/articles-dans-cyclotourisme-de-decembre-2013\/#article","isPartOf":{"@id":"https:\/\/centcols.org\/articles-dans-cyclotourisme-de-decembre-2013\/"},"author":{"name":"fabien","@id":"https:\/\/centcols.org\/#\/schema\/person\/fcdb31e57ffa95295c9683ffdda82afa"},"headline":"Articles dans \u00ab Cyclotourisme \u00bb de d\u00e9cembre 2013","datePublished":"2013-12-10T12:37:49+00:00","dateModified":"2026-04-18T04:03:39+00:00","mainEntityOfPage":{"@id":"https:\/\/centcols.org\/articles-dans-cyclotourisme-de-decembre-2013\/"},"wordCount":50,"publisher":{"@id":"https:\/\/centcols.org\/#organization"},"image":{"@id":"https:\/\/centcols.org\/articles-dans-cyclotourisme-de-decembre-2013\/#primaryimage"},"thumbnailUrl":"https:\/\/centcols.org\/wp-content\/uploads\/2025\/05\/bpf_fillion.jpg","articleSection":["2013"],"inLanguage":"es"},{"@type":"WebPage","@id":"https:\/\/centcols.org\/articles-dans-cyclotourisme-de-decembre-2013\/","url":"https:\/\/centcols.org\/articles-dans-cyclotourisme-de-decembre-2013\/","name":"Art\u00edculos en el n\u00famero de diciembre de 2013 de Cyclotourisme - Club des Cent Cols","isPartOf":{"@id":"https:\/\/centcols.org\/#website"},"primaryImageOfPage":{"@id":"https:\/\/centcols.org\/articles-dans-cyclotourisme-de-decembre-2013\/#primaryimage"},"image":{"@id":"https:\/\/centcols.org\/articles-dans-cyclotourisme-de-decembre-2013\/#primaryimage"},"thumbnailUrl":"https:\/\/centcols.org\/wp-content\/uploads\/2025\/05\/bpf_fillion.jpg","datePublished":"2013-12-10T12:37:49+00:00","dateModified":"2026-04-18T04:03:39+00:00","breadcrumb":{"@id":"https:\/\/centcols.org\/articles-dans-cyclotourisme-de-decembre-2013\/#breadcrumb"},"inLanguage":"es","potentialAction":[{"@type":"ReadAction","target":["https:\/\/centcols.org\/articles-dans-cyclotourisme-de-decembre-2013\/"]}]},{"@type":"ImageObject","inLanguage":"es","@id":"https:\/\/centcols.org\/articles-dans-cyclotourisme-de-decembre-2013\/#primaryimage","url":"https:\/\/centcols.org\/wp-content\/uploads\/2025\/05\/bpf_fillion.jpg","contentUrl":"https:\/\/centcols.org\/wp-content\/uploads\/2025\/05\/bpf_fillion.jpg","width":480,"height":640},{"@type":"BreadcrumbList","@id":"https:\/\/centcols.org\/articles-dans-cyclotourisme-de-decembre-2013\/#breadcrumb","itemListElement":[{"@type":"ListItem","position":1,"name":"Accueil","item":"https:\/\/centcols.org\/"},{"@type":"ListItem","position":2,"name":"Articles de presse et vid\u00e9os","item":"https:\/\/centcols.org\/rubrique\/articles-de-presse-et-videos\/"},{"@type":"ListItem","position":3,"name":"2013","item":"https:\/\/centcols.org\/rubrique\/articles-de-presse-et-videos\/2013\/"},{"@type":"ListItem","position":4,"name":"Articles dans \u00ab Cyclotourisme \u00bb de d\u00e9cembre 2013"}]},{"@type":"WebSite","@id":"https:\/\/centcols.org\/#website","url":"https:\/\/centcols.org\/","name":"Club des Cent Cols","description":"","publisher":{"@id":"https:\/\/centcols.org\/#organization"},"potentialAction":[{"@type":"SearchAction","target":{"@type":"EntryPoint","urlTemplate":"https:\/\/centcols.org\/?s={search_term_string}"},"query-input":{"@type":"PropertyValueSpecification","valueRequired":true,"valueName":"search_term_string"}}],"inLanguage":"es"},{"@type":"Organization","@id":"https:\/\/centcols.org\/#organization","name":"Club des Cent Cols","url":"https:\/\/centcols.org\/","logo":{"@type":"ImageObject","inLanguage":"es","@id":"https:\/\/centcols.org\/#\/schema\/logo\/image\/","url":"https:\/\/centcols.org\/wp-content\/uploads\/2025\/01\/carte-icone.png","contentUrl":"https:\/\/centcols.org\/wp-content\/uploads\/2025\/01\/carte-icone.png","width":250,"height":250,"caption":"Club des Cent Cols"},"image":{"@id":"https:\/\/centcols.org\/#\/schema\/logo\/image\/"},"sameAs":["https:\/\/www.facebook.com\/groups\/5261880558\/?locale=fr_FR"]},{"@type":"Person","@id":"https:\/\/centcols.org\/#\/schema\/person\/fcdb31e57ffa95295c9683ffdda82afa","name":"fabien","image":{"@type":"ImageObject","inLanguage":"es","@id":"https:\/\/centcols.org\/wp-content\/litespeed\/avatar\/9065528d4c1ba02f0faf2b7616b2a195.jpg?ver=1777225983","url":"https:\/\/centcols.org\/wp-content\/litespeed\/avatar\/9065528d4c1ba02f0faf2b7616b2a195.jpg?ver=1777225983","contentUrl":"https:\/\/centcols.org\/wp-content\/litespeed\/avatar\/9065528d4c1ba02f0faf2b7616b2a195.jpg?ver=1777225983","caption":"fabien"},"url":"https:\/\/centcols.org\/es\/author\/fabien\/"}]}},"_links":{"self":[{"href":"https:\/\/centcols.org\/es\/wp-json\/wp\/v2\/posts\/80841","targetHints":{"allow":["GET"]}}],"collection":[{"href":"https:\/\/centcols.org\/es\/wp-json\/wp\/v2\/posts"}],"about":[{"href":"https:\/\/centcols.org\/es\/wp-json\/wp\/v2\/types\/post"}],"author":[{"embeddable":true,"href":"https:\/\/centcols.org\/es\/wp-json\/wp\/v2\/users\/2"}],"replies":[{"embeddable":true,"href":"https:\/\/centcols.org\/es\/wp-json\/wp\/v2\/comments?post=80841"}],"version-history":[{"count":0,"href":"https:\/\/centcols.org\/es\/wp-json\/wp\/v2\/posts\/80841\/revisions"}],"wp:featuredmedia":[{"embeddable":true,"href":"https:\/\/centcols.org\/es\/wp-json\/wp\/v2\/media\/80842"}],"wp:attachment":[{"href":"https:\/\/centcols.org\/es\/wp-json\/wp\/v2\/media?parent=80841"}],"wp:term":[{"taxonomy":"category","embeddable":true,"href":"https:\/\/centcols.org\/es\/wp-json\/wp\/v2\/categories?post=80841"},{"taxonomy":"post_tag","embeddable":true,"href":"https:\/\/centcols.org\/es\/wp-json\/wp\/v2\/tags?post=80841"}],"curies":[{"name":"wp","href":"https:\/\/api.w.org\/{rel}","templated":true}]}}