{"id":80969,"date":"2015-04-21T15:50:52","date_gmt":"2015-04-21T13:50:52","guid":{"rendered":"https:\/\/centcols.org\/05-10-00-frank-jacon-nous-envoie-une-photo-prise-lors-du-recent-sejour-en-corse\/"},"modified":"2025-09-15T10:56:47","modified_gmt":"2025-09-15T08:56:47","slug":"05-10-00-frank-jacon-nos-envia-una-foto-tomada-durante-un-reciente-viaje-a-corcega","status":"publish","type":"post","link":"https:\/\/centcols.org\/es\/05-10-00-frank-jacon-nous-envoie-une-photo-prise-lors-du-recent-sejour-en-corse\/","title":{"rendered":"05\/10\/00: Frank Jacon nos env\u00eda una foto tomada durante su reciente viaje a C\u00f3rcega."},"content":{"rendered":"<p>Durante el viaje a C\u00f3rcega organizado por Michel DEPONT a petici\u00f3n del Club de los Cien Pases, y bajo la direcci\u00f3n de Philippe CARREZ, el bret\u00f3n responsable de la p\u00e1gina web, una decena de ciclistas se lanzaron a una fren\u00e9tica caza. Tanto es as\u00ed que se trajeron m\u00e1s de 80 pases de los 45 que figuraban en el programa.<br>As\u00ed que no es de extra\u00f1ar encontrar a 5 de ellos en una pista pedregosa a unos 2 km de la BOCCA D'OMINANDA que conduce a CORTE, con, de izquierda a derecha, Jean-Yves BLANCHARD, Jean PERRET, Daniel GOUY, Franck JACON y Philippe CARREZ.<\/p>\n\n\n\n<figure class=\"wp-block-image size-full\"><img loading=\"lazy\" decoding=\"async\" width=\"760\" height=\"567\" src=\"https:\/\/centcols.org\/wp-content\/uploads\/2025\/05\/colcorse.jpg\" alt=\"\" class=\"wp-image-80970\"\/><\/figure>\n\n\n\n<p><\/p>\n\n\n\n<p>De hecho, esta ruta nos permiti\u00f3 coger 3 puertos: Colletta de Sualello, Bocca Petrera y Bocca Turligno. Toda una cosecha para un kil\u00f3metro. Recordar\u00e1n esta aventura por la resistencia de los neum\u00e1ticos Michelin y la ausencia de da\u00f1os en las motos: s\u00f3lo a dos de nosotros nos quitaron un radio de la rueda.<\/p>\n\n\n\n<p>Merec\u00eda ser fotografiado.<\/p>\n\n\n\n<p><strong>Frank Jacon&nbsp;<\/strong> (Estrasburgo)<\/p>","protected":false},"excerpt":{"rendered":"<p>Lors du s\u00e9jour CORSE organis\u00e9 par Michel DEPONT \u00e0 la demande du club des cent cols, et sous la conduite de Philippe CARREZ, vous savez le breton responsable du site internet, une dizaine de cyclos se sont lanc\u00e9s dans une chasse effr\u00e9n\u00e9e. Tant et si bien qu&rsquo;ils ramen\u00e8rent dans leur besace plus de 80 cols [&hellip;]<\/p>\n","protected":false},"author":2,"featured_media":80970,"comment_status":"closed","ping_status":"open","sticky":false,"template":"","format":"standard","meta":{"_acf_changed":false,"footnotes":""},"categories":[122,241],"tags":[],"class_list":["post-80969","post","type-post","status-publish","format-standard","has-post-thumbnail","hentry","category-archives","category-2000-archives"],"acf":[],"yoast_head":"<!-- This site is optimized with the Yoast SEO plugin v27.2 - https:\/\/yoast.com\/product\/yoast-seo-wordpress\/ -->\n<title>05\/10\/00 : Frank Jacon nous envoie une photo prise lors du r\u00e9cent s\u00e9jour en Corse. - Club des Cent Cols<\/title>\n<meta name=\"robots\" content=\"index, follow, max-snippet:-1, max-image-preview:large, max-video-preview:-1\" \/>\n<link rel=\"canonical\" href=\"https:\/\/centcols.org\/es\/05-10-00-frank-jacon-nos-envia-una-foto-tomada-durante-un-reciente-viaje-a-corcega\/\" \/>\n<meta property=\"og:locale\" content=\"es_ES\" \/>\n<meta property=\"og:type\" content=\"article\" \/>\n<meta property=\"og:title\" content=\"05\/10\/00 : Frank Jacon nous envoie une photo prise lors du r\u00e9cent s\u00e9jour en Corse. - Club des Cent Cols\" \/>\n<meta property=\"og:description\" content=\"Lors du s\u00e9jour CORSE organis\u00e9 par Michel DEPONT \u00e0 la demande du club des cent cols, et sous la conduite de Philippe CARREZ, vous savez le breton responsable du site internet, une dizaine de cyclos se sont lanc\u00e9s dans une chasse effr\u00e9n\u00e9e. Tant et si bien qu&rsquo;ils ramen\u00e8rent dans leur besace plus de 80 cols [&hellip;]\" \/>\n<meta property=\"og:url\" content=\"https:\/\/centcols.org\/es\/05-10-00-frank-jacon-nos-envia-una-foto-tomada-durante-un-reciente-viaje-a-corcega\/\" \/>\n<meta property=\"og:site_name\" content=\"Club des Cent Cols\" \/>\n<meta property=\"article:publisher\" content=\"https:\/\/www.facebook.com\/groups\/5261880558\/?locale=fr_FR\" \/>\n<meta property=\"article:published_time\" content=\"2015-04-21T13:50:52+00:00\" \/>\n<meta property=\"article:modified_time\" content=\"2025-09-15T08:56:47+00:00\" \/>\n<meta property=\"og:image\" content=\"https:\/\/centcols.org\/wp-content\/uploads\/2025\/05\/colcorse.jpg\" \/>\n\t<meta property=\"og:image:width\" content=\"760\" \/>\n\t<meta property=\"og:image:height\" content=\"567\" \/>\n\t<meta property=\"og:image:type\" content=\"image\/jpeg\" \/>\n<meta name=\"author\" content=\"fabien\" \/>\n<meta name=\"twitter:card\" content=\"summary_large_image\" \/>\n<meta name=\"twitter:label1\" content=\"Escrito por\" \/>\n\t<meta name=\"twitter:data1\" content=\"fabien\" \/>\n\t<meta name=\"twitter:label2\" content=\"Tiempo de lectura\" \/>\n\t<meta name=\"twitter:data2\" content=\"2 minutos\" \/>\n<script type=\"application\/ld+json\" class=\"yoast-schema-graph\">{\"@context\":\"https:\/\/schema.org\",\"@graph\":[{\"@type\":\"Article\",\"@id\":\"https:\/\/centcols.org\/05-10-00-frank-jacon-nous-envoie-une-photo-prise-lors-du-recent-sejour-en-corse\/#article\",\"isPartOf\":{\"@id\":\"https:\/\/centcols.org\/05-10-00-frank-jacon-nous-envoie-une-photo-prise-lors-du-recent-sejour-en-corse\/\"},\"author\":{\"name\":\"fabien\",\"@id\":\"https:\/\/centcols.org\/#\/schema\/person\/fcdb31e57ffa95295c9683ffdda82afa\"},\"headline\":\"05\/10\/00 : Frank Jacon nous envoie une photo prise lors du r\u00e9cent s\u00e9jour en Corse.\",\"datePublished\":\"2015-04-21T13:50:52+00:00\",\"dateModified\":\"2025-09-15T08:56:47+00:00\",\"mainEntityOfPage\":{\"@id\":\"https:\/\/centcols.org\/05-10-00-frank-jacon-nous-envoie-une-photo-prise-lors-du-recent-sejour-en-corse\/\"},\"wordCount\":191,\"publisher\":{\"@id\":\"https:\/\/centcols.org\/#organization\"},\"image\":{\"@id\":\"https:\/\/centcols.org\/05-10-00-frank-jacon-nous-envoie-une-photo-prise-lors-du-recent-sejour-en-corse\/#primaryimage\"},\"thumbnailUrl\":\"https:\/\/centcols.org\/wp-content\/uploads\/2025\/05\/colcorse.jpg\",\"articleSection\":[\"Archives\",\"2000-a\"],\"inLanguage\":\"es\"},{\"@type\":\"WebPage\",\"@id\":\"https:\/\/centcols.org\/05-10-00-frank-jacon-nous-envoie-une-photo-prise-lors-du-recent-sejour-en-corse\/\",\"url\":\"https:\/\/centcols.org\/05-10-00-frank-jacon-nous-envoie-une-photo-prise-lors-du-recent-sejour-en-corse\/\",\"name\":\"05\/10\/00 : Frank Jacon nous envoie une photo prise lors du r\u00e9cent s\u00e9jour en Corse. - Club des Cent Cols\",\"isPartOf\":{\"@id\":\"https:\/\/centcols.org\/#website\"},\"primaryImageOfPage\":{\"@id\":\"https:\/\/centcols.org\/05-10-00-frank-jacon-nous-envoie-une-photo-prise-lors-du-recent-sejour-en-corse\/#primaryimage\"},\"image\":{\"@id\":\"https:\/\/centcols.org\/05-10-00-frank-jacon-nous-envoie-une-photo-prise-lors-du-recent-sejour-en-corse\/#primaryimage\"},\"thumbnailUrl\":\"https:\/\/centcols.org\/wp-content\/uploads\/2025\/05\/colcorse.jpg\",\"datePublished\":\"2015-04-21T13:50:52+00:00\",\"dateModified\":\"2025-09-15T08:56:47+00:00\",\"breadcrumb\":{\"@id\":\"https:\/\/centcols.org\/05-10-00-frank-jacon-nous-envoie-une-photo-prise-lors-du-recent-sejour-en-corse\/#breadcrumb\"},\"inLanguage\":\"es\",\"potentialAction\":[{\"@type\":\"ReadAction\",\"target\":[\"https:\/\/centcols.org\/05-10-00-frank-jacon-nous-envoie-une-photo-prise-lors-du-recent-sejour-en-corse\/\"]}]},{\"@type\":\"ImageObject\",\"inLanguage\":\"es\",\"@id\":\"https:\/\/centcols.org\/05-10-00-frank-jacon-nous-envoie-une-photo-prise-lors-du-recent-sejour-en-corse\/#primaryimage\",\"url\":\"https:\/\/centcols.org\/wp-content\/uploads\/2025\/05\/colcorse.jpg\",\"contentUrl\":\"https:\/\/centcols.org\/wp-content\/uploads\/2025\/05\/colcorse.jpg\",\"width\":760,\"height\":567},{\"@type\":\"BreadcrumbList\",\"@id\":\"https:\/\/centcols.org\/05-10-00-frank-jacon-nous-envoie-une-photo-prise-lors-du-recent-sejour-en-corse\/#breadcrumb\",\"itemListElement\":[{\"@type\":\"ListItem\",\"position\":1,\"name\":\"Accueil\",\"item\":\"https:\/\/centcols.org\/\"},{\"@type\":\"ListItem\",\"position\":2,\"name\":\"Archives\",\"item\":\"https:\/\/centcols.org\/rubrique\/archives\/\"},{\"@type\":\"ListItem\",\"position\":3,\"name\":\"05\/10\/00 : Frank Jacon nous envoie une photo prise lors du r\u00e9cent s\u00e9jour en Corse.\"}]},{\"@type\":\"WebSite\",\"@id\":\"https:\/\/centcols.org\/#website\",\"url\":\"https:\/\/centcols.org\/\",\"name\":\"Club des Cent Cols\",\"description\":\"\",\"publisher\":{\"@id\":\"https:\/\/centcols.org\/#organization\"},\"potentialAction\":[{\"@type\":\"SearchAction\",\"target\":{\"@type\":\"EntryPoint\",\"urlTemplate\":\"https:\/\/centcols.org\/?s={search_term_string}\"},\"query-input\":{\"@type\":\"PropertyValueSpecification\",\"valueRequired\":true,\"valueName\":\"search_term_string\"}}],\"inLanguage\":\"es\"},{\"@type\":\"Organization\",\"@id\":\"https:\/\/centcols.org\/#organization\",\"name\":\"Club des Cent Cols\",\"url\":\"https:\/\/centcols.org\/\",\"logo\":{\"@type\":\"ImageObject\",\"inLanguage\":\"es\",\"@id\":\"https:\/\/centcols.org\/#\/schema\/logo\/image\/\",\"url\":\"https:\/\/centcols.org\/wp-content\/uploads\/2025\/01\/carte-icone.png\",\"contentUrl\":\"https:\/\/centcols.org\/wp-content\/uploads\/2025\/01\/carte-icone.png\",\"width\":250,\"height\":250,\"caption\":\"Club des Cent Cols\"},\"image\":{\"@id\":\"https:\/\/centcols.org\/#\/schema\/logo\/image\/\"},\"sameAs\":[\"https:\/\/www.facebook.com\/groups\/5261880558\/?locale=fr_FR\"]},{\"@type\":\"Person\",\"@id\":\"https:\/\/centcols.org\/#\/schema\/person\/fcdb31e57ffa95295c9683ffdda82afa\",\"name\":\"fabien\",\"image\":{\"@type\":\"ImageObject\",\"inLanguage\":\"es\",\"@id\":\"https:\/\/centcols.org\/wp-content\/litespeed\/avatar\/9065528d4c1ba02f0faf2b7616b2a195.jpg?ver=1777225983\",\"url\":\"https:\/\/centcols.org\/wp-content\/litespeed\/avatar\/9065528d4c1ba02f0faf2b7616b2a195.jpg?ver=1777225983\",\"contentUrl\":\"https:\/\/centcols.org\/wp-content\/litespeed\/avatar\/9065528d4c1ba02f0faf2b7616b2a195.jpg?ver=1777225983\",\"caption\":\"fabien\"},\"url\":\"https:\/\/centcols.org\/es\/author\/fabien\/\"}]}<\/script>\n<!-- \/ Yoast SEO plugin. -->","yoast_head_json":{"title":"05\/10\/00: Frank Jacon nos env\u00eda una foto tomada durante su reciente viaje a C\u00f3rcega. - Club des Cent Cols","robots":{"index":"index","follow":"follow","max-snippet":"max-snippet:-1","max-image-preview":"max-image-preview:large","max-video-preview":"max-video-preview:-1"},"canonical":"https:\/\/centcols.org\/es\/05-10-00-frank-jacon-nos-envia-una-foto-tomada-durante-un-reciente-viaje-a-corcega\/","og_locale":"es_ES","og_type":"article","og_title":"05\/10\/00 : Frank Jacon nous envoie une photo prise lors du r\u00e9cent s\u00e9jour en Corse. - Club des Cent Cols","og_description":"Lors du s\u00e9jour CORSE organis\u00e9 par Michel DEPONT \u00e0 la demande du club des cent cols, et sous la conduite de Philippe CARREZ, vous savez le breton responsable du site internet, une dizaine de cyclos se sont lanc\u00e9s dans une chasse effr\u00e9n\u00e9e. Tant et si bien qu&rsquo;ils ramen\u00e8rent dans leur besace plus de 80 cols [&hellip;]","og_url":"https:\/\/centcols.org\/es\/05-10-00-frank-jacon-nos-envia-una-foto-tomada-durante-un-reciente-viaje-a-corcega\/","og_site_name":"Club des Cent Cols","article_publisher":"https:\/\/www.facebook.com\/groups\/5261880558\/?locale=fr_FR","article_published_time":"2015-04-21T13:50:52+00:00","article_modified_time":"2025-09-15T08:56:47+00:00","og_image":[{"width":760,"height":567,"url":"https:\/\/centcols.org\/wp-content\/uploads\/2025\/05\/colcorse.jpg","type":"image\/jpeg"}],"author":"fabien","twitter_card":"summary_large_image","twitter_misc":{"Escrito por":"fabien","Tiempo de lectura":"2 minutos"},"schema":{"@context":"https:\/\/schema.org","@graph":[{"@type":"Article","@id":"https:\/\/centcols.org\/05-10-00-frank-jacon-nous-envoie-une-photo-prise-lors-du-recent-sejour-en-corse\/#article","isPartOf":{"@id":"https:\/\/centcols.org\/05-10-00-frank-jacon-nous-envoie-une-photo-prise-lors-du-recent-sejour-en-corse\/"},"author":{"name":"fabien","@id":"https:\/\/centcols.org\/#\/schema\/person\/fcdb31e57ffa95295c9683ffdda82afa"},"headline":"05\/10\/00 : Frank Jacon nous envoie une photo prise lors du r\u00e9cent s\u00e9jour en Corse.","datePublished":"2015-04-21T13:50:52+00:00","dateModified":"2025-09-15T08:56:47+00:00","mainEntityOfPage":{"@id":"https:\/\/centcols.org\/05-10-00-frank-jacon-nous-envoie-une-photo-prise-lors-du-recent-sejour-en-corse\/"},"wordCount":191,"publisher":{"@id":"https:\/\/centcols.org\/#organization"},"image":{"@id":"https:\/\/centcols.org\/05-10-00-frank-jacon-nous-envoie-une-photo-prise-lors-du-recent-sejour-en-corse\/#primaryimage"},"thumbnailUrl":"https:\/\/centcols.org\/wp-content\/uploads\/2025\/05\/colcorse.jpg","articleSection":["Archives","2000-a"],"inLanguage":"es"},{"@type":"WebPage","@id":"https:\/\/centcols.org\/05-10-00-frank-jacon-nous-envoie-une-photo-prise-lors-du-recent-sejour-en-corse\/","url":"https:\/\/centcols.org\/05-10-00-frank-jacon-nous-envoie-une-photo-prise-lors-du-recent-sejour-en-corse\/","name":"05\/10\/00: Frank Jacon nos env\u00eda una foto tomada durante su reciente viaje a C\u00f3rcega. - Club des Cent Cols","isPartOf":{"@id":"https:\/\/centcols.org\/#website"},"primaryImageOfPage":{"@id":"https:\/\/centcols.org\/05-10-00-frank-jacon-nous-envoie-une-photo-prise-lors-du-recent-sejour-en-corse\/#primaryimage"},"image":{"@id":"https:\/\/centcols.org\/05-10-00-frank-jacon-nous-envoie-une-photo-prise-lors-du-recent-sejour-en-corse\/#primaryimage"},"thumbnailUrl":"https:\/\/centcols.org\/wp-content\/uploads\/2025\/05\/colcorse.jpg","datePublished":"2015-04-21T13:50:52+00:00","dateModified":"2025-09-15T08:56:47+00:00","breadcrumb":{"@id":"https:\/\/centcols.org\/05-10-00-frank-jacon-nous-envoie-une-photo-prise-lors-du-recent-sejour-en-corse\/#breadcrumb"},"inLanguage":"es","potentialAction":[{"@type":"ReadAction","target":["https:\/\/centcols.org\/05-10-00-frank-jacon-nous-envoie-une-photo-prise-lors-du-recent-sejour-en-corse\/"]}]},{"@type":"ImageObject","inLanguage":"es","@id":"https:\/\/centcols.org\/05-10-00-frank-jacon-nous-envoie-une-photo-prise-lors-du-recent-sejour-en-corse\/#primaryimage","url":"https:\/\/centcols.org\/wp-content\/uploads\/2025\/05\/colcorse.jpg","contentUrl":"https:\/\/centcols.org\/wp-content\/uploads\/2025\/05\/colcorse.jpg","width":760,"height":567},{"@type":"BreadcrumbList","@id":"https:\/\/centcols.org\/05-10-00-frank-jacon-nous-envoie-une-photo-prise-lors-du-recent-sejour-en-corse\/#breadcrumb","itemListElement":[{"@type":"ListItem","position":1,"name":"Accueil","item":"https:\/\/centcols.org\/"},{"@type":"ListItem","position":2,"name":"Archives","item":"https:\/\/centcols.org\/rubrique\/archives\/"},{"@type":"ListItem","position":3,"name":"05\/10\/00 : Frank Jacon nous envoie une photo prise lors du r\u00e9cent s\u00e9jour en Corse."}]},{"@type":"WebSite","@id":"https:\/\/centcols.org\/#website","url":"https:\/\/centcols.org\/","name":"Club des Cent Cols","description":"","publisher":{"@id":"https:\/\/centcols.org\/#organization"},"potentialAction":[{"@type":"SearchAction","target":{"@type":"EntryPoint","urlTemplate":"https:\/\/centcols.org\/?s={search_term_string}"},"query-input":{"@type":"PropertyValueSpecification","valueRequired":true,"valueName":"search_term_string"}}],"inLanguage":"es"},{"@type":"Organization","@id":"https:\/\/centcols.org\/#organization","name":"Club des Cent Cols","url":"https:\/\/centcols.org\/","logo":{"@type":"ImageObject","inLanguage":"es","@id":"https:\/\/centcols.org\/#\/schema\/logo\/image\/","url":"https:\/\/centcols.org\/wp-content\/uploads\/2025\/01\/carte-icone.png","contentUrl":"https:\/\/centcols.org\/wp-content\/uploads\/2025\/01\/carte-icone.png","width":250,"height":250,"caption":"Club des Cent Cols"},"image":{"@id":"https:\/\/centcols.org\/#\/schema\/logo\/image\/"},"sameAs":["https:\/\/www.facebook.com\/groups\/5261880558\/?locale=fr_FR"]},{"@type":"Person","@id":"https:\/\/centcols.org\/#\/schema\/person\/fcdb31e57ffa95295c9683ffdda82afa","name":"fabien","image":{"@type":"ImageObject","inLanguage":"es","@id":"https:\/\/centcols.org\/wp-content\/litespeed\/avatar\/9065528d4c1ba02f0faf2b7616b2a195.jpg?ver=1777225983","url":"https:\/\/centcols.org\/wp-content\/litespeed\/avatar\/9065528d4c1ba02f0faf2b7616b2a195.jpg?ver=1777225983","contentUrl":"https:\/\/centcols.org\/wp-content\/litespeed\/avatar\/9065528d4c1ba02f0faf2b7616b2a195.jpg?ver=1777225983","caption":"fabien"},"url":"https:\/\/centcols.org\/es\/author\/fabien\/"}]}},"_links":{"self":[{"href":"https:\/\/centcols.org\/es\/wp-json\/wp\/v2\/posts\/80969","targetHints":{"allow":["GET"]}}],"collection":[{"href":"https:\/\/centcols.org\/es\/wp-json\/wp\/v2\/posts"}],"about":[{"href":"https:\/\/centcols.org\/es\/wp-json\/wp\/v2\/types\/post"}],"author":[{"embeddable":true,"href":"https:\/\/centcols.org\/es\/wp-json\/wp\/v2\/users\/2"}],"replies":[{"embeddable":true,"href":"https:\/\/centcols.org\/es\/wp-json\/wp\/v2\/comments?post=80969"}],"version-history":[{"count":0,"href":"https:\/\/centcols.org\/es\/wp-json\/wp\/v2\/posts\/80969\/revisions"}],"wp:featuredmedia":[{"embeddable":true,"href":"https:\/\/centcols.org\/es\/wp-json\/wp\/v2\/media\/80970"}],"wp:attachment":[{"href":"https:\/\/centcols.org\/es\/wp-json\/wp\/v2\/media?parent=80969"}],"wp:term":[{"taxonomy":"category","embeddable":true,"href":"https:\/\/centcols.org\/es\/wp-json\/wp\/v2\/categories?post=80969"},{"taxonomy":"post_tag","embeddable":true,"href":"https:\/\/centcols.org\/es\/wp-json\/wp\/v2\/tags?post=80969"}],"curies":[{"name":"wp","href":"https:\/\/api.w.org\/{rel}","templated":true}]}}