{"id":80981,"date":"2010-08-20T08:06:58","date_gmt":"2010-08-20T06:06:58","guid":{"rendered":"https:\/\/centcols.org\/hommage-a-roland-grimaud\/"},"modified":"2025-10-15T03:20:31","modified_gmt":"2025-10-15T01:20:31","slug":"homenaje-a-roland-grimaud","status":"publish","type":"post","link":"https:\/\/centcols.org\/es\/hommage-a-roland-grimaud\/","title":{"rendered":"Homenaje a Roland Grimaud"},"content":{"rendered":"<h2>Roland Grimaud 1952-2010<\/h2>\n<p>Con gran tristeza nos enteramos del fallecimiento de nuestro coordinador de Randonn\u00e9es Permanentes el 5 de agosto de 2010, <b>Roland Grimaud<\/b>.<\/p>\n<p>Miembro del Club des Cent Cols desde 1987 (n\u00ba 2696), Roland sufri\u00f3 un grave accidente vascular durante el recorrido de Cent Cols de Vesc en 2001. Desde entonces, no ha podido practicar ciclismo, pero siempre ha permanecido muy unido a nuestro club y a sus valores. Desde 2007, hab\u00eda tomado el relevo de Jean-Marc Lef\u00e8vre como coordinador de las Randonn\u00e9es Permanentes. El Club ha perdido una vez m\u00e1s a un miembro muy humano. Adem\u00e1s de su papel en el Club, Roland era muy activo en la asociaci\u00f3n <i>Bicicletas para \u00c1frica<\/i>, para la que recog\u00eda regularmente bicicletas y piezas de segunda mano durante los viajes y concentraciones de Cent Cols, especialmente en Ch\u00e2teau-Arnoux y Yenne.<\/p>\n<p>Roland fue enterrado el martes 10 de agosto en B\u00e9sayes (26).<\/p>\n<p>Nuestro colega Alf\u00e9o Lotto asisti\u00f3 al funeral:<\/p>\n<p><em>\u00a0\u00bbLa iglesia de B\u00e9sayes era demasiado peque\u00f1a para acoger a todos los que vinieron a acompa\u00f1ar a Roland en su \u00faltimo paseo.<\/em><\/p>\n<p><em>Se entreg\u00f3 mucho al ciclismo, t\u00e1ndem con su mujer, los Cent Cols con los Randos Permanentes, la lucha contra la fibrosis qu\u00edstica y el Fondus de l'Ubaye, Bicicletas para \u00c1frica... Una vida volcada hacia los dem\u00e1s a pesar de una salud precaria y mucho sufrimiento. Su otra pasi\u00f3n era la jardiner\u00eda y, sobre todo, amaba las flores. Dese\u00e9mosle un jard\u00edn lleno de flores donde ahora descansa. Su esposa Fran\u00e7oise, tambi\u00e9n miembro del Club, comparti\u00f3 con nosotros su emoci\u00f3n:<\/em><\/p>\n<p><em>No me hab\u00eda dado cuenta de que hab\u00eda dejado tantos amigos y de lo mucho que todos apreciaban su implicaci\u00f3n en el club. Era un hombre discreto pero eficaz. Desde el 13 de agosto de 2001 en Vesc, ha tenido su raci\u00f3n de sufrimiento; se ha ido, pero dici\u00e9ndonos a todos que \u00abaprendamos de las diferencias de los dem\u00e1s\u00bb.<\/em><\/p>\n<p><em>El ciclismo siempre ha formado parte de su vida. Uno de sus hermanos le compr\u00f3 su primera bicicleta de carreras, y nos conocimos porque yo iba a ver carreras de ciclocross, y gracias a \u00e9l descubr\u00ed gran parte de Francia pedaleando. Llam\u00e9 GAZOU a nuestro t\u00e1ndem porque con \u00e9l no hac\u00eda falta aceite Gazou, \u00a1pero o\u00edr los Gazoullis de los pajaritos era maravilloso! \u00ab\u00a0<\/em><\/p>\n<p>En homenaje a Roland, la reuni\u00f3n regional <i>Alpes del Sur<\/i> que normalmente se celebra en septiembre, se llamar\u00e1 ahora <i>En memoria de Roland Grimaud<\/i>. Esta regi\u00f3n le era muy querida, e invitaba generosamente a todos los miembros del Club que pasaban entre Embrun y Brian\u00e7on a detenerse en su casa.<\/p>","protected":false},"excerpt":{"rendered":"<p>Roland Grimaud 1952-2010 C&rsquo;est avec une grande tristesse que nous avons appris le d\u00e9c\u00e8s le 5 ao\u00fbt 2010 de notre coordonnateur des Randonn\u00e9es Permanentes, Roland Grimaud. Membre du Club des Cent Cols depuis 1987 (n\u00b0 2696) Roland avait \u00e9t\u00e9 frapp\u00e9 par un grave accident vasculaire lors du s\u00e9jour Cent Cols de Vesc en 2001. Depuis, [&hellip;]<\/p>\n","protected":false},"author":2,"featured_media":0,"comment_status":"open","ping_status":"open","sticky":false,"template":"","format":"standard","meta":{"_acf_changed":false,"footnotes":""},"categories":[130],"tags":[],"class_list":["post-80981","post","type-post","status-publish","format-standard","hentry","category-carnet-noir"],"acf":[],"yoast_head":"<!-- This site is optimized with the Yoast SEO plugin v27.2 - https:\/\/yoast.com\/product\/yoast-seo-wordpress\/ -->\n<title>Hommage \u00e0 Roland Grimaud - Club des Cent Cols<\/title>\n<meta name=\"robots\" content=\"index, follow, max-snippet:-1, max-image-preview:large, max-video-preview:-1\" \/>\n<link rel=\"canonical\" href=\"https:\/\/centcols.org\/es\/homenaje-a-roland-grimaud\/\" \/>\n<meta property=\"og:locale\" content=\"es_ES\" \/>\n<meta property=\"og:type\" content=\"article\" \/>\n<meta property=\"og:title\" content=\"Hommage \u00e0 Roland Grimaud - Club des Cent Cols\" \/>\n<meta property=\"og:description\" content=\"Roland Grimaud 1952-2010 C&rsquo;est avec une grande tristesse que nous avons appris le d\u00e9c\u00e8s le 5 ao\u00fbt 2010 de notre coordonnateur des Randonn\u00e9es Permanentes, Roland Grimaud. Membre du Club des Cent Cols depuis 1987 (n\u00b0 2696) Roland avait \u00e9t\u00e9 frapp\u00e9 par un grave accident vasculaire lors du s\u00e9jour Cent Cols de Vesc en 2001. Depuis, [&hellip;]\" \/>\n<meta property=\"og:url\" content=\"https:\/\/centcols.org\/es\/homenaje-a-roland-grimaud\/\" \/>\n<meta property=\"og:site_name\" content=\"Club des Cent Cols\" \/>\n<meta property=\"article:publisher\" content=\"https:\/\/www.facebook.com\/groups\/5261880558\/?locale=fr_FR\" \/>\n<meta property=\"article:published_time\" content=\"2010-08-20T06:06:58+00:00\" \/>\n<meta property=\"article:modified_time\" content=\"2025-10-15T01:20:31+00:00\" \/>\n<meta name=\"author\" content=\"fabien\" \/>\n<meta name=\"twitter:card\" content=\"summary_large_image\" \/>\n<meta name=\"twitter:label1\" content=\"Escrito por\" \/>\n\t<meta name=\"twitter:data1\" content=\"fabien\" \/>\n\t<meta name=\"twitter:label2\" content=\"Tiempo de lectura\" \/>\n\t<meta name=\"twitter:data2\" content=\"2 minutos\" \/>\n<script type=\"application\/ld+json\" class=\"yoast-schema-graph\">{\"@context\":\"https:\/\/schema.org\",\"@graph\":[{\"@type\":\"Article\",\"@id\":\"https:\/\/centcols.org\/hommage-a-roland-grimaud\/#article\",\"isPartOf\":{\"@id\":\"https:\/\/centcols.org\/hommage-a-roland-grimaud\/\"},\"author\":{\"name\":\"fabien\",\"@id\":\"https:\/\/centcols.org\/#\/schema\/person\/fcdb31e57ffa95295c9683ffdda82afa\"},\"headline\":\"Hommage \u00e0 Roland Grimaud\",\"datePublished\":\"2010-08-20T06:06:58+00:00\",\"dateModified\":\"2025-10-15T01:20:31+00:00\",\"mainEntityOfPage\":{\"@id\":\"https:\/\/centcols.org\/hommage-a-roland-grimaud\/\"},\"wordCount\":502,\"commentCount\":0,\"publisher\":{\"@id\":\"https:\/\/centcols.org\/#organization\"},\"articleSection\":[\"Carnet noir\"],\"inLanguage\":\"es\",\"potentialAction\":[{\"@type\":\"CommentAction\",\"name\":\"Comment\",\"target\":[\"https:\/\/centcols.org\/hommage-a-roland-grimaud\/#respond\"]}]},{\"@type\":\"WebPage\",\"@id\":\"https:\/\/centcols.org\/hommage-a-roland-grimaud\/\",\"url\":\"https:\/\/centcols.org\/hommage-a-roland-grimaud\/\",\"name\":\"Hommage \u00e0 Roland Grimaud - Club des Cent Cols\",\"isPartOf\":{\"@id\":\"https:\/\/centcols.org\/#website\"},\"datePublished\":\"2010-08-20T06:06:58+00:00\",\"dateModified\":\"2025-10-15T01:20:31+00:00\",\"breadcrumb\":{\"@id\":\"https:\/\/centcols.org\/hommage-a-roland-grimaud\/#breadcrumb\"},\"inLanguage\":\"es\",\"potentialAction\":[{\"@type\":\"ReadAction\",\"target\":[\"https:\/\/centcols.org\/hommage-a-roland-grimaud\/\"]}]},{\"@type\":\"BreadcrumbList\",\"@id\":\"https:\/\/centcols.org\/hommage-a-roland-grimaud\/#breadcrumb\",\"itemListElement\":[{\"@type\":\"ListItem\",\"position\":1,\"name\":\"Accueil\",\"item\":\"https:\/\/centcols.org\/\"},{\"@type\":\"ListItem\",\"position\":2,\"name\":\"Gazette\",\"item\":\"https:\/\/centcols.org\/rubrique\/gazette\/\"},{\"@type\":\"ListItem\",\"position\":3,\"name\":\"Carnet noir\",\"item\":\"https:\/\/centcols.org\/rubrique\/gazette\/carnet-noir\/\"},{\"@type\":\"ListItem\",\"position\":4,\"name\":\"Hommage \u00e0 Roland Grimaud\"}]},{\"@type\":\"WebSite\",\"@id\":\"https:\/\/centcols.org\/#website\",\"url\":\"https:\/\/centcols.org\/\",\"name\":\"Club des Cent Cols\",\"description\":\"\",\"publisher\":{\"@id\":\"https:\/\/centcols.org\/#organization\"},\"potentialAction\":[{\"@type\":\"SearchAction\",\"target\":{\"@type\":\"EntryPoint\",\"urlTemplate\":\"https:\/\/centcols.org\/?s={search_term_string}\"},\"query-input\":{\"@type\":\"PropertyValueSpecification\",\"valueRequired\":true,\"valueName\":\"search_term_string\"}}],\"inLanguage\":\"es\"},{\"@type\":\"Organization\",\"@id\":\"https:\/\/centcols.org\/#organization\",\"name\":\"Club des Cent Cols\",\"url\":\"https:\/\/centcols.org\/\",\"logo\":{\"@type\":\"ImageObject\",\"inLanguage\":\"es\",\"@id\":\"https:\/\/centcols.org\/#\/schema\/logo\/image\/\",\"url\":\"https:\/\/centcols.org\/wp-content\/uploads\/2025\/01\/carte-icone.png\",\"contentUrl\":\"https:\/\/centcols.org\/wp-content\/uploads\/2025\/01\/carte-icone.png\",\"width\":250,\"height\":250,\"caption\":\"Club des Cent Cols\"},\"image\":{\"@id\":\"https:\/\/centcols.org\/#\/schema\/logo\/image\/\"},\"sameAs\":[\"https:\/\/www.facebook.com\/groups\/5261880558\/?locale=fr_FR\"]},{\"@type\":\"Person\",\"@id\":\"https:\/\/centcols.org\/#\/schema\/person\/fcdb31e57ffa95295c9683ffdda82afa\",\"name\":\"fabien\",\"image\":{\"@type\":\"ImageObject\",\"inLanguage\":\"es\",\"@id\":\"https:\/\/centcols.org\/wp-content\/litespeed\/avatar\/9065528d4c1ba02f0faf2b7616b2a195.jpg?ver=1777225983\",\"url\":\"https:\/\/centcols.org\/wp-content\/litespeed\/avatar\/9065528d4c1ba02f0faf2b7616b2a195.jpg?ver=1777225983\",\"contentUrl\":\"https:\/\/centcols.org\/wp-content\/litespeed\/avatar\/9065528d4c1ba02f0faf2b7616b2a195.jpg?ver=1777225983\",\"caption\":\"fabien\"},\"url\":\"https:\/\/centcols.org\/es\/author\/fabien\/\"}]}<\/script>\n<!-- \/ Yoast SEO plugin. -->","yoast_head_json":{"title":"Homenaje a Roland Grimaud - Club des Cent Cols","robots":{"index":"index","follow":"follow","max-snippet":"max-snippet:-1","max-image-preview":"max-image-preview:large","max-video-preview":"max-video-preview:-1"},"canonical":"https:\/\/centcols.org\/es\/homenaje-a-roland-grimaud\/","og_locale":"es_ES","og_type":"article","og_title":"Hommage \u00e0 Roland Grimaud - Club des Cent Cols","og_description":"Roland Grimaud 1952-2010 C&rsquo;est avec une grande tristesse que nous avons appris le d\u00e9c\u00e8s le 5 ao\u00fbt 2010 de notre coordonnateur des Randonn\u00e9es Permanentes, Roland Grimaud. Membre du Club des Cent Cols depuis 1987 (n\u00b0 2696) Roland avait \u00e9t\u00e9 frapp\u00e9 par un grave accident vasculaire lors du s\u00e9jour Cent Cols de Vesc en 2001. Depuis, [&hellip;]","og_url":"https:\/\/centcols.org\/es\/homenaje-a-roland-grimaud\/","og_site_name":"Club des Cent Cols","article_publisher":"https:\/\/www.facebook.com\/groups\/5261880558\/?locale=fr_FR","article_published_time":"2010-08-20T06:06:58+00:00","article_modified_time":"2025-10-15T01:20:31+00:00","author":"fabien","twitter_card":"summary_large_image","twitter_misc":{"Escrito por":"fabien","Tiempo de lectura":"2 minutos"},"schema":{"@context":"https:\/\/schema.org","@graph":[{"@type":"Article","@id":"https:\/\/centcols.org\/hommage-a-roland-grimaud\/#article","isPartOf":{"@id":"https:\/\/centcols.org\/hommage-a-roland-grimaud\/"},"author":{"name":"fabien","@id":"https:\/\/centcols.org\/#\/schema\/person\/fcdb31e57ffa95295c9683ffdda82afa"},"headline":"Hommage \u00e0 Roland Grimaud","datePublished":"2010-08-20T06:06:58+00:00","dateModified":"2025-10-15T01:20:31+00:00","mainEntityOfPage":{"@id":"https:\/\/centcols.org\/hommage-a-roland-grimaud\/"},"wordCount":502,"commentCount":0,"publisher":{"@id":"https:\/\/centcols.org\/#organization"},"articleSection":["Carnet noir"],"inLanguage":"es","potentialAction":[{"@type":"CommentAction","name":"Comment","target":["https:\/\/centcols.org\/hommage-a-roland-grimaud\/#respond"]}]},{"@type":"WebPage","@id":"https:\/\/centcols.org\/hommage-a-roland-grimaud\/","url":"https:\/\/centcols.org\/hommage-a-roland-grimaud\/","name":"Homenaje a Roland Grimaud - Club des Cent Cols","isPartOf":{"@id":"https:\/\/centcols.org\/#website"},"datePublished":"2010-08-20T06:06:58+00:00","dateModified":"2025-10-15T01:20:31+00:00","breadcrumb":{"@id":"https:\/\/centcols.org\/hommage-a-roland-grimaud\/#breadcrumb"},"inLanguage":"es","potentialAction":[{"@type":"ReadAction","target":["https:\/\/centcols.org\/hommage-a-roland-grimaud\/"]}]},{"@type":"BreadcrumbList","@id":"https:\/\/centcols.org\/hommage-a-roland-grimaud\/#breadcrumb","itemListElement":[{"@type":"ListItem","position":1,"name":"Accueil","item":"https:\/\/centcols.org\/"},{"@type":"ListItem","position":2,"name":"Gazette","item":"https:\/\/centcols.org\/rubrique\/gazette\/"},{"@type":"ListItem","position":3,"name":"Carnet noir","item":"https:\/\/centcols.org\/rubrique\/gazette\/carnet-noir\/"},{"@type":"ListItem","position":4,"name":"Hommage \u00e0 Roland Grimaud"}]},{"@type":"WebSite","@id":"https:\/\/centcols.org\/#website","url":"https:\/\/centcols.org\/","name":"Club des Cent Cols","description":"","publisher":{"@id":"https:\/\/centcols.org\/#organization"},"potentialAction":[{"@type":"SearchAction","target":{"@type":"EntryPoint","urlTemplate":"https:\/\/centcols.org\/?s={search_term_string}"},"query-input":{"@type":"PropertyValueSpecification","valueRequired":true,"valueName":"search_term_string"}}],"inLanguage":"es"},{"@type":"Organization","@id":"https:\/\/centcols.org\/#organization","name":"Club des Cent Cols","url":"https:\/\/centcols.org\/","logo":{"@type":"ImageObject","inLanguage":"es","@id":"https:\/\/centcols.org\/#\/schema\/logo\/image\/","url":"https:\/\/centcols.org\/wp-content\/uploads\/2025\/01\/carte-icone.png","contentUrl":"https:\/\/centcols.org\/wp-content\/uploads\/2025\/01\/carte-icone.png","width":250,"height":250,"caption":"Club des Cent Cols"},"image":{"@id":"https:\/\/centcols.org\/#\/schema\/logo\/image\/"},"sameAs":["https:\/\/www.facebook.com\/groups\/5261880558\/?locale=fr_FR"]},{"@type":"Person","@id":"https:\/\/centcols.org\/#\/schema\/person\/fcdb31e57ffa95295c9683ffdda82afa","name":"fabien","image":{"@type":"ImageObject","inLanguage":"es","@id":"https:\/\/centcols.org\/wp-content\/litespeed\/avatar\/9065528d4c1ba02f0faf2b7616b2a195.jpg?ver=1777225983","url":"https:\/\/centcols.org\/wp-content\/litespeed\/avatar\/9065528d4c1ba02f0faf2b7616b2a195.jpg?ver=1777225983","contentUrl":"https:\/\/centcols.org\/wp-content\/litespeed\/avatar\/9065528d4c1ba02f0faf2b7616b2a195.jpg?ver=1777225983","caption":"fabien"},"url":"https:\/\/centcols.org\/es\/author\/fabien\/"}]}},"_links":{"self":[{"href":"https:\/\/centcols.org\/es\/wp-json\/wp\/v2\/posts\/80981","targetHints":{"allow":["GET"]}}],"collection":[{"href":"https:\/\/centcols.org\/es\/wp-json\/wp\/v2\/posts"}],"about":[{"href":"https:\/\/centcols.org\/es\/wp-json\/wp\/v2\/types\/post"}],"author":[{"embeddable":true,"href":"https:\/\/centcols.org\/es\/wp-json\/wp\/v2\/users\/2"}],"replies":[{"embeddable":true,"href":"https:\/\/centcols.org\/es\/wp-json\/wp\/v2\/comments?post=80981"}],"version-history":[{"count":0,"href":"https:\/\/centcols.org\/es\/wp-json\/wp\/v2\/posts\/80981\/revisions"}],"wp:attachment":[{"href":"https:\/\/centcols.org\/es\/wp-json\/wp\/v2\/media?parent=80981"}],"wp:term":[{"taxonomy":"category","embeddable":true,"href":"https:\/\/centcols.org\/es\/wp-json\/wp\/v2\/categories?post=80981"},{"taxonomy":"post_tag","embeddable":true,"href":"https:\/\/centcols.org\/es\/wp-json\/wp\/v2\/tags?post=80981"}],"curies":[{"name":"wp","href":"https:\/\/api.w.org\/{rel}","templated":true}]}}