{"id":81233,"date":"2015-01-23T10:18:36","date_gmt":"2015-01-23T08:18:36","guid":{"rendered":"https:\/\/centcols.org\/sejour-de-printemps-a-gilette-alpes-maritimes-du-18-au-25-avril-2015\/"},"modified":"2025-10-15T03:33:46","modified_gmt":"2025-10-15T01:33:46","slug":"estancia-2015-gilette","status":"publish","type":"post","link":"https:\/\/centcols.org\/es\/sejour-2015-gilette\/","title":{"rendered":"Vacaciones de primavera en Gilette (Alpes Mar\u00edtimos) del 18 al 25 de abril de 2015"},"content":{"rendered":"<h2 class=\"wp-block-heading\">Presentaci\u00f3n<\/h2>\n\n\n\n<p>Las vacaciones de primavera de 2015 tendr\u00e1n lugar del 18 al 25 de abril en el Domaine de l'Olivaie, un centro de vacaciones de la UVLF (Union Loisirs Vacances Familles) situado en Gilette, un peque\u00f1o pueblo del interior de Niza encaramado en una colina (459 m) que domina los valles del Var y del Est\u00e9ron.<br>Este pueblo de 1.500 habitantes est\u00e1 situado a 35 km de Niza y a 30 km del Parque Nacional del Mercantour, creado en 1979. El Parque Nacional de Mercantour forma parte del proyecto \u00abAlpes de la Mer\u00bb, asociado a otras zonas protegidas transfronterizas, y est\u00e1 en proceso de clasificar su territorio como Patrimonio Mundial de la UNESCO.<br>El pueblo de Gilette est\u00e1 dominado por el castillo de l'Aiguille, construido en el siglo XII por Alfonso I en las alturas para huir de los sarracenos, como en muchos pueblos de la regi\u00f3n. Fue escenario de acontecimientos hist\u00f3ricos, como la traici\u00f3n a la Casa de Saboya por parte de la familia Grimaldi de Bueil (autores del acta de rendici\u00f3n del condado de Niza) en 1526 y la Revoluci\u00f3n Francesa en 1793.<\/p>\n\n\n\n<figure class=\"wp-block-gallery has-nested-images columns-3 is-cropped wp-block-gallery-1 is-layout-flex wp-block-gallery-is-layout-flex\">\n<figure class=\"wp-block-image size-full\"><img loading=\"lazy\" decoding=\"async\" width=\"240\" height=\"160\" data-id=\"88779\" src=\"https:\/\/centcols.org\/wp-content\/uploads\/2015\/01\/gilette1.jpg\" alt=\"\" class=\"wp-image-88779\"\/><figcaption class=\"wp-element-caption\">Gilette desde la carretera de Roquest\u00e9ron<\/figcaption><\/figure>\n\n\n\n<figure class=\"wp-block-image size-full\"><img loading=\"lazy\" decoding=\"async\" width=\"200\" height=\"220\" data-id=\"88780\" src=\"https:\/\/centcols.org\/wp-content\/uploads\/2015\/01\/gilette.png\" alt=\"\" class=\"wp-image-88780\"\/><figcaption class=\"wp-element-caption\">Chaleco<\/figcaption><\/figure>\n\n\n\n<figure class=\"wp-block-image size-full\"><img loading=\"lazy\" decoding=\"async\" width=\"240\" height=\"160\" data-id=\"88781\" src=\"https:\/\/centcols.org\/wp-content\/uploads\/2015\/01\/gilette2.jpg\" alt=\"\" class=\"wp-image-88781\"\/><figcaption class=\"wp-element-caption\">Gilette viniendo del puente Charles-Albert<\/figcaption><\/figure>\n<\/figure>\n\n\n\n<h2 class=\"wp-block-heading\">Visitas<\/h2>\n\n\n\n<p>En <a href=\"\/es\/membres\/cctours\/tours.php\/?lieu=Gilette&amp;an=2015\">rutas ciclistas<\/a> (<a href=\"\/es\/membres\/cctours\/tours.php\/?lieu=Gilette&amp;an=2015&amp;genre=R\">carretera<\/a> y <a href=\"\/es\/membres\/cctours\/tours.php\/?lieu=Gilette&amp;an=2015&amp;genre=V\">BICICLETA DE MONTA\u00d1A<\/a>) le llevar\u00e1 desde paisajes mediterr\u00e1neos con olivares, palmeras y flores hasta paisajes alpinos. En efecto, los macizos de Barrot y Argentera datan de la misma \u00e9poca geol\u00f3gica que el macizo alpino. El Pays d'Azur comienza al nivel del mar y llega hasta el Pic du G\u00e9las, a 3.143 m, y los puertos de Restefond, Bonette y Tende (Route Royale du Sel). El departamento de los Alpes Mar\u00edtimos cuenta con 644 puertos, 213 de los cuales superan los 2.000 m de altitud. La mayor\u00eda de ellos se encuentran en el Parque Nacional del Mercantour, pero fuera de \u00e9l existen numerosas carreteras, pistas y senderos autorizados para satisfacer a todos los aficionados a la bicicleta de monta\u00f1a. A su debido tiempo le daremos m\u00e1s detalles.<\/p>\n\n\n\n<h2 class=\"wp-block-heading\">Curso de conducci\u00f3n<\/h2>\n\n\n\n<p>Los participantes tienen a su disposici\u00f3n un curso de conducci\u00f3n de bicicletas de monta\u00f1a. Puede combinarse con una de las rutas previstas. Encontrar\u00e1 m\u00e1s informaci\u00f3n en el formulario de inscripci\u00f3n de este curso.<\/p>\n\n\n\n<h2 class=\"wp-block-heading\">Alojamiento<\/h2>\n\n\n\n<p>Le <a href=\"https:\/\/www.vacances-ulvf.com\/vacances-ulvf-le-domaine-de-lolivaie\/\" target=\"_blank\" rel=\"noreferrer noopener\">Domaine de l'Olivaie<\/a> est\u00e1 situado a la entrada del pueblo, en medio de un olivar de 400 a\u00f1os, y ofrece 83 habitaciones.<\/p>\n\n\n\n<h2 class=\"wp-block-heading\">Inscripci\u00f3n<\/h2>\n\n\n\n<p>Para inscribirse, descargue el formulario de inscripci\u00f3n en PDF y siga las instrucciones que figuran en \u00e9l.<\/p>\n\n\n\n<h3 class=\"wp-block-heading\">Fotos<\/h3>\n\n\n\n<p>Las fotos son de Jean-Philippe Chevreau, tomadas de un magn\u00edfico <a href=\"https:\/\/www.flickr.com\/photos\/77576894@N05\/sets\/72157648246186051\/\" target=\"_blank\" rel=\"noreferrer noopener\">presentaci\u00f3n de diapositivas<\/a> en Gilette. Incluyendo un cartel que probablemente interesar\u00e1 a m\u00e1s de un Cent-Cols...<\/p>\n\n\n\n<h2 class=\"wp-block-heading\">Circuitos<\/h2>\n\n\n\n<p><a href=\"https:\/\/centcols.org\/es\/membres\/cctours\/tours.php\/?lieu=Gilette&amp;an=2015&amp;genre=R\">Enlace a los circuitos.<\/a><\/p>","protected":false},"excerpt":{"rendered":"<p>Pr\u00e9sentation Le s\u00e9jour de printemps 2015 se d\u00e9roulera du 18 au 25 avril au \u00abDomaine de l&rsquo;Olivaie\u00bb, centre de vacances UVLF (Union Loisirs Vacances Familles) \u00e0 Gilette, un petit village de l&rsquo;arri\u00e8re-pays ni\u00e7ois perch\u00e9 sur les hauteurs (459 m) qui domine les vall\u00e9es du Var et de l&rsquo;Est\u00e9ron.Ce village comptant 1500 \u00e2mes est situ\u00e9 \u00e0 [&hellip;]<\/p>\n","protected":false},"author":3,"featured_media":88779,"comment_status":"closed","ping_status":"closed","sticky":false,"template":"","format":"standard","meta":{"_acf_changed":false,"footnotes":""},"categories":[349,353,418,355,135,231],"tags":[],"class_list":["post-81233","post","type-post","status-publish","format-standard","has-post-thumbnail","hentry","category-france-pays-sejours","category-alpes-francaises-du-sud-massif-sejours","category-06-alpes-maritimes-departement-sejours","category-provence-alpes-cote-dazur-region-sejours","category-calendrier","category-sejours"],"acf":[],"yoast_head":"<!-- This site is optimized with the Yoast SEO plugin v27.2 - https:\/\/yoast.com\/product\/yoast-seo-wordpress\/ -->\n<title>S\u00e9jour de printemps \u00e0 Gilette (Alpes-Maritimes) du 18 au 25 avril 2015 - Club des Cent Cols<\/title>\n<meta name=\"robots\" content=\"index, follow, max-snippet:-1, max-image-preview:large, max-video-preview:-1\" \/>\n<link rel=\"canonical\" href=\"https:\/\/centcols.org\/es\/estancia-2015-gilette\/\" \/>\n<meta property=\"og:locale\" content=\"es_ES\" \/>\n<meta property=\"og:type\" content=\"article\" \/>\n<meta property=\"og:title\" content=\"S\u00e9jour de printemps \u00e0 Gilette (Alpes-Maritimes) du 18 au 25 avril 2015 - Club des Cent Cols\" \/>\n<meta property=\"og:description\" content=\"Pr\u00e9sentation Le s\u00e9jour de printemps 2015 se d\u00e9roulera du 18 au 25 avril au \u00abDomaine de l&rsquo;Olivaie\u00bb, centre de vacances UVLF (Union Loisirs Vacances Familles) \u00e0 Gilette, un petit village de l&rsquo;arri\u00e8re-pays ni\u00e7ois perch\u00e9 sur les hauteurs (459 m) qui domine les vall\u00e9es du Var et de l&rsquo;Est\u00e9ron.Ce village comptant 1500 \u00e2mes est situ\u00e9 \u00e0 [&hellip;]\" \/>\n<meta property=\"og:url\" content=\"https:\/\/centcols.org\/es\/estancia-2015-gilette\/\" \/>\n<meta property=\"og:site_name\" content=\"Club des Cent Cols\" \/>\n<meta property=\"article:publisher\" content=\"https:\/\/www.facebook.com\/groups\/5261880558\/?locale=fr_FR\" \/>\n<meta property=\"article:published_time\" content=\"2015-01-23T08:18:36+00:00\" \/>\n<meta property=\"article:modified_time\" content=\"2025-10-15T01:33:46+00:00\" \/>\n<meta property=\"og:image\" content=\"https:\/\/centcols.org\/wp-content\/uploads\/2015\/01\/gilette1.jpg\" \/>\n\t<meta property=\"og:image:width\" content=\"240\" \/>\n\t<meta property=\"og:image:height\" content=\"160\" \/>\n\t<meta property=\"og:image:type\" content=\"image\/jpeg\" \/>\n<meta name=\"author\" content=\"Webmestre\" \/>\n<meta name=\"twitter:card\" content=\"summary_large_image\" \/>\n<meta name=\"twitter:label1\" content=\"Escrito por\" \/>\n\t<meta name=\"twitter:data1\" content=\"Webmestre\" \/>\n\t<meta name=\"twitter:label2\" content=\"Tiempo de lectura\" \/>\n\t<meta name=\"twitter:data2\" content=\"4 minutos\" \/>\n<script type=\"application\/ld+json\" class=\"yoast-schema-graph\">{\"@context\":\"https:\/\/schema.org\",\"@graph\":[{\"@type\":\"Article\",\"@id\":\"https:\/\/centcols.org\/sejour-2015-gilette\/#article\",\"isPartOf\":{\"@id\":\"https:\/\/centcols.org\/sejour-2015-gilette\/\"},\"author\":{\"name\":\"Webmestre\",\"@id\":\"https:\/\/centcols.org\/#\/schema\/person\/911b404fb133d8c913dd27cdcf71c8e5\"},\"headline\":\"S\u00e9jour de printemps \u00e0 Gilette (Alpes-Maritimes) du 18 au 25 avril 2015\",\"datePublished\":\"2015-01-23T08:18:36+00:00\",\"dateModified\":\"2025-10-15T01:33:46+00:00\",\"mainEntityOfPage\":{\"@id\":\"https:\/\/centcols.org\/sejour-2015-gilette\/\"},\"wordCount\":479,\"publisher\":{\"@id\":\"https:\/\/centcols.org\/#organization\"},\"image\":{\"@id\":\"https:\/\/centcols.org\/sejour-2015-gilette\/#primaryimage\"},\"thumbnailUrl\":\"https:\/\/centcols.org\/wp-content\/uploads\/2015\/01\/gilette1.jpg\",\"articleSection\":[\"France\",\"Alpes fran\u00e7aises du sud\",\"06-Alpes-Maritimes\",\"Provence-Alpes-C\u00f4te d'Azur\",\"Calendrier\",\"S\u00e9jours du Club des Cent Cols\"],\"inLanguage\":\"es\"},{\"@type\":\"WebPage\",\"@id\":\"https:\/\/centcols.org\/sejour-2015-gilette\/\",\"url\":\"https:\/\/centcols.org\/sejour-2015-gilette\/\",\"name\":\"S\u00e9jour de printemps \u00e0 Gilette (Alpes-Maritimes) du 18 au 25 avril 2015 - Club des Cent Cols\",\"isPartOf\":{\"@id\":\"https:\/\/centcols.org\/#website\"},\"primaryImageOfPage\":{\"@id\":\"https:\/\/centcols.org\/sejour-2015-gilette\/#primaryimage\"},\"image\":{\"@id\":\"https:\/\/centcols.org\/sejour-2015-gilette\/#primaryimage\"},\"thumbnailUrl\":\"https:\/\/centcols.org\/wp-content\/uploads\/2015\/01\/gilette1.jpg\",\"datePublished\":\"2015-01-23T08:18:36+00:00\",\"dateModified\":\"2025-10-15T01:33:46+00:00\",\"breadcrumb\":{\"@id\":\"https:\/\/centcols.org\/sejour-2015-gilette\/#breadcrumb\"},\"inLanguage\":\"es\",\"potentialAction\":[{\"@type\":\"ReadAction\",\"target\":[\"https:\/\/centcols.org\/sejour-2015-gilette\/\"]}]},{\"@type\":\"ImageObject\",\"inLanguage\":\"es\",\"@id\":\"https:\/\/centcols.org\/sejour-2015-gilette\/#primaryimage\",\"url\":\"https:\/\/centcols.org\/wp-content\/uploads\/2015\/01\/gilette1.jpg\",\"contentUrl\":\"https:\/\/centcols.org\/wp-content\/uploads\/2015\/01\/gilette1.jpg\",\"width\":240,\"height\":160},{\"@type\":\"BreadcrumbList\",\"@id\":\"https:\/\/centcols.org\/sejour-2015-gilette\/#breadcrumb\",\"itemListElement\":[{\"@type\":\"ListItem\",\"position\":1,\"name\":\"Accueil\",\"item\":\"https:\/\/centcols.org\/\"},{\"@type\":\"ListItem\",\"position\":2,\"name\":\"S\u00e9jours du Club des Cent Cols\",\"item\":\"https:\/\/centcols.org\/rubrique\/sejours\/\"},{\"@type\":\"ListItem\",\"position\":3,\"name\":\"Pays\",\"item\":\"https:\/\/centcols.org\/rubrique\/sejours\/pays-sejours\/\"},{\"@type\":\"ListItem\",\"position\":4,\"name\":\"France\",\"item\":\"https:\/\/centcols.org\/rubrique\/sejours\/pays-sejours\/france-pays-sejours\/\"},{\"@type\":\"ListItem\",\"position\":5,\"name\":\"S\u00e9jour de printemps \u00e0 Gilette (Alpes-Maritimes) du 18 au 25 avril 2015\"}]},{\"@type\":\"WebSite\",\"@id\":\"https:\/\/centcols.org\/#website\",\"url\":\"https:\/\/centcols.org\/\",\"name\":\"Club des Cent Cols\",\"description\":\"\",\"publisher\":{\"@id\":\"https:\/\/centcols.org\/#organization\"},\"potentialAction\":[{\"@type\":\"SearchAction\",\"target\":{\"@type\":\"EntryPoint\",\"urlTemplate\":\"https:\/\/centcols.org\/?s={search_term_string}\"},\"query-input\":{\"@type\":\"PropertyValueSpecification\",\"valueRequired\":true,\"valueName\":\"search_term_string\"}}],\"inLanguage\":\"es\"},{\"@type\":\"Organization\",\"@id\":\"https:\/\/centcols.org\/#organization\",\"name\":\"Club des Cent Cols\",\"url\":\"https:\/\/centcols.org\/\",\"logo\":{\"@type\":\"ImageObject\",\"inLanguage\":\"es\",\"@id\":\"https:\/\/centcols.org\/#\/schema\/logo\/image\/\",\"url\":\"https:\/\/centcols.org\/wp-content\/uploads\/2025\/01\/carte-icone.png\",\"contentUrl\":\"https:\/\/centcols.org\/wp-content\/uploads\/2025\/01\/carte-icone.png\",\"width\":250,\"height\":250,\"caption\":\"Club des Cent Cols\"},\"image\":{\"@id\":\"https:\/\/centcols.org\/#\/schema\/logo\/image\/\"},\"sameAs\":[\"https:\/\/www.facebook.com\/groups\/5261880558\/?locale=fr_FR\"]},{\"@type\":\"Person\",\"@id\":\"https:\/\/centcols.org\/#\/schema\/person\/911b404fb133d8c913dd27cdcf71c8e5\",\"name\":\"Webmestre\",\"image\":{\"@type\":\"ImageObject\",\"inLanguage\":\"es\",\"@id\":\"https:\/\/centcols.org\/wp-content\/litespeed\/avatar\/2d246e4b6b4f773e08515e1ffc53690b.jpg?ver=1777222892\",\"url\":\"https:\/\/centcols.org\/wp-content\/litespeed\/avatar\/2d246e4b6b4f773e08515e1ffc53690b.jpg?ver=1777222892\",\"contentUrl\":\"https:\/\/centcols.org\/wp-content\/litespeed\/avatar\/2d246e4b6b4f773e08515e1ffc53690b.jpg?ver=1777222892\",\"caption\":\"Webmestre\"},\"url\":\"https:\/\/centcols.org\/es\/author\/webmestre\/\"}]}<\/script>\n<!-- \/ Yoast SEO plugin. -->","yoast_head_json":{"title":"Vacaciones de primavera en Gilette (Alpes Mar\u00edtimos) del 18 al 25 de abril de 2015 - Club des Cent Cols","robots":{"index":"index","follow":"follow","max-snippet":"max-snippet:-1","max-image-preview":"max-image-preview:large","max-video-preview":"max-video-preview:-1"},"canonical":"https:\/\/centcols.org\/es\/estancia-2015-gilette\/","og_locale":"es_ES","og_type":"article","og_title":"S\u00e9jour de printemps \u00e0 Gilette (Alpes-Maritimes) du 18 au 25 avril 2015 - Club des Cent Cols","og_description":"Pr\u00e9sentation Le s\u00e9jour de printemps 2015 se d\u00e9roulera du 18 au 25 avril au \u00abDomaine de l&rsquo;Olivaie\u00bb, centre de vacances UVLF (Union Loisirs Vacances Familles) \u00e0 Gilette, un petit village de l&rsquo;arri\u00e8re-pays ni\u00e7ois perch\u00e9 sur les hauteurs (459 m) qui domine les vall\u00e9es du Var et de l&rsquo;Est\u00e9ron.Ce village comptant 1500 \u00e2mes est situ\u00e9 \u00e0 [&hellip;]","og_url":"https:\/\/centcols.org\/es\/estancia-2015-gilette\/","og_site_name":"Club des Cent Cols","article_publisher":"https:\/\/www.facebook.com\/groups\/5261880558\/?locale=fr_FR","article_published_time":"2015-01-23T08:18:36+00:00","article_modified_time":"2025-10-15T01:33:46+00:00","og_image":[{"width":240,"height":160,"url":"https:\/\/centcols.org\/wp-content\/uploads\/2015\/01\/gilette1.jpg","type":"image\/jpeg"}],"author":"Webmestre","twitter_card":"summary_large_image","twitter_misc":{"Escrito por":"Webmestre","Tiempo de lectura":"4 minutos"},"schema":{"@context":"https:\/\/schema.org","@graph":[{"@type":"Article","@id":"https:\/\/centcols.org\/sejour-2015-gilette\/#article","isPartOf":{"@id":"https:\/\/centcols.org\/sejour-2015-gilette\/"},"author":{"name":"Webmestre","@id":"https:\/\/centcols.org\/#\/schema\/person\/911b404fb133d8c913dd27cdcf71c8e5"},"headline":"S\u00e9jour de printemps \u00e0 Gilette (Alpes-Maritimes) du 18 au 25 avril 2015","datePublished":"2015-01-23T08:18:36+00:00","dateModified":"2025-10-15T01:33:46+00:00","mainEntityOfPage":{"@id":"https:\/\/centcols.org\/sejour-2015-gilette\/"},"wordCount":479,"publisher":{"@id":"https:\/\/centcols.org\/#organization"},"image":{"@id":"https:\/\/centcols.org\/sejour-2015-gilette\/#primaryimage"},"thumbnailUrl":"https:\/\/centcols.org\/wp-content\/uploads\/2015\/01\/gilette1.jpg","articleSection":["France","Alpes fran\u00e7aises du sud","06-Alpes-Maritimes","Provence-Alpes-C\u00f4te d'Azur","Calendrier","S\u00e9jours du Club des Cent Cols"],"inLanguage":"es"},{"@type":"WebPage","@id":"https:\/\/centcols.org\/sejour-2015-gilette\/","url":"https:\/\/centcols.org\/sejour-2015-gilette\/","name":"Vacaciones de primavera en Gilette (Alpes Mar\u00edtimos) del 18 al 25 de abril de 2015 - Club des Cent Cols","isPartOf":{"@id":"https:\/\/centcols.org\/#website"},"primaryImageOfPage":{"@id":"https:\/\/centcols.org\/sejour-2015-gilette\/#primaryimage"},"image":{"@id":"https:\/\/centcols.org\/sejour-2015-gilette\/#primaryimage"},"thumbnailUrl":"https:\/\/centcols.org\/wp-content\/uploads\/2015\/01\/gilette1.jpg","datePublished":"2015-01-23T08:18:36+00:00","dateModified":"2025-10-15T01:33:46+00:00","breadcrumb":{"@id":"https:\/\/centcols.org\/sejour-2015-gilette\/#breadcrumb"},"inLanguage":"es","potentialAction":[{"@type":"ReadAction","target":["https:\/\/centcols.org\/sejour-2015-gilette\/"]}]},{"@type":"ImageObject","inLanguage":"es","@id":"https:\/\/centcols.org\/sejour-2015-gilette\/#primaryimage","url":"https:\/\/centcols.org\/wp-content\/uploads\/2015\/01\/gilette1.jpg","contentUrl":"https:\/\/centcols.org\/wp-content\/uploads\/2015\/01\/gilette1.jpg","width":240,"height":160},{"@type":"BreadcrumbList","@id":"https:\/\/centcols.org\/sejour-2015-gilette\/#breadcrumb","itemListElement":[{"@type":"ListItem","position":1,"name":"Accueil","item":"https:\/\/centcols.org\/"},{"@type":"ListItem","position":2,"name":"S\u00e9jours du Club des Cent Cols","item":"https:\/\/centcols.org\/rubrique\/sejours\/"},{"@type":"ListItem","position":3,"name":"Pays","item":"https:\/\/centcols.org\/rubrique\/sejours\/pays-sejours\/"},{"@type":"ListItem","position":4,"name":"France","item":"https:\/\/centcols.org\/rubrique\/sejours\/pays-sejours\/france-pays-sejours\/"},{"@type":"ListItem","position":5,"name":"S\u00e9jour de printemps \u00e0 Gilette (Alpes-Maritimes) du 18 au 25 avril 2015"}]},{"@type":"WebSite","@id":"https:\/\/centcols.org\/#website","url":"https:\/\/centcols.org\/","name":"Club des Cent Cols","description":"","publisher":{"@id":"https:\/\/centcols.org\/#organization"},"potentialAction":[{"@type":"SearchAction","target":{"@type":"EntryPoint","urlTemplate":"https:\/\/centcols.org\/?s={search_term_string}"},"query-input":{"@type":"PropertyValueSpecification","valueRequired":true,"valueName":"search_term_string"}}],"inLanguage":"es"},{"@type":"Organization","@id":"https:\/\/centcols.org\/#organization","name":"Club des Cent Cols","url":"https:\/\/centcols.org\/","logo":{"@type":"ImageObject","inLanguage":"es","@id":"https:\/\/centcols.org\/#\/schema\/logo\/image\/","url":"https:\/\/centcols.org\/wp-content\/uploads\/2025\/01\/carte-icone.png","contentUrl":"https:\/\/centcols.org\/wp-content\/uploads\/2025\/01\/carte-icone.png","width":250,"height":250,"caption":"Club des Cent Cols"},"image":{"@id":"https:\/\/centcols.org\/#\/schema\/logo\/image\/"},"sameAs":["https:\/\/www.facebook.com\/groups\/5261880558\/?locale=fr_FR"]},{"@type":"Person","@id":"https:\/\/centcols.org\/#\/schema\/person\/911b404fb133d8c913dd27cdcf71c8e5","name":"Webmaster","image":{"@type":"ImageObject","inLanguage":"es","@id":"https:\/\/centcols.org\/wp-content\/litespeed\/avatar\/2d246e4b6b4f773e08515e1ffc53690b.jpg?ver=1777222892","url":"https:\/\/centcols.org\/wp-content\/litespeed\/avatar\/2d246e4b6b4f773e08515e1ffc53690b.jpg?ver=1777222892","contentUrl":"https:\/\/centcols.org\/wp-content\/litespeed\/avatar\/2d246e4b6b4f773e08515e1ffc53690b.jpg?ver=1777222892","caption":"Webmestre"},"url":"https:\/\/centcols.org\/es\/author\/webmestre\/"}]}},"_links":{"self":[{"href":"https:\/\/centcols.org\/es\/wp-json\/wp\/v2\/posts\/81233","targetHints":{"allow":["GET"]}}],"collection":[{"href":"https:\/\/centcols.org\/es\/wp-json\/wp\/v2\/posts"}],"about":[{"href":"https:\/\/centcols.org\/es\/wp-json\/wp\/v2\/types\/post"}],"author":[{"embeddable":true,"href":"https:\/\/centcols.org\/es\/wp-json\/wp\/v2\/users\/3"}],"replies":[{"embeddable":true,"href":"https:\/\/centcols.org\/es\/wp-json\/wp\/v2\/comments?post=81233"}],"version-history":[{"count":0,"href":"https:\/\/centcols.org\/es\/wp-json\/wp\/v2\/posts\/81233\/revisions"}],"wp:featuredmedia":[{"embeddable":true,"href":"https:\/\/centcols.org\/es\/wp-json\/wp\/v2\/media\/88779"}],"wp:attachment":[{"href":"https:\/\/centcols.org\/es\/wp-json\/wp\/v2\/media?parent=81233"}],"wp:term":[{"taxonomy":"category","embeddable":true,"href":"https:\/\/centcols.org\/es\/wp-json\/wp\/v2\/categories?post=81233"},{"taxonomy":"post_tag","embeddable":true,"href":"https:\/\/centcols.org\/es\/wp-json\/wp\/v2\/tags?post=81233"}],"curies":[{"name":"wp","href":"https:\/\/api.w.org\/{rel}","templated":true}]}}