{"id":81247,"date":"2015-04-03T07:34:37","date_gmt":"2015-04-03T05:34:37","guid":{"rendered":"https:\/\/centcols.org\/sortie-velo-de-route-cent-cols-suisses-a-saint-imier-le-6-juin-2015\/"},"modified":"2025-09-15T12:38:52","modified_gmt":"2025-09-15T10:38:52","slug":"excursion-en-bicicleta-de-carretera-cent-cols-suisses-a-saint-imier-el-6-de-junio-de-2015","status":"publish","type":"post","link":"https:\/\/centcols.org\/es\/sortie-velo-de-route-cent-cols-suisses-a-saint-imier-le-6-juin-2015\/","title":{"rendered":"Excursi\u00f3n en bicicleta de carretera Cent Cols suisses a Saint-Imier el 6 de junio de 2015"},"content":{"rendered":"\n<p><a href=\"#ancre1\">Voir le compte-rendu<\/a><\/p>\n\n\n\n<p><a href=\"https:\/\/plus.google.com\/photos\/112975235870474647202\/albums\/6158050968517628673?banner=pwa\" target=\"_blank\" rel=\"noopener\">Voir les photos<\/a><\/p>\n\n\n\n<p>Rendez-vous au terrain de football.<br>8h30 pour le caf\u00e9, d\u00e9part \u00e0 9h00.<\/p>\n\n\n\n<p>Parcours B de 55 km,&nbsp; 1200 m de d\u00e9nivellation.<\/p>\n\n\n\n<p>Parcours C 40 km, 900 m de d\u00e9nivellation.<br>Col de Pierre Pertuis, col de la Tanne, col du Mont Crosin.<\/p>\n\n\n\n<p><\/p>\n\n\n\n<h3 class=\"wp-block-heading\">Contact<\/h3>\n\n\n\n<p>Pierre Mai, route du Signal 22. 1165 Allaman.<\/p>\n\n\n\n<p>T\u00e9l : (0041) 021 807 34 17<\/p>\n\n\n\n<p>Natel : 0041 76 498 58 73<\/p>\n\n\n\n<p>Email : [email]&#x70;&#x6d;&#x61;&#x69;&#64;&#98;&#108;&#117;ewi&#x6e;&#x2e;&#x63;&#x68;[\/email]<\/p>\n\n\n\n<h2 class=\"wp-block-heading\"><a name=\"ancre1\"><\/a>&nbsp;Compte-rendu<\/h2>\n\n\n\n<p>Soleil, chaleur, tout \u00e9tait r\u00e9uni \u00e0 St-Imier dans le Jura Bernois pour faire de ce rendez-vous \u00ab&nbsp;route&nbsp;\u00bb une r\u00e9ussite.<\/p>\n\n\n\n<p>25 participants des deux clubs (et Nathalie bien s\u00fbr\u2026 qui a fait le d\u00e9placement depuis la France) se sont retrouv\u00e9s au parking du terrain de football \u00e0 8h30 pour le caf\u00e9.<\/p>\n\n\n\n<p>A 9 heures deux groupes se sont form\u00e9s&nbsp;: emmen\u00e9 par Christian le groupe *C* a parcouru 56 km (850 m de d\u00e9nivel\u00e9) avec au programme les cols de Pierre Pertuis, col de la Tanne (un petit arr\u00eat Coca \u00e0 Bellelay) et le col du Mont Crosin pour terminer. Le groupe *B* emmen\u00e9 par votre serviteur sur le m\u00eame parcours avec une petite rallonge (68 km, 1100 m de d\u00e9nivel\u00e9) par Saignel\u00e9gier et une vitesse un peu plus \u00e9lev\u00e9e.<\/p>\n\n\n\n<p>Au retour pain et fromage offerts par le Club Cyclotouriste de la Riviera nous ont permis de passer encore un moment tr\u00e8s convivial autour de la table. Merci \u00e0 Jean-Jacques et Jean-Yves pour les bouteilles de Clairette.<\/p>\n\n\n\n<p>Salutations sportives<\/p>\n\n\n\n<p>Votre DT<\/p>\n\n\n\n<p>Pierre Mai<\/p>\n","protected":false},"excerpt":{"rendered":"<p>Voir le compte-rendu Voir les photos Rendez-vous au terrain de football.8h30 pour le caf\u00e9, d\u00e9part \u00e0 9h00. Parcours B de 55 km,&nbsp; 1200 m de d\u00e9nivellation. Parcours C 40 km, 900 m de d\u00e9nivellation.Col de Pierre Pertuis, col de la Tanne, col du Mont Crosin. Contact Pierre Mai, route du Signal 22. 1165 Allaman. T\u00e9l [&hellip;]<\/p>\n","protected":false},"author":2,"featured_media":0,"comment_status":"closed","ping_status":"open","sticky":false,"template":"","format":"standard","meta":{"_acf_changed":false,"footnotes":""},"categories":[135,234,216],"tags":[],"class_list":["post-81247","post","type-post","status-publish","format-standard","hentry","category-calendrier","category-les-rassemblements-de-2015","category-rencontres-regionales"],"acf":[],"yoast_head":"<!-- This site is optimized with the Yoast SEO plugin v27.2 - https:\/\/yoast.com\/product\/yoast-seo-wordpress\/ -->\n<title>Sortie v\u00e9lo de route Cent Cols suisses \u00e0 Saint-Imier le 6 juin 2015 - Club des Cent Cols<\/title>\n<meta name=\"robots\" content=\"index, follow, max-snippet:-1, max-image-preview:large, max-video-preview:-1\" \/>\n<link rel=\"canonical\" href=\"https:\/\/centcols.org\/es\/excursion-en-bicicleta-de-carretera-cent-cols-suisses-a-saint-imier-el-6-de-junio-de-2015\/\" \/>\n<meta property=\"og:locale\" content=\"es_ES\" \/>\n<meta property=\"og:type\" content=\"article\" \/>\n<meta property=\"og:title\" content=\"Sortie v\u00e9lo de route Cent Cols suisses \u00e0 Saint-Imier le 6 juin 2015 - Club des Cent Cols\" \/>\n<meta property=\"og:description\" content=\"Voir le compte-rendu Voir les photos Rendez-vous au terrain de football.8h30 pour le caf\u00e9, d\u00e9part \u00e0 9h00. Parcours B de 55 km,&nbsp; 1200 m de d\u00e9nivellation. Parcours C 40 km, 900 m de d\u00e9nivellation.Col de Pierre Pertuis, col de la Tanne, col du Mont Crosin. Contact Pierre Mai, route du Signal 22. 1165 Allaman. T\u00e9l [&hellip;]\" \/>\n<meta property=\"og:url\" content=\"https:\/\/centcols.org\/es\/excursion-en-bicicleta-de-carretera-cent-cols-suisses-a-saint-imier-el-6-de-junio-de-2015\/\" \/>\n<meta property=\"og:site_name\" content=\"Club des Cent Cols\" \/>\n<meta property=\"article:publisher\" content=\"https:\/\/www.facebook.com\/groups\/5261880558\/?locale=fr_FR\" \/>\n<meta property=\"article:published_time\" content=\"2015-04-03T05:34:37+00:00\" \/>\n<meta property=\"article:modified_time\" content=\"2025-09-15T10:38:52+00:00\" \/>\n<meta name=\"author\" content=\"fabien\" \/>\n<meta name=\"twitter:card\" content=\"summary_large_image\" \/>\n<meta name=\"twitter:label1\" content=\"Escrito por\" \/>\n\t<meta name=\"twitter:data1\" content=\"fabien\" \/>\n\t<meta name=\"twitter:label2\" content=\"Tiempo de lectura\" \/>\n\t<meta name=\"twitter:data2\" content=\"2 minutos\" \/>\n<script type=\"application\/ld+json\" class=\"yoast-schema-graph\">{\"@context\":\"https:\/\/schema.org\",\"@graph\":[{\"@type\":\"Article\",\"@id\":\"https:\/\/centcols.org\/sortie-velo-de-route-cent-cols-suisses-a-saint-imier-le-6-juin-2015\/#article\",\"isPartOf\":{\"@id\":\"https:\/\/centcols.org\/sortie-velo-de-route-cent-cols-suisses-a-saint-imier-le-6-juin-2015\/\"},\"author\":{\"name\":\"fabien\",\"@id\":\"https:\/\/centcols.org\/#\/schema\/person\/fcdb31e57ffa95295c9683ffdda82afa\"},\"headline\":\"Sortie v\u00e9lo de route Cent Cols suisses \u00e0 Saint-Imier le 6 juin 2015\",\"datePublished\":\"2015-04-03T05:34:37+00:00\",\"dateModified\":\"2025-09-15T10:38:52+00:00\",\"mainEntityOfPage\":{\"@id\":\"https:\/\/centcols.org\/sortie-velo-de-route-cent-cols-suisses-a-saint-imier-le-6-juin-2015\/\"},\"wordCount\":252,\"publisher\":{\"@id\":\"https:\/\/centcols.org\/#organization\"},\"articleSection\":[\"Calendrier\",\"2015-rassemblements\",\"Rencontres r\u00e9gionales\"],\"inLanguage\":\"es\"},{\"@type\":\"WebPage\",\"@id\":\"https:\/\/centcols.org\/sortie-velo-de-route-cent-cols-suisses-a-saint-imier-le-6-juin-2015\/\",\"url\":\"https:\/\/centcols.org\/sortie-velo-de-route-cent-cols-suisses-a-saint-imier-le-6-juin-2015\/\",\"name\":\"Sortie v\u00e9lo de route Cent Cols suisses \u00e0 Saint-Imier le 6 juin 2015 - Club des Cent Cols\",\"isPartOf\":{\"@id\":\"https:\/\/centcols.org\/#website\"},\"datePublished\":\"2015-04-03T05:34:37+00:00\",\"dateModified\":\"2025-09-15T10:38:52+00:00\",\"breadcrumb\":{\"@id\":\"https:\/\/centcols.org\/sortie-velo-de-route-cent-cols-suisses-a-saint-imier-le-6-juin-2015\/#breadcrumb\"},\"inLanguage\":\"es\",\"potentialAction\":[{\"@type\":\"ReadAction\",\"target\":[\"https:\/\/centcols.org\/sortie-velo-de-route-cent-cols-suisses-a-saint-imier-le-6-juin-2015\/\"]}]},{\"@type\":\"BreadcrumbList\",\"@id\":\"https:\/\/centcols.org\/sortie-velo-de-route-cent-cols-suisses-a-saint-imier-le-6-juin-2015\/#breadcrumb\",\"itemListElement\":[{\"@type\":\"ListItem\",\"position\":1,\"name\":\"Accueil\",\"item\":\"https:\/\/centcols.org\/\"},{\"@type\":\"ListItem\",\"position\":2,\"name\":\"Calendrier\",\"item\":\"https:\/\/centcols.org\/rubrique\/calendrier\/\"},{\"@type\":\"ListItem\",\"position\":3,\"name\":\"Sortie v\u00e9lo de route Cent Cols suisses \u00e0 Saint-Imier le 6 juin 2015\"}]},{\"@type\":\"WebSite\",\"@id\":\"https:\/\/centcols.org\/#website\",\"url\":\"https:\/\/centcols.org\/\",\"name\":\"Club des Cent Cols\",\"description\":\"\",\"publisher\":{\"@id\":\"https:\/\/centcols.org\/#organization\"},\"potentialAction\":[{\"@type\":\"SearchAction\",\"target\":{\"@type\":\"EntryPoint\",\"urlTemplate\":\"https:\/\/centcols.org\/?s={search_term_string}\"},\"query-input\":{\"@type\":\"PropertyValueSpecification\",\"valueRequired\":true,\"valueName\":\"search_term_string\"}}],\"inLanguage\":\"es\"},{\"@type\":\"Organization\",\"@id\":\"https:\/\/centcols.org\/#organization\",\"name\":\"Club des Cent Cols\",\"url\":\"https:\/\/centcols.org\/\",\"logo\":{\"@type\":\"ImageObject\",\"inLanguage\":\"es\",\"@id\":\"https:\/\/centcols.org\/#\/schema\/logo\/image\/\",\"url\":\"https:\/\/centcols.org\/wp-content\/uploads\/2025\/01\/carte-icone.png\",\"contentUrl\":\"https:\/\/centcols.org\/wp-content\/uploads\/2025\/01\/carte-icone.png\",\"width\":250,\"height\":250,\"caption\":\"Club des Cent Cols\"},\"image\":{\"@id\":\"https:\/\/centcols.org\/#\/schema\/logo\/image\/\"},\"sameAs\":[\"https:\/\/www.facebook.com\/groups\/5261880558\/?locale=fr_FR\"]},{\"@type\":\"Person\",\"@id\":\"https:\/\/centcols.org\/#\/schema\/person\/fcdb31e57ffa95295c9683ffdda82afa\",\"name\":\"fabien\",\"image\":{\"@type\":\"ImageObject\",\"inLanguage\":\"es\",\"@id\":\"https:\/\/centcols.org\/wp-content\/litespeed\/avatar\/9065528d4c1ba02f0faf2b7616b2a195.jpg?ver=1777225983\",\"url\":\"https:\/\/centcols.org\/wp-content\/litespeed\/avatar\/9065528d4c1ba02f0faf2b7616b2a195.jpg?ver=1777225983\",\"contentUrl\":\"https:\/\/centcols.org\/wp-content\/litespeed\/avatar\/9065528d4c1ba02f0faf2b7616b2a195.jpg?ver=1777225983\",\"caption\":\"fabien\"},\"url\":\"https:\/\/centcols.org\/es\/author\/fabien\/\"}]}<\/script>\n<!-- \/ Yoast SEO plugin. -->","yoast_head_json":{"title":"Salida en bicicleta de carretera de Cent Cols suisses a Saint-Imier el 6 de junio de 2015 - Club des Cent Cols","robots":{"index":"index","follow":"follow","max-snippet":"max-snippet:-1","max-image-preview":"max-image-preview:large","max-video-preview":"max-video-preview:-1"},"canonical":"https:\/\/centcols.org\/es\/excursion-en-bicicleta-de-carretera-cent-cols-suisses-a-saint-imier-el-6-de-junio-de-2015\/","og_locale":"es_ES","og_type":"article","og_title":"Sortie v\u00e9lo de route Cent Cols suisses \u00e0 Saint-Imier le 6 juin 2015 - Club des Cent Cols","og_description":"Voir le compte-rendu Voir les photos Rendez-vous au terrain de football.8h30 pour le caf\u00e9, d\u00e9part \u00e0 9h00. Parcours B de 55 km,&nbsp; 1200 m de d\u00e9nivellation. Parcours C 40 km, 900 m de d\u00e9nivellation.Col de Pierre Pertuis, col de la Tanne, col du Mont Crosin. Contact Pierre Mai, route du Signal 22. 1165 Allaman. T\u00e9l [&hellip;]","og_url":"https:\/\/centcols.org\/es\/excursion-en-bicicleta-de-carretera-cent-cols-suisses-a-saint-imier-el-6-de-junio-de-2015\/","og_site_name":"Club des Cent Cols","article_publisher":"https:\/\/www.facebook.com\/groups\/5261880558\/?locale=fr_FR","article_published_time":"2015-04-03T05:34:37+00:00","article_modified_time":"2025-09-15T10:38:52+00:00","author":"fabien","twitter_card":"summary_large_image","twitter_misc":{"Escrito por":"fabien","Tiempo de lectura":"2 minutos"},"schema":{"@context":"https:\/\/schema.org","@graph":[{"@type":"Article","@id":"https:\/\/centcols.org\/sortie-velo-de-route-cent-cols-suisses-a-saint-imier-le-6-juin-2015\/#article","isPartOf":{"@id":"https:\/\/centcols.org\/sortie-velo-de-route-cent-cols-suisses-a-saint-imier-le-6-juin-2015\/"},"author":{"name":"fabien","@id":"https:\/\/centcols.org\/#\/schema\/person\/fcdb31e57ffa95295c9683ffdda82afa"},"headline":"Sortie v\u00e9lo de route Cent Cols suisses \u00e0 Saint-Imier le 6 juin 2015","datePublished":"2015-04-03T05:34:37+00:00","dateModified":"2025-09-15T10:38:52+00:00","mainEntityOfPage":{"@id":"https:\/\/centcols.org\/sortie-velo-de-route-cent-cols-suisses-a-saint-imier-le-6-juin-2015\/"},"wordCount":252,"publisher":{"@id":"https:\/\/centcols.org\/#organization"},"articleSection":["Calendrier","2015-rassemblements","Rencontres r\u00e9gionales"],"inLanguage":"es"},{"@type":"WebPage","@id":"https:\/\/centcols.org\/sortie-velo-de-route-cent-cols-suisses-a-saint-imier-le-6-juin-2015\/","url":"https:\/\/centcols.org\/sortie-velo-de-route-cent-cols-suisses-a-saint-imier-le-6-juin-2015\/","name":"Salida en bicicleta de carretera de Cent Cols suisses a Saint-Imier el 6 de junio de 2015 - Club des Cent Cols","isPartOf":{"@id":"https:\/\/centcols.org\/#website"},"datePublished":"2015-04-03T05:34:37+00:00","dateModified":"2025-09-15T10:38:52+00:00","breadcrumb":{"@id":"https:\/\/centcols.org\/sortie-velo-de-route-cent-cols-suisses-a-saint-imier-le-6-juin-2015\/#breadcrumb"},"inLanguage":"es","potentialAction":[{"@type":"ReadAction","target":["https:\/\/centcols.org\/sortie-velo-de-route-cent-cols-suisses-a-saint-imier-le-6-juin-2015\/"]}]},{"@type":"BreadcrumbList","@id":"https:\/\/centcols.org\/sortie-velo-de-route-cent-cols-suisses-a-saint-imier-le-6-juin-2015\/#breadcrumb","itemListElement":[{"@type":"ListItem","position":1,"name":"Accueil","item":"https:\/\/centcols.org\/"},{"@type":"ListItem","position":2,"name":"Calendrier","item":"https:\/\/centcols.org\/rubrique\/calendrier\/"},{"@type":"ListItem","position":3,"name":"Sortie v\u00e9lo de route Cent Cols suisses \u00e0 Saint-Imier le 6 juin 2015"}]},{"@type":"WebSite","@id":"https:\/\/centcols.org\/#website","url":"https:\/\/centcols.org\/","name":"Club des Cent Cols","description":"","publisher":{"@id":"https:\/\/centcols.org\/#organization"},"potentialAction":[{"@type":"SearchAction","target":{"@type":"EntryPoint","urlTemplate":"https:\/\/centcols.org\/?s={search_term_string}"},"query-input":{"@type":"PropertyValueSpecification","valueRequired":true,"valueName":"search_term_string"}}],"inLanguage":"es"},{"@type":"Organization","@id":"https:\/\/centcols.org\/#organization","name":"Club des Cent Cols","url":"https:\/\/centcols.org\/","logo":{"@type":"ImageObject","inLanguage":"es","@id":"https:\/\/centcols.org\/#\/schema\/logo\/image\/","url":"https:\/\/centcols.org\/wp-content\/uploads\/2025\/01\/carte-icone.png","contentUrl":"https:\/\/centcols.org\/wp-content\/uploads\/2025\/01\/carte-icone.png","width":250,"height":250,"caption":"Club des Cent Cols"},"image":{"@id":"https:\/\/centcols.org\/#\/schema\/logo\/image\/"},"sameAs":["https:\/\/www.facebook.com\/groups\/5261880558\/?locale=fr_FR"]},{"@type":"Person","@id":"https:\/\/centcols.org\/#\/schema\/person\/fcdb31e57ffa95295c9683ffdda82afa","name":"fabien","image":{"@type":"ImageObject","inLanguage":"es","@id":"https:\/\/centcols.org\/wp-content\/litespeed\/avatar\/9065528d4c1ba02f0faf2b7616b2a195.jpg?ver=1777225983","url":"https:\/\/centcols.org\/wp-content\/litespeed\/avatar\/9065528d4c1ba02f0faf2b7616b2a195.jpg?ver=1777225983","contentUrl":"https:\/\/centcols.org\/wp-content\/litespeed\/avatar\/9065528d4c1ba02f0faf2b7616b2a195.jpg?ver=1777225983","caption":"fabien"},"url":"https:\/\/centcols.org\/es\/author\/fabien\/"}]}},"_links":{"self":[{"href":"https:\/\/centcols.org\/es\/wp-json\/wp\/v2\/posts\/81247","targetHints":{"allow":["GET"]}}],"collection":[{"href":"https:\/\/centcols.org\/es\/wp-json\/wp\/v2\/posts"}],"about":[{"href":"https:\/\/centcols.org\/es\/wp-json\/wp\/v2\/types\/post"}],"author":[{"embeddable":true,"href":"https:\/\/centcols.org\/es\/wp-json\/wp\/v2\/users\/2"}],"replies":[{"embeddable":true,"href":"https:\/\/centcols.org\/es\/wp-json\/wp\/v2\/comments?post=81247"}],"version-history":[{"count":0,"href":"https:\/\/centcols.org\/es\/wp-json\/wp\/v2\/posts\/81247\/revisions"}],"wp:attachment":[{"href":"https:\/\/centcols.org\/es\/wp-json\/wp\/v2\/media?parent=81247"}],"wp:term":[{"taxonomy":"category","embeddable":true,"href":"https:\/\/centcols.org\/es\/wp-json\/wp\/v2\/categories?post=81247"},{"taxonomy":"post_tag","embeddable":true,"href":"https:\/\/centcols.org\/es\/wp-json\/wp\/v2\/tags?post=81247"}],"curies":[{"name":"wp","href":"https:\/\/api.w.org\/{rel}","templated":true}]}}