{"id":81384,"date":"2015-04-10T17:25:08","date_gmt":"2015-04-10T15:25:08","guid":{"rendered":"https:\/\/centcols.org\/sejour-estival-a-villefort-lozere-du-22-au-30-aout-2015\/"},"modified":"2025-09-01T18:32:14","modified_gmt":"2025-09-01T16:32:14","slug":"estancia-2015-villefort","status":"publish","type":"post","link":"https:\/\/centcols.org\/es\/sejour-2015-villefort\/","title":{"rendered":"Vacaciones de verano en Villefort (Loz\u00e8re) del 22 al 30 de agosto de 2015"},"content":{"rendered":"<h2 class=\"wp-block-heading\">\u00c1lbumes de fotos<\/h2>\n\n\n\n<p><a href=\"#album\">Haga clic para ver los \u00e1lbumes<\/a><\/p>\n\n\n\n<h2 class=\"wp-block-heading\">Presentaci\u00f3n<\/h2>\n\n\n\n<p>Las vacaciones de verano de 2015 tendr\u00e1n lugar del 22 al 30 de agosto en el \u00ab<a href=\"http:\/\/www.sedaries.com\/www.sedaries.com\/SEDARIES.htm\" target=\"_blank\" rel=\"noopener\">Mas des S\u00e9dari\u00e8s<\/a>\u00bben la comuna de Villefort.<\/p>\n\n\n\n<p>La regi\u00f3n de Villefort se encuentra al sur del G\u00e9vaudan, a pocos arpendes del Gard y de Ard\u00e8che. Revela la cara de la Loz\u00e8re C\u00e9venne. Es una mara\u00f1a relativamente accidentada de \u00abserres\u00bb y \u00abvalats\u00bb, una tierra dif\u00edcil y \u00e1spera. Tras a\u00f1os de \u00e9xodo rural, la poblaci\u00f3n actual se enriquece con las aportaciones exteriores fomentadas por la tecnolog\u00eda moderna. Los casta\u00f1os centenarios siguen ah\u00ed, testigos de una epopeya agr\u00edcola que ya es cosa del pasado. M\u00e1s al sur, las f\u00e1bricas de seda y los restos de las minas de carb\u00f3n recuerdan tiempos pr\u00f3speros en los que el trabajo alimentaba a todas las generaciones.<\/p>\n\n\n\n<p>La divisoria de aguas en la cima del Monte Loz\u00e8re divide las precipitaciones; los r\u00edos Tarn y Lot fluyen hacia el Oeste, mientras que el C\u00e8ze y el Gardon se unen al Mediterr\u00e1neo. En las altas mesetas de altitud, inmensas formaciones ca\u00f3ticas de granito dan riqueza paisaj\u00edstica a esta tierra perdida en el cielo. En primavera, los brezales de retama iluminan las laderas de esta monta\u00f1a desnuda. Pero a finales del verano, son los malvas y rosas del brezo los que deleitar\u00e1n la vista del ciclista \u00e1vido. Las ramas de casta\u00f1o (p\u00e9loux) pronto estar\u00e1n maduras, pesando sobre las ramas de este \u00e1rbol, venerado desde la noche de los tiempos y conocido como el \u00ab\u00e1rbol del pan\u00bb.<\/p>\n\n\n\n<p>Esta es una tierra cargada de historia. A partir de la Edad Media, la senda R\u00e9gordane dio importancia a la regi\u00f3n. Aunque hoy los pueblos son tranquilos y pac\u00edficos, las Guerras de Religi\u00f3n asolaron la poblaci\u00f3n. Fue en Pont-de-Montvert, en 1702, donde estall\u00f3 el conflicto con el asesinato del abate du Chayla. Como en cualquier guerra civil, los da\u00f1os causados y los prejuicios sufridos tardaron mucho tiempo en desaparecer de la memoria. La tolerancia y la libertad de conciencia est\u00e1n estrechamente ligadas a la regi\u00f3n de las Cevenas. La historia se repiti\u00f3 durante la Segunda Guerra Mundial. La Resistencia recibi\u00f3 una respuesta favorable desde las primeras horas del conflicto. Con el tiempo, se organiz\u00f3 hasta convertirse en el \u00abej\u00e9rcito de las sombras\u00bb. \u00abUn homme de trop\u00bb, la novela de Jean-Pierre Chabrol llevada a la pantalla por Costa-Gavras, pone de relieve este oscuro periodo de nuestra historia. El escritor de Pont-de-Rastel ha reavivado brillantemente la llama de la lucha de los hugonotes con \u00abLes fous de Dieu\u00bb y la de los mineros de las bajas Cevenas con \u00abLa Gueuse\u00bb. Jean-Pierre Chabrol, novelista, narrador y locutor de radio, con todo su talento, ha arrojado luz sobre las Cevenas.<\/p>\n\n\n\n<p>Le invitamos a venir a descubrirlos a finales de agosto. La carretera ser\u00e1 hermosa, el camino pedregoso, el acento cantar\u00edn y el sol generoso... Bienvenidos a todos.<\/p>\n\n\n\n<p>Guy Camb\u00e9ss\u00e8des (CC 1420)<\/p>\n\n\n\n<figure class=\"wp-block-gallery has-nested-images columns-3 is-cropped wp-block-gallery-1 is-layout-flex wp-block-gallery-is-layout-flex\">\n<figure class=\"wp-block-image size-full\"><img loading=\"lazy\" decoding=\"async\" width=\"240\" height=\"180\" data-id=\"88768\" src=\"https:\/\/centcols.org\/wp-content\/uploads\/2015\/04\/vialas-mini.jpg\" alt=\"\" class=\"wp-image-88768\"\/><\/figure>\n\n\n\n<figure class=\"wp-block-image size-full\"><img loading=\"lazy\" decoding=\"async\" width=\"200\" height=\"220\" data-id=\"88769\" src=\"https:\/\/centcols.org\/wp-content\/uploads\/2015\/04\/villefort.png\" alt=\"\" class=\"wp-image-88769\"\/><\/figure>\n\n\n\n<figure class=\"wp-block-image size-full\"><img loading=\"lazy\" decoding=\"async\" width=\"240\" height=\"180\" data-id=\"88770\" src=\"https:\/\/centcols.org\/wp-content\/uploads\/2015\/04\/cassini-mini.jpg\" alt=\"\" class=\"wp-image-88770\"\/><\/figure>\n<\/figure>\n\n\n\n<h2 class=\"wp-block-heading\">Visitas<\/h2>\n\n\n\n<p>Como siempre <a href=\"\/es\/membres\/cctours\/tours.php\/?lieu=Villefort&amp;an=2015&amp;genre=R\">rutas por carretera<\/a> podr\u00e1n operar en un radio m\u00e1s amplio que sus hom\u00f3logos <a href=\"\/es\/membres\/cctours\/tours.php\/?lieu=Villefort&amp;an=2015&amp;genre=V\">arrieros<\/a>. El Monte Loz\u00e8re y sus valles adyacentes ser\u00e1n el centro de este recorrido por Cevennes. Nuestra altitud total oscilar\u00e1 entre los 500 y los 800 metros, con s\u00f3lo algunos pasos por el Boug\u00e8s, el Mont Loz\u00e8re y el Mont du Goulet por encima de los 1.000 metros.<\/p>\n\n\n\n<p>La mayor\u00eda de las rutas ser\u00e1n flexibles, para que cada cual pueda caminar a su gusto. Se han trazado deliberadamente con un kilometraje razonable. Todo el mundo es libre de a\u00f1adir una milla extra, para visitar un yacimiento o un GMP cercano a la ruta.<\/p>\n\n\n\n<p>Los senderos para bicicleta de monta\u00f1a son de nivel modesto, para que todo el mundo pueda disfrutar al m\u00e1ximo del paisaje y apreciar esta regi\u00f3n meridional. Adem\u00e1s de los puertos de altitud media, estos circuitos permitir\u00e1n una aproximaci\u00f3n m\u00e1s detallada al Monte Loz\u00e8re, incluyendo un circuito completo alrededor de la cumbre de Finiels (1699 m). El \u00faltimo d\u00eda tambi\u00e9n se ascender\u00e1 al Col de l'Aigle, muy cerca del Pic Cassini (1680 m). Las fuertes lluvias del pasado oto\u00f1o pueden haber da\u00f1ado los senderos y pistas forestales, pero no es un factor que deba pasarse por alto...<\/p>\n\n\n\n<p>Si tiene pensado explorar la regi\u00f3n un poco m\u00e1s, hemos elaborado una gu\u00eda en l\u00ednea. <a href=\"https:\/\/centcols.org\/wp-content\/uploads\/2025\/09\/reglementation-cevennes.pdf\" target=\"_blank\" rel=\"noreferrer noopener\">Lista de itinerarios o tramos de itinerarios prohibidos para el ciclismo en las Cevenas<\/a><\/p>\n\n\n\n<h2 class=\"wp-block-heading\">Alojamiento<\/h2>\n\n\n\n<p>Nos alojaremos en el centro de vacaciones \u00abLes S\u00e9dari\u00e8s\u00bb, a las afueras de la ciudad. A dos pasos del Collet de Villefort, en las laderas de la monta\u00f1a, este establecimiento podr\u00e1 acoger a casi todos los participantes, con una residencia hotelera de calidad que ofrece todas las comodidades y un camping sombreado con varias terrazas y un gran n\u00famero de mobil homes de alquiler. Una piscina privada y una creper\u00eda completan perfectamente las instalaciones exteriores.<\/p>\n\n\n\n<p>El municipio tambi\u00e9n cuenta con hoteles, pensiones, casas rurales y otros dos campings a orillas del lago.<\/p>\n\n\n\n<ul class=\"wp-block-list\">\n<li>&nbsp;Centre de Vacances \u00ab Les S\u00e9dari\u00e8s \u00bb - Tel : 04 66 46 25 20 ou 06 52 36 91 49 Site : <a href=\"http:\/\/www.sedaries.com\">www.sedaries.com<\/a><\/li>\n\n\n\n<li>&nbsp;Oficina de Turismo de Villefort: tel 04 66 46 87 30 - Website : <a href=\"http:\/\/www.villefort-cevennes.com\">www.villefort-cevennes.com<\/a><\/li>\n<\/ul>\n\n\n\n<h2 class=\"wp-block-heading\">Consejos \u00fatiles<\/h2>\n\n\n\n<p>Aunque este viaje se realiza en verano, le recomendamos que lleve ropa y equipo de abrigo. Para el mantenimiento de la bicicleta (neum\u00e1ticos, c\u00e1maras de aire, etc.), tambi\u00e9n es aconsejable traer lo necesario, ya que no tendremos una tienda especializada en el lugar.<\/p>\n\n\n\n<h2 class=\"wp-block-heading\">Para despu\u00e9s de la bicicleta<\/h2>\n\n\n\n<p>El lago artificial del r\u00edo Altier es un complemento ideal para nuestra actividad, que ofrece un ba\u00f1o al atardecer, un paseo por sus orillas o simplemente unos momentos de relajaci\u00f3n.<\/p>\n\n\n\n<p>El pueblo de La Garde-Gu\u00e9rin, a pocos kil\u00f3metros, har\u00e1 las delicias de los amantes de la piedra antigua. Las iglesias de Concoules y Saint-Andr\u00e9-Capc\u00e8ze revelan el arte rom\u00e1nico en todo su esplendor. Para los amantes de la naturaleza, el paraje del Mas de la Barque es un popular punto de partida de excursiones. El mercado nocturno de Villefort, que se celebra todos los lunes por la noche, es una buena ocasi\u00f3n para descubrir la riqueza de los productos locales.<\/p>\n\n\n\n<h2 class=\"wp-block-heading\">Inscripci\u00f3n<\/h2>\n\n\n\n<p>Para inscribirse, descargue el formulario de inscripci\u00f3n en PDF y siga las instrucciones que figuran en \u00e9l.<\/p>\n\n\n\n<h2 class=\"wp-block-heading\" id=\"album\">\u00c1lbumes de fotos<\/h2>\n\n\n\n<figure class=\"wp-block-gallery has-nested-images columns-default is-cropped wp-block-gallery-2 is-layout-flex wp-block-gallery-is-layout-flex\">\n<figure class=\"wp-block-image size-full\"><a href=\"https:\/\/photos.google.com\/share\/AF1QipOO207Pyc4WPRzIhbbIM0GbOMNpCKz3llaNRJdifw5kW4YlVp5PlxDcv9jyUxudnA?key=MklsQkttZnVqdWNvWU1lQlBVQUJHVng4ZE9fX29B\" target=\"_blank\" rel=\"noreferrer noopener\"><img loading=\"lazy\" decoding=\"async\" width=\"1200\" height=\"900\" data-id=\"88775\" src=\"https:\/\/centcols.org\/wp-content\/uploads\/2015\/04\/villefort_gc.jpg\" alt=\"\" class=\"wp-image-88775\" srcset=\"https:\/\/centcols.org\/wp-content\/uploads\/2015\/04\/villefort_gc.jpg 1200w, https:\/\/centcols.org\/wp-content\/uploads\/2015\/04\/villefort_gc-768x576.jpg 768w\" sizes=\"auto, (max-width: 1200px) 100vw, 1200px\" \/><\/a><figcaption class=\"wp-element-caption\">\u00c1lbum de Gerald Cowhan<\/figcaption><\/figure>\n\n\n\n<figure class=\"wp-block-image size-full\"><a href=\"https:\/\/photos.google.com\/share\/AF1QipOO207Pyc4WPRzIhbbIM0GbOMNpCKz3llaNRJdifw5kW4YlVp5PlxDcv9jyUxudnA?key=MklsQkttZnVqdWNvWU1lQlBVQUJHVng4ZE9fX29B\" target=\"_blank\" rel=\"noreferrer noopener\"><img loading=\"lazy\" decoding=\"async\" width=\"1200\" height=\"900\" data-id=\"88776\" src=\"https:\/\/centcols.org\/wp-content\/uploads\/2015\/04\/Villefort_gg.jpg\" alt=\"\" class=\"wp-image-88776\" srcset=\"https:\/\/centcols.org\/wp-content\/uploads\/2015\/04\/Villefort_gg.jpg 1200w, https:\/\/centcols.org\/wp-content\/uploads\/2015\/04\/Villefort_gg-768x576.jpg 768w\" sizes=\"auto, (max-width: 1200px) 100vw, 1200px\" \/><\/a><figcaption class=\"wp-element-caption\">\u00c1lbum de Guy Garcin y rese\u00f1a en su sitio web<\/figcaption><\/figure>\n<\/figure>\n\n\n\n<p><\/p>","protected":false},"excerpt":{"rendered":"<p>Albums Photos Cliquer pour voir les albums Pr\u00e9sentation Le s\u00e9jour d&rsquo;\u00e9t\u00e9 2015 se d\u00e9roulera du 22 au 30 ao\u00fbt au \u00abMas des S\u00e9dari\u00e8s\u00bb sur la commune de Villefort. La r\u00e9gion de Villefort est situ\u00e9e au sud du G\u00e9vaudan, \u00e0 quelques arpents du Gard et l\u2019Ard\u00e8che. Elle d\u00e9voile le visage de la C\u00e9venne loz\u00e9rienne. C\u2019est un [&hellip;]<\/p>\n","protected":false},"author":3,"featured_media":81385,"comment_status":"closed","ping_status":"closed","sticky":false,"template":"","format":"standard","meta":{"_acf_changed":false,"footnotes":""},"categories":[349,384,363,135,398,414,231],"tags":[],"class_list":["post-81384","post","type-post","status-publish","format-standard","has-post-thumbnail","hentry","category-france-pays-sejours","category-occitanie-region-sejours","category-massif-central-massif-sejours","category-calendrier","category-cevennes-massif","category-48-lozere-departement-sejours","category-sejours"],"acf":[],"yoast_head":"<!-- This site is optimized with the Yoast SEO plugin v27.2 - https:\/\/yoast.com\/product\/yoast-seo-wordpress\/ -->\n<title>S\u00e9jour estival \u00e0 Villefort (Loz\u00e8re) du 22 au 30 ao\u00fbt 2015 - Club des Cent Cols<\/title>\n<meta name=\"robots\" content=\"index, follow, max-snippet:-1, max-image-preview:large, max-video-preview:-1\" \/>\n<link rel=\"canonical\" href=\"https:\/\/centcols.org\/es\/estancia-2015-villefort\/\" \/>\n<meta property=\"og:locale\" content=\"es_ES\" \/>\n<meta property=\"og:type\" content=\"article\" \/>\n<meta property=\"og:title\" content=\"S\u00e9jour estival \u00e0 Villefort (Loz\u00e8re) du 22 au 30 ao\u00fbt 2015 - Club des Cent Cols\" \/>\n<meta property=\"og:description\" content=\"Albums Photos Cliquer pour voir les albums Pr\u00e9sentation Le s\u00e9jour d&rsquo;\u00e9t\u00e9 2015 se d\u00e9roulera du 22 au 30 ao\u00fbt au \u00abMas des S\u00e9dari\u00e8s\u00bb sur la commune de Villefort. La r\u00e9gion de Villefort est situ\u00e9e au sud du G\u00e9vaudan, \u00e0 quelques arpents du Gard et l\u2019Ard\u00e8che. Elle d\u00e9voile le visage de la C\u00e9venne loz\u00e9rienne. C\u2019est un [&hellip;]\" \/>\n<meta property=\"og:url\" content=\"https:\/\/centcols.org\/es\/estancia-2015-villefort\/\" \/>\n<meta property=\"og:site_name\" content=\"Club des Cent Cols\" \/>\n<meta property=\"article:publisher\" content=\"https:\/\/www.facebook.com\/groups\/5261880558\/?locale=fr_FR\" \/>\n<meta property=\"article:published_time\" content=\"2015-04-10T15:25:08+00:00\" \/>\n<meta property=\"article:modified_time\" content=\"2025-09-01T16:32:14+00:00\" \/>\n<meta property=\"og:image\" content=\"https:\/\/centcols.org\/wp-content\/uploads\/2025\/05\/vialas-mini.jpg\" \/>\n\t<meta property=\"og:image:width\" content=\"240\" \/>\n\t<meta property=\"og:image:height\" content=\"180\" \/>\n\t<meta property=\"og:image:type\" content=\"image\/jpeg\" \/>\n<meta name=\"author\" content=\"Webmestre\" \/>\n<meta name=\"twitter:card\" content=\"summary_large_image\" \/>\n<meta name=\"twitter:label1\" content=\"Escrito por\" \/>\n\t<meta name=\"twitter:data1\" content=\"Webmestre\" \/>\n\t<meta name=\"twitter:label2\" content=\"Tiempo de lectura\" \/>\n\t<meta name=\"twitter:data2\" content=\"7 minutos\" \/>\n<script type=\"application\/ld+json\" class=\"yoast-schema-graph\">{\"@context\":\"https:\/\/schema.org\",\"@graph\":[{\"@type\":\"Article\",\"@id\":\"https:\/\/centcols.org\/sejour-2015-villefort\/#article\",\"isPartOf\":{\"@id\":\"https:\/\/centcols.org\/sejour-2015-villefort\/\"},\"author\":{\"name\":\"Webmestre\",\"@id\":\"https:\/\/centcols.org\/#\/schema\/person\/911b404fb133d8c913dd27cdcf71c8e5\"},\"headline\":\"S\u00e9jour estival \u00e0 Villefort (Loz\u00e8re) du 22 au 30 ao\u00fbt 2015\",\"datePublished\":\"2015-04-10T15:25:08+00:00\",\"dateModified\":\"2025-09-01T16:32:14+00:00\",\"mainEntityOfPage\":{\"@id\":\"https:\/\/centcols.org\/sejour-2015-villefort\/\"},\"wordCount\":1206,\"publisher\":{\"@id\":\"https:\/\/centcols.org\/#organization\"},\"image\":{\"@id\":\"https:\/\/centcols.org\/sejour-2015-villefort\/#primaryimage\"},\"thumbnailUrl\":\"https:\/\/centcols.org\/wp-content\/uploads\/2025\/05\/vialas-mini.jpg\",\"articleSection\":[\"France\",\"Occitanie\",\"Massif Central\",\"Calendrier\",\"C\u00e9vennes\",\"48-Loz\u00e8re\",\"S\u00e9jours du Club des Cent Cols\"],\"inLanguage\":\"es\"},{\"@type\":\"WebPage\",\"@id\":\"https:\/\/centcols.org\/sejour-2015-villefort\/\",\"url\":\"https:\/\/centcols.org\/sejour-2015-villefort\/\",\"name\":\"S\u00e9jour estival \u00e0 Villefort (Loz\u00e8re) du 22 au 30 ao\u00fbt 2015 - Club des Cent Cols\",\"isPartOf\":{\"@id\":\"https:\/\/centcols.org\/#website\"},\"primaryImageOfPage\":{\"@id\":\"https:\/\/centcols.org\/sejour-2015-villefort\/#primaryimage\"},\"image\":{\"@id\":\"https:\/\/centcols.org\/sejour-2015-villefort\/#primaryimage\"},\"thumbnailUrl\":\"https:\/\/centcols.org\/wp-content\/uploads\/2025\/05\/vialas-mini.jpg\",\"datePublished\":\"2015-04-10T15:25:08+00:00\",\"dateModified\":\"2025-09-01T16:32:14+00:00\",\"breadcrumb\":{\"@id\":\"https:\/\/centcols.org\/sejour-2015-villefort\/#breadcrumb\"},\"inLanguage\":\"es\",\"potentialAction\":[{\"@type\":\"ReadAction\",\"target\":[\"https:\/\/centcols.org\/sejour-2015-villefort\/\"]}]},{\"@type\":\"ImageObject\",\"inLanguage\":\"es\",\"@id\":\"https:\/\/centcols.org\/sejour-2015-villefort\/#primaryimage\",\"url\":\"https:\/\/centcols.org\/wp-content\/uploads\/2025\/05\/vialas-mini.jpg\",\"contentUrl\":\"https:\/\/centcols.org\/wp-content\/uploads\/2025\/05\/vialas-mini.jpg\",\"width\":240,\"height\":180},{\"@type\":\"BreadcrumbList\",\"@id\":\"https:\/\/centcols.org\/sejour-2015-villefort\/#breadcrumb\",\"itemListElement\":[{\"@type\":\"ListItem\",\"position\":1,\"name\":\"Accueil\",\"item\":\"https:\/\/centcols.org\/\"},{\"@type\":\"ListItem\",\"position\":2,\"name\":\"S\u00e9jours du Club des Cent Cols\",\"item\":\"https:\/\/centcols.org\/rubrique\/sejours\/\"},{\"@type\":\"ListItem\",\"position\":3,\"name\":\"Pays\",\"item\":\"https:\/\/centcols.org\/rubrique\/sejours\/pays-sejours\/\"},{\"@type\":\"ListItem\",\"position\":4,\"name\":\"France\",\"item\":\"https:\/\/centcols.org\/rubrique\/sejours\/pays-sejours\/france-pays-sejours\/\"},{\"@type\":\"ListItem\",\"position\":5,\"name\":\"S\u00e9jour estival \u00e0 Villefort (Loz\u00e8re) du 22 au 30 ao\u00fbt 2015\"}]},{\"@type\":\"WebSite\",\"@id\":\"https:\/\/centcols.org\/#website\",\"url\":\"https:\/\/centcols.org\/\",\"name\":\"Club des Cent Cols\",\"description\":\"\",\"publisher\":{\"@id\":\"https:\/\/centcols.org\/#organization\"},\"potentialAction\":[{\"@type\":\"SearchAction\",\"target\":{\"@type\":\"EntryPoint\",\"urlTemplate\":\"https:\/\/centcols.org\/?s={search_term_string}\"},\"query-input\":{\"@type\":\"PropertyValueSpecification\",\"valueRequired\":true,\"valueName\":\"search_term_string\"}}],\"inLanguage\":\"es\"},{\"@type\":\"Organization\",\"@id\":\"https:\/\/centcols.org\/#organization\",\"name\":\"Club des Cent Cols\",\"url\":\"https:\/\/centcols.org\/\",\"logo\":{\"@type\":\"ImageObject\",\"inLanguage\":\"es\",\"@id\":\"https:\/\/centcols.org\/#\/schema\/logo\/image\/\",\"url\":\"https:\/\/centcols.org\/wp-content\/uploads\/2025\/01\/carte-icone.png\",\"contentUrl\":\"https:\/\/centcols.org\/wp-content\/uploads\/2025\/01\/carte-icone.png\",\"width\":250,\"height\":250,\"caption\":\"Club des Cent Cols\"},\"image\":{\"@id\":\"https:\/\/centcols.org\/#\/schema\/logo\/image\/\"},\"sameAs\":[\"https:\/\/www.facebook.com\/groups\/5261880558\/?locale=fr_FR\"]},{\"@type\":\"Person\",\"@id\":\"https:\/\/centcols.org\/#\/schema\/person\/911b404fb133d8c913dd27cdcf71c8e5\",\"name\":\"Webmestre\",\"image\":{\"@type\":\"ImageObject\",\"inLanguage\":\"es\",\"@id\":\"https:\/\/centcols.org\/wp-content\/litespeed\/avatar\/2d246e4b6b4f773e08515e1ffc53690b.jpg?ver=1777222892\",\"url\":\"https:\/\/centcols.org\/wp-content\/litespeed\/avatar\/2d246e4b6b4f773e08515e1ffc53690b.jpg?ver=1777222892\",\"contentUrl\":\"https:\/\/centcols.org\/wp-content\/litespeed\/avatar\/2d246e4b6b4f773e08515e1ffc53690b.jpg?ver=1777222892\",\"caption\":\"Webmestre\"},\"url\":\"https:\/\/centcols.org\/es\/author\/webmestre\/\"}]}<\/script>\n<!-- \/ Yoast SEO plugin. -->","yoast_head_json":{"title":"Vacaciones de verano en Villefort (Loz\u00e8re) del 22 al 30 de agosto de 2015 - Club des Cent Cols","robots":{"index":"index","follow":"follow","max-snippet":"max-snippet:-1","max-image-preview":"max-image-preview:large","max-video-preview":"max-video-preview:-1"},"canonical":"https:\/\/centcols.org\/es\/estancia-2015-villefort\/","og_locale":"es_ES","og_type":"article","og_title":"S\u00e9jour estival \u00e0 Villefort (Loz\u00e8re) du 22 au 30 ao\u00fbt 2015 - Club des Cent Cols","og_description":"Albums Photos Cliquer pour voir les albums Pr\u00e9sentation Le s\u00e9jour d&rsquo;\u00e9t\u00e9 2015 se d\u00e9roulera du 22 au 30 ao\u00fbt au \u00abMas des S\u00e9dari\u00e8s\u00bb sur la commune de Villefort. La r\u00e9gion de Villefort est situ\u00e9e au sud du G\u00e9vaudan, \u00e0 quelques arpents du Gard et l\u2019Ard\u00e8che. Elle d\u00e9voile le visage de la C\u00e9venne loz\u00e9rienne. C\u2019est un [&hellip;]","og_url":"https:\/\/centcols.org\/es\/estancia-2015-villefort\/","og_site_name":"Club des Cent Cols","article_publisher":"https:\/\/www.facebook.com\/groups\/5261880558\/?locale=fr_FR","article_published_time":"2015-04-10T15:25:08+00:00","article_modified_time":"2025-09-01T16:32:14+00:00","og_image":[{"width":240,"height":180,"url":"https:\/\/centcols.org\/wp-content\/uploads\/2025\/05\/vialas-mini.jpg","type":"image\/jpeg"}],"author":"Webmestre","twitter_card":"summary_large_image","twitter_misc":{"Escrito por":"Webmestre","Tiempo de lectura":"7 minutos"},"schema":{"@context":"https:\/\/schema.org","@graph":[{"@type":"Article","@id":"https:\/\/centcols.org\/sejour-2015-villefort\/#article","isPartOf":{"@id":"https:\/\/centcols.org\/sejour-2015-villefort\/"},"author":{"name":"Webmestre","@id":"https:\/\/centcols.org\/#\/schema\/person\/911b404fb133d8c913dd27cdcf71c8e5"},"headline":"S\u00e9jour estival \u00e0 Villefort (Loz\u00e8re) du 22 au 30 ao\u00fbt 2015","datePublished":"2015-04-10T15:25:08+00:00","dateModified":"2025-09-01T16:32:14+00:00","mainEntityOfPage":{"@id":"https:\/\/centcols.org\/sejour-2015-villefort\/"},"wordCount":1206,"publisher":{"@id":"https:\/\/centcols.org\/#organization"},"image":{"@id":"https:\/\/centcols.org\/sejour-2015-villefort\/#primaryimage"},"thumbnailUrl":"https:\/\/centcols.org\/wp-content\/uploads\/2025\/05\/vialas-mini.jpg","articleSection":["France","Occitanie","Massif Central","Calendrier","C\u00e9vennes","48-Loz\u00e8re","S\u00e9jours du Club des Cent Cols"],"inLanguage":"es"},{"@type":"WebPage","@id":"https:\/\/centcols.org\/sejour-2015-villefort\/","url":"https:\/\/centcols.org\/sejour-2015-villefort\/","name":"Vacaciones de verano en Villefort (Loz\u00e8re) del 22 al 30 de agosto de 2015 - Club des Cent Cols","isPartOf":{"@id":"https:\/\/centcols.org\/#website"},"primaryImageOfPage":{"@id":"https:\/\/centcols.org\/sejour-2015-villefort\/#primaryimage"},"image":{"@id":"https:\/\/centcols.org\/sejour-2015-villefort\/#primaryimage"},"thumbnailUrl":"https:\/\/centcols.org\/wp-content\/uploads\/2025\/05\/vialas-mini.jpg","datePublished":"2015-04-10T15:25:08+00:00","dateModified":"2025-09-01T16:32:14+00:00","breadcrumb":{"@id":"https:\/\/centcols.org\/sejour-2015-villefort\/#breadcrumb"},"inLanguage":"es","potentialAction":[{"@type":"ReadAction","target":["https:\/\/centcols.org\/sejour-2015-villefort\/"]}]},{"@type":"ImageObject","inLanguage":"es","@id":"https:\/\/centcols.org\/sejour-2015-villefort\/#primaryimage","url":"https:\/\/centcols.org\/wp-content\/uploads\/2025\/05\/vialas-mini.jpg","contentUrl":"https:\/\/centcols.org\/wp-content\/uploads\/2025\/05\/vialas-mini.jpg","width":240,"height":180},{"@type":"BreadcrumbList","@id":"https:\/\/centcols.org\/sejour-2015-villefort\/#breadcrumb","itemListElement":[{"@type":"ListItem","position":1,"name":"Accueil","item":"https:\/\/centcols.org\/"},{"@type":"ListItem","position":2,"name":"S\u00e9jours du Club des Cent Cols","item":"https:\/\/centcols.org\/rubrique\/sejours\/"},{"@type":"ListItem","position":3,"name":"Pays","item":"https:\/\/centcols.org\/rubrique\/sejours\/pays-sejours\/"},{"@type":"ListItem","position":4,"name":"France","item":"https:\/\/centcols.org\/rubrique\/sejours\/pays-sejours\/france-pays-sejours\/"},{"@type":"ListItem","position":5,"name":"S\u00e9jour estival \u00e0 Villefort (Loz\u00e8re) du 22 au 30 ao\u00fbt 2015"}]},{"@type":"WebSite","@id":"https:\/\/centcols.org\/#website","url":"https:\/\/centcols.org\/","name":"Club des Cent Cols","description":"","publisher":{"@id":"https:\/\/centcols.org\/#organization"},"potentialAction":[{"@type":"SearchAction","target":{"@type":"EntryPoint","urlTemplate":"https:\/\/centcols.org\/?s={search_term_string}"},"query-input":{"@type":"PropertyValueSpecification","valueRequired":true,"valueName":"search_term_string"}}],"inLanguage":"es"},{"@type":"Organization","@id":"https:\/\/centcols.org\/#organization","name":"Club des Cent Cols","url":"https:\/\/centcols.org\/","logo":{"@type":"ImageObject","inLanguage":"es","@id":"https:\/\/centcols.org\/#\/schema\/logo\/image\/","url":"https:\/\/centcols.org\/wp-content\/uploads\/2025\/01\/carte-icone.png","contentUrl":"https:\/\/centcols.org\/wp-content\/uploads\/2025\/01\/carte-icone.png","width":250,"height":250,"caption":"Club des Cent Cols"},"image":{"@id":"https:\/\/centcols.org\/#\/schema\/logo\/image\/"},"sameAs":["https:\/\/www.facebook.com\/groups\/5261880558\/?locale=fr_FR"]},{"@type":"Person","@id":"https:\/\/centcols.org\/#\/schema\/person\/911b404fb133d8c913dd27cdcf71c8e5","name":"Webmaster","image":{"@type":"ImageObject","inLanguage":"es","@id":"https:\/\/centcols.org\/wp-content\/litespeed\/avatar\/2d246e4b6b4f773e08515e1ffc53690b.jpg?ver=1777222892","url":"https:\/\/centcols.org\/wp-content\/litespeed\/avatar\/2d246e4b6b4f773e08515e1ffc53690b.jpg?ver=1777222892","contentUrl":"https:\/\/centcols.org\/wp-content\/litespeed\/avatar\/2d246e4b6b4f773e08515e1ffc53690b.jpg?ver=1777222892","caption":"Webmestre"},"url":"https:\/\/centcols.org\/es\/author\/webmestre\/"}]}},"_links":{"self":[{"href":"https:\/\/centcols.org\/es\/wp-json\/wp\/v2\/posts\/81384","targetHints":{"allow":["GET"]}}],"collection":[{"href":"https:\/\/centcols.org\/es\/wp-json\/wp\/v2\/posts"}],"about":[{"href":"https:\/\/centcols.org\/es\/wp-json\/wp\/v2\/types\/post"}],"author":[{"embeddable":true,"href":"https:\/\/centcols.org\/es\/wp-json\/wp\/v2\/users\/3"}],"replies":[{"embeddable":true,"href":"https:\/\/centcols.org\/es\/wp-json\/wp\/v2\/comments?post=81384"}],"version-history":[{"count":0,"href":"https:\/\/centcols.org\/es\/wp-json\/wp\/v2\/posts\/81384\/revisions"}],"wp:featuredmedia":[{"embeddable":true,"href":"https:\/\/centcols.org\/es\/wp-json\/wp\/v2\/media\/81385"}],"wp:attachment":[{"href":"https:\/\/centcols.org\/es\/wp-json\/wp\/v2\/media?parent=81384"}],"wp:term":[{"taxonomy":"category","embeddable":true,"href":"https:\/\/centcols.org\/es\/wp-json\/wp\/v2\/categories?post=81384"},{"taxonomy":"post_tag","embeddable":true,"href":"https:\/\/centcols.org\/es\/wp-json\/wp\/v2\/tags?post=81384"}],"curies":[{"name":"wp","href":"https:\/\/api.w.org\/{rel}","templated":true}]}}