{"id":81476,"date":"2014-01-23T10:16:53","date_gmt":"2014-01-23T08:16:53","guid":{"rendered":"https:\/\/centcols.org\/sejour-de-printemps-a-digne-alpes-de-haute-provence-du-27-avril-au-4-mai-2014\/"},"modified":"2025-09-10T16:45:47","modified_gmt":"2025-09-10T14:45:47","slug":"sigue-siendo-digno-de-2014","status":"publish","type":"post","link":"https:\/\/centcols.org\/es\/sejour-2014-digne\/","title":{"rendered":"Vacaciones de primavera en Digne (Alpes de Alta Provenza) del 27 de abril al 4 de mayo de 2014"},"content":{"rendered":"<h2 class=\"wp-block-heading\">Presentaci\u00f3n<\/h2>\n\n\n\n<p>Nuestras vacaciones de primavera de 2014 ser\u00e1n en Digne, del 27 de abril al 4 de mayo, en la residencia Renouveu Vacances \u00abLe Richelme\u00bb.<br>La regi\u00f3n de Dignois, donde nos alojaremos, alberga altas cumbres con vistas a campos de lavanda, en la mayor reserva geol\u00f3gica de Europa. Digne-les-Bains, ciudad de 19.000 habitantes, se encuentra a 600 m de altitud, en la confluencia de tres valles. Los pueblos de los alrededores y, sobre todo, las numerosas capillas que dominan la ciudad son el punto de partida de numerosos paseos.<br>Conocida sobre todo por la calidad de sus aguas termales y sus yacimientos geol\u00f3gicos, Digne es tambi\u00e9n una ciudad de cultura con, entre otros, el museo del fil\u00f3sofo y astr\u00f3nomo Pierre Gassendi y la casa (que se puede visitar) de la famosa exploradora Alexandra David Neel.<\/p>\n\n\n\n<h2 class=\"wp-block-heading\">Alojamiento<\/h2>\n\n\n\n<p>Nos alojaremos en la R\u00e9sidence Renouveau Vacances \u00abLe Richelme\u00bb, 04000 Digne. Est\u00e1 situada en la salida sureste de Digne, en la carretera del Col de Corobin. La residencia dispone de 79 habitaciones de 1 a 4 camas (144 plazas en total), incluida una habitaci\u00f3n para personas con movilidad reducida, repartidas en 4 plantas con ascensor. Todas las habitaciones disponen de cuarto de ba\u00f1o (ducha, WC), televisi\u00f3n y tel\u00e9fono. Se proporcionan s\u00e1banas y toallas, y la residencia se encarga de la limpieza.<\/p>\n\n\n\n<h2 class=\"wp-block-heading\">Detalles del programa<\/h2>\n\n\n\n<p>Ocho circuitos de bicicleta de monta\u00f1a y 6 circuitos de carretera le har\u00e1n descubrir los paisajes tan diferentes de la regi\u00f3n de Dignois. Desde la Provenza perfumada de tomillo hasta las estribaciones monta\u00f1osas del valle de Seyne-les-Alpes. Salvo una breve excursi\u00f3n (por carretera) en los Altos Alpes (05), todos los puertos propuestos se encuentran en los Alpes de Alta Provenza (04).<br>De las rutas por carretera, 3 pueden considerarse f\u00e1ciles, una media, y 2 superan los 100 km, con un m\u00e1ximo de 1.600 m de desnivel. La mitad de las rutas parten del destino de vacaciones en bicicleta, la otra mitad en coche.<br>Sin tener en cuenta los pasos opcionales, 3 senderos para bicicleta de monta\u00f1a son f\u00e1ciles, mientras que los otros 5 son un poco m\u00e1s f\u00edsicos. Todos son en su mayor\u00eda ondulados, con algunos tramos de una sola pista y algo de empuje, pero sin porteo. Tres de las rutas parten de nuestro alojamiento, mientras que las dem\u00e1s requieren breves desplazamientos en coche. Dos est\u00e1n programadas para el mismo d\u00eda y en la misma regi\u00f3n, pero con distintos puntos de partida. Una excursi\u00f3n no tiene fecha fija, as\u00ed que usted decide si quiere hacerla y cu\u00e1ndo.<br>La lista de <a href=\"\/es\/membres\/cctours\/tours.php\/?lieu=Digne&amp;an=2014\">todas las visitas<\/a> as\u00ed como listas separadas para <a href=\"\/es\/membres\/cctours\/tours.php\/?lieu=Digne&amp;an=2014&amp;genre=R\">rutas por carretera<\/a> y&nbsp;<a href=\"\/es\/membres\/cctours\/tours.php\/?lieu=Digne&amp;an=2014&amp;genre=V\">senderos para bicicletas de monta\u00f1a<\/a>. A partir de estas listas, tambi\u00e9n est\u00e1n disponibles mapas interactivos, hojas de ruta y perfiles de altitud para cada ruta, junto con archivos de geolocalizaci\u00f3n. Tambi\u00e9n es posible descargar toda la <a href=\"https:\/\/centcols.org\/wp-content\/uploads\/2025\/09\/plaquette_Digne.pdf\">folleto<\/a> (2,6 MB).<\/p>\n\n\n\n<h2 class=\"wp-block-heading\">Instrucciones de seguridad<\/h2>\n\n\n\n<p><strong>Advertencia:<\/strong> El orden propuesto pretende facilitar la organizaci\u00f3n de grupos informales, pero no es en absoluto obligatorio.<\/p>\n\n\n\n<p>El Club des Cent Cols no pone a disposici\u00f3n de sus socios monitores cualificados, por lo que cada participante debe considerarse en excursi\u00f3n personal, aunque le recomendemos agruparse seg\u00fan sus afinidades, su ritmo o sus actividades contemplativas o deportivas... para crear un ambiente de club. Vuelva a casa lo bastante temprano para favorecer la vida de grupo.<\/p>\n\n\n\n<p><strong>Dado que esta actividad entra\u00f1a una serie de riesgos, le rogamos que respete las siguientes instrucciones:<\/strong><\/p>\n\n\n\n<ul class=\"wp-block-list\">\n<li>Tenga en cuenta su estado f\u00edsico y las condiciones meteorol\u00f3gicas antes de emprender una excursi\u00f3n. Sepa c\u00f3mo acortarla o abandonarla en caso necesario.<\/li>\n\n\n\n<li>Respete el c\u00f3digo de circulaci\u00f3n, a los dem\u00e1s usuarios de la carretera y al medio ambiente, y cumpla las instrucciones del organizador.<\/li>\n\n\n\n<li>En bicicleta de monta\u00f1a: cierra las barreras despu\u00e9s de haberlas atravesado, respeta las prohibiciones y la direcci\u00f3n sugerida por el dise\u00f1ador de la ruta para evitar colisiones. Una ruta en bicicleta de monta\u00f1a a contracorriente del tr\u00e1fico puede resultar mucho m\u00e1s dif\u00edcil.<\/li>\n<\/ul>\n\n\n\n<h2 class=\"wp-block-heading\">Para compa\u00f1eros que no pedalean<\/h2>\n\n\n\n<p>Se ha previsto un programa de actividades para los acompa\u00f1antes que no caminan, que incluye una serie de paseos cortos. Se ruega traer calzado para caminar.<\/p>\n\n\n\n<h2 class=\"wp-block-heading\">\u00c1lbumes de fotos<\/h2>\n\n\n\n<figure class=\"wp-block-gallery has-nested-images columns-4 is-cropped wp-block-gallery-1 is-layout-flex wp-block-gallery-is-layout-flex\">\n<figure class=\"wp-block-image size-full\"><a href=\"https:\/\/centcols.org\/es\/util\/visuAlbum.php\/?album=1420-009\" target=\"_blank\" rel=\"noreferrer noopener\"><img loading=\"lazy\" decoding=\"async\" width=\"1024\" height=\"768\" data-id=\"89561\" src=\"https:\/\/centcols.org\/wp-content\/uploads\/2014\/01\/L0021.jpg\" alt=\"\" class=\"wp-image-89561\" srcset=\"https:\/\/centcols.org\/wp-content\/uploads\/2014\/01\/L0021.jpg 1024w, https:\/\/centcols.org\/wp-content\/uploads\/2014\/01\/L0021-768x576.jpg 768w, https:\/\/centcols.org\/wp-content\/uploads\/2014\/01\/L0021-16x12.jpg 16w\" sizes=\"auto, (max-width: 1024px) 100vw, 1024px\" \/><\/a><figcaption class=\"wp-element-caption\">\u00c1lbum de Guy Cambess\u00e8d\u00e8s<\/figcaption><\/figure>\n\n\n\n<figure class=\"wp-block-image size-full\"><a href=\"https:\/\/centcols.org\/es\/util\/visuAlbum.php\/?album=5173-006\" target=\"_blank\" rel=\"noreferrer noopener\"><img loading=\"lazy\" decoding=\"async\" width=\"800\" height=\"600\" data-id=\"89563\" src=\"https:\/\/centcols.org\/wp-content\/uploads\/2014\/01\/digne-singla.jpg\" alt=\"\" class=\"wp-image-89563\" srcset=\"https:\/\/centcols.org\/wp-content\/uploads\/2014\/01\/digne-singla.jpg 800w, https:\/\/centcols.org\/wp-content\/uploads\/2014\/01\/digne-singla-768x576.jpg 768w, https:\/\/centcols.org\/wp-content\/uploads\/2014\/01\/digne-singla-16x12.jpg 16w\" sizes=\"auto, (max-width: 800px) 100vw, 800px\" \/><\/a><figcaption class=\"wp-element-caption\">\u00c1lbum de Fr\u00e9d\u00e9ric Singla<\/figcaption><\/figure>\n\n\n\n<figure class=\"wp-block-image size-full\"><a href=\"https:\/\/centcols.org\/es\/util\/visuAlbum.php\/?album=6862-005\" target=\"_blank\" rel=\"noreferrer noopener\"><img loading=\"lazy\" decoding=\"async\" width=\"800\" height=\"600\" data-id=\"89564\" src=\"https:\/\/centcols.org\/wp-content\/uploads\/2014\/01\/digne-marquet.jpg\" alt=\"\" class=\"wp-image-89564\" srcset=\"https:\/\/centcols.org\/wp-content\/uploads\/2014\/01\/digne-marquet.jpg 800w, https:\/\/centcols.org\/wp-content\/uploads\/2014\/01\/digne-marquet-768x576.jpg 768w, https:\/\/centcols.org\/wp-content\/uploads\/2014\/01\/digne-marquet-16x12.jpg 16w\" sizes=\"auto, (max-width: 800px) 100vw, 800px\" \/><\/a><figcaption class=\"wp-element-caption\">\u00c1lbum de Philippe Marquet<\/figcaption><\/figure>\n\n\n\n<figure class=\"wp-block-image size-full\"><a href=\"https:\/\/centcols.org\/es\/util\/visuAlbum.php\/?album=5065-006\" target=\"_blank\" rel=\"noreferrer noopener\"><img loading=\"lazy\" decoding=\"async\" width=\"800\" height=\"600\" data-id=\"89565\" src=\"https:\/\/centcols.org\/wp-content\/uploads\/2014\/01\/igne-alberini.jpg\" alt=\"\" class=\"wp-image-89565\" srcset=\"https:\/\/centcols.org\/wp-content\/uploads\/2014\/01\/igne-alberini.jpg 800w, https:\/\/centcols.org\/wp-content\/uploads\/2014\/01\/igne-alberini-768x576.jpg 768w, https:\/\/centcols.org\/wp-content\/uploads\/2014\/01\/igne-alberini-16x12.jpg 16w\" sizes=\"auto, (max-width: 800px) 100vw, 800px\" \/><\/a><figcaption class=\"wp-element-caption\">\u00c1lbum de Enrico Alberini<\/figcaption><\/figure>\n\n\n\n<figure class=\"wp-block-image size-full\"><a href=\"https:\/\/centcols.org\/es\/util\/visuAlbum.php\/?album=6820-001\" target=\"_blank\" rel=\"noreferrer noopener\"><img loading=\"lazy\" decoding=\"async\" width=\"200\" height=\"150\" data-id=\"89567\" src=\"https:\/\/centcols.org\/wp-content\/uploads\/2014\/01\/S047.jpg\" alt=\"\" class=\"wp-image-89567\" srcset=\"https:\/\/centcols.org\/wp-content\/uploads\/2014\/01\/S047.jpg 200w, https:\/\/centcols.org\/wp-content\/uploads\/2014\/01\/S047-16x12.jpg 16w\" sizes=\"auto, (max-width: 200px) 100vw, 200px\" \/><\/a><figcaption class=\"wp-element-caption\">\u00c1lbum de Denis Mathieu<\/figcaption><\/figure>\n\n\n\n<figure class=\"wp-block-image size-full\"><a href=\"https:\/\/centcols.org\/es\/util\/visuAlbum.php\/?album=3872-003\" target=\"_blank\" rel=\"noreferrer noopener\"><img loading=\"lazy\" decoding=\"async\" width=\"800\" height=\"600\" data-id=\"89569\" src=\"https:\/\/centcols.org\/wp-content\/uploads\/2014\/01\/Digne-Giraudeau.jpg\" alt=\"\" class=\"wp-image-89569\" srcset=\"https:\/\/centcols.org\/wp-content\/uploads\/2014\/01\/Digne-Giraudeau.jpg 800w, https:\/\/centcols.org\/wp-content\/uploads\/2014\/01\/Digne-Giraudeau-768x576.jpg 768w, https:\/\/centcols.org\/wp-content\/uploads\/2014\/01\/Digne-Giraudeau-16x12.jpg 16w\" sizes=\"auto, (max-width: 800px) 100vw, 800px\" \/><\/a><figcaption class=\"wp-element-caption\">\u00c1lbum de Bernard Giraudeau<\/figcaption><\/figure>\n\n\n\n<figure class=\"wp-block-image size-full\"><a href=\"https:\/\/centcols.org\/es\/util\/visuAlbum.php\/?album=5756-003\" target=\"_blank\" rel=\"noreferrer noopener\"><img loading=\"lazy\" decoding=\"async\" width=\"800\" height=\"600\" data-id=\"89571\" src=\"https:\/\/centcols.org\/wp-content\/uploads\/2014\/01\/Digne-Cowhan.jpg\" alt=\"\" class=\"wp-image-89571\" srcset=\"https:\/\/centcols.org\/wp-content\/uploads\/2014\/01\/Digne-Cowhan.jpg 800w, https:\/\/centcols.org\/wp-content\/uploads\/2014\/01\/Digne-Cowhan-768x576.jpg 768w, https:\/\/centcols.org\/wp-content\/uploads\/2014\/01\/Digne-Cowhan-16x12.jpg 16w\" sizes=\"auto, (max-width: 800px) 100vw, 800px\" \/><\/a><figcaption class=\"wp-element-caption\">\u00c1lbum de Gerald Cowhan<\/figcaption><\/figure>\n\n\n\n<figure class=\"wp-block-image size-full\"><a href=\"https:\/\/centcols.org\/es\/util\/visuAlbum.php\/?album=2880-008\" target=\"_blank\" rel=\"noreferrer noopener\"><img loading=\"lazy\" decoding=\"async\" width=\"800\" height=\"800\" data-id=\"89572\" src=\"https:\/\/centcols.org\/wp-content\/uploads\/2014\/01\/Digne-Garcin.jpg\" alt=\"\" class=\"wp-image-89572\" srcset=\"https:\/\/centcols.org\/wp-content\/uploads\/2014\/01\/Digne-Garcin.jpg 800w, https:\/\/centcols.org\/wp-content\/uploads\/2014\/01\/Digne-Garcin-150x150.jpg 150w, https:\/\/centcols.org\/wp-content\/uploads\/2014\/01\/Digne-Garcin-768x768.jpg 768w, https:\/\/centcols.org\/wp-content\/uploads\/2014\/01\/Digne-Garcin-12x12.jpg 12w\" sizes=\"auto, (max-width: 800px) 100vw, 800px\" \/><\/a><figcaption class=\"wp-element-caption\">\u00c1lbum de Guy Garcin<\/figcaption><\/figure>\n\n\n\n<figure class=\"wp-block-image size-full\"><a href=\"https:\/\/centcols.org\/es\/util\/visuAlbum.php\/?album=6028-012\" target=\"_blank\" rel=\"noreferrer noopener\"><img loading=\"lazy\" decoding=\"async\" width=\"800\" height=\"450\" data-id=\"89574\" src=\"https:\/\/centcols.org\/wp-content\/uploads\/2014\/01\/digne-jpl.jpg\" alt=\"\" class=\"wp-image-89574\" srcset=\"https:\/\/centcols.org\/wp-content\/uploads\/2014\/01\/digne-jpl.jpg 800w, https:\/\/centcols.org\/wp-content\/uploads\/2014\/01\/digne-jpl-768x432.jpg 768w, https:\/\/centcols.org\/wp-content\/uploads\/2014\/01\/digne-jpl-18x10.jpg 18w\" sizes=\"auto, (max-width: 800px) 100vw, 800px\" \/><\/a><figcaption class=\"wp-element-caption\"><a href=\"https:\/\/centcols.org\/es\/util\/visuAlbum.php\/?album=6028-012\" target=\"_blank\" rel=\"noreferrer noopener\">\u00c1lbum de Jean-Pierre Lambert<\/a><\/figcaption><\/figure>\n\n\n\n<figure class=\"wp-block-image size-full\"><a href=\"https:\/\/centcols.org\/es\/util\/visuAlbum.php\/?album=5684-001\" target=\"_blank\" rel=\"noreferrer noopener\"><img loading=\"lazy\" decoding=\"async\" width=\"800\" height=\"599\" data-id=\"89575\" src=\"https:\/\/centcols.org\/wp-content\/uploads\/2014\/01\/Dine-Millet.jpg\" alt=\"\" class=\"wp-image-89575\" srcset=\"https:\/\/centcols.org\/wp-content\/uploads\/2014\/01\/Dine-Millet.jpg 800w, https:\/\/centcols.org\/wp-content\/uploads\/2014\/01\/Dine-Millet-768x575.jpg 768w, https:\/\/centcols.org\/wp-content\/uploads\/2014\/01\/Dine-Millet-16x12.jpg 16w\" sizes=\"auto, (max-width: 800px) 100vw, 800px\" \/><\/a><figcaption class=\"wp-element-caption\">\u00c1lbum de Nicole Millet<\/figcaption><\/figure>\n\n\n\n<figure class=\"wp-block-image size-full\"><a href=\"https:\/\/centcols.org\/es\/util\/visuAlbum.php\/?album=4373-001\" target=\"_blank\" rel=\"noreferrer noopener\"><img loading=\"lazy\" decoding=\"async\" width=\"800\" height=\"600\" data-id=\"89577\" src=\"https:\/\/centcols.org\/wp-content\/uploads\/2014\/01\/Digne-Racois.jpg\" alt=\"\" class=\"wp-image-89577\" srcset=\"https:\/\/centcols.org\/wp-content\/uploads\/2014\/01\/Digne-Racois.jpg 800w, https:\/\/centcols.org\/wp-content\/uploads\/2014\/01\/Digne-Racois-768x576.jpg 768w, https:\/\/centcols.org\/wp-content\/uploads\/2014\/01\/Digne-Racois-16x12.jpg 16w\" sizes=\"auto, (max-width: 800px) 100vw, 800px\" \/><\/a><figcaption class=\"wp-element-caption\">\u00c1lbum de Michel Racois<\/figcaption><\/figure>\n\n\n\n<figure class=\"wp-block-image size-full\"><a href=\"https:\/\/centcols.org\/es\/util\/visuAlbum.php\/?album=3310-001\" target=\"_blank\" rel=\"noreferrer noopener\"><img loading=\"lazy\" decoding=\"async\" width=\"800\" height=\"600\" data-id=\"89579\" src=\"https:\/\/centcols.org\/wp-content\/uploads\/2014\/01\/Digne-Braquemeont.jpg\" alt=\"\" class=\"wp-image-89579\" srcset=\"https:\/\/centcols.org\/wp-content\/uploads\/2014\/01\/Digne-Braquemeont.jpg 800w, https:\/\/centcols.org\/wp-content\/uploads\/2014\/01\/Digne-Braquemeont-768x576.jpg 768w, https:\/\/centcols.org\/wp-content\/uploads\/2014\/01\/Digne-Braquemeont-16x12.jpg 16w\" sizes=\"auto, (max-width: 800px) 100vw, 800px\" \/><\/a><figcaption class=\"wp-element-caption\">\u00c1lbum de Bernard Bracquemont<\/figcaption><\/figure>\n\n\n\n<figure class=\"wp-block-image size-full\"><a href=\"https:\/\/centcols.org\/es\/util\/visuAlbum.php\/?album=5497-003\" target=\"_blank\" rel=\"noreferrer noopener\"><img loading=\"lazy\" decoding=\"async\" width=\"800\" height=\"600\" data-id=\"89581\" src=\"https:\/\/centcols.org\/wp-content\/uploads\/2014\/01\/Digne-Ruffie.jpg\" alt=\"\" class=\"wp-image-89581\" srcset=\"https:\/\/centcols.org\/wp-content\/uploads\/2014\/01\/Digne-Ruffie.jpg 800w, https:\/\/centcols.org\/wp-content\/uploads\/2014\/01\/Digne-Ruffie-768x576.jpg 768w, https:\/\/centcols.org\/wp-content\/uploads\/2014\/01\/Digne-Ruffie-16x12.jpg 16w\" sizes=\"auto, (max-width: 800px) 100vw, 800px\" \/><\/a><figcaption class=\"wp-element-caption\">\u00c1lbum de Guy Ruffi\u00e9<\/figcaption><\/figure>\n\n\n\n<figure class=\"wp-block-image size-full\"><a href=\"https:\/\/centcols.org\/es\/util\/visuAlbum.php\/?album=6785-004\" target=\"_blank\" rel=\"noreferrer noopener\"><img loading=\"lazy\" decoding=\"async\" width=\"800\" height=\"639\" data-id=\"89582\" src=\"https:\/\/centcols.org\/wp-content\/uploads\/2014\/01\/Digne-Tissot.jpg\" alt=\"\" class=\"wp-image-89582\" srcset=\"https:\/\/centcols.org\/wp-content\/uploads\/2014\/01\/Digne-Tissot.jpg 800w, https:\/\/centcols.org\/wp-content\/uploads\/2014\/01\/Digne-Tissot-768x613.jpg 768w, https:\/\/centcols.org\/wp-content\/uploads\/2014\/01\/Digne-Tissot-15x12.jpg 15w\" sizes=\"auto, (max-width: 800px) 100vw, 800px\" \/><\/a><figcaption class=\"wp-element-caption\">\u00c1lbum de Max Tissot<\/figcaption><\/figure>\n\n\n\n<figure class=\"wp-block-image size-full\"><a href=\"https:\/\/centcols.org\/es\/util\/visuAlbum.php\/?album=6796-006\" target=\"_blank\" rel=\"noreferrer noopener\"><img loading=\"lazy\" decoding=\"async\" width=\"800\" height=\"598\" data-id=\"89584\" src=\"https:\/\/centcols.org\/wp-content\/uploads\/2014\/01\/Digne-Andurand.jpg\" alt=\"\" class=\"wp-image-89584\" srcset=\"https:\/\/centcols.org\/wp-content\/uploads\/2014\/01\/Digne-Andurand.jpg 800w, https:\/\/centcols.org\/wp-content\/uploads\/2014\/01\/Digne-Andurand-768x574.jpg 768w, https:\/\/centcols.org\/wp-content\/uploads\/2014\/01\/Digne-Andurand-16x12.jpg 16w\" sizes=\"auto, (max-width: 800px) 100vw, 800px\" \/><\/a><figcaption class=\"wp-element-caption\">\u00c1lbum de Michel Andurand<\/figcaption><\/figure>\n<\/figure>","protected":false},"excerpt":{"rendered":"<p>Pr\u00e9sentation C&rsquo;est \u00e0 Digne que nous organisons notre s\u00e9jour de printemps 2014 du 27 avril au 4 mai, \u00e0 la r\u00e9sidence \u00abLe Richelme\u00bb de Renouveu Vacances.Le pays dignois, o\u00f9 nous allons \u00eatre h\u00e9berg\u00e9s, abrite de hauts sommets dominant des champs de lavande, dans la plus grande r\u00e9serve g\u00e9ologique d&rsquo;Europe. Digne-les-Bains, ville de 19 000 habitants, [&hellip;]<\/p>\n","protected":false},"author":3,"featured_media":81477,"comment_status":"closed","ping_status":"closed","sticky":false,"template":"","format":"standard","meta":{"_acf_changed":false,"footnotes":""},"categories":[349,381,353,355,135,231],"tags":[],"class_list":["post-81476","post","type-post","status-publish","format-standard","has-post-thumbnail","hentry","category-france-pays-sejours","category-04-alpes-de-haute-provence","category-alpes-francaises-du-sud-massif-sejours","category-provence-alpes-cote-dazur-region-sejours","category-calendrier","category-sejours"],"acf":[],"yoast_head":"<!-- This site is optimized with the Yoast SEO plugin v27.2 - https:\/\/yoast.com\/product\/yoast-seo-wordpress\/ -->\n<title>S\u00e9jour de printemps \u00e0 Digne (Alpes-de-Haute-Provence) du 27 avril au 4 mai 2014 - Club des Cent Cols<\/title>\n<meta name=\"robots\" content=\"index, follow, max-snippet:-1, max-image-preview:large, max-video-preview:-1\" \/>\n<link rel=\"canonical\" href=\"https:\/\/centcols.org\/es\/sigue-siendo-digno-de-2014\/\" \/>\n<meta property=\"og:locale\" content=\"es_ES\" \/>\n<meta property=\"og:type\" content=\"article\" \/>\n<meta property=\"og:title\" content=\"S\u00e9jour de printemps \u00e0 Digne (Alpes-de-Haute-Provence) du 27 avril au 4 mai 2014 - Club des Cent Cols\" \/>\n<meta property=\"og:description\" content=\"Pr\u00e9sentation C&rsquo;est \u00e0 Digne que nous organisons notre s\u00e9jour de printemps 2014 du 27 avril au 4 mai, \u00e0 la r\u00e9sidence \u00abLe Richelme\u00bb de Renouveu Vacances.Le pays dignois, o\u00f9 nous allons \u00eatre h\u00e9berg\u00e9s, abrite de hauts sommets dominant des champs de lavande, dans la plus grande r\u00e9serve g\u00e9ologique d&rsquo;Europe. Digne-les-Bains, ville de 19 000 habitants, [&hellip;]\" \/>\n<meta property=\"og:url\" content=\"https:\/\/centcols.org\/es\/sigue-siendo-digno-de-2014\/\" \/>\n<meta property=\"og:site_name\" content=\"Club des Cent Cols\" \/>\n<meta property=\"article:publisher\" content=\"https:\/\/www.facebook.com\/groups\/5261880558\/?locale=fr_FR\" \/>\n<meta property=\"article:published_time\" content=\"2014-01-23T08:16:53+00:00\" \/>\n<meta property=\"article:modified_time\" content=\"2025-09-10T14:45:47+00:00\" \/>\n<meta property=\"og:image\" content=\"https:\/\/centcols.org\/wp-content\/uploads\/2025\/05\/L00831-e1443267820261.jpg\" \/>\n\t<meta property=\"og:image:width\" content=\"800\" \/>\n\t<meta property=\"og:image:height\" content=\"450\" \/>\n\t<meta property=\"og:image:type\" content=\"image\/jpeg\" \/>\n<meta name=\"author\" content=\"Webmestre\" \/>\n<meta name=\"twitter:card\" content=\"summary_large_image\" \/>\n<meta name=\"twitter:label1\" content=\"Escrito por\" \/>\n\t<meta name=\"twitter:data1\" content=\"Webmestre\" \/>\n\t<meta name=\"twitter:label2\" content=\"Tiempo de lectura\" \/>\n\t<meta name=\"twitter:data2\" content=\"8 minutos\" \/>\n<script type=\"application\/ld+json\" class=\"yoast-schema-graph\">{\"@context\":\"https:\/\/schema.org\",\"@graph\":[{\"@type\":\"Article\",\"@id\":\"https:\/\/centcols.org\/sejour-2014-digne\/#article\",\"isPartOf\":{\"@id\":\"https:\/\/centcols.org\/sejour-2014-digne\/\"},\"author\":{\"name\":\"Webmestre\",\"@id\":\"https:\/\/centcols.org\/#\/schema\/person\/911b404fb133d8c913dd27cdcf71c8e5\"},\"headline\":\"S\u00e9jour de printemps \u00e0 Digne (Alpes-de-Haute-Provence) du 27 avril au 4 mai 2014\",\"datePublished\":\"2014-01-23T08:16:53+00:00\",\"dateModified\":\"2025-09-10T14:45:47+00:00\",\"mainEntityOfPage\":{\"@id\":\"https:\/\/centcols.org\/sejour-2014-digne\/\"},\"wordCount\":828,\"publisher\":{\"@id\":\"https:\/\/centcols.org\/#organization\"},\"image\":{\"@id\":\"https:\/\/centcols.org\/sejour-2014-digne\/#primaryimage\"},\"thumbnailUrl\":\"https:\/\/centcols.org\/wp-content\/uploads\/2025\/05\/L00831-e1443267820261.jpg\",\"articleSection\":[\"France\",\"04-Alpes-de-Haute-Provence\",\"Alpes fran\u00e7aises du sud\",\"Provence-Alpes-C\u00f4te d'Azur\",\"Calendrier\",\"S\u00e9jours du Club des Cent Cols\"],\"inLanguage\":\"es\"},{\"@type\":\"WebPage\",\"@id\":\"https:\/\/centcols.org\/sejour-2014-digne\/\",\"url\":\"https:\/\/centcols.org\/sejour-2014-digne\/\",\"name\":\"S\u00e9jour de printemps \u00e0 Digne (Alpes-de-Haute-Provence) du 27 avril au 4 mai 2014 - Club des Cent Cols\",\"isPartOf\":{\"@id\":\"https:\/\/centcols.org\/#website\"},\"primaryImageOfPage\":{\"@id\":\"https:\/\/centcols.org\/sejour-2014-digne\/#primaryimage\"},\"image\":{\"@id\":\"https:\/\/centcols.org\/sejour-2014-digne\/#primaryimage\"},\"thumbnailUrl\":\"https:\/\/centcols.org\/wp-content\/uploads\/2025\/05\/L00831-e1443267820261.jpg\",\"datePublished\":\"2014-01-23T08:16:53+00:00\",\"dateModified\":\"2025-09-10T14:45:47+00:00\",\"breadcrumb\":{\"@id\":\"https:\/\/centcols.org\/sejour-2014-digne\/#breadcrumb\"},\"inLanguage\":\"es\",\"potentialAction\":[{\"@type\":\"ReadAction\",\"target\":[\"https:\/\/centcols.org\/sejour-2014-digne\/\"]}]},{\"@type\":\"ImageObject\",\"inLanguage\":\"es\",\"@id\":\"https:\/\/centcols.org\/sejour-2014-digne\/#primaryimage\",\"url\":\"https:\/\/centcols.org\/wp-content\/uploads\/2025\/05\/L00831-e1443267820261.jpg\",\"contentUrl\":\"https:\/\/centcols.org\/wp-content\/uploads\/2025\/05\/L00831-e1443267820261.jpg\",\"width\":800,\"height\":450},{\"@type\":\"BreadcrumbList\",\"@id\":\"https:\/\/centcols.org\/sejour-2014-digne\/#breadcrumb\",\"itemListElement\":[{\"@type\":\"ListItem\",\"position\":1,\"name\":\"Accueil\",\"item\":\"https:\/\/centcols.org\/\"},{\"@type\":\"ListItem\",\"position\":2,\"name\":\"S\u00e9jours du Club des Cent Cols\",\"item\":\"https:\/\/centcols.org\/rubrique\/sejours\/\"},{\"@type\":\"ListItem\",\"position\":3,\"name\":\"Pays\",\"item\":\"https:\/\/centcols.org\/rubrique\/sejours\/pays-sejours\/\"},{\"@type\":\"ListItem\",\"position\":4,\"name\":\"France\",\"item\":\"https:\/\/centcols.org\/rubrique\/sejours\/pays-sejours\/france-pays-sejours\/\"},{\"@type\":\"ListItem\",\"position\":5,\"name\":\"S\u00e9jour de printemps \u00e0 Digne (Alpes-de-Haute-Provence) du 27 avril au 4 mai 2014\"}]},{\"@type\":\"WebSite\",\"@id\":\"https:\/\/centcols.org\/#website\",\"url\":\"https:\/\/centcols.org\/\",\"name\":\"Club des Cent Cols\",\"description\":\"\",\"publisher\":{\"@id\":\"https:\/\/centcols.org\/#organization\"},\"potentialAction\":[{\"@type\":\"SearchAction\",\"target\":{\"@type\":\"EntryPoint\",\"urlTemplate\":\"https:\/\/centcols.org\/?s={search_term_string}\"},\"query-input\":{\"@type\":\"PropertyValueSpecification\",\"valueRequired\":true,\"valueName\":\"search_term_string\"}}],\"inLanguage\":\"es\"},{\"@type\":\"Organization\",\"@id\":\"https:\/\/centcols.org\/#organization\",\"name\":\"Club des Cent Cols\",\"url\":\"https:\/\/centcols.org\/\",\"logo\":{\"@type\":\"ImageObject\",\"inLanguage\":\"es\",\"@id\":\"https:\/\/centcols.org\/#\/schema\/logo\/image\/\",\"url\":\"https:\/\/centcols.org\/wp-content\/uploads\/2025\/01\/carte-icone.png\",\"contentUrl\":\"https:\/\/centcols.org\/wp-content\/uploads\/2025\/01\/carte-icone.png\",\"width\":250,\"height\":250,\"caption\":\"Club des Cent Cols\"},\"image\":{\"@id\":\"https:\/\/centcols.org\/#\/schema\/logo\/image\/\"},\"sameAs\":[\"https:\/\/www.facebook.com\/groups\/5261880558\/?locale=fr_FR\"]},{\"@type\":\"Person\",\"@id\":\"https:\/\/centcols.org\/#\/schema\/person\/911b404fb133d8c913dd27cdcf71c8e5\",\"name\":\"Webmestre\",\"image\":{\"@type\":\"ImageObject\",\"inLanguage\":\"es\",\"@id\":\"https:\/\/centcols.org\/wp-content\/litespeed\/avatar\/2d246e4b6b4f773e08515e1ffc53690b.jpg?ver=1777222892\",\"url\":\"https:\/\/centcols.org\/wp-content\/litespeed\/avatar\/2d246e4b6b4f773e08515e1ffc53690b.jpg?ver=1777222892\",\"contentUrl\":\"https:\/\/centcols.org\/wp-content\/litespeed\/avatar\/2d246e4b6b4f773e08515e1ffc53690b.jpg?ver=1777222892\",\"caption\":\"Webmestre\"},\"url\":\"https:\/\/centcols.org\/es\/author\/webmestre\/\"}]}<\/script>\n<!-- \/ Yoast SEO plugin. -->","yoast_head_json":{"title":"Vacaciones de primavera en Digne (Alpes de Alta Provenza) del 27 de abril al 4 de mayo de 2014 - Club des Cent Cols","robots":{"index":"index","follow":"follow","max-snippet":"max-snippet:-1","max-image-preview":"max-image-preview:large","max-video-preview":"max-video-preview:-1"},"canonical":"https:\/\/centcols.org\/es\/sigue-siendo-digno-de-2014\/","og_locale":"es_ES","og_type":"article","og_title":"S\u00e9jour de printemps \u00e0 Digne (Alpes-de-Haute-Provence) du 27 avril au 4 mai 2014 - Club des Cent Cols","og_description":"Pr\u00e9sentation C&rsquo;est \u00e0 Digne que nous organisons notre s\u00e9jour de printemps 2014 du 27 avril au 4 mai, \u00e0 la r\u00e9sidence \u00abLe Richelme\u00bb de Renouveu Vacances.Le pays dignois, o\u00f9 nous allons \u00eatre h\u00e9berg\u00e9s, abrite de hauts sommets dominant des champs de lavande, dans la plus grande r\u00e9serve g\u00e9ologique d&rsquo;Europe. Digne-les-Bains, ville de 19 000 habitants, [&hellip;]","og_url":"https:\/\/centcols.org\/es\/sigue-siendo-digno-de-2014\/","og_site_name":"Club des Cent Cols","article_publisher":"https:\/\/www.facebook.com\/groups\/5261880558\/?locale=fr_FR","article_published_time":"2014-01-23T08:16:53+00:00","article_modified_time":"2025-09-10T14:45:47+00:00","og_image":[{"width":800,"height":450,"url":"https:\/\/centcols.org\/wp-content\/uploads\/2025\/05\/L00831-e1443267820261.jpg","type":"image\/jpeg"}],"author":"Webmestre","twitter_card":"summary_large_image","twitter_misc":{"Escrito por":"Webmestre","Tiempo de lectura":"8 minutos"},"schema":{"@context":"https:\/\/schema.org","@graph":[{"@type":"Article","@id":"https:\/\/centcols.org\/sejour-2014-digne\/#article","isPartOf":{"@id":"https:\/\/centcols.org\/sejour-2014-digne\/"},"author":{"name":"Webmestre","@id":"https:\/\/centcols.org\/#\/schema\/person\/911b404fb133d8c913dd27cdcf71c8e5"},"headline":"S\u00e9jour de printemps \u00e0 Digne (Alpes-de-Haute-Provence) du 27 avril au 4 mai 2014","datePublished":"2014-01-23T08:16:53+00:00","dateModified":"2025-09-10T14:45:47+00:00","mainEntityOfPage":{"@id":"https:\/\/centcols.org\/sejour-2014-digne\/"},"wordCount":828,"publisher":{"@id":"https:\/\/centcols.org\/#organization"},"image":{"@id":"https:\/\/centcols.org\/sejour-2014-digne\/#primaryimage"},"thumbnailUrl":"https:\/\/centcols.org\/wp-content\/uploads\/2025\/05\/L00831-e1443267820261.jpg","articleSection":["France","04-Alpes-de-Haute-Provence","Alpes fran\u00e7aises du sud","Provence-Alpes-C\u00f4te d'Azur","Calendrier","S\u00e9jours du Club des Cent Cols"],"inLanguage":"es"},{"@type":"WebPage","@id":"https:\/\/centcols.org\/sejour-2014-digne\/","url":"https:\/\/centcols.org\/sejour-2014-digne\/","name":"Vacaciones de primavera en Digne (Alpes de Alta Provenza) del 27 de abril al 4 de mayo de 2014 - Club des Cent Cols","isPartOf":{"@id":"https:\/\/centcols.org\/#website"},"primaryImageOfPage":{"@id":"https:\/\/centcols.org\/sejour-2014-digne\/#primaryimage"},"image":{"@id":"https:\/\/centcols.org\/sejour-2014-digne\/#primaryimage"},"thumbnailUrl":"https:\/\/centcols.org\/wp-content\/uploads\/2025\/05\/L00831-e1443267820261.jpg","datePublished":"2014-01-23T08:16:53+00:00","dateModified":"2025-09-10T14:45:47+00:00","breadcrumb":{"@id":"https:\/\/centcols.org\/sejour-2014-digne\/#breadcrumb"},"inLanguage":"es","potentialAction":[{"@type":"ReadAction","target":["https:\/\/centcols.org\/sejour-2014-digne\/"]}]},{"@type":"ImageObject","inLanguage":"es","@id":"https:\/\/centcols.org\/sejour-2014-digne\/#primaryimage","url":"https:\/\/centcols.org\/wp-content\/uploads\/2025\/05\/L00831-e1443267820261.jpg","contentUrl":"https:\/\/centcols.org\/wp-content\/uploads\/2025\/05\/L00831-e1443267820261.jpg","width":800,"height":450},{"@type":"BreadcrumbList","@id":"https:\/\/centcols.org\/sejour-2014-digne\/#breadcrumb","itemListElement":[{"@type":"ListItem","position":1,"name":"Accueil","item":"https:\/\/centcols.org\/"},{"@type":"ListItem","position":2,"name":"S\u00e9jours du Club des Cent Cols","item":"https:\/\/centcols.org\/rubrique\/sejours\/"},{"@type":"ListItem","position":3,"name":"Pays","item":"https:\/\/centcols.org\/rubrique\/sejours\/pays-sejours\/"},{"@type":"ListItem","position":4,"name":"France","item":"https:\/\/centcols.org\/rubrique\/sejours\/pays-sejours\/france-pays-sejours\/"},{"@type":"ListItem","position":5,"name":"S\u00e9jour de printemps \u00e0 Digne (Alpes-de-Haute-Provence) du 27 avril au 4 mai 2014"}]},{"@type":"WebSite","@id":"https:\/\/centcols.org\/#website","url":"https:\/\/centcols.org\/","name":"Club des Cent Cols","description":"","publisher":{"@id":"https:\/\/centcols.org\/#organization"},"potentialAction":[{"@type":"SearchAction","target":{"@type":"EntryPoint","urlTemplate":"https:\/\/centcols.org\/?s={search_term_string}"},"query-input":{"@type":"PropertyValueSpecification","valueRequired":true,"valueName":"search_term_string"}}],"inLanguage":"es"},{"@type":"Organization","@id":"https:\/\/centcols.org\/#organization","name":"Club des Cent Cols","url":"https:\/\/centcols.org\/","logo":{"@type":"ImageObject","inLanguage":"es","@id":"https:\/\/centcols.org\/#\/schema\/logo\/image\/","url":"https:\/\/centcols.org\/wp-content\/uploads\/2025\/01\/carte-icone.png","contentUrl":"https:\/\/centcols.org\/wp-content\/uploads\/2025\/01\/carte-icone.png","width":250,"height":250,"caption":"Club des Cent Cols"},"image":{"@id":"https:\/\/centcols.org\/#\/schema\/logo\/image\/"},"sameAs":["https:\/\/www.facebook.com\/groups\/5261880558\/?locale=fr_FR"]},{"@type":"Person","@id":"https:\/\/centcols.org\/#\/schema\/person\/911b404fb133d8c913dd27cdcf71c8e5","name":"Webmaster","image":{"@type":"ImageObject","inLanguage":"es","@id":"https:\/\/centcols.org\/wp-content\/litespeed\/avatar\/2d246e4b6b4f773e08515e1ffc53690b.jpg?ver=1777222892","url":"https:\/\/centcols.org\/wp-content\/litespeed\/avatar\/2d246e4b6b4f773e08515e1ffc53690b.jpg?ver=1777222892","contentUrl":"https:\/\/centcols.org\/wp-content\/litespeed\/avatar\/2d246e4b6b4f773e08515e1ffc53690b.jpg?ver=1777222892","caption":"Webmestre"},"url":"https:\/\/centcols.org\/es\/author\/webmestre\/"}]}},"_links":{"self":[{"href":"https:\/\/centcols.org\/es\/wp-json\/wp\/v2\/posts\/81476","targetHints":{"allow":["GET"]}}],"collection":[{"href":"https:\/\/centcols.org\/es\/wp-json\/wp\/v2\/posts"}],"about":[{"href":"https:\/\/centcols.org\/es\/wp-json\/wp\/v2\/types\/post"}],"author":[{"embeddable":true,"href":"https:\/\/centcols.org\/es\/wp-json\/wp\/v2\/users\/3"}],"replies":[{"embeddable":true,"href":"https:\/\/centcols.org\/es\/wp-json\/wp\/v2\/comments?post=81476"}],"version-history":[{"count":0,"href":"https:\/\/centcols.org\/es\/wp-json\/wp\/v2\/posts\/81476\/revisions"}],"wp:featuredmedia":[{"embeddable":true,"href":"https:\/\/centcols.org\/es\/wp-json\/wp\/v2\/media\/81477"}],"wp:attachment":[{"href":"https:\/\/centcols.org\/es\/wp-json\/wp\/v2\/media?parent=81476"}],"wp:term":[{"taxonomy":"category","embeddable":true,"href":"https:\/\/centcols.org\/es\/wp-json\/wp\/v2\/categories?post=81476"},{"taxonomy":"post_tag","embeddable":true,"href":"https:\/\/centcols.org\/es\/wp-json\/wp\/v2\/tags?post=81476"}],"curies":[{"name":"wp","href":"https:\/\/api.w.org\/{rel}","templated":true}]}}