{"id":81529,"date":"2012-01-23T10:10:40","date_gmt":"2012-01-23T08:10:40","guid":{"rendered":"https:\/\/centcols.org\/sejour-de-printemps-a-remuzat-drome-du-22-au-28-avril-2012\/"},"modified":"2025-10-02T16:52:03","modified_gmt":"2025-10-02T14:52:03","slug":"estancia-2012-remuzat","status":"publish","type":"post","link":"https:\/\/centcols.org\/es\/sejour-2012-remuzat\/","title":{"rendered":"Vacaciones de primavera en R\u00e9muzat (Dr\u00f4me) del 22 al 28 de abril de 2012"},"content":{"rendered":"<h2 class=\"wp-block-heading\">Presentaci\u00f3n<\/h2>\n\n\n\n<p>El encuentro de primavera se celebrar\u00e1 en 2012 en R\u00e9muzat, en la provenzal Drome (a 62 km de Mont\u00e9limar y 26 km de Nyons), del 22 al 28 de abril.<br>R\u00e9muzat se encuentra en la orilla izquierda del r\u00edo Oule, rodeado de huertos de ciruelos. R\u00e9muzat es toda Provenza, con un toque alpino. M\u00e1s discreta, menos conocida que otras regiones, su belleza sigue siendo m\u00e1s aut\u00e9ntica, m\u00e1s salvaje, con sus casas de piedra y sus tejas de barro.<br>Alrededor del pueblo (a 447 m de altitud), los Prealpes meridionales, cuyas cumbres se elevan a m\u00e1s de 1.000 m, destacan sobre un cielo de incomparable luminosidad. La roca de Caire, un largo acantilado orientado hacia el este, domina la zona. El sol de la ma\u00f1ana calienta r\u00e1pidamente el ambiente.<br>Al final de la p\u00e1gina encontrar\u00e1 una presentaci\u00f3n cultural m\u00e1s detallada de la regi\u00f3n, su historia, geograf\u00eda y terru\u00f1o.<\/p>\n\n\n\n<figure class=\"wp-block-gallery has-nested-images columns-3 is-cropped wp-block-gallery-1 is-layout-flex wp-block-gallery-is-layout-flex\">\n<figure class=\"wp-block-image size-full\"><img loading=\"lazy\" decoding=\"async\" width=\"150\" height=\"181\" data-id=\"88898\" src=\"https:\/\/centcols.org\/wp-content\/uploads\/2012\/01\/remuzat.png\" alt=\"\" class=\"wp-image-88898\"\/><\/figure>\n\n\n\n<figure class=\"wp-block-image size-full\"><img loading=\"lazy\" decoding=\"async\" width=\"200\" height=\"150\" data-id=\"88899\" src=\"https:\/\/centcols.org\/wp-content\/uploads\/2012\/01\/lesLavandes.jpg\" alt=\"\" class=\"wp-image-88899\"\/><\/figure>\n\n\n\n<figure class=\"wp-block-image size-full\"><img loading=\"lazy\" decoding=\"async\" width=\"150\" height=\"165\" data-id=\"88937\" src=\"https:\/\/centcols.org\/wp-content\/uploads\/2012\/01\/drome-1.png\" alt=\"\" class=\"wp-image-88937\"\/><\/figure>\n<\/figure>\n\n\n\n<h2 class=\"wp-block-heading\">Inscripci\u00f3n<\/h2>\n\n\n\n<p><span class=\"flett\">P<\/span>ara permitirle participar en su encuentro de primavera y en las actividades propuestas, el Club des Cent Cols ha negociado el alojamiento con la Asociaci\u00f3n Tern\u00e9lia Chemins, que dispone de la acreditaci\u00f3n de viaje, lo que nos permite respetar el C\u00f3digo del Turismo y beneficiarnos de tarifas de grupo.  A diferencia de viajes anteriores, las inscripciones y la gesti\u00f3n financiera ser\u00e1n gestionadas directamente por la Asociaci\u00f3n Tern\u00e9lia Chemins, mientras que el Club des Cent Cols s\u00f3lo ser\u00e1 responsable del programa de actividades (visitas, eventos).<\/p>\n\n\n\n<p>Encontrar\u00e1 adjuntos los precios de los servicios y las condiciones generales de venta de la estancia por Tern\u00e9lia as\u00ed como un formulario de inscripci\u00f3n.<\/p>\n\n\n\n<p>Debe inscribirse directamente en el centro. <a href=\"https:\/\/centcols.org\/les_rendez-vous\/2012\/Remuzat\/inscription.pdf\" target=\"_blank\" rel=\"noopener\">Descargar la documentaci\u00f3n de registro<\/a><\/p>\n\n\n\n<h2 class=\"wp-block-heading\">Alojamiento<\/h2>\n\n\n\n<p>Ofrecemos alojamiento en el centro de vacaciones Les Lavandes, en el coraz\u00f3n del pueblo. El centro dispone de 88 habitaciones con 2 o 3 camas, balc\u00f3n, ba\u00f1o privado y conexi\u00f3n WiFi, y 2 habitaciones con 2 camas para personas con movilidad reducida. Tambi\u00e9n hay una sauna-hammam disponible por un coste adicional.<\/p>\n\n\n\n<p>M\u00e1s informaci\u00f3n en el sitio web del centro, <a href=\"http:\/\/www.ternelia-chemins.com\/ete\/village-vacances-les-lavandes-remuzat.html\">http:\/\/www.ternelia-chemins.com\/ete\/village-vacances-les-lavandes-remuzat.html<\/a><\/p>\n\n\n\n<figure class=\"wp-block-gallery has-nested-images columns-2 is-cropped wp-block-gallery-2 is-layout-flex wp-block-gallery-is-layout-flex\">\n<figure class=\"wp-block-image size-full\"><a href=\"https:\/\/centcols.org\/wp-content\/uploads\/2012\/01\/bar-1.jpg\"><img loading=\"lazy\" decoding=\"async\" width=\"200\" height=\"150\" data-id=\"88903\" src=\"https:\/\/centcols.org\/wp-content\/uploads\/2012\/01\/bar-1.jpg\" alt=\"\" class=\"wp-image-88903\"\/><\/a><\/figure>\n\n\n\n<figure class=\"wp-block-image size-full\"><a href=\"https:\/\/centcols.org\/wp-content\/uploads\/2012\/01\/chambre2lits.jpg\"><img loading=\"lazy\" decoding=\"async\" width=\"200\" height=\"150\" data-id=\"88904\" src=\"https:\/\/centcols.org\/wp-content\/uploads\/2012\/01\/chambre2lits.jpg\" alt=\"\" class=\"wp-image-88904\"\/><\/a><\/figure>\n<\/figure>\n\n\n\n<p>Si desea utilizar los alojamientos ofrecidos, debe inscribirse directamente en el centro descargando la documentaci\u00f3n de inscripci\u00f3n mencionada en el apartado anterior.<\/p>\n\n\n\n<p class=\"has-text-align-center\">El camping municipal est\u00e1 cerrado en este momento. Hay un camping granja con 6 parcelas en las alturas de R\u00e9muzat:<\/p>\n\n\n<div class=\"wp-block-image\">\n<figure class=\"aligncenter size-full\"><a href=\"https:\/\/centcols.org\/wp-content\/uploads\/2025\/09\/perriere.jpg\"><img loading=\"lazy\" decoding=\"async\" width=\"200\" height=\"150\" src=\"https:\/\/centcols.org\/wp-content\/uploads\/2025\/09\/perriere.jpg\" alt=\"\" class=\"wp-image-88905\"\/><\/a><\/figure>\n<\/div>\n\n\n<p class=\"has-text-align-center\">Ferme de la Perri\u00e8re<br>La Combe<br>26510 REMUZAT<\/p>\n\n\n\n<p class=\"has-text-align-center\">Tel\u00e9fono: +33 (0)4.26.66.90.09<br>M\u00f3vil: +33 (0)6.13.57.83.60<br><a href=\"\/es\/&\/#x6d;&#x61;&#105;l&#x74;&#x6f;&#58;&#105;n&#x66;&#x6f;&#64;&#99;a&#x6d;&#x70;&#105;ng&#x2d;&#x67;&#105;t&#x65;&#x2d;&#102;&#101;r&#x6d;&#x65;&#45;&#114;e&#x6d;&#x75;&#122;at&#x2e;&#x66;&#114;\">info@camping-gite-ferme-remuzat.fr<\/a><br><a href=\"http:\/\/www.camping-gite-ferme-remuzat.fr\/\" target=\"_blank\" rel=\"noopener\">www.camping-gite-ferme-remuzat.fr\/<\/a><\/p>\n\n\n\n<h2 class=\"wp-block-heading\">Detalles del programa<\/h2>\n\n\n\n<h3 class=\"wp-block-heading\">Programa ciclista<\/h3>\n\n\n\n<p>La lista de puertos de las rutas, los mapas interactivos, las hojas de ruta y los perfiles de altitud pueden consultarse aqu\u00ed :<\/p>\n\n\n\n<ul class=\"wp-block-list\">\n<li>Lista de <a href=\"\/es\/membres\/cctours\/tours.php\/?lieu=R\u00e9muzat&amp;an=2012&amp;genre=R\">rutas por carretera<\/a><\/li>\n\n\n\n<li>Lista de <a href=\"\/es\/membres\/cctours\/tours.php\/?lieu=R\u00e9muzat&amp;an=2012&amp;genre=V\">senderos para bicicletas de monta\u00f1a<\/a><\/li>\n<\/ul>\n\n\n\n<p>Para los que navegan con GPS o software de geolocalizaci\u00f3n, tambi\u00e9n pueden descargar todos los <a href=\"\/es\/membres\/cctours\/tours.php\/?lieu=R\u00e9muzat&amp;an=2012\">archivos de geolocalizaci\u00f3n<\/a><\/p>\n\n\n\n<p>Los organizadores locales quieren asegurarse de que todas las carreteras, caminos y pistas est\u00e9n en condiciones impecables para su visita. Por eso han puesto en marcha una gran <a href=\"https:\/\/centcols.org\/es\/util\/visuAlbum.php\/?album=5925-4\" target=\"_blank\" rel=\"noreferrer noopener\">limpieza de maleza<\/a> \u00a1de casi 2 km en uno de los circuitos de bicicleta de monta\u00f1a el 31 de marzo!<\/p>\n\n\n\n<figure class=\"wp-block-gallery has-nested-images columns-4 is-cropped wp-block-gallery-3 is-layout-flex wp-block-gallery-is-layout-flex\">\n<figure class=\"wp-block-image size-full\"><a href=\"https:\/\/centcols.org\/wp-content\/uploads\/2012\/01\/M00113.jpg\"><img loading=\"lazy\" decoding=\"async\" width=\"800\" height=\"600\" data-id=\"88906\" src=\"https:\/\/centcols.org\/wp-content\/uploads\/2012\/01\/M00113.jpg\" alt=\"\" class=\"wp-image-88906\" srcset=\"https:\/\/centcols.org\/wp-content\/uploads\/2012\/01\/M00113.jpg 800w, https:\/\/centcols.org\/wp-content\/uploads\/2012\/01\/M00113-768x576.jpg 768w\" sizes=\"auto, (max-width: 800px) 100vw, 800px\" \/><\/a><\/figure>\n\n\n\n<figure class=\"wp-block-image size-full\"><a href=\"https:\/\/centcols.org\/wp-content\/uploads\/2012\/01\/M00213.jpg\"><img loading=\"lazy\" decoding=\"async\" width=\"800\" height=\"600\" data-id=\"88907\" src=\"https:\/\/centcols.org\/wp-content\/uploads\/2012\/01\/M00213.jpg\" alt=\"\" class=\"wp-image-88907\" srcset=\"https:\/\/centcols.org\/wp-content\/uploads\/2012\/01\/M00213.jpg 800w, https:\/\/centcols.org\/wp-content\/uploads\/2012\/01\/M00213-768x576.jpg 768w\" sizes=\"auto, (max-width: 800px) 100vw, 800px\" \/><\/a><\/figure>\n\n\n\n<figure class=\"wp-block-image size-full\"><a href=\"https:\/\/centcols.org\/wp-content\/uploads\/2012\/01\/M00313.jpg\"><img loading=\"lazy\" decoding=\"async\" width=\"800\" height=\"600\" data-id=\"88908\" src=\"https:\/\/centcols.org\/wp-content\/uploads\/2012\/01\/M00313.jpg\" alt=\"\" class=\"wp-image-88908\" srcset=\"https:\/\/centcols.org\/wp-content\/uploads\/2012\/01\/M00313.jpg 800w, https:\/\/centcols.org\/wp-content\/uploads\/2012\/01\/M00313-768x576.jpg 768w\" sizes=\"auto, (max-width: 800px) 100vw, 800px\" \/><\/a><\/figure>\n\n\n\n<figure class=\"wp-block-image size-full\"><a href=\"https:\/\/centcols.org\/wp-content\/uploads\/2012\/01\/M00413.jpg\"><img loading=\"lazy\" decoding=\"async\" width=\"800\" height=\"601\" data-id=\"88909\" src=\"https:\/\/centcols.org\/wp-content\/uploads\/2012\/01\/M00413.jpg\" alt=\"\" class=\"wp-image-88909\" srcset=\"https:\/\/centcols.org\/wp-content\/uploads\/2012\/01\/M00413.jpg 800w, https:\/\/centcols.org\/wp-content\/uploads\/2012\/01\/M00413-768x577.jpg 768w\" sizes=\"auto, (max-width: 800px) 100vw, 800px\" \/><\/a><\/figure>\n\n\n\n<figure class=\"wp-block-image size-full\"><a href=\"https:\/\/centcols.org\/wp-content\/uploads\/2012\/01\/M00513.jpg\"><img loading=\"lazy\" decoding=\"async\" width=\"800\" height=\"600\" data-id=\"88910\" src=\"https:\/\/centcols.org\/wp-content\/uploads\/2012\/01\/M00513.jpg\" alt=\"\" class=\"wp-image-88910\" srcset=\"https:\/\/centcols.org\/wp-content\/uploads\/2012\/01\/M00513.jpg 800w, https:\/\/centcols.org\/wp-content\/uploads\/2012\/01\/M00513-768x576.jpg 768w\" sizes=\"auto, (max-width: 800px) 100vw, 800px\" \/><\/a><\/figure>\n\n\n\n<figure class=\"wp-block-image size-full\"><a href=\"https:\/\/centcols.org\/wp-content\/uploads\/2012\/01\/M00613.jpg\"><img loading=\"lazy\" decoding=\"async\" width=\"800\" height=\"601\" data-id=\"88911\" src=\"https:\/\/centcols.org\/wp-content\/uploads\/2012\/01\/M00613.jpg\" alt=\"\" class=\"wp-image-88911\" srcset=\"https:\/\/centcols.org\/wp-content\/uploads\/2012\/01\/M00613.jpg 800w, https:\/\/centcols.org\/wp-content\/uploads\/2012\/01\/M00613-768x577.jpg 768w\" sizes=\"auto, (max-width: 800px) 100vw, 800px\" \/><\/a><\/figure>\n\n\n\n<figure class=\"wp-block-image size-full\"><a href=\"https:\/\/centcols.org\/wp-content\/uploads\/2012\/01\/M00713.jpg\"><img loading=\"lazy\" decoding=\"async\" width=\"800\" height=\"601\" data-id=\"88912\" src=\"https:\/\/centcols.org\/wp-content\/uploads\/2012\/01\/M00713.jpg\" alt=\"\" class=\"wp-image-88912\" srcset=\"https:\/\/centcols.org\/wp-content\/uploads\/2012\/01\/M00713.jpg 800w, https:\/\/centcols.org\/wp-content\/uploads\/2012\/01\/M00713-768x577.jpg 768w\" sizes=\"auto, (max-width: 800px) 100vw, 800px\" \/><\/a><\/figure>\n<\/figure>\n\n\n\n<h2 class=\"wp-block-heading\">Programa de actos<\/h2>\n\n\n\n<ul class=\"wp-block-list\">\n<li>Domingo 22 - 18.00 h: copa de bienvenida; 21.00 h: presentaci\u00f3n de las rutas.<\/li>\n\n\n\n<li>Lunes 23 - 21.00 h: Velada de buitres<\/li>\n\n\n\n<li>Martes 24 - 21.00 h: Tarde de cartograf\u00eda digital<\/li>\n\n\n\n<li>Mi\u00e9rcoles 25 - 21.00 h: Proyecci\u00f3n de diapositivas del Tour de Francia 2011 por R\u00e9gis Paraz<\/li>\n\n\n\n<li>Jueves 26 - 21.00 h: Concurso de Didier R\u00e9mond<\/li>\n\n\n\n<li>Viernes 27 - 21.00 h: Velada de baile<\/li>\n\n\n\n<li>S\u00e1bado 28 - 12.30 h: copa de despedida<\/li>\n<\/ul>\n\n\n\n<h2 class=\"wp-block-heading\">Para los que no van en bici<\/h2>\n\n\n\n<h3 class=\"wp-block-heading\">Vista a\u00e9rea de los pueblos de las colinas<\/h3>\n\n\n\n<p>\u2665\u2665\u2665 Saint May, la abad\u00eda de Bodon y el panorama de la roca de El Cairo. A 5 minutos en coche.<\/p>\n\n\n\n<p>\u2665\u2665\u2665 Villeperdrix: antigua iglesia restaurada (siglo XVII), ruinas del priorato, restos del recinto fortificado del pueblo medieval. A 10 min en coche.<\/p>\n\n\n\n<p>\u2665\u2665\u2665 Rochebrune: pueblo medieval encaramado (siglo XII), torre del antiguo castillo, iglesia (XI-XV). A 30 min en coche.<\/p>\n\n\n\n<p>\u2665\u2665\u2665 Pommerol y sus extraordinarios alrededores. Antiguo pueblo restaurado y privado con acceso regulado o incluso prohibido (julio-agosto). A 30 minutos en coche.<\/p>\n\n\n\n<p>\u2665\u2665 Aubres: peque\u00f1o rinc\u00f3n del para\u00edso encaramado cerca de Nyons. A 30 minutos en coche.<\/p>\n\n\n\n<p>\u2665 Montaulieu, le Po\u00ebt Sigillat, Chaudebonne, etc... a 30 minutos en coche<\/p>\n\n\n\n<h3 class=\"wp-block-heading\">Absolutamente los buitres<\/h3>\n\n\n\n<p>\u2665\u2665\u2665 Paseo de observaci\u00f3n de campo con gu\u00eda de pago. Salida desde el centro.<\/p>\n\n\n\n<h3 class=\"wp-block-heading\">Lo guay<\/h3>\n\n\n\n<p>\u2665\u2665\u2665 Visita el mercado provenzal de Nyons los jueves por la ma\u00f1ana. A 30 minutos en coche.<\/p>\n\n\n\n<h3 class=\"wp-block-heading\">Los imprescindibles<\/h3>\n\n\n\n<p>\u2665\u2665\u2665 Aceitunas, vino, miel, queso, fruta de temporada, lavanda....<\/p>\n\n\n\n<h3 class=\"wp-block-heading\">Sugerencia<\/h3>\n\n\n\n<p>\u2665\u2665\u2665 Sigue tus instintos... improvisa.<\/p>\n\n\n\n<h2 class=\"wp-block-heading\">Informaci\u00f3n cultural y tur\u00edstica<\/h2>\n\n\n\n<p>Hay senderos que se deslizan por los caminos y, semiocultos bajo la hierba, permanecen al acecho. No dicen nada. Simplemente se quedan ah\u00ed. Los ves, te miran, a veces muy suavemente, te agarran el pie y, si les cedes el paso, te sacan de la carretera, \u00a1sabe Dios ad\u00f3nde!<br>Henri Bosc<\/p>\n\n\n\n<h2 class=\"wp-block-heading\">Introducci\u00f3n<\/h2>\n\n\n<div class=\"wp-block-image\">\n<figure class=\"aligncenter size-full\"><img loading=\"lazy\" decoding=\"async\" width=\"200\" height=\"150\" src=\"https:\/\/centcols.org\/wp-content\/uploads\/2012\/01\/pic0_al.jpg\" alt=\"\" class=\"wp-image-88913\"\/><\/figure>\n<\/div>\n\n\n<p class=\"has-text-align-left\">R\u00e9muzat es un peque\u00f1o y tranquilo pueblo de la Dr\u00f4me provenzal, perteneciente a la regi\u00f3n de Baronnies, situado en la orilla izquierda del r\u00edo Oule, dominado por el impresionante acantilado orientado al este de Rocher du Caire. El sol de la ma\u00f1ana calienta r\u00e1pidamente el ambiente. Esto es lo que permiti\u00f3 restablecer una colonia de buitres leonados en 1995, a la que siguieron los buitres negros, que pr\u00e1cticamente hab\u00edan desaparecido de Francia. Desde entonces, el alimoche, mucho m\u00e1s raro, ha reaparecido espont\u00e1neamente. Ahora hay m\u00e1s de 300 individuos que se alimentan en un \u00e1rea de m\u00e1s de 6.000 kil\u00f3metros cuadrados.<\/p>\n\n\n\n<h2 class=\"wp-block-heading\">Geograf\u00eda<\/h2>\n\n\n<div class=\"wp-block-image\">\n<figure class=\"aligncenter size-full\"><img loading=\"lazy\" decoding=\"async\" width=\"200\" height=\"150\" src=\"https:\/\/centcols.org\/wp-content\/uploads\/2012\/01\/pic1_al.jpg\" alt=\"\" class=\"wp-image-88914\"\/><\/figure>\n<\/div>\n\n\n<p class=\"has-text-align-left\">Las Baronnies son una regi\u00f3n natural e hist\u00f3rica situada entre el sur de la Dr\u00f4me, el oeste de los Hautes-Alpes y el norte del Vaucluse.<br>Se trata de una regi\u00f3n de media monta\u00f1a (altitud inferior a 1600 m), con un paisaje accidentado que se extiende de oeste a este, desde la llanura de Valr\u00e9as hasta el valle medio del Durance, y de sur a norte, desde el Mont Ventoux hasta el borde del Diois.<\/p>\n\n\n\n<p class=\"has-text-align-left\">Un pa\u00eds dividido en valles, intercalados aqu\u00ed y all\u00e1 con grandes cuencas sinclinales o cuencas estrechas. La comunicaci\u00f3n entre los valles nunca ha sido f\u00e1cil, a pesar de los numerosos pasos de media altitud.<\/p>\n\n\n\n<p>Una tierra de contrastes, con vi\u00f1edos en las llanuras, cerezos, albaricoqueros y olivos en las colinas y campos de lavanda en las mesetas, pero tambi\u00e9n vastas extensiones cubiertas de matorrales de roble, enebro, boj y retama, y hasta donde alcanza la vista, laderas barrancosas tendentes a ser fijadas por colonias de pino silvestre o plantaciones de pino negro. Esta es una tierra de sol y paisajes luminosos, salpicada de pueblos en lo alto de las colinas y granjas aisladas, donde la doble influencia del clima mediterr\u00e1neo y el aire fresco alpino ha creado una asombrosa riqueza de flora y fauna.<\/p>\n\n\n\n<h2 class=\"wp-block-heading\">Historia<\/h2>\n\n\n\n<p>El pueblo de Castrum Remusaco (la primera menci\u00f3n escrita data de 1270) se construy\u00f3 en la orilla derecha del r\u00edo Oule. Todav\u00eda se pueden ver restos de las murallas y de la antigua iglesia de Saint-Michel. Antiguo feudo de la baron\u00eda de M\u00e9vouillon, bajo la soberan\u00eda de la abad\u00eda de Bodon (fundada por San Mario en 556) y m\u00e1s tarde de la abad\u00eda de Ile Barbe, R\u00e9muzat fue vendida en 1305 por el bar\u00f3n Raimundo V y el abad de Ile Barbe a Carlos II, rey de Sicilia y conde de Provenza. Desde entonces, form\u00f3 parte de la claver\u00eda de l'Oule y, hasta la Revoluci\u00f3n, estuvo bajo la jurisdicci\u00f3n del gobierno de Provenza, la viguer\u00eda de Sisteron y el Parlamento de Aix. La ley de julio de 1790 la convirti\u00f3 en municipio del departamento de Dr\u00f4me, y la reorganizaci\u00f3n administrativa del a\u00f1o VIII la convirti\u00f3 en centro administrativo cantonal.<\/p>\n\n\n\n<h2 class=\"wp-block-heading\">Or\u00edgenes y terru\u00f1o<\/h2>\n\n\n\n<p>La zona, habitada desde la prehistoria, est\u00e1 profundamente marcada por influencias galas (Voconces) y romanas. Las Baron\u00edas toman su nombre de los barones de M\u00e9vouillon y Montauban. Estos dos se\u00f1or\u00edos se anexionaron definitivamente al Dauphin\u00e9, antes de ser cedidos, como parte de este principado, al Reino de Francia en 1349. Las actividades auxiliares, como la cr\u00eda de capullos para las f\u00e1bricas de seda y las hilander\u00edas de la regi\u00f3n, proporcionaron importantes fuentes de ingresos y mejoraron la suerte de los campesinos. Durante la primera mitad del siglo XX se desarrollaron nuevos cultivos, como la cal y la lavanda.<\/p>\n\n\n\n<p>La regi\u00f3n est\u00e1 fuertemente marcada por los acontecimientos relacionados con la Segunda Guerra Mundial y por la Resistencia, muy activa en la zona.<\/p>\n\n\n\n<p>La agricultura sigue dominando, dando empleo a casi un tercio de la poblaci\u00f3n activa. La agricultura mixta tradicional combinada con la ganader\u00eda a peque\u00f1a escala ha desaparecido en favor de los \u00e1rboles frutales, que se extienden hacia el interior por los valles de los r\u00edos Eygues y Ouv\u00e8ze (albaricoqueros y cerezos) y los r\u00edos C\u00e9ans y M\u00e9ouge (manzanos y perales).<\/p>\n\n\n<div class=\"wp-block-image\">\n<figure class=\"aligncenter size-full\"><img loading=\"lazy\" decoding=\"async\" width=\"200\" height=\"150\" src=\"https:\/\/centcols.org\/wp-content\/uploads\/2012\/01\/pic2_al.jpg\" alt=\"\" class=\"wp-image-88915\"\/><\/figure>\n<\/div>\n\n\n<p>En la regi\u00f3n de Nyons - Buis-les-Baronnies, el olivo sigue siendo importante (A.O.P. aceitunas y aceite de Nyons), al igual que la vid, A.O.C. C\u00f4tes du Rh\u00f4ne en el sector Nyons - Vinsobres, y los vinos Coteaux des Baronnies (Buis-les-Baronnies - Sainte-Jalle).<\/p>\n\n\n\n<p>Por \u00faltimo, la regi\u00f3n cuenta con un importante sector de plantas medicinales y arom\u00e1ticas para perfumer\u00eda (lavanda, lavand\u00edn), que dan lugar a un gran comercio de flores secas y aceite esencial AOC Haute-Provence.<\/p>\n\n\n\n<p>Al igual que en la vecina regi\u00f3n de Bu\u00ebch, se siguen criando ovejas, principalmente para la producci\u00f3n de cordero de Sisteron, pero en menor medida. La leche de cabra se utiliza para fabricar el famoso queso \u00abpicodon\u00bb.\u00bb<\/p>\n\n\n\n<h2 class=\"wp-block-heading\">Personalidades vinculadas a la Comuna<\/h2>\n\n\n\n<p>El abate Lucien Van Damme (1901-1989), nacido en B\u00e9lgica y descendiente de una antigua familia bruselense, pudo, por motivos de salud, ejercer su ministerio en el clima soleado de los Prealpes meridionales. P\u00e1rroco de R\u00e9muzat durante m\u00e1s de 54 a\u00f1os (1933-1987), fue un hombre erudito que escribi\u00f3 numerosos art\u00edculos y valiosas publicaciones sobre su pueblo y la historia local para investigadores, ling\u00fcistas y soci\u00f3logos.<\/p>\n\n\n\n<h2 class=\"wp-block-heading\">Parque Natural Regional de las Baronnies Proven\u00e7ales<\/h2>\n\n\n\n<p>La idea de crear un parque natural regional en las Baronnies provenzales, a caballo entre dos departamentos (Hautes-Alpes y Dr\u00f4me) y dos regiones (Rh\u00f4ne-Alpes y Provence-Alpes-C\u00f4te d'Azur), se remonta a finales de los a\u00f1os noventa.<\/p>\n\n\n\n<p>A nivel local, fue lanzado por el Groupement pour la Promotion et l'Expansion du Nyonsais Baronnies y los concejales locales, conscientes de las dificultades econ\u00f3micas de esta regi\u00f3n muy rural donde la agricultura sigue amenazada y el desarrollo es fr\u00e1gil.<\/p>\n\n\n\n<p>En 2003, los dos consejos regionales decidieron financiar un estudio de oportunidad y viabilidad, lo que les permiti\u00f3 adoptar el 17 de diciembre de 2004 una resoluci\u00f3n conjunta que fijaba un per\u00edmetro (130 municipios afectados) y unos principios organizativos.<\/p>\n\n\n\n<p>El 30 de marzo de 2007, el Prefecto de la Dr\u00f4me, tras constatar que la mayor\u00eda de los municipios y mancomunidades afectados hab\u00edan dado su acuerdo, public\u00f3 un decreto por el que se creaba un Sindicato Mixto de configuraci\u00f3n de un parque natural regional y de ordenaci\u00f3n de las Baron\u00edas Provenzales. Su sede est\u00e1 en Sahune y su principal cometido es redactar la carta del futuro Parque, que se someter\u00e1 a votaci\u00f3n de todos los municipios de la zona afectada.<\/p>\n\n\n\n<p>Est\u00e1 previsto que la carta se finalice en 2011 y la etiqueta de \u00abParque Natural\u00bb en 2012. El proyecto de parque se someti\u00f3 a consulta p\u00fablica del 20 de junio al 22 de julio de 2011 y podr\u00eda agrupar a 130 municipios. Sus objetivos ser\u00edan preservar el medio ambiente, apoyar las actividades agr\u00edcolas e impulsar el turismo verde.<\/p>\n\n\n\n<p>El nombre de \u00abBaronnies proven\u00e7ales\u00bb ha sido objeto de debate sobre su legitimidad, ya que estos territorios pertenec\u00edan al Dauphin\u00e9. Algunas tierras adyacentes de Provenza exist\u00edan como enclaves en el Dauphin\u00e9 en 1789, pero su extensi\u00f3n era reducida. Sin embargo, si nos remitimos al mapa de la divisi\u00f3n de Provenza en 1125, podemos considerar que las Baronnies formaron parte en su momento de Provenza.<\/p>\n\n\n\n<p><em>&nbsp; &nbsp; &nbsp; &nbsp;Alf\u00e9o Lotto <\/em>Documentaci\u00f3n del art\u00edculo <a href=\"http:\/\/fr.wikipedia.org\/wiki\/R%C3%A9muzat\" target=\"_blank\" rel=\"noreferrer noopener\"><em>R\u00e9muzat<\/em><\/a> de Wikipedia.<\/p>\n\n\n\n<p>Tambi\u00e9n le invitamos a echar un vistazo a un <a href=\"https:\/\/centcols.org\/es\/util\/visuAlbum.php\/?album=05650-008\" target=\"_blank\" rel=\"noreferrer noopener\">diaporama sobre la regi\u00f3n de R\u00e9muzat<\/a> y sus senderos para bicicletas de monta\u00f1a; este diaporama, presentado en la Asamblea General de Canet-en-Roussillon el 26 de noviembre, fue creado por Alf\u00e9o Lotto, uno de los \u00abactores regionales\u00bb.<\/p>\n\n\n\n<p>Otra presentaci\u00f3n de diapositivas sobre la regi\u00f3n, de Didier R\u00e9mond, describe un <a href=\"https:\/\/centcols.org\/es\/util\/visuAlbum.php\/?album=1202-1\" target=\"_blank\" rel=\"noreferrer noopener\">ciclismo de monta\u00f1a en 2009<\/a> en la zona de R\u00e9muzat.<a href=\"https:\/\/centcols.org\/es\/util\/visuAlbum.php\/?album=3199-002\">https:\/\/centcols.org\/util\/visuAlbum.php?album=3199-002<\/a><\/p>\n\n\n\n<figure class=\"wp-block-gallery has-nested-images columns-4 is-cropped wp-block-gallery-4 is-layout-flex wp-block-gallery-is-layout-flex\">\n<figure class=\"wp-block-image size-full\"><a href=\"https:\/\/centcols.org\/es\/util\/visuAlbum.php\/?album=0722-004\" target=\"_blank\" rel=\"noreferrer noopener\"><img loading=\"lazy\" decoding=\"async\" width=\"1200\" height=\"900\" data-id=\"88916\" src=\"https:\/\/centcols.org\/wp-content\/uploads\/2012\/01\/L00332-1.jpg\" alt=\"\" class=\"wp-image-88916\" srcset=\"https:\/\/centcols.org\/wp-content\/uploads\/2012\/01\/L00332-1.jpg 1200w, https:\/\/centcols.org\/wp-content\/uploads\/2012\/01\/L00332-1-768x576.jpg 768w\" sizes=\"auto, (max-width: 1200px) 100vw, 1200px\" \/><\/a><figcaption class=\"wp-element-caption\">\u00c1lbum de Alain Gillodes<\/figcaption><\/figure>\n\n\n\n<figure class=\"wp-block-image size-full\"><a href=\"https:\/\/centcols.org\/es\/util\/visuAlbum.php\/?album=6785-006\" target=\"_blank\" rel=\"noreferrer noopener\"><img loading=\"lazy\" decoding=\"async\" width=\"1200\" height=\"900\" data-id=\"88917\" src=\"https:\/\/centcols.org\/wp-content\/uploads\/2012\/01\/L0823-1.jpg\" alt=\"\" class=\"wp-image-88917\" srcset=\"https:\/\/centcols.org\/wp-content\/uploads\/2012\/01\/L0823-1.jpg 1200w, https:\/\/centcols.org\/wp-content\/uploads\/2012\/01\/L0823-1-768x576.jpg 768w\" sizes=\"auto, (max-width: 1200px) 100vw, 1200px\" \/><\/a><figcaption class=\"wp-element-caption\">\u00c1lbum de Max Tissot<\/figcaption><\/figure>\n\n\n\n<figure class=\"wp-block-image size-full\"><a href=\"https:\/\/centcols.org\/es\/util\/visuAlbum.php\/?album=3199-002\" target=\"_blank\" rel=\"noreferrer noopener\"><img loading=\"lazy\" decoding=\"async\" width=\"640\" height=\"480\" data-id=\"88918\" src=\"https:\/\/centcols.org\/wp-content\/uploads\/2012\/01\/M01013.jpg\" alt=\"\" class=\"wp-image-88918\"\/><\/a><figcaption class=\"wp-element-caption\">\u00c1lbum de Fran\u00e7oise Grimaud<\/figcaption><\/figure>\n\n\n\n<figure class=\"wp-block-image size-full\"><a href=\"https:\/\/centcols.org\/es\/util\/visuAlbum.php\/?album=3237-002\" target=\"_blank\" rel=\"noreferrer noopener\"><img loading=\"lazy\" decoding=\"async\" width=\"1200\" height=\"900\" data-id=\"88919\" src=\"https:\/\/centcols.org\/wp-content\/uploads\/2012\/01\/L02826-1.jpg\" alt=\"\" class=\"wp-image-88919\" srcset=\"https:\/\/centcols.org\/wp-content\/uploads\/2012\/01\/L02826-1.jpg 1200w, https:\/\/centcols.org\/wp-content\/uploads\/2012\/01\/L02826-1-768x576.jpg 768w\" sizes=\"auto, (max-width: 1200px) 100vw, 1200px\" \/><\/a><figcaption class=\"wp-element-caption\">\u00c1lbum de Jean-Claude Prast<\/figcaption><\/figure>\n\n\n\n<figure class=\"wp-block-image size-full\"><a href=\"https:\/\/centcols.org\/es\/util\/visuAlbum.php\/?album=6028-006\" target=\"_blank\" rel=\"noreferrer noopener\"><img loading=\"lazy\" decoding=\"async\" width=\"1200\" height=\"900\" data-id=\"88921\" src=\"https:\/\/centcols.org\/wp-content\/uploads\/2012\/01\/L03822-1.jpg\" alt=\"\" class=\"wp-image-88921\" srcset=\"https:\/\/centcols.org\/wp-content\/uploads\/2012\/01\/L03822-1.jpg 1200w, https:\/\/centcols.org\/wp-content\/uploads\/2012\/01\/L03822-1-768x576.jpg 768w\" sizes=\"auto, (max-width: 1200px) 100vw, 1200px\" \/><\/a><figcaption class=\"wp-element-caption\">\u00c1lbum de Jean-Pierre Lambert<\/figcaption><\/figure>\n\n\n\n<figure class=\"wp-block-image size-full\"><a href=\"https:\/\/centcols.org\/es\/util\/visuAlbum.php\/?album=6028-006\" target=\"_blank\" rel=\"noreferrer noopener\"><img loading=\"lazy\" decoding=\"async\" width=\"1200\" height=\"800\" data-id=\"88922\" src=\"https:\/\/centcols.org\/wp-content\/uploads\/2012\/01\/L00634-1.jpg\" alt=\"\" class=\"wp-image-88922\" srcset=\"https:\/\/centcols.org\/wp-content\/uploads\/2012\/01\/L00634-1.jpg 1200w, https:\/\/centcols.org\/wp-content\/uploads\/2012\/01\/L00634-1-768x512.jpg 768w\" sizes=\"auto, (max-width: 1200px) 100vw, 1200px\" \/><\/a><figcaption class=\"wp-element-caption\">\u00c1lbum Alf\u00e9o Lotto<\/figcaption><\/figure>\n\n\n\n<figure class=\"wp-block-image size-full\"><a href=\"https:\/\/centcols.org\/es\/util\/visuAlbum.php\/?album=5600-004\" target=\"_blank\" rel=\"noreferrer noopener\"><img loading=\"lazy\" decoding=\"async\" width=\"1200\" height=\"900\" data-id=\"88924\" src=\"https:\/\/centcols.org\/wp-content\/uploads\/2012\/01\/L04914-1.jpg\" alt=\"\" class=\"wp-image-88924\" srcset=\"https:\/\/centcols.org\/wp-content\/uploads\/2012\/01\/L04914-1.jpg 1200w, https:\/\/centcols.org\/wp-content\/uploads\/2012\/01\/L04914-1-768x576.jpg 768w\" sizes=\"auto, (max-width: 1200px) 100vw, 1200px\" \/><\/a><figcaption class=\"wp-element-caption\">\u00c1lbum de Hubert Court<\/figcaption><\/figure>\n\n\n\n<figure class=\"wp-block-image size-full\"><a href=\"https:\/\/centcols.org\/es\/util\/visuAlbum.php\/?album=5756-001\" target=\"_blank\" rel=\"noreferrer noopener\"><img loading=\"lazy\" decoding=\"async\" width=\"1200\" height=\"900\" data-id=\"88925\" src=\"https:\/\/centcols.org\/wp-content\/uploads\/2012\/01\/L00532-1.jpg\" alt=\"\" class=\"wp-image-88925\" srcset=\"https:\/\/centcols.org\/wp-content\/uploads\/2012\/01\/L00532-1.jpg 1200w, https:\/\/centcols.org\/wp-content\/uploads\/2012\/01\/L00532-1-768x576.jpg 768w\" sizes=\"auto, (max-width: 1200px) 100vw, 1200px\" \/><\/a><figcaption class=\"wp-element-caption\">\u00c1lbum de G\u00e9rald Cowham<\/figcaption><\/figure>\n\n\n\n<figure class=\"wp-block-image size-full\"><a href=\"https:\/\/centcols.org\/es\/util\/visuAlbum.php\/?album=3225-006\" target=\"_blank\" rel=\"noreferrer noopener\"><img loading=\"lazy\" decoding=\"async\" width=\"1200\" height=\"675\" data-id=\"88926\" src=\"https:\/\/centcols.org\/wp-content\/uploads\/2012\/01\/L00131-1.jpg\" alt=\"\" class=\"wp-image-88926\" srcset=\"https:\/\/centcols.org\/wp-content\/uploads\/2012\/01\/L00131-1.jpg 1200w, https:\/\/centcols.org\/wp-content\/uploads\/2012\/01\/L00131-1-768x432.jpg 768w\" sizes=\"auto, (max-width: 1200px) 100vw, 1200px\" \/><\/a><figcaption class=\"wp-element-caption\">\u00c1lbum de R\u00e9gis Paraz<\/figcaption><\/figure>\n\n\n\n<figure class=\"wp-block-image size-full\"><a href=\"https:\/\/centcols.org\/es\/util\/visuAlbum.php\/?album=5173-003\" target=\"_blank\" rel=\"noreferrer noopener\"><img loading=\"lazy\" decoding=\"async\" width=\"1200\" height=\"900\" data-id=\"88927\" src=\"https:\/\/centcols.org\/wp-content\/uploads\/2012\/01\/L1101-1.jpg\" alt=\"\" class=\"wp-image-88927\" srcset=\"https:\/\/centcols.org\/wp-content\/uploads\/2012\/01\/L1101-1.jpg 1200w, https:\/\/centcols.org\/wp-content\/uploads\/2012\/01\/L1101-1-768x576.jpg 768w\" sizes=\"auto, (max-width: 1200px) 100vw, 1200px\" \/><\/a><figcaption class=\"wp-element-caption\">\u00c1lbum de Fr\u00e9d\u00e9ric Singla<\/figcaption><\/figure>\n\n\n\n<figure class=\"wp-block-image size-full\"><a href=\"https:\/\/centcols.org\/es\/util\/visuAlbum.php\/?album=2880-004\" target=\"_blank\" rel=\"noreferrer noopener\"><img loading=\"lazy\" decoding=\"async\" width=\"1200\" height=\"674\" data-id=\"88928\" src=\"https:\/\/centcols.org\/wp-content\/uploads\/2012\/01\/L1071-1.jpg\" alt=\"\" class=\"wp-image-88928\" srcset=\"https:\/\/centcols.org\/wp-content\/uploads\/2012\/01\/L1071-1.jpg 1200w, https:\/\/centcols.org\/wp-content\/uploads\/2012\/01\/L1071-1-768x431.jpg 768w\" sizes=\"auto, (max-width: 1200px) 100vw, 1200px\" \/><\/a><figcaption class=\"wp-element-caption\">\u00c1lbum de Guy Garcin<\/figcaption><\/figure>\n\n\n\n<figure class=\"wp-block-image size-full\"><a href=\"https:\/\/centcols.org\/es\/util\/visuAlbum.php\/?album=3848-002\" target=\"_blank\" rel=\"noreferrer noopener\"><img loading=\"lazy\" decoding=\"async\" width=\"1200\" height=\"900\" data-id=\"88929\" src=\"https:\/\/centcols.org\/wp-content\/uploads\/2012\/01\/L04915-1.jpg\" alt=\"\" class=\"wp-image-88929\" srcset=\"https:\/\/centcols.org\/wp-content\/uploads\/2012\/01\/L04915-1.jpg 1200w, https:\/\/centcols.org\/wp-content\/uploads\/2012\/01\/L04915-1-768x576.jpg 768w\" sizes=\"auto, (max-width: 1200px) 100vw, 1200px\" \/><\/a><figcaption class=\"wp-element-caption\">\u00c1lbum de Michel Boni<\/figcaption><\/figure>\n\n\n\n<figure class=\"wp-block-image size-full\"><a href=\"https:\/\/centcols.org\/es\/util\/visuAlbum.php\/?album=5913-001\" target=\"_blank\" rel=\"noreferrer noopener\"><img loading=\"lazy\" decoding=\"async\" width=\"1200\" height=\"900\" data-id=\"88931\" src=\"https:\/\/centcols.org\/wp-content\/uploads\/2012\/01\/L0843-1.jpg\" alt=\"\" class=\"wp-image-88931\" srcset=\"https:\/\/centcols.org\/wp-content\/uploads\/2012\/01\/L0843-1.jpg 1200w, https:\/\/centcols.org\/wp-content\/uploads\/2012\/01\/L0843-1-768x576.jpg 768w\" sizes=\"auto, (max-width: 1200px) 100vw, 1200px\" \/><\/a><figcaption class=\"wp-element-caption\">\u00c1lbum de Jaime Monter<\/figcaption><\/figure>\n\n\n\n<figure class=\"wp-block-image size-full\"><a href=\"https:\/\/centcols.org\/es\/util\/visuAlbum.php\/?album=1202-009\" target=\"_blank\" rel=\"noreferrer noopener\"><img loading=\"lazy\" decoding=\"async\" width=\"1200\" height=\"800\" data-id=\"88933\" src=\"https:\/\/centcols.org\/wp-content\/uploads\/2012\/01\/L05410-1.jpg\" alt=\"\" class=\"wp-image-88933\" srcset=\"https:\/\/centcols.org\/wp-content\/uploads\/2012\/01\/L05410-1.jpg 1200w, https:\/\/centcols.org\/wp-content\/uploads\/2012\/01\/L05410-1-768x512.jpg 768w\" sizes=\"auto, (max-width: 1200px) 100vw, 1200px\" \/><\/a><figcaption class=\"wp-element-caption\">\u00c1lbum de Didier R\u00e9mond<\/figcaption><\/figure>\n\n\n\n<figure class=\"wp-block-image size-full\"><a href=\"https:\/\/centcols.org\/es\/util\/visuAlbum.php\/?album=6796-002\" target=\"_blank\" rel=\"noreferrer noopener\"><img loading=\"lazy\" decoding=\"async\" width=\"1200\" height=\"896\" data-id=\"88934\" src=\"https:\/\/centcols.org\/wp-content\/uploads\/2012\/01\/L02328-1.jpg\" alt=\"\" class=\"wp-image-88934\" srcset=\"https:\/\/centcols.org\/wp-content\/uploads\/2012\/01\/L02328-1.jpg 1200w, https:\/\/centcols.org\/wp-content\/uploads\/2012\/01\/L02328-1-768x573.jpg 768w\" sizes=\"auto, (max-width: 1200px) 100vw, 1200px\" \/><\/a><figcaption class=\"wp-element-caption\">\u00c1lbum de Michel Andurand<\/figcaption><\/figure>\n\n\n\n<figure class=\"wp-block-image size-full\"><a href=\"https:\/\/centcols.org\/es\/util\/visuAlbum.php\/?album=3092-005\" target=\"_blank\" rel=\"noreferrer noopener\"><img loading=\"lazy\" decoding=\"async\" width=\"1200\" height=\"900\" data-id=\"88935\" src=\"https:\/\/centcols.org\/wp-content\/uploads\/2012\/01\/L03322-1.jpg\" alt=\"\" class=\"wp-image-88935\" srcset=\"https:\/\/centcols.org\/wp-content\/uploads\/2012\/01\/L03322-1.jpg 1200w, https:\/\/centcols.org\/wp-content\/uploads\/2012\/01\/L03322-1-768x576.jpg 768w\" sizes=\"auto, (max-width: 1200px) 100vw, 1200px\" \/><\/a><figcaption class=\"wp-element-caption\">\u00c1lbum de Philippe Carrez<\/figcaption><\/figure>\n<\/figure>","protected":false},"excerpt":{"rendered":"<p>Pr\u00e9sentation Le rassemblement de printemps se d\u00e9roulera en 2012 \u00e0 R\u00e9muzat en Drome proven\u00e7ale (situ\u00e9 \u00e0 62 km de Mont\u00e9limar et \u00e0 26 km de Nyons) du 22 au 28 avril.R\u00e9muzat s&rsquo;\u00e9tend sur la rive gauche de l&rsquo;Oule, au milieu des vergers de pruniers \u00ab\u00a0prune fleurie\u00a0\u00bb. R\u00e9muzat c&rsquo;est toute la Provence, avec un soup\u00e7on alpin. [&hellip;]<\/p>\n","protected":false},"author":3,"featured_media":81530,"comment_status":"closed","ping_status":"closed","sticky":false,"template":"","format":"standard","meta":{"_acf_changed":false,"footnotes":""},"categories":[367,349,404,389,135,231],"tags":[],"class_list":["post-81529","post","type-post","status-publish","format-standard","has-post-thumbnail","hentry","category-auvergne-rhone-alpes-region-sejours","category-france-pays-sejours","category-baronnies-provencales","category-26-drome","category-calendrier","category-sejours"],"acf":[],"yoast_head":"<!-- This site is optimized with the Yoast SEO plugin v27.2 - https:\/\/yoast.com\/product\/yoast-seo-wordpress\/ -->\n<title>S\u00e9jour de printemps \u00e0 R\u00e9muzat (Dr\u00f4me) du 22 au 28 avril 2012 - Club des Cent Cols<\/title>\n<meta name=\"robots\" content=\"index, follow, max-snippet:-1, max-image-preview:large, max-video-preview:-1\" \/>\n<link rel=\"canonical\" href=\"https:\/\/centcols.org\/es\/estancia-2012-remuzat\/\" \/>\n<meta property=\"og:locale\" content=\"es_ES\" \/>\n<meta property=\"og:type\" content=\"article\" \/>\n<meta property=\"og:title\" content=\"S\u00e9jour de printemps \u00e0 R\u00e9muzat (Dr\u00f4me) du 22 au 28 avril 2012 - Club des Cent Cols\" \/>\n<meta property=\"og:description\" content=\"Pr\u00e9sentation Le rassemblement de printemps se d\u00e9roulera en 2012 \u00e0 R\u00e9muzat en Drome proven\u00e7ale (situ\u00e9 \u00e0 62 km de Mont\u00e9limar et \u00e0 26 km de Nyons) du 22 au 28 avril.R\u00e9muzat s&rsquo;\u00e9tend sur la rive gauche de l&rsquo;Oule, au milieu des vergers de pruniers \u00ab\u00a0prune fleurie\u00a0\u00bb. R\u00e9muzat c&rsquo;est toute la Provence, avec un soup\u00e7on alpin. [&hellip;]\" \/>\n<meta property=\"og:url\" content=\"https:\/\/centcols.org\/es\/estancia-2012-remuzat\/\" \/>\n<meta property=\"og:site_name\" content=\"Club des Cent Cols\" \/>\n<meta property=\"article:publisher\" content=\"https:\/\/www.facebook.com\/groups\/5261880558\/?locale=fr_FR\" \/>\n<meta property=\"article:published_time\" content=\"2012-01-23T08:10:40+00:00\" \/>\n<meta property=\"article:modified_time\" content=\"2025-10-02T14:52:03+00:00\" \/>\n<meta property=\"og:image\" content=\"https:\/\/centcols.org\/wp-content\/uploads\/2025\/05\/L00332-e1443449716141.jpg\" \/>\n\t<meta property=\"og:image:width\" content=\"640\" \/>\n\t<meta property=\"og:image:height\" content=\"480\" \/>\n\t<meta property=\"og:image:type\" content=\"image\/jpeg\" \/>\n<meta name=\"author\" content=\"Webmestre\" \/>\n<meta name=\"twitter:card\" content=\"summary_large_image\" \/>\n<meta name=\"twitter:label1\" content=\"Escrito por\" \/>\n\t<meta name=\"twitter:data1\" content=\"Webmestre\" \/>\n\t<meta name=\"twitter:label2\" content=\"Tiempo de lectura\" \/>\n\t<meta name=\"twitter:data2\" content=\"17 minutos\" \/>\n<script type=\"application\/ld+json\" class=\"yoast-schema-graph\">{\"@context\":\"https:\/\/schema.org\",\"@graph\":[{\"@type\":\"Article\",\"@id\":\"https:\/\/centcols.org\/sejour-2012-remuzat\/#article\",\"isPartOf\":{\"@id\":\"https:\/\/centcols.org\/sejour-2012-remuzat\/\"},\"author\":{\"name\":\"Webmestre\",\"@id\":\"https:\/\/centcols.org\/#\/schema\/person\/911b404fb133d8c913dd27cdcf71c8e5\"},\"headline\":\"S\u00e9jour de printemps \u00e0 R\u00e9muzat (Dr\u00f4me) du 22 au 28 avril 2012\",\"datePublished\":\"2012-01-23T08:10:40+00:00\",\"dateModified\":\"2025-10-02T14:52:03+00:00\",\"mainEntityOfPage\":{\"@id\":\"https:\/\/centcols.org\/sejour-2012-remuzat\/\"},\"wordCount\":2305,\"publisher\":{\"@id\":\"https:\/\/centcols.org\/#organization\"},\"image\":{\"@id\":\"https:\/\/centcols.org\/sejour-2012-remuzat\/#primaryimage\"},\"thumbnailUrl\":\"https:\/\/centcols.org\/wp-content\/uploads\/2025\/05\/L00332-e1443449716141.jpg\",\"articleSection\":[\"Auvergne-Rh\u00f4ne-Alpes\",\"France\",\"Baronnies proven\u00e7ales\",\"26-Dr\u00f4me\",\"Calendrier\",\"S\u00e9jours du Club des Cent Cols\"],\"inLanguage\":\"es\"},{\"@type\":\"WebPage\",\"@id\":\"https:\/\/centcols.org\/sejour-2012-remuzat\/\",\"url\":\"https:\/\/centcols.org\/sejour-2012-remuzat\/\",\"name\":\"S\u00e9jour de printemps \u00e0 R\u00e9muzat (Dr\u00f4me) du 22 au 28 avril 2012 - Club des Cent Cols\",\"isPartOf\":{\"@id\":\"https:\/\/centcols.org\/#website\"},\"primaryImageOfPage\":{\"@id\":\"https:\/\/centcols.org\/sejour-2012-remuzat\/#primaryimage\"},\"image\":{\"@id\":\"https:\/\/centcols.org\/sejour-2012-remuzat\/#primaryimage\"},\"thumbnailUrl\":\"https:\/\/centcols.org\/wp-content\/uploads\/2025\/05\/L00332-e1443449716141.jpg\",\"datePublished\":\"2012-01-23T08:10:40+00:00\",\"dateModified\":\"2025-10-02T14:52:03+00:00\",\"breadcrumb\":{\"@id\":\"https:\/\/centcols.org\/sejour-2012-remuzat\/#breadcrumb\"},\"inLanguage\":\"es\",\"potentialAction\":[{\"@type\":\"ReadAction\",\"target\":[\"https:\/\/centcols.org\/sejour-2012-remuzat\/\"]}]},{\"@type\":\"ImageObject\",\"inLanguage\":\"es\",\"@id\":\"https:\/\/centcols.org\/sejour-2012-remuzat\/#primaryimage\",\"url\":\"https:\/\/centcols.org\/wp-content\/uploads\/2025\/05\/L00332-e1443449716141.jpg\",\"contentUrl\":\"https:\/\/centcols.org\/wp-content\/uploads\/2025\/05\/L00332-e1443449716141.jpg\",\"width\":640,\"height\":480},{\"@type\":\"BreadcrumbList\",\"@id\":\"https:\/\/centcols.org\/sejour-2012-remuzat\/#breadcrumb\",\"itemListElement\":[{\"@type\":\"ListItem\",\"position\":1,\"name\":\"Accueil\",\"item\":\"https:\/\/centcols.org\/\"},{\"@type\":\"ListItem\",\"position\":2,\"name\":\"S\u00e9jours du Club des Cent Cols\",\"item\":\"https:\/\/centcols.org\/rubrique\/sejours\/\"},{\"@type\":\"ListItem\",\"position\":3,\"name\":\"Pays\",\"item\":\"https:\/\/centcols.org\/rubrique\/sejours\/pays-sejours\/\"},{\"@type\":\"ListItem\",\"position\":4,\"name\":\"France\",\"item\":\"https:\/\/centcols.org\/rubrique\/sejours\/pays-sejours\/france-pays-sejours\/\"},{\"@type\":\"ListItem\",\"position\":5,\"name\":\"S\u00e9jour de printemps \u00e0 R\u00e9muzat (Dr\u00f4me) du 22 au 28 avril 2012\"}]},{\"@type\":\"WebSite\",\"@id\":\"https:\/\/centcols.org\/#website\",\"url\":\"https:\/\/centcols.org\/\",\"name\":\"Club des Cent Cols\",\"description\":\"\",\"publisher\":{\"@id\":\"https:\/\/centcols.org\/#organization\"},\"potentialAction\":[{\"@type\":\"SearchAction\",\"target\":{\"@type\":\"EntryPoint\",\"urlTemplate\":\"https:\/\/centcols.org\/?s={search_term_string}\"},\"query-input\":{\"@type\":\"PropertyValueSpecification\",\"valueRequired\":true,\"valueName\":\"search_term_string\"}}],\"inLanguage\":\"es\"},{\"@type\":\"Organization\",\"@id\":\"https:\/\/centcols.org\/#organization\",\"name\":\"Club des Cent Cols\",\"url\":\"https:\/\/centcols.org\/\",\"logo\":{\"@type\":\"ImageObject\",\"inLanguage\":\"es\",\"@id\":\"https:\/\/centcols.org\/#\/schema\/logo\/image\/\",\"url\":\"https:\/\/centcols.org\/wp-content\/uploads\/2025\/01\/carte-icone.png\",\"contentUrl\":\"https:\/\/centcols.org\/wp-content\/uploads\/2025\/01\/carte-icone.png\",\"width\":250,\"height\":250,\"caption\":\"Club des Cent Cols\"},\"image\":{\"@id\":\"https:\/\/centcols.org\/#\/schema\/logo\/image\/\"},\"sameAs\":[\"https:\/\/www.facebook.com\/groups\/5261880558\/?locale=fr_FR\"]},{\"@type\":\"Person\",\"@id\":\"https:\/\/centcols.org\/#\/schema\/person\/911b404fb133d8c913dd27cdcf71c8e5\",\"name\":\"Webmestre\",\"image\":{\"@type\":\"ImageObject\",\"inLanguage\":\"es\",\"@id\":\"https:\/\/centcols.org\/wp-content\/litespeed\/avatar\/2d246e4b6b4f773e08515e1ffc53690b.jpg?ver=1777222892\",\"url\":\"https:\/\/centcols.org\/wp-content\/litespeed\/avatar\/2d246e4b6b4f773e08515e1ffc53690b.jpg?ver=1777222892\",\"contentUrl\":\"https:\/\/centcols.org\/wp-content\/litespeed\/avatar\/2d246e4b6b4f773e08515e1ffc53690b.jpg?ver=1777222892\",\"caption\":\"Webmestre\"},\"url\":\"https:\/\/centcols.org\/es\/author\/webmestre\/\"}]}<\/script>\n<!-- \/ Yoast SEO plugin. -->","yoast_head_json":{"title":"Vacaciones de primavera en R\u00e9muzat (Dr\u00f4me) del 22 al 28 de abril de 2012 - Club des Cent Cols","robots":{"index":"index","follow":"follow","max-snippet":"max-snippet:-1","max-image-preview":"max-image-preview:large","max-video-preview":"max-video-preview:-1"},"canonical":"https:\/\/centcols.org\/es\/estancia-2012-remuzat\/","og_locale":"es_ES","og_type":"article","og_title":"S\u00e9jour de printemps \u00e0 R\u00e9muzat (Dr\u00f4me) du 22 au 28 avril 2012 - Club des Cent Cols","og_description":"Pr\u00e9sentation Le rassemblement de printemps se d\u00e9roulera en 2012 \u00e0 R\u00e9muzat en Drome proven\u00e7ale (situ\u00e9 \u00e0 62 km de Mont\u00e9limar et \u00e0 26 km de Nyons) du 22 au 28 avril.R\u00e9muzat s&rsquo;\u00e9tend sur la rive gauche de l&rsquo;Oule, au milieu des vergers de pruniers \u00ab\u00a0prune fleurie\u00a0\u00bb. R\u00e9muzat c&rsquo;est toute la Provence, avec un soup\u00e7on alpin. [&hellip;]","og_url":"https:\/\/centcols.org\/es\/estancia-2012-remuzat\/","og_site_name":"Club des Cent Cols","article_publisher":"https:\/\/www.facebook.com\/groups\/5261880558\/?locale=fr_FR","article_published_time":"2012-01-23T08:10:40+00:00","article_modified_time":"2025-10-02T14:52:03+00:00","og_image":[{"width":640,"height":480,"url":"https:\/\/centcols.org\/wp-content\/uploads\/2025\/05\/L00332-e1443449716141.jpg","type":"image\/jpeg"}],"author":"Webmestre","twitter_card":"summary_large_image","twitter_misc":{"Escrito por":"Webmestre","Tiempo de lectura":"17 minutos"},"schema":{"@context":"https:\/\/schema.org","@graph":[{"@type":"Article","@id":"https:\/\/centcols.org\/sejour-2012-remuzat\/#article","isPartOf":{"@id":"https:\/\/centcols.org\/sejour-2012-remuzat\/"},"author":{"name":"Webmestre","@id":"https:\/\/centcols.org\/#\/schema\/person\/911b404fb133d8c913dd27cdcf71c8e5"},"headline":"S\u00e9jour de printemps \u00e0 R\u00e9muzat (Dr\u00f4me) du 22 au 28 avril 2012","datePublished":"2012-01-23T08:10:40+00:00","dateModified":"2025-10-02T14:52:03+00:00","mainEntityOfPage":{"@id":"https:\/\/centcols.org\/sejour-2012-remuzat\/"},"wordCount":2305,"publisher":{"@id":"https:\/\/centcols.org\/#organization"},"image":{"@id":"https:\/\/centcols.org\/sejour-2012-remuzat\/#primaryimage"},"thumbnailUrl":"https:\/\/centcols.org\/wp-content\/uploads\/2025\/05\/L00332-e1443449716141.jpg","articleSection":["Auvergne-Rh\u00f4ne-Alpes","France","Baronnies proven\u00e7ales","26-Dr\u00f4me","Calendrier","S\u00e9jours du Club des Cent Cols"],"inLanguage":"es"},{"@type":"WebPage","@id":"https:\/\/centcols.org\/sejour-2012-remuzat\/","url":"https:\/\/centcols.org\/sejour-2012-remuzat\/","name":"Vacaciones de primavera en R\u00e9muzat (Dr\u00f4me) del 22 al 28 de abril de 2012 - Club des Cent Cols","isPartOf":{"@id":"https:\/\/centcols.org\/#website"},"primaryImageOfPage":{"@id":"https:\/\/centcols.org\/sejour-2012-remuzat\/#primaryimage"},"image":{"@id":"https:\/\/centcols.org\/sejour-2012-remuzat\/#primaryimage"},"thumbnailUrl":"https:\/\/centcols.org\/wp-content\/uploads\/2025\/05\/L00332-e1443449716141.jpg","datePublished":"2012-01-23T08:10:40+00:00","dateModified":"2025-10-02T14:52:03+00:00","breadcrumb":{"@id":"https:\/\/centcols.org\/sejour-2012-remuzat\/#breadcrumb"},"inLanguage":"es","potentialAction":[{"@type":"ReadAction","target":["https:\/\/centcols.org\/sejour-2012-remuzat\/"]}]},{"@type":"ImageObject","inLanguage":"es","@id":"https:\/\/centcols.org\/sejour-2012-remuzat\/#primaryimage","url":"https:\/\/centcols.org\/wp-content\/uploads\/2025\/05\/L00332-e1443449716141.jpg","contentUrl":"https:\/\/centcols.org\/wp-content\/uploads\/2025\/05\/L00332-e1443449716141.jpg","width":640,"height":480},{"@type":"BreadcrumbList","@id":"https:\/\/centcols.org\/sejour-2012-remuzat\/#breadcrumb","itemListElement":[{"@type":"ListItem","position":1,"name":"Accueil","item":"https:\/\/centcols.org\/"},{"@type":"ListItem","position":2,"name":"S\u00e9jours du Club des Cent Cols","item":"https:\/\/centcols.org\/rubrique\/sejours\/"},{"@type":"ListItem","position":3,"name":"Pays","item":"https:\/\/centcols.org\/rubrique\/sejours\/pays-sejours\/"},{"@type":"ListItem","position":4,"name":"France","item":"https:\/\/centcols.org\/rubrique\/sejours\/pays-sejours\/france-pays-sejours\/"},{"@type":"ListItem","position":5,"name":"S\u00e9jour de printemps \u00e0 R\u00e9muzat (Dr\u00f4me) du 22 au 28 avril 2012"}]},{"@type":"WebSite","@id":"https:\/\/centcols.org\/#website","url":"https:\/\/centcols.org\/","name":"Club des Cent Cols","description":"","publisher":{"@id":"https:\/\/centcols.org\/#organization"},"potentialAction":[{"@type":"SearchAction","target":{"@type":"EntryPoint","urlTemplate":"https:\/\/centcols.org\/?s={search_term_string}"},"query-input":{"@type":"PropertyValueSpecification","valueRequired":true,"valueName":"search_term_string"}}],"inLanguage":"es"},{"@type":"Organization","@id":"https:\/\/centcols.org\/#organization","name":"Club des Cent Cols","url":"https:\/\/centcols.org\/","logo":{"@type":"ImageObject","inLanguage":"es","@id":"https:\/\/centcols.org\/#\/schema\/logo\/image\/","url":"https:\/\/centcols.org\/wp-content\/uploads\/2025\/01\/carte-icone.png","contentUrl":"https:\/\/centcols.org\/wp-content\/uploads\/2025\/01\/carte-icone.png","width":250,"height":250,"caption":"Club des Cent Cols"},"image":{"@id":"https:\/\/centcols.org\/#\/schema\/logo\/image\/"},"sameAs":["https:\/\/www.facebook.com\/groups\/5261880558\/?locale=fr_FR"]},{"@type":"Person","@id":"https:\/\/centcols.org\/#\/schema\/person\/911b404fb133d8c913dd27cdcf71c8e5","name":"Webmaster","image":{"@type":"ImageObject","inLanguage":"es","@id":"https:\/\/centcols.org\/wp-content\/litespeed\/avatar\/2d246e4b6b4f773e08515e1ffc53690b.jpg?ver=1777222892","url":"https:\/\/centcols.org\/wp-content\/litespeed\/avatar\/2d246e4b6b4f773e08515e1ffc53690b.jpg?ver=1777222892","contentUrl":"https:\/\/centcols.org\/wp-content\/litespeed\/avatar\/2d246e4b6b4f773e08515e1ffc53690b.jpg?ver=1777222892","caption":"Webmestre"},"url":"https:\/\/centcols.org\/es\/author\/webmestre\/"}]}},"_links":{"self":[{"href":"https:\/\/centcols.org\/es\/wp-json\/wp\/v2\/posts\/81529","targetHints":{"allow":["GET"]}}],"collection":[{"href":"https:\/\/centcols.org\/es\/wp-json\/wp\/v2\/posts"}],"about":[{"href":"https:\/\/centcols.org\/es\/wp-json\/wp\/v2\/types\/post"}],"author":[{"embeddable":true,"href":"https:\/\/centcols.org\/es\/wp-json\/wp\/v2\/users\/3"}],"replies":[{"embeddable":true,"href":"https:\/\/centcols.org\/es\/wp-json\/wp\/v2\/comments?post=81529"}],"version-history":[{"count":0,"href":"https:\/\/centcols.org\/es\/wp-json\/wp\/v2\/posts\/81529\/revisions"}],"wp:featuredmedia":[{"embeddable":true,"href":"https:\/\/centcols.org\/es\/wp-json\/wp\/v2\/media\/81530"}],"wp:attachment":[{"href":"https:\/\/centcols.org\/es\/wp-json\/wp\/v2\/media?parent=81529"}],"wp:term":[{"taxonomy":"category","embeddable":true,"href":"https:\/\/centcols.org\/es\/wp-json\/wp\/v2\/categories?post=81529"},{"taxonomy":"post_tag","embeddable":true,"href":"https:\/\/centcols.org\/es\/wp-json\/wp\/v2\/tags?post=81529"}],"curies":[{"name":"wp","href":"https:\/\/api.w.org\/{rel}","templated":true}]}}